{"id":75974,"date":"2025-07-11T18:33:33","date_gmt":"2025-07-11T18:33:33","guid":{"rendered":"https:\/\/grupohoymexico.com\/puebla\/?p=75974"},"modified":"2025-07-11T18:33:33","modified_gmt":"2025-07-11T18:33:33","slug":"dia-mundial-de-la-poblacion-cuantos-habitantes-tiene-puebla-en-2025","status":"publish","type":"post","link":"https:\/\/grupohoymexico.com\/puebla\/2025\/07\/11\/dia-mundial-de-la-poblacion-cuantos-habitantes-tiene-puebla-en-2025\/","title":{"rendered":"D\u00eda Mundial de la Poblaci\u00f3n \u00bfCu\u00e1ntos habitantes tiene Puebla en 2025?"},"content":{"rendered":"\n<p>Este <strong>viernes 11 de julio se conmemora el D\u00eda Mundial de la Poblaci\u00f3n 2025<\/strong>, una fecha clave en la agenda internacional que busca <strong>crear conciencia sobre el impacto del crecimiento poblacional<\/strong>, el acceso equitativo a servicios b\u00e1sicos y la <strong>necesidad de garantizar los derechos reproductivos<\/strong> en todo el mundo. En M\u00e9xico, <strong>el estado de Puebla<\/strong> ocupa un papel relevante en esta conversaci\u00f3n, con cifras demogr\u00e1ficas en ascenso y una realidad social que exige atenci\u00f3n en m\u00faltiples frentes.<\/p>\n\n\n\n<p>Instituido en <strong>1989 por el <a href=\"https:\/\/www.undp.org\/es\">Programa de las Naciones Unidas para el Desarrollo (PNUD)<\/a><\/strong> tras alcanzar los cinco mil millones de habitantes a nivel mundial, el <strong>D\u00eda de la Poblaci\u00f3n<\/strong> recuerda que, pese a los avances, <strong>millones de personas siguen sin acceso a m\u00e9todos anticonceptivos modernos<\/strong>, <strong>educaci\u00f3n sexual<\/strong> o <strong>servicios de salud reproductiva<\/strong>. Este contexto mantiene vigente la conmemoraci\u00f3n, especialmente en regiones como <strong>Puebla<\/strong>, donde los contrastes demogr\u00e1ficos son cada vez m\u00e1s evidentes.<\/p>\n\n\n\n<h2 class=\"wp-block-heading\" id=\"h-cuantos-habitantes-tiene-puebla-en-2025\"><strong>\u00bfCu\u00e1ntos habitantes tiene Puebla en 2025?<\/strong><\/h2>\n\n\n\n<p>Seg\u00fan estimaciones actualizadas del <strong><a href=\"https:\/\/www.inegi.org.mx\/\">Instituto Nacional de Estad\u00edstica y Geograf\u00eda (Inegi)<\/a><\/strong>, <strong>Puebla cuenta con una poblaci\u00f3n total de 6 millones 583 mil 278 habitantes<\/strong>, con una <strong>ligera mayor\u00eda de mujeres<\/strong> (52%) sobre hombres (48%). Esta cifra posiciona al estado como uno de los m\u00e1s poblados del pa\u00eds, aunque el ritmo de crecimiento ha empezado a desacelerarse respecto a d\u00e9cadas anteriores.<\/p>\n\n\n\n<p>Dentro de este panorama, <strong>el municipio de Puebla capital<\/strong> sigue concentrando el mayor n\u00famero de habitantes, con <strong>alrededor del 25.7% del total estatal<\/strong>, lo que equivale a poco m\u00e1s de 1.6 millones de personas, seg\u00fan el Instituto Municipal de Planeaci\u00f3n. Esta <strong>concentraci\u00f3n poblacional representa tanto oportunidades como retos<\/strong> para el desarrollo urbano, la distribuci\u00f3n de servicios y la sostenibilidad.<\/p>\n\n\n\n<figure class=\"wp-block-image size-full\"><img fetchpriority=\"high\" decoding=\"async\" width=\"1000\" height=\"668\" src=\"https:\/\/grupohoymexico.com\/puebla\/wp-content\/uploads\/sites\/3\/2025\/07\/2148296657.jpg\" alt=\"\" class=\"wp-image-75979\" srcset=\"https:\/\/grupohoymexico.com\/puebla\/wp-content\/uploads\/sites\/3\/2025\/07\/2148296657.jpg 1000w, https:\/\/grupohoymexico.com\/puebla\/wp-content\/uploads\/sites\/3\/2025\/07\/2148296657-300x200.jpg 300w, https:\/\/grupohoymexico.com\/puebla\/wp-content\/uploads\/sites\/3\/2025\/07\/2148296657-768x513.jpg 768w, https:\/\/grupohoymexico.com\/puebla\/wp-content\/uploads\/sites\/3\/2025\/07\/2148296657-332x222.jpg 332w, https:\/\/grupohoymexico.com\/puebla\/wp-content\/uploads\/sites\/3\/2025\/07\/2148296657-664x444.jpg 664w, https:\/\/grupohoymexico.com\/puebla\/wp-content\/uploads\/sites\/3\/2025\/07\/2148296657-688x460.jpg 688w\" sizes=\"(max-width: 1000px) 100vw, 1000px\" \/><\/figure>\n\n\n\n<h3 class=\"wp-block-heading\" id=\"h-leer-mas-puebla-vs-atlas-la-franja-debuta-en-el-apertura-2025-con-plantel-renovado-y-apuesta-juvenil\"><strong><em>Leer m\u00e1s: <a href=\"https:\/\/grupohoymexico.com\/puebla\/2025\/07\/10\/puebla-vs-atlas-la-franja-debuta-en-el-apertura-2025-con-plantel-renovado-y-apuesta-juvenil\/\">Puebla vs Atlas: La &#8220;Franja&#8221; debuta en el Apertura 2025 con plantel renovado y apuesta juvenil<\/a><\/em><\/strong><\/h3>\n\n\n\n<h3 class=\"wp-block-heading\" id=\"h-disminuyen-los-nacimientos-cambia-la-piramide-demografica\"><strong>Disminuyen los nacimientos, cambia la pir\u00e1mide demogr\u00e1fica<\/strong><\/h3>\n\n\n\n<p>A pesar de la expansi\u00f3n territorial y poblacional, tanto el <strong>Inegi como el <a href=\"https:\/\/www.gob.mx\/conapo\">Consejo Nacional de Poblaci\u00f3n (Conapo)<\/a><\/strong> alertan sobre una <strong>disminuci\u00f3n en la proporci\u00f3n de ni\u00f1as, ni\u00f1os y adolescentes<\/strong> en la entidad. Esta transformaci\u00f3n demogr\u00e1fica podr\u00eda <strong>afectar la estructura social, econ\u00f3mica y productiva<\/strong> de Puebla a mediano y largo plazo.<\/p>\n\n\n\n<p>La <strong>transici\u00f3n hacia una poblaci\u00f3n m\u00e1s envejecida<\/strong> no solo exige pol\u00edticas p\u00fablicas m\u00e1s robustas en salud, pensiones y atenci\u00f3n geri\u00e1trica, sino tambi\u00e9n <strong>una reflexi\u00f3n profunda sobre c\u00f3mo garantizar el acceso a educaci\u00f3n y oportunidades laborales para las nuevas generaciones<\/strong>.<\/p>\n\n\n\n<h2 class=\"wp-block-heading\" id=\"h-el-reto-garantizar-derechos-y-servicios-en-un-contexto-desigual\"><strong>El reto: Garantizar derechos y servicios en un contexto desigual<\/strong><\/h2>\n\n\n\n<p>Uno de los principales objetivos del D\u00eda Mundial de la Poblaci\u00f3n es <strong>reconocer el derecho de cada persona a decidir cu\u00e1ntos hijos tener y cu\u00e1ndo hacerlo<\/strong>, tal como fue establecido en 1968 por la comunidad internacional. Sin embargo, en muchos contextos rurales y marginados de Puebla, <strong>persisten barreras socioculturales, econ\u00f3micas y educativas<\/strong> que impiden el ejercicio pleno de estos derechos.<\/p>\n\n\n\n<p>Las autoridades estatales y federales enfrentan el reto de <strong>ampliar la cobertura de salud reproductiva<\/strong>, garantizar el acceso gratuito a anticonceptivos y <strong>fomentar programas de educaci\u00f3n sexual integral<\/strong>, especialmente entre los adolescentes, quienes muchas veces quedan fuera de las estad\u00edsticas formales.<\/p>\n\n\n\n<p>En un pa\u00eds como M\u00e9xico, que se aproxima a los <strong>130 millones de habitantes<\/strong>, el caso de Puebla es representativo de una <strong>din\u00e1mica mixta<\/strong>: ciudades que crecen aceleradamente y zonas rurales que tienden al estancamiento o al despoblamiento. Por ello, el enfoque para atender la evoluci\u00f3n demogr\u00e1fica debe ser <strong>integral, regionalizado y con perspectiva de futuro<\/strong>.<\/p>\n","protected":false},"excerpt":{"rendered":"Este viernes 11 de julio se conmemora el D\u00eda Mundial de la Poblaci\u00f3n 2025, una fecha clave en&hellip;","protected":false},"author":5,"featured_media":75978,"comment_status":"open","ping_status":"open","sticky":false,"template":"","format":"standard","meta":{"csco_display_header_overlay":false,"csco_singular_sidebar":"","csco_page_header_type":"","csco_page_load_nextpost":"","csco_post_video_location":[],"csco_post_video_location_hash":"","csco_post_video_url":"","csco_post_video_bg_start_time":0,"csco_post_video_bg_end_time":0,"footnotes":""},"categories":[29],"tags":[1584,772,40],"class_list":{"0":"post-75974","1":"post","2":"type-post","3":"status-publish","4":"format-standard","5":"has-post-thumbnail","7":"category-estatal","8":"tag-dia-mundial-de-la-poblacion","9":"tag-poblacion","10":"tag-puebla","11":"cs-entry","12":"cs-video-wrap"},"yoast_head":"<!-- This site is optimized with the Yoast SEO Premium plugin v24.7 (Yoast SEO v27.4) - https:\/\/yoast.com\/product\/yoast-seo-premium-wordpress\/ -->\n<title>D\u00eda Mundial de la Poblaci\u00f3n \u00bfCu\u00e1ntos habitantes tiene Puebla en 2025? - Grupo Hoy Puebla<\/title>\n<meta name=\"description\" content=\"Conoce la importancia del D\u00eda Mundial de la Poblaci\u00f3n 2025 y c\u00f3mo el crecimiento poblacional en Puebla y M\u00e9xico.\" \/>\n<meta name=\"robots\" content=\"index, follow, max-snippet:-1, max-image-preview:large, max-video-preview:-1\" \/>\n<link rel=\"canonical\" href=\"https:\/\/grupohoymexico.com\/puebla\/2025\/07\/11\/dia-mundial-de-la-poblacion-cuantos-habitantes-tiene-puebla-en-2025\/\" \/>\n<meta property=\"og:locale\" content=\"es_MX\" \/>\n<meta property=\"og:type\" content=\"article\" \/>\n<meta property=\"og:title\" content=\"D\u00eda Mundial de la Poblaci\u00f3n \u00bfCu\u00e1ntos habitantes tiene Puebla en 2025?\" \/>\n<meta property=\"og:description\" content=\"Conoce la importancia del D\u00eda Mundial de la Poblaci\u00f3n 2025 y c\u00f3mo el crecimiento poblacional en Puebla y M\u00e9xico.\" \/>\n<meta property=\"og:url\" content=\"https:\/\/grupohoymexico.com\/puebla\/2025\/07\/11\/dia-mundial-de-la-poblacion-cuantos-habitantes-tiene-puebla-en-2025\/\" \/>\n<meta property=\"og:site_name\" content=\"Grupo Hoy Puebla\" \/>\n<meta property=\"article:published_time\" content=\"2025-07-11T18:33:33+00:00\" \/>\n<meta property=\"og:image\" content=\"https:\/\/grupohoymexico.com\/puebla\/wp-content\/uploads\/sites\/3\/2025\/07\/photo_2025-07-11_12-11-50.jpg\" \/>\n\t<meta property=\"og:image:width\" content=\"1200\" \/>\n\t<meta property=\"og:image:height\" content=\"638\" \/>\n\t<meta property=\"og:image:type\" content=\"image\/jpeg\" \/>\n<meta name=\"author\" content=\"jair\" \/>\n<meta name=\"twitter:card\" content=\"summary_large_image\" \/>\n<meta name=\"twitter:label1\" content=\"Escrito por\" \/>\n\t<meta name=\"twitter:data1\" content=\"jair\" \/>\n\t<meta name=\"twitter:label2\" content=\"Tiempo de lectura\" \/>\n\t<meta name=\"twitter:data2\" content=\"3 minutos\" \/>\n<script type=\"application\/ld+json\" class=\"yoast-schema-graph\">{\"@context\":\"https:\\\/\\\/schema.org\",\"@graph\":[{\"@type\":\"Article\",\"@id\":\"https:\\\/\\\/grupohoymexico.com\\\/puebla\\\/2025\\\/07\\\/11\\\/dia-mundial-de-la-poblacion-cuantos-habitantes-tiene-puebla-en-2025\\\/#article\",\"isPartOf\":{\"@id\":\"https:\\\/\\\/grupohoymexico.com\\\/puebla\\\/2025\\\/07\\\/11\\\/dia-mundial-de-la-poblacion-cuantos-habitantes-tiene-puebla-en-2025\\\/\"},\"author\":{\"name\":\"jair\",\"@id\":\"https:\\\/\\\/grupohoymexico.com\\\/puebla\\\/#\\\/schema\\\/person\\\/98e2425fe99fbbdf486895b69dab3c3d\"},\"headline\":\"D\u00eda Mundial de la Poblaci\u00f3n \u00bfCu\u00e1ntos habitantes tiene Puebla en 2025?\",\"datePublished\":\"2025-07-11T18:33:33+00:00\",\"mainEntityOfPage\":{\"@id\":\"https:\\\/\\\/grupohoymexico.com\\\/puebla\\\/2025\\\/07\\\/11\\\/dia-mundial-de-la-poblacion-cuantos-habitantes-tiene-puebla-en-2025\\\/\"},\"wordCount\":623,\"commentCount\":0,\"image\":{\"@id\":\"https:\\\/\\\/grupohoymexico.com\\\/puebla\\\/2025\\\/07\\\/11\\\/dia-mundial-de-la-poblacion-cuantos-habitantes-tiene-puebla-en-2025\\\/#primaryimage\"},\"thumbnailUrl\":\"https:\\\/\\\/grupohoymexico.com\\\/puebla\\\/wp-content\\\/uploads\\\/sites\\\/3\\\/2025\\\/07\\\/photo_2025-07-11_12-11-50.jpg\",\"keywords\":[\"D\u00eda Mundial de la Poblaci\u00f3n\",\"poblaci\u00f3n\",\"puebla\"],\"articleSection\":[\"Estatal\"],\"inLanguage\":\"es\",\"potentialAction\":[{\"@type\":\"CommentAction\",\"name\":\"Comment\",\"target\":[\"https:\\\/\\\/grupohoymexico.com\\\/puebla\\\/2025\\\/07\\\/11\\\/dia-mundial-de-la-poblacion-cuantos-habitantes-tiene-puebla-en-2025\\\/#respond\"]}]},{\"@type\":\"WebPage\",\"@id\":\"https:\\\/\\\/grupohoymexico.com\\\/puebla\\\/2025\\\/07\\\/11\\\/dia-mundial-de-la-poblacion-cuantos-habitantes-tiene-puebla-en-2025\\\/\",\"url\":\"https:\\\/\\\/grupohoymexico.com\\\/puebla\\\/2025\\\/07\\\/11\\\/dia-mundial-de-la-poblacion-cuantos-habitantes-tiene-puebla-en-2025\\\/\",\"name\":\"D\u00eda Mundial de la Poblaci\u00f3n \u00bfCu\u00e1ntos habitantes tiene Puebla en 2025? - Grupo Hoy Puebla\",\"isPartOf\":{\"@id\":\"https:\\\/\\\/grupohoymexico.com\\\/puebla\\\/#website\"},\"primaryImageOfPage\":{\"@id\":\"https:\\\/\\\/grupohoymexico.com\\\/puebla\\\/2025\\\/07\\\/11\\\/dia-mundial-de-la-poblacion-cuantos-habitantes-tiene-puebla-en-2025\\\/#primaryimage\"},\"image\":{\"@id\":\"https:\\\/\\\/grupohoymexico.com\\\/puebla\\\/2025\\\/07\\\/11\\\/dia-mundial-de-la-poblacion-cuantos-habitantes-tiene-puebla-en-2025\\\/#primaryimage\"},\"thumbnailUrl\":\"https:\\\/\\\/grupohoymexico.com\\\/puebla\\\/wp-content\\\/uploads\\\/sites\\\/3\\\/2025\\\/07\\\/photo_2025-07-11_12-11-50.jpg\",\"datePublished\":\"2025-07-11T18:33:33+00:00\",\"author\":{\"@id\":\"https:\\\/\\\/grupohoymexico.com\\\/puebla\\\/#\\\/schema\\\/person\\\/98e2425fe99fbbdf486895b69dab3c3d\"},\"description\":\"Conoce la importancia del D\u00eda Mundial de la Poblaci\u00f3n 2025 y c\u00f3mo el crecimiento poblacional en Puebla y M\u00e9xico.\",\"breadcrumb\":{\"@id\":\"https:\\\/\\\/grupohoymexico.com\\\/puebla\\\/2025\\\/07\\\/11\\\/dia-mundial-de-la-poblacion-cuantos-habitantes-tiene-puebla-en-2025\\\/#breadcrumb\"},\"inLanguage\":\"es\",\"potentialAction\":[{\"@type\":\"ReadAction\",\"target\":[\"https:\\\/\\\/grupohoymexico.com\\\/puebla\\\/2025\\\/07\\\/11\\\/dia-mundial-de-la-poblacion-cuantos-habitantes-tiene-puebla-en-2025\\\/\"]}]},{\"@type\":\"ImageObject\",\"inLanguage\":\"es\",\"@id\":\"https:\\\/\\\/grupohoymexico.com\\\/puebla\\\/2025\\\/07\\\/11\\\/dia-mundial-de-la-poblacion-cuantos-habitantes-tiene-puebla-en-2025\\\/#primaryimage\",\"url\":\"https:\\\/\\\/grupohoymexico.com\\\/puebla\\\/wp-content\\\/uploads\\\/sites\\\/3\\\/2025\\\/07\\\/photo_2025-07-11_12-11-50.jpg\",\"contentUrl\":\"https:\\\/\\\/grupohoymexico.com\\\/puebla\\\/wp-content\\\/uploads\\\/sites\\\/3\\\/2025\\\/07\\\/photo_2025-07-11_12-11-50.jpg\",\"width\":1200,\"height\":638,\"caption\":\"Foto: Freepik\"},{\"@type\":\"BreadcrumbList\",\"@id\":\"https:\\\/\\\/grupohoymexico.com\\\/puebla\\\/2025\\\/07\\\/11\\\/dia-mundial-de-la-poblacion-cuantos-habitantes-tiene-puebla-en-2025\\\/#breadcrumb\",\"itemListElement\":[{\"@type\":\"ListItem\",\"position\":1,\"name\":\"Inicio\",\"item\":\"https:\\\/\\\/grupohoymexico.com\\\/puebla\\\/\"},{\"@type\":\"ListItem\",\"position\":2,\"name\":\"D\u00eda Mundial de la Poblaci\u00f3n \u00bfCu\u00e1ntos habitantes tiene Puebla en 2025?\"}]},{\"@type\":\"WebSite\",\"@id\":\"https:\\\/\\\/grupohoymexico.com\\\/puebla\\\/#website\",\"url\":\"https:\\\/\\\/grupohoymexico.com\\\/puebla\\\/\",\"name\":\"Grupo Hoy Puebla\",\"description\":\"\",\"potentialAction\":[{\"@type\":\"SearchAction\",\"target\":{\"@type\":\"EntryPoint\",\"urlTemplate\":\"https:\\\/\\\/grupohoymexico.com\\\/puebla\\\/?s={search_term_string}\"},\"query-input\":{\"@type\":\"PropertyValueSpecification\",\"valueRequired\":true,\"valueName\":\"search_term_string\"}}],\"inLanguage\":\"es\"},{\"@type\":\"Person\",\"@id\":\"https:\\\/\\\/grupohoymexico.com\\\/puebla\\\/#\\\/schema\\\/person\\\/98e2425fe99fbbdf486895b69dab3c3d\",\"name\":\"jair\",\"image\":{\"@type\":\"ImageObject\",\"inLanguage\":\"es\",\"@id\":\"https:\\\/\\\/secure.gravatar.com\\\/avatar\\\/ec205dfb8733a1ce1601942dddb04fc9294fb780c832e3c1ec58faa8e4e64e9b?s=96&d=mm&r=g\",\"url\":\"https:\\\/\\\/secure.gravatar.com\\\/avatar\\\/ec205dfb8733a1ce1601942dddb04fc9294fb780c832e3c1ec58faa8e4e64e9b?s=96&d=mm&r=g\",\"contentUrl\":\"https:\\\/\\\/secure.gravatar.com\\\/avatar\\\/ec205dfb8733a1ce1601942dddb04fc9294fb780c832e3c1ec58faa8e4e64e9b?s=96&d=mm&r=g\",\"caption\":\"jair\"},\"url\":\"https:\\\/\\\/grupohoymexico.com\\\/puebla\\\/author\\\/jair\\\/\"}]}<\/script>\n<!-- \/ Yoast SEO Premium plugin. -->","yoast_head_json":{"title":"D\u00eda Mundial de la Poblaci\u00f3n \u00bfCu\u00e1ntos habitantes tiene Puebla en 2025? - Grupo Hoy Puebla","description":"Conoce la importancia del D\u00eda Mundial de la Poblaci\u00f3n 2025 y c\u00f3mo el crecimiento poblacional en Puebla y M\u00e9xico.","robots":{"index":"index","follow":"follow","max-snippet":"max-snippet:-1","max-image-preview":"max-image-preview:large","max-video-preview":"max-video-preview:-1"},"canonical":"https:\/\/grupohoymexico.com\/puebla\/2025\/07\/11\/dia-mundial-de-la-poblacion-cuantos-habitantes-tiene-puebla-en-2025\/","og_locale":"es_MX","og_type":"article","og_title":"D\u00eda Mundial de la Poblaci\u00f3n \u00bfCu\u00e1ntos habitantes tiene Puebla en 2025?","og_description":"Conoce la importancia del D\u00eda Mundial de la Poblaci\u00f3n 2025 y c\u00f3mo el crecimiento poblacional en Puebla y M\u00e9xico.","og_url":"https:\/\/grupohoymexico.com\/puebla\/2025\/07\/11\/dia-mundial-de-la-poblacion-cuantos-habitantes-tiene-puebla-en-2025\/","og_site_name":"Grupo Hoy Puebla","article_published_time":"2025-07-11T18:33:33+00:00","og_image":[{"width":1200,"height":638,"url":"https:\/\/grupohoymexico.com\/puebla\/wp-content\/uploads\/sites\/3\/2025\/07\/photo_2025-07-11_12-11-50.jpg","type":"image\/jpeg"}],"author":"jair","twitter_card":"summary_large_image","twitter_misc":{"Escrito por":"jair","Tiempo de lectura":"3 minutos"},"schema":{"@context":"https:\/\/schema.org","@graph":[{"@type":"Article","@id":"https:\/\/grupohoymexico.com\/puebla\/2025\/07\/11\/dia-mundial-de-la-poblacion-cuantos-habitantes-tiene-puebla-en-2025\/#article","isPartOf":{"@id":"https:\/\/grupohoymexico.com\/puebla\/2025\/07\/11\/dia-mundial-de-la-poblacion-cuantos-habitantes-tiene-puebla-en-2025\/"},"author":{"name":"jair","@id":"https:\/\/grupohoymexico.com\/puebla\/#\/schema\/person\/98e2425fe99fbbdf486895b69dab3c3d"},"headline":"D\u00eda Mundial de la Poblaci\u00f3n \u00bfCu\u00e1ntos habitantes tiene Puebla en 2025?","datePublished":"2025-07-11T18:33:33+00:00","mainEntityOfPage":{"@id":"https:\/\/grupohoymexico.com\/puebla\/2025\/07\/11\/dia-mundial-de-la-poblacion-cuantos-habitantes-tiene-puebla-en-2025\/"},"wordCount":623,"commentCount":0,"image":{"@id":"https:\/\/grupohoymexico.com\/puebla\/2025\/07\/11\/dia-mundial-de-la-poblacion-cuantos-habitantes-tiene-puebla-en-2025\/#primaryimage"},"thumbnailUrl":"https:\/\/grupohoymexico.com\/puebla\/wp-content\/uploads\/sites\/3\/2025\/07\/photo_2025-07-11_12-11-50.jpg","keywords":["D\u00eda Mundial de la Poblaci\u00f3n","poblaci\u00f3n","puebla"],"articleSection":["Estatal"],"inLanguage":"es","potentialAction":[{"@type":"CommentAction","name":"Comment","target":["https:\/\/grupohoymexico.com\/puebla\/2025\/07\/11\/dia-mundial-de-la-poblacion-cuantos-habitantes-tiene-puebla-en-2025\/#respond"]}]},{"@type":"WebPage","@id":"https:\/\/grupohoymexico.com\/puebla\/2025\/07\/11\/dia-mundial-de-la-poblacion-cuantos-habitantes-tiene-puebla-en-2025\/","url":"https:\/\/grupohoymexico.com\/puebla\/2025\/07\/11\/dia-mundial-de-la-poblacion-cuantos-habitantes-tiene-puebla-en-2025\/","name":"D\u00eda Mundial de la Poblaci\u00f3n \u00bfCu\u00e1ntos habitantes tiene Puebla en 2025? - Grupo Hoy Puebla","isPartOf":{"@id":"https:\/\/grupohoymexico.com\/puebla\/#website"},"primaryImageOfPage":{"@id":"https:\/\/grupohoymexico.com\/puebla\/2025\/07\/11\/dia-mundial-de-la-poblacion-cuantos-habitantes-tiene-puebla-en-2025\/#primaryimage"},"image":{"@id":"https:\/\/grupohoymexico.com\/puebla\/2025\/07\/11\/dia-mundial-de-la-poblacion-cuantos-habitantes-tiene-puebla-en-2025\/#primaryimage"},"thumbnailUrl":"https:\/\/grupohoymexico.com\/puebla\/wp-content\/uploads\/sites\/3\/2025\/07\/photo_2025-07-11_12-11-50.jpg","datePublished":"2025-07-11T18:33:33+00:00","author":{"@id":"https:\/\/grupohoymexico.com\/puebla\/#\/schema\/person\/98e2425fe99fbbdf486895b69dab3c3d"},"description":"Conoce la importancia del D\u00eda Mundial de la Poblaci\u00f3n 2025 y c\u00f3mo el crecimiento poblacional en Puebla y M\u00e9xico.","breadcrumb":{"@id":"https:\/\/grupohoymexico.com\/puebla\/2025\/07\/11\/dia-mundial-de-la-poblacion-cuantos-habitantes-tiene-puebla-en-2025\/#breadcrumb"},"inLanguage":"es","potentialAction":[{"@type":"ReadAction","target":["https:\/\/grupohoymexico.com\/puebla\/2025\/07\/11\/dia-mundial-de-la-poblacion-cuantos-habitantes-tiene-puebla-en-2025\/"]}]},{"@type":"ImageObject","inLanguage":"es","@id":"https:\/\/grupohoymexico.com\/puebla\/2025\/07\/11\/dia-mundial-de-la-poblacion-cuantos-habitantes-tiene-puebla-en-2025\/#primaryimage","url":"https:\/\/grupohoymexico.com\/puebla\/wp-content\/uploads\/sites\/3\/2025\/07\/photo_2025-07-11_12-11-50.jpg","contentUrl":"https:\/\/grupohoymexico.com\/puebla\/wp-content\/uploads\/sites\/3\/2025\/07\/photo_2025-07-11_12-11-50.jpg","width":1200,"height":638,"caption":"Foto: Freepik"},{"@type":"BreadcrumbList","@id":"https:\/\/grupohoymexico.com\/puebla\/2025\/07\/11\/dia-mundial-de-la-poblacion-cuantos-habitantes-tiene-puebla-en-2025\/#breadcrumb","itemListElement":[{"@type":"ListItem","position":1,"name":"Inicio","item":"https:\/\/grupohoymexico.com\/puebla\/"},{"@type":"ListItem","position":2,"name":"D\u00eda Mundial de la Poblaci\u00f3n \u00bfCu\u00e1ntos habitantes tiene Puebla en 2025?"}]},{"@type":"WebSite","@id":"https:\/\/grupohoymexico.com\/puebla\/#website","url":"https:\/\/grupohoymexico.com\/puebla\/","name":"Grupo Hoy Puebla","description":"","potentialAction":[{"@type":"SearchAction","target":{"@type":"EntryPoint","urlTemplate":"https:\/\/grupohoymexico.com\/puebla\/?s={search_term_string}"},"query-input":{"@type":"PropertyValueSpecification","valueRequired":true,"valueName":"search_term_string"}}],"inLanguage":"es"},{"@type":"Person","@id":"https:\/\/grupohoymexico.com\/puebla\/#\/schema\/person\/98e2425fe99fbbdf486895b69dab3c3d","name":"jair","image":{"@type":"ImageObject","inLanguage":"es","@id":"https:\/\/secure.gravatar.com\/avatar\/ec205dfb8733a1ce1601942dddb04fc9294fb780c832e3c1ec58faa8e4e64e9b?s=96&d=mm&r=g","url":"https:\/\/secure.gravatar.com\/avatar\/ec205dfb8733a1ce1601942dddb04fc9294fb780c832e3c1ec58faa8e4e64e9b?s=96&d=mm&r=g","contentUrl":"https:\/\/secure.gravatar.com\/avatar\/ec205dfb8733a1ce1601942dddb04fc9294fb780c832e3c1ec58faa8e4e64e9b?s=96&d=mm&r=g","caption":"jair"},"url":"https:\/\/grupohoymexico.com\/puebla\/author\/jair\/"}]}},"_links":{"self":[{"href":"https:\/\/grupohoymexico.com\/puebla\/wp-json\/wp\/v2\/posts\/75974","targetHints":{"allow":["GET"]}}],"collection":[{"href":"https:\/\/grupohoymexico.com\/puebla\/wp-json\/wp\/v2\/posts"}],"about":[{"href":"https:\/\/grupohoymexico.com\/puebla\/wp-json\/wp\/v2\/types\/post"}],"author":[{"embeddable":true,"href":"https:\/\/grupohoymexico.com\/puebla\/wp-json\/wp\/v2\/users\/5"}],"replies":[{"embeddable":true,"href":"https:\/\/grupohoymexico.com\/puebla\/wp-json\/wp\/v2\/comments?post=75974"}],"version-history":[{"count":1,"href":"https:\/\/grupohoymexico.com\/puebla\/wp-json\/wp\/v2\/posts\/75974\/revisions"}],"predecessor-version":[{"id":75980,"href":"https:\/\/grupohoymexico.com\/puebla\/wp-json\/wp\/v2\/posts\/75974\/revisions\/75980"}],"wp:featuredmedia":[{"embeddable":true,"href":"https:\/\/grupohoymexico.com\/puebla\/wp-json\/wp\/v2\/media\/75978"}],"wp:attachment":[{"href":"https:\/\/grupohoymexico.com\/puebla\/wp-json\/wp\/v2\/media?parent=75974"}],"wp:term":[{"taxonomy":"category","embeddable":true,"href":"https:\/\/grupohoymexico.com\/puebla\/wp-json\/wp\/v2\/categories?post=75974"},{"taxonomy":"post_tag","embeddable":true,"href":"https:\/\/grupohoymexico.com\/puebla\/wp-json\/wp\/v2\/tags?post=75974"}],"curies":[{"name":"wp","href":"https:\/\/api.w.org\/{rel}","templated":true}]}}