{"id":75943,"date":"2025-07-10T15:53:07","date_gmt":"2025-07-10T15:53:07","guid":{"rendered":"https:\/\/grupohoymexico.com\/puebla\/?p=75943"},"modified":"2025-07-10T15:53:08","modified_gmt":"2025-07-10T15:53:08","slug":"personas-en-situacion-de-calle-ocupan-camellones-en-puebla","status":"publish","type":"post","link":"https:\/\/grupohoymexico.com\/puebla\/2025\/07\/10\/personas-en-situacion-de-calle-ocupan-camellones-en-puebla\/","title":{"rendered":"Personas en situaci\u00f3n de calle ocupan camellones en Puebla"},"content":{"rendered":"\n<p><\/p>\n\n\n\n<p><strong>Personas en situaci\u00f3n de calle ocupan camellones en Puebla<\/strong>. Desde 2023, un hombre ha instalado un refugio improvisado en el camell\u00f3n central <strong>de la avenida 11 Sur, entre las calles Rosales y 145 Poniente<\/strong>. La estructura, <strong>hecha con lonas y cobijas<\/strong>, obstruye el paso peatonal y <strong>ha provocado acumulaci\u00f3n de basura<\/strong>, <strong>afectando a vecinos y usuarios <\/strong>del transporte p\u00fablico que circula por la zona.<\/p>\n\n\n\n<h3 class=\"wp-block-heading\" id=\"h-un-problema-recurrente-sin-solucion\"><strong>Un problema recurrente sin soluci\u00f3n<\/strong><\/h3>\n\n\n\n<p>El caso no es aislado. Testimonios de residentes indican <strong>que la misma persona antes ocupaba la banqueta de la 11 Sur<\/strong> antes de trasladarse al camell\u00f3n. Aunque no se observ\u00f3 a nadie dentro del refugio durante un recorrido reciente, <strong>vecinos confirman que habita all\u00ed de manera intermitente<\/strong>. La proximidad del asentamiento a una escuela preparatoria aumenta la preocupaci\u00f3n <strong>por salubridad y seguridad<\/strong>.<\/p>\n\n\n\n<p>Puebla carece de una normativa que regule espec\u00edficamente la ocupaci\u00f3n de espacios p\u00fablicos por personas en situaci\u00f3n de calle. Sin embargo, la\u00a0<strong>Ley sobre el <a href=\"https:\/\/ojp.puebla.gob.mx\/legislacion-del-estado\/item\/247-ley-sobre-el-sistema-estatal-de-asistencia-social\">Sistema Estatal de Asistencia Social<\/a><\/strong>\u00a0obliga al gobierno <strong>a brindar servicios de salud y apoyo social<\/strong> a este grupo vulnerable. Hasta ahora, no hay indicios de que las autoridades estatales o municipales hayan intervenido <strong>para reubicar a la persona<\/strong> u ofrecerle alternativas de vivienda y atenci\u00f3n.<\/p>\n\n\n\n<p>LEE TAMBI\u00c9N: <a href=\"https:\/\/grupohoymexico.com\/puebla\/2025\/07\/09\/club-puebla-uniformes-con-homenaje-al-barrio-del-artista\/\">Club Puebla: Uniformes con homenaje al Barrio del Artista<\/a><\/p>\n\n\n\n<figure class=\"wp-block-image size-full\"><img fetchpriority=\"high\" decoding=\"async\" width=\"500\" height=\"306\" src=\"https:\/\/grupohoymexico.com\/puebla\/wp-content\/uploads\/sites\/3\/2025\/07\/15.jpg\" alt=\"\" class=\"wp-image-75944\" srcset=\"https:\/\/grupohoymexico.com\/puebla\/wp-content\/uploads\/sites\/3\/2025\/07\/15.jpg 500w, https:\/\/grupohoymexico.com\/puebla\/wp-content\/uploads\/sites\/3\/2025\/07\/15-300x184.jpg 300w, https:\/\/grupohoymexico.com\/puebla\/wp-content\/uploads\/sites\/3\/2025\/07\/15-332x203.jpg 332w\" sizes=\"(max-width: 500px) 100vw, 500px\" \/><\/figure>\n\n\n\n<h3 class=\"wp-block-heading\" id=\"h-falta-de-politicas-publicas-efectivas\"><strong>Falta de pol\u00edticas p\u00fablicas efectivas<\/strong><\/h3>\n\n\n\n<p>La ausencia de protocolos claros para atender esta problem\u00e1tica<strong> refleja un vac\u00edo en las pol\u00edticas sociales de Puebla<\/strong>. Mientras ciudades <strong>como CDMX y Guadalajara<\/strong> cuentan <strong>con programas de inclusi\u00f3n para personas en situaci\u00f3n de calle<\/strong>, en la capital poblana persiste la improvisaci\u00f3n. La soluci\u00f3n no pasa <strong>solo por desalojar los camellones<\/strong>, sino por <strong>crear redes de apoyo<\/strong> que incluyan <strong>albergues, empleo temporal y seguimiento psicol\u00f3gico<\/strong>.<\/p>\n\n\n\n<p>Organizaciones civiles han exigido al gobierno de\u00a0<strong><a href=\"https:\/\/www.facebook.com\/armentapuebla\/?locale=es_LA\">Alejandro Armenta<\/a><\/strong>\u00a0actuar con perspectiva de derechos humanos. Hasta que no exista un plan integral, casos como el de la avenida 11 Sur<strong> seguir\u00e1n repiti\u00e9ndose en otras zonas de la ciudad<\/strong>.<\/p>\n\n\n\n<p><\/p>\n","protected":false},"excerpt":{"rendered":"Personas en situaci\u00f3n de calle ocupan camellones en Puebla. Desde 2023, un hombre ha instalado un refugio improvisado&hellip;","protected":false},"author":1,"featured_media":75947,"comment_status":"open","ping_status":"open","sticky":false,"template":"","format":"standard","meta":{"csco_display_header_overlay":false,"csco_singular_sidebar":"","csco_page_header_type":"","csco_page_load_nextpost":"","csco_post_video_location":[],"csco_post_video_location_hash":"","csco_post_video_url":"","csco_post_video_bg_start_time":0,"csco_post_video_bg_end_time":0,"footnotes":""},"categories":[111],"tags":[98,1567,1568,40],"class_list":{"0":"post-75943","1":"post","2":"type-post","3":"status-publish","4":"format-standard","5":"has-post-thumbnail","7":"category-policiaco","8":"tag-alejandro-armenta","9":"tag-personas-en-situacion-de-calle","10":"tag-policiaco-2","11":"tag-puebla","12":"cs-entry","13":"cs-video-wrap"},"yoast_head":"<!-- This site is optimized with the Yoast SEO Premium plugin v24.7 (Yoast SEO v27.4) - https:\/\/yoast.com\/product\/yoast-seo-premium-wordpress\/ -->\n<title>Personas en situaci\u00f3n de calle ocupan camellones en Puebla - Grupo Hoy Puebla<\/title>\n<meta name=\"description\" content=\"Personas en situaci\u00f3n de calle han construido refugios en camellones centrales, generando problemas de movilidad y acumulaci\u00f3n de basura.\" \/>\n<meta name=\"robots\" content=\"index, follow, max-snippet:-1, max-image-preview:large, max-video-preview:-1\" \/>\n<link rel=\"canonical\" href=\"https:\/\/grupohoymexico.com\/puebla\/2025\/07\/10\/personas-en-situacion-de-calle-ocupan-camellones-en-puebla\/\" \/>\n<meta property=\"og:locale\" content=\"es_MX\" \/>\n<meta property=\"og:type\" content=\"article\" \/>\n<meta property=\"og:title\" content=\"Personas en situaci\u00f3n de calle ocupan camellones en Puebla\" \/>\n<meta property=\"og:description\" content=\"Personas en situaci\u00f3n de calle han construido refugios en camellones centrales, generando problemas de movilidad y acumulaci\u00f3n de basura.\" \/>\n<meta property=\"og:url\" content=\"https:\/\/grupohoymexico.com\/puebla\/2025\/07\/10\/personas-en-situacion-de-calle-ocupan-camellones-en-puebla\/\" \/>\n<meta property=\"og:site_name\" content=\"Grupo Hoy Puebla\" \/>\n<meta property=\"article:published_time\" content=\"2025-07-10T15:53:07+00:00\" \/>\n<meta property=\"article:modified_time\" content=\"2025-07-10T15:53:08+00:00\" \/>\n<meta property=\"og:image\" content=\"https:\/\/grupohoymexico.com\/puebla\/wp-content\/uploads\/sites\/3\/2025\/07\/5152357921106013695.jpg\" \/>\n\t<meta property=\"og:image:width\" content=\"1201\" \/>\n\t<meta property=\"og:image:height\" content=\"639\" \/>\n\t<meta property=\"og:image:type\" content=\"image\/jpeg\" \/>\n<meta name=\"author\" content=\"user\" \/>\n<meta name=\"twitter:card\" content=\"summary_large_image\" \/>\n<meta name=\"twitter:label1\" content=\"Escrito por\" \/>\n\t<meta name=\"twitter:data1\" content=\"user\" \/>\n\t<meta name=\"twitter:label2\" content=\"Tiempo de lectura\" \/>\n\t<meta name=\"twitter:data2\" content=\"2 minutos\" \/>\n<script type=\"application\/ld+json\" class=\"yoast-schema-graph\">{\"@context\":\"https:\\\/\\\/schema.org\",\"@graph\":[{\"@type\":\"Article\",\"@id\":\"https:\\\/\\\/grupohoymexico.com\\\/puebla\\\/2025\\\/07\\\/10\\\/personas-en-situacion-de-calle-ocupan-camellones-en-puebla\\\/#article\",\"isPartOf\":{\"@id\":\"https:\\\/\\\/grupohoymexico.com\\\/puebla\\\/2025\\\/07\\\/10\\\/personas-en-situacion-de-calle-ocupan-camellones-en-puebla\\\/\"},\"author\":{\"name\":\"user\",\"@id\":\"https:\\\/\\\/grupohoymexico.com\\\/puebla\\\/#\\\/schema\\\/person\\\/ce6086ac837852775a3a4f539356c297\"},\"headline\":\"Personas en situaci\u00f3n de calle ocupan camellones en Puebla\",\"datePublished\":\"2025-07-10T15:53:07+00:00\",\"dateModified\":\"2025-07-10T15:53:08+00:00\",\"mainEntityOfPage\":{\"@id\":\"https:\\\/\\\/grupohoymexico.com\\\/puebla\\\/2025\\\/07\\\/10\\\/personas-en-situacion-de-calle-ocupan-camellones-en-puebla\\\/\"},\"wordCount\":351,\"commentCount\":0,\"image\":{\"@id\":\"https:\\\/\\\/grupohoymexico.com\\\/puebla\\\/2025\\\/07\\\/10\\\/personas-en-situacion-de-calle-ocupan-camellones-en-puebla\\\/#primaryimage\"},\"thumbnailUrl\":\"https:\\\/\\\/grupohoymexico.com\\\/puebla\\\/wp-content\\\/uploads\\\/sites\\\/3\\\/2025\\\/07\\\/5152357921106013695.jpg\",\"keywords\":[\"Alejandro Armenta\",\"Personas en situaci\u00f3n de calle\",\"Policiaco\",\"puebla\"],\"articleSection\":[\"Policiaco\"],\"inLanguage\":\"es\",\"potentialAction\":[{\"@type\":\"CommentAction\",\"name\":\"Comment\",\"target\":[\"https:\\\/\\\/grupohoymexico.com\\\/puebla\\\/2025\\\/07\\\/10\\\/personas-en-situacion-de-calle-ocupan-camellones-en-puebla\\\/#respond\"]}]},{\"@type\":\"WebPage\",\"@id\":\"https:\\\/\\\/grupohoymexico.com\\\/puebla\\\/2025\\\/07\\\/10\\\/personas-en-situacion-de-calle-ocupan-camellones-en-puebla\\\/\",\"url\":\"https:\\\/\\\/grupohoymexico.com\\\/puebla\\\/2025\\\/07\\\/10\\\/personas-en-situacion-de-calle-ocupan-camellones-en-puebla\\\/\",\"name\":\"Personas en situaci\u00f3n de calle ocupan camellones en Puebla - Grupo Hoy Puebla\",\"isPartOf\":{\"@id\":\"https:\\\/\\\/grupohoymexico.com\\\/puebla\\\/#website\"},\"primaryImageOfPage\":{\"@id\":\"https:\\\/\\\/grupohoymexico.com\\\/puebla\\\/2025\\\/07\\\/10\\\/personas-en-situacion-de-calle-ocupan-camellones-en-puebla\\\/#primaryimage\"},\"image\":{\"@id\":\"https:\\\/\\\/grupohoymexico.com\\\/puebla\\\/2025\\\/07\\\/10\\\/personas-en-situacion-de-calle-ocupan-camellones-en-puebla\\\/#primaryimage\"},\"thumbnailUrl\":\"https:\\\/\\\/grupohoymexico.com\\\/puebla\\\/wp-content\\\/uploads\\\/sites\\\/3\\\/2025\\\/07\\\/5152357921106013695.jpg\",\"datePublished\":\"2025-07-10T15:53:07+00:00\",\"dateModified\":\"2025-07-10T15:53:08+00:00\",\"author\":{\"@id\":\"https:\\\/\\\/grupohoymexico.com\\\/puebla\\\/#\\\/schema\\\/person\\\/ce6086ac837852775a3a4f539356c297\"},\"description\":\"Personas en situaci\u00f3n de calle han construido refugios en camellones centrales, generando problemas de movilidad y acumulaci\u00f3n de basura.\",\"breadcrumb\":{\"@id\":\"https:\\\/\\\/grupohoymexico.com\\\/puebla\\\/2025\\\/07\\\/10\\\/personas-en-situacion-de-calle-ocupan-camellones-en-puebla\\\/#breadcrumb\"},\"inLanguage\":\"es\",\"potentialAction\":[{\"@type\":\"ReadAction\",\"target\":[\"https:\\\/\\\/grupohoymexico.com\\\/puebla\\\/2025\\\/07\\\/10\\\/personas-en-situacion-de-calle-ocupan-camellones-en-puebla\\\/\"]}]},{\"@type\":\"ImageObject\",\"inLanguage\":\"es\",\"@id\":\"https:\\\/\\\/grupohoymexico.com\\\/puebla\\\/2025\\\/07\\\/10\\\/personas-en-situacion-de-calle-ocupan-camellones-en-puebla\\\/#primaryimage\",\"url\":\"https:\\\/\\\/grupohoymexico.com\\\/puebla\\\/wp-content\\\/uploads\\\/sites\\\/3\\\/2025\\\/07\\\/5152357921106013695.jpg\",\"contentUrl\":\"https:\\\/\\\/grupohoymexico.com\\\/puebla\\\/wp-content\\\/uploads\\\/sites\\\/3\\\/2025\\\/07\\\/5152357921106013695.jpg\",\"width\":1201,\"height\":639,\"caption\":\"Personas en situaci\u00f3n de calle han construido refugios en camellones centrales, generando problemas de movilidad y acumulaci\u00f3n de basura.\"},{\"@type\":\"BreadcrumbList\",\"@id\":\"https:\\\/\\\/grupohoymexico.com\\\/puebla\\\/2025\\\/07\\\/10\\\/personas-en-situacion-de-calle-ocupan-camellones-en-puebla\\\/#breadcrumb\",\"itemListElement\":[{\"@type\":\"ListItem\",\"position\":1,\"name\":\"Inicio\",\"item\":\"https:\\\/\\\/grupohoymexico.com\\\/puebla\\\/\"},{\"@type\":\"ListItem\",\"position\":2,\"name\":\"Personas en situaci\u00f3n de calle ocupan camellones en Puebla\"}]},{\"@type\":\"WebSite\",\"@id\":\"https:\\\/\\\/grupohoymexico.com\\\/puebla\\\/#website\",\"url\":\"https:\\\/\\\/grupohoymexico.com\\\/puebla\\\/\",\"name\":\"Grupo Hoy Puebla\",\"description\":\"\",\"potentialAction\":[{\"@type\":\"SearchAction\",\"target\":{\"@type\":\"EntryPoint\",\"urlTemplate\":\"https:\\\/\\\/grupohoymexico.com\\\/puebla\\\/?s={search_term_string}\"},\"query-input\":{\"@type\":\"PropertyValueSpecification\",\"valueRequired\":true,\"valueName\":\"search_term_string\"}}],\"inLanguage\":\"es\"},{\"@type\":\"Person\",\"@id\":\"https:\\\/\\\/grupohoymexico.com\\\/puebla\\\/#\\\/schema\\\/person\\\/ce6086ac837852775a3a4f539356c297\",\"name\":\"user\",\"image\":{\"@type\":\"ImageObject\",\"inLanguage\":\"es\",\"@id\":\"https:\\\/\\\/secure.gravatar.com\\\/avatar\\\/25f78de4fa956f6f7c01f8d96f8087d8958ebe06d57e630cd54e36aefb9dacea?s=96&d=mm&r=g\",\"url\":\"https:\\\/\\\/secure.gravatar.com\\\/avatar\\\/25f78de4fa956f6f7c01f8d96f8087d8958ebe06d57e630cd54e36aefb9dacea?s=96&d=mm&r=g\",\"contentUrl\":\"https:\\\/\\\/secure.gravatar.com\\\/avatar\\\/25f78de4fa956f6f7c01f8d96f8087d8958ebe06d57e630cd54e36aefb9dacea?s=96&d=mm&r=g\",\"caption\":\"user\"},\"sameAs\":[\"http:\\\/\\\/44.197.188.197.nip.io\"],\"url\":\"https:\\\/\\\/grupohoymexico.com\\\/puebla\\\/author\\\/user\\\/\"}]}<\/script>\n<!-- \/ Yoast SEO Premium plugin. -->","yoast_head_json":{"title":"Personas en situaci\u00f3n de calle ocupan camellones en Puebla - Grupo Hoy Puebla","description":"Personas en situaci\u00f3n de calle han construido refugios en camellones centrales, generando problemas de movilidad y acumulaci\u00f3n de basura.","robots":{"index":"index","follow":"follow","max-snippet":"max-snippet:-1","max-image-preview":"max-image-preview:large","max-video-preview":"max-video-preview:-1"},"canonical":"https:\/\/grupohoymexico.com\/puebla\/2025\/07\/10\/personas-en-situacion-de-calle-ocupan-camellones-en-puebla\/","og_locale":"es_MX","og_type":"article","og_title":"Personas en situaci\u00f3n de calle ocupan camellones en Puebla","og_description":"Personas en situaci\u00f3n de calle han construido refugios en camellones centrales, generando problemas de movilidad y acumulaci\u00f3n de basura.","og_url":"https:\/\/grupohoymexico.com\/puebla\/2025\/07\/10\/personas-en-situacion-de-calle-ocupan-camellones-en-puebla\/","og_site_name":"Grupo Hoy Puebla","article_published_time":"2025-07-10T15:53:07+00:00","article_modified_time":"2025-07-10T15:53:08+00:00","og_image":[{"width":1201,"height":639,"url":"https:\/\/grupohoymexico.com\/puebla\/wp-content\/uploads\/sites\/3\/2025\/07\/5152357921106013695.jpg","type":"image\/jpeg"}],"author":"user","twitter_card":"summary_large_image","twitter_misc":{"Escrito por":"user","Tiempo de lectura":"2 minutos"},"schema":{"@context":"https:\/\/schema.org","@graph":[{"@type":"Article","@id":"https:\/\/grupohoymexico.com\/puebla\/2025\/07\/10\/personas-en-situacion-de-calle-ocupan-camellones-en-puebla\/#article","isPartOf":{"@id":"https:\/\/grupohoymexico.com\/puebla\/2025\/07\/10\/personas-en-situacion-de-calle-ocupan-camellones-en-puebla\/"},"author":{"name":"user","@id":"https:\/\/grupohoymexico.com\/puebla\/#\/schema\/person\/ce6086ac837852775a3a4f539356c297"},"headline":"Personas en situaci\u00f3n de calle ocupan camellones en Puebla","datePublished":"2025-07-10T15:53:07+00:00","dateModified":"2025-07-10T15:53:08+00:00","mainEntityOfPage":{"@id":"https:\/\/grupohoymexico.com\/puebla\/2025\/07\/10\/personas-en-situacion-de-calle-ocupan-camellones-en-puebla\/"},"wordCount":351,"commentCount":0,"image":{"@id":"https:\/\/grupohoymexico.com\/puebla\/2025\/07\/10\/personas-en-situacion-de-calle-ocupan-camellones-en-puebla\/#primaryimage"},"thumbnailUrl":"https:\/\/grupohoymexico.com\/puebla\/wp-content\/uploads\/sites\/3\/2025\/07\/5152357921106013695.jpg","keywords":["Alejandro Armenta","Personas en situaci\u00f3n de calle","Policiaco","puebla"],"articleSection":["Policiaco"],"inLanguage":"es","potentialAction":[{"@type":"CommentAction","name":"Comment","target":["https:\/\/grupohoymexico.com\/puebla\/2025\/07\/10\/personas-en-situacion-de-calle-ocupan-camellones-en-puebla\/#respond"]}]},{"@type":"WebPage","@id":"https:\/\/grupohoymexico.com\/puebla\/2025\/07\/10\/personas-en-situacion-de-calle-ocupan-camellones-en-puebla\/","url":"https:\/\/grupohoymexico.com\/puebla\/2025\/07\/10\/personas-en-situacion-de-calle-ocupan-camellones-en-puebla\/","name":"Personas en situaci\u00f3n de calle ocupan camellones en Puebla - Grupo Hoy Puebla","isPartOf":{"@id":"https:\/\/grupohoymexico.com\/puebla\/#website"},"primaryImageOfPage":{"@id":"https:\/\/grupohoymexico.com\/puebla\/2025\/07\/10\/personas-en-situacion-de-calle-ocupan-camellones-en-puebla\/#primaryimage"},"image":{"@id":"https:\/\/grupohoymexico.com\/puebla\/2025\/07\/10\/personas-en-situacion-de-calle-ocupan-camellones-en-puebla\/#primaryimage"},"thumbnailUrl":"https:\/\/grupohoymexico.com\/puebla\/wp-content\/uploads\/sites\/3\/2025\/07\/5152357921106013695.jpg","datePublished":"2025-07-10T15:53:07+00:00","dateModified":"2025-07-10T15:53:08+00:00","author":{"@id":"https:\/\/grupohoymexico.com\/puebla\/#\/schema\/person\/ce6086ac837852775a3a4f539356c297"},"description":"Personas en situaci\u00f3n de calle han construido refugios en camellones centrales, generando problemas de movilidad y acumulaci\u00f3n de basura.","breadcrumb":{"@id":"https:\/\/grupohoymexico.com\/puebla\/2025\/07\/10\/personas-en-situacion-de-calle-ocupan-camellones-en-puebla\/#breadcrumb"},"inLanguage":"es","potentialAction":[{"@type":"ReadAction","target":["https:\/\/grupohoymexico.com\/puebla\/2025\/07\/10\/personas-en-situacion-de-calle-ocupan-camellones-en-puebla\/"]}]},{"@type":"ImageObject","inLanguage":"es","@id":"https:\/\/grupohoymexico.com\/puebla\/2025\/07\/10\/personas-en-situacion-de-calle-ocupan-camellones-en-puebla\/#primaryimage","url":"https:\/\/grupohoymexico.com\/puebla\/wp-content\/uploads\/sites\/3\/2025\/07\/5152357921106013695.jpg","contentUrl":"https:\/\/grupohoymexico.com\/puebla\/wp-content\/uploads\/sites\/3\/2025\/07\/5152357921106013695.jpg","width":1201,"height":639,"caption":"Personas en situaci\u00f3n de calle han construido refugios en camellones centrales, generando problemas de movilidad y acumulaci\u00f3n de basura."},{"@type":"BreadcrumbList","@id":"https:\/\/grupohoymexico.com\/puebla\/2025\/07\/10\/personas-en-situacion-de-calle-ocupan-camellones-en-puebla\/#breadcrumb","itemListElement":[{"@type":"ListItem","position":1,"name":"Inicio","item":"https:\/\/grupohoymexico.com\/puebla\/"},{"@type":"ListItem","position":2,"name":"Personas en situaci\u00f3n de calle ocupan camellones en Puebla"}]},{"@type":"WebSite","@id":"https:\/\/grupohoymexico.com\/puebla\/#website","url":"https:\/\/grupohoymexico.com\/puebla\/","name":"Grupo Hoy Puebla","description":"","potentialAction":[{"@type":"SearchAction","target":{"@type":"EntryPoint","urlTemplate":"https:\/\/grupohoymexico.com\/puebla\/?s={search_term_string}"},"query-input":{"@type":"PropertyValueSpecification","valueRequired":true,"valueName":"search_term_string"}}],"inLanguage":"es"},{"@type":"Person","@id":"https:\/\/grupohoymexico.com\/puebla\/#\/schema\/person\/ce6086ac837852775a3a4f539356c297","name":"user","image":{"@type":"ImageObject","inLanguage":"es","@id":"https:\/\/secure.gravatar.com\/avatar\/25f78de4fa956f6f7c01f8d96f8087d8958ebe06d57e630cd54e36aefb9dacea?s=96&d=mm&r=g","url":"https:\/\/secure.gravatar.com\/avatar\/25f78de4fa956f6f7c01f8d96f8087d8958ebe06d57e630cd54e36aefb9dacea?s=96&d=mm&r=g","contentUrl":"https:\/\/secure.gravatar.com\/avatar\/25f78de4fa956f6f7c01f8d96f8087d8958ebe06d57e630cd54e36aefb9dacea?s=96&d=mm&r=g","caption":"user"},"sameAs":["http:\/\/44.197.188.197.nip.io"],"url":"https:\/\/grupohoymexico.com\/puebla\/author\/user\/"}]}},"_links":{"self":[{"href":"https:\/\/grupohoymexico.com\/puebla\/wp-json\/wp\/v2\/posts\/75943","targetHints":{"allow":["GET"]}}],"collection":[{"href":"https:\/\/grupohoymexico.com\/puebla\/wp-json\/wp\/v2\/posts"}],"about":[{"href":"https:\/\/grupohoymexico.com\/puebla\/wp-json\/wp\/v2\/types\/post"}],"author":[{"embeddable":true,"href":"https:\/\/grupohoymexico.com\/puebla\/wp-json\/wp\/v2\/users\/1"}],"replies":[{"embeddable":true,"href":"https:\/\/grupohoymexico.com\/puebla\/wp-json\/wp\/v2\/comments?post=75943"}],"version-history":[{"count":1,"href":"https:\/\/grupohoymexico.com\/puebla\/wp-json\/wp\/v2\/posts\/75943\/revisions"}],"predecessor-version":[{"id":75948,"href":"https:\/\/grupohoymexico.com\/puebla\/wp-json\/wp\/v2\/posts\/75943\/revisions\/75948"}],"wp:featuredmedia":[{"embeddable":true,"href":"https:\/\/grupohoymexico.com\/puebla\/wp-json\/wp\/v2\/media\/75947"}],"wp:attachment":[{"href":"https:\/\/grupohoymexico.com\/puebla\/wp-json\/wp\/v2\/media?parent=75943"}],"wp:term":[{"taxonomy":"category","embeddable":true,"href":"https:\/\/grupohoymexico.com\/puebla\/wp-json\/wp\/v2\/categories?post=75943"},{"taxonomy":"post_tag","embeddable":true,"href":"https:\/\/grupohoymexico.com\/puebla\/wp-json\/wp\/v2\/tags?post=75943"}],"curies":[{"name":"wp","href":"https:\/\/api.w.org\/{rel}","templated":true}]}}