{"id":75923,"date":"2025-07-09T15:39:05","date_gmt":"2025-07-09T15:39:05","guid":{"rendered":"https:\/\/grupohoymexico.com\/puebla\/?p=75923"},"modified":"2025-07-09T15:39:05","modified_gmt":"2025-07-09T15:39:05","slug":"guia-para-verificar-tu-auto-en-puebla-este-semestre-calendario-precios-y-documentos","status":"publish","type":"post","link":"https:\/\/grupohoymexico.com\/puebla\/2025\/07\/09\/guia-para-verificar-tu-auto-en-puebla-este-semestre-calendario-precios-y-documentos\/","title":{"rendered":"Gu\u00eda para verificar tu auto en Puebla este semestre: calendario, precios y documentos"},"content":{"rendered":"\n<p>A partir del <strong>1 de julio<\/strong>, en <strong>Puebla<\/strong> arranc\u00f3 la <strong>segunda ronda de verificaci\u00f3n vehicular<\/strong> correspondiente al <strong>segundo semestre de 2025<\/strong>. Las autoridades ambientales marcaron un calendario estricto que asigna fechas seg\u00fan el <strong>n\u00famero final de la placa del veh\u00edculo<\/strong>, y cualquier intento de hacer el tr\u00e1mite fuera de tiempo podr\u00eda generar una <strong>sanci\u00f3n econ\u00f3mica.<\/strong><\/p>\n\n\n\n<p>Antes de solicitar una nueva cita, los <a href=\"https:\/\/grupohoymexico.com\/puebla\/2025\/06\/20\/que-tramo-de-la-autopista-mexico-puebla-cerraran-este-20-de-junio-y-como-evitar-el-trafico\/\">conductores<\/a> deben haber cumplido con la <strong>verificaci\u00f3n del primer semestre<\/strong>. Quienes omitieron este requisito deben pagar una <strong>multa de 2 mil 165 pesos<\/strong> para poder continuar con el proceso. Esa penalizaci\u00f3n equivale a <strong>20 Unidades de Medida y Actualizaci\u00f3n (UMA).<\/strong><\/p>\n\n\n\n<h2 class=\"wp-block-heading\" id=\"h-verificar-tu-auto-en-puebla-fechas-establecidas-por-terminacion-de-placas\"><strong>Verificar tu auto en Puebla: Fechas establecidas por terminaci\u00f3n de placas<\/strong><\/h2>\n\n\n\n<ul class=\"wp-block-list\">\n<li><strong>5 y 6:<\/strong> julio &#8211; agosto<\/li>\n\n\n\n<li><strong>7 y 8: <\/strong>agosto &#8211; septiembre<\/li>\n\n\n\n<li><strong>3 y 4: <\/strong>septiembre &#8211; octubre<\/li>\n\n\n\n<li><strong>1 y 2:<\/strong> octubre &#8211; noviembre<\/li>\n\n\n\n<li><strong>9 y 0: <\/strong>noviembre &#8211; diciembre<\/li>\n<\/ul>\n\n\n\n<h2 class=\"wp-block-heading\" id=\"h-tarifas-segun-el-tipo-de-vehiculo\"><strong>Tarifas seg\u00fan el tipo de veh\u00edculo<\/strong><\/h2>\n\n\n\n<p>El precio var\u00eda seg\u00fan la tecnolog\u00eda del autom\u00f3vil:<\/p>\n\n\n\n<ul class=\"wp-block-list\">\n<li><strong>Veh\u00edculos convencionales (gasolina o di\u00e9sel):<\/strong> 628 pesos<\/li>\n\n\n\n<li><strong>H\u00edbridos o el\u00e9ctricos: <\/strong>245 pesos<\/li>\n\n\n\n<li><strong>Autos con placas for\u00e1neas:<\/strong> 230 pesos<\/li>\n<\/ul>\n\n\n\n<h2 class=\"wp-block-heading\" id=\"h-centros-disponibles-y-municipios-habilitados\"><strong>Centros disponibles y municipios habilitados<\/strong><\/h2>\n\n\n\n<p>El programa de verificaci\u00f3n abarca <strong>30 <\/strong>municipios del estado. Entre ellos se encuentran: <strong>Puebla capital, Atlixco, San Andr\u00e9s y San Pedro Cholula, Amozoc, Huauchinango, Teziutl\u00e1n, Tehuac\u00e1n, Zacatl\u00e1n y Cuautlancingo.<\/strong> La ubicaci\u00f3n exacta de cada centro puede consultarse en la p\u00e1gina oficial de la <strong><a href=\"https:\/\/smadsot.puebla.gob.mx\/\">Secretar\u00eda de Medio Ambiente estatal<\/a>.<\/strong><\/p>\n\n\n\n<h2 class=\"wp-block-heading\" id=\"h-como-agendar-tu-cita\"><strong>\u00bfC\u00f3mo agendar tu cita?<\/strong><\/h2>\n\n\n\n<p>El tr\u00e1mite se puede gestionar por tres v\u00edas:<\/p>\n\n\n\n<ul class=\"wp-block-list\">\n<li><strong>En l\u00ednea:<\/strong> citasenlinea.puebla.gob.mx<\/li>\n\n\n\n<li><strong>Correo electr\u00f3nico:<\/strong> verificacion.vehicular@puebla.gob.mx<\/li>\n\n\n\n<li><strong>Tel\u00e9fono: <\/strong>222 273 6800 ext. 1248 o 222 227 9331<\/li>\n<\/ul>\n\n\n\n<h2 class=\"wp-block-heading\" id=\"h-documentacion-obligatoria\"><strong>Documentaci\u00f3n obligatoria<\/strong><\/h2>\n\n\n\n<p>Para presentarse a la verificaci\u00f3n, se debe llevar:<\/p>\n\n\n\n<ul class=\"wp-block-list\">\n<li>Comprobante de cita impreso<\/li>\n\n\n\n<li>Identificaci\u00f3n oficial (copia)<\/li>\n\n\n\n<li>Tarjeta de circulaci\u00f3n (original y copia)<\/li>\n\n\n\n<li>Para veh\u00edculos nuevos: factura, carta factura o contrato de arrendamiento<\/li>\n<\/ul>\n\n\n\n<p>En caso de solicitar el <strong>holograma Doble Cero<\/strong>, el autom\u00f3vil debe estar incluido en el listado de veh\u00edculos autorizados por la <strong>Comisi\u00f3n Ambiental de la Megal\u00f3polis (CAMe)<\/strong>. La asignaci\u00f3n depender\u00e1 de los resultados en emisiones contaminantes.<\/p>\n\n\n\n<p>Quienes no aprueben la prueba podr\u00e1n regresar una vez m\u00e1s <strong>sin costo adicional<\/strong>. Si a\u00fan as\u00ed no se realiza el tr\u00e1mite, se aplicar\u00e1 una nueva multa de <strong>2 mil 165 pesos<\/strong> y el veh\u00edculo quedar\u00e1 vulnerable a sanciones viales por circular sin holograma vigente.<\/p>\n","protected":false},"excerpt":{"rendered":"A partir del 1 de julio, en Puebla arranc\u00f3 la segunda ronda de verificaci\u00f3n vehicular correspondiente al segundo&hellip;","protected":false},"author":1,"featured_media":75924,"comment_status":"open","ping_status":"open","sticky":false,"template":"","format":"standard","meta":{"csco_display_header_overlay":false,"csco_singular_sidebar":"","csco_page_header_type":"","csco_page_load_nextpost":"","csco_post_video_location":[],"csco_post_video_location_hash":"","csco_post_video_url":"","csco_post_video_bg_start_time":0,"csco_post_video_bg_end_time":0,"footnotes":""},"categories":[29],"tags":[58,1562,40,1561,1563,1560,1559],"class_list":{"0":"post-75923","1":"post","2":"type-post","3":"status-publish","4":"format-standard","5":"has-post-thumbnail","7":"category-estatal","8":"tag-58","9":"tag-conductores","10":"tag-puebla","11":"tag-secretaria-de-medio-ambiente","12":"tag-segundo-semestre","13":"tag-vereficentros","14":"tag-verificacion-vehicular","15":"cs-entry","16":"cs-video-wrap"},"yoast_head":"<!-- This site is optimized with the Yoast SEO Premium plugin v24.7 (Yoast SEO v27.4) - https:\/\/yoast.com\/product\/yoast-seo-premium-wordpress\/ -->\n<title>Gu\u00eda para verificar tu auto en Puebla este semestre: calendario, precios y documentos - Grupo Hoy Puebla<\/title>\n<meta name=\"description\" content=\"Puebla inici\u00f3 el 2\u00b0 semestre para verificar tu auto 2025 con calendario por placas, tarifas espec\u00edficas y sanciones por incumplimiento.\" \/>\n<meta name=\"robots\" content=\"index, follow, max-snippet:-1, max-image-preview:large, max-video-preview:-1\" \/>\n<link rel=\"canonical\" href=\"https:\/\/grupohoymexico.com\/puebla\/2025\/07\/09\/guia-para-verificar-tu-auto-en-puebla-este-semestre-calendario-precios-y-documentos\/\" \/>\n<meta property=\"og:locale\" content=\"es_MX\" \/>\n<meta property=\"og:type\" content=\"article\" \/>\n<meta property=\"og:title\" content=\"Gu\u00eda para verificar tu auto en Puebla este semestre: calendario, precios y documentos\" \/>\n<meta property=\"og:description\" content=\"Puebla inici\u00f3 el 2\u00b0 semestre para verificar tu auto 2025 con calendario por placas, tarifas espec\u00edficas y sanciones por incumplimiento.\" \/>\n<meta property=\"og:url\" content=\"https:\/\/grupohoymexico.com\/puebla\/2025\/07\/09\/guia-para-verificar-tu-auto-en-puebla-este-semestre-calendario-precios-y-documentos\/\" \/>\n<meta property=\"og:site_name\" content=\"Grupo Hoy Puebla\" \/>\n<meta property=\"article:published_time\" content=\"2025-07-09T15:39:05+00:00\" \/>\n<meta property=\"og:image\" content=\"https:\/\/grupohoymexico.com\/puebla\/wp-content\/uploads\/sites\/3\/2025\/07\/5147921554896694863.jpg\" \/>\n\t<meta property=\"og:image:width\" content=\"1201\" \/>\n\t<meta property=\"og:image:height\" content=\"639\" \/>\n\t<meta property=\"og:image:type\" content=\"image\/jpeg\" \/>\n<meta name=\"author\" content=\"user\" \/>\n<meta name=\"twitter:card\" content=\"summary_large_image\" \/>\n<meta name=\"twitter:label1\" content=\"Escrito por\" \/>\n\t<meta name=\"twitter:data1\" content=\"user\" \/>\n\t<meta name=\"twitter:label2\" content=\"Tiempo de lectura\" \/>\n\t<meta name=\"twitter:data2\" content=\"2 minutos\" \/>\n<script type=\"application\/ld+json\" class=\"yoast-schema-graph\">{\"@context\":\"https:\\\/\\\/schema.org\",\"@graph\":[{\"@type\":\"Article\",\"@id\":\"https:\\\/\\\/grupohoymexico.com\\\/puebla\\\/2025\\\/07\\\/09\\\/guia-para-verificar-tu-auto-en-puebla-este-semestre-calendario-precios-y-documentos\\\/#article\",\"isPartOf\":{\"@id\":\"https:\\\/\\\/grupohoymexico.com\\\/puebla\\\/2025\\\/07\\\/09\\\/guia-para-verificar-tu-auto-en-puebla-este-semestre-calendario-precios-y-documentos\\\/\"},\"author\":{\"name\":\"user\",\"@id\":\"https:\\\/\\\/grupohoymexico.com\\\/puebla\\\/#\\\/schema\\\/person\\\/ce6086ac837852775a3a4f539356c297\"},\"headline\":\"Gu\u00eda para verificar tu auto en Puebla este semestre: calendario, precios y documentos\",\"datePublished\":\"2025-07-09T15:39:05+00:00\",\"mainEntityOfPage\":{\"@id\":\"https:\\\/\\\/grupohoymexico.com\\\/puebla\\\/2025\\\/07\\\/09\\\/guia-para-verificar-tu-auto-en-puebla-este-semestre-calendario-precios-y-documentos\\\/\"},\"wordCount\":414,\"commentCount\":0,\"image\":{\"@id\":\"https:\\\/\\\/grupohoymexico.com\\\/puebla\\\/2025\\\/07\\\/09\\\/guia-para-verificar-tu-auto-en-puebla-este-semestre-calendario-precios-y-documentos\\\/#primaryimage\"},\"thumbnailUrl\":\"https:\\\/\\\/grupohoymexico.com\\\/puebla\\\/wp-content\\\/uploads\\\/sites\\\/3\\\/2025\\\/07\\\/5147921554896694863.jpg\",\"keywords\":[\"2025\",\"conductores\",\"puebla\",\"Secretar\u00eda de Medio Ambiente\",\"segundo semestre\",\"vereficentros\",\"verificaci\u00f3n vehicular\"],\"articleSection\":[\"Estatal\"],\"inLanguage\":\"es\",\"potentialAction\":[{\"@type\":\"CommentAction\",\"name\":\"Comment\",\"target\":[\"https:\\\/\\\/grupohoymexico.com\\\/puebla\\\/2025\\\/07\\\/09\\\/guia-para-verificar-tu-auto-en-puebla-este-semestre-calendario-precios-y-documentos\\\/#respond\"]}]},{\"@type\":\"WebPage\",\"@id\":\"https:\\\/\\\/grupohoymexico.com\\\/puebla\\\/2025\\\/07\\\/09\\\/guia-para-verificar-tu-auto-en-puebla-este-semestre-calendario-precios-y-documentos\\\/\",\"url\":\"https:\\\/\\\/grupohoymexico.com\\\/puebla\\\/2025\\\/07\\\/09\\\/guia-para-verificar-tu-auto-en-puebla-este-semestre-calendario-precios-y-documentos\\\/\",\"name\":\"Gu\u00eda para verificar tu auto en Puebla este semestre: calendario, precios y documentos - Grupo Hoy Puebla\",\"isPartOf\":{\"@id\":\"https:\\\/\\\/grupohoymexico.com\\\/puebla\\\/#website\"},\"primaryImageOfPage\":{\"@id\":\"https:\\\/\\\/grupohoymexico.com\\\/puebla\\\/2025\\\/07\\\/09\\\/guia-para-verificar-tu-auto-en-puebla-este-semestre-calendario-precios-y-documentos\\\/#primaryimage\"},\"image\":{\"@id\":\"https:\\\/\\\/grupohoymexico.com\\\/puebla\\\/2025\\\/07\\\/09\\\/guia-para-verificar-tu-auto-en-puebla-este-semestre-calendario-precios-y-documentos\\\/#primaryimage\"},\"thumbnailUrl\":\"https:\\\/\\\/grupohoymexico.com\\\/puebla\\\/wp-content\\\/uploads\\\/sites\\\/3\\\/2025\\\/07\\\/5147921554896694863.jpg\",\"datePublished\":\"2025-07-09T15:39:05+00:00\",\"author\":{\"@id\":\"https:\\\/\\\/grupohoymexico.com\\\/puebla\\\/#\\\/schema\\\/person\\\/ce6086ac837852775a3a4f539356c297\"},\"description\":\"Puebla inici\u00f3 el 2\u00b0 semestre para verificar tu auto 2025 con calendario por placas, tarifas espec\u00edficas y sanciones por incumplimiento.\",\"breadcrumb\":{\"@id\":\"https:\\\/\\\/grupohoymexico.com\\\/puebla\\\/2025\\\/07\\\/09\\\/guia-para-verificar-tu-auto-en-puebla-este-semestre-calendario-precios-y-documentos\\\/#breadcrumb\"},\"inLanguage\":\"es\",\"potentialAction\":[{\"@type\":\"ReadAction\",\"target\":[\"https:\\\/\\\/grupohoymexico.com\\\/puebla\\\/2025\\\/07\\\/09\\\/guia-para-verificar-tu-auto-en-puebla-este-semestre-calendario-precios-y-documentos\\\/\"]}]},{\"@type\":\"ImageObject\",\"inLanguage\":\"es\",\"@id\":\"https:\\\/\\\/grupohoymexico.com\\\/puebla\\\/2025\\\/07\\\/09\\\/guia-para-verificar-tu-auto-en-puebla-este-semestre-calendario-precios-y-documentos\\\/#primaryimage\",\"url\":\"https:\\\/\\\/grupohoymexico.com\\\/puebla\\\/wp-content\\\/uploads\\\/sites\\\/3\\\/2025\\\/07\\\/5147921554896694863.jpg\",\"contentUrl\":\"https:\\\/\\\/grupohoymexico.com\\\/puebla\\\/wp-content\\\/uploads\\\/sites\\\/3\\\/2025\\\/07\\\/5147921554896694863.jpg\",\"width\":1201,\"height\":639,\"caption\":\"Foto: Vereficentros Puebla\"},{\"@type\":\"BreadcrumbList\",\"@id\":\"https:\\\/\\\/grupohoymexico.com\\\/puebla\\\/2025\\\/07\\\/09\\\/guia-para-verificar-tu-auto-en-puebla-este-semestre-calendario-precios-y-documentos\\\/#breadcrumb\",\"itemListElement\":[{\"@type\":\"ListItem\",\"position\":1,\"name\":\"Inicio\",\"item\":\"https:\\\/\\\/grupohoymexico.com\\\/puebla\\\/\"},{\"@type\":\"ListItem\",\"position\":2,\"name\":\"Gu\u00eda para verificar tu auto en Puebla este semestre: calendario, precios y documentos\"}]},{\"@type\":\"WebSite\",\"@id\":\"https:\\\/\\\/grupohoymexico.com\\\/puebla\\\/#website\",\"url\":\"https:\\\/\\\/grupohoymexico.com\\\/puebla\\\/\",\"name\":\"Grupo Hoy Puebla\",\"description\":\"\",\"potentialAction\":[{\"@type\":\"SearchAction\",\"target\":{\"@type\":\"EntryPoint\",\"urlTemplate\":\"https:\\\/\\\/grupohoymexico.com\\\/puebla\\\/?s={search_term_string}\"},\"query-input\":{\"@type\":\"PropertyValueSpecification\",\"valueRequired\":true,\"valueName\":\"search_term_string\"}}],\"inLanguage\":\"es\"},{\"@type\":\"Person\",\"@id\":\"https:\\\/\\\/grupohoymexico.com\\\/puebla\\\/#\\\/schema\\\/person\\\/ce6086ac837852775a3a4f539356c297\",\"name\":\"user\",\"image\":{\"@type\":\"ImageObject\",\"inLanguage\":\"es\",\"@id\":\"https:\\\/\\\/secure.gravatar.com\\\/avatar\\\/25f78de4fa956f6f7c01f8d96f8087d8958ebe06d57e630cd54e36aefb9dacea?s=96&d=mm&r=g\",\"url\":\"https:\\\/\\\/secure.gravatar.com\\\/avatar\\\/25f78de4fa956f6f7c01f8d96f8087d8958ebe06d57e630cd54e36aefb9dacea?s=96&d=mm&r=g\",\"contentUrl\":\"https:\\\/\\\/secure.gravatar.com\\\/avatar\\\/25f78de4fa956f6f7c01f8d96f8087d8958ebe06d57e630cd54e36aefb9dacea?s=96&d=mm&r=g\",\"caption\":\"user\"},\"sameAs\":[\"http:\\\/\\\/44.197.188.197.nip.io\"],\"url\":\"https:\\\/\\\/grupohoymexico.com\\\/puebla\\\/author\\\/user\\\/\"}]}<\/script>\n<!-- \/ Yoast SEO Premium plugin. -->","yoast_head_json":{"title":"Gu\u00eda para verificar tu auto en Puebla este semestre: calendario, precios y documentos - Grupo Hoy Puebla","description":"Puebla inici\u00f3 el 2\u00b0 semestre para verificar tu auto 2025 con calendario por placas, tarifas espec\u00edficas y sanciones por incumplimiento.","robots":{"index":"index","follow":"follow","max-snippet":"max-snippet:-1","max-image-preview":"max-image-preview:large","max-video-preview":"max-video-preview:-1"},"canonical":"https:\/\/grupohoymexico.com\/puebla\/2025\/07\/09\/guia-para-verificar-tu-auto-en-puebla-este-semestre-calendario-precios-y-documentos\/","og_locale":"es_MX","og_type":"article","og_title":"Gu\u00eda para verificar tu auto en Puebla este semestre: calendario, precios y documentos","og_description":"Puebla inici\u00f3 el 2\u00b0 semestre para verificar tu auto 2025 con calendario por placas, tarifas espec\u00edficas y sanciones por incumplimiento.","og_url":"https:\/\/grupohoymexico.com\/puebla\/2025\/07\/09\/guia-para-verificar-tu-auto-en-puebla-este-semestre-calendario-precios-y-documentos\/","og_site_name":"Grupo Hoy Puebla","article_published_time":"2025-07-09T15:39:05+00:00","og_image":[{"width":1201,"height":639,"url":"https:\/\/grupohoymexico.com\/puebla\/wp-content\/uploads\/sites\/3\/2025\/07\/5147921554896694863.jpg","type":"image\/jpeg"}],"author":"user","twitter_card":"summary_large_image","twitter_misc":{"Escrito por":"user","Tiempo de lectura":"2 minutos"},"schema":{"@context":"https:\/\/schema.org","@graph":[{"@type":"Article","@id":"https:\/\/grupohoymexico.com\/puebla\/2025\/07\/09\/guia-para-verificar-tu-auto-en-puebla-este-semestre-calendario-precios-y-documentos\/#article","isPartOf":{"@id":"https:\/\/grupohoymexico.com\/puebla\/2025\/07\/09\/guia-para-verificar-tu-auto-en-puebla-este-semestre-calendario-precios-y-documentos\/"},"author":{"name":"user","@id":"https:\/\/grupohoymexico.com\/puebla\/#\/schema\/person\/ce6086ac837852775a3a4f539356c297"},"headline":"Gu\u00eda para verificar tu auto en Puebla este semestre: calendario, precios y documentos","datePublished":"2025-07-09T15:39:05+00:00","mainEntityOfPage":{"@id":"https:\/\/grupohoymexico.com\/puebla\/2025\/07\/09\/guia-para-verificar-tu-auto-en-puebla-este-semestre-calendario-precios-y-documentos\/"},"wordCount":414,"commentCount":0,"image":{"@id":"https:\/\/grupohoymexico.com\/puebla\/2025\/07\/09\/guia-para-verificar-tu-auto-en-puebla-este-semestre-calendario-precios-y-documentos\/#primaryimage"},"thumbnailUrl":"https:\/\/grupohoymexico.com\/puebla\/wp-content\/uploads\/sites\/3\/2025\/07\/5147921554896694863.jpg","keywords":["2025","conductores","puebla","Secretar\u00eda de Medio Ambiente","segundo semestre","vereficentros","verificaci\u00f3n vehicular"],"articleSection":["Estatal"],"inLanguage":"es","potentialAction":[{"@type":"CommentAction","name":"Comment","target":["https:\/\/grupohoymexico.com\/puebla\/2025\/07\/09\/guia-para-verificar-tu-auto-en-puebla-este-semestre-calendario-precios-y-documentos\/#respond"]}]},{"@type":"WebPage","@id":"https:\/\/grupohoymexico.com\/puebla\/2025\/07\/09\/guia-para-verificar-tu-auto-en-puebla-este-semestre-calendario-precios-y-documentos\/","url":"https:\/\/grupohoymexico.com\/puebla\/2025\/07\/09\/guia-para-verificar-tu-auto-en-puebla-este-semestre-calendario-precios-y-documentos\/","name":"Gu\u00eda para verificar tu auto en Puebla este semestre: calendario, precios y documentos - Grupo Hoy Puebla","isPartOf":{"@id":"https:\/\/grupohoymexico.com\/puebla\/#website"},"primaryImageOfPage":{"@id":"https:\/\/grupohoymexico.com\/puebla\/2025\/07\/09\/guia-para-verificar-tu-auto-en-puebla-este-semestre-calendario-precios-y-documentos\/#primaryimage"},"image":{"@id":"https:\/\/grupohoymexico.com\/puebla\/2025\/07\/09\/guia-para-verificar-tu-auto-en-puebla-este-semestre-calendario-precios-y-documentos\/#primaryimage"},"thumbnailUrl":"https:\/\/grupohoymexico.com\/puebla\/wp-content\/uploads\/sites\/3\/2025\/07\/5147921554896694863.jpg","datePublished":"2025-07-09T15:39:05+00:00","author":{"@id":"https:\/\/grupohoymexico.com\/puebla\/#\/schema\/person\/ce6086ac837852775a3a4f539356c297"},"description":"Puebla inici\u00f3 el 2\u00b0 semestre para verificar tu auto 2025 con calendario por placas, tarifas espec\u00edficas y sanciones por incumplimiento.","breadcrumb":{"@id":"https:\/\/grupohoymexico.com\/puebla\/2025\/07\/09\/guia-para-verificar-tu-auto-en-puebla-este-semestre-calendario-precios-y-documentos\/#breadcrumb"},"inLanguage":"es","potentialAction":[{"@type":"ReadAction","target":["https:\/\/grupohoymexico.com\/puebla\/2025\/07\/09\/guia-para-verificar-tu-auto-en-puebla-este-semestre-calendario-precios-y-documentos\/"]}]},{"@type":"ImageObject","inLanguage":"es","@id":"https:\/\/grupohoymexico.com\/puebla\/2025\/07\/09\/guia-para-verificar-tu-auto-en-puebla-este-semestre-calendario-precios-y-documentos\/#primaryimage","url":"https:\/\/grupohoymexico.com\/puebla\/wp-content\/uploads\/sites\/3\/2025\/07\/5147921554896694863.jpg","contentUrl":"https:\/\/grupohoymexico.com\/puebla\/wp-content\/uploads\/sites\/3\/2025\/07\/5147921554896694863.jpg","width":1201,"height":639,"caption":"Foto: Vereficentros Puebla"},{"@type":"BreadcrumbList","@id":"https:\/\/grupohoymexico.com\/puebla\/2025\/07\/09\/guia-para-verificar-tu-auto-en-puebla-este-semestre-calendario-precios-y-documentos\/#breadcrumb","itemListElement":[{"@type":"ListItem","position":1,"name":"Inicio","item":"https:\/\/grupohoymexico.com\/puebla\/"},{"@type":"ListItem","position":2,"name":"Gu\u00eda para verificar tu auto en Puebla este semestre: calendario, precios y documentos"}]},{"@type":"WebSite","@id":"https:\/\/grupohoymexico.com\/puebla\/#website","url":"https:\/\/grupohoymexico.com\/puebla\/","name":"Grupo Hoy Puebla","description":"","potentialAction":[{"@type":"SearchAction","target":{"@type":"EntryPoint","urlTemplate":"https:\/\/grupohoymexico.com\/puebla\/?s={search_term_string}"},"query-input":{"@type":"PropertyValueSpecification","valueRequired":true,"valueName":"search_term_string"}}],"inLanguage":"es"},{"@type":"Person","@id":"https:\/\/grupohoymexico.com\/puebla\/#\/schema\/person\/ce6086ac837852775a3a4f539356c297","name":"user","image":{"@type":"ImageObject","inLanguage":"es","@id":"https:\/\/secure.gravatar.com\/avatar\/25f78de4fa956f6f7c01f8d96f8087d8958ebe06d57e630cd54e36aefb9dacea?s=96&d=mm&r=g","url":"https:\/\/secure.gravatar.com\/avatar\/25f78de4fa956f6f7c01f8d96f8087d8958ebe06d57e630cd54e36aefb9dacea?s=96&d=mm&r=g","contentUrl":"https:\/\/secure.gravatar.com\/avatar\/25f78de4fa956f6f7c01f8d96f8087d8958ebe06d57e630cd54e36aefb9dacea?s=96&d=mm&r=g","caption":"user"},"sameAs":["http:\/\/44.197.188.197.nip.io"],"url":"https:\/\/grupohoymexico.com\/puebla\/author\/user\/"}]}},"_links":{"self":[{"href":"https:\/\/grupohoymexico.com\/puebla\/wp-json\/wp\/v2\/posts\/75923","targetHints":{"allow":["GET"]}}],"collection":[{"href":"https:\/\/grupohoymexico.com\/puebla\/wp-json\/wp\/v2\/posts"}],"about":[{"href":"https:\/\/grupohoymexico.com\/puebla\/wp-json\/wp\/v2\/types\/post"}],"author":[{"embeddable":true,"href":"https:\/\/grupohoymexico.com\/puebla\/wp-json\/wp\/v2\/users\/1"}],"replies":[{"embeddable":true,"href":"https:\/\/grupohoymexico.com\/puebla\/wp-json\/wp\/v2\/comments?post=75923"}],"version-history":[{"count":1,"href":"https:\/\/grupohoymexico.com\/puebla\/wp-json\/wp\/v2\/posts\/75923\/revisions"}],"predecessor-version":[{"id":75925,"href":"https:\/\/grupohoymexico.com\/puebla\/wp-json\/wp\/v2\/posts\/75923\/revisions\/75925"}],"wp:featuredmedia":[{"embeddable":true,"href":"https:\/\/grupohoymexico.com\/puebla\/wp-json\/wp\/v2\/media\/75924"}],"wp:attachment":[{"href":"https:\/\/grupohoymexico.com\/puebla\/wp-json\/wp\/v2\/media?parent=75923"}],"wp:term":[{"taxonomy":"category","embeddable":true,"href":"https:\/\/grupohoymexico.com\/puebla\/wp-json\/wp\/v2\/categories?post=75923"},{"taxonomy":"post_tag","embeddable":true,"href":"https:\/\/grupohoymexico.com\/puebla\/wp-json\/wp\/v2\/tags?post=75923"}],"curies":[{"name":"wp","href":"https:\/\/api.w.org\/{rel}","templated":true}]}}