{"id":75914,"date":"2025-07-08T18:23:34","date_gmt":"2025-07-08T18:23:34","guid":{"rendered":"https:\/\/grupohoymexico.com\/puebla\/?p=75914"},"modified":"2025-07-08T18:23:34","modified_gmt":"2025-07-08T18:23:34","slug":"caso-de-maltrato-animal-indigna-en-puebla","status":"publish","type":"post","link":"https:\/\/grupohoymexico.com\/puebla\/2025\/07\/08\/caso-de-maltrato-animal-indigna-en-puebla\/","title":{"rendered":"Caso de maltrato animal indigna en Puebla"},"content":{"rendered":"\n<p>Un caso de maltrato animal indigna a la <strong>comunidad de Zacatzingo, Zacatl\u00e1n, Puebla<\/strong>. Esto luego que en redes sociales se viralizaran im\u00e1genes de c\u00f3mo fue que unas personas golpearon al perrito con unos palos.<\/p>\n\n\n\n<p>En las im\u00e1genes se ve c\u00f3mo es que unos adultos mayores portan unos palos gigantes y arrinconan al lomito en la esquina de un bald\u00edo. En el clip se alcanza a ver c\u00f3mo es que el perrito tiene miedo y busca evadir la agresi\u00f3n. <\/p>\n\n\n\n<p><strong>TAMBI\u00c9N LEE:<\/strong> <a href=\"https:\/\/grupohoymexico.com\/puebla\/2025\/07\/07\/donde-encontrar-la-gasolina-mas-barata-en-puebla-esta-semana\/\" target=\"_blank\" rel=\"noreferrer noopener\">\u00bfD\u00f3nde encontrar la gasolina m\u00e1s barata en Puebla esta semana?<\/a><\/p>\n\n\n\n<p>Hasta el momento se desconoce el estado del lomito, aunque el <strong>Centro de Bienestar Animal<\/strong> ya inici\u00f3 investigaciones para ahondar en los hechos.<\/p>\n\n\n\n<p>El caso de maltrato animal en <strong>Zacatl\u00e1n, Puebla<\/strong>, ocurre un d\u00eda despu\u00e9s de que el gobierno del estado anunci\u00f3 la instalaci\u00f3n de un <strong>Centro de Bienestar Animal y Adaptaci\u00f3n Sustentable<\/strong> en cada microrregi\u00f3n del Estado.<\/p>\n\n\n\n<p><strong>TAMBI\u00c9N LEE: <\/strong><a href=\"https:\/\/grupohoymexico.com\/puebla\/2025\/07\/08\/pepe-chedraui-al-borde-del-fracaso-en-la-administracion-de-puebla\/\" target=\"_blank\" rel=\"noreferrer noopener\">Pepe Chedraui, al borde del fracaso en la administraci\u00f3n de Puebla<\/a><\/p>\n\n\n\n<h2 class=\"wp-block-heading\" id=\"h-casos-de-maltrato-animal-en-puebla-al-alza\">Casos de maltrato animal en Puebla, al alza<\/h2>\n\n\n\n<p>La intenci\u00f3n de dicha iniciativa es fortalecer la atenci\u00f3n oportuna y adecuada en beneficio de los animales. Hasta el momento, en 200 d\u00edas de gobierno, se realizaron 147 aseguramientos de caninos y felinos que se encontraban en condiciones de maltrato o crueldad.<\/p>\n\n\n\n<p>En los \u00faltimos a\u00f1os, Puebla ha presentado un elevado n\u00famero de casos de maltrato animal, sin que la mayor\u00eda avance a sanci\u00f3n. Entre septiembre de 2020 y el mismo mes de 2023 se documentaron 2,076 reportes ante la Secretar\u00eda de Medio Ambiente estatal, de los cuales solo 67 se resolvieron.<\/p>\n\n\n\n<p>En ese mismo periodo solo se judicializ\u00f3 una sentencia por maltrato, aunque 486 de los reportes alcanzaron el nivel de denuncia formal . Seg\u00fan especialistas, esto se debe a lagunas en el marco legal y dificultades para demostrar la intenci\u00f3n de causar da\u00f1o, uno de los requisitos fundamentales del tipo penal.<\/p>\n\n\n\n<p><br><a href=\"https:\/\/www.elsoldepuebla.com.mx\/local\/impunidad-en-casos-de-maltrato-animal-en-puebla-solo-hay-un-sentenciado-11440797.html?utm_source=chatgpt.com\" target=\"_blank\" rel=\"noreferrer noopener\"><\/a><\/p>\n","protected":false},"excerpt":{"rendered":"Un caso de maltrato animal indigna a la comunidad de Zacatzingo, Zacatl\u00e1n, Puebla. Esto luego que en redes&hellip;","protected":false},"author":15,"featured_media":75918,"comment_status":"open","ping_status":"open","sticky":false,"template":"","format":"standard","meta":{"csco_display_header_overlay":false,"csco_singular_sidebar":"","csco_page_header_type":"","csco_page_load_nextpost":"","csco_post_video_location":[],"csco_post_video_location_hash":"","csco_post_video_url":"","csco_post_video_bg_start_time":0,"csco_post_video_bg_end_time":0,"footnotes":""},"categories":[111],"tags":[1558,660],"class_list":{"0":"post-75914","1":"post","2":"type-post","3":"status-publish","4":"format-standard","5":"has-post-thumbnail","7":"category-policiaco","8":"tag-centro-de-bienestar-animal","9":"tag-maltrato-animal","10":"cs-entry","11":"cs-video-wrap"},"yoast_head":"<!-- This site is optimized with the Yoast SEO Premium plugin v24.7 (Yoast SEO v27.4) - https:\/\/yoast.com\/product\/yoast-seo-premium-wordpress\/ -->\n<title>Caso de maltrato animal indigna en Puebla - Grupo Hoy Puebla<\/title>\n<meta name=\"description\" content=\"En redes sociales se difundi\u00f3 un video sobre un caso de maltrato animal en Zacatl\u00e1n, Puebla. El Centro de Bienestar Animal ya investiga.\" \/>\n<meta name=\"robots\" content=\"index, follow, max-snippet:-1, max-image-preview:large, max-video-preview:-1\" \/>\n<link rel=\"canonical\" href=\"https:\/\/grupohoymexico.com\/puebla\/2025\/07\/08\/caso-de-maltrato-animal-indigna-en-puebla\/\" \/>\n<meta property=\"og:locale\" content=\"es_MX\" \/>\n<meta property=\"og:type\" content=\"article\" \/>\n<meta property=\"og:title\" content=\"Caso de maltrato animal indigna en Puebla\" \/>\n<meta property=\"og:description\" content=\"En redes sociales se difundi\u00f3 un video sobre un caso de maltrato animal en Zacatl\u00e1n, Puebla. El Centro de Bienestar Animal ya investiga.\" \/>\n<meta property=\"og:url\" content=\"https:\/\/grupohoymexico.com\/puebla\/2025\/07\/08\/caso-de-maltrato-animal-indigna-en-puebla\/\" \/>\n<meta property=\"og:site_name\" content=\"Grupo Hoy Puebla\" \/>\n<meta property=\"article:published_time\" content=\"2025-07-08T18:23:34+00:00\" \/>\n<meta property=\"og:image\" content=\"https:\/\/grupohoymexico.com\/puebla\/wp-content\/uploads\/sites\/3\/2025\/07\/caso_de_maltrato_animal_puebla.jpg\" \/>\n\t<meta property=\"og:image:width\" content=\"1201\" \/>\n\t<meta property=\"og:image:height\" content=\"639\" \/>\n\t<meta property=\"og:image:type\" content=\"image\/jpeg\" \/>\n<meta name=\"author\" content=\"nestor\" \/>\n<meta name=\"twitter:card\" content=\"summary_large_image\" \/>\n<meta name=\"twitter:label1\" content=\"Escrito por\" \/>\n\t<meta name=\"twitter:data1\" content=\"nestor\" \/>\n\t<meta name=\"twitter:label2\" content=\"Tiempo de lectura\" \/>\n\t<meta name=\"twitter:data2\" content=\"2 minutos\" \/>\n<script type=\"application\/ld+json\" class=\"yoast-schema-graph\">{\"@context\":\"https:\\\/\\\/schema.org\",\"@graph\":[{\"@type\":\"Article\",\"@id\":\"https:\\\/\\\/grupohoymexico.com\\\/puebla\\\/2025\\\/07\\\/08\\\/caso-de-maltrato-animal-indigna-en-puebla\\\/#article\",\"isPartOf\":{\"@id\":\"https:\\\/\\\/grupohoymexico.com\\\/puebla\\\/2025\\\/07\\\/08\\\/caso-de-maltrato-animal-indigna-en-puebla\\\/\"},\"author\":{\"name\":\"nestor\",\"@id\":\"https:\\\/\\\/grupohoymexico.com\\\/puebla\\\/#\\\/schema\\\/person\\\/8201f3fa49669f346d08e15801e0ebc2\"},\"headline\":\"Caso de maltrato animal indigna en Puebla\",\"datePublished\":\"2025-07-08T18:23:34+00:00\",\"mainEntityOfPage\":{\"@id\":\"https:\\\/\\\/grupohoymexico.com\\\/puebla\\\/2025\\\/07\\\/08\\\/caso-de-maltrato-animal-indigna-en-puebla\\\/\"},\"wordCount\":341,\"commentCount\":0,\"image\":{\"@id\":\"https:\\\/\\\/grupohoymexico.com\\\/puebla\\\/2025\\\/07\\\/08\\\/caso-de-maltrato-animal-indigna-en-puebla\\\/#primaryimage\"},\"thumbnailUrl\":\"https:\\\/\\\/grupohoymexico.com\\\/puebla\\\/wp-content\\\/uploads\\\/sites\\\/3\\\/2025\\\/07\\\/caso_de_maltrato_animal_puebla.jpg\",\"keywords\":[\"Centro de Bienestar Animal\",\"Maltrato Animal\"],\"articleSection\":[\"Policiaco\"],\"inLanguage\":\"es\",\"potentialAction\":[{\"@type\":\"CommentAction\",\"name\":\"Comment\",\"target\":[\"https:\\\/\\\/grupohoymexico.com\\\/puebla\\\/2025\\\/07\\\/08\\\/caso-de-maltrato-animal-indigna-en-puebla\\\/#respond\"]}]},{\"@type\":\"WebPage\",\"@id\":\"https:\\\/\\\/grupohoymexico.com\\\/puebla\\\/2025\\\/07\\\/08\\\/caso-de-maltrato-animal-indigna-en-puebla\\\/\",\"url\":\"https:\\\/\\\/grupohoymexico.com\\\/puebla\\\/2025\\\/07\\\/08\\\/caso-de-maltrato-animal-indigna-en-puebla\\\/\",\"name\":\"Caso de maltrato animal indigna en Puebla - Grupo Hoy Puebla\",\"isPartOf\":{\"@id\":\"https:\\\/\\\/grupohoymexico.com\\\/puebla\\\/#website\"},\"primaryImageOfPage\":{\"@id\":\"https:\\\/\\\/grupohoymexico.com\\\/puebla\\\/2025\\\/07\\\/08\\\/caso-de-maltrato-animal-indigna-en-puebla\\\/#primaryimage\"},\"image\":{\"@id\":\"https:\\\/\\\/grupohoymexico.com\\\/puebla\\\/2025\\\/07\\\/08\\\/caso-de-maltrato-animal-indigna-en-puebla\\\/#primaryimage\"},\"thumbnailUrl\":\"https:\\\/\\\/grupohoymexico.com\\\/puebla\\\/wp-content\\\/uploads\\\/sites\\\/3\\\/2025\\\/07\\\/caso_de_maltrato_animal_puebla.jpg\",\"datePublished\":\"2025-07-08T18:23:34+00:00\",\"author\":{\"@id\":\"https:\\\/\\\/grupohoymexico.com\\\/puebla\\\/#\\\/schema\\\/person\\\/8201f3fa49669f346d08e15801e0ebc2\"},\"description\":\"En redes sociales se difundi\u00f3 un video sobre un caso de maltrato animal en Zacatl\u00e1n, Puebla. El Centro de Bienestar Animal ya investiga.\",\"breadcrumb\":{\"@id\":\"https:\\\/\\\/grupohoymexico.com\\\/puebla\\\/2025\\\/07\\\/08\\\/caso-de-maltrato-animal-indigna-en-puebla\\\/#breadcrumb\"},\"inLanguage\":\"es\",\"potentialAction\":[{\"@type\":\"ReadAction\",\"target\":[\"https:\\\/\\\/grupohoymexico.com\\\/puebla\\\/2025\\\/07\\\/08\\\/caso-de-maltrato-animal-indigna-en-puebla\\\/\"]}]},{\"@type\":\"ImageObject\",\"inLanguage\":\"es\",\"@id\":\"https:\\\/\\\/grupohoymexico.com\\\/puebla\\\/2025\\\/07\\\/08\\\/caso-de-maltrato-animal-indigna-en-puebla\\\/#primaryimage\",\"url\":\"https:\\\/\\\/grupohoymexico.com\\\/puebla\\\/wp-content\\\/uploads\\\/sites\\\/3\\\/2025\\\/07\\\/caso_de_maltrato_animal_puebla.jpg\",\"contentUrl\":\"https:\\\/\\\/grupohoymexico.com\\\/puebla\\\/wp-content\\\/uploads\\\/sites\\\/3\\\/2025\\\/07\\\/caso_de_maltrato_animal_puebla.jpg\",\"width\":1201,\"height\":639},{\"@type\":\"BreadcrumbList\",\"@id\":\"https:\\\/\\\/grupohoymexico.com\\\/puebla\\\/2025\\\/07\\\/08\\\/caso-de-maltrato-animal-indigna-en-puebla\\\/#breadcrumb\",\"itemListElement\":[{\"@type\":\"ListItem\",\"position\":1,\"name\":\"Inicio\",\"item\":\"https:\\\/\\\/grupohoymexico.com\\\/puebla\\\/\"},{\"@type\":\"ListItem\",\"position\":2,\"name\":\"Caso de maltrato animal indigna en Puebla\"}]},{\"@type\":\"WebSite\",\"@id\":\"https:\\\/\\\/grupohoymexico.com\\\/puebla\\\/#website\",\"url\":\"https:\\\/\\\/grupohoymexico.com\\\/puebla\\\/\",\"name\":\"Grupo Hoy Puebla\",\"description\":\"\",\"potentialAction\":[{\"@type\":\"SearchAction\",\"target\":{\"@type\":\"EntryPoint\",\"urlTemplate\":\"https:\\\/\\\/grupohoymexico.com\\\/puebla\\\/?s={search_term_string}\"},\"query-input\":{\"@type\":\"PropertyValueSpecification\",\"valueRequired\":true,\"valueName\":\"search_term_string\"}}],\"inLanguage\":\"es\"},{\"@type\":\"Person\",\"@id\":\"https:\\\/\\\/grupohoymexico.com\\\/puebla\\\/#\\\/schema\\\/person\\\/8201f3fa49669f346d08e15801e0ebc2\",\"name\":\"nestor\",\"image\":{\"@type\":\"ImageObject\",\"inLanguage\":\"es\",\"@id\":\"https:\\\/\\\/secure.gravatar.com\\\/avatar\\\/6675a6d9279ab1d8e7b7c55956d0013492fdc51e007e555bc58e5e0eac33d094?s=96&d=mm&r=g\",\"url\":\"https:\\\/\\\/secure.gravatar.com\\\/avatar\\\/6675a6d9279ab1d8e7b7c55956d0013492fdc51e007e555bc58e5e0eac33d094?s=96&d=mm&r=g\",\"contentUrl\":\"https:\\\/\\\/secure.gravatar.com\\\/avatar\\\/6675a6d9279ab1d8e7b7c55956d0013492fdc51e007e555bc58e5e0eac33d094?s=96&d=mm&r=g\",\"caption\":\"nestor\"},\"url\":\"https:\\\/\\\/grupohoymexico.com\\\/puebla\\\/author\\\/nestor\\\/\"}]}<\/script>\n<!-- \/ Yoast SEO Premium plugin. -->","yoast_head_json":{"title":"Caso de maltrato animal indigna en Puebla - Grupo Hoy Puebla","description":"En redes sociales se difundi\u00f3 un video sobre un caso de maltrato animal en Zacatl\u00e1n, Puebla. El Centro de Bienestar Animal ya investiga.","robots":{"index":"index","follow":"follow","max-snippet":"max-snippet:-1","max-image-preview":"max-image-preview:large","max-video-preview":"max-video-preview:-1"},"canonical":"https:\/\/grupohoymexico.com\/puebla\/2025\/07\/08\/caso-de-maltrato-animal-indigna-en-puebla\/","og_locale":"es_MX","og_type":"article","og_title":"Caso de maltrato animal indigna en Puebla","og_description":"En redes sociales se difundi\u00f3 un video sobre un caso de maltrato animal en Zacatl\u00e1n, Puebla. El Centro de Bienestar Animal ya investiga.","og_url":"https:\/\/grupohoymexico.com\/puebla\/2025\/07\/08\/caso-de-maltrato-animal-indigna-en-puebla\/","og_site_name":"Grupo Hoy Puebla","article_published_time":"2025-07-08T18:23:34+00:00","og_image":[{"width":1201,"height":639,"url":"https:\/\/grupohoymexico.com\/puebla\/wp-content\/uploads\/sites\/3\/2025\/07\/caso_de_maltrato_animal_puebla.jpg","type":"image\/jpeg"}],"author":"nestor","twitter_card":"summary_large_image","twitter_misc":{"Escrito por":"nestor","Tiempo de lectura":"2 minutos"},"schema":{"@context":"https:\/\/schema.org","@graph":[{"@type":"Article","@id":"https:\/\/grupohoymexico.com\/puebla\/2025\/07\/08\/caso-de-maltrato-animal-indigna-en-puebla\/#article","isPartOf":{"@id":"https:\/\/grupohoymexico.com\/puebla\/2025\/07\/08\/caso-de-maltrato-animal-indigna-en-puebla\/"},"author":{"name":"nestor","@id":"https:\/\/grupohoymexico.com\/puebla\/#\/schema\/person\/8201f3fa49669f346d08e15801e0ebc2"},"headline":"Caso de maltrato animal indigna en Puebla","datePublished":"2025-07-08T18:23:34+00:00","mainEntityOfPage":{"@id":"https:\/\/grupohoymexico.com\/puebla\/2025\/07\/08\/caso-de-maltrato-animal-indigna-en-puebla\/"},"wordCount":341,"commentCount":0,"image":{"@id":"https:\/\/grupohoymexico.com\/puebla\/2025\/07\/08\/caso-de-maltrato-animal-indigna-en-puebla\/#primaryimage"},"thumbnailUrl":"https:\/\/grupohoymexico.com\/puebla\/wp-content\/uploads\/sites\/3\/2025\/07\/caso_de_maltrato_animal_puebla.jpg","keywords":["Centro de Bienestar Animal","Maltrato Animal"],"articleSection":["Policiaco"],"inLanguage":"es","potentialAction":[{"@type":"CommentAction","name":"Comment","target":["https:\/\/grupohoymexico.com\/puebla\/2025\/07\/08\/caso-de-maltrato-animal-indigna-en-puebla\/#respond"]}]},{"@type":"WebPage","@id":"https:\/\/grupohoymexico.com\/puebla\/2025\/07\/08\/caso-de-maltrato-animal-indigna-en-puebla\/","url":"https:\/\/grupohoymexico.com\/puebla\/2025\/07\/08\/caso-de-maltrato-animal-indigna-en-puebla\/","name":"Caso de maltrato animal indigna en Puebla - Grupo Hoy Puebla","isPartOf":{"@id":"https:\/\/grupohoymexico.com\/puebla\/#website"},"primaryImageOfPage":{"@id":"https:\/\/grupohoymexico.com\/puebla\/2025\/07\/08\/caso-de-maltrato-animal-indigna-en-puebla\/#primaryimage"},"image":{"@id":"https:\/\/grupohoymexico.com\/puebla\/2025\/07\/08\/caso-de-maltrato-animal-indigna-en-puebla\/#primaryimage"},"thumbnailUrl":"https:\/\/grupohoymexico.com\/puebla\/wp-content\/uploads\/sites\/3\/2025\/07\/caso_de_maltrato_animal_puebla.jpg","datePublished":"2025-07-08T18:23:34+00:00","author":{"@id":"https:\/\/grupohoymexico.com\/puebla\/#\/schema\/person\/8201f3fa49669f346d08e15801e0ebc2"},"description":"En redes sociales se difundi\u00f3 un video sobre un caso de maltrato animal en Zacatl\u00e1n, Puebla. El Centro de Bienestar Animal ya investiga.","breadcrumb":{"@id":"https:\/\/grupohoymexico.com\/puebla\/2025\/07\/08\/caso-de-maltrato-animal-indigna-en-puebla\/#breadcrumb"},"inLanguage":"es","potentialAction":[{"@type":"ReadAction","target":["https:\/\/grupohoymexico.com\/puebla\/2025\/07\/08\/caso-de-maltrato-animal-indigna-en-puebla\/"]}]},{"@type":"ImageObject","inLanguage":"es","@id":"https:\/\/grupohoymexico.com\/puebla\/2025\/07\/08\/caso-de-maltrato-animal-indigna-en-puebla\/#primaryimage","url":"https:\/\/grupohoymexico.com\/puebla\/wp-content\/uploads\/sites\/3\/2025\/07\/caso_de_maltrato_animal_puebla.jpg","contentUrl":"https:\/\/grupohoymexico.com\/puebla\/wp-content\/uploads\/sites\/3\/2025\/07\/caso_de_maltrato_animal_puebla.jpg","width":1201,"height":639},{"@type":"BreadcrumbList","@id":"https:\/\/grupohoymexico.com\/puebla\/2025\/07\/08\/caso-de-maltrato-animal-indigna-en-puebla\/#breadcrumb","itemListElement":[{"@type":"ListItem","position":1,"name":"Inicio","item":"https:\/\/grupohoymexico.com\/puebla\/"},{"@type":"ListItem","position":2,"name":"Caso de maltrato animal indigna en Puebla"}]},{"@type":"WebSite","@id":"https:\/\/grupohoymexico.com\/puebla\/#website","url":"https:\/\/grupohoymexico.com\/puebla\/","name":"Grupo Hoy Puebla","description":"","potentialAction":[{"@type":"SearchAction","target":{"@type":"EntryPoint","urlTemplate":"https:\/\/grupohoymexico.com\/puebla\/?s={search_term_string}"},"query-input":{"@type":"PropertyValueSpecification","valueRequired":true,"valueName":"search_term_string"}}],"inLanguage":"es"},{"@type":"Person","@id":"https:\/\/grupohoymexico.com\/puebla\/#\/schema\/person\/8201f3fa49669f346d08e15801e0ebc2","name":"nestor","image":{"@type":"ImageObject","inLanguage":"es","@id":"https:\/\/secure.gravatar.com\/avatar\/6675a6d9279ab1d8e7b7c55956d0013492fdc51e007e555bc58e5e0eac33d094?s=96&d=mm&r=g","url":"https:\/\/secure.gravatar.com\/avatar\/6675a6d9279ab1d8e7b7c55956d0013492fdc51e007e555bc58e5e0eac33d094?s=96&d=mm&r=g","contentUrl":"https:\/\/secure.gravatar.com\/avatar\/6675a6d9279ab1d8e7b7c55956d0013492fdc51e007e555bc58e5e0eac33d094?s=96&d=mm&r=g","caption":"nestor"},"url":"https:\/\/grupohoymexico.com\/puebla\/author\/nestor\/"}]}},"_links":{"self":[{"href":"https:\/\/grupohoymexico.com\/puebla\/wp-json\/wp\/v2\/posts\/75914","targetHints":{"allow":["GET"]}}],"collection":[{"href":"https:\/\/grupohoymexico.com\/puebla\/wp-json\/wp\/v2\/posts"}],"about":[{"href":"https:\/\/grupohoymexico.com\/puebla\/wp-json\/wp\/v2\/types\/post"}],"author":[{"embeddable":true,"href":"https:\/\/grupohoymexico.com\/puebla\/wp-json\/wp\/v2\/users\/15"}],"replies":[{"embeddable":true,"href":"https:\/\/grupohoymexico.com\/puebla\/wp-json\/wp\/v2\/comments?post=75914"}],"version-history":[{"count":2,"href":"https:\/\/grupohoymexico.com\/puebla\/wp-json\/wp\/v2\/posts\/75914\/revisions"}],"predecessor-version":[{"id":75919,"href":"https:\/\/grupohoymexico.com\/puebla\/wp-json\/wp\/v2\/posts\/75914\/revisions\/75919"}],"wp:featuredmedia":[{"embeddable":true,"href":"https:\/\/grupohoymexico.com\/puebla\/wp-json\/wp\/v2\/media\/75918"}],"wp:attachment":[{"href":"https:\/\/grupohoymexico.com\/puebla\/wp-json\/wp\/v2\/media?parent=75914"}],"wp:term":[{"taxonomy":"category","embeddable":true,"href":"https:\/\/grupohoymexico.com\/puebla\/wp-json\/wp\/v2\/categories?post=75914"},{"taxonomy":"post_tag","embeddable":true,"href":"https:\/\/grupohoymexico.com\/puebla\/wp-json\/wp\/v2\/tags?post=75914"}],"curies":[{"name":"wp","href":"https:\/\/api.w.org\/{rel}","templated":true}]}}