{"id":75908,"date":"2025-07-08T17:48:53","date_gmt":"2025-07-08T17:48:53","guid":{"rendered":"https:\/\/grupohoymexico.com\/puebla\/?p=75908"},"modified":"2025-07-08T17:48:54","modified_gmt":"2025-07-08T17:48:54","slug":"en-puebla-registran-seis-denuncias-por-ciberacoso-infantil","status":"publish","type":"post","link":"https:\/\/grupohoymexico.com\/puebla\/2025\/07\/08\/en-puebla-registran-seis-denuncias-por-ciberacoso-infantil\/","title":{"rendered":"Puebla registra seis denuncias por ciberacoso, principalmente contra menores"},"content":{"rendered":"\n<p><\/p>\n\n\n\n<p><strong>Puebla registra seis denuncias por ciberacoso<\/strong>, principalmente<strong> contra menores<\/strong>. La <a href=\"https:\/\/fiscalia.puebla.gob.mx\/\">Fiscal\u00eda General del Estado<\/a> (FGE) inform\u00f3 que estos casos, reportados desde la tipificaci\u00f3n <strong>del delito en el C\u00f3digo Penal local<\/strong>, involucran a <strong>estudiantes de secundaria y preparatoria<\/strong>. Seg\u00fan la fiscal <a href=\"https:\/\/x.com\/idamis35?lang=en\">Idamis Pastor Betancourt<\/a>, los afectados son <strong>en su mayor\u00eda mujeres y adolescentes<\/strong> v\u00edctimas de hostigamiento en grupos digitales creados por compa\u00f1eros.<\/p>\n\n\n\n<h3 class=\"wp-block-heading\" id=\"h-que-se-considera-ciberacoso-en-puebla\"><strong>Qu\u00e9 se considera ciberacoso en Puebla<\/strong><\/h3>\n\n\n\n<p>El ciberacoso, <strong>reconocido legalmente en Puebla desde junio de 2024<\/strong>, abarca conductas como <strong>amenazas, difusi\u00f3n no consentida de datos personales y vigilancia constante <\/strong>a trav\u00e9s de redes sociales o mensajes electr\u00f3nicos. Para que se configure como delito, debe haber <strong>una afectaci\u00f3n emocional o psicol\u00f3gica comprobable<\/strong>.<\/p>\n\n\n\n<p><strong>Los seis casos reportados<\/strong> hasta ahora corresponden a particulares, sin que ning\u00fan servidor p\u00fablico haya interpuesto denuncias. <strong>Esta exclusi\u00f3n<\/strong> responde a una reforma reciente que <strong>impide a funcionarios p\u00fablicos usar esta figura legal <\/strong>para silenciar cr\u00edticas en redes, salvaguardando as\u00ed <strong>la libertad de expresi\u00f3n<\/strong>.<\/p>\n\n\n\n<figure class=\"wp-block-image size-large\"><img fetchpriority=\"high\" decoding=\"async\" width=\"819\" height=\"1024\" src=\"https:\/\/grupohoymexico.com\/puebla\/wp-content\/uploads\/sites\/3\/2025\/07\/487917316_1191803105838470_8437256198955387700_n-819x1024.jpg\" alt=\"\" class=\"wp-image-75913\" srcset=\"https:\/\/grupohoymexico.com\/puebla\/wp-content\/uploads\/sites\/3\/2025\/07\/487917316_1191803105838470_8437256198955387700_n-819x1024.jpg 819w, https:\/\/grupohoymexico.com\/puebla\/wp-content\/uploads\/sites\/3\/2025\/07\/487917316_1191803105838470_8437256198955387700_n-240x300.jpg 240w, https:\/\/grupohoymexico.com\/puebla\/wp-content\/uploads\/sites\/3\/2025\/07\/487917316_1191803105838470_8437256198955387700_n-768x960.jpg 768w, https:\/\/grupohoymexico.com\/puebla\/wp-content\/uploads\/sites\/3\/2025\/07\/487917316_1191803105838470_8437256198955387700_n-1229x1536.jpg 1229w, https:\/\/grupohoymexico.com\/puebla\/wp-content\/uploads\/sites\/3\/2025\/07\/487917316_1191803105838470_8437256198955387700_n-332x415.jpg 332w, https:\/\/grupohoymexico.com\/puebla\/wp-content\/uploads\/sites\/3\/2025\/07\/487917316_1191803105838470_8437256198955387700_n-664x830.jpg 664w, https:\/\/grupohoymexico.com\/puebla\/wp-content\/uploads\/sites\/3\/2025\/07\/487917316_1191803105838470_8437256198955387700_n-688x860.jpg 688w, https:\/\/grupohoymexico.com\/puebla\/wp-content\/uploads\/sites\/3\/2025\/07\/487917316_1191803105838470_8437256198955387700_n-1044x1305.jpg 1044w, https:\/\/grupohoymexico.com\/puebla\/wp-content\/uploads\/sites\/3\/2025\/07\/487917316_1191803105838470_8437256198955387700_n.jpg 1280w\" sizes=\"(max-width: 819px) 100vw, 819px\" \/><\/figure>\n\n\n\n<p>LEE TAMBI\u00c9N: <a href=\"https:\/\/grupohoymexico.com\/puebla\/2025\/07\/01\/programa-de-becas-buap-apoya-a-17-mil-alumnos\/\">Programa de Becas BUAP apoya a 17 mil alumnos<\/a><\/p>\n\n\n\n<h3 class=\"wp-block-heading\" id=\"h-casos-en-entornos-escolares\"><strong>Casos en entornos escolares<\/strong><\/h3>\n\n\n\n<p><strong>Dos de las denuncias<\/strong> fueron presentadas <strong>por padres de familia cuyos hijos sufrieron acoso en instituciones educativas<\/strong>. Uno de los casos ocurri\u00f3 <strong>en una secundaria y otro en un bachillerato<\/strong>, donde estudiantes crearon grupos en plataformas digitales <strong>para hostigar a sus compa\u00f1eros<\/strong>.<\/p>\n\n\n\n<p>Pastor Betancourt destac\u00f3 que, aunque l<strong>a ley busca proteger especialmente a mujeres y menores<\/strong>, su aplicaci\u00f3n requiere criterios claros <strong>para evitar interpretaciones arbitrarias<\/strong>. Organizaciones civiles han advertido sobre riesgos de uso indebido si no se establecen lineamientos precisos para las autoridades.<\/p>\n\n\n\n<h3 class=\"wp-block-heading\" id=\"h-debates-y-alcances-de-la-ley\"><strong>Debates y alcances de la ley<\/strong><\/h3>\n\n\n\n<p><strong>La incorporaci\u00f3n del ciberacoso<\/strong> al C\u00f3digo Penal de Puebla ha generado discusiones sobre su definici\u00f3n y l\u00edmites. Mientras <strong>algunos sectores celebran la medida<\/strong> como un avance contra la violencia digital, otros subrayan la necesidad de evitar que criminalice expresiones leg\u00edtimas en redes.<\/p>\n\n\n\n<p>La fiscal insisti\u00f3 en que <strong>la ley no debe emplearse para censurar opiniones<\/strong>, sino para sancionar acciones reiteradas que <strong>causen da\u00f1o psicol\u00f3gico<\/strong>. Adem\u00e1s, se\u00f1al\u00f3 que se trabaja en protocolos de actuaci\u00f3n <strong>para fiscales y polic\u00edas cibern\u00e9ticos<\/strong>, con el fin de garantizar investigaciones rigurosas.<\/p>\n\n\n\n<p><strong>Con estas denuncias<\/strong>, Puebla se suma <strong>a los estados que combaten el acoso en l\u00ednea,<\/strong> aunque el reto sigue siendo equilibrar la protecci\u00f3n de las v\u00edctimas <strong>con el respeto a los derechos digitales<\/strong>.<\/p>\n\n\n\n<p><\/p>\n","protected":false},"excerpt":{"rendered":"Puebla registra seis denuncias por ciberacoso, principalmente contra menores. La Fiscal\u00eda General del Estado (FGE) inform\u00f3 que estos&hellip;","protected":false},"author":1,"featured_media":75915,"comment_status":"open","ping_status":"open","sticky":false,"template":"","format":"standard","meta":{"csco_display_header_overlay":false,"csco_singular_sidebar":"","csco_page_header_type":"","csco_page_load_nextpost":"","csco_post_video_location":[],"csco_post_video_location_hash":"","csco_post_video_url":"","csco_post_video_bg_start_time":0,"csco_post_video_bg_end_time":0,"footnotes":""},"categories":[111,26],"tags":[98,1557,659,33,40],"class_list":{"0":"post-75908","1":"post","2":"type-post","3":"status-publish","4":"format-standard","5":"has-post-thumbnail","7":"category-policiaco","8":"category-politica","9":"tag-alejandro-armenta","10":"tag-ciberacoso","11":"tag-fge","12":"tag-politica","13":"tag-puebla","14":"cs-entry","15":"cs-video-wrap"},"yoast_head":"<!-- This site is optimized with the Yoast SEO Premium plugin v24.7 (Yoast SEO v27.4) - https:\/\/yoast.com\/product\/yoast-seo-premium-wordpress\/ -->\n<title>En Puebla registran seis denuncias por ciberacoso infantil- Grupo Hoy Puebla<\/title>\n<meta name=\"description\" content=\"Puebla reporta seis denuncias por ciberacoso, con v\u00edctimas menores en entornos escolares. Conoce c\u00f3mo opera este delito.\" \/>\n<meta name=\"robots\" content=\"index, follow, max-snippet:-1, max-image-preview:large, max-video-preview:-1\" \/>\n<link rel=\"canonical\" href=\"https:\/\/grupohoymexico.com\/puebla\/2025\/07\/08\/en-puebla-registran-seis-denuncias-por-ciberacoso-infantil\/\" \/>\n<meta property=\"og:locale\" content=\"es_MX\" \/>\n<meta property=\"og:type\" content=\"article\" \/>\n<meta property=\"og:title\" content=\"Puebla registra seis denuncias por ciberacoso, principalmente contra menores\" \/>\n<meta property=\"og:description\" content=\"Puebla reporta seis denuncias por ciberacoso, con v\u00edctimas menores en entornos escolares. Conoce c\u00f3mo opera este delito.\" \/>\n<meta property=\"og:url\" content=\"https:\/\/grupohoymexico.com\/puebla\/2025\/07\/08\/en-puebla-registran-seis-denuncias-por-ciberacoso-infantil\/\" \/>\n<meta property=\"og:site_name\" content=\"Grupo Hoy Puebla\" \/>\n<meta property=\"article:published_time\" content=\"2025-07-08T17:48:53+00:00\" \/>\n<meta property=\"article:modified_time\" content=\"2025-07-08T17:48:54+00:00\" \/>\n<meta property=\"og:image\" content=\"https:\/\/grupohoymexico.com\/puebla\/wp-content\/uploads\/sites\/3\/2025\/07\/5145773766306017725.jpg\" \/>\n\t<meta property=\"og:image:width\" content=\"1201\" \/>\n\t<meta property=\"og:image:height\" content=\"639\" \/>\n\t<meta property=\"og:image:type\" content=\"image\/jpeg\" \/>\n<meta name=\"author\" content=\"user\" \/>\n<meta name=\"twitter:card\" content=\"summary_large_image\" \/>\n<meta name=\"twitter:label1\" content=\"Escrito por\" \/>\n\t<meta name=\"twitter:data1\" content=\"user\" \/>\n\t<meta name=\"twitter:label2\" content=\"Tiempo de lectura\" \/>\n\t<meta name=\"twitter:data2\" content=\"3 minutos\" \/>\n<script type=\"application\/ld+json\" class=\"yoast-schema-graph\">{\"@context\":\"https:\\\/\\\/schema.org\",\"@graph\":[{\"@type\":\"Article\",\"@id\":\"https:\\\/\\\/grupohoymexico.com\\\/puebla\\\/2025\\\/07\\\/08\\\/en-puebla-registran-seis-denuncias-por-ciberacoso-infantil\\\/#article\",\"isPartOf\":{\"@id\":\"https:\\\/\\\/grupohoymexico.com\\\/puebla\\\/2025\\\/07\\\/08\\\/en-puebla-registran-seis-denuncias-por-ciberacoso-infantil\\\/\"},\"author\":{\"name\":\"user\",\"@id\":\"https:\\\/\\\/grupohoymexico.com\\\/puebla\\\/#\\\/schema\\\/person\\\/ce6086ac837852775a3a4f539356c297\"},\"headline\":\"Puebla registra seis denuncias por ciberacoso, principalmente contra menores\",\"datePublished\":\"2025-07-08T17:48:53+00:00\",\"dateModified\":\"2025-07-08T17:48:54+00:00\",\"mainEntityOfPage\":{\"@id\":\"https:\\\/\\\/grupohoymexico.com\\\/puebla\\\/2025\\\/07\\\/08\\\/en-puebla-registran-seis-denuncias-por-ciberacoso-infantil\\\/\"},\"wordCount\":421,\"commentCount\":0,\"image\":{\"@id\":\"https:\\\/\\\/grupohoymexico.com\\\/puebla\\\/2025\\\/07\\\/08\\\/en-puebla-registran-seis-denuncias-por-ciberacoso-infantil\\\/#primaryimage\"},\"thumbnailUrl\":\"https:\\\/\\\/grupohoymexico.com\\\/puebla\\\/wp-content\\\/uploads\\\/sites\\\/3\\\/2025\\\/07\\\/5145773766306017725.jpg\",\"keywords\":[\"Alejandro Armenta\",\"Ciberacoso\",\"FGE\",\"Pol\u00edtica\",\"puebla\"],\"articleSection\":[\"Policiaco\",\"Pol\u00edtica\"],\"inLanguage\":\"es\",\"potentialAction\":[{\"@type\":\"CommentAction\",\"name\":\"Comment\",\"target\":[\"https:\\\/\\\/grupohoymexico.com\\\/puebla\\\/2025\\\/07\\\/08\\\/en-puebla-registran-seis-denuncias-por-ciberacoso-infantil\\\/#respond\"]}]},{\"@type\":\"WebPage\",\"@id\":\"https:\\\/\\\/grupohoymexico.com\\\/puebla\\\/2025\\\/07\\\/08\\\/en-puebla-registran-seis-denuncias-por-ciberacoso-infantil\\\/\",\"url\":\"https:\\\/\\\/grupohoymexico.com\\\/puebla\\\/2025\\\/07\\\/08\\\/en-puebla-registran-seis-denuncias-por-ciberacoso-infantil\\\/\",\"name\":\"En Puebla registran seis denuncias por ciberacoso infantil- Grupo Hoy Puebla\",\"isPartOf\":{\"@id\":\"https:\\\/\\\/grupohoymexico.com\\\/puebla\\\/#website\"},\"primaryImageOfPage\":{\"@id\":\"https:\\\/\\\/grupohoymexico.com\\\/puebla\\\/2025\\\/07\\\/08\\\/en-puebla-registran-seis-denuncias-por-ciberacoso-infantil\\\/#primaryimage\"},\"image\":{\"@id\":\"https:\\\/\\\/grupohoymexico.com\\\/puebla\\\/2025\\\/07\\\/08\\\/en-puebla-registran-seis-denuncias-por-ciberacoso-infantil\\\/#primaryimage\"},\"thumbnailUrl\":\"https:\\\/\\\/grupohoymexico.com\\\/puebla\\\/wp-content\\\/uploads\\\/sites\\\/3\\\/2025\\\/07\\\/5145773766306017725.jpg\",\"datePublished\":\"2025-07-08T17:48:53+00:00\",\"dateModified\":\"2025-07-08T17:48:54+00:00\",\"author\":{\"@id\":\"https:\\\/\\\/grupohoymexico.com\\\/puebla\\\/#\\\/schema\\\/person\\\/ce6086ac837852775a3a4f539356c297\"},\"description\":\"Puebla reporta seis denuncias por ciberacoso, con v\u00edctimas menores en entornos escolares. Conoce c\u00f3mo opera este delito.\",\"breadcrumb\":{\"@id\":\"https:\\\/\\\/grupohoymexico.com\\\/puebla\\\/2025\\\/07\\\/08\\\/en-puebla-registran-seis-denuncias-por-ciberacoso-infantil\\\/#breadcrumb\"},\"inLanguage\":\"es\",\"potentialAction\":[{\"@type\":\"ReadAction\",\"target\":[\"https:\\\/\\\/grupohoymexico.com\\\/puebla\\\/2025\\\/07\\\/08\\\/en-puebla-registran-seis-denuncias-por-ciberacoso-infantil\\\/\"]}]},{\"@type\":\"ImageObject\",\"inLanguage\":\"es\",\"@id\":\"https:\\\/\\\/grupohoymexico.com\\\/puebla\\\/2025\\\/07\\\/08\\\/en-puebla-registran-seis-denuncias-por-ciberacoso-infantil\\\/#primaryimage\",\"url\":\"https:\\\/\\\/grupohoymexico.com\\\/puebla\\\/wp-content\\\/uploads\\\/sites\\\/3\\\/2025\\\/07\\\/5145773766306017725.jpg\",\"contentUrl\":\"https:\\\/\\\/grupohoymexico.com\\\/puebla\\\/wp-content\\\/uploads\\\/sites\\\/3\\\/2025\\\/07\\\/5145773766306017725.jpg\",\"width\":1201,\"height\":639,\"caption\":\"Puebla reporta seis denuncias por ciberacoso, con v\u00edctimas menores en entornos escolares. Conoce c\u00f3mo opera este delito.\"},{\"@type\":\"BreadcrumbList\",\"@id\":\"https:\\\/\\\/grupohoymexico.com\\\/puebla\\\/2025\\\/07\\\/08\\\/en-puebla-registran-seis-denuncias-por-ciberacoso-infantil\\\/#breadcrumb\",\"itemListElement\":[{\"@type\":\"ListItem\",\"position\":1,\"name\":\"Inicio\",\"item\":\"https:\\\/\\\/grupohoymexico.com\\\/puebla\\\/\"},{\"@type\":\"ListItem\",\"position\":2,\"name\":\"Puebla registra seis denuncias por ciberacoso, principalmente contra menores\"}]},{\"@type\":\"WebSite\",\"@id\":\"https:\\\/\\\/grupohoymexico.com\\\/puebla\\\/#website\",\"url\":\"https:\\\/\\\/grupohoymexico.com\\\/puebla\\\/\",\"name\":\"Grupo Hoy Puebla\",\"description\":\"\",\"potentialAction\":[{\"@type\":\"SearchAction\",\"target\":{\"@type\":\"EntryPoint\",\"urlTemplate\":\"https:\\\/\\\/grupohoymexico.com\\\/puebla\\\/?s={search_term_string}\"},\"query-input\":{\"@type\":\"PropertyValueSpecification\",\"valueRequired\":true,\"valueName\":\"search_term_string\"}}],\"inLanguage\":\"es\"},{\"@type\":\"Person\",\"@id\":\"https:\\\/\\\/grupohoymexico.com\\\/puebla\\\/#\\\/schema\\\/person\\\/ce6086ac837852775a3a4f539356c297\",\"name\":\"user\",\"image\":{\"@type\":\"ImageObject\",\"inLanguage\":\"es\",\"@id\":\"https:\\\/\\\/secure.gravatar.com\\\/avatar\\\/25f78de4fa956f6f7c01f8d96f8087d8958ebe06d57e630cd54e36aefb9dacea?s=96&d=mm&r=g\",\"url\":\"https:\\\/\\\/secure.gravatar.com\\\/avatar\\\/25f78de4fa956f6f7c01f8d96f8087d8958ebe06d57e630cd54e36aefb9dacea?s=96&d=mm&r=g\",\"contentUrl\":\"https:\\\/\\\/secure.gravatar.com\\\/avatar\\\/25f78de4fa956f6f7c01f8d96f8087d8958ebe06d57e630cd54e36aefb9dacea?s=96&d=mm&r=g\",\"caption\":\"user\"},\"sameAs\":[\"http:\\\/\\\/44.197.188.197.nip.io\"],\"url\":\"https:\\\/\\\/grupohoymexico.com\\\/puebla\\\/author\\\/user\\\/\"}]}<\/script>\n<!-- \/ Yoast SEO Premium plugin. -->","yoast_head_json":{"title":"En Puebla registran seis denuncias por ciberacoso infantil- Grupo Hoy Puebla","description":"Puebla reporta seis denuncias por ciberacoso, con v\u00edctimas menores en entornos escolares. Conoce c\u00f3mo opera este delito.","robots":{"index":"index","follow":"follow","max-snippet":"max-snippet:-1","max-image-preview":"max-image-preview:large","max-video-preview":"max-video-preview:-1"},"canonical":"https:\/\/grupohoymexico.com\/puebla\/2025\/07\/08\/en-puebla-registran-seis-denuncias-por-ciberacoso-infantil\/","og_locale":"es_MX","og_type":"article","og_title":"Puebla registra seis denuncias por ciberacoso, principalmente contra menores","og_description":"Puebla reporta seis denuncias por ciberacoso, con v\u00edctimas menores en entornos escolares. Conoce c\u00f3mo opera este delito.","og_url":"https:\/\/grupohoymexico.com\/puebla\/2025\/07\/08\/en-puebla-registran-seis-denuncias-por-ciberacoso-infantil\/","og_site_name":"Grupo Hoy Puebla","article_published_time":"2025-07-08T17:48:53+00:00","article_modified_time":"2025-07-08T17:48:54+00:00","og_image":[{"width":1201,"height":639,"url":"https:\/\/grupohoymexico.com\/puebla\/wp-content\/uploads\/sites\/3\/2025\/07\/5145773766306017725.jpg","type":"image\/jpeg"}],"author":"user","twitter_card":"summary_large_image","twitter_misc":{"Escrito por":"user","Tiempo de lectura":"3 minutos"},"schema":{"@context":"https:\/\/schema.org","@graph":[{"@type":"Article","@id":"https:\/\/grupohoymexico.com\/puebla\/2025\/07\/08\/en-puebla-registran-seis-denuncias-por-ciberacoso-infantil\/#article","isPartOf":{"@id":"https:\/\/grupohoymexico.com\/puebla\/2025\/07\/08\/en-puebla-registran-seis-denuncias-por-ciberacoso-infantil\/"},"author":{"name":"user","@id":"https:\/\/grupohoymexico.com\/puebla\/#\/schema\/person\/ce6086ac837852775a3a4f539356c297"},"headline":"Puebla registra seis denuncias por ciberacoso, principalmente contra menores","datePublished":"2025-07-08T17:48:53+00:00","dateModified":"2025-07-08T17:48:54+00:00","mainEntityOfPage":{"@id":"https:\/\/grupohoymexico.com\/puebla\/2025\/07\/08\/en-puebla-registran-seis-denuncias-por-ciberacoso-infantil\/"},"wordCount":421,"commentCount":0,"image":{"@id":"https:\/\/grupohoymexico.com\/puebla\/2025\/07\/08\/en-puebla-registran-seis-denuncias-por-ciberacoso-infantil\/#primaryimage"},"thumbnailUrl":"https:\/\/grupohoymexico.com\/puebla\/wp-content\/uploads\/sites\/3\/2025\/07\/5145773766306017725.jpg","keywords":["Alejandro Armenta","Ciberacoso","FGE","Pol\u00edtica","puebla"],"articleSection":["Policiaco","Pol\u00edtica"],"inLanguage":"es","potentialAction":[{"@type":"CommentAction","name":"Comment","target":["https:\/\/grupohoymexico.com\/puebla\/2025\/07\/08\/en-puebla-registran-seis-denuncias-por-ciberacoso-infantil\/#respond"]}]},{"@type":"WebPage","@id":"https:\/\/grupohoymexico.com\/puebla\/2025\/07\/08\/en-puebla-registran-seis-denuncias-por-ciberacoso-infantil\/","url":"https:\/\/grupohoymexico.com\/puebla\/2025\/07\/08\/en-puebla-registran-seis-denuncias-por-ciberacoso-infantil\/","name":"En Puebla registran seis denuncias por ciberacoso infantil- Grupo Hoy Puebla","isPartOf":{"@id":"https:\/\/grupohoymexico.com\/puebla\/#website"},"primaryImageOfPage":{"@id":"https:\/\/grupohoymexico.com\/puebla\/2025\/07\/08\/en-puebla-registran-seis-denuncias-por-ciberacoso-infantil\/#primaryimage"},"image":{"@id":"https:\/\/grupohoymexico.com\/puebla\/2025\/07\/08\/en-puebla-registran-seis-denuncias-por-ciberacoso-infantil\/#primaryimage"},"thumbnailUrl":"https:\/\/grupohoymexico.com\/puebla\/wp-content\/uploads\/sites\/3\/2025\/07\/5145773766306017725.jpg","datePublished":"2025-07-08T17:48:53+00:00","dateModified":"2025-07-08T17:48:54+00:00","author":{"@id":"https:\/\/grupohoymexico.com\/puebla\/#\/schema\/person\/ce6086ac837852775a3a4f539356c297"},"description":"Puebla reporta seis denuncias por ciberacoso, con v\u00edctimas menores en entornos escolares. Conoce c\u00f3mo opera este delito.","breadcrumb":{"@id":"https:\/\/grupohoymexico.com\/puebla\/2025\/07\/08\/en-puebla-registran-seis-denuncias-por-ciberacoso-infantil\/#breadcrumb"},"inLanguage":"es","potentialAction":[{"@type":"ReadAction","target":["https:\/\/grupohoymexico.com\/puebla\/2025\/07\/08\/en-puebla-registran-seis-denuncias-por-ciberacoso-infantil\/"]}]},{"@type":"ImageObject","inLanguage":"es","@id":"https:\/\/grupohoymexico.com\/puebla\/2025\/07\/08\/en-puebla-registran-seis-denuncias-por-ciberacoso-infantil\/#primaryimage","url":"https:\/\/grupohoymexico.com\/puebla\/wp-content\/uploads\/sites\/3\/2025\/07\/5145773766306017725.jpg","contentUrl":"https:\/\/grupohoymexico.com\/puebla\/wp-content\/uploads\/sites\/3\/2025\/07\/5145773766306017725.jpg","width":1201,"height":639,"caption":"Puebla reporta seis denuncias por ciberacoso, con v\u00edctimas menores en entornos escolares. Conoce c\u00f3mo opera este delito."},{"@type":"BreadcrumbList","@id":"https:\/\/grupohoymexico.com\/puebla\/2025\/07\/08\/en-puebla-registran-seis-denuncias-por-ciberacoso-infantil\/#breadcrumb","itemListElement":[{"@type":"ListItem","position":1,"name":"Inicio","item":"https:\/\/grupohoymexico.com\/puebla\/"},{"@type":"ListItem","position":2,"name":"Puebla registra seis denuncias por ciberacoso, principalmente contra menores"}]},{"@type":"WebSite","@id":"https:\/\/grupohoymexico.com\/puebla\/#website","url":"https:\/\/grupohoymexico.com\/puebla\/","name":"Grupo Hoy Puebla","description":"","potentialAction":[{"@type":"SearchAction","target":{"@type":"EntryPoint","urlTemplate":"https:\/\/grupohoymexico.com\/puebla\/?s={search_term_string}"},"query-input":{"@type":"PropertyValueSpecification","valueRequired":true,"valueName":"search_term_string"}}],"inLanguage":"es"},{"@type":"Person","@id":"https:\/\/grupohoymexico.com\/puebla\/#\/schema\/person\/ce6086ac837852775a3a4f539356c297","name":"user","image":{"@type":"ImageObject","inLanguage":"es","@id":"https:\/\/secure.gravatar.com\/avatar\/25f78de4fa956f6f7c01f8d96f8087d8958ebe06d57e630cd54e36aefb9dacea?s=96&d=mm&r=g","url":"https:\/\/secure.gravatar.com\/avatar\/25f78de4fa956f6f7c01f8d96f8087d8958ebe06d57e630cd54e36aefb9dacea?s=96&d=mm&r=g","contentUrl":"https:\/\/secure.gravatar.com\/avatar\/25f78de4fa956f6f7c01f8d96f8087d8958ebe06d57e630cd54e36aefb9dacea?s=96&d=mm&r=g","caption":"user"},"sameAs":["http:\/\/44.197.188.197.nip.io"],"url":"https:\/\/grupohoymexico.com\/puebla\/author\/user\/"}]}},"_links":{"self":[{"href":"https:\/\/grupohoymexico.com\/puebla\/wp-json\/wp\/v2\/posts\/75908","targetHints":{"allow":["GET"]}}],"collection":[{"href":"https:\/\/grupohoymexico.com\/puebla\/wp-json\/wp\/v2\/posts"}],"about":[{"href":"https:\/\/grupohoymexico.com\/puebla\/wp-json\/wp\/v2\/types\/post"}],"author":[{"embeddable":true,"href":"https:\/\/grupohoymexico.com\/puebla\/wp-json\/wp\/v2\/users\/1"}],"replies":[{"embeddable":true,"href":"https:\/\/grupohoymexico.com\/puebla\/wp-json\/wp\/v2\/comments?post=75908"}],"version-history":[{"count":1,"href":"https:\/\/grupohoymexico.com\/puebla\/wp-json\/wp\/v2\/posts\/75908\/revisions"}],"predecessor-version":[{"id":75916,"href":"https:\/\/grupohoymexico.com\/puebla\/wp-json\/wp\/v2\/posts\/75908\/revisions\/75916"}],"wp:featuredmedia":[{"embeddable":true,"href":"https:\/\/grupohoymexico.com\/puebla\/wp-json\/wp\/v2\/media\/75915"}],"wp:attachment":[{"href":"https:\/\/grupohoymexico.com\/puebla\/wp-json\/wp\/v2\/media?parent=75908"}],"wp:term":[{"taxonomy":"category","embeddable":true,"href":"https:\/\/grupohoymexico.com\/puebla\/wp-json\/wp\/v2\/categories?post=75908"},{"taxonomy":"post_tag","embeddable":true,"href":"https:\/\/grupohoymexico.com\/puebla\/wp-json\/wp\/v2\/tags?post=75908"}],"curies":[{"name":"wp","href":"https:\/\/api.w.org\/{rel}","templated":true}]}}