{"id":75875,"date":"2025-07-05T23:20:49","date_gmt":"2025-07-05T23:20:49","guid":{"rendered":"https:\/\/grupohoymexico.com\/puebla\/?p=75875"},"modified":"2025-07-05T23:20:50","modified_gmt":"2025-07-05T23:20:50","slug":"alejandro-armenta-inaugura-centro-estrategico-de-seguridad-y-atencion-turistica-en-puebla","status":"publish","type":"post","link":"https:\/\/grupohoymexico.com\/puebla\/2025\/07\/05\/alejandro-armenta-inaugura-centro-estrategico-de-seguridad-y-atencion-turistica-en-puebla\/","title":{"rendered":"Alejandro Armenta inaugura Centro Estrat\u00e9gico de Seguridad y Atenci\u00f3n Tur\u00edstica en Puebla"},"content":{"rendered":"\n<p>El gobernador del estado de <a href=\"https:\/\/www.puebla.gob.mx\/\" target=\"_blank\" rel=\"noreferrer noopener\">Puebla<\/a> <strong>Alejandro Armenta<\/strong> puso en marcha el <strong>primer Centro Estrat\u00e9gico de Seguridad y Atenci\u00f3n Tur\u00edstica<\/strong> en San Mart\u00edn Texmelucan. La acci\u00f3n forma parte de un plan estatal que busca reforzar la seguridad en las carreteras y brindar atenci\u00f3n integral a visitantes. <\/p>\n\n\n\n<p>La instalaci\u00f3n se realiz\u00f3 en coordinaci\u00f3n con la <a href=\"https:\/\/www.gob.mx\/semar\" target=\"_blank\" rel=\"noreferrer noopener\">Secretar\u00eda de Marina<\/a>, la <a href=\"https:\/\/www.gob.mx\/defensa\" target=\"_blank\" rel=\"noreferrer noopener\">Secretar\u00eda de la Defensa Nacional<\/a>, la <a href=\"https:\/\/www.gob.mx\/guardianacional\" target=\"_blank\" rel=\"noreferrer noopener\">Guardia Nacional<\/a> y la Secretar\u00eda de Seguridad P\u00fablica de Puebla.<br><br>LEE TAMBI\u00c9N: <a href=\"https:\/\/grupohoymexico.com\/puebla\/2025\/07\/03\/puebla-moderniza-parque-con-cancha-de-padel-y-areas-inflables\/\">Puebla moderniza parques con canchas de p\u00e1del y \u00e1reas inflables <\/a><\/p>\n\n\n\n<h2 class=\"wp-block-heading\" id=\"h-armenta-impulsa-centros-estrategicos-con-enfoque-en-seguridad-y-turismo\">Armenta impulsa Centros Estrat\u00e9gicos con enfoque en seguridad y turismo<\/h2>\n\n\n\n<p>El <strong>Centro Estrat\u00e9gico de Seguridad y Atenci\u00f3n Tur\u00edstica<\/strong> ofrece m\u00faltiples servicios: torre de vigilancia conectada al C5 para detectar lo siguiente: <\/p>\n\n\n\n<ul class=\"wp-block-list\">\n<li>Veh\u00edculos robados <\/li>\n\n\n\n<li>Asistencia m\u00e9dica b\u00e1sica<\/li>\n\n\n\n<li>Sanitarios, regaderas<\/li>\n\n\n\n<li>Cafeter\u00eda<\/li>\n<\/ul>\n\n\n\n<p><br>Adem\u00e1s, una tienda \u201cPuebla Cinco de Mayo\u201d con productos locales como caf\u00e9 y mezcal.<\/p>\n\n\n\n<figure class=\"wp-block-image size-large\"><img fetchpriority=\"high\" decoding=\"async\" width=\"1024\" height=\"673\" src=\"https:\/\/grupohoymexico.com\/puebla\/wp-content\/uploads\/sites\/3\/2025\/07\/image-1024x673.png\" alt=\"\" class=\"wp-image-75876\" srcset=\"https:\/\/grupohoymexico.com\/puebla\/wp-content\/uploads\/sites\/3\/2025\/07\/image-1024x673.png 1024w, https:\/\/grupohoymexico.com\/puebla\/wp-content\/uploads\/sites\/3\/2025\/07\/image-300x197.png 300w, https:\/\/grupohoymexico.com\/puebla\/wp-content\/uploads\/sites\/3\/2025\/07\/image-768x505.png 768w, https:\/\/grupohoymexico.com\/puebla\/wp-content\/uploads\/sites\/3\/2025\/07\/image-332x218.png 332w, https:\/\/grupohoymexico.com\/puebla\/wp-content\/uploads\/sites\/3\/2025\/07\/image-664x436.png 664w, https:\/\/grupohoymexico.com\/puebla\/wp-content\/uploads\/sites\/3\/2025\/07\/image-688x452.png 688w, https:\/\/grupohoymexico.com\/puebla\/wp-content\/uploads\/sites\/3\/2025\/07\/image.png 1030w\" sizes=\"(max-width: 1024px) 100vw, 1024px\" \/><\/figure>\n\n\n\n<p>Alejandro Armenta subray\u00f3 que San Mart\u00edn Texmelucan ha enfrentado por a\u00f1os problemas de inseguridad, y que este nuevo modelo fortalece la capacidad de respuesta ante emergencias y fomenta el turismo seguro.<\/p>\n\n\n\n<h2 class=\"wp-block-heading\" id=\"h-coordinacion-entre-fuerzas-federales-y-estatales-para-proteger-a-los-viajeros\">Coordinaci\u00f3n entre fuerzas federales y estatales para proteger a los viajeros<\/h2>\n\n\n\n<p>En este espacio convergen elementos de la <strong>Marina<\/strong>, la <strong>Defensa Nacional<\/strong>, <strong>Guardia Nacional<\/strong> y <strong>Seguridad P\u00fablica del estado<\/strong>. El secretario de Seguridad P\u00fablica, vicealmirante <strong>Francisco S\u00e1nchez Gonz\u00e1lez<\/strong>, asegur\u00f3 que el centro es un punto clave de vigilancia y reacci\u00f3n inmediata, para reforzar la confianza de turistas y transportistas poblanos. <\/p>\n\n\n\n<h2 class=\"wp-block-heading\" id=\"h-armenta-consolida-estrategia-para-el-desarrollo-economico-y-la-seguridad-en-puebla\">Armenta consolida estrategia para el desarrollo econ\u00f3mico y la seguridad en Puebla<\/h2>\n\n\n\n<p>Finalmente, <strong>Alejandro Armenta<\/strong> enfatiz\u00f3 que estos centros no solo atienden temas de seguridad, sino que tambi\u00e9n impulsan el desarrollo econ\u00f3mico al mejorar la experiencia tur\u00edstica. <\/p>\n\n\n\n<p><\/p>\n","protected":false},"excerpt":{"rendered":"El gobernador del estado de Puebla Alejandro Armenta puso en marcha el primer Centro Estrat\u00e9gico de Seguridad y&hellip;","protected":false},"author":30,"featured_media":75877,"comment_status":"open","ping_status":"open","sticky":false,"template":"","format":"standard","meta":{"csco_display_header_overlay":false,"csco_singular_sidebar":"","csco_page_header_type":"","csco_page_load_nextpost":"","csco_post_video_location":[],"csco_post_video_location_hash":"","csco_post_video_url":"","csco_post_video_bg_start_time":0,"csco_post_video_bg_end_time":0,"footnotes":""},"categories":[1],"tags":[],"class_list":{"0":"post-75875","1":"post","2":"type-post","3":"status-publish","4":"format-standard","5":"has-post-thumbnail","7":"category-uncategorized","8":"cs-entry","9":"cs-video-wrap"},"yoast_head":"<!-- This site is optimized with the Yoast SEO Premium plugin v24.7 (Yoast SEO v27.4) - https:\/\/yoast.com\/product\/yoast-seo-premium-wordpress\/ -->\n<title>Armenta inaugura Centro Estrat\u00e9gico de Seguridad en Puebla<\/title>\n<meta name=\"description\" content=\"Alejandro Armenta puso en marcha el primer Centro Estrat\u00e9gico de Seguridad y Atenci\u00f3n Tur\u00edstica en San Mart\u00edn Texmelucan\" \/>\n<meta name=\"robots\" content=\"index, follow, max-snippet:-1, max-image-preview:large, max-video-preview:-1\" \/>\n<link rel=\"canonical\" href=\"https:\/\/grupohoymexico.com\/puebla\/2025\/07\/05\/alejandro-armenta-inaugura-centro-estrategico-de-seguridad-y-atencion-turistica-en-puebla\/\" \/>\n<meta property=\"og:locale\" content=\"es_MX\" \/>\n<meta property=\"og:type\" content=\"article\" \/>\n<meta property=\"og:title\" content=\"Alejandro Armenta inaugura Centro Estrat\u00e9gico de Seguridad y Atenci\u00f3n Tur\u00edstica en Puebla\" \/>\n<meta property=\"og:description\" content=\"Alejandro Armenta puso en marcha el primer Centro Estrat\u00e9gico de Seguridad y Atenci\u00f3n Tur\u00edstica en San Mart\u00edn Texmelucan\" \/>\n<meta property=\"og:url\" content=\"https:\/\/grupohoymexico.com\/puebla\/2025\/07\/05\/alejandro-armenta-inaugura-centro-estrategico-de-seguridad-y-atencion-turistica-en-puebla\/\" \/>\n<meta property=\"og:site_name\" content=\"Grupo Hoy Puebla\" \/>\n<meta property=\"article:published_time\" content=\"2025-07-05T23:20:49+00:00\" \/>\n<meta property=\"article:modified_time\" content=\"2025-07-05T23:20:50+00:00\" \/>\n<meta property=\"og:image\" content=\"https:\/\/grupohoymexico.com\/puebla\/wp-content\/uploads\/sites\/3\/2025\/07\/Alejandro-Armenta.png\" \/>\n\t<meta property=\"og:image:width\" content=\"1193\" \/>\n\t<meta property=\"og:image:height\" content=\"628\" \/>\n\t<meta property=\"og:image:type\" content=\"image\/png\" \/>\n<meta name=\"author\" content=\"eduardo\" \/>\n<meta name=\"twitter:card\" content=\"summary_large_image\" \/>\n<meta name=\"twitter:label1\" content=\"Escrito por\" \/>\n\t<meta name=\"twitter:data1\" content=\"eduardo\" \/>\n\t<meta name=\"twitter:label2\" content=\"Tiempo de lectura\" \/>\n\t<meta name=\"twitter:data2\" content=\"2 minutos\" \/>\n<script type=\"application\/ld+json\" class=\"yoast-schema-graph\">{\"@context\":\"https:\\\/\\\/schema.org\",\"@graph\":[{\"@type\":\"Article\",\"@id\":\"https:\\\/\\\/grupohoymexico.com\\\/puebla\\\/2025\\\/07\\\/05\\\/alejandro-armenta-inaugura-centro-estrategico-de-seguridad-y-atencion-turistica-en-puebla\\\/#article\",\"isPartOf\":{\"@id\":\"https:\\\/\\\/grupohoymexico.com\\\/puebla\\\/2025\\\/07\\\/05\\\/alejandro-armenta-inaugura-centro-estrategico-de-seguridad-y-atencion-turistica-en-puebla\\\/\"},\"author\":{\"name\":\"eduardo\",\"@id\":\"https:\\\/\\\/grupohoymexico.com\\\/puebla\\\/#\\\/schema\\\/person\\\/e95b7b8df1e5c291ede743c160292779\"},\"headline\":\"Alejandro Armenta inaugura Centro Estrat\u00e9gico de Seguridad y Atenci\u00f3n Tur\u00edstica en Puebla\",\"datePublished\":\"2025-07-05T23:20:49+00:00\",\"dateModified\":\"2025-07-05T23:20:50+00:00\",\"mainEntityOfPage\":{\"@id\":\"https:\\\/\\\/grupohoymexico.com\\\/puebla\\\/2025\\\/07\\\/05\\\/alejandro-armenta-inaugura-centro-estrategico-de-seguridad-y-atencion-turistica-en-puebla\\\/\"},\"wordCount\":318,\"commentCount\":0,\"image\":{\"@id\":\"https:\\\/\\\/grupohoymexico.com\\\/puebla\\\/2025\\\/07\\\/05\\\/alejandro-armenta-inaugura-centro-estrategico-de-seguridad-y-atencion-turistica-en-puebla\\\/#primaryimage\"},\"thumbnailUrl\":\"https:\\\/\\\/grupohoymexico.com\\\/puebla\\\/wp-content\\\/uploads\\\/sites\\\/3\\\/2025\\\/07\\\/Alejandro-Armenta.png\",\"articleSection\":[\"Uncategorized\"],\"inLanguage\":\"es\",\"potentialAction\":[{\"@type\":\"CommentAction\",\"name\":\"Comment\",\"target\":[\"https:\\\/\\\/grupohoymexico.com\\\/puebla\\\/2025\\\/07\\\/05\\\/alejandro-armenta-inaugura-centro-estrategico-de-seguridad-y-atencion-turistica-en-puebla\\\/#respond\"]}]},{\"@type\":\"WebPage\",\"@id\":\"https:\\\/\\\/grupohoymexico.com\\\/puebla\\\/2025\\\/07\\\/05\\\/alejandro-armenta-inaugura-centro-estrategico-de-seguridad-y-atencion-turistica-en-puebla\\\/\",\"url\":\"https:\\\/\\\/grupohoymexico.com\\\/puebla\\\/2025\\\/07\\\/05\\\/alejandro-armenta-inaugura-centro-estrategico-de-seguridad-y-atencion-turistica-en-puebla\\\/\",\"name\":\"Armenta inaugura Centro Estrat\u00e9gico de Seguridad en Puebla\",\"isPartOf\":{\"@id\":\"https:\\\/\\\/grupohoymexico.com\\\/puebla\\\/#website\"},\"primaryImageOfPage\":{\"@id\":\"https:\\\/\\\/grupohoymexico.com\\\/puebla\\\/2025\\\/07\\\/05\\\/alejandro-armenta-inaugura-centro-estrategico-de-seguridad-y-atencion-turistica-en-puebla\\\/#primaryimage\"},\"image\":{\"@id\":\"https:\\\/\\\/grupohoymexico.com\\\/puebla\\\/2025\\\/07\\\/05\\\/alejandro-armenta-inaugura-centro-estrategico-de-seguridad-y-atencion-turistica-en-puebla\\\/#primaryimage\"},\"thumbnailUrl\":\"https:\\\/\\\/grupohoymexico.com\\\/puebla\\\/wp-content\\\/uploads\\\/sites\\\/3\\\/2025\\\/07\\\/Alejandro-Armenta.png\",\"datePublished\":\"2025-07-05T23:20:49+00:00\",\"dateModified\":\"2025-07-05T23:20:50+00:00\",\"author\":{\"@id\":\"https:\\\/\\\/grupohoymexico.com\\\/puebla\\\/#\\\/schema\\\/person\\\/e95b7b8df1e5c291ede743c160292779\"},\"description\":\"Alejandro Armenta puso en marcha el primer Centro Estrat\u00e9gico de Seguridad y Atenci\u00f3n Tur\u00edstica en San Mart\u00edn Texmelucan\",\"breadcrumb\":{\"@id\":\"https:\\\/\\\/grupohoymexico.com\\\/puebla\\\/2025\\\/07\\\/05\\\/alejandro-armenta-inaugura-centro-estrategico-de-seguridad-y-atencion-turistica-en-puebla\\\/#breadcrumb\"},\"inLanguage\":\"es\",\"potentialAction\":[{\"@type\":\"ReadAction\",\"target\":[\"https:\\\/\\\/grupohoymexico.com\\\/puebla\\\/2025\\\/07\\\/05\\\/alejandro-armenta-inaugura-centro-estrategico-de-seguridad-y-atencion-turistica-en-puebla\\\/\"]}]},{\"@type\":\"ImageObject\",\"inLanguage\":\"es\",\"@id\":\"https:\\\/\\\/grupohoymexico.com\\\/puebla\\\/2025\\\/07\\\/05\\\/alejandro-armenta-inaugura-centro-estrategico-de-seguridad-y-atencion-turistica-en-puebla\\\/#primaryimage\",\"url\":\"https:\\\/\\\/grupohoymexico.com\\\/puebla\\\/wp-content\\\/uploads\\\/sites\\\/3\\\/2025\\\/07\\\/Alejandro-Armenta.png\",\"contentUrl\":\"https:\\\/\\\/grupohoymexico.com\\\/puebla\\\/wp-content\\\/uploads\\\/sites\\\/3\\\/2025\\\/07\\\/Alejandro-Armenta.png\",\"width\":1193,\"height\":628,\"caption\":\"Alejandro Armenta implement\u00f3 la acci\u00f3n para mejorar la acci\u00f3n de viaje en el estado Imagen: Cortes\u00eda Alejandro Armenta\"},{\"@type\":\"BreadcrumbList\",\"@id\":\"https:\\\/\\\/grupohoymexico.com\\\/puebla\\\/2025\\\/07\\\/05\\\/alejandro-armenta-inaugura-centro-estrategico-de-seguridad-y-atencion-turistica-en-puebla\\\/#breadcrumb\",\"itemListElement\":[{\"@type\":\"ListItem\",\"position\":1,\"name\":\"Inicio\",\"item\":\"https:\\\/\\\/grupohoymexico.com\\\/puebla\\\/\"},{\"@type\":\"ListItem\",\"position\":2,\"name\":\"Alejandro Armenta inaugura Centro Estrat\u00e9gico de Seguridad y Atenci\u00f3n Tur\u00edstica en Puebla\"}]},{\"@type\":\"WebSite\",\"@id\":\"https:\\\/\\\/grupohoymexico.com\\\/puebla\\\/#website\",\"url\":\"https:\\\/\\\/grupohoymexico.com\\\/puebla\\\/\",\"name\":\"Grupo Hoy Puebla\",\"description\":\"\",\"potentialAction\":[{\"@type\":\"SearchAction\",\"target\":{\"@type\":\"EntryPoint\",\"urlTemplate\":\"https:\\\/\\\/grupohoymexico.com\\\/puebla\\\/?s={search_term_string}\"},\"query-input\":{\"@type\":\"PropertyValueSpecification\",\"valueRequired\":true,\"valueName\":\"search_term_string\"}}],\"inLanguage\":\"es\"},{\"@type\":\"Person\",\"@id\":\"https:\\\/\\\/grupohoymexico.com\\\/puebla\\\/#\\\/schema\\\/person\\\/e95b7b8df1e5c291ede743c160292779\",\"name\":\"eduardo\",\"image\":{\"@type\":\"ImageObject\",\"inLanguage\":\"es\",\"@id\":\"https:\\\/\\\/secure.gravatar.com\\\/avatar\\\/ecdd30dcf3feeb5f57f13840c3daeb08334d3b69de7bb9e067a540c4925a9788?s=96&d=mm&r=g\",\"url\":\"https:\\\/\\\/secure.gravatar.com\\\/avatar\\\/ecdd30dcf3feeb5f57f13840c3daeb08334d3b69de7bb9e067a540c4925a9788?s=96&d=mm&r=g\",\"contentUrl\":\"https:\\\/\\\/secure.gravatar.com\\\/avatar\\\/ecdd30dcf3feeb5f57f13840c3daeb08334d3b69de7bb9e067a540c4925a9788?s=96&d=mm&r=g\",\"caption\":\"eduardo\"},\"url\":\"https:\\\/\\\/grupohoymexico.com\\\/puebla\\\/author\\\/eduardo\\\/\"}]}<\/script>\n<!-- \/ Yoast SEO Premium plugin. -->","yoast_head_json":{"title":"Armenta inaugura Centro Estrat\u00e9gico de Seguridad en Puebla","description":"Alejandro Armenta puso en marcha el primer Centro Estrat\u00e9gico de Seguridad y Atenci\u00f3n Tur\u00edstica en San Mart\u00edn Texmelucan","robots":{"index":"index","follow":"follow","max-snippet":"max-snippet:-1","max-image-preview":"max-image-preview:large","max-video-preview":"max-video-preview:-1"},"canonical":"https:\/\/grupohoymexico.com\/puebla\/2025\/07\/05\/alejandro-armenta-inaugura-centro-estrategico-de-seguridad-y-atencion-turistica-en-puebla\/","og_locale":"es_MX","og_type":"article","og_title":"Alejandro Armenta inaugura Centro Estrat\u00e9gico de Seguridad y Atenci\u00f3n Tur\u00edstica en Puebla","og_description":"Alejandro Armenta puso en marcha el primer Centro Estrat\u00e9gico de Seguridad y Atenci\u00f3n Tur\u00edstica en San Mart\u00edn Texmelucan","og_url":"https:\/\/grupohoymexico.com\/puebla\/2025\/07\/05\/alejandro-armenta-inaugura-centro-estrategico-de-seguridad-y-atencion-turistica-en-puebla\/","og_site_name":"Grupo Hoy Puebla","article_published_time":"2025-07-05T23:20:49+00:00","article_modified_time":"2025-07-05T23:20:50+00:00","og_image":[{"width":1193,"height":628,"url":"https:\/\/grupohoymexico.com\/puebla\/wp-content\/uploads\/sites\/3\/2025\/07\/Alejandro-Armenta.png","type":"image\/png"}],"author":"eduardo","twitter_card":"summary_large_image","twitter_misc":{"Escrito por":"eduardo","Tiempo de lectura":"2 minutos"},"schema":{"@context":"https:\/\/schema.org","@graph":[{"@type":"Article","@id":"https:\/\/grupohoymexico.com\/puebla\/2025\/07\/05\/alejandro-armenta-inaugura-centro-estrategico-de-seguridad-y-atencion-turistica-en-puebla\/#article","isPartOf":{"@id":"https:\/\/grupohoymexico.com\/puebla\/2025\/07\/05\/alejandro-armenta-inaugura-centro-estrategico-de-seguridad-y-atencion-turistica-en-puebla\/"},"author":{"name":"eduardo","@id":"https:\/\/grupohoymexico.com\/puebla\/#\/schema\/person\/e95b7b8df1e5c291ede743c160292779"},"headline":"Alejandro Armenta inaugura Centro Estrat\u00e9gico de Seguridad y Atenci\u00f3n Tur\u00edstica en Puebla","datePublished":"2025-07-05T23:20:49+00:00","dateModified":"2025-07-05T23:20:50+00:00","mainEntityOfPage":{"@id":"https:\/\/grupohoymexico.com\/puebla\/2025\/07\/05\/alejandro-armenta-inaugura-centro-estrategico-de-seguridad-y-atencion-turistica-en-puebla\/"},"wordCount":318,"commentCount":0,"image":{"@id":"https:\/\/grupohoymexico.com\/puebla\/2025\/07\/05\/alejandro-armenta-inaugura-centro-estrategico-de-seguridad-y-atencion-turistica-en-puebla\/#primaryimage"},"thumbnailUrl":"https:\/\/grupohoymexico.com\/puebla\/wp-content\/uploads\/sites\/3\/2025\/07\/Alejandro-Armenta.png","articleSection":["Uncategorized"],"inLanguage":"es","potentialAction":[{"@type":"CommentAction","name":"Comment","target":["https:\/\/grupohoymexico.com\/puebla\/2025\/07\/05\/alejandro-armenta-inaugura-centro-estrategico-de-seguridad-y-atencion-turistica-en-puebla\/#respond"]}]},{"@type":"WebPage","@id":"https:\/\/grupohoymexico.com\/puebla\/2025\/07\/05\/alejandro-armenta-inaugura-centro-estrategico-de-seguridad-y-atencion-turistica-en-puebla\/","url":"https:\/\/grupohoymexico.com\/puebla\/2025\/07\/05\/alejandro-armenta-inaugura-centro-estrategico-de-seguridad-y-atencion-turistica-en-puebla\/","name":"Armenta inaugura Centro Estrat\u00e9gico de Seguridad en Puebla","isPartOf":{"@id":"https:\/\/grupohoymexico.com\/puebla\/#website"},"primaryImageOfPage":{"@id":"https:\/\/grupohoymexico.com\/puebla\/2025\/07\/05\/alejandro-armenta-inaugura-centro-estrategico-de-seguridad-y-atencion-turistica-en-puebla\/#primaryimage"},"image":{"@id":"https:\/\/grupohoymexico.com\/puebla\/2025\/07\/05\/alejandro-armenta-inaugura-centro-estrategico-de-seguridad-y-atencion-turistica-en-puebla\/#primaryimage"},"thumbnailUrl":"https:\/\/grupohoymexico.com\/puebla\/wp-content\/uploads\/sites\/3\/2025\/07\/Alejandro-Armenta.png","datePublished":"2025-07-05T23:20:49+00:00","dateModified":"2025-07-05T23:20:50+00:00","author":{"@id":"https:\/\/grupohoymexico.com\/puebla\/#\/schema\/person\/e95b7b8df1e5c291ede743c160292779"},"description":"Alejandro Armenta puso en marcha el primer Centro Estrat\u00e9gico de Seguridad y Atenci\u00f3n Tur\u00edstica en San Mart\u00edn Texmelucan","breadcrumb":{"@id":"https:\/\/grupohoymexico.com\/puebla\/2025\/07\/05\/alejandro-armenta-inaugura-centro-estrategico-de-seguridad-y-atencion-turistica-en-puebla\/#breadcrumb"},"inLanguage":"es","potentialAction":[{"@type":"ReadAction","target":["https:\/\/grupohoymexico.com\/puebla\/2025\/07\/05\/alejandro-armenta-inaugura-centro-estrategico-de-seguridad-y-atencion-turistica-en-puebla\/"]}]},{"@type":"ImageObject","inLanguage":"es","@id":"https:\/\/grupohoymexico.com\/puebla\/2025\/07\/05\/alejandro-armenta-inaugura-centro-estrategico-de-seguridad-y-atencion-turistica-en-puebla\/#primaryimage","url":"https:\/\/grupohoymexico.com\/puebla\/wp-content\/uploads\/sites\/3\/2025\/07\/Alejandro-Armenta.png","contentUrl":"https:\/\/grupohoymexico.com\/puebla\/wp-content\/uploads\/sites\/3\/2025\/07\/Alejandro-Armenta.png","width":1193,"height":628,"caption":"Alejandro Armenta implement\u00f3 la acci\u00f3n para mejorar la acci\u00f3n de viaje en el estado Imagen: Cortes\u00eda Alejandro Armenta"},{"@type":"BreadcrumbList","@id":"https:\/\/grupohoymexico.com\/puebla\/2025\/07\/05\/alejandro-armenta-inaugura-centro-estrategico-de-seguridad-y-atencion-turistica-en-puebla\/#breadcrumb","itemListElement":[{"@type":"ListItem","position":1,"name":"Inicio","item":"https:\/\/grupohoymexico.com\/puebla\/"},{"@type":"ListItem","position":2,"name":"Alejandro Armenta inaugura Centro Estrat\u00e9gico de Seguridad y Atenci\u00f3n Tur\u00edstica en Puebla"}]},{"@type":"WebSite","@id":"https:\/\/grupohoymexico.com\/puebla\/#website","url":"https:\/\/grupohoymexico.com\/puebla\/","name":"Grupo Hoy Puebla","description":"","potentialAction":[{"@type":"SearchAction","target":{"@type":"EntryPoint","urlTemplate":"https:\/\/grupohoymexico.com\/puebla\/?s={search_term_string}"},"query-input":{"@type":"PropertyValueSpecification","valueRequired":true,"valueName":"search_term_string"}}],"inLanguage":"es"},{"@type":"Person","@id":"https:\/\/grupohoymexico.com\/puebla\/#\/schema\/person\/e95b7b8df1e5c291ede743c160292779","name":"eduardo","image":{"@type":"ImageObject","inLanguage":"es","@id":"https:\/\/secure.gravatar.com\/avatar\/ecdd30dcf3feeb5f57f13840c3daeb08334d3b69de7bb9e067a540c4925a9788?s=96&d=mm&r=g","url":"https:\/\/secure.gravatar.com\/avatar\/ecdd30dcf3feeb5f57f13840c3daeb08334d3b69de7bb9e067a540c4925a9788?s=96&d=mm&r=g","contentUrl":"https:\/\/secure.gravatar.com\/avatar\/ecdd30dcf3feeb5f57f13840c3daeb08334d3b69de7bb9e067a540c4925a9788?s=96&d=mm&r=g","caption":"eduardo"},"url":"https:\/\/grupohoymexico.com\/puebla\/author\/eduardo\/"}]}},"_links":{"self":[{"href":"https:\/\/grupohoymexico.com\/puebla\/wp-json\/wp\/v2\/posts\/75875","targetHints":{"allow":["GET"]}}],"collection":[{"href":"https:\/\/grupohoymexico.com\/puebla\/wp-json\/wp\/v2\/posts"}],"about":[{"href":"https:\/\/grupohoymexico.com\/puebla\/wp-json\/wp\/v2\/types\/post"}],"author":[{"embeddable":true,"href":"https:\/\/grupohoymexico.com\/puebla\/wp-json\/wp\/v2\/users\/30"}],"replies":[{"embeddable":true,"href":"https:\/\/grupohoymexico.com\/puebla\/wp-json\/wp\/v2\/comments?post=75875"}],"version-history":[{"count":1,"href":"https:\/\/grupohoymexico.com\/puebla\/wp-json\/wp\/v2\/posts\/75875\/revisions"}],"predecessor-version":[{"id":75878,"href":"https:\/\/grupohoymexico.com\/puebla\/wp-json\/wp\/v2\/posts\/75875\/revisions\/75878"}],"wp:featuredmedia":[{"embeddable":true,"href":"https:\/\/grupohoymexico.com\/puebla\/wp-json\/wp\/v2\/media\/75877"}],"wp:attachment":[{"href":"https:\/\/grupohoymexico.com\/puebla\/wp-json\/wp\/v2\/media?parent=75875"}],"wp:term":[{"taxonomy":"category","embeddable":true,"href":"https:\/\/grupohoymexico.com\/puebla\/wp-json\/wp\/v2\/categories?post=75875"},{"taxonomy":"post_tag","embeddable":true,"href":"https:\/\/grupohoymexico.com\/puebla\/wp-json\/wp\/v2\/tags?post=75875"}],"curies":[{"name":"wp","href":"https:\/\/api.w.org\/{rel}","templated":true}]}}