{"id":75866,"date":"2025-07-04T21:49:27","date_gmt":"2025-07-04T21:49:27","guid":{"rendered":"https:\/\/grupohoymexico.com\/puebla\/?p=75866"},"modified":"2025-07-04T21:49:28","modified_gmt":"2025-07-04T21:49:28","slug":"autobus-cae-a-rio-en-carretera-puebla-tlapa-7-fallecidos","status":"publish","type":"post","link":"https:\/\/grupohoymexico.com\/puebla\/2025\/07\/04\/autobus-cae-a-rio-en-carretera-puebla-tlapa-7-fallecidos\/","title":{"rendered":"Autob\u00fas cae a r\u00edo en carretera Puebla-Tlapa: 7 fallecidos"},"content":{"rendered":"\n<p><\/p>\n\n\n\n<p>Un <strong>autob\u00fas de la <a href=\"https:\/\/www.autobusesoro.com.mx\/\">l\u00ednea Oro<\/a><\/strong> se <strong>precipit\u00f3 a un r\u00edo<\/strong> en la carretera <strong>Puebla-Tlapa<\/strong> de Comonfort <strong>la madrugada del 4 de julio de 2025<\/strong>. El accidente dej\u00f3 un saldo preliminar de <strong>siete personas fallecidas, 16 heridas y un n\u00famero indeterminado de desaparecidos<\/strong>. Las autoridades atribuyen el siniestro a <strong>posibles fallas humanas <\/strong>y las dif\u00edciles <strong>condiciones del camino<\/strong>, caracterizado por curvas peligrosas y lluvias intensas.<\/p>\n\n\n\n<h3 class=\"wp-block-heading\" id=\"h-detalles-del-accidente-del-autobus\"><strong>Detalles del accidente del autob\u00fas<\/strong><\/h3>\n\n\n\n<p><br>El autob\u00fas <strong>cubr\u00eda la ruta Cuernavaca-Iz\u00facar-Tlapa<\/strong> cuando cay\u00f3 al r\u00edo cerca de <strong>la comunidad de Ixcateopan, Guerrero<\/strong>, alrededor de <strong>la 1:30 am<\/strong>. <strong>Entre los sobrevivientes<\/strong> se encuentra <strong>un beb\u00e9 de ocho meses<\/strong> que recibi\u00f3 atenci\u00f3n m\u00e9dica inmediata. <strong>Protecci\u00f3n Civil de Guerrero <\/strong>confirm\u00f3 que <strong>las v\u00edctimas mortales eran originarias de Tlapa, Cochoapa el Grande y Tlacuiloya<\/strong>.<\/p>\n\n\n\n<p>Las labores de rescate contin\u00faan con <strong>la participaci\u00f3n de cuerpos de emergencia de Puebla y Guerrero<\/strong>. El alto caudal del r\u00edo, producto de las lluvias recientes, <strong>complica las operaciones<\/strong>. Hasta el momento, ninguno de los <strong>16 heridos presenta lesiones graves<\/strong>, seg\u00fan reportes del <strong><a href=\"https:\/\/www.instagram.com\/imss.bienestar\/\">Hospital General IMSS Bienestar de Tlapa<\/a><\/strong>.<\/p>\n\n\n\n<figure class=\"wp-block-gallery has-nested-images columns-default is-cropped wp-block-gallery-15 is-layout-flex wp-block-gallery-is-layout-flex\">\n<figure class=\"wp-block-image size-large\"><img fetchpriority=\"high\" decoding=\"async\" width=\"1024\" height=\"473\" data-id=\"75867\" src=\"https:\/\/grupohoymexico.com\/puebla\/wp-content\/uploads\/sites\/3\/2025\/07\/515641143_1186007780238452_134660888366582312_n-1024x473.jpg\" alt=\"\" class=\"wp-image-75867\" srcset=\"https:\/\/grupohoymexico.com\/puebla\/wp-content\/uploads\/sites\/3\/2025\/07\/515641143_1186007780238452_134660888366582312_n-1024x473.jpg 1024w, https:\/\/grupohoymexico.com\/puebla\/wp-content\/uploads\/sites\/3\/2025\/07\/515641143_1186007780238452_134660888366582312_n-300x139.jpg 300w, https:\/\/grupohoymexico.com\/puebla\/wp-content\/uploads\/sites\/3\/2025\/07\/515641143_1186007780238452_134660888366582312_n-768x355.jpg 768w, https:\/\/grupohoymexico.com\/puebla\/wp-content\/uploads\/sites\/3\/2025\/07\/515641143_1186007780238452_134660888366582312_n-332x153.jpg 332w, https:\/\/grupohoymexico.com\/puebla\/wp-content\/uploads\/sites\/3\/2025\/07\/515641143_1186007780238452_134660888366582312_n-664x307.jpg 664w, https:\/\/grupohoymexico.com\/puebla\/wp-content\/uploads\/sites\/3\/2025\/07\/515641143_1186007780238452_134660888366582312_n-688x318.jpg 688w, https:\/\/grupohoymexico.com\/puebla\/wp-content\/uploads\/sites\/3\/2025\/07\/515641143_1186007780238452_134660888366582312_n-1044x482.jpg 1044w, https:\/\/grupohoymexico.com\/puebla\/wp-content\/uploads\/sites\/3\/2025\/07\/515641143_1186007780238452_134660888366582312_n.jpg 1280w\" sizes=\"(max-width: 1024px) 100vw, 1024px\" \/><\/figure>\n<\/figure>\n\n\n\n<h3 class=\"wp-block-heading\" id=\"h-investigacion-en-curso\"><strong>Investigaci\u00f3n en curso<\/strong><\/h3>\n\n\n\n<p><br>Las autoridades <strong>analizan dos hip\u00f3tesis principales<\/strong>: <strong>fatiga del conductor y exceso de velocidad en condiciones clim\u00e1ticas adversas<\/strong>. El <a href=\"https:\/\/proteccioncivil.puebla.gob.mx\/\">Sistema Estatal de Protecci\u00f3n Civil<\/a> advirti\u00f3 que <strong>el n\u00famero de v\u00edctimas podr\u00eda aumentar<\/strong> conforme avancen <strong>las labores de b\u00fasqueda<\/strong> en el cauce del r\u00edo.<\/p>\n\n\n\n<p>LEE TAMBI\u00c9N: <a href=\"https:\/\/grupohoymexico.com\/2025\/07\/03\/festejo-de-diputados-en-exclusivo-restaurante-post-sesion\/\">Pedro Haces: Festeja con diputados en exclusivo restaurante post-sesi\u00f3n<\/a><\/p>\n","protected":false},"excerpt":{"rendered":"Un autob\u00fas de la l\u00ednea Oro se precipit\u00f3 a un r\u00edo en la carretera Puebla-Tlapa de Comonfort la&hellip;","protected":false},"author":1,"featured_media":75868,"comment_status":"open","ping_status":"open","sticky":false,"template":"","format":"standard","meta":{"csco_display_header_overlay":false,"csco_singular_sidebar":"","csco_page_header_type":"","csco_page_load_nextpost":"","csco_post_video_location":[],"csco_post_video_location_hash":"","csco_post_video_url":"","csco_post_video_bg_start_time":0,"csco_post_video_bg_end_time":0,"footnotes":""},"categories":[111],"tags":[1364,30,1530,40,1531],"class_list":{"0":"post-75866","1":"post","2":"type-post","3":"status-publish","4":"format-standard","5":"has-post-thumbnail","7":"category-policiaco","8":"tag-accidente","9":"tag-guerrero","10":"tag-linea-oro","11":"tag-puebla","12":"tag-tlapa","13":"cs-entry","14":"cs-video-wrap"},"yoast_head":"<!-- This site is optimized with the Yoast SEO Premium plugin v24.7 (Yoast SEO v27.4) - https:\/\/yoast.com\/product\/yoast-seo-premium-wordpress\/ -->\n<title>Autob\u00fas cae a r\u00edo en carretera Puebla-Tlapa: 7 fallecidos - Grupo Hoy Puebla<\/title>\n<meta name=\"description\" content=\"Un autob\u00fas de la l\u00ednea Oro cay\u00f3 a un r\u00edo en la carretera Puebla-Tlapa, dejando 7 fallecidos y desaparecidos.\" \/>\n<meta name=\"robots\" content=\"index, follow, max-snippet:-1, max-image-preview:large, max-video-preview:-1\" \/>\n<link rel=\"canonical\" href=\"https:\/\/grupohoymexico.com\/puebla\/2025\/07\/04\/autobus-cae-a-rio-en-carretera-puebla-tlapa-7-fallecidos\/\" \/>\n<meta property=\"og:locale\" content=\"es_MX\" \/>\n<meta property=\"og:type\" content=\"article\" \/>\n<meta property=\"og:title\" content=\"Autob\u00fas cae a r\u00edo en carretera Puebla-Tlapa: 7 fallecidos\" \/>\n<meta property=\"og:description\" content=\"Un autob\u00fas de la l\u00ednea Oro cay\u00f3 a un r\u00edo en la carretera Puebla-Tlapa, dejando 7 fallecidos y desaparecidos.\" \/>\n<meta property=\"og:url\" content=\"https:\/\/grupohoymexico.com\/puebla\/2025\/07\/04\/autobus-cae-a-rio-en-carretera-puebla-tlapa-7-fallecidos\/\" \/>\n<meta property=\"og:site_name\" content=\"Grupo Hoy Puebla\" \/>\n<meta property=\"article:published_time\" content=\"2025-07-04T21:49:27+00:00\" \/>\n<meta property=\"article:modified_time\" content=\"2025-07-04T21:49:28+00:00\" \/>\n<meta property=\"og:image\" content=\"https:\/\/grupohoymexico.com\/puebla\/wp-content\/uploads\/sites\/3\/2025\/07\/5134136079971102294.jpg\" \/>\n\t<meta property=\"og:image:width\" content=\"1280\" \/>\n\t<meta property=\"og:image:height\" content=\"680\" \/>\n\t<meta property=\"og:image:type\" content=\"image\/jpeg\" \/>\n<meta name=\"author\" content=\"user\" \/>\n<meta name=\"twitter:card\" content=\"summary_large_image\" \/>\n<meta name=\"twitter:label1\" content=\"Escrito por\" \/>\n\t<meta name=\"twitter:data1\" content=\"user\" \/>\n\t<meta name=\"twitter:label2\" content=\"Tiempo de lectura\" \/>\n\t<meta name=\"twitter:data2\" content=\"2 minutos\" \/>\n<script type=\"application\/ld+json\" class=\"yoast-schema-graph\">{\"@context\":\"https:\\\/\\\/schema.org\",\"@graph\":[{\"@type\":\"Article\",\"@id\":\"https:\\\/\\\/grupohoymexico.com\\\/puebla\\\/2025\\\/07\\\/04\\\/autobus-cae-a-rio-en-carretera-puebla-tlapa-7-fallecidos\\\/#article\",\"isPartOf\":{\"@id\":\"https:\\\/\\\/grupohoymexico.com\\\/puebla\\\/2025\\\/07\\\/04\\\/autobus-cae-a-rio-en-carretera-puebla-tlapa-7-fallecidos\\\/\"},\"author\":{\"name\":\"user\",\"@id\":\"https:\\\/\\\/grupohoymexico.com\\\/puebla\\\/#\\\/schema\\\/person\\\/ce6086ac837852775a3a4f539356c297\"},\"headline\":\"Autob\u00fas cae a r\u00edo en carretera Puebla-Tlapa: 7 fallecidos\",\"datePublished\":\"2025-07-04T21:49:27+00:00\",\"dateModified\":\"2025-07-04T21:49:28+00:00\",\"mainEntityOfPage\":{\"@id\":\"https:\\\/\\\/grupohoymexico.com\\\/puebla\\\/2025\\\/07\\\/04\\\/autobus-cae-a-rio-en-carretera-puebla-tlapa-7-fallecidos\\\/\"},\"wordCount\":264,\"commentCount\":0,\"image\":{\"@id\":\"https:\\\/\\\/grupohoymexico.com\\\/puebla\\\/2025\\\/07\\\/04\\\/autobus-cae-a-rio-en-carretera-puebla-tlapa-7-fallecidos\\\/#primaryimage\"},\"thumbnailUrl\":\"https:\\\/\\\/grupohoymexico.com\\\/puebla\\\/wp-content\\\/uploads\\\/sites\\\/3\\\/2025\\\/07\\\/5134136079971102294.jpg\",\"keywords\":[\"accidente\",\"Guerrero\",\"L\u00ednea Oro\",\"puebla\",\"Tlapa\"],\"articleSection\":[\"Policiaco\"],\"inLanguage\":\"es\",\"potentialAction\":[{\"@type\":\"CommentAction\",\"name\":\"Comment\",\"target\":[\"https:\\\/\\\/grupohoymexico.com\\\/puebla\\\/2025\\\/07\\\/04\\\/autobus-cae-a-rio-en-carretera-puebla-tlapa-7-fallecidos\\\/#respond\"]}]},{\"@type\":\"WebPage\",\"@id\":\"https:\\\/\\\/grupohoymexico.com\\\/puebla\\\/2025\\\/07\\\/04\\\/autobus-cae-a-rio-en-carretera-puebla-tlapa-7-fallecidos\\\/\",\"url\":\"https:\\\/\\\/grupohoymexico.com\\\/puebla\\\/2025\\\/07\\\/04\\\/autobus-cae-a-rio-en-carretera-puebla-tlapa-7-fallecidos\\\/\",\"name\":\"Autob\u00fas cae a r\u00edo en carretera Puebla-Tlapa: 7 fallecidos - Grupo Hoy Puebla\",\"isPartOf\":{\"@id\":\"https:\\\/\\\/grupohoymexico.com\\\/puebla\\\/#website\"},\"primaryImageOfPage\":{\"@id\":\"https:\\\/\\\/grupohoymexico.com\\\/puebla\\\/2025\\\/07\\\/04\\\/autobus-cae-a-rio-en-carretera-puebla-tlapa-7-fallecidos\\\/#primaryimage\"},\"image\":{\"@id\":\"https:\\\/\\\/grupohoymexico.com\\\/puebla\\\/2025\\\/07\\\/04\\\/autobus-cae-a-rio-en-carretera-puebla-tlapa-7-fallecidos\\\/#primaryimage\"},\"thumbnailUrl\":\"https:\\\/\\\/grupohoymexico.com\\\/puebla\\\/wp-content\\\/uploads\\\/sites\\\/3\\\/2025\\\/07\\\/5134136079971102294.jpg\",\"datePublished\":\"2025-07-04T21:49:27+00:00\",\"dateModified\":\"2025-07-04T21:49:28+00:00\",\"author\":{\"@id\":\"https:\\\/\\\/grupohoymexico.com\\\/puebla\\\/#\\\/schema\\\/person\\\/ce6086ac837852775a3a4f539356c297\"},\"description\":\"Un autob\u00fas de la l\u00ednea Oro cay\u00f3 a un r\u00edo en la carretera Puebla-Tlapa, dejando 7 fallecidos y desaparecidos.\",\"breadcrumb\":{\"@id\":\"https:\\\/\\\/grupohoymexico.com\\\/puebla\\\/2025\\\/07\\\/04\\\/autobus-cae-a-rio-en-carretera-puebla-tlapa-7-fallecidos\\\/#breadcrumb\"},\"inLanguage\":\"es\",\"potentialAction\":[{\"@type\":\"ReadAction\",\"target\":[\"https:\\\/\\\/grupohoymexico.com\\\/puebla\\\/2025\\\/07\\\/04\\\/autobus-cae-a-rio-en-carretera-puebla-tlapa-7-fallecidos\\\/\"]}]},{\"@type\":\"ImageObject\",\"inLanguage\":\"es\",\"@id\":\"https:\\\/\\\/grupohoymexico.com\\\/puebla\\\/2025\\\/07\\\/04\\\/autobus-cae-a-rio-en-carretera-puebla-tlapa-7-fallecidos\\\/#primaryimage\",\"url\":\"https:\\\/\\\/grupohoymexico.com\\\/puebla\\\/wp-content\\\/uploads\\\/sites\\\/3\\\/2025\\\/07\\\/5134136079971102294.jpg\",\"contentUrl\":\"https:\\\/\\\/grupohoymexico.com\\\/puebla\\\/wp-content\\\/uploads\\\/sites\\\/3\\\/2025\\\/07\\\/5134136079971102294.jpg\",\"width\":1280,\"height\":680,\"caption\":\"Un autob\u00fas de la l\u00ednea Oro cay\u00f3 a un r\u00edo en la carretera Puebla-Tlapa, dejando 7 fallecidos y desaparecidos.\"},{\"@type\":\"BreadcrumbList\",\"@id\":\"https:\\\/\\\/grupohoymexico.com\\\/puebla\\\/2025\\\/07\\\/04\\\/autobus-cae-a-rio-en-carretera-puebla-tlapa-7-fallecidos\\\/#breadcrumb\",\"itemListElement\":[{\"@type\":\"ListItem\",\"position\":1,\"name\":\"Inicio\",\"item\":\"https:\\\/\\\/grupohoymexico.com\\\/puebla\\\/\"},{\"@type\":\"ListItem\",\"position\":2,\"name\":\"Autob\u00fas cae a r\u00edo en carretera Puebla-Tlapa: 7 fallecidos\"}]},{\"@type\":\"WebSite\",\"@id\":\"https:\\\/\\\/grupohoymexico.com\\\/puebla\\\/#website\",\"url\":\"https:\\\/\\\/grupohoymexico.com\\\/puebla\\\/\",\"name\":\"Grupo Hoy Puebla\",\"description\":\"\",\"potentialAction\":[{\"@type\":\"SearchAction\",\"target\":{\"@type\":\"EntryPoint\",\"urlTemplate\":\"https:\\\/\\\/grupohoymexico.com\\\/puebla\\\/?s={search_term_string}\"},\"query-input\":{\"@type\":\"PropertyValueSpecification\",\"valueRequired\":true,\"valueName\":\"search_term_string\"}}],\"inLanguage\":\"es\"},{\"@type\":\"Person\",\"@id\":\"https:\\\/\\\/grupohoymexico.com\\\/puebla\\\/#\\\/schema\\\/person\\\/ce6086ac837852775a3a4f539356c297\",\"name\":\"user\",\"image\":{\"@type\":\"ImageObject\",\"inLanguage\":\"es\",\"@id\":\"https:\\\/\\\/secure.gravatar.com\\\/avatar\\\/25f78de4fa956f6f7c01f8d96f8087d8958ebe06d57e630cd54e36aefb9dacea?s=96&d=mm&r=g\",\"url\":\"https:\\\/\\\/secure.gravatar.com\\\/avatar\\\/25f78de4fa956f6f7c01f8d96f8087d8958ebe06d57e630cd54e36aefb9dacea?s=96&d=mm&r=g\",\"contentUrl\":\"https:\\\/\\\/secure.gravatar.com\\\/avatar\\\/25f78de4fa956f6f7c01f8d96f8087d8958ebe06d57e630cd54e36aefb9dacea?s=96&d=mm&r=g\",\"caption\":\"user\"},\"sameAs\":[\"http:\\\/\\\/44.197.188.197.nip.io\"],\"url\":\"https:\\\/\\\/grupohoymexico.com\\\/puebla\\\/author\\\/user\\\/\"}]}<\/script>\n<!-- \/ Yoast SEO Premium plugin. -->","yoast_head_json":{"title":"Autob\u00fas cae a r\u00edo en carretera Puebla-Tlapa: 7 fallecidos - Grupo Hoy Puebla","description":"Un autob\u00fas de la l\u00ednea Oro cay\u00f3 a un r\u00edo en la carretera Puebla-Tlapa, dejando 7 fallecidos y desaparecidos.","robots":{"index":"index","follow":"follow","max-snippet":"max-snippet:-1","max-image-preview":"max-image-preview:large","max-video-preview":"max-video-preview:-1"},"canonical":"https:\/\/grupohoymexico.com\/puebla\/2025\/07\/04\/autobus-cae-a-rio-en-carretera-puebla-tlapa-7-fallecidos\/","og_locale":"es_MX","og_type":"article","og_title":"Autob\u00fas cae a r\u00edo en carretera Puebla-Tlapa: 7 fallecidos","og_description":"Un autob\u00fas de la l\u00ednea Oro cay\u00f3 a un r\u00edo en la carretera Puebla-Tlapa, dejando 7 fallecidos y desaparecidos.","og_url":"https:\/\/grupohoymexico.com\/puebla\/2025\/07\/04\/autobus-cae-a-rio-en-carretera-puebla-tlapa-7-fallecidos\/","og_site_name":"Grupo Hoy Puebla","article_published_time":"2025-07-04T21:49:27+00:00","article_modified_time":"2025-07-04T21:49:28+00:00","og_image":[{"width":1280,"height":680,"url":"https:\/\/grupohoymexico.com\/puebla\/wp-content\/uploads\/sites\/3\/2025\/07\/5134136079971102294.jpg","type":"image\/jpeg"}],"author":"user","twitter_card":"summary_large_image","twitter_misc":{"Escrito por":"user","Tiempo de lectura":"2 minutos"},"schema":{"@context":"https:\/\/schema.org","@graph":[{"@type":"Article","@id":"https:\/\/grupohoymexico.com\/puebla\/2025\/07\/04\/autobus-cae-a-rio-en-carretera-puebla-tlapa-7-fallecidos\/#article","isPartOf":{"@id":"https:\/\/grupohoymexico.com\/puebla\/2025\/07\/04\/autobus-cae-a-rio-en-carretera-puebla-tlapa-7-fallecidos\/"},"author":{"name":"user","@id":"https:\/\/grupohoymexico.com\/puebla\/#\/schema\/person\/ce6086ac837852775a3a4f539356c297"},"headline":"Autob\u00fas cae a r\u00edo en carretera Puebla-Tlapa: 7 fallecidos","datePublished":"2025-07-04T21:49:27+00:00","dateModified":"2025-07-04T21:49:28+00:00","mainEntityOfPage":{"@id":"https:\/\/grupohoymexico.com\/puebla\/2025\/07\/04\/autobus-cae-a-rio-en-carretera-puebla-tlapa-7-fallecidos\/"},"wordCount":264,"commentCount":0,"image":{"@id":"https:\/\/grupohoymexico.com\/puebla\/2025\/07\/04\/autobus-cae-a-rio-en-carretera-puebla-tlapa-7-fallecidos\/#primaryimage"},"thumbnailUrl":"https:\/\/grupohoymexico.com\/puebla\/wp-content\/uploads\/sites\/3\/2025\/07\/5134136079971102294.jpg","keywords":["accidente","Guerrero","L\u00ednea Oro","puebla","Tlapa"],"articleSection":["Policiaco"],"inLanguage":"es","potentialAction":[{"@type":"CommentAction","name":"Comment","target":["https:\/\/grupohoymexico.com\/puebla\/2025\/07\/04\/autobus-cae-a-rio-en-carretera-puebla-tlapa-7-fallecidos\/#respond"]}]},{"@type":"WebPage","@id":"https:\/\/grupohoymexico.com\/puebla\/2025\/07\/04\/autobus-cae-a-rio-en-carretera-puebla-tlapa-7-fallecidos\/","url":"https:\/\/grupohoymexico.com\/puebla\/2025\/07\/04\/autobus-cae-a-rio-en-carretera-puebla-tlapa-7-fallecidos\/","name":"Autob\u00fas cae a r\u00edo en carretera Puebla-Tlapa: 7 fallecidos - Grupo Hoy Puebla","isPartOf":{"@id":"https:\/\/grupohoymexico.com\/puebla\/#website"},"primaryImageOfPage":{"@id":"https:\/\/grupohoymexico.com\/puebla\/2025\/07\/04\/autobus-cae-a-rio-en-carretera-puebla-tlapa-7-fallecidos\/#primaryimage"},"image":{"@id":"https:\/\/grupohoymexico.com\/puebla\/2025\/07\/04\/autobus-cae-a-rio-en-carretera-puebla-tlapa-7-fallecidos\/#primaryimage"},"thumbnailUrl":"https:\/\/grupohoymexico.com\/puebla\/wp-content\/uploads\/sites\/3\/2025\/07\/5134136079971102294.jpg","datePublished":"2025-07-04T21:49:27+00:00","dateModified":"2025-07-04T21:49:28+00:00","author":{"@id":"https:\/\/grupohoymexico.com\/puebla\/#\/schema\/person\/ce6086ac837852775a3a4f539356c297"},"description":"Un autob\u00fas de la l\u00ednea Oro cay\u00f3 a un r\u00edo en la carretera Puebla-Tlapa, dejando 7 fallecidos y desaparecidos.","breadcrumb":{"@id":"https:\/\/grupohoymexico.com\/puebla\/2025\/07\/04\/autobus-cae-a-rio-en-carretera-puebla-tlapa-7-fallecidos\/#breadcrumb"},"inLanguage":"es","potentialAction":[{"@type":"ReadAction","target":["https:\/\/grupohoymexico.com\/puebla\/2025\/07\/04\/autobus-cae-a-rio-en-carretera-puebla-tlapa-7-fallecidos\/"]}]},{"@type":"ImageObject","inLanguage":"es","@id":"https:\/\/grupohoymexico.com\/puebla\/2025\/07\/04\/autobus-cae-a-rio-en-carretera-puebla-tlapa-7-fallecidos\/#primaryimage","url":"https:\/\/grupohoymexico.com\/puebla\/wp-content\/uploads\/sites\/3\/2025\/07\/5134136079971102294.jpg","contentUrl":"https:\/\/grupohoymexico.com\/puebla\/wp-content\/uploads\/sites\/3\/2025\/07\/5134136079971102294.jpg","width":1280,"height":680,"caption":"Un autob\u00fas de la l\u00ednea Oro cay\u00f3 a un r\u00edo en la carretera Puebla-Tlapa, dejando 7 fallecidos y desaparecidos."},{"@type":"BreadcrumbList","@id":"https:\/\/grupohoymexico.com\/puebla\/2025\/07\/04\/autobus-cae-a-rio-en-carretera-puebla-tlapa-7-fallecidos\/#breadcrumb","itemListElement":[{"@type":"ListItem","position":1,"name":"Inicio","item":"https:\/\/grupohoymexico.com\/puebla\/"},{"@type":"ListItem","position":2,"name":"Autob\u00fas cae a r\u00edo en carretera Puebla-Tlapa: 7 fallecidos"}]},{"@type":"WebSite","@id":"https:\/\/grupohoymexico.com\/puebla\/#website","url":"https:\/\/grupohoymexico.com\/puebla\/","name":"Grupo Hoy Puebla","description":"","potentialAction":[{"@type":"SearchAction","target":{"@type":"EntryPoint","urlTemplate":"https:\/\/grupohoymexico.com\/puebla\/?s={search_term_string}"},"query-input":{"@type":"PropertyValueSpecification","valueRequired":true,"valueName":"search_term_string"}}],"inLanguage":"es"},{"@type":"Person","@id":"https:\/\/grupohoymexico.com\/puebla\/#\/schema\/person\/ce6086ac837852775a3a4f539356c297","name":"user","image":{"@type":"ImageObject","inLanguage":"es","@id":"https:\/\/secure.gravatar.com\/avatar\/25f78de4fa956f6f7c01f8d96f8087d8958ebe06d57e630cd54e36aefb9dacea?s=96&d=mm&r=g","url":"https:\/\/secure.gravatar.com\/avatar\/25f78de4fa956f6f7c01f8d96f8087d8958ebe06d57e630cd54e36aefb9dacea?s=96&d=mm&r=g","contentUrl":"https:\/\/secure.gravatar.com\/avatar\/25f78de4fa956f6f7c01f8d96f8087d8958ebe06d57e630cd54e36aefb9dacea?s=96&d=mm&r=g","caption":"user"},"sameAs":["http:\/\/44.197.188.197.nip.io"],"url":"https:\/\/grupohoymexico.com\/puebla\/author\/user\/"}]}},"_links":{"self":[{"href":"https:\/\/grupohoymexico.com\/puebla\/wp-json\/wp\/v2\/posts\/75866","targetHints":{"allow":["GET"]}}],"collection":[{"href":"https:\/\/grupohoymexico.com\/puebla\/wp-json\/wp\/v2\/posts"}],"about":[{"href":"https:\/\/grupohoymexico.com\/puebla\/wp-json\/wp\/v2\/types\/post"}],"author":[{"embeddable":true,"href":"https:\/\/grupohoymexico.com\/puebla\/wp-json\/wp\/v2\/users\/1"}],"replies":[{"embeddable":true,"href":"https:\/\/grupohoymexico.com\/puebla\/wp-json\/wp\/v2\/comments?post=75866"}],"version-history":[{"count":1,"href":"https:\/\/grupohoymexico.com\/puebla\/wp-json\/wp\/v2\/posts\/75866\/revisions"}],"predecessor-version":[{"id":75869,"href":"https:\/\/grupohoymexico.com\/puebla\/wp-json\/wp\/v2\/posts\/75866\/revisions\/75869"}],"wp:featuredmedia":[{"embeddable":true,"href":"https:\/\/grupohoymexico.com\/puebla\/wp-json\/wp\/v2\/media\/75868"}],"wp:attachment":[{"href":"https:\/\/grupohoymexico.com\/puebla\/wp-json\/wp\/v2\/media?parent=75866"}],"wp:term":[{"taxonomy":"category","embeddable":true,"href":"https:\/\/grupohoymexico.com\/puebla\/wp-json\/wp\/v2\/categories?post=75866"},{"taxonomy":"post_tag","embeddable":true,"href":"https:\/\/grupohoymexico.com\/puebla\/wp-json\/wp\/v2\/tags?post=75866"}],"curies":[{"name":"wp","href":"https:\/\/api.w.org\/{rel}","templated":true}]}}