{"id":75815,"date":"2025-07-02T17:19:17","date_gmt":"2025-07-02T17:19:17","guid":{"rendered":"https:\/\/grupohoymexico.com\/puebla\/?p=75815"},"modified":"2025-07-02T17:19:18","modified_gmt":"2025-07-02T17:19:18","slug":"renato-romero-defensor-del-agua-es-detenido-en-puebla","status":"publish","type":"post","link":"https:\/\/grupohoymexico.com\/puebla\/2025\/07\/02\/renato-romero-defensor-del-agua-es-detenido-en-puebla\/","title":{"rendered":"Renato Romero: defensor del agua, es detenido en Puebla"},"content":{"rendered":"\n<p><\/p>\n\n\n\n<p><strong>El activista Renato Romero<\/strong>, conocido por <strong>su participaci\u00f3n en movimientos sociales<\/strong> para proteger el agua en la cuenca Libres-Oriental, <strong>fue detenido el martes 1 de julio de 2025<\/strong> en la ciudad de Puebla. La detenci\u00f3n ocurri\u00f3 <strong>alrededor de las 07:25 horas<\/strong> en la colonia Granjas, mientras Romero se dirig\u00eda a una asamblea <strong>en San Buenaventura Nealtican<\/strong>. De acuerdo con el <strong><a href=\"https:\/\/consultasdetenciones.sspc.gob.mx\/\">Registro Nacional de Detenciones<\/a><\/strong>, fue acusado de da\u00f1o en propiedad ajena y despojo agravado por hechos ocurridos el 28 de mayo <strong>en San Miguel Xoxtla<\/strong>.<\/p>\n\n\n\n<p>Seg\u00fan la <strong><a href=\"https:\/\/fiscalia.puebla.gob.mx\/\">Fiscal\u00eda General del Estado de Puebla<\/a><\/strong>, Romero fue se\u00f1alado junto con <strong>otras 30 personas<\/strong> por presuntamente <strong>arrojar piedras y objetos<\/strong> contra infraestructura de agua potable. La acci\u00f3n habr\u00eda <strong>causado da\u00f1os materiales<\/strong> a la red de tuber\u00eda que abastece a varias comunidades. <strong>Tras su captura<\/strong>, fue puesto a disposici\u00f3n de un juez local en las instalaciones de la<strong><a href=\"https:\/\/www.aei.gob.es\/\"> Agencia Estatal de Investigaci\u00f3n<\/a><\/strong>, ubicada en la zona centro de la capital poblana.<\/p>\n\n\n\n<figure class=\"wp-block-gallery has-nested-images columns-default is-cropped wp-block-gallery-15 is-layout-flex wp-block-gallery-is-layout-flex\">\n<figure class=\"wp-block-image size-large\"><img fetchpriority=\"high\" decoding=\"async\" width=\"1024\" height=\"683\" data-id=\"75816\" src=\"https:\/\/grupohoymexico.com\/puebla\/wp-content\/uploads\/sites\/3\/2025\/07\/WhatsApp-Image-2024-07-16-at-9.00.20-PM-1024x683.jpeg\" alt=\"\" class=\"wp-image-75816\" srcset=\"https:\/\/grupohoymexico.com\/puebla\/wp-content\/uploads\/sites\/3\/2025\/07\/WhatsApp-Image-2024-07-16-at-9.00.20-PM-1024x683.jpeg 1024w, https:\/\/grupohoymexico.com\/puebla\/wp-content\/uploads\/sites\/3\/2025\/07\/WhatsApp-Image-2024-07-16-at-9.00.20-PM-300x200.jpeg 300w, https:\/\/grupohoymexico.com\/puebla\/wp-content\/uploads\/sites\/3\/2025\/07\/WhatsApp-Image-2024-07-16-at-9.00.20-PM-768x512.jpeg 768w, https:\/\/grupohoymexico.com\/puebla\/wp-content\/uploads\/sites\/3\/2025\/07\/WhatsApp-Image-2024-07-16-at-9.00.20-PM-332x221.jpeg 332w, https:\/\/grupohoymexico.com\/puebla\/wp-content\/uploads\/sites\/3\/2025\/07\/WhatsApp-Image-2024-07-16-at-9.00.20-PM-664x443.jpeg 664w, https:\/\/grupohoymexico.com\/puebla\/wp-content\/uploads\/sites\/3\/2025\/07\/WhatsApp-Image-2024-07-16-at-9.00.20-PM-688x459.jpeg 688w, https:\/\/grupohoymexico.com\/puebla\/wp-content\/uploads\/sites\/3\/2025\/07\/WhatsApp-Image-2024-07-16-at-9.00.20-PM-1044x696.jpeg 1044w, https:\/\/grupohoymexico.com\/puebla\/wp-content\/uploads\/sites\/3\/2025\/07\/WhatsApp-Image-2024-07-16-at-9.00.20-PM.jpeg 1200w\" sizes=\"(max-width: 1024px) 100vw, 1024px\" \/><\/figure>\n<\/figure>\n\n\n\n<h3 class=\"wp-block-heading\" id=\"h-senalamientos-por-persecucion-politica-a-renato-romero\"><strong>Se\u00f1alamientos por persecuci\u00f3n pol\u00edtica a Renato Romero<\/strong><\/h3>\n\n\n\n<p><strong>Organizaciones sociales y colectivos defensores del agua<\/strong> consideraron que la detenci\u00f3n de Romero forma parte de una estrategia <strong>para frenar el activismo en la regi\u00f3n<\/strong>. En redes sociales, usuarios y compa\u00f1eras de lucha del activista exigieron su liberaci\u00f3n inmediata, al considerar que los cargos en su contra <strong>tienen motivaciones pol\u00edticas<\/strong>. El arresto ocurri\u00f3 justo antes de una reuni\u00f3n p\u00fablica con autoridades municipales, donde se discutir\u00eda la relaci\u00f3n de Nealtican con<strong> la empresa Agua de Puebla<\/strong>.<\/p>\n\n\n\n<p><strong>Renato Romero<\/strong> ha sido una figura visible en las protestas <strong>contra <a href=\"https:\/\/www.facebook.com\/p\/Granjas-Carroll-de-M%C3%A9xico-100064451152045\/\">Granjas Carroll<\/a><\/strong>, la cual es una empresa que opera en <strong>la cuenca Libres-Oriental<\/strong> y que ha sido acusada por grupos comunitarios de sobreexplotar los mantos acu\u00edferos de la regi\u00f3n. De hecho, \u00e9l es uno de <strong>los nueve activistas denunciados<\/strong> por esta compa\u00f1\u00eda por supuestas amenazas durante manifestaciones y que hasta ahora, no se ha aclarado si la acusaci\u00f3n del 28 de mayo guarda relaci\u00f3n directa con su <strong>participaci\u00f3n en estas acciones.<\/strong><\/p>\n\n\n\n<p>LEE TAMBI\u00c9N: <a href=\"https:\/\/grupohoymexico.com\/2025\/07\/02\/atacante-abatido-exigia-600-mil-en-centro-comunitario\/\">Atacante abatido en la Gustavo A. Madero exig\u00eda 600 mil pesos en centro comunitario<\/a><\/p>\n\n\n\n<h3 class=\"wp-block-heading\" id=\"h-protestas-y-apoyo-ciudadano\"><strong>Protestas y apoyo ciudadano<\/strong><\/h3>\n\n\n\n<p><strong>Tras conocerse la detenci\u00f3n<\/strong> de Renato, la <strong>Uni\u00f3n de Pueblos Cholultecas<\/strong> por la <strong>Defensa del Agua<\/strong> convoc\u00f3 a una movilizaci\u00f3n<strong> para exigir su liberaci\u00f3n<\/strong> inmediata. Esta concentraci\u00f3n busca hacer visible lo que las organizaciones califican como un intento de intimidaci\u00f3n a quienes <strong>defienden los recursos naturales en la zona<\/strong>. En paralelo, colectivos <strong>se han pronunciado por el respeto<\/strong> a los derechos humanos del activista, insistiendo en que la detenci\u00f3n vulnera <strong>su derecho a la libre expresi\u00f3n<\/strong> y participaci\u00f3n en las causas sociales.<\/p>\n\n\n\n<p>El caso se mantiene <strong>bajo revisi\u00f3n judicial<\/strong>. La defensa legal de Romero a\u00fan no ha informado <strong>si se solicitar\u00e1 un amparo o medidas cautelares<\/strong>. Mientras tanto, contin\u00faa el llamado a esclarecer los cargos y <strong>garantizar que el proceso<\/strong> se lleve a cabo con apego a los derechos del acusado. La situaci\u00f3n <strong>ha generado atenci\u00f3n nacional<\/strong>, sobre todo por el contexto en el que ocurri\u00f3 la detenci\u00f3n y el historial de movilizaci\u00f3n de quien hoy enfrenta acusaciones.<\/p>\n","protected":false},"excerpt":{"rendered":"El activista Renato Romero, conocido por su participaci\u00f3n en movimientos sociales para proteger el agua en la cuenca&hellip;","protected":false},"author":1,"featured_media":75817,"comment_status":"open","ping_status":"open","sticky":false,"template":"","format":"standard","meta":{"csco_display_header_overlay":false,"csco_singular_sidebar":"","csco_page_header_type":"","csco_page_load_nextpost":"","csco_post_video_location":[],"csco_post_video_location_hash":"","csco_post_video_url":"","csco_post_video_bg_start_time":0,"csco_post_video_bg_end_time":0,"footnotes":""},"categories":[111],"tags":[1492,337,40,1491],"class_list":{"0":"post-75815","1":"post","2":"type-post","3":"status-publish","4":"format-standard","5":"has-post-thumbnail","7":"category-policiaco","8":"tag-activismo","9":"tag-fiscalia-general-del-estado-de-puebla","10":"tag-puebla","11":"tag-renato-romero","12":"cs-entry","13":"cs-video-wrap"},"yoast_head":"<!-- This site is optimized with the Yoast SEO Premium plugin v24.7 (Yoast SEO v27.4) - https:\/\/yoast.com\/product\/yoast-seo-premium-wordpress\/ -->\n<title>Renato Romero, defensor del agua, es detenido en Puebla - Grupo Hoy Puebla<\/title>\n<meta name=\"description\" content=\"Renato Romero, defensor del agua en la cuenca Libres-Oriental, fue detenido el 1 de julio en Puebla. Colectivos denuncian persecuci\u00f3n.\" \/>\n<meta name=\"robots\" content=\"index, follow, max-snippet:-1, max-image-preview:large, max-video-preview:-1\" \/>\n<link rel=\"canonical\" href=\"https:\/\/grupohoymexico.com\/puebla\/2025\/07\/02\/renato-romero-defensor-del-agua-es-detenido-en-puebla\/\" \/>\n<meta property=\"og:locale\" content=\"es_MX\" \/>\n<meta property=\"og:type\" content=\"article\" \/>\n<meta property=\"og:title\" content=\"Renato Romero: defensor del agua, es detenido en Puebla\" \/>\n<meta property=\"og:description\" content=\"Renato Romero, defensor del agua en la cuenca Libres-Oriental, fue detenido el 1 de julio en Puebla. Colectivos denuncian persecuci\u00f3n.\" \/>\n<meta property=\"og:url\" content=\"https:\/\/grupohoymexico.com\/puebla\/2025\/07\/02\/renato-romero-defensor-del-agua-es-detenido-en-puebla\/\" \/>\n<meta property=\"og:site_name\" content=\"Grupo Hoy Puebla\" \/>\n<meta property=\"article:published_time\" content=\"2025-07-02T17:19:17+00:00\" \/>\n<meta property=\"article:modified_time\" content=\"2025-07-02T17:19:18+00:00\" \/>\n<meta property=\"og:image\" content=\"https:\/\/grupohoymexico.com\/puebla\/wp-content\/uploads\/sites\/3\/2025\/07\/photo_2025-07-02_11-14-22-2.jpg\" \/>\n\t<meta property=\"og:image:width\" content=\"1280\" \/>\n\t<meta property=\"og:image:height\" content=\"680\" \/>\n\t<meta property=\"og:image:type\" content=\"image\/jpeg\" \/>\n<meta name=\"author\" content=\"user\" \/>\n<meta name=\"twitter:card\" content=\"summary_large_image\" \/>\n<meta name=\"twitter:label1\" content=\"Escrito por\" \/>\n\t<meta name=\"twitter:data1\" content=\"user\" \/>\n\t<meta name=\"twitter:label2\" content=\"Tiempo de lectura\" \/>\n\t<meta name=\"twitter:data2\" content=\"3 minutos\" \/>\n<script type=\"application\/ld+json\" class=\"yoast-schema-graph\">{\"@context\":\"https:\\\/\\\/schema.org\",\"@graph\":[{\"@type\":\"Article\",\"@id\":\"https:\\\/\\\/grupohoymexico.com\\\/puebla\\\/2025\\\/07\\\/02\\\/renato-romero-defensor-del-agua-es-detenido-en-puebla\\\/#article\",\"isPartOf\":{\"@id\":\"https:\\\/\\\/grupohoymexico.com\\\/puebla\\\/2025\\\/07\\\/02\\\/renato-romero-defensor-del-agua-es-detenido-en-puebla\\\/\"},\"author\":{\"name\":\"user\",\"@id\":\"https:\\\/\\\/grupohoymexico.com\\\/puebla\\\/#\\\/schema\\\/person\\\/ce6086ac837852775a3a4f539356c297\"},\"headline\":\"Renato Romero: defensor del agua, es detenido en Puebla\",\"datePublished\":\"2025-07-02T17:19:17+00:00\",\"dateModified\":\"2025-07-02T17:19:18+00:00\",\"mainEntityOfPage\":{\"@id\":\"https:\\\/\\\/grupohoymexico.com\\\/puebla\\\/2025\\\/07\\\/02\\\/renato-romero-defensor-del-agua-es-detenido-en-puebla\\\/\"},\"wordCount\":550,\"commentCount\":0,\"image\":{\"@id\":\"https:\\\/\\\/grupohoymexico.com\\\/puebla\\\/2025\\\/07\\\/02\\\/renato-romero-defensor-del-agua-es-detenido-en-puebla\\\/#primaryimage\"},\"thumbnailUrl\":\"https:\\\/\\\/grupohoymexico.com\\\/puebla\\\/wp-content\\\/uploads\\\/sites\\\/3\\\/2025\\\/07\\\/photo_2025-07-02_11-14-22-2.jpg\",\"keywords\":[\"Activismo\",\"Fiscal\u00eda General del Estado de Puebla\",\"puebla\",\"Renato Romero\"],\"articleSection\":[\"Policiaco\"],\"inLanguage\":\"es\",\"potentialAction\":[{\"@type\":\"CommentAction\",\"name\":\"Comment\",\"target\":[\"https:\\\/\\\/grupohoymexico.com\\\/puebla\\\/2025\\\/07\\\/02\\\/renato-romero-defensor-del-agua-es-detenido-en-puebla\\\/#respond\"]}]},{\"@type\":\"WebPage\",\"@id\":\"https:\\\/\\\/grupohoymexico.com\\\/puebla\\\/2025\\\/07\\\/02\\\/renato-romero-defensor-del-agua-es-detenido-en-puebla\\\/\",\"url\":\"https:\\\/\\\/grupohoymexico.com\\\/puebla\\\/2025\\\/07\\\/02\\\/renato-romero-defensor-del-agua-es-detenido-en-puebla\\\/\",\"name\":\"Renato Romero, defensor del agua, es detenido en Puebla - Grupo Hoy Puebla\",\"isPartOf\":{\"@id\":\"https:\\\/\\\/grupohoymexico.com\\\/puebla\\\/#website\"},\"primaryImageOfPage\":{\"@id\":\"https:\\\/\\\/grupohoymexico.com\\\/puebla\\\/2025\\\/07\\\/02\\\/renato-romero-defensor-del-agua-es-detenido-en-puebla\\\/#primaryimage\"},\"image\":{\"@id\":\"https:\\\/\\\/grupohoymexico.com\\\/puebla\\\/2025\\\/07\\\/02\\\/renato-romero-defensor-del-agua-es-detenido-en-puebla\\\/#primaryimage\"},\"thumbnailUrl\":\"https:\\\/\\\/grupohoymexico.com\\\/puebla\\\/wp-content\\\/uploads\\\/sites\\\/3\\\/2025\\\/07\\\/photo_2025-07-02_11-14-22-2.jpg\",\"datePublished\":\"2025-07-02T17:19:17+00:00\",\"dateModified\":\"2025-07-02T17:19:18+00:00\",\"author\":{\"@id\":\"https:\\\/\\\/grupohoymexico.com\\\/puebla\\\/#\\\/schema\\\/person\\\/ce6086ac837852775a3a4f539356c297\"},\"description\":\"Renato Romero, defensor del agua en la cuenca Libres-Oriental, fue detenido el 1 de julio en Puebla. Colectivos denuncian persecuci\u00f3n.\",\"breadcrumb\":{\"@id\":\"https:\\\/\\\/grupohoymexico.com\\\/puebla\\\/2025\\\/07\\\/02\\\/renato-romero-defensor-del-agua-es-detenido-en-puebla\\\/#breadcrumb\"},\"inLanguage\":\"es\",\"potentialAction\":[{\"@type\":\"ReadAction\",\"target\":[\"https:\\\/\\\/grupohoymexico.com\\\/puebla\\\/2025\\\/07\\\/02\\\/renato-romero-defensor-del-agua-es-detenido-en-puebla\\\/\"]}]},{\"@type\":\"ImageObject\",\"inLanguage\":\"es\",\"@id\":\"https:\\\/\\\/grupohoymexico.com\\\/puebla\\\/2025\\\/07\\\/02\\\/renato-romero-defensor-del-agua-es-detenido-en-puebla\\\/#primaryimage\",\"url\":\"https:\\\/\\\/grupohoymexico.com\\\/puebla\\\/wp-content\\\/uploads\\\/sites\\\/3\\\/2025\\\/07\\\/photo_2025-07-02_11-14-22-2.jpg\",\"contentUrl\":\"https:\\\/\\\/grupohoymexico.com\\\/puebla\\\/wp-content\\\/uploads\\\/sites\\\/3\\\/2025\\\/07\\\/photo_2025-07-02_11-14-22-2.jpg\",\"width\":1280,\"height\":680,\"caption\":\"Renato Romero, defensor del agua en la cuenca Libres-Oriental, fue detenido el 1 de julio en Puebla. Colectivos denuncian persecuci\u00f3n.\"},{\"@type\":\"BreadcrumbList\",\"@id\":\"https:\\\/\\\/grupohoymexico.com\\\/puebla\\\/2025\\\/07\\\/02\\\/renato-romero-defensor-del-agua-es-detenido-en-puebla\\\/#breadcrumb\",\"itemListElement\":[{\"@type\":\"ListItem\",\"position\":1,\"name\":\"Inicio\",\"item\":\"https:\\\/\\\/grupohoymexico.com\\\/puebla\\\/\"},{\"@type\":\"ListItem\",\"position\":2,\"name\":\"Renato Romero: defensor del agua, es detenido en Puebla\"}]},{\"@type\":\"WebSite\",\"@id\":\"https:\\\/\\\/grupohoymexico.com\\\/puebla\\\/#website\",\"url\":\"https:\\\/\\\/grupohoymexico.com\\\/puebla\\\/\",\"name\":\"Grupo Hoy Puebla\",\"description\":\"\",\"potentialAction\":[{\"@type\":\"SearchAction\",\"target\":{\"@type\":\"EntryPoint\",\"urlTemplate\":\"https:\\\/\\\/grupohoymexico.com\\\/puebla\\\/?s={search_term_string}\"},\"query-input\":{\"@type\":\"PropertyValueSpecification\",\"valueRequired\":true,\"valueName\":\"search_term_string\"}}],\"inLanguage\":\"es\"},{\"@type\":\"Person\",\"@id\":\"https:\\\/\\\/grupohoymexico.com\\\/puebla\\\/#\\\/schema\\\/person\\\/ce6086ac837852775a3a4f539356c297\",\"name\":\"user\",\"image\":{\"@type\":\"ImageObject\",\"inLanguage\":\"es\",\"@id\":\"https:\\\/\\\/secure.gravatar.com\\\/avatar\\\/25f78de4fa956f6f7c01f8d96f8087d8958ebe06d57e630cd54e36aefb9dacea?s=96&d=mm&r=g\",\"url\":\"https:\\\/\\\/secure.gravatar.com\\\/avatar\\\/25f78de4fa956f6f7c01f8d96f8087d8958ebe06d57e630cd54e36aefb9dacea?s=96&d=mm&r=g\",\"contentUrl\":\"https:\\\/\\\/secure.gravatar.com\\\/avatar\\\/25f78de4fa956f6f7c01f8d96f8087d8958ebe06d57e630cd54e36aefb9dacea?s=96&d=mm&r=g\",\"caption\":\"user\"},\"sameAs\":[\"http:\\\/\\\/44.197.188.197.nip.io\"],\"url\":\"https:\\\/\\\/grupohoymexico.com\\\/puebla\\\/author\\\/user\\\/\"}]}<\/script>\n<!-- \/ Yoast SEO Premium plugin. -->","yoast_head_json":{"title":"Renato Romero, defensor del agua, es detenido en Puebla - Grupo Hoy Puebla","description":"Renato Romero, defensor del agua en la cuenca Libres-Oriental, fue detenido el 1 de julio en Puebla. Colectivos denuncian persecuci\u00f3n.","robots":{"index":"index","follow":"follow","max-snippet":"max-snippet:-1","max-image-preview":"max-image-preview:large","max-video-preview":"max-video-preview:-1"},"canonical":"https:\/\/grupohoymexico.com\/puebla\/2025\/07\/02\/renato-romero-defensor-del-agua-es-detenido-en-puebla\/","og_locale":"es_MX","og_type":"article","og_title":"Renato Romero: defensor del agua, es detenido en Puebla","og_description":"Renato Romero, defensor del agua en la cuenca Libres-Oriental, fue detenido el 1 de julio en Puebla. Colectivos denuncian persecuci\u00f3n.","og_url":"https:\/\/grupohoymexico.com\/puebla\/2025\/07\/02\/renato-romero-defensor-del-agua-es-detenido-en-puebla\/","og_site_name":"Grupo Hoy Puebla","article_published_time":"2025-07-02T17:19:17+00:00","article_modified_time":"2025-07-02T17:19:18+00:00","og_image":[{"width":1280,"height":680,"url":"https:\/\/grupohoymexico.com\/puebla\/wp-content\/uploads\/sites\/3\/2025\/07\/photo_2025-07-02_11-14-22-2.jpg","type":"image\/jpeg"}],"author":"user","twitter_card":"summary_large_image","twitter_misc":{"Escrito por":"user","Tiempo de lectura":"3 minutos"},"schema":{"@context":"https:\/\/schema.org","@graph":[{"@type":"Article","@id":"https:\/\/grupohoymexico.com\/puebla\/2025\/07\/02\/renato-romero-defensor-del-agua-es-detenido-en-puebla\/#article","isPartOf":{"@id":"https:\/\/grupohoymexico.com\/puebla\/2025\/07\/02\/renato-romero-defensor-del-agua-es-detenido-en-puebla\/"},"author":{"name":"user","@id":"https:\/\/grupohoymexico.com\/puebla\/#\/schema\/person\/ce6086ac837852775a3a4f539356c297"},"headline":"Renato Romero: defensor del agua, es detenido en Puebla","datePublished":"2025-07-02T17:19:17+00:00","dateModified":"2025-07-02T17:19:18+00:00","mainEntityOfPage":{"@id":"https:\/\/grupohoymexico.com\/puebla\/2025\/07\/02\/renato-romero-defensor-del-agua-es-detenido-en-puebla\/"},"wordCount":550,"commentCount":0,"image":{"@id":"https:\/\/grupohoymexico.com\/puebla\/2025\/07\/02\/renato-romero-defensor-del-agua-es-detenido-en-puebla\/#primaryimage"},"thumbnailUrl":"https:\/\/grupohoymexico.com\/puebla\/wp-content\/uploads\/sites\/3\/2025\/07\/photo_2025-07-02_11-14-22-2.jpg","keywords":["Activismo","Fiscal\u00eda General del Estado de Puebla","puebla","Renato Romero"],"articleSection":["Policiaco"],"inLanguage":"es","potentialAction":[{"@type":"CommentAction","name":"Comment","target":["https:\/\/grupohoymexico.com\/puebla\/2025\/07\/02\/renato-romero-defensor-del-agua-es-detenido-en-puebla\/#respond"]}]},{"@type":"WebPage","@id":"https:\/\/grupohoymexico.com\/puebla\/2025\/07\/02\/renato-romero-defensor-del-agua-es-detenido-en-puebla\/","url":"https:\/\/grupohoymexico.com\/puebla\/2025\/07\/02\/renato-romero-defensor-del-agua-es-detenido-en-puebla\/","name":"Renato Romero, defensor del agua, es detenido en Puebla - Grupo Hoy Puebla","isPartOf":{"@id":"https:\/\/grupohoymexico.com\/puebla\/#website"},"primaryImageOfPage":{"@id":"https:\/\/grupohoymexico.com\/puebla\/2025\/07\/02\/renato-romero-defensor-del-agua-es-detenido-en-puebla\/#primaryimage"},"image":{"@id":"https:\/\/grupohoymexico.com\/puebla\/2025\/07\/02\/renato-romero-defensor-del-agua-es-detenido-en-puebla\/#primaryimage"},"thumbnailUrl":"https:\/\/grupohoymexico.com\/puebla\/wp-content\/uploads\/sites\/3\/2025\/07\/photo_2025-07-02_11-14-22-2.jpg","datePublished":"2025-07-02T17:19:17+00:00","dateModified":"2025-07-02T17:19:18+00:00","author":{"@id":"https:\/\/grupohoymexico.com\/puebla\/#\/schema\/person\/ce6086ac837852775a3a4f539356c297"},"description":"Renato Romero, defensor del agua en la cuenca Libres-Oriental, fue detenido el 1 de julio en Puebla. Colectivos denuncian persecuci\u00f3n.","breadcrumb":{"@id":"https:\/\/grupohoymexico.com\/puebla\/2025\/07\/02\/renato-romero-defensor-del-agua-es-detenido-en-puebla\/#breadcrumb"},"inLanguage":"es","potentialAction":[{"@type":"ReadAction","target":["https:\/\/grupohoymexico.com\/puebla\/2025\/07\/02\/renato-romero-defensor-del-agua-es-detenido-en-puebla\/"]}]},{"@type":"ImageObject","inLanguage":"es","@id":"https:\/\/grupohoymexico.com\/puebla\/2025\/07\/02\/renato-romero-defensor-del-agua-es-detenido-en-puebla\/#primaryimage","url":"https:\/\/grupohoymexico.com\/puebla\/wp-content\/uploads\/sites\/3\/2025\/07\/photo_2025-07-02_11-14-22-2.jpg","contentUrl":"https:\/\/grupohoymexico.com\/puebla\/wp-content\/uploads\/sites\/3\/2025\/07\/photo_2025-07-02_11-14-22-2.jpg","width":1280,"height":680,"caption":"Renato Romero, defensor del agua en la cuenca Libres-Oriental, fue detenido el 1 de julio en Puebla. Colectivos denuncian persecuci\u00f3n."},{"@type":"BreadcrumbList","@id":"https:\/\/grupohoymexico.com\/puebla\/2025\/07\/02\/renato-romero-defensor-del-agua-es-detenido-en-puebla\/#breadcrumb","itemListElement":[{"@type":"ListItem","position":1,"name":"Inicio","item":"https:\/\/grupohoymexico.com\/puebla\/"},{"@type":"ListItem","position":2,"name":"Renato Romero: defensor del agua, es detenido en Puebla"}]},{"@type":"WebSite","@id":"https:\/\/grupohoymexico.com\/puebla\/#website","url":"https:\/\/grupohoymexico.com\/puebla\/","name":"Grupo Hoy Puebla","description":"","potentialAction":[{"@type":"SearchAction","target":{"@type":"EntryPoint","urlTemplate":"https:\/\/grupohoymexico.com\/puebla\/?s={search_term_string}"},"query-input":{"@type":"PropertyValueSpecification","valueRequired":true,"valueName":"search_term_string"}}],"inLanguage":"es"},{"@type":"Person","@id":"https:\/\/grupohoymexico.com\/puebla\/#\/schema\/person\/ce6086ac837852775a3a4f539356c297","name":"user","image":{"@type":"ImageObject","inLanguage":"es","@id":"https:\/\/secure.gravatar.com\/avatar\/25f78de4fa956f6f7c01f8d96f8087d8958ebe06d57e630cd54e36aefb9dacea?s=96&d=mm&r=g","url":"https:\/\/secure.gravatar.com\/avatar\/25f78de4fa956f6f7c01f8d96f8087d8958ebe06d57e630cd54e36aefb9dacea?s=96&d=mm&r=g","contentUrl":"https:\/\/secure.gravatar.com\/avatar\/25f78de4fa956f6f7c01f8d96f8087d8958ebe06d57e630cd54e36aefb9dacea?s=96&d=mm&r=g","caption":"user"},"sameAs":["http:\/\/44.197.188.197.nip.io"],"url":"https:\/\/grupohoymexico.com\/puebla\/author\/user\/"}]}},"_links":{"self":[{"href":"https:\/\/grupohoymexico.com\/puebla\/wp-json\/wp\/v2\/posts\/75815","targetHints":{"allow":["GET"]}}],"collection":[{"href":"https:\/\/grupohoymexico.com\/puebla\/wp-json\/wp\/v2\/posts"}],"about":[{"href":"https:\/\/grupohoymexico.com\/puebla\/wp-json\/wp\/v2\/types\/post"}],"author":[{"embeddable":true,"href":"https:\/\/grupohoymexico.com\/puebla\/wp-json\/wp\/v2\/users\/1"}],"replies":[{"embeddable":true,"href":"https:\/\/grupohoymexico.com\/puebla\/wp-json\/wp\/v2\/comments?post=75815"}],"version-history":[{"count":1,"href":"https:\/\/grupohoymexico.com\/puebla\/wp-json\/wp\/v2\/posts\/75815\/revisions"}],"predecessor-version":[{"id":75818,"href":"https:\/\/grupohoymexico.com\/puebla\/wp-json\/wp\/v2\/posts\/75815\/revisions\/75818"}],"wp:featuredmedia":[{"embeddable":true,"href":"https:\/\/grupohoymexico.com\/puebla\/wp-json\/wp\/v2\/media\/75817"}],"wp:attachment":[{"href":"https:\/\/grupohoymexico.com\/puebla\/wp-json\/wp\/v2\/media?parent=75815"}],"wp:term":[{"taxonomy":"category","embeddable":true,"href":"https:\/\/grupohoymexico.com\/puebla\/wp-json\/wp\/v2\/categories?post=75815"},{"taxonomy":"post_tag","embeddable":true,"href":"https:\/\/grupohoymexico.com\/puebla\/wp-json\/wp\/v2\/tags?post=75815"}],"curies":[{"name":"wp","href":"https:\/\/api.w.org\/{rel}","templated":true}]}}