{"id":75309,"date":"2025-06-05T21:44:34","date_gmt":"2025-06-05T21:44:34","guid":{"rendered":"https:\/\/grupohoymexico.com\/puebla\/?p=75309"},"modified":"2025-06-05T21:44:34","modified_gmt":"2025-06-05T21:44:34","slug":"cero-corrupcion-alejandro-armenta-investigara-al-teleferico-y-al-museo-del-barroco","status":"publish","type":"post","link":"https:\/\/grupohoymexico.com\/puebla\/2025\/06\/05\/cero-corrupcion-alejandro-armenta-investigara-al-teleferico-y-al-museo-del-barroco\/","title":{"rendered":"\u00a1Cero corrupci\u00f3n! Alejandro Armenta investigar\u00e1 al Telef\u00e9rico y al Museo del Barroco"},"content":{"rendered":"\n<p>Como parte de su combate a la <strong>corrupci\u00f3n<\/strong>, el <strong>gobernador Alejandro Armenta<\/strong> solicitar\u00e1 que se investiguen al <strong>Telef\u00e9rico de Puebla<\/strong>, el <strong>Museo Internacional del Barroco<\/strong> y a <strong>Banco Accendo<\/strong>.<\/p>\n\n\n\n<p>Fue durante una conferencia que el <a href=\"https:\/\/grupohoymexico.com\/puebla\/2025\/06\/05\/puebla-presenta-su-primera-feria-internacional-del-libro\/\" target=\"_blank\" rel=\"noreferrer noopener\">mandatario estatal<\/a> inform\u00f3 de esta medida que forma parte de su compromiso con la transparencia, la rendici\u00f3n de cuentas y el buen gobierno.<\/p>\n\n\n\n<blockquote class=\"wp-block-quote is-layout-flow wp-block-quote-is-layout-flow\">\n<p>&#8220;Tenemos un compromiso con Puebla: cero tolerancia a la corrupci\u00f3n y al abuso del poder&#8221;, afirm\u00f3.<\/p>\n<\/blockquote>\n\n\n\n<p>Alejandro Armenta inform\u00f3 que pedir\u00e1 a la <strong>Secretar\u00eda de Finanzas<\/strong>, a la <strong>Secretar\u00eda de Buen Gobierno<\/strong> y a la <strong>Fiscal\u00eda<\/strong>, que inicien una auditor\u00eda contra el <strong>Telef\u00e9rico de Puebla<\/strong>, as\u00ed como el <strong>Museo Internacional del Barroco<\/strong>.<\/p>\n\n\n\n<p>Agreg\u00f3 que si hay responsables, se debe actuar. \u201cYa basta de que sigan saqueando\u201d, sentenci\u00f3 Armenta. El gobernador enfatiz\u00f3 que obras con sobrecostos o motivaciones personales no tienen cabida en su administraci\u00f3n. Adem\u00e1s critic\u00f3 a exmandatarios que ponen su nombre a diferentes construcciones, dado que &#8220;no somos emperadores&#8221;.<\/p>\n\n\n\n<p><strong>Alejandro Armenta <\/strong>confirm\u00f3 que el <strong>proyecto del Cableb\u00fas<\/strong> en Puebla s\u00ed se realizar\u00e1, y lo har\u00e1 sin moches, sin corrupci\u00f3n y con el respaldo pleno de la presidenta <strong>Claudia Sheinbaum<\/strong>.<\/p>\n\n\n\n<p><\/p>\n","protected":false},"excerpt":{"rendered":"Como parte de su combate a la corrupci\u00f3n, el gobernador Alejandro Armenta solicitar\u00e1 que se investiguen al Telef\u00e9rico&hellip;","protected":false},"author":15,"featured_media":75310,"comment_status":"open","ping_status":"open","sticky":false,"template":"","format":"standard","meta":{"csco_display_header_overlay":false,"csco_singular_sidebar":"","csco_page_header_type":"","csco_page_load_nextpost":"","csco_post_video_location":[],"csco_post_video_location_hash":"","csco_post_video_url":"","csco_post_video_bg_start_time":0,"csco_post_video_bg_end_time":0,"footnotes":""},"categories":[29],"tags":[98,1224,1223],"class_list":{"0":"post-75309","1":"post","2":"type-post","3":"status-publish","4":"format-standard","5":"has-post-thumbnail","7":"category-estatal","8":"tag-alejandro-armenta","9":"tag-museo-del-barroco","10":"tag-teleferico","11":"cs-entry","12":"cs-video-wrap"},"yoast_head":"<!-- This site is optimized with the Yoast SEO Premium plugin v24.7 (Yoast SEO v27.4) - https:\/\/yoast.com\/product\/yoast-seo-premium-wordpress\/ -->\n<title>Alejandro Armenta investigar\u00e1 al Telef\u00e9rico y al Museo del Barroco - Grupo Hoy Puebla<\/title>\n<meta name=\"description\" content=\"Como parte de un compromiso con la cero corrupci\u00f3n, el gobierno de Alejandro Armenta investigar\u00e1 al Telef\u00e9rico y al Museo del Barroco.\" \/>\n<meta name=\"robots\" content=\"index, follow, max-snippet:-1, max-image-preview:large, max-video-preview:-1\" \/>\n<link rel=\"canonical\" href=\"https:\/\/grupohoymexico.com\/puebla\/2025\/06\/05\/cero-corrupcion-alejandro-armenta-investigara-al-teleferico-y-al-museo-del-barroco\/\" \/>\n<meta property=\"og:locale\" content=\"es_MX\" \/>\n<meta property=\"og:type\" content=\"article\" \/>\n<meta property=\"og:title\" content=\"\u00a1Cero corrupci\u00f3n! Alejandro Armenta investigar\u00e1 al Telef\u00e9rico y al Museo del Barroco\" \/>\n<meta property=\"og:description\" content=\"Como parte de un compromiso con la cero corrupci\u00f3n, el gobierno de Alejandro Armenta investigar\u00e1 al Telef\u00e9rico y al Museo del Barroco.\" \/>\n<meta property=\"og:url\" content=\"https:\/\/grupohoymexico.com\/puebla\/2025\/06\/05\/cero-corrupcion-alejandro-armenta-investigara-al-teleferico-y-al-museo-del-barroco\/\" \/>\n<meta property=\"og:site_name\" content=\"Grupo Hoy Puebla\" \/>\n<meta property=\"article:published_time\" content=\"2025-06-05T21:44:34+00:00\" \/>\n<meta property=\"og:image\" content=\"https:\/\/grupohoymexico.com\/puebla\/wp-content\/uploads\/sites\/3\/2025\/06\/alejandro_Armenta_cero_corrurpcion_teleferico_museo_barroco.jpg\" \/>\n\t<meta property=\"og:image:width\" content=\"1280\" \/>\n\t<meta property=\"og:image:height\" content=\"680\" \/>\n\t<meta property=\"og:image:type\" content=\"image\/jpeg\" \/>\n<meta name=\"author\" content=\"nestor\" \/>\n<meta name=\"twitter:card\" content=\"summary_large_image\" \/>\n<meta name=\"twitter:label1\" content=\"Escrito por\" \/>\n\t<meta name=\"twitter:data1\" content=\"nestor\" \/>\n\t<meta name=\"twitter:label2\" content=\"Tiempo de lectura\" \/>\n\t<meta name=\"twitter:data2\" content=\"1 minuto\" \/>\n<script type=\"application\/ld+json\" class=\"yoast-schema-graph\">{\"@context\":\"https:\\\/\\\/schema.org\",\"@graph\":[{\"@type\":\"Article\",\"@id\":\"https:\\\/\\\/grupohoymexico.com\\\/puebla\\\/2025\\\/06\\\/05\\\/cero-corrupcion-alejandro-armenta-investigara-al-teleferico-y-al-museo-del-barroco\\\/#article\",\"isPartOf\":{\"@id\":\"https:\\\/\\\/grupohoymexico.com\\\/puebla\\\/2025\\\/06\\\/05\\\/cero-corrupcion-alejandro-armenta-investigara-al-teleferico-y-al-museo-del-barroco\\\/\"},\"author\":{\"name\":\"nestor\",\"@id\":\"https:\\\/\\\/grupohoymexico.com\\\/puebla\\\/#\\\/schema\\\/person\\\/8201f3fa49669f346d08e15801e0ebc2\"},\"headline\":\"\u00a1Cero corrupci\u00f3n! Alejandro Armenta investigar\u00e1 al Telef\u00e9rico y al Museo del Barroco\",\"datePublished\":\"2025-06-05T21:44:34+00:00\",\"mainEntityOfPage\":{\"@id\":\"https:\\\/\\\/grupohoymexico.com\\\/puebla\\\/2025\\\/06\\\/05\\\/cero-corrupcion-alejandro-armenta-investigara-al-teleferico-y-al-museo-del-barroco\\\/\"},\"wordCount\":215,\"commentCount\":0,\"image\":{\"@id\":\"https:\\\/\\\/grupohoymexico.com\\\/puebla\\\/2025\\\/06\\\/05\\\/cero-corrupcion-alejandro-armenta-investigara-al-teleferico-y-al-museo-del-barroco\\\/#primaryimage\"},\"thumbnailUrl\":\"https:\\\/\\\/grupohoymexico.com\\\/puebla\\\/wp-content\\\/uploads\\\/sites\\\/3\\\/2025\\\/06\\\/alejandro_Armenta_cero_corrurpcion_teleferico_museo_barroco.jpg\",\"keywords\":[\"Alejandro Armenta\",\"Museo del Barroco\",\"Telef\u00e9rico\"],\"articleSection\":[\"Estatal\"],\"inLanguage\":\"es\",\"potentialAction\":[{\"@type\":\"CommentAction\",\"name\":\"Comment\",\"target\":[\"https:\\\/\\\/grupohoymexico.com\\\/puebla\\\/2025\\\/06\\\/05\\\/cero-corrupcion-alejandro-armenta-investigara-al-teleferico-y-al-museo-del-barroco\\\/#respond\"]}]},{\"@type\":\"WebPage\",\"@id\":\"https:\\\/\\\/grupohoymexico.com\\\/puebla\\\/2025\\\/06\\\/05\\\/cero-corrupcion-alejandro-armenta-investigara-al-teleferico-y-al-museo-del-barroco\\\/\",\"url\":\"https:\\\/\\\/grupohoymexico.com\\\/puebla\\\/2025\\\/06\\\/05\\\/cero-corrupcion-alejandro-armenta-investigara-al-teleferico-y-al-museo-del-barroco\\\/\",\"name\":\"Alejandro Armenta investigar\u00e1 al Telef\u00e9rico y al Museo del Barroco - Grupo Hoy Puebla\",\"isPartOf\":{\"@id\":\"https:\\\/\\\/grupohoymexico.com\\\/puebla\\\/#website\"},\"primaryImageOfPage\":{\"@id\":\"https:\\\/\\\/grupohoymexico.com\\\/puebla\\\/2025\\\/06\\\/05\\\/cero-corrupcion-alejandro-armenta-investigara-al-teleferico-y-al-museo-del-barroco\\\/#primaryimage\"},\"image\":{\"@id\":\"https:\\\/\\\/grupohoymexico.com\\\/puebla\\\/2025\\\/06\\\/05\\\/cero-corrupcion-alejandro-armenta-investigara-al-teleferico-y-al-museo-del-barroco\\\/#primaryimage\"},\"thumbnailUrl\":\"https:\\\/\\\/grupohoymexico.com\\\/puebla\\\/wp-content\\\/uploads\\\/sites\\\/3\\\/2025\\\/06\\\/alejandro_Armenta_cero_corrurpcion_teleferico_museo_barroco.jpg\",\"datePublished\":\"2025-06-05T21:44:34+00:00\",\"author\":{\"@id\":\"https:\\\/\\\/grupohoymexico.com\\\/puebla\\\/#\\\/schema\\\/person\\\/8201f3fa49669f346d08e15801e0ebc2\"},\"description\":\"Como parte de un compromiso con la cero corrupci\u00f3n, el gobierno de Alejandro Armenta investigar\u00e1 al Telef\u00e9rico y al Museo del Barroco.\",\"breadcrumb\":{\"@id\":\"https:\\\/\\\/grupohoymexico.com\\\/puebla\\\/2025\\\/06\\\/05\\\/cero-corrupcion-alejandro-armenta-investigara-al-teleferico-y-al-museo-del-barroco\\\/#breadcrumb\"},\"inLanguage\":\"es\",\"potentialAction\":[{\"@type\":\"ReadAction\",\"target\":[\"https:\\\/\\\/grupohoymexico.com\\\/puebla\\\/2025\\\/06\\\/05\\\/cero-corrupcion-alejandro-armenta-investigara-al-teleferico-y-al-museo-del-barroco\\\/\"]}]},{\"@type\":\"ImageObject\",\"inLanguage\":\"es\",\"@id\":\"https:\\\/\\\/grupohoymexico.com\\\/puebla\\\/2025\\\/06\\\/05\\\/cero-corrupcion-alejandro-armenta-investigara-al-teleferico-y-al-museo-del-barroco\\\/#primaryimage\",\"url\":\"https:\\\/\\\/grupohoymexico.com\\\/puebla\\\/wp-content\\\/uploads\\\/sites\\\/3\\\/2025\\\/06\\\/alejandro_Armenta_cero_corrurpcion_teleferico_museo_barroco.jpg\",\"contentUrl\":\"https:\\\/\\\/grupohoymexico.com\\\/puebla\\\/wp-content\\\/uploads\\\/sites\\\/3\\\/2025\\\/06\\\/alejandro_Armenta_cero_corrurpcion_teleferico_museo_barroco.jpg\",\"width\":1280,\"height\":680,\"caption\":\"El gobernador Alejandro Armenta investigar\u00e1 al Telef\u00e9rico y al Museo del Barroco como parte de su lucha contra la corrupci\u00f3n. Foto: Gobierno de Puebla\"},{\"@type\":\"BreadcrumbList\",\"@id\":\"https:\\\/\\\/grupohoymexico.com\\\/puebla\\\/2025\\\/06\\\/05\\\/cero-corrupcion-alejandro-armenta-investigara-al-teleferico-y-al-museo-del-barroco\\\/#breadcrumb\",\"itemListElement\":[{\"@type\":\"ListItem\",\"position\":1,\"name\":\"Inicio\",\"item\":\"https:\\\/\\\/grupohoymexico.com\\\/puebla\\\/\"},{\"@type\":\"ListItem\",\"position\":2,\"name\":\"\u00a1Cero corrupci\u00f3n! Alejandro Armenta investigar\u00e1 al Telef\u00e9rico y al Museo del Barroco\"}]},{\"@type\":\"WebSite\",\"@id\":\"https:\\\/\\\/grupohoymexico.com\\\/puebla\\\/#website\",\"url\":\"https:\\\/\\\/grupohoymexico.com\\\/puebla\\\/\",\"name\":\"Grupo Hoy Puebla\",\"description\":\"\",\"potentialAction\":[{\"@type\":\"SearchAction\",\"target\":{\"@type\":\"EntryPoint\",\"urlTemplate\":\"https:\\\/\\\/grupohoymexico.com\\\/puebla\\\/?s={search_term_string}\"},\"query-input\":{\"@type\":\"PropertyValueSpecification\",\"valueRequired\":true,\"valueName\":\"search_term_string\"}}],\"inLanguage\":\"es\"},{\"@type\":\"Person\",\"@id\":\"https:\\\/\\\/grupohoymexico.com\\\/puebla\\\/#\\\/schema\\\/person\\\/8201f3fa49669f346d08e15801e0ebc2\",\"name\":\"nestor\",\"image\":{\"@type\":\"ImageObject\",\"inLanguage\":\"es\",\"@id\":\"https:\\\/\\\/secure.gravatar.com\\\/avatar\\\/6675a6d9279ab1d8e7b7c55956d0013492fdc51e007e555bc58e5e0eac33d094?s=96&d=mm&r=g\",\"url\":\"https:\\\/\\\/secure.gravatar.com\\\/avatar\\\/6675a6d9279ab1d8e7b7c55956d0013492fdc51e007e555bc58e5e0eac33d094?s=96&d=mm&r=g\",\"contentUrl\":\"https:\\\/\\\/secure.gravatar.com\\\/avatar\\\/6675a6d9279ab1d8e7b7c55956d0013492fdc51e007e555bc58e5e0eac33d094?s=96&d=mm&r=g\",\"caption\":\"nestor\"},\"url\":\"https:\\\/\\\/grupohoymexico.com\\\/puebla\\\/author\\\/nestor\\\/\"}]}<\/script>\n<!-- \/ Yoast SEO Premium plugin. -->","yoast_head_json":{"title":"Alejandro Armenta investigar\u00e1 al Telef\u00e9rico y al Museo del Barroco - Grupo Hoy Puebla","description":"Como parte de un compromiso con la cero corrupci\u00f3n, el gobierno de Alejandro Armenta investigar\u00e1 al Telef\u00e9rico y al Museo del Barroco.","robots":{"index":"index","follow":"follow","max-snippet":"max-snippet:-1","max-image-preview":"max-image-preview:large","max-video-preview":"max-video-preview:-1"},"canonical":"https:\/\/grupohoymexico.com\/puebla\/2025\/06\/05\/cero-corrupcion-alejandro-armenta-investigara-al-teleferico-y-al-museo-del-barroco\/","og_locale":"es_MX","og_type":"article","og_title":"\u00a1Cero corrupci\u00f3n! Alejandro Armenta investigar\u00e1 al Telef\u00e9rico y al Museo del Barroco","og_description":"Como parte de un compromiso con la cero corrupci\u00f3n, el gobierno de Alejandro Armenta investigar\u00e1 al Telef\u00e9rico y al Museo del Barroco.","og_url":"https:\/\/grupohoymexico.com\/puebla\/2025\/06\/05\/cero-corrupcion-alejandro-armenta-investigara-al-teleferico-y-al-museo-del-barroco\/","og_site_name":"Grupo Hoy Puebla","article_published_time":"2025-06-05T21:44:34+00:00","og_image":[{"width":1280,"height":680,"url":"https:\/\/grupohoymexico.com\/puebla\/wp-content\/uploads\/sites\/3\/2025\/06\/alejandro_Armenta_cero_corrurpcion_teleferico_museo_barroco.jpg","type":"image\/jpeg"}],"author":"nestor","twitter_card":"summary_large_image","twitter_misc":{"Escrito por":"nestor","Tiempo de lectura":"1 minuto"},"schema":{"@context":"https:\/\/schema.org","@graph":[{"@type":"Article","@id":"https:\/\/grupohoymexico.com\/puebla\/2025\/06\/05\/cero-corrupcion-alejandro-armenta-investigara-al-teleferico-y-al-museo-del-barroco\/#article","isPartOf":{"@id":"https:\/\/grupohoymexico.com\/puebla\/2025\/06\/05\/cero-corrupcion-alejandro-armenta-investigara-al-teleferico-y-al-museo-del-barroco\/"},"author":{"name":"nestor","@id":"https:\/\/grupohoymexico.com\/puebla\/#\/schema\/person\/8201f3fa49669f346d08e15801e0ebc2"},"headline":"\u00a1Cero corrupci\u00f3n! Alejandro Armenta investigar\u00e1 al Telef\u00e9rico y al Museo del Barroco","datePublished":"2025-06-05T21:44:34+00:00","mainEntityOfPage":{"@id":"https:\/\/grupohoymexico.com\/puebla\/2025\/06\/05\/cero-corrupcion-alejandro-armenta-investigara-al-teleferico-y-al-museo-del-barroco\/"},"wordCount":215,"commentCount":0,"image":{"@id":"https:\/\/grupohoymexico.com\/puebla\/2025\/06\/05\/cero-corrupcion-alejandro-armenta-investigara-al-teleferico-y-al-museo-del-barroco\/#primaryimage"},"thumbnailUrl":"https:\/\/grupohoymexico.com\/puebla\/wp-content\/uploads\/sites\/3\/2025\/06\/alejandro_Armenta_cero_corrurpcion_teleferico_museo_barroco.jpg","keywords":["Alejandro Armenta","Museo del Barroco","Telef\u00e9rico"],"articleSection":["Estatal"],"inLanguage":"es","potentialAction":[{"@type":"CommentAction","name":"Comment","target":["https:\/\/grupohoymexico.com\/puebla\/2025\/06\/05\/cero-corrupcion-alejandro-armenta-investigara-al-teleferico-y-al-museo-del-barroco\/#respond"]}]},{"@type":"WebPage","@id":"https:\/\/grupohoymexico.com\/puebla\/2025\/06\/05\/cero-corrupcion-alejandro-armenta-investigara-al-teleferico-y-al-museo-del-barroco\/","url":"https:\/\/grupohoymexico.com\/puebla\/2025\/06\/05\/cero-corrupcion-alejandro-armenta-investigara-al-teleferico-y-al-museo-del-barroco\/","name":"Alejandro Armenta investigar\u00e1 al Telef\u00e9rico y al Museo del Barroco - Grupo Hoy Puebla","isPartOf":{"@id":"https:\/\/grupohoymexico.com\/puebla\/#website"},"primaryImageOfPage":{"@id":"https:\/\/grupohoymexico.com\/puebla\/2025\/06\/05\/cero-corrupcion-alejandro-armenta-investigara-al-teleferico-y-al-museo-del-barroco\/#primaryimage"},"image":{"@id":"https:\/\/grupohoymexico.com\/puebla\/2025\/06\/05\/cero-corrupcion-alejandro-armenta-investigara-al-teleferico-y-al-museo-del-barroco\/#primaryimage"},"thumbnailUrl":"https:\/\/grupohoymexico.com\/puebla\/wp-content\/uploads\/sites\/3\/2025\/06\/alejandro_Armenta_cero_corrurpcion_teleferico_museo_barroco.jpg","datePublished":"2025-06-05T21:44:34+00:00","author":{"@id":"https:\/\/grupohoymexico.com\/puebla\/#\/schema\/person\/8201f3fa49669f346d08e15801e0ebc2"},"description":"Como parte de un compromiso con la cero corrupci\u00f3n, el gobierno de Alejandro Armenta investigar\u00e1 al Telef\u00e9rico y al Museo del Barroco.","breadcrumb":{"@id":"https:\/\/grupohoymexico.com\/puebla\/2025\/06\/05\/cero-corrupcion-alejandro-armenta-investigara-al-teleferico-y-al-museo-del-barroco\/#breadcrumb"},"inLanguage":"es","potentialAction":[{"@type":"ReadAction","target":["https:\/\/grupohoymexico.com\/puebla\/2025\/06\/05\/cero-corrupcion-alejandro-armenta-investigara-al-teleferico-y-al-museo-del-barroco\/"]}]},{"@type":"ImageObject","inLanguage":"es","@id":"https:\/\/grupohoymexico.com\/puebla\/2025\/06\/05\/cero-corrupcion-alejandro-armenta-investigara-al-teleferico-y-al-museo-del-barroco\/#primaryimage","url":"https:\/\/grupohoymexico.com\/puebla\/wp-content\/uploads\/sites\/3\/2025\/06\/alejandro_Armenta_cero_corrurpcion_teleferico_museo_barroco.jpg","contentUrl":"https:\/\/grupohoymexico.com\/puebla\/wp-content\/uploads\/sites\/3\/2025\/06\/alejandro_Armenta_cero_corrurpcion_teleferico_museo_barroco.jpg","width":1280,"height":680,"caption":"El gobernador Alejandro Armenta investigar\u00e1 al Telef\u00e9rico y al Museo del Barroco como parte de su lucha contra la corrupci\u00f3n. Foto: Gobierno de Puebla"},{"@type":"BreadcrumbList","@id":"https:\/\/grupohoymexico.com\/puebla\/2025\/06\/05\/cero-corrupcion-alejandro-armenta-investigara-al-teleferico-y-al-museo-del-barroco\/#breadcrumb","itemListElement":[{"@type":"ListItem","position":1,"name":"Inicio","item":"https:\/\/grupohoymexico.com\/puebla\/"},{"@type":"ListItem","position":2,"name":"\u00a1Cero corrupci\u00f3n! Alejandro Armenta investigar\u00e1 al Telef\u00e9rico y al Museo del Barroco"}]},{"@type":"WebSite","@id":"https:\/\/grupohoymexico.com\/puebla\/#website","url":"https:\/\/grupohoymexico.com\/puebla\/","name":"Grupo Hoy Puebla","description":"","potentialAction":[{"@type":"SearchAction","target":{"@type":"EntryPoint","urlTemplate":"https:\/\/grupohoymexico.com\/puebla\/?s={search_term_string}"},"query-input":{"@type":"PropertyValueSpecification","valueRequired":true,"valueName":"search_term_string"}}],"inLanguage":"es"},{"@type":"Person","@id":"https:\/\/grupohoymexico.com\/puebla\/#\/schema\/person\/8201f3fa49669f346d08e15801e0ebc2","name":"nestor","image":{"@type":"ImageObject","inLanguage":"es","@id":"https:\/\/secure.gravatar.com\/avatar\/6675a6d9279ab1d8e7b7c55956d0013492fdc51e007e555bc58e5e0eac33d094?s=96&d=mm&r=g","url":"https:\/\/secure.gravatar.com\/avatar\/6675a6d9279ab1d8e7b7c55956d0013492fdc51e007e555bc58e5e0eac33d094?s=96&d=mm&r=g","contentUrl":"https:\/\/secure.gravatar.com\/avatar\/6675a6d9279ab1d8e7b7c55956d0013492fdc51e007e555bc58e5e0eac33d094?s=96&d=mm&r=g","caption":"nestor"},"url":"https:\/\/grupohoymexico.com\/puebla\/author\/nestor\/"}]}},"_links":{"self":[{"href":"https:\/\/grupohoymexico.com\/puebla\/wp-json\/wp\/v2\/posts\/75309","targetHints":{"allow":["GET"]}}],"collection":[{"href":"https:\/\/grupohoymexico.com\/puebla\/wp-json\/wp\/v2\/posts"}],"about":[{"href":"https:\/\/grupohoymexico.com\/puebla\/wp-json\/wp\/v2\/types\/post"}],"author":[{"embeddable":true,"href":"https:\/\/grupohoymexico.com\/puebla\/wp-json\/wp\/v2\/users\/15"}],"replies":[{"embeddable":true,"href":"https:\/\/grupohoymexico.com\/puebla\/wp-json\/wp\/v2\/comments?post=75309"}],"version-history":[{"count":2,"href":"https:\/\/grupohoymexico.com\/puebla\/wp-json\/wp\/v2\/posts\/75309\/revisions"}],"predecessor-version":[{"id":75312,"href":"https:\/\/grupohoymexico.com\/puebla\/wp-json\/wp\/v2\/posts\/75309\/revisions\/75312"}],"wp:featuredmedia":[{"embeddable":true,"href":"https:\/\/grupohoymexico.com\/puebla\/wp-json\/wp\/v2\/media\/75310"}],"wp:attachment":[{"href":"https:\/\/grupohoymexico.com\/puebla\/wp-json\/wp\/v2\/media?parent=75309"}],"wp:term":[{"taxonomy":"category","embeddable":true,"href":"https:\/\/grupohoymexico.com\/puebla\/wp-json\/wp\/v2\/categories?post=75309"},{"taxonomy":"post_tag","embeddable":true,"href":"https:\/\/grupohoymexico.com\/puebla\/wp-json\/wp\/v2\/tags?post=75309"}],"curies":[{"name":"wp","href":"https:\/\/api.w.org\/{rel}","templated":true}]}}