{"id":75273,"date":"2025-06-04T18:56:40","date_gmt":"2025-06-04T18:56:40","guid":{"rendered":"https:\/\/grupohoymexico.com\/puebla\/?p=75273"},"modified":"2025-06-04T18:56:41","modified_gmt":"2025-06-04T18:56:41","slug":"alejandro-armenta-supervisa-danos-en-ajolotla-tras-inundaciones-en-chignahuapan","status":"publish","type":"post","link":"https:\/\/grupohoymexico.com\/puebla\/2025\/06\/04\/alejandro-armenta-supervisa-danos-en-ajolotla-tras-inundaciones-en-chignahuapan\/","title":{"rendered":"Alejandro Armenta supervisa da\u00f1os en Ajolotla tras inundaciones en Chignahuapan"},"content":{"rendered":"\n<p>Despu\u00e9s de las intensas lluvias del<strong> lunes por la tarde<\/strong>, la <strong>comunidad de Ajolotla en Chignahuapan<\/strong> sufri\u00f3 graves inundaciones que da\u00f1aron muchas viviendas. El <strong><a href=\"https:\/\/alejandroarmenta.com.mx\/\">gobernador de Puebla, Alejandro Armenta<\/a><\/strong>, acudi\u00f3 el mi\u00e9rcoles a la zona para supervisar personalmente los efectos del desastre y coordinar los apoyos necesarios para los afectados.<\/p>\n\n\n\n<h2 class=\"wp-block-heading\" id=\"h-danos-y-apoyos-para-las-familias-afectadas\"><strong>Da\u00f1os y apoyos para las familias afectadas<\/strong><\/h2>\n\n\n\n<p>La tormenta, que comenz\u00f3 alrededor de las<strong> 5:30 de la tarde y dur\u00f3 m\u00e1s de una hora<\/strong>, provoc\u00f3 que el agua se acumulara de forma considerable, <strong>da\u00f1ando por completo 35 casas y afectando parcialmente a otras 35<\/strong>. Adem\u00e1s, el gobierno estatal planea entregar materiales de construcci\u00f3n para reforzar alrededor de <strong>110 viviendas m\u00e1s<\/strong>, con la intenci\u00f3n de protegerlas mejor ante <strong>futuras lluvias.<\/strong><\/p>\n\n\n\n<p>Desde el momento en que comenz\u00f3 la emergencia, el <strong>Ayuntamiento de <a href=\"https:\/\/grupohoymexico.com\/puebla\/2025\/06\/03\/puebla-responde-con-rapidez-ante-inundaciones-en-chignahuapan-tepeojuma-e-izucar-de-matamoros\/\">Chignahuapan<\/a><\/strong> activ\u00f3 el <strong>Auditorio Municipal<\/strong> como refugio temporal para quienes tuvieron que dejar sus hogares. En conjunto con el gobierno estatal, distribuyeron <strong>colchonetas, cobijas y alimentos para garantizar que las familias recibieran atenci\u00f3n r\u00e1pida y en condiciones dignas.<\/strong><\/p>\n\n\n\n<figure class=\"wp-block-image size-full\"><img fetchpriority=\"high\" decoding=\"async\" width=\"802\" height=\"346\" src=\"https:\/\/grupohoymexico.com\/puebla\/wp-content\/uploads\/sites\/3\/2025\/06\/Captura-de-pantalla-2025-06-04-124956.png\" alt=\"\" class=\"wp-image-75274\" srcset=\"https:\/\/grupohoymexico.com\/puebla\/wp-content\/uploads\/sites\/3\/2025\/06\/Captura-de-pantalla-2025-06-04-124956.png 802w, https:\/\/grupohoymexico.com\/puebla\/wp-content\/uploads\/sites\/3\/2025\/06\/Captura-de-pantalla-2025-06-04-124956-300x129.png 300w, https:\/\/grupohoymexico.com\/puebla\/wp-content\/uploads\/sites\/3\/2025\/06\/Captura-de-pantalla-2025-06-04-124956-768x331.png 768w, https:\/\/grupohoymexico.com\/puebla\/wp-content\/uploads\/sites\/3\/2025\/06\/Captura-de-pantalla-2025-06-04-124956-332x143.png 332w, https:\/\/grupohoymexico.com\/puebla\/wp-content\/uploads\/sites\/3\/2025\/06\/Captura-de-pantalla-2025-06-04-124956-664x286.png 664w, https:\/\/grupohoymexico.com\/puebla\/wp-content\/uploads\/sites\/3\/2025\/06\/Captura-de-pantalla-2025-06-04-124956-688x297.png 688w\" sizes=\"(max-width: 802px) 100vw, 802px\" \/><\/figure>\n\n\n\n<h2 class=\"wp-block-heading\" id=\"h-ajolotla-trabajo-conjunto-para-la-recuperacion-y-prevencion\"><strong>Ajolotla:<\/strong> <strong>Trabajo conjunto para la recuperaci\u00f3n y prevenci\u00f3n<\/strong><\/h2>\n\n\n\n<p>El recorrido del gobernador incluy\u00f3 la compa\u00f1\u00eda del <strong>presidente municipal, Juan Rivera Trejo, la presidenta del DIF local, Isabel Mart\u00ednez Pe\u00f1u\u00f1uri<\/strong>, y varios secretarios estatales, entre ellos los responsables de <strong>Bienestar, Gobernaci\u00f3n, Infraestructura y Seguridad P\u00fablica<\/strong>, adem\u00e1s del coordinador de <strong>Protecci\u00f3n Civil, Bernab\u00e9 L\u00f3pez Santos<\/strong>. Todos ellos participaron en la evaluaci\u00f3n de da\u00f1os y en la planificaci\u00f3n de la respuesta inmediata.<\/p>\n\n\n\n<p><strong>Armenta<\/strong> asegur\u00f3 que la administraci\u00f3n estatal mantendr\u00e1 su apoyo constante hasta que la situaci\u00f3n en <strong>Ajolotla <\/strong>vuelva a la normalidad. El gobernador se comprometi\u00f3 a seguir promoviendo acciones que ayuden a <strong>reconstruir la comunidad y fortalecer la infraestructura<\/strong> para que est\u00e9 mejor preparada ante futuras contingencias.<\/p>\n\n\n\n<p>Las autoridades reiteraron que su prioridad es brindar seguridad y bienestar a las personas afectadas y destacaron la importancia de la coordinaci\u00f3n entre los <strong>distintos niveles de gobierno para atender la emergencia de manera eficaz y oportuna.<\/strong><\/p>\n","protected":false},"excerpt":{"rendered":"Despu\u00e9s de las intensas lluvias del lunes por la tarde, la comunidad de Ajolotla en Chignahuapan sufri\u00f3 graves&hellip;","protected":false},"author":1,"featured_media":75275,"comment_status":"open","ping_status":"open","sticky":false,"template":"","format":"standard","meta":{"csco_display_header_overlay":false,"csco_singular_sidebar":"","csco_page_header_type":"","csco_page_load_nextpost":"","csco_post_video_location":[],"csco_post_video_location_hash":"","csco_post_video_url":"","csco_post_video_bg_start_time":0,"csco_post_video_bg_end_time":0,"footnotes":""},"categories":[29],"tags":[1205,98,821,1207,172,1186,1206,1208],"class_list":{"0":"post-75273","1":"post","2":"type-post","3":"status-publish","4":"format-standard","5":"has-post-thumbnail","7":"category-estatal","8":"tag-ajolotla","9":"tag-alejandro-armenta","10":"tag-chignahuapan","11":"tag-danos","12":"tag-gobierno","13":"tag-inundaciones","14":"tag-lluvias","15":"tag-supervision","16":"cs-entry","17":"cs-video-wrap"},"yoast_head":"<!-- This site is optimized with the Yoast SEO Premium plugin v24.7 (Yoast SEO v27.4) - https:\/\/yoast.com\/product\/yoast-seo-premium-wordpress\/ -->\n<title>Alejandro Armenta supervisa da\u00f1os en Ajolotla tras inundaciones en Chignahuapan - Grupo Hoy Puebla<\/title>\n<meta name=\"description\" content=\"Tras las recientes fuertes lluvias, Ajolotla en Chignahuapan sufri\u00f3 da\u00f1os; gobernador Armenta supervisa apoyos y reconstrucci\u00f3n.\" \/>\n<meta name=\"robots\" content=\"index, follow, max-snippet:-1, max-image-preview:large, max-video-preview:-1\" \/>\n<link rel=\"canonical\" href=\"https:\/\/grupohoymexico.com\/puebla\/2025\/06\/04\/alejandro-armenta-supervisa-danos-en-ajolotla-tras-inundaciones-en-chignahuapan\/\" \/>\n<meta property=\"og:locale\" content=\"es_MX\" \/>\n<meta property=\"og:type\" content=\"article\" \/>\n<meta property=\"og:title\" content=\"Alejandro Armenta supervisa da\u00f1os en Ajolotla tras inundaciones en Chignahuapan\" \/>\n<meta property=\"og:description\" content=\"Tras las recientes fuertes lluvias, Ajolotla en Chignahuapan sufri\u00f3 da\u00f1os; gobernador Armenta supervisa apoyos y reconstrucci\u00f3n.\" \/>\n<meta property=\"og:url\" content=\"https:\/\/grupohoymexico.com\/puebla\/2025\/06\/04\/alejandro-armenta-supervisa-danos-en-ajolotla-tras-inundaciones-en-chignahuapan\/\" \/>\n<meta property=\"og:site_name\" content=\"Grupo Hoy Puebla\" \/>\n<meta property=\"article:published_time\" content=\"2025-06-04T18:56:40+00:00\" \/>\n<meta property=\"article:modified_time\" content=\"2025-06-04T18:56:41+00:00\" \/>\n<meta property=\"og:image\" content=\"https:\/\/grupohoymexico.com\/puebla\/wp-content\/uploads\/sites\/3\/2025\/06\/5044489125977240254.jpg\" \/>\n\t<meta property=\"og:image:width\" content=\"1280\" \/>\n\t<meta property=\"og:image:height\" content=\"680\" \/>\n\t<meta property=\"og:image:type\" content=\"image\/jpeg\" \/>\n<meta name=\"author\" content=\"user\" \/>\n<meta name=\"twitter:card\" content=\"summary_large_image\" \/>\n<meta name=\"twitter:label1\" content=\"Escrito por\" \/>\n\t<meta name=\"twitter:data1\" content=\"user\" \/>\n\t<meta name=\"twitter:label2\" content=\"Tiempo de lectura\" \/>\n\t<meta name=\"twitter:data2\" content=\"2 minutos\" \/>\n<script type=\"application\/ld+json\" class=\"yoast-schema-graph\">{\"@context\":\"https:\\\/\\\/schema.org\",\"@graph\":[{\"@type\":\"Article\",\"@id\":\"https:\\\/\\\/grupohoymexico.com\\\/puebla\\\/2025\\\/06\\\/04\\\/alejandro-armenta-supervisa-danos-en-ajolotla-tras-inundaciones-en-chignahuapan\\\/#article\",\"isPartOf\":{\"@id\":\"https:\\\/\\\/grupohoymexico.com\\\/puebla\\\/2025\\\/06\\\/04\\\/alejandro-armenta-supervisa-danos-en-ajolotla-tras-inundaciones-en-chignahuapan\\\/\"},\"author\":{\"name\":\"user\",\"@id\":\"https:\\\/\\\/grupohoymexico.com\\\/puebla\\\/#\\\/schema\\\/person\\\/ce6086ac837852775a3a4f539356c297\"},\"headline\":\"Alejandro Armenta supervisa da\u00f1os en Ajolotla tras inundaciones en Chignahuapan\",\"datePublished\":\"2025-06-04T18:56:40+00:00\",\"dateModified\":\"2025-06-04T18:56:41+00:00\",\"mainEntityOfPage\":{\"@id\":\"https:\\\/\\\/grupohoymexico.com\\\/puebla\\\/2025\\\/06\\\/04\\\/alejandro-armenta-supervisa-danos-en-ajolotla-tras-inundaciones-en-chignahuapan\\\/\"},\"wordCount\":356,\"commentCount\":0,\"image\":{\"@id\":\"https:\\\/\\\/grupohoymexico.com\\\/puebla\\\/2025\\\/06\\\/04\\\/alejandro-armenta-supervisa-danos-en-ajolotla-tras-inundaciones-en-chignahuapan\\\/#primaryimage\"},\"thumbnailUrl\":\"https:\\\/\\\/grupohoymexico.com\\\/puebla\\\/wp-content\\\/uploads\\\/sites\\\/3\\\/2025\\\/06\\\/5044489125977240254.jpg\",\"keywords\":[\"Ajolotla\",\"Alejandro Armenta\",\"Chignahuapan\",\"da\u00f1os\",\"gobierno\",\"inundaciones\",\"lluvias\",\"supervisi\u00f3n\"],\"articleSection\":[\"Estatal\"],\"inLanguage\":\"es\",\"potentialAction\":[{\"@type\":\"CommentAction\",\"name\":\"Comment\",\"target\":[\"https:\\\/\\\/grupohoymexico.com\\\/puebla\\\/2025\\\/06\\\/04\\\/alejandro-armenta-supervisa-danos-en-ajolotla-tras-inundaciones-en-chignahuapan\\\/#respond\"]}]},{\"@type\":\"WebPage\",\"@id\":\"https:\\\/\\\/grupohoymexico.com\\\/puebla\\\/2025\\\/06\\\/04\\\/alejandro-armenta-supervisa-danos-en-ajolotla-tras-inundaciones-en-chignahuapan\\\/\",\"url\":\"https:\\\/\\\/grupohoymexico.com\\\/puebla\\\/2025\\\/06\\\/04\\\/alejandro-armenta-supervisa-danos-en-ajolotla-tras-inundaciones-en-chignahuapan\\\/\",\"name\":\"Alejandro Armenta supervisa da\u00f1os en Ajolotla tras inundaciones en Chignahuapan - Grupo Hoy Puebla\",\"isPartOf\":{\"@id\":\"https:\\\/\\\/grupohoymexico.com\\\/puebla\\\/#website\"},\"primaryImageOfPage\":{\"@id\":\"https:\\\/\\\/grupohoymexico.com\\\/puebla\\\/2025\\\/06\\\/04\\\/alejandro-armenta-supervisa-danos-en-ajolotla-tras-inundaciones-en-chignahuapan\\\/#primaryimage\"},\"image\":{\"@id\":\"https:\\\/\\\/grupohoymexico.com\\\/puebla\\\/2025\\\/06\\\/04\\\/alejandro-armenta-supervisa-danos-en-ajolotla-tras-inundaciones-en-chignahuapan\\\/#primaryimage\"},\"thumbnailUrl\":\"https:\\\/\\\/grupohoymexico.com\\\/puebla\\\/wp-content\\\/uploads\\\/sites\\\/3\\\/2025\\\/06\\\/5044489125977240254.jpg\",\"datePublished\":\"2025-06-04T18:56:40+00:00\",\"dateModified\":\"2025-06-04T18:56:41+00:00\",\"author\":{\"@id\":\"https:\\\/\\\/grupohoymexico.com\\\/puebla\\\/#\\\/schema\\\/person\\\/ce6086ac837852775a3a4f539356c297\"},\"description\":\"Tras las recientes fuertes lluvias, Ajolotla en Chignahuapan sufri\u00f3 da\u00f1os; gobernador Armenta supervisa apoyos y reconstrucci\u00f3n.\",\"breadcrumb\":{\"@id\":\"https:\\\/\\\/grupohoymexico.com\\\/puebla\\\/2025\\\/06\\\/04\\\/alejandro-armenta-supervisa-danos-en-ajolotla-tras-inundaciones-en-chignahuapan\\\/#breadcrumb\"},\"inLanguage\":\"es\",\"potentialAction\":[{\"@type\":\"ReadAction\",\"target\":[\"https:\\\/\\\/grupohoymexico.com\\\/puebla\\\/2025\\\/06\\\/04\\\/alejandro-armenta-supervisa-danos-en-ajolotla-tras-inundaciones-en-chignahuapan\\\/\"]}]},{\"@type\":\"ImageObject\",\"inLanguage\":\"es\",\"@id\":\"https:\\\/\\\/grupohoymexico.com\\\/puebla\\\/2025\\\/06\\\/04\\\/alejandro-armenta-supervisa-danos-en-ajolotla-tras-inundaciones-en-chignahuapan\\\/#primaryimage\",\"url\":\"https:\\\/\\\/grupohoymexico.com\\\/puebla\\\/wp-content\\\/uploads\\\/sites\\\/3\\\/2025\\\/06\\\/5044489125977240254.jpg\",\"contentUrl\":\"https:\\\/\\\/grupohoymexico.com\\\/puebla\\\/wp-content\\\/uploads\\\/sites\\\/3\\\/2025\\\/06\\\/5044489125977240254.jpg\",\"width\":1280,\"height\":680,\"caption\":\"armenta Ajolotla inundaciones\"},{\"@type\":\"BreadcrumbList\",\"@id\":\"https:\\\/\\\/grupohoymexico.com\\\/puebla\\\/2025\\\/06\\\/04\\\/alejandro-armenta-supervisa-danos-en-ajolotla-tras-inundaciones-en-chignahuapan\\\/#breadcrumb\",\"itemListElement\":[{\"@type\":\"ListItem\",\"position\":1,\"name\":\"Inicio\",\"item\":\"https:\\\/\\\/grupohoymexico.com\\\/puebla\\\/\"},{\"@type\":\"ListItem\",\"position\":2,\"name\":\"Alejandro Armenta supervisa da\u00f1os en Ajolotla tras inundaciones en Chignahuapan\"}]},{\"@type\":\"WebSite\",\"@id\":\"https:\\\/\\\/grupohoymexico.com\\\/puebla\\\/#website\",\"url\":\"https:\\\/\\\/grupohoymexico.com\\\/puebla\\\/\",\"name\":\"Grupo Hoy Puebla\",\"description\":\"\",\"potentialAction\":[{\"@type\":\"SearchAction\",\"target\":{\"@type\":\"EntryPoint\",\"urlTemplate\":\"https:\\\/\\\/grupohoymexico.com\\\/puebla\\\/?s={search_term_string}\"},\"query-input\":{\"@type\":\"PropertyValueSpecification\",\"valueRequired\":true,\"valueName\":\"search_term_string\"}}],\"inLanguage\":\"es\"},{\"@type\":\"Person\",\"@id\":\"https:\\\/\\\/grupohoymexico.com\\\/puebla\\\/#\\\/schema\\\/person\\\/ce6086ac837852775a3a4f539356c297\",\"name\":\"user\",\"image\":{\"@type\":\"ImageObject\",\"inLanguage\":\"es\",\"@id\":\"https:\\\/\\\/secure.gravatar.com\\\/avatar\\\/25f78de4fa956f6f7c01f8d96f8087d8958ebe06d57e630cd54e36aefb9dacea?s=96&d=mm&r=g\",\"url\":\"https:\\\/\\\/secure.gravatar.com\\\/avatar\\\/25f78de4fa956f6f7c01f8d96f8087d8958ebe06d57e630cd54e36aefb9dacea?s=96&d=mm&r=g\",\"contentUrl\":\"https:\\\/\\\/secure.gravatar.com\\\/avatar\\\/25f78de4fa956f6f7c01f8d96f8087d8958ebe06d57e630cd54e36aefb9dacea?s=96&d=mm&r=g\",\"caption\":\"user\"},\"sameAs\":[\"http:\\\/\\\/44.197.188.197.nip.io\"],\"url\":\"https:\\\/\\\/grupohoymexico.com\\\/puebla\\\/author\\\/user\\\/\"}]}<\/script>\n<!-- \/ Yoast SEO Premium plugin. -->","yoast_head_json":{"title":"Alejandro Armenta supervisa da\u00f1os en Ajolotla tras inundaciones en Chignahuapan - Grupo Hoy Puebla","description":"Tras las recientes fuertes lluvias, Ajolotla en Chignahuapan sufri\u00f3 da\u00f1os; gobernador Armenta supervisa apoyos y reconstrucci\u00f3n.","robots":{"index":"index","follow":"follow","max-snippet":"max-snippet:-1","max-image-preview":"max-image-preview:large","max-video-preview":"max-video-preview:-1"},"canonical":"https:\/\/grupohoymexico.com\/puebla\/2025\/06\/04\/alejandro-armenta-supervisa-danos-en-ajolotla-tras-inundaciones-en-chignahuapan\/","og_locale":"es_MX","og_type":"article","og_title":"Alejandro Armenta supervisa da\u00f1os en Ajolotla tras inundaciones en Chignahuapan","og_description":"Tras las recientes fuertes lluvias, Ajolotla en Chignahuapan sufri\u00f3 da\u00f1os; gobernador Armenta supervisa apoyos y reconstrucci\u00f3n.","og_url":"https:\/\/grupohoymexico.com\/puebla\/2025\/06\/04\/alejandro-armenta-supervisa-danos-en-ajolotla-tras-inundaciones-en-chignahuapan\/","og_site_name":"Grupo Hoy Puebla","article_published_time":"2025-06-04T18:56:40+00:00","article_modified_time":"2025-06-04T18:56:41+00:00","og_image":[{"width":1280,"height":680,"url":"https:\/\/grupohoymexico.com\/puebla\/wp-content\/uploads\/sites\/3\/2025\/06\/5044489125977240254.jpg","type":"image\/jpeg"}],"author":"user","twitter_card":"summary_large_image","twitter_misc":{"Escrito por":"user","Tiempo de lectura":"2 minutos"},"schema":{"@context":"https:\/\/schema.org","@graph":[{"@type":"Article","@id":"https:\/\/grupohoymexico.com\/puebla\/2025\/06\/04\/alejandro-armenta-supervisa-danos-en-ajolotla-tras-inundaciones-en-chignahuapan\/#article","isPartOf":{"@id":"https:\/\/grupohoymexico.com\/puebla\/2025\/06\/04\/alejandro-armenta-supervisa-danos-en-ajolotla-tras-inundaciones-en-chignahuapan\/"},"author":{"name":"user","@id":"https:\/\/grupohoymexico.com\/puebla\/#\/schema\/person\/ce6086ac837852775a3a4f539356c297"},"headline":"Alejandro Armenta supervisa da\u00f1os en Ajolotla tras inundaciones en Chignahuapan","datePublished":"2025-06-04T18:56:40+00:00","dateModified":"2025-06-04T18:56:41+00:00","mainEntityOfPage":{"@id":"https:\/\/grupohoymexico.com\/puebla\/2025\/06\/04\/alejandro-armenta-supervisa-danos-en-ajolotla-tras-inundaciones-en-chignahuapan\/"},"wordCount":356,"commentCount":0,"image":{"@id":"https:\/\/grupohoymexico.com\/puebla\/2025\/06\/04\/alejandro-armenta-supervisa-danos-en-ajolotla-tras-inundaciones-en-chignahuapan\/#primaryimage"},"thumbnailUrl":"https:\/\/grupohoymexico.com\/puebla\/wp-content\/uploads\/sites\/3\/2025\/06\/5044489125977240254.jpg","keywords":["Ajolotla","Alejandro Armenta","Chignahuapan","da\u00f1os","gobierno","inundaciones","lluvias","supervisi\u00f3n"],"articleSection":["Estatal"],"inLanguage":"es","potentialAction":[{"@type":"CommentAction","name":"Comment","target":["https:\/\/grupohoymexico.com\/puebla\/2025\/06\/04\/alejandro-armenta-supervisa-danos-en-ajolotla-tras-inundaciones-en-chignahuapan\/#respond"]}]},{"@type":"WebPage","@id":"https:\/\/grupohoymexico.com\/puebla\/2025\/06\/04\/alejandro-armenta-supervisa-danos-en-ajolotla-tras-inundaciones-en-chignahuapan\/","url":"https:\/\/grupohoymexico.com\/puebla\/2025\/06\/04\/alejandro-armenta-supervisa-danos-en-ajolotla-tras-inundaciones-en-chignahuapan\/","name":"Alejandro Armenta supervisa da\u00f1os en Ajolotla tras inundaciones en Chignahuapan - Grupo Hoy Puebla","isPartOf":{"@id":"https:\/\/grupohoymexico.com\/puebla\/#website"},"primaryImageOfPage":{"@id":"https:\/\/grupohoymexico.com\/puebla\/2025\/06\/04\/alejandro-armenta-supervisa-danos-en-ajolotla-tras-inundaciones-en-chignahuapan\/#primaryimage"},"image":{"@id":"https:\/\/grupohoymexico.com\/puebla\/2025\/06\/04\/alejandro-armenta-supervisa-danos-en-ajolotla-tras-inundaciones-en-chignahuapan\/#primaryimage"},"thumbnailUrl":"https:\/\/grupohoymexico.com\/puebla\/wp-content\/uploads\/sites\/3\/2025\/06\/5044489125977240254.jpg","datePublished":"2025-06-04T18:56:40+00:00","dateModified":"2025-06-04T18:56:41+00:00","author":{"@id":"https:\/\/grupohoymexico.com\/puebla\/#\/schema\/person\/ce6086ac837852775a3a4f539356c297"},"description":"Tras las recientes fuertes lluvias, Ajolotla en Chignahuapan sufri\u00f3 da\u00f1os; gobernador Armenta supervisa apoyos y reconstrucci\u00f3n.","breadcrumb":{"@id":"https:\/\/grupohoymexico.com\/puebla\/2025\/06\/04\/alejandro-armenta-supervisa-danos-en-ajolotla-tras-inundaciones-en-chignahuapan\/#breadcrumb"},"inLanguage":"es","potentialAction":[{"@type":"ReadAction","target":["https:\/\/grupohoymexico.com\/puebla\/2025\/06\/04\/alejandro-armenta-supervisa-danos-en-ajolotla-tras-inundaciones-en-chignahuapan\/"]}]},{"@type":"ImageObject","inLanguage":"es","@id":"https:\/\/grupohoymexico.com\/puebla\/2025\/06\/04\/alejandro-armenta-supervisa-danos-en-ajolotla-tras-inundaciones-en-chignahuapan\/#primaryimage","url":"https:\/\/grupohoymexico.com\/puebla\/wp-content\/uploads\/sites\/3\/2025\/06\/5044489125977240254.jpg","contentUrl":"https:\/\/grupohoymexico.com\/puebla\/wp-content\/uploads\/sites\/3\/2025\/06\/5044489125977240254.jpg","width":1280,"height":680,"caption":"armenta Ajolotla inundaciones"},{"@type":"BreadcrumbList","@id":"https:\/\/grupohoymexico.com\/puebla\/2025\/06\/04\/alejandro-armenta-supervisa-danos-en-ajolotla-tras-inundaciones-en-chignahuapan\/#breadcrumb","itemListElement":[{"@type":"ListItem","position":1,"name":"Inicio","item":"https:\/\/grupohoymexico.com\/puebla\/"},{"@type":"ListItem","position":2,"name":"Alejandro Armenta supervisa da\u00f1os en Ajolotla tras inundaciones en Chignahuapan"}]},{"@type":"WebSite","@id":"https:\/\/grupohoymexico.com\/puebla\/#website","url":"https:\/\/grupohoymexico.com\/puebla\/","name":"Grupo Hoy Puebla","description":"","potentialAction":[{"@type":"SearchAction","target":{"@type":"EntryPoint","urlTemplate":"https:\/\/grupohoymexico.com\/puebla\/?s={search_term_string}"},"query-input":{"@type":"PropertyValueSpecification","valueRequired":true,"valueName":"search_term_string"}}],"inLanguage":"es"},{"@type":"Person","@id":"https:\/\/grupohoymexico.com\/puebla\/#\/schema\/person\/ce6086ac837852775a3a4f539356c297","name":"user","image":{"@type":"ImageObject","inLanguage":"es","@id":"https:\/\/secure.gravatar.com\/avatar\/25f78de4fa956f6f7c01f8d96f8087d8958ebe06d57e630cd54e36aefb9dacea?s=96&d=mm&r=g","url":"https:\/\/secure.gravatar.com\/avatar\/25f78de4fa956f6f7c01f8d96f8087d8958ebe06d57e630cd54e36aefb9dacea?s=96&d=mm&r=g","contentUrl":"https:\/\/secure.gravatar.com\/avatar\/25f78de4fa956f6f7c01f8d96f8087d8958ebe06d57e630cd54e36aefb9dacea?s=96&d=mm&r=g","caption":"user"},"sameAs":["http:\/\/44.197.188.197.nip.io"],"url":"https:\/\/grupohoymexico.com\/puebla\/author\/user\/"}]}},"_links":{"self":[{"href":"https:\/\/grupohoymexico.com\/puebla\/wp-json\/wp\/v2\/posts\/75273","targetHints":{"allow":["GET"]}}],"collection":[{"href":"https:\/\/grupohoymexico.com\/puebla\/wp-json\/wp\/v2\/posts"}],"about":[{"href":"https:\/\/grupohoymexico.com\/puebla\/wp-json\/wp\/v2\/types\/post"}],"author":[{"embeddable":true,"href":"https:\/\/grupohoymexico.com\/puebla\/wp-json\/wp\/v2\/users\/1"}],"replies":[{"embeddable":true,"href":"https:\/\/grupohoymexico.com\/puebla\/wp-json\/wp\/v2\/comments?post=75273"}],"version-history":[{"count":1,"href":"https:\/\/grupohoymexico.com\/puebla\/wp-json\/wp\/v2\/posts\/75273\/revisions"}],"predecessor-version":[{"id":75276,"href":"https:\/\/grupohoymexico.com\/puebla\/wp-json\/wp\/v2\/posts\/75273\/revisions\/75276"}],"wp:featuredmedia":[{"embeddable":true,"href":"https:\/\/grupohoymexico.com\/puebla\/wp-json\/wp\/v2\/media\/75275"}],"wp:attachment":[{"href":"https:\/\/grupohoymexico.com\/puebla\/wp-json\/wp\/v2\/media?parent=75273"}],"wp:term":[{"taxonomy":"category","embeddable":true,"href":"https:\/\/grupohoymexico.com\/puebla\/wp-json\/wp\/v2\/categories?post=75273"},{"taxonomy":"post_tag","embeddable":true,"href":"https:\/\/grupohoymexico.com\/puebla\/wp-json\/wp\/v2\/tags?post=75273"}],"curies":[{"name":"wp","href":"https:\/\/api.w.org\/{rel}","templated":true}]}}