{"id":75260,"date":"2025-06-04T19:07:05","date_gmt":"2025-06-04T19:07:05","guid":{"rendered":"https:\/\/grupohoymexico.com\/puebla\/?p=75260"},"modified":"2025-06-04T19:17:40","modified_gmt":"2025-06-04T19:17:40","slug":"reportan-55-casos-de-dengue-en-puebla-durante-2025","status":"publish","type":"post","link":"https:\/\/grupohoymexico.com\/puebla\/2025\/06\/04\/reportan-55-casos-de-dengue-en-puebla-durante-2025\/","title":{"rendered":"Reportan 55 casos de dengue en Puebla durante 2025"},"content":{"rendered":"\n<p><strong><a href=\"https:\/\/grupohoymexico.com\/puebla\/\">Puebla<\/a><\/strong> ha registrado <strong>55 casos confirmados de dengue<\/strong>, hasta la semana epidemiol\u00f3gica 21, la cual cerr\u00f3 el 24 de mayo, de acuerdo con datos oficiales de la <strong><a href=\"https:\/\/www.gob.mx\/salud\">Secretar\u00eda de Salud federal<\/a><\/strong>. <strong>31 de los casos corresponden a dengue no grave<\/strong>, <strong>22 presentan signos de alarma<\/strong> y <strong>2 han sido catalogados como graves<\/strong>, lo que evidencia la presencia del virus en la entidad, aunque en niveles controlados hasta el momento.<\/p>\n\n\n\n<p>A pesar del registro de contagios, Puebla se mantiene lejos de los estados con mayor incidencia de dengue en el pa\u00eds. En contraste, <strong>Jalisco encabeza la lista nacional con 706 casos<\/strong>, seguido de <strong>Veracruz con 602<\/strong> y <strong>Michoac\u00e1n con 311<\/strong>. A nivel nacional, el <strong>total de casos reportados asciende a 3,692<\/strong>.<\/p>\n\n\n\n<h3 class=\"wp-block-heading\" id=\"h-el-dengue-una-amenaza-latente\"><strong>El dengue, una amenaza latente<\/strong><\/h3>\n\n\n\n<p>El dengue es una infecci\u00f3n viral transmitida por la picadura del mosquito <em>Aedes aegypti<\/em>, cuya proliferaci\u00f3n se ve favorecida por la acumulaci\u00f3n de agua en recipientes, charcos y otros espacios. Sus s\u00edntomas pueden ir desde fiebre y malestar general hasta complicaciones graves como hemorragias y choque, especialmente en casos con signos de alarma o en su forma m\u00e1s severa.<\/p>\n\n\n\n<p>Por ello, las autoridades de salud <strong>exhortan a la poblaci\u00f3n a no bajar la guardia<\/strong>. Entre las medidas preventivas recomendadas est\u00e1n:<\/p>\n\n\n\n<ul class=\"wp-block-list\">\n<li>Eliminar criaderos potenciales (como llantas, cubetas o macetas con agua estancada).<\/li>\n\n\n\n<li>Usar repelente contra insectos.<\/li>\n\n\n\n<li>Instalar mosquiteros en puertas y ventanas.<\/li>\n\n\n\n<li>Mantener patios y techos limpios.<\/li>\n<\/ul>\n\n\n\n<p>La <strong>Secretar\u00eda de Salud federal mantiene un monitoreo epidemiol\u00f3gico constante<\/strong>, especialmente en estados como Puebla, donde las condiciones climatol\u00f3gicas pueden favorecer la aparici\u00f3n de nuevos casos. <\/p>\n\n\n\n<p>Aunque la entidad no figura entre las de mayor riesgo, el enfoque sigue siendo <strong>la prevenci\u00f3n como herramienta clave<\/strong> para contener posibles brotes.<\/p>\n","protected":false},"excerpt":{"rendered":"Puebla ha registrado 55 casos confirmados de dengue, hasta la semana epidemiol\u00f3gica 21, la cual cerr\u00f3 el 24&hellip;","protected":false},"author":5,"featured_media":75277,"comment_status":"open","ping_status":"open","sticky":false,"template":"","format":"standard","meta":{"csco_display_header_overlay":false,"csco_singular_sidebar":"","csco_page_header_type":"","csco_page_load_nextpost":"","csco_post_video_location":[],"csco_post_video_location_hash":"","csco_post_video_url":"","csco_post_video_bg_start_time":0,"csco_post_video_bg_end_time":0,"footnotes":""},"categories":[29],"tags":[1210,1209,40,291],"class_list":{"0":"post-75260","1":"post","2":"type-post","3":"status-publish","4":"format-standard","5":"has-post-thumbnail","7":"category-estatal","8":"tag-alerta","9":"tag-dengue","10":"tag-puebla","11":"tag-salud","12":"cs-entry","13":"cs-video-wrap"},"yoast_head":"<!-- This site is optimized with the Yoast SEO Premium plugin v24.7 (Yoast SEO v27.4) - https:\/\/yoast.com\/product\/yoast-seo-premium-wordpress\/ -->\n<title>Reportan 55 casos de dengue en Puebla durante 2025 - Grupo Hoy Puebla<\/title>\n<meta name=\"description\" content=\"Puebla ha registrado 55 casos confirmados de dengue, hasta la semana epidemiol\u00f3gica 21, la cual cerr\u00f3 el 24 de mayo.\" \/>\n<meta name=\"robots\" content=\"index, follow, max-snippet:-1, max-image-preview:large, max-video-preview:-1\" \/>\n<link rel=\"canonical\" href=\"https:\/\/grupohoymexico.com\/puebla\/2025\/06\/04\/reportan-55-casos-de-dengue-en-puebla-durante-2025\/\" \/>\n<meta property=\"og:locale\" content=\"es_MX\" \/>\n<meta property=\"og:type\" content=\"article\" \/>\n<meta property=\"og:title\" content=\"Reportan 55 casos de dengue en Puebla durante 2025\" \/>\n<meta property=\"og:description\" content=\"Puebla ha registrado 55 casos confirmados de dengue, hasta la semana epidemiol\u00f3gica 21, la cual cerr\u00f3 el 24 de mayo.\" \/>\n<meta property=\"og:url\" content=\"https:\/\/grupohoymexico.com\/puebla\/2025\/06\/04\/reportan-55-casos-de-dengue-en-puebla-durante-2025\/\" \/>\n<meta property=\"og:site_name\" content=\"Grupo Hoy Puebla\" \/>\n<meta property=\"article:published_time\" content=\"2025-06-04T19:07:05+00:00\" \/>\n<meta property=\"article:modified_time\" content=\"2025-06-04T19:17:40+00:00\" \/>\n<meta property=\"og:image\" content=\"https:\/\/grupohoymexico.com\/puebla\/wp-content\/uploads\/sites\/3\/2025\/06\/photo_5046579495150136951_y.jpg\" \/>\n\t<meta property=\"og:image:width\" content=\"1201\" \/>\n\t<meta property=\"og:image:height\" content=\"639\" \/>\n\t<meta property=\"og:image:type\" content=\"image\/jpeg\" \/>\n<meta name=\"author\" content=\"jair\" \/>\n<meta name=\"twitter:card\" content=\"summary_large_image\" \/>\n<meta name=\"twitter:label1\" content=\"Escrito por\" \/>\n\t<meta name=\"twitter:data1\" content=\"jair\" \/>\n\t<meta name=\"twitter:label2\" content=\"Tiempo de lectura\" \/>\n\t<meta name=\"twitter:data2\" content=\"2 minutos\" \/>\n<script type=\"application\/ld+json\" class=\"yoast-schema-graph\">{\"@context\":\"https:\\\/\\\/schema.org\",\"@graph\":[{\"@type\":\"Article\",\"@id\":\"https:\\\/\\\/grupohoymexico.com\\\/puebla\\\/2025\\\/06\\\/04\\\/reportan-55-casos-de-dengue-en-puebla-durante-2025\\\/#article\",\"isPartOf\":{\"@id\":\"https:\\\/\\\/grupohoymexico.com\\\/puebla\\\/2025\\\/06\\\/04\\\/reportan-55-casos-de-dengue-en-puebla-durante-2025\\\/\"},\"author\":{\"name\":\"jair\",\"@id\":\"https:\\\/\\\/grupohoymexico.com\\\/puebla\\\/#\\\/schema\\\/person\\\/98e2425fe99fbbdf486895b69dab3c3d\"},\"headline\":\"Reportan 55 casos de dengue en Puebla durante 2025\",\"datePublished\":\"2025-06-04T19:07:05+00:00\",\"dateModified\":\"2025-06-04T19:17:40+00:00\",\"mainEntityOfPage\":{\"@id\":\"https:\\\/\\\/grupohoymexico.com\\\/puebla\\\/2025\\\/06\\\/04\\\/reportan-55-casos-de-dengue-en-puebla-durante-2025\\\/\"},\"wordCount\":293,\"commentCount\":0,\"image\":{\"@id\":\"https:\\\/\\\/grupohoymexico.com\\\/puebla\\\/2025\\\/06\\\/04\\\/reportan-55-casos-de-dengue-en-puebla-durante-2025\\\/#primaryimage\"},\"thumbnailUrl\":\"https:\\\/\\\/grupohoymexico.com\\\/puebla\\\/wp-content\\\/uploads\\\/sites\\\/3\\\/2025\\\/06\\\/photo_5046579495150136951_y.jpg\",\"keywords\":[\"Alerta\",\"dengue\",\"puebla\",\"salud\"],\"articleSection\":[\"Estatal\"],\"inLanguage\":\"es\",\"potentialAction\":[{\"@type\":\"CommentAction\",\"name\":\"Comment\",\"target\":[\"https:\\\/\\\/grupohoymexico.com\\\/puebla\\\/2025\\\/06\\\/04\\\/reportan-55-casos-de-dengue-en-puebla-durante-2025\\\/#respond\"]}]},{\"@type\":\"WebPage\",\"@id\":\"https:\\\/\\\/grupohoymexico.com\\\/puebla\\\/2025\\\/06\\\/04\\\/reportan-55-casos-de-dengue-en-puebla-durante-2025\\\/\",\"url\":\"https:\\\/\\\/grupohoymexico.com\\\/puebla\\\/2025\\\/06\\\/04\\\/reportan-55-casos-de-dengue-en-puebla-durante-2025\\\/\",\"name\":\"Reportan 55 casos de dengue en Puebla durante 2025 - Grupo Hoy Puebla\",\"isPartOf\":{\"@id\":\"https:\\\/\\\/grupohoymexico.com\\\/puebla\\\/#website\"},\"primaryImageOfPage\":{\"@id\":\"https:\\\/\\\/grupohoymexico.com\\\/puebla\\\/2025\\\/06\\\/04\\\/reportan-55-casos-de-dengue-en-puebla-durante-2025\\\/#primaryimage\"},\"image\":{\"@id\":\"https:\\\/\\\/grupohoymexico.com\\\/puebla\\\/2025\\\/06\\\/04\\\/reportan-55-casos-de-dengue-en-puebla-durante-2025\\\/#primaryimage\"},\"thumbnailUrl\":\"https:\\\/\\\/grupohoymexico.com\\\/puebla\\\/wp-content\\\/uploads\\\/sites\\\/3\\\/2025\\\/06\\\/photo_5046579495150136951_y.jpg\",\"datePublished\":\"2025-06-04T19:07:05+00:00\",\"dateModified\":\"2025-06-04T19:17:40+00:00\",\"author\":{\"@id\":\"https:\\\/\\\/grupohoymexico.com\\\/puebla\\\/#\\\/schema\\\/person\\\/98e2425fe99fbbdf486895b69dab3c3d\"},\"description\":\"Puebla ha registrado 55 casos confirmados de dengue, hasta la semana epidemiol\u00f3gica 21, la cual cerr\u00f3 el 24 de mayo.\",\"breadcrumb\":{\"@id\":\"https:\\\/\\\/grupohoymexico.com\\\/puebla\\\/2025\\\/06\\\/04\\\/reportan-55-casos-de-dengue-en-puebla-durante-2025\\\/#breadcrumb\"},\"inLanguage\":\"es\",\"potentialAction\":[{\"@type\":\"ReadAction\",\"target\":[\"https:\\\/\\\/grupohoymexico.com\\\/puebla\\\/2025\\\/06\\\/04\\\/reportan-55-casos-de-dengue-en-puebla-durante-2025\\\/\"]}]},{\"@type\":\"ImageObject\",\"inLanguage\":\"es\",\"@id\":\"https:\\\/\\\/grupohoymexico.com\\\/puebla\\\/2025\\\/06\\\/04\\\/reportan-55-casos-de-dengue-en-puebla-durante-2025\\\/#primaryimage\",\"url\":\"https:\\\/\\\/grupohoymexico.com\\\/puebla\\\/wp-content\\\/uploads\\\/sites\\\/3\\\/2025\\\/06\\\/photo_5046579495150136951_y.jpg\",\"contentUrl\":\"https:\\\/\\\/grupohoymexico.com\\\/puebla\\\/wp-content\\\/uploads\\\/sites\\\/3\\\/2025\\\/06\\\/photo_5046579495150136951_y.jpg\",\"width\":1201,\"height\":639,\"caption\":\"Foto: Freepik\"},{\"@type\":\"BreadcrumbList\",\"@id\":\"https:\\\/\\\/grupohoymexico.com\\\/puebla\\\/2025\\\/06\\\/04\\\/reportan-55-casos-de-dengue-en-puebla-durante-2025\\\/#breadcrumb\",\"itemListElement\":[{\"@type\":\"ListItem\",\"position\":1,\"name\":\"Inicio\",\"item\":\"https:\\\/\\\/grupohoymexico.com\\\/puebla\\\/\"},{\"@type\":\"ListItem\",\"position\":2,\"name\":\"Reportan 55 casos de dengue en Puebla durante 2025\"}]},{\"@type\":\"WebSite\",\"@id\":\"https:\\\/\\\/grupohoymexico.com\\\/puebla\\\/#website\",\"url\":\"https:\\\/\\\/grupohoymexico.com\\\/puebla\\\/\",\"name\":\"Grupo Hoy Puebla\",\"description\":\"\",\"potentialAction\":[{\"@type\":\"SearchAction\",\"target\":{\"@type\":\"EntryPoint\",\"urlTemplate\":\"https:\\\/\\\/grupohoymexico.com\\\/puebla\\\/?s={search_term_string}\"},\"query-input\":{\"@type\":\"PropertyValueSpecification\",\"valueRequired\":true,\"valueName\":\"search_term_string\"}}],\"inLanguage\":\"es\"},{\"@type\":\"Person\",\"@id\":\"https:\\\/\\\/grupohoymexico.com\\\/puebla\\\/#\\\/schema\\\/person\\\/98e2425fe99fbbdf486895b69dab3c3d\",\"name\":\"jair\",\"image\":{\"@type\":\"ImageObject\",\"inLanguage\":\"es\",\"@id\":\"https:\\\/\\\/secure.gravatar.com\\\/avatar\\\/ec205dfb8733a1ce1601942dddb04fc9294fb780c832e3c1ec58faa8e4e64e9b?s=96&d=mm&r=g\",\"url\":\"https:\\\/\\\/secure.gravatar.com\\\/avatar\\\/ec205dfb8733a1ce1601942dddb04fc9294fb780c832e3c1ec58faa8e4e64e9b?s=96&d=mm&r=g\",\"contentUrl\":\"https:\\\/\\\/secure.gravatar.com\\\/avatar\\\/ec205dfb8733a1ce1601942dddb04fc9294fb780c832e3c1ec58faa8e4e64e9b?s=96&d=mm&r=g\",\"caption\":\"jair\"},\"url\":\"https:\\\/\\\/grupohoymexico.com\\\/puebla\\\/author\\\/jair\\\/\"}]}<\/script>\n<!-- \/ Yoast SEO Premium plugin. -->","yoast_head_json":{"title":"Reportan 55 casos de dengue en Puebla durante 2025 - Grupo Hoy Puebla","description":"Puebla ha registrado 55 casos confirmados de dengue, hasta la semana epidemiol\u00f3gica 21, la cual cerr\u00f3 el 24 de mayo.","robots":{"index":"index","follow":"follow","max-snippet":"max-snippet:-1","max-image-preview":"max-image-preview:large","max-video-preview":"max-video-preview:-1"},"canonical":"https:\/\/grupohoymexico.com\/puebla\/2025\/06\/04\/reportan-55-casos-de-dengue-en-puebla-durante-2025\/","og_locale":"es_MX","og_type":"article","og_title":"Reportan 55 casos de dengue en Puebla durante 2025","og_description":"Puebla ha registrado 55 casos confirmados de dengue, hasta la semana epidemiol\u00f3gica 21, la cual cerr\u00f3 el 24 de mayo.","og_url":"https:\/\/grupohoymexico.com\/puebla\/2025\/06\/04\/reportan-55-casos-de-dengue-en-puebla-durante-2025\/","og_site_name":"Grupo Hoy Puebla","article_published_time":"2025-06-04T19:07:05+00:00","article_modified_time":"2025-06-04T19:17:40+00:00","og_image":[{"width":1201,"height":639,"url":"https:\/\/grupohoymexico.com\/puebla\/wp-content\/uploads\/sites\/3\/2025\/06\/photo_5046579495150136951_y.jpg","type":"image\/jpeg"}],"author":"jair","twitter_card":"summary_large_image","twitter_misc":{"Escrito por":"jair","Tiempo de lectura":"2 minutos"},"schema":{"@context":"https:\/\/schema.org","@graph":[{"@type":"Article","@id":"https:\/\/grupohoymexico.com\/puebla\/2025\/06\/04\/reportan-55-casos-de-dengue-en-puebla-durante-2025\/#article","isPartOf":{"@id":"https:\/\/grupohoymexico.com\/puebla\/2025\/06\/04\/reportan-55-casos-de-dengue-en-puebla-durante-2025\/"},"author":{"name":"jair","@id":"https:\/\/grupohoymexico.com\/puebla\/#\/schema\/person\/98e2425fe99fbbdf486895b69dab3c3d"},"headline":"Reportan 55 casos de dengue en Puebla durante 2025","datePublished":"2025-06-04T19:07:05+00:00","dateModified":"2025-06-04T19:17:40+00:00","mainEntityOfPage":{"@id":"https:\/\/grupohoymexico.com\/puebla\/2025\/06\/04\/reportan-55-casos-de-dengue-en-puebla-durante-2025\/"},"wordCount":293,"commentCount":0,"image":{"@id":"https:\/\/grupohoymexico.com\/puebla\/2025\/06\/04\/reportan-55-casos-de-dengue-en-puebla-durante-2025\/#primaryimage"},"thumbnailUrl":"https:\/\/grupohoymexico.com\/puebla\/wp-content\/uploads\/sites\/3\/2025\/06\/photo_5046579495150136951_y.jpg","keywords":["Alerta","dengue","puebla","salud"],"articleSection":["Estatal"],"inLanguage":"es","potentialAction":[{"@type":"CommentAction","name":"Comment","target":["https:\/\/grupohoymexico.com\/puebla\/2025\/06\/04\/reportan-55-casos-de-dengue-en-puebla-durante-2025\/#respond"]}]},{"@type":"WebPage","@id":"https:\/\/grupohoymexico.com\/puebla\/2025\/06\/04\/reportan-55-casos-de-dengue-en-puebla-durante-2025\/","url":"https:\/\/grupohoymexico.com\/puebla\/2025\/06\/04\/reportan-55-casos-de-dengue-en-puebla-durante-2025\/","name":"Reportan 55 casos de dengue en Puebla durante 2025 - Grupo Hoy Puebla","isPartOf":{"@id":"https:\/\/grupohoymexico.com\/puebla\/#website"},"primaryImageOfPage":{"@id":"https:\/\/grupohoymexico.com\/puebla\/2025\/06\/04\/reportan-55-casos-de-dengue-en-puebla-durante-2025\/#primaryimage"},"image":{"@id":"https:\/\/grupohoymexico.com\/puebla\/2025\/06\/04\/reportan-55-casos-de-dengue-en-puebla-durante-2025\/#primaryimage"},"thumbnailUrl":"https:\/\/grupohoymexico.com\/puebla\/wp-content\/uploads\/sites\/3\/2025\/06\/photo_5046579495150136951_y.jpg","datePublished":"2025-06-04T19:07:05+00:00","dateModified":"2025-06-04T19:17:40+00:00","author":{"@id":"https:\/\/grupohoymexico.com\/puebla\/#\/schema\/person\/98e2425fe99fbbdf486895b69dab3c3d"},"description":"Puebla ha registrado 55 casos confirmados de dengue, hasta la semana epidemiol\u00f3gica 21, la cual cerr\u00f3 el 24 de mayo.","breadcrumb":{"@id":"https:\/\/grupohoymexico.com\/puebla\/2025\/06\/04\/reportan-55-casos-de-dengue-en-puebla-durante-2025\/#breadcrumb"},"inLanguage":"es","potentialAction":[{"@type":"ReadAction","target":["https:\/\/grupohoymexico.com\/puebla\/2025\/06\/04\/reportan-55-casos-de-dengue-en-puebla-durante-2025\/"]}]},{"@type":"ImageObject","inLanguage":"es","@id":"https:\/\/grupohoymexico.com\/puebla\/2025\/06\/04\/reportan-55-casos-de-dengue-en-puebla-durante-2025\/#primaryimage","url":"https:\/\/grupohoymexico.com\/puebla\/wp-content\/uploads\/sites\/3\/2025\/06\/photo_5046579495150136951_y.jpg","contentUrl":"https:\/\/grupohoymexico.com\/puebla\/wp-content\/uploads\/sites\/3\/2025\/06\/photo_5046579495150136951_y.jpg","width":1201,"height":639,"caption":"Foto: Freepik"},{"@type":"BreadcrumbList","@id":"https:\/\/grupohoymexico.com\/puebla\/2025\/06\/04\/reportan-55-casos-de-dengue-en-puebla-durante-2025\/#breadcrumb","itemListElement":[{"@type":"ListItem","position":1,"name":"Inicio","item":"https:\/\/grupohoymexico.com\/puebla\/"},{"@type":"ListItem","position":2,"name":"Reportan 55 casos de dengue en Puebla durante 2025"}]},{"@type":"WebSite","@id":"https:\/\/grupohoymexico.com\/puebla\/#website","url":"https:\/\/grupohoymexico.com\/puebla\/","name":"Grupo Hoy Puebla","description":"","potentialAction":[{"@type":"SearchAction","target":{"@type":"EntryPoint","urlTemplate":"https:\/\/grupohoymexico.com\/puebla\/?s={search_term_string}"},"query-input":{"@type":"PropertyValueSpecification","valueRequired":true,"valueName":"search_term_string"}}],"inLanguage":"es"},{"@type":"Person","@id":"https:\/\/grupohoymexico.com\/puebla\/#\/schema\/person\/98e2425fe99fbbdf486895b69dab3c3d","name":"jair","image":{"@type":"ImageObject","inLanguage":"es","@id":"https:\/\/secure.gravatar.com\/avatar\/ec205dfb8733a1ce1601942dddb04fc9294fb780c832e3c1ec58faa8e4e64e9b?s=96&d=mm&r=g","url":"https:\/\/secure.gravatar.com\/avatar\/ec205dfb8733a1ce1601942dddb04fc9294fb780c832e3c1ec58faa8e4e64e9b?s=96&d=mm&r=g","contentUrl":"https:\/\/secure.gravatar.com\/avatar\/ec205dfb8733a1ce1601942dddb04fc9294fb780c832e3c1ec58faa8e4e64e9b?s=96&d=mm&r=g","caption":"jair"},"url":"https:\/\/grupohoymexico.com\/puebla\/author\/jair\/"}]}},"_links":{"self":[{"href":"https:\/\/grupohoymexico.com\/puebla\/wp-json\/wp\/v2\/posts\/75260","targetHints":{"allow":["GET"]}}],"collection":[{"href":"https:\/\/grupohoymexico.com\/puebla\/wp-json\/wp\/v2\/posts"}],"about":[{"href":"https:\/\/grupohoymexico.com\/puebla\/wp-json\/wp\/v2\/types\/post"}],"author":[{"embeddable":true,"href":"https:\/\/grupohoymexico.com\/puebla\/wp-json\/wp\/v2\/users\/5"}],"replies":[{"embeddable":true,"href":"https:\/\/grupohoymexico.com\/puebla\/wp-json\/wp\/v2\/comments?post=75260"}],"version-history":[{"count":2,"href":"https:\/\/grupohoymexico.com\/puebla\/wp-json\/wp\/v2\/posts\/75260\/revisions"}],"predecessor-version":[{"id":75278,"href":"https:\/\/grupohoymexico.com\/puebla\/wp-json\/wp\/v2\/posts\/75260\/revisions\/75278"}],"wp:featuredmedia":[{"embeddable":true,"href":"https:\/\/grupohoymexico.com\/puebla\/wp-json\/wp\/v2\/media\/75277"}],"wp:attachment":[{"href":"https:\/\/grupohoymexico.com\/puebla\/wp-json\/wp\/v2\/media?parent=75260"}],"wp:term":[{"taxonomy":"category","embeddable":true,"href":"https:\/\/grupohoymexico.com\/puebla\/wp-json\/wp\/v2\/categories?post=75260"},{"taxonomy":"post_tag","embeddable":true,"href":"https:\/\/grupohoymexico.com\/puebla\/wp-json\/wp\/v2\/tags?post=75260"}],"curies":[{"name":"wp","href":"https:\/\/api.w.org\/{rel}","templated":true}]}}