{"id":75235,"date":"2025-06-03T19:33:22","date_gmt":"2025-06-03T19:33:22","guid":{"rendered":"https:\/\/grupohoymexico.com\/puebla\/?p=75235"},"modified":"2025-06-03T19:33:22","modified_gmt":"2025-06-03T19:33:22","slug":"capturan-en-puebla-a-dos-colombianos-ligados-al-prestamo-gota-a-gota-y-narcomenudeo","status":"publish","type":"post","link":"https:\/\/grupohoymexico.com\/puebla\/2025\/06\/03\/capturan-en-puebla-a-dos-colombianos-ligados-al-prestamo-gota-a-gota-y-narcomenudeo\/","title":{"rendered":"Capturan en Puebla a dos colombianos ligados al pr\u00e9stamo \u201cgota a gota\u201d y narcomenudeo"},"content":{"rendered":"\n<p>Elementos de la <strong><a href=\"https:\/\/fiscalia.puebla.gob.mx\/\">Fiscal\u00eda General del Estado (FGE) de Puebla<\/a><\/strong> realizaron la detenci\u00f3n de dos colombianos relacionados con el sistema de pr\u00e9stamos <strong>&#8220;gota a gota&#8221;<\/strong>, extorsi\u00f3n, cobro de piso y narcomenudeo, en la Unidad Habitacional Manuel Rivera Anaya. <\/p>\n\n\n\n<p>Los detenidos, <strong>Anderson &#8220;N&#8221;, alias \u201cEl Chaux\u201d, de 30 a\u00f1os, y Jeiner Alexis &#8220;N&#8221;, alias \u201cEl Mechas\u201d, de 23 a\u00f1os<\/strong>, son se\u00f1alados como miembros de la organizaci\u00f3n criminal internacional <strong>\u201cTren de Aragua\u201d<\/strong>, que opera en <strong>Venezuela y Colombia<\/strong>.<\/p>\n\n\n\n<h3 class=\"wp-block-heading\" id=\"h-operativo-y-hallazgos-durante-la-detencion\"><strong>Operativo y hallazgos durante la detenci\u00f3n<\/strong><\/h3>\n\n\n\n<p>La captura ocurri\u00f3 mientras los sujetos presuntamente realizaban la venta de estupefacientes. En el lugar, los agentes aseguraron diversos envoltorios con sustancias similares a marihuana y metanfetamina. Seg\u00fan las investigaciones, ambos individuos intimidaban y agred\u00edan a quienes no cumpl\u00edan con los pagos de pr\u00e9stamos bajo la modalidad \u201cgota a gota\u201d en <strong><a href=\"https:\/\/grupohoymexico.com\/puebla\/\">Puebla<\/a><\/strong>, adem\u00e1s de extorsionar y cobrar piso a comerciantes mediante amenazas constantes, generando un clima de miedo que dificultaba las denuncias.<\/p>\n\n\n\n<p>Los tatuajes en distintas partes del cuerpo de los detenidos, junto con otros elementos de prueba, vinculan a ambos con el \u201cTren de Aragua\u201d, una organizaci\u00f3n criminal originada hace m\u00e1s de una d\u00e9cada en el Centro Penitenciario de Aragua, Venezuela, que ha extendido su influencia a M\u00e9xico y otros pa\u00edses.<\/p>\n\n\n\n<h3 class=\"wp-block-heading\" id=\"h-procesos-legales-y-llamado-a-la-denuncia\"><strong>Procesos legales y llamado a la denuncia<\/strong><\/h3>\n\n\n\n<p>Tras su detenci\u00f3n, a Anderson &#8220;N&#8221; y Jeiner Alexis &#8220;N&#8221; los pusieron a disposici\u00f3n de la FGE para las investigaciones correspondientes y posteriormente vinculados a proceso por delitos contra la salud en su modalidad de posesi\u00f3n con fines de suministro de narc\u00f3ticos. Actualmente permanecen en prisi\u00f3n preventiva.<\/p>\n\n\n\n<p>Durante una conferencia de prensa, la fiscal general Idamis Pastor Betancourt invit\u00f3 a la ciudadan\u00eda a acudir a denunciar en caso de ser v\u00edctimas de estos sujetos o reconocerlos, con el fin de fortalecer las investigaciones y combatir la impunidad.<\/p>\n\n\n\n<h3 class=\"wp-block-heading\" id=\"h-antecedente-reciente-otra-captura-relacionada-con-gota-a-gota\"><strong>Antecedente reciente: Otra captura relacionada con \u201cgota a gota\u201d<\/strong><\/h3>\n\n\n\n<p>En octubre de 2024, las autoridades poblanas tambi\u00e9n detuvieron a un integrante del sistema \u201cgota a gota\u201d. Se trat\u00f3 de N\u00e9stor &#8220;N&#8221;, un colombiano originario de Agua Clara de Sabanalarga, Casanare, a quien arrestaron tras amedrentar con un arma punzocortante a una mujer y darse a la fuga en motocicleta.<\/p>\n","protected":false},"excerpt":{"rendered":"Elementos de la Fiscal\u00eda General del Estado (FGE) de Puebla realizaron la detenci\u00f3n de dos colombianos relacionados con&hellip;","protected":false},"author":5,"featured_media":75243,"comment_status":"open","ping_status":"open","sticky":false,"template":"","format":"standard","meta":{"csco_display_header_overlay":false,"csco_singular_sidebar":"","csco_page_header_type":"","csco_page_load_nextpost":"","csco_post_video_location":[],"csco_post_video_location_hash":"","csco_post_video_url":"","csco_post_video_bg_start_time":0,"csco_post_video_bg_end_time":0,"footnotes":""},"categories":[29,111],"tags":[],"class_list":{"0":"post-75235","1":"post","2":"type-post","3":"status-publish","4":"format-standard","5":"has-post-thumbnail","7":"category-estatal","8":"category-policiaco","9":"cs-entry","10":"cs-video-wrap"},"yoast_head":"<!-- This site is optimized with the Yoast SEO Premium plugin v24.7 (Yoast SEO v27.4) - https:\/\/yoast.com\/product\/yoast-seo-premium-wordpress\/ -->\n<title>Capturan en Puebla a dos colombianos ligados al pr\u00e9stamo \u201cgota a gota\u201d y narcomenudeo - Grupo Hoy Puebla<\/title>\n<meta name=\"description\" content=\"Elementos de la FGE de Puebla realizaron la detenci\u00f3n de dos colombianos relacionados con el sistema de pr\u00e9stamos &quot;gota a gota&quot; y narcomenudeo\" \/>\n<meta name=\"robots\" content=\"index, follow, max-snippet:-1, max-image-preview:large, max-video-preview:-1\" \/>\n<link rel=\"canonical\" href=\"https:\/\/grupohoymexico.com\/puebla\/2025\/06\/03\/capturan-en-puebla-a-dos-colombianos-ligados-al-prestamo-gota-a-gota-y-narcomenudeo\/\" \/>\n<meta property=\"og:locale\" content=\"es_MX\" \/>\n<meta property=\"og:type\" content=\"article\" \/>\n<meta property=\"og:title\" content=\"Capturan en Puebla a dos colombianos ligados al pr\u00e9stamo \u201cgota a gota\u201d y narcomenudeo\" \/>\n<meta property=\"og:description\" content=\"Elementos de la FGE de Puebla realizaron la detenci\u00f3n de dos colombianos relacionados con el sistema de pr\u00e9stamos &quot;gota a gota&quot; y narcomenudeo\" \/>\n<meta property=\"og:url\" content=\"https:\/\/grupohoymexico.com\/puebla\/2025\/06\/03\/capturan-en-puebla-a-dos-colombianos-ligados-al-prestamo-gota-a-gota-y-narcomenudeo\/\" \/>\n<meta property=\"og:site_name\" content=\"Grupo Hoy Puebla\" \/>\n<meta property=\"article:published_time\" content=\"2025-06-03T19:33:22+00:00\" \/>\n<meta property=\"og:image\" content=\"https:\/\/grupohoymexico.com\/puebla\/wp-content\/uploads\/sites\/3\/2025\/06\/photo_5042221129841880845_y.jpg\" \/>\n\t<meta property=\"og:image:width\" content=\"1201\" \/>\n\t<meta property=\"og:image:height\" content=\"639\" \/>\n\t<meta property=\"og:image:type\" content=\"image\/jpeg\" \/>\n<meta name=\"author\" content=\"jair\" \/>\n<meta name=\"twitter:card\" content=\"summary_large_image\" \/>\n<meta name=\"twitter:label1\" content=\"Escrito por\" \/>\n\t<meta name=\"twitter:data1\" content=\"jair\" \/>\n\t<meta name=\"twitter:label2\" content=\"Tiempo de lectura\" \/>\n\t<meta name=\"twitter:data2\" content=\"2 minutos\" \/>\n<script type=\"application\/ld+json\" class=\"yoast-schema-graph\">{\"@context\":\"https:\\\/\\\/schema.org\",\"@graph\":[{\"@type\":\"Article\",\"@id\":\"https:\\\/\\\/grupohoymexico.com\\\/puebla\\\/2025\\\/06\\\/03\\\/capturan-en-puebla-a-dos-colombianos-ligados-al-prestamo-gota-a-gota-y-narcomenudeo\\\/#article\",\"isPartOf\":{\"@id\":\"https:\\\/\\\/grupohoymexico.com\\\/puebla\\\/2025\\\/06\\\/03\\\/capturan-en-puebla-a-dos-colombianos-ligados-al-prestamo-gota-a-gota-y-narcomenudeo\\\/\"},\"author\":{\"name\":\"jair\",\"@id\":\"https:\\\/\\\/grupohoymexico.com\\\/puebla\\\/#\\\/schema\\\/person\\\/98e2425fe99fbbdf486895b69dab3c3d\"},\"headline\":\"Capturan en Puebla a dos colombianos ligados al pr\u00e9stamo \u201cgota a gota\u201d y narcomenudeo\",\"datePublished\":\"2025-06-03T19:33:22+00:00\",\"mainEntityOfPage\":{\"@id\":\"https:\\\/\\\/grupohoymexico.com\\\/puebla\\\/2025\\\/06\\\/03\\\/capturan-en-puebla-a-dos-colombianos-ligados-al-prestamo-gota-a-gota-y-narcomenudeo\\\/\"},\"wordCount\":397,\"commentCount\":0,\"image\":{\"@id\":\"https:\\\/\\\/grupohoymexico.com\\\/puebla\\\/2025\\\/06\\\/03\\\/capturan-en-puebla-a-dos-colombianos-ligados-al-prestamo-gota-a-gota-y-narcomenudeo\\\/#primaryimage\"},\"thumbnailUrl\":\"https:\\\/\\\/grupohoymexico.com\\\/puebla\\\/wp-content\\\/uploads\\\/sites\\\/3\\\/2025\\\/06\\\/photo_5042221129841880845_y.jpg\",\"articleSection\":[\"Estatal\",\"Policiaco\"],\"inLanguage\":\"es\",\"potentialAction\":[{\"@type\":\"CommentAction\",\"name\":\"Comment\",\"target\":[\"https:\\\/\\\/grupohoymexico.com\\\/puebla\\\/2025\\\/06\\\/03\\\/capturan-en-puebla-a-dos-colombianos-ligados-al-prestamo-gota-a-gota-y-narcomenudeo\\\/#respond\"]}]},{\"@type\":\"WebPage\",\"@id\":\"https:\\\/\\\/grupohoymexico.com\\\/puebla\\\/2025\\\/06\\\/03\\\/capturan-en-puebla-a-dos-colombianos-ligados-al-prestamo-gota-a-gota-y-narcomenudeo\\\/\",\"url\":\"https:\\\/\\\/grupohoymexico.com\\\/puebla\\\/2025\\\/06\\\/03\\\/capturan-en-puebla-a-dos-colombianos-ligados-al-prestamo-gota-a-gota-y-narcomenudeo\\\/\",\"name\":\"Capturan en Puebla a dos colombianos ligados al pr\u00e9stamo \u201cgota a gota\u201d y narcomenudeo - Grupo Hoy Puebla\",\"isPartOf\":{\"@id\":\"https:\\\/\\\/grupohoymexico.com\\\/puebla\\\/#website\"},\"primaryImageOfPage\":{\"@id\":\"https:\\\/\\\/grupohoymexico.com\\\/puebla\\\/2025\\\/06\\\/03\\\/capturan-en-puebla-a-dos-colombianos-ligados-al-prestamo-gota-a-gota-y-narcomenudeo\\\/#primaryimage\"},\"image\":{\"@id\":\"https:\\\/\\\/grupohoymexico.com\\\/puebla\\\/2025\\\/06\\\/03\\\/capturan-en-puebla-a-dos-colombianos-ligados-al-prestamo-gota-a-gota-y-narcomenudeo\\\/#primaryimage\"},\"thumbnailUrl\":\"https:\\\/\\\/grupohoymexico.com\\\/puebla\\\/wp-content\\\/uploads\\\/sites\\\/3\\\/2025\\\/06\\\/photo_5042221129841880845_y.jpg\",\"datePublished\":\"2025-06-03T19:33:22+00:00\",\"author\":{\"@id\":\"https:\\\/\\\/grupohoymexico.com\\\/puebla\\\/#\\\/schema\\\/person\\\/98e2425fe99fbbdf486895b69dab3c3d\"},\"description\":\"Elementos de la FGE de Puebla realizaron la detenci\u00f3n de dos colombianos relacionados con el sistema de pr\u00e9stamos \\\"gota a gota\\\" y narcomenudeo\",\"breadcrumb\":{\"@id\":\"https:\\\/\\\/grupohoymexico.com\\\/puebla\\\/2025\\\/06\\\/03\\\/capturan-en-puebla-a-dos-colombianos-ligados-al-prestamo-gota-a-gota-y-narcomenudeo\\\/#breadcrumb\"},\"inLanguage\":\"es\",\"potentialAction\":[{\"@type\":\"ReadAction\",\"target\":[\"https:\\\/\\\/grupohoymexico.com\\\/puebla\\\/2025\\\/06\\\/03\\\/capturan-en-puebla-a-dos-colombianos-ligados-al-prestamo-gota-a-gota-y-narcomenudeo\\\/\"]}]},{\"@type\":\"ImageObject\",\"inLanguage\":\"es\",\"@id\":\"https:\\\/\\\/grupohoymexico.com\\\/puebla\\\/2025\\\/06\\\/03\\\/capturan-en-puebla-a-dos-colombianos-ligados-al-prestamo-gota-a-gota-y-narcomenudeo\\\/#primaryimage\",\"url\":\"https:\\\/\\\/grupohoymexico.com\\\/puebla\\\/wp-content\\\/uploads\\\/sites\\\/3\\\/2025\\\/06\\\/photo_5042221129841880845_y.jpg\",\"contentUrl\":\"https:\\\/\\\/grupohoymexico.com\\\/puebla\\\/wp-content\\\/uploads\\\/sites\\\/3\\\/2025\\\/06\\\/photo_5042221129841880845_y.jpg\",\"width\":1201,\"height\":639,\"caption\":\"Foto: Freepik\"},{\"@type\":\"BreadcrumbList\",\"@id\":\"https:\\\/\\\/grupohoymexico.com\\\/puebla\\\/2025\\\/06\\\/03\\\/capturan-en-puebla-a-dos-colombianos-ligados-al-prestamo-gota-a-gota-y-narcomenudeo\\\/#breadcrumb\",\"itemListElement\":[{\"@type\":\"ListItem\",\"position\":1,\"name\":\"Inicio\",\"item\":\"https:\\\/\\\/grupohoymexico.com\\\/puebla\\\/\"},{\"@type\":\"ListItem\",\"position\":2,\"name\":\"Capturan en Puebla a dos colombianos ligados al pr\u00e9stamo \u201cgota a gota\u201d y narcomenudeo\"}]},{\"@type\":\"WebSite\",\"@id\":\"https:\\\/\\\/grupohoymexico.com\\\/puebla\\\/#website\",\"url\":\"https:\\\/\\\/grupohoymexico.com\\\/puebla\\\/\",\"name\":\"Grupo Hoy Puebla\",\"description\":\"\",\"potentialAction\":[{\"@type\":\"SearchAction\",\"target\":{\"@type\":\"EntryPoint\",\"urlTemplate\":\"https:\\\/\\\/grupohoymexico.com\\\/puebla\\\/?s={search_term_string}\"},\"query-input\":{\"@type\":\"PropertyValueSpecification\",\"valueRequired\":true,\"valueName\":\"search_term_string\"}}],\"inLanguage\":\"es\"},{\"@type\":\"Person\",\"@id\":\"https:\\\/\\\/grupohoymexico.com\\\/puebla\\\/#\\\/schema\\\/person\\\/98e2425fe99fbbdf486895b69dab3c3d\",\"name\":\"jair\",\"image\":{\"@type\":\"ImageObject\",\"inLanguage\":\"es\",\"@id\":\"https:\\\/\\\/secure.gravatar.com\\\/avatar\\\/ec205dfb8733a1ce1601942dddb04fc9294fb780c832e3c1ec58faa8e4e64e9b?s=96&d=mm&r=g\",\"url\":\"https:\\\/\\\/secure.gravatar.com\\\/avatar\\\/ec205dfb8733a1ce1601942dddb04fc9294fb780c832e3c1ec58faa8e4e64e9b?s=96&d=mm&r=g\",\"contentUrl\":\"https:\\\/\\\/secure.gravatar.com\\\/avatar\\\/ec205dfb8733a1ce1601942dddb04fc9294fb780c832e3c1ec58faa8e4e64e9b?s=96&d=mm&r=g\",\"caption\":\"jair\"},\"url\":\"https:\\\/\\\/grupohoymexico.com\\\/puebla\\\/author\\\/jair\\\/\"}]}<\/script>\n<!-- \/ Yoast SEO Premium plugin. -->","yoast_head_json":{"title":"Capturan en Puebla a dos colombianos ligados al pr\u00e9stamo \u201cgota a gota\u201d y narcomenudeo - Grupo Hoy Puebla","description":"Elementos de la FGE de Puebla realizaron la detenci\u00f3n de dos colombianos relacionados con el sistema de pr\u00e9stamos \"gota a gota\" y narcomenudeo","robots":{"index":"index","follow":"follow","max-snippet":"max-snippet:-1","max-image-preview":"max-image-preview:large","max-video-preview":"max-video-preview:-1"},"canonical":"https:\/\/grupohoymexico.com\/puebla\/2025\/06\/03\/capturan-en-puebla-a-dos-colombianos-ligados-al-prestamo-gota-a-gota-y-narcomenudeo\/","og_locale":"es_MX","og_type":"article","og_title":"Capturan en Puebla a dos colombianos ligados al pr\u00e9stamo \u201cgota a gota\u201d y narcomenudeo","og_description":"Elementos de la FGE de Puebla realizaron la detenci\u00f3n de dos colombianos relacionados con el sistema de pr\u00e9stamos \"gota a gota\" y narcomenudeo","og_url":"https:\/\/grupohoymexico.com\/puebla\/2025\/06\/03\/capturan-en-puebla-a-dos-colombianos-ligados-al-prestamo-gota-a-gota-y-narcomenudeo\/","og_site_name":"Grupo Hoy Puebla","article_published_time":"2025-06-03T19:33:22+00:00","og_image":[{"width":1201,"height":639,"url":"https:\/\/grupohoymexico.com\/puebla\/wp-content\/uploads\/sites\/3\/2025\/06\/photo_5042221129841880845_y.jpg","type":"image\/jpeg"}],"author":"jair","twitter_card":"summary_large_image","twitter_misc":{"Escrito por":"jair","Tiempo de lectura":"2 minutos"},"schema":{"@context":"https:\/\/schema.org","@graph":[{"@type":"Article","@id":"https:\/\/grupohoymexico.com\/puebla\/2025\/06\/03\/capturan-en-puebla-a-dos-colombianos-ligados-al-prestamo-gota-a-gota-y-narcomenudeo\/#article","isPartOf":{"@id":"https:\/\/grupohoymexico.com\/puebla\/2025\/06\/03\/capturan-en-puebla-a-dos-colombianos-ligados-al-prestamo-gota-a-gota-y-narcomenudeo\/"},"author":{"name":"jair","@id":"https:\/\/grupohoymexico.com\/puebla\/#\/schema\/person\/98e2425fe99fbbdf486895b69dab3c3d"},"headline":"Capturan en Puebla a dos colombianos ligados al pr\u00e9stamo \u201cgota a gota\u201d y narcomenudeo","datePublished":"2025-06-03T19:33:22+00:00","mainEntityOfPage":{"@id":"https:\/\/grupohoymexico.com\/puebla\/2025\/06\/03\/capturan-en-puebla-a-dos-colombianos-ligados-al-prestamo-gota-a-gota-y-narcomenudeo\/"},"wordCount":397,"commentCount":0,"image":{"@id":"https:\/\/grupohoymexico.com\/puebla\/2025\/06\/03\/capturan-en-puebla-a-dos-colombianos-ligados-al-prestamo-gota-a-gota-y-narcomenudeo\/#primaryimage"},"thumbnailUrl":"https:\/\/grupohoymexico.com\/puebla\/wp-content\/uploads\/sites\/3\/2025\/06\/photo_5042221129841880845_y.jpg","articleSection":["Estatal","Policiaco"],"inLanguage":"es","potentialAction":[{"@type":"CommentAction","name":"Comment","target":["https:\/\/grupohoymexico.com\/puebla\/2025\/06\/03\/capturan-en-puebla-a-dos-colombianos-ligados-al-prestamo-gota-a-gota-y-narcomenudeo\/#respond"]}]},{"@type":"WebPage","@id":"https:\/\/grupohoymexico.com\/puebla\/2025\/06\/03\/capturan-en-puebla-a-dos-colombianos-ligados-al-prestamo-gota-a-gota-y-narcomenudeo\/","url":"https:\/\/grupohoymexico.com\/puebla\/2025\/06\/03\/capturan-en-puebla-a-dos-colombianos-ligados-al-prestamo-gota-a-gota-y-narcomenudeo\/","name":"Capturan en Puebla a dos colombianos ligados al pr\u00e9stamo \u201cgota a gota\u201d y narcomenudeo - Grupo Hoy Puebla","isPartOf":{"@id":"https:\/\/grupohoymexico.com\/puebla\/#website"},"primaryImageOfPage":{"@id":"https:\/\/grupohoymexico.com\/puebla\/2025\/06\/03\/capturan-en-puebla-a-dos-colombianos-ligados-al-prestamo-gota-a-gota-y-narcomenudeo\/#primaryimage"},"image":{"@id":"https:\/\/grupohoymexico.com\/puebla\/2025\/06\/03\/capturan-en-puebla-a-dos-colombianos-ligados-al-prestamo-gota-a-gota-y-narcomenudeo\/#primaryimage"},"thumbnailUrl":"https:\/\/grupohoymexico.com\/puebla\/wp-content\/uploads\/sites\/3\/2025\/06\/photo_5042221129841880845_y.jpg","datePublished":"2025-06-03T19:33:22+00:00","author":{"@id":"https:\/\/grupohoymexico.com\/puebla\/#\/schema\/person\/98e2425fe99fbbdf486895b69dab3c3d"},"description":"Elementos de la FGE de Puebla realizaron la detenci\u00f3n de dos colombianos relacionados con el sistema de pr\u00e9stamos \"gota a gota\" y narcomenudeo","breadcrumb":{"@id":"https:\/\/grupohoymexico.com\/puebla\/2025\/06\/03\/capturan-en-puebla-a-dos-colombianos-ligados-al-prestamo-gota-a-gota-y-narcomenudeo\/#breadcrumb"},"inLanguage":"es","potentialAction":[{"@type":"ReadAction","target":["https:\/\/grupohoymexico.com\/puebla\/2025\/06\/03\/capturan-en-puebla-a-dos-colombianos-ligados-al-prestamo-gota-a-gota-y-narcomenudeo\/"]}]},{"@type":"ImageObject","inLanguage":"es","@id":"https:\/\/grupohoymexico.com\/puebla\/2025\/06\/03\/capturan-en-puebla-a-dos-colombianos-ligados-al-prestamo-gota-a-gota-y-narcomenudeo\/#primaryimage","url":"https:\/\/grupohoymexico.com\/puebla\/wp-content\/uploads\/sites\/3\/2025\/06\/photo_5042221129841880845_y.jpg","contentUrl":"https:\/\/grupohoymexico.com\/puebla\/wp-content\/uploads\/sites\/3\/2025\/06\/photo_5042221129841880845_y.jpg","width":1201,"height":639,"caption":"Foto: Freepik"},{"@type":"BreadcrumbList","@id":"https:\/\/grupohoymexico.com\/puebla\/2025\/06\/03\/capturan-en-puebla-a-dos-colombianos-ligados-al-prestamo-gota-a-gota-y-narcomenudeo\/#breadcrumb","itemListElement":[{"@type":"ListItem","position":1,"name":"Inicio","item":"https:\/\/grupohoymexico.com\/puebla\/"},{"@type":"ListItem","position":2,"name":"Capturan en Puebla a dos colombianos ligados al pr\u00e9stamo \u201cgota a gota\u201d y narcomenudeo"}]},{"@type":"WebSite","@id":"https:\/\/grupohoymexico.com\/puebla\/#website","url":"https:\/\/grupohoymexico.com\/puebla\/","name":"Grupo Hoy Puebla","description":"","potentialAction":[{"@type":"SearchAction","target":{"@type":"EntryPoint","urlTemplate":"https:\/\/grupohoymexico.com\/puebla\/?s={search_term_string}"},"query-input":{"@type":"PropertyValueSpecification","valueRequired":true,"valueName":"search_term_string"}}],"inLanguage":"es"},{"@type":"Person","@id":"https:\/\/grupohoymexico.com\/puebla\/#\/schema\/person\/98e2425fe99fbbdf486895b69dab3c3d","name":"jair","image":{"@type":"ImageObject","inLanguage":"es","@id":"https:\/\/secure.gravatar.com\/avatar\/ec205dfb8733a1ce1601942dddb04fc9294fb780c832e3c1ec58faa8e4e64e9b?s=96&d=mm&r=g","url":"https:\/\/secure.gravatar.com\/avatar\/ec205dfb8733a1ce1601942dddb04fc9294fb780c832e3c1ec58faa8e4e64e9b?s=96&d=mm&r=g","contentUrl":"https:\/\/secure.gravatar.com\/avatar\/ec205dfb8733a1ce1601942dddb04fc9294fb780c832e3c1ec58faa8e4e64e9b?s=96&d=mm&r=g","caption":"jair"},"url":"https:\/\/grupohoymexico.com\/puebla\/author\/jair\/"}]}},"_links":{"self":[{"href":"https:\/\/grupohoymexico.com\/puebla\/wp-json\/wp\/v2\/posts\/75235","targetHints":{"allow":["GET"]}}],"collection":[{"href":"https:\/\/grupohoymexico.com\/puebla\/wp-json\/wp\/v2\/posts"}],"about":[{"href":"https:\/\/grupohoymexico.com\/puebla\/wp-json\/wp\/v2\/types\/post"}],"author":[{"embeddable":true,"href":"https:\/\/grupohoymexico.com\/puebla\/wp-json\/wp\/v2\/users\/5"}],"replies":[{"embeddable":true,"href":"https:\/\/grupohoymexico.com\/puebla\/wp-json\/wp\/v2\/comments?post=75235"}],"version-history":[{"count":2,"href":"https:\/\/grupohoymexico.com\/puebla\/wp-json\/wp\/v2\/posts\/75235\/revisions"}],"predecessor-version":[{"id":75249,"href":"https:\/\/grupohoymexico.com\/puebla\/wp-json\/wp\/v2\/posts\/75235\/revisions\/75249"}],"wp:featuredmedia":[{"embeddable":true,"href":"https:\/\/grupohoymexico.com\/puebla\/wp-json\/wp\/v2\/media\/75243"}],"wp:attachment":[{"href":"https:\/\/grupohoymexico.com\/puebla\/wp-json\/wp\/v2\/media?parent=75235"}],"wp:term":[{"taxonomy":"category","embeddable":true,"href":"https:\/\/grupohoymexico.com\/puebla\/wp-json\/wp\/v2\/categories?post=75235"},{"taxonomy":"post_tag","embeddable":true,"href":"https:\/\/grupohoymexico.com\/puebla\/wp-json\/wp\/v2\/tags?post=75235"}],"curies":[{"name":"wp","href":"https:\/\/api.w.org\/{rel}","templated":true}]}}