{"id":75233,"date":"2025-06-03T15:41:40","date_gmt":"2025-06-03T15:41:40","guid":{"rendered":"https:\/\/grupohoymexico.com\/puebla\/?p=75233"},"modified":"2025-06-03T15:41:41","modified_gmt":"2025-06-03T15:41:41","slug":"fiscalia-identifica-162-cuerpos-en-puebla","status":"publish","type":"post","link":"https:\/\/grupohoymexico.com\/puebla\/2025\/06\/03\/fiscalia-identifica-162-cuerpos-en-puebla\/","title":{"rendered":"Fiscal\u00eda identifica 162 cuerpos en Puebla"},"content":{"rendered":"\n<p>La <strong>identificaci\u00f3n de cuerpos en Puebla<\/strong> registra un avance importante en la entidad poblana. La <a href=\"https:\/\/fiscalia.puebla.gob.mx\/\">Fiscal\u00eda General del Estado de Puebla<\/a> (FGE) inform\u00f3 durante la semana que, de los 224 cuerpos no identificados en el <a href=\"https:\/\/sgtransparencia.pjpuebla.gob.mx\/files\/art77fracciones19\/hipervinculo_informacion\/print_SEMEFO-0.pdf\">Servicio M\u00e9dico Forense <\/a>(Semefo), 162 corresponder\u00edan a personas originarias de Puebla. Este logro se consigui\u00f3 gracias al convenio del <a href=\"https:\/\/ine.mx\/\">Instituto Nacional Electoral<\/a> (INE) y el <a href=\"https:\/\/lac.unfpa.org\/es?gad_source=1&amp;gad_campaignid=22568895244&amp;gbraid=0AAAAA-kngIn1Jsm_SkrQFclaLO45bpQTF&amp;gclid=Cj0KCQjwuvrBBhDcARIsAKRrkje70XAU5alHfTJcEBS-mVu7pjUetEaGJimqEqjyx_7tvE9tIO1P82caAsK7EALw_wcB\">Fondo de Poblaci\u00f3n de las Naciones Unidas (UNFPA).<\/a><\/p>\n\n\n\n<h3 class=\"wp-block-heading\" id=\"h-cooperacion-interinstitucional-impulsa-la-identificacion-de-cuerpos-en-puebla\">Cooperaci\u00f3n interinstitucional impulsa la identificaci\u00f3n de cuerpos en Puebla<\/h3>\n\n\n\n<p>La titular de la<strong> FGE<\/strong>, <strong>Idamis Pastor Betancourt<\/strong>, explic\u00f3 que gracias a los datos biom\u00e9tricos y registros oficiales del<a href=\"https:\/\/ine.mx\/\"> INE<\/a> se establecieron v\u00ednculos entre los cuerpos y sus posibles identidades. Con base a esto, se enviaron 227 hip\u00f3tesis de identificaci\u00f3n, lo que result\u00f3 en 224 coincidencias positivas, donde 162 cuerpos corresponden a poblanos y 62 a personas de otros estados, quienes ser\u00e1n canalizados con las autoridades correspondientes.<br><br>LEE TAMBI\u00c9N: <a href=\"https:\/\/grupohoymexico.com\/puebla\/2025\/06\/03\/arrestan-al-director-de-busqueda-de-personas-de-puebla-por-abandono-de-funciones-en-veracruz\/\">Arrestan al director de b\u00fasqueda de personas en Puebla por abandono de funciones en Veracruz <\/a><\/p>\n\n\n\n<h3 class=\"wp-block-heading\" id=\"h-nueva-etapa-entrega-digna-y-busqueda-de-familiares\">Nueva etapa: entrega digna y b\u00fasqueda de familiares<\/h3>\n\n\n\n<p><strong>Pastor Betancourt<\/strong> destac\u00f3 tambi\u00e9n que con estas identificaciones inicia una nueva fase enfocada en localizar a los familiares para la entrega digna de los restos humanos. <\/p>\n\n\n\n<p>La<strong> identificaci\u00f3n de cuerpos en Puebla<\/strong> es un paso importante hacia la dignidad y la verdad para las v\u00edctimas y sus familiares, reafirmando el compromiso institucional de la Fiscal\u00eda para devolver la identidad y memoria a quienes estaban como desaparecidos.<br><\/p>\n\n\n\n<figure class=\"wp-block-embed is-type-video is-provider-youtube wp-block-embed-youtube wp-embed-aspect-16-9 wp-has-aspect-ratio\"><div class=\"wp-block-embed__wrapper\">\n<iframe title=\"Puebla busca identificar 1,152 cuerpos sin nombre con apoyo de la FGE, ONU y el INE\" width=\"1200\" height=\"675\" src=\"https:\/\/www.youtube.com\/embed\/K3rVuyGnSH0?feature=oembed\" frameborder=\"0\" allow=\"accelerometer; autoplay; clipboard-write; encrypted-media; gyroscope; picture-in-picture; web-share\" referrerpolicy=\"strict-origin-when-cross-origin\" allowfullscreen><\/iframe>\n<\/div><\/figure>\n\n\n\n<h3 class=\"wp-block-heading\" id=\"h-micrositio-para-consulta-publica-y-transparencia-en-puebla\">Micrositio para consulta p\u00fablica y transparencia en Puebla<\/h3>\n\n\n\n<p>Tambi\u00e9n, para evitar confusiones o duplicidades en los registros, la Fiscal\u00eda habilitar\u00e1 un micrositio donde familias, colectivos de b\u00fasqueda y organizaciones civiles podr\u00e1n consultar los casos esclarecidos. Esta plataforma facilitar\u00e1 el acceso a la informaci\u00f3n y fortalecer\u00e1 la transparencia en el proceso de <strong>identificaci\u00f3n de cuerpos en Puebla<\/strong>.<\/p>\n\n\n\n<p>Finalmente, la colaboraci\u00f3n entre la <strong>Fiscal\u00eda de Puebla<\/strong>, el <strong>INE<\/strong> y el <strong>UNFPA<\/strong> es clave para fortalecer los mecanismos de identificaci\u00f3n forense mediante tecnolog\u00eda avanzada y bases de datos confiables. Esta colaboraci\u00f3n ha demostrado la eficacia de la cooperaci\u00f3n interinstitucional para atender la crisis forense en la entidad. <\/p>\n","protected":false},"excerpt":{"rendered":"La identificaci\u00f3n de cuerpos en Puebla registra un avance importante en la entidad poblana. La Fiscal\u00eda General del&hellip;","protected":false},"author":30,"featured_media":75234,"comment_status":"open","ping_status":"open","sticky":false,"template":"","format":"standard","meta":{"csco_display_header_overlay":false,"csco_singular_sidebar":"","csco_page_header_type":"","csco_page_load_nextpost":"","csco_post_video_location":[],"csco_post_video_location_hash":"","csco_post_video_url":"","csco_post_video_bg_start_time":0,"csco_post_video_bg_end_time":0,"footnotes":""},"categories":[29],"tags":[659,1182,120,40,1183],"class_list":{"0":"post-75233","1":"post","2":"type-post","3":"status-publish","4":"format-standard","5":"has-post-thumbnail","7":"category-estatal","8":"tag-fge","9":"tag-identificacion-de-cuerpos","10":"tag-noticias","11":"tag-puebla","12":"tag-unfpa","13":"cs-entry","14":"cs-video-wrap"},"yoast_head":"<!-- This site is optimized with the Yoast SEO Premium plugin v24.7 (Yoast SEO v27.4) - https:\/\/yoast.com\/product\/yoast-seo-premium-wordpress\/ -->\n<title>Fiscal\u00eda identifica 162 cuerpos en Puebla<\/title>\n<meta name=\"description\" content=\"La identificaci\u00f3n de cuerpos en Puebla registra un avance significativo con 162 nuevas identificaciones a personas originarias de Puebla.\" \/>\n<meta name=\"robots\" content=\"index, follow, max-snippet:-1, max-image-preview:large, max-video-preview:-1\" \/>\n<link rel=\"canonical\" href=\"https:\/\/grupohoymexico.com\/puebla\/2025\/06\/03\/fiscalia-identifica-162-cuerpos-en-puebla\/\" \/>\n<meta property=\"og:locale\" content=\"es_MX\" \/>\n<meta property=\"og:type\" content=\"article\" \/>\n<meta property=\"og:title\" content=\"Fiscal\u00eda identifica 162 cuerpos en Puebla\" \/>\n<meta property=\"og:description\" content=\"La identificaci\u00f3n de cuerpos en Puebla registra un avance significativo con 162 nuevas identificaciones a personas originarias de Puebla.\" \/>\n<meta property=\"og:url\" content=\"https:\/\/grupohoymexico.com\/puebla\/2025\/06\/03\/fiscalia-identifica-162-cuerpos-en-puebla\/\" \/>\n<meta property=\"og:site_name\" content=\"Grupo Hoy Puebla\" \/>\n<meta property=\"article:published_time\" content=\"2025-06-03T15:41:40+00:00\" \/>\n<meta property=\"article:modified_time\" content=\"2025-06-03T15:41:41+00:00\" \/>\n<meta property=\"og:image\" content=\"https:\/\/grupohoymexico.com\/puebla\/wp-content\/uploads\/sites\/3\/2025\/06\/Identificacion-de-Cuerpos-en-Puebla.jpg\" \/>\n\t<meta property=\"og:image:width\" content=\"1196\" \/>\n\t<meta property=\"og:image:height\" content=\"631\" \/>\n\t<meta property=\"og:image:type\" content=\"image\/jpeg\" \/>\n<meta name=\"author\" content=\"eduardo\" \/>\n<meta name=\"twitter:card\" content=\"summary_large_image\" \/>\n<meta name=\"twitter:label1\" content=\"Escrito por\" \/>\n\t<meta name=\"twitter:data1\" content=\"eduardo\" \/>\n\t<meta name=\"twitter:label2\" content=\"Tiempo de lectura\" \/>\n\t<meta name=\"twitter:data2\" content=\"2 minutos\" \/>\n<script type=\"application\/ld+json\" class=\"yoast-schema-graph\">{\"@context\":\"https:\\\/\\\/schema.org\",\"@graph\":[{\"@type\":\"Article\",\"@id\":\"https:\\\/\\\/grupohoymexico.com\\\/puebla\\\/2025\\\/06\\\/03\\\/fiscalia-identifica-162-cuerpos-en-puebla\\\/#article\",\"isPartOf\":{\"@id\":\"https:\\\/\\\/grupohoymexico.com\\\/puebla\\\/2025\\\/06\\\/03\\\/fiscalia-identifica-162-cuerpos-en-puebla\\\/\"},\"author\":{\"name\":\"eduardo\",\"@id\":\"https:\\\/\\\/grupohoymexico.com\\\/puebla\\\/#\\\/schema\\\/person\\\/e95b7b8df1e5c291ede743c160292779\"},\"headline\":\"Fiscal\u00eda identifica 162 cuerpos en Puebla\",\"datePublished\":\"2025-06-03T15:41:40+00:00\",\"dateModified\":\"2025-06-03T15:41:41+00:00\",\"mainEntityOfPage\":{\"@id\":\"https:\\\/\\\/grupohoymexico.com\\\/puebla\\\/2025\\\/06\\\/03\\\/fiscalia-identifica-162-cuerpos-en-puebla\\\/\"},\"wordCount\":380,\"commentCount\":0,\"image\":{\"@id\":\"https:\\\/\\\/grupohoymexico.com\\\/puebla\\\/2025\\\/06\\\/03\\\/fiscalia-identifica-162-cuerpos-en-puebla\\\/#primaryimage\"},\"thumbnailUrl\":\"https:\\\/\\\/grupohoymexico.com\\\/puebla\\\/wp-content\\\/uploads\\\/sites\\\/3\\\/2025\\\/06\\\/Identificacion-de-Cuerpos-en-Puebla.jpg\",\"keywords\":[\"FGE\",\"Identificaci\u00f3n de Cuerpos\",\"noticias\",\"puebla\",\"UNFPA\"],\"articleSection\":[\"Estatal\"],\"inLanguage\":\"es\",\"potentialAction\":[{\"@type\":\"CommentAction\",\"name\":\"Comment\",\"target\":[\"https:\\\/\\\/grupohoymexico.com\\\/puebla\\\/2025\\\/06\\\/03\\\/fiscalia-identifica-162-cuerpos-en-puebla\\\/#respond\"]}]},{\"@type\":\"WebPage\",\"@id\":\"https:\\\/\\\/grupohoymexico.com\\\/puebla\\\/2025\\\/06\\\/03\\\/fiscalia-identifica-162-cuerpos-en-puebla\\\/\",\"url\":\"https:\\\/\\\/grupohoymexico.com\\\/puebla\\\/2025\\\/06\\\/03\\\/fiscalia-identifica-162-cuerpos-en-puebla\\\/\",\"name\":\"Fiscal\u00eda identifica 162 cuerpos en Puebla\",\"isPartOf\":{\"@id\":\"https:\\\/\\\/grupohoymexico.com\\\/puebla\\\/#website\"},\"primaryImageOfPage\":{\"@id\":\"https:\\\/\\\/grupohoymexico.com\\\/puebla\\\/2025\\\/06\\\/03\\\/fiscalia-identifica-162-cuerpos-en-puebla\\\/#primaryimage\"},\"image\":{\"@id\":\"https:\\\/\\\/grupohoymexico.com\\\/puebla\\\/2025\\\/06\\\/03\\\/fiscalia-identifica-162-cuerpos-en-puebla\\\/#primaryimage\"},\"thumbnailUrl\":\"https:\\\/\\\/grupohoymexico.com\\\/puebla\\\/wp-content\\\/uploads\\\/sites\\\/3\\\/2025\\\/06\\\/Identificacion-de-Cuerpos-en-Puebla.jpg\",\"datePublished\":\"2025-06-03T15:41:40+00:00\",\"dateModified\":\"2025-06-03T15:41:41+00:00\",\"author\":{\"@id\":\"https:\\\/\\\/grupohoymexico.com\\\/puebla\\\/#\\\/schema\\\/person\\\/e95b7b8df1e5c291ede743c160292779\"},\"description\":\"La identificaci\u00f3n de cuerpos en Puebla registra un avance significativo con 162 nuevas identificaciones a personas originarias de Puebla.\",\"breadcrumb\":{\"@id\":\"https:\\\/\\\/grupohoymexico.com\\\/puebla\\\/2025\\\/06\\\/03\\\/fiscalia-identifica-162-cuerpos-en-puebla\\\/#breadcrumb\"},\"inLanguage\":\"es\",\"potentialAction\":[{\"@type\":\"ReadAction\",\"target\":[\"https:\\\/\\\/grupohoymexico.com\\\/puebla\\\/2025\\\/06\\\/03\\\/fiscalia-identifica-162-cuerpos-en-puebla\\\/\"]}]},{\"@type\":\"ImageObject\",\"inLanguage\":\"es\",\"@id\":\"https:\\\/\\\/grupohoymexico.com\\\/puebla\\\/2025\\\/06\\\/03\\\/fiscalia-identifica-162-cuerpos-en-puebla\\\/#primaryimage\",\"url\":\"https:\\\/\\\/grupohoymexico.com\\\/puebla\\\/wp-content\\\/uploads\\\/sites\\\/3\\\/2025\\\/06\\\/Identificacion-de-Cuerpos-en-Puebla.jpg\",\"contentUrl\":\"https:\\\/\\\/grupohoymexico.com\\\/puebla\\\/wp-content\\\/uploads\\\/sites\\\/3\\\/2025\\\/06\\\/Identificacion-de-Cuerpos-en-Puebla.jpg\",\"width\":1196,\"height\":631,\"caption\":\"Imagen: El estado de Puebla dio un paso importante para conocer el paradero de muchos de sus pobladores desaparecidos Fuente: Facebook\"},{\"@type\":\"BreadcrumbList\",\"@id\":\"https:\\\/\\\/grupohoymexico.com\\\/puebla\\\/2025\\\/06\\\/03\\\/fiscalia-identifica-162-cuerpos-en-puebla\\\/#breadcrumb\",\"itemListElement\":[{\"@type\":\"ListItem\",\"position\":1,\"name\":\"Inicio\",\"item\":\"https:\\\/\\\/grupohoymexico.com\\\/puebla\\\/\"},{\"@type\":\"ListItem\",\"position\":2,\"name\":\"Fiscal\u00eda identifica 162 cuerpos en Puebla\"}]},{\"@type\":\"WebSite\",\"@id\":\"https:\\\/\\\/grupohoymexico.com\\\/puebla\\\/#website\",\"url\":\"https:\\\/\\\/grupohoymexico.com\\\/puebla\\\/\",\"name\":\"Grupo Hoy Puebla\",\"description\":\"\",\"potentialAction\":[{\"@type\":\"SearchAction\",\"target\":{\"@type\":\"EntryPoint\",\"urlTemplate\":\"https:\\\/\\\/grupohoymexico.com\\\/puebla\\\/?s={search_term_string}\"},\"query-input\":{\"@type\":\"PropertyValueSpecification\",\"valueRequired\":true,\"valueName\":\"search_term_string\"}}],\"inLanguage\":\"es\"},{\"@type\":\"Person\",\"@id\":\"https:\\\/\\\/grupohoymexico.com\\\/puebla\\\/#\\\/schema\\\/person\\\/e95b7b8df1e5c291ede743c160292779\",\"name\":\"eduardo\",\"image\":{\"@type\":\"ImageObject\",\"inLanguage\":\"es\",\"@id\":\"https:\\\/\\\/secure.gravatar.com\\\/avatar\\\/ecdd30dcf3feeb5f57f13840c3daeb08334d3b69de7bb9e067a540c4925a9788?s=96&d=mm&r=g\",\"url\":\"https:\\\/\\\/secure.gravatar.com\\\/avatar\\\/ecdd30dcf3feeb5f57f13840c3daeb08334d3b69de7bb9e067a540c4925a9788?s=96&d=mm&r=g\",\"contentUrl\":\"https:\\\/\\\/secure.gravatar.com\\\/avatar\\\/ecdd30dcf3feeb5f57f13840c3daeb08334d3b69de7bb9e067a540c4925a9788?s=96&d=mm&r=g\",\"caption\":\"eduardo\"},\"url\":\"https:\\\/\\\/grupohoymexico.com\\\/puebla\\\/author\\\/eduardo\\\/\"}]}<\/script>\n<!-- \/ Yoast SEO Premium plugin. -->","yoast_head_json":{"title":"Fiscal\u00eda identifica 162 cuerpos en Puebla","description":"La identificaci\u00f3n de cuerpos en Puebla registra un avance significativo con 162 nuevas identificaciones a personas originarias de Puebla.","robots":{"index":"index","follow":"follow","max-snippet":"max-snippet:-1","max-image-preview":"max-image-preview:large","max-video-preview":"max-video-preview:-1"},"canonical":"https:\/\/grupohoymexico.com\/puebla\/2025\/06\/03\/fiscalia-identifica-162-cuerpos-en-puebla\/","og_locale":"es_MX","og_type":"article","og_title":"Fiscal\u00eda identifica 162 cuerpos en Puebla","og_description":"La identificaci\u00f3n de cuerpos en Puebla registra un avance significativo con 162 nuevas identificaciones a personas originarias de Puebla.","og_url":"https:\/\/grupohoymexico.com\/puebla\/2025\/06\/03\/fiscalia-identifica-162-cuerpos-en-puebla\/","og_site_name":"Grupo Hoy Puebla","article_published_time":"2025-06-03T15:41:40+00:00","article_modified_time":"2025-06-03T15:41:41+00:00","og_image":[{"width":1196,"height":631,"url":"https:\/\/grupohoymexico.com\/puebla\/wp-content\/uploads\/sites\/3\/2025\/06\/Identificacion-de-Cuerpos-en-Puebla.jpg","type":"image\/jpeg"}],"author":"eduardo","twitter_card":"summary_large_image","twitter_misc":{"Escrito por":"eduardo","Tiempo de lectura":"2 minutos"},"schema":{"@context":"https:\/\/schema.org","@graph":[{"@type":"Article","@id":"https:\/\/grupohoymexico.com\/puebla\/2025\/06\/03\/fiscalia-identifica-162-cuerpos-en-puebla\/#article","isPartOf":{"@id":"https:\/\/grupohoymexico.com\/puebla\/2025\/06\/03\/fiscalia-identifica-162-cuerpos-en-puebla\/"},"author":{"name":"eduardo","@id":"https:\/\/grupohoymexico.com\/puebla\/#\/schema\/person\/e95b7b8df1e5c291ede743c160292779"},"headline":"Fiscal\u00eda identifica 162 cuerpos en Puebla","datePublished":"2025-06-03T15:41:40+00:00","dateModified":"2025-06-03T15:41:41+00:00","mainEntityOfPage":{"@id":"https:\/\/grupohoymexico.com\/puebla\/2025\/06\/03\/fiscalia-identifica-162-cuerpos-en-puebla\/"},"wordCount":380,"commentCount":0,"image":{"@id":"https:\/\/grupohoymexico.com\/puebla\/2025\/06\/03\/fiscalia-identifica-162-cuerpos-en-puebla\/#primaryimage"},"thumbnailUrl":"https:\/\/grupohoymexico.com\/puebla\/wp-content\/uploads\/sites\/3\/2025\/06\/Identificacion-de-Cuerpos-en-Puebla.jpg","keywords":["FGE","Identificaci\u00f3n de Cuerpos","noticias","puebla","UNFPA"],"articleSection":["Estatal"],"inLanguage":"es","potentialAction":[{"@type":"CommentAction","name":"Comment","target":["https:\/\/grupohoymexico.com\/puebla\/2025\/06\/03\/fiscalia-identifica-162-cuerpos-en-puebla\/#respond"]}]},{"@type":"WebPage","@id":"https:\/\/grupohoymexico.com\/puebla\/2025\/06\/03\/fiscalia-identifica-162-cuerpos-en-puebla\/","url":"https:\/\/grupohoymexico.com\/puebla\/2025\/06\/03\/fiscalia-identifica-162-cuerpos-en-puebla\/","name":"Fiscal\u00eda identifica 162 cuerpos en Puebla","isPartOf":{"@id":"https:\/\/grupohoymexico.com\/puebla\/#website"},"primaryImageOfPage":{"@id":"https:\/\/grupohoymexico.com\/puebla\/2025\/06\/03\/fiscalia-identifica-162-cuerpos-en-puebla\/#primaryimage"},"image":{"@id":"https:\/\/grupohoymexico.com\/puebla\/2025\/06\/03\/fiscalia-identifica-162-cuerpos-en-puebla\/#primaryimage"},"thumbnailUrl":"https:\/\/grupohoymexico.com\/puebla\/wp-content\/uploads\/sites\/3\/2025\/06\/Identificacion-de-Cuerpos-en-Puebla.jpg","datePublished":"2025-06-03T15:41:40+00:00","dateModified":"2025-06-03T15:41:41+00:00","author":{"@id":"https:\/\/grupohoymexico.com\/puebla\/#\/schema\/person\/e95b7b8df1e5c291ede743c160292779"},"description":"La identificaci\u00f3n de cuerpos en Puebla registra un avance significativo con 162 nuevas identificaciones a personas originarias de Puebla.","breadcrumb":{"@id":"https:\/\/grupohoymexico.com\/puebla\/2025\/06\/03\/fiscalia-identifica-162-cuerpos-en-puebla\/#breadcrumb"},"inLanguage":"es","potentialAction":[{"@type":"ReadAction","target":["https:\/\/grupohoymexico.com\/puebla\/2025\/06\/03\/fiscalia-identifica-162-cuerpos-en-puebla\/"]}]},{"@type":"ImageObject","inLanguage":"es","@id":"https:\/\/grupohoymexico.com\/puebla\/2025\/06\/03\/fiscalia-identifica-162-cuerpos-en-puebla\/#primaryimage","url":"https:\/\/grupohoymexico.com\/puebla\/wp-content\/uploads\/sites\/3\/2025\/06\/Identificacion-de-Cuerpos-en-Puebla.jpg","contentUrl":"https:\/\/grupohoymexico.com\/puebla\/wp-content\/uploads\/sites\/3\/2025\/06\/Identificacion-de-Cuerpos-en-Puebla.jpg","width":1196,"height":631,"caption":"Imagen: El estado de Puebla dio un paso importante para conocer el paradero de muchos de sus pobladores desaparecidos Fuente: Facebook"},{"@type":"BreadcrumbList","@id":"https:\/\/grupohoymexico.com\/puebla\/2025\/06\/03\/fiscalia-identifica-162-cuerpos-en-puebla\/#breadcrumb","itemListElement":[{"@type":"ListItem","position":1,"name":"Inicio","item":"https:\/\/grupohoymexico.com\/puebla\/"},{"@type":"ListItem","position":2,"name":"Fiscal\u00eda identifica 162 cuerpos en Puebla"}]},{"@type":"WebSite","@id":"https:\/\/grupohoymexico.com\/puebla\/#website","url":"https:\/\/grupohoymexico.com\/puebla\/","name":"Grupo Hoy Puebla","description":"","potentialAction":[{"@type":"SearchAction","target":{"@type":"EntryPoint","urlTemplate":"https:\/\/grupohoymexico.com\/puebla\/?s={search_term_string}"},"query-input":{"@type":"PropertyValueSpecification","valueRequired":true,"valueName":"search_term_string"}}],"inLanguage":"es"},{"@type":"Person","@id":"https:\/\/grupohoymexico.com\/puebla\/#\/schema\/person\/e95b7b8df1e5c291ede743c160292779","name":"eduardo","image":{"@type":"ImageObject","inLanguage":"es","@id":"https:\/\/secure.gravatar.com\/avatar\/ecdd30dcf3feeb5f57f13840c3daeb08334d3b69de7bb9e067a540c4925a9788?s=96&d=mm&r=g","url":"https:\/\/secure.gravatar.com\/avatar\/ecdd30dcf3feeb5f57f13840c3daeb08334d3b69de7bb9e067a540c4925a9788?s=96&d=mm&r=g","contentUrl":"https:\/\/secure.gravatar.com\/avatar\/ecdd30dcf3feeb5f57f13840c3daeb08334d3b69de7bb9e067a540c4925a9788?s=96&d=mm&r=g","caption":"eduardo"},"url":"https:\/\/grupohoymexico.com\/puebla\/author\/eduardo\/"}]}},"_links":{"self":[{"href":"https:\/\/grupohoymexico.com\/puebla\/wp-json\/wp\/v2\/posts\/75233","targetHints":{"allow":["GET"]}}],"collection":[{"href":"https:\/\/grupohoymexico.com\/puebla\/wp-json\/wp\/v2\/posts"}],"about":[{"href":"https:\/\/grupohoymexico.com\/puebla\/wp-json\/wp\/v2\/types\/post"}],"author":[{"embeddable":true,"href":"https:\/\/grupohoymexico.com\/puebla\/wp-json\/wp\/v2\/users\/30"}],"replies":[{"embeddable":true,"href":"https:\/\/grupohoymexico.com\/puebla\/wp-json\/wp\/v2\/comments?post=75233"}],"version-history":[{"count":1,"href":"https:\/\/grupohoymexico.com\/puebla\/wp-json\/wp\/v2\/posts\/75233\/revisions"}],"predecessor-version":[{"id":75236,"href":"https:\/\/grupohoymexico.com\/puebla\/wp-json\/wp\/v2\/posts\/75233\/revisions\/75236"}],"wp:featuredmedia":[{"embeddable":true,"href":"https:\/\/grupohoymexico.com\/puebla\/wp-json\/wp\/v2\/media\/75234"}],"wp:attachment":[{"href":"https:\/\/grupohoymexico.com\/puebla\/wp-json\/wp\/v2\/media?parent=75233"}],"wp:term":[{"taxonomy":"category","embeddable":true,"href":"https:\/\/grupohoymexico.com\/puebla\/wp-json\/wp\/v2\/categories?post=75233"},{"taxonomy":"post_tag","embeddable":true,"href":"https:\/\/grupohoymexico.com\/puebla\/wp-json\/wp\/v2\/tags?post=75233"}],"curies":[{"name":"wp","href":"https:\/\/api.w.org\/{rel}","templated":true}]}}