{"id":75212,"date":"2025-06-02T22:00:42","date_gmt":"2025-06-02T22:00:42","guid":{"rendered":"https:\/\/grupohoymexico.com\/puebla\/?p=75212"},"modified":"2025-06-02T22:00:43","modified_gmt":"2025-06-02T22:00:43","slug":"alejandro-armenta-prioriza-obras-comunitarias-con-apoyo-al-bacheton-2025","status":"publish","type":"post","link":"https:\/\/grupohoymexico.com\/puebla\/2025\/06\/02\/alejandro-armenta-prioriza-obras-comunitarias-con-apoyo-al-bacheton-2025\/","title":{"rendered":"Alejandro Armenta prioriza obras comunitarias con apoyo al Bachet\u00f3n 2025"},"content":{"rendered":"\n<p>Mientras la temporada de lluvias se aproxima con fuerza, el <strong><a href=\"https:\/\/alejandroarmenta.com.mx\/\">gobernador Alejandro Armenta<\/a> <\/strong>marca el paso con una inversi\u00f3n de <strong>50 millones de pesos <\/strong>para combatir el deterioro vial en la capital poblana. Lo hace como una acci\u00f3n de gobierno y como una forma de predicar con el ejemplo ante los <strong>217 municipios del estado.<\/strong><\/p>\n\n\n\n<p><strong>Armenta <\/strong>respald\u00f3 el llamado de la <strong>presidenta del <a href=\"https:\/\/grupohoymexico.com\/puebla\/2025\/05\/30\/el-congreso-de-puebla-elimina-al-itaipue\/\">Congreso local<\/a>, Laura Artemisa Garc\u00eda<\/strong>, quien urgi\u00f3 a los ayuntamientos a destinar su presupuesto a obras que realmente respondan a las necesidades de la poblaci\u00f3n, como la seguridad o el mejoramiento urbano.<\/p>\n\n\n\n<p><strong>\u201cNo se trata de cu\u00e1nto deja una obra, sino de cu\u00e1nto resuelve\u201d, declar\u00f3 Armenta<\/strong>, al insistir en que los gobiernos deben respetar el sentido social del gasto p\u00fablico y apegarse a lo que dicta la<strong> Constituci\u00f3n estatal.<\/strong><\/p>\n\n\n\n<figure class=\"wp-block-image size-large\"><img fetchpriority=\"high\" decoding=\"async\" width=\"1024\" height=\"765\" src=\"https:\/\/grupohoymexico.com\/puebla\/wp-content\/uploads\/sites\/3\/2025\/06\/WhatsApp-Image-2025-06-02-at-2.07.01-PM-1024x765.jpeg\" alt=\"\" class=\"wp-image-75214\" srcset=\"https:\/\/grupohoymexico.com\/puebla\/wp-content\/uploads\/sites\/3\/2025\/06\/WhatsApp-Image-2025-06-02-at-2.07.01-PM-1024x765.jpeg 1024w, https:\/\/grupohoymexico.com\/puebla\/wp-content\/uploads\/sites\/3\/2025\/06\/WhatsApp-Image-2025-06-02-at-2.07.01-PM-300x224.jpeg 300w, https:\/\/grupohoymexico.com\/puebla\/wp-content\/uploads\/sites\/3\/2025\/06\/WhatsApp-Image-2025-06-02-at-2.07.01-PM-768x574.jpeg 768w, https:\/\/grupohoymexico.com\/puebla\/wp-content\/uploads\/sites\/3\/2025\/06\/WhatsApp-Image-2025-06-02-at-2.07.01-PM-1536x1148.jpeg 1536w, https:\/\/grupohoymexico.com\/puebla\/wp-content\/uploads\/sites\/3\/2025\/06\/WhatsApp-Image-2025-06-02-at-2.07.01-PM-2048x1530.jpeg 2048w, https:\/\/grupohoymexico.com\/puebla\/wp-content\/uploads\/sites\/3\/2025\/06\/WhatsApp-Image-2025-06-02-at-2.07.01-PM-332x248.jpeg 332w, https:\/\/grupohoymexico.com\/puebla\/wp-content\/uploads\/sites\/3\/2025\/06\/WhatsApp-Image-2025-06-02-at-2.07.01-PM-664x496.jpeg 664w, https:\/\/grupohoymexico.com\/puebla\/wp-content\/uploads\/sites\/3\/2025\/06\/WhatsApp-Image-2025-06-02-at-2.07.01-PM-688x514.jpeg 688w, https:\/\/grupohoymexico.com\/puebla\/wp-content\/uploads\/sites\/3\/2025\/06\/WhatsApp-Image-2025-06-02-at-2.07.01-PM-1044x780.jpeg 1044w, https:\/\/grupohoymexico.com\/puebla\/wp-content\/uploads\/sites\/3\/2025\/06\/WhatsApp-Image-2025-06-02-at-2.07.01-PM-1400x1046.jpeg 1400w, https:\/\/grupohoymexico.com\/puebla\/wp-content\/uploads\/sites\/3\/2025\/06\/WhatsApp-Image-2025-06-02-at-2.07.01-PM-1920x1434.jpeg 1920w, https:\/\/grupohoymexico.com\/puebla\/wp-content\/uploads\/sites\/3\/2025\/06\/WhatsApp-Image-2025-06-02-at-2.07.01-PM-scaled.jpeg 2560w\" sizes=\"(max-width: 1024px) 100vw, 1024px\" \/><\/figure>\n\n\n\n<h2 class=\"wp-block-heading\" id=\"h-armenta-el-bacheton-2025-se-pone-en-marcha-con-turnos-de-dia-y-noche\"><strong>Armenta: El Bachet\u00f3n 2025 se pone en marcha con turnos de d\u00eda y noche<\/strong><\/h2>\n\n\n\n<p>El <strong>programa Bachet\u00f3n 2025<\/strong> ya comenz\u00f3 a operar en <strong>cuatro zonas estrat\u00e9gicas de la ciudad de Puebla<\/strong>. Maquinaria pesada, brigadas en campo y jornadas que no se detienen ni de noche ni en fin de semana forman parte de esta intervenci\u00f3n urgente que busca frenar el <strong>deterioro de las vialidades m\u00e1s da\u00f1adas.<\/strong><\/p>\n\n\n\n<p>Seg\u00fan el <strong>secretario de Infraestructura, Jos\u00e9 Manuel Contreras<\/strong>, el objetivo es atender las calles con m\u00e1s afectaciones mediante trabajos simult\u00e1neos que aprovechen el tiempo antes de que las lluvias se intensifiquen.<\/p>\n\n\n\n<p><strong>Israel Pacheco, quien coordina el programa estatal de mantenimiento<\/strong>, explic\u00f3 que los equipos usar\u00e1n mezclas en fr\u00edo y caliente para garantizar que los arreglos resistan durante m\u00e1s tiempo, aun en condiciones clim\u00e1ticas adversas.<\/p>\n\n\n\n<p>El mensaje es claro: <strong>el gobierno estatal quiere dejar huella con acciones que resuelvan problemas reales. Armenta<\/strong> apuesta por un modelo de colaboraci\u00f3n que invite a los municipios a mirar menos el gasto y m\u00e1s el impacto social de cada peso invertido.<\/p>\n\n\n\n<figure class=\"wp-block-image size-large\"><img decoding=\"async\" width=\"1024\" height=\"683\" src=\"https:\/\/grupohoymexico.com\/puebla\/wp-content\/uploads\/sites\/3\/2025\/06\/WhatsApp-Image-2025-06-02-at-2.07.01-PM-4-1024x683.jpeg\" alt=\"\" class=\"wp-image-75213\" srcset=\"https:\/\/grupohoymexico.com\/puebla\/wp-content\/uploads\/sites\/3\/2025\/06\/WhatsApp-Image-2025-06-02-at-2.07.01-PM-4-1024x683.jpeg 1024w, https:\/\/grupohoymexico.com\/puebla\/wp-content\/uploads\/sites\/3\/2025\/06\/WhatsApp-Image-2025-06-02-at-2.07.01-PM-4-300x200.jpeg 300w, https:\/\/grupohoymexico.com\/puebla\/wp-content\/uploads\/sites\/3\/2025\/06\/WhatsApp-Image-2025-06-02-at-2.07.01-PM-4-768x512.jpeg 768w, https:\/\/grupohoymexico.com\/puebla\/wp-content\/uploads\/sites\/3\/2025\/06\/WhatsApp-Image-2025-06-02-at-2.07.01-PM-4-1536x1024.jpeg 1536w, https:\/\/grupohoymexico.com\/puebla\/wp-content\/uploads\/sites\/3\/2025\/06\/WhatsApp-Image-2025-06-02-at-2.07.01-PM-4-2048x1366.jpeg 2048w, https:\/\/grupohoymexico.com\/puebla\/wp-content\/uploads\/sites\/3\/2025\/06\/WhatsApp-Image-2025-06-02-at-2.07.01-PM-4-332x221.jpeg 332w, https:\/\/grupohoymexico.com\/puebla\/wp-content\/uploads\/sites\/3\/2025\/06\/WhatsApp-Image-2025-06-02-at-2.07.01-PM-4-664x443.jpeg 664w, https:\/\/grupohoymexico.com\/puebla\/wp-content\/uploads\/sites\/3\/2025\/06\/WhatsApp-Image-2025-06-02-at-2.07.01-PM-4-688x459.jpeg 688w, https:\/\/grupohoymexico.com\/puebla\/wp-content\/uploads\/sites\/3\/2025\/06\/WhatsApp-Image-2025-06-02-at-2.07.01-PM-4-1044x696.jpeg 1044w, https:\/\/grupohoymexico.com\/puebla\/wp-content\/uploads\/sites\/3\/2025\/06\/WhatsApp-Image-2025-06-02-at-2.07.01-PM-4-1400x934.jpeg 1400w, https:\/\/grupohoymexico.com\/puebla\/wp-content\/uploads\/sites\/3\/2025\/06\/WhatsApp-Image-2025-06-02-at-2.07.01-PM-4-1920x1280.jpeg 1920w, https:\/\/grupohoymexico.com\/puebla\/wp-content\/uploads\/sites\/3\/2025\/06\/WhatsApp-Image-2025-06-02-at-2.07.01-PM-4-scaled.jpeg 2560w\" sizes=\"(max-width: 1024px) 100vw, 1024px\" \/><\/figure>\n","protected":false},"excerpt":{"rendered":"Mientras la temporada de lluvias se aproxima con fuerza, el gobernador Alejandro Armenta marca el paso con una&hellip;","protected":false},"author":1,"featured_media":75215,"comment_status":"open","ping_status":"open","sticky":false,"template":"","format":"standard","meta":{"csco_display_header_overlay":false,"csco_singular_sidebar":"","csco_page_header_type":"","csco_page_load_nextpost":"","csco_post_video_location":[],"csco_post_video_location_hash":"","csco_post_video_url":"","csco_post_video_bg_start_time":0,"csco_post_video_bg_end_time":0,"footnotes":""},"categories":[29],"tags":[98,1173,277,1175,1174],"class_list":{"0":"post-75212","1":"post","2":"type-post","3":"status-publish","4":"format-standard","5":"has-post-thumbnail","7":"category-estatal","8":"tag-alejandro-armenta","9":"tag-bacheton-2025","10":"tag-congreso-de-puebla","11":"tag-infraestructura-vial","12":"tag-obras-comunitarias","13":"cs-entry","14":"cs-video-wrap"},"yoast_head":"<!-- This site is optimized with the Yoast SEO Premium plugin v24.7 (Yoast SEO v27.4) - https:\/\/yoast.com\/product\/yoast-seo-premium-wordpress\/ -->\n<title>Alejandro Armenta prioriza obras comunitarias con apoyo al Bachet\u00f3n 2025 - Grupo Hoy Puebla<\/title>\n<meta name=\"description\" content=\"Alejandro Armenta destina 50 millones para el Bachet\u00f3n 2025 en Puebla, mejorando vialidades antes de la temporada de lluvias.\" \/>\n<meta name=\"robots\" content=\"index, follow, max-snippet:-1, max-image-preview:large, max-video-preview:-1\" \/>\n<link rel=\"canonical\" href=\"https:\/\/grupohoymexico.com\/puebla\/2025\/06\/02\/alejandro-armenta-prioriza-obras-comunitarias-con-apoyo-al-bacheton-2025\/\" \/>\n<meta property=\"og:locale\" content=\"es_MX\" \/>\n<meta property=\"og:type\" content=\"article\" \/>\n<meta property=\"og:title\" content=\"Alejandro Armenta prioriza obras comunitarias con apoyo al Bachet\u00f3n 2025\" \/>\n<meta property=\"og:description\" content=\"Alejandro Armenta destina 50 millones para el Bachet\u00f3n 2025 en Puebla, mejorando vialidades antes de la temporada de lluvias.\" \/>\n<meta property=\"og:url\" content=\"https:\/\/grupohoymexico.com\/puebla\/2025\/06\/02\/alejandro-armenta-prioriza-obras-comunitarias-con-apoyo-al-bacheton-2025\/\" \/>\n<meta property=\"og:site_name\" content=\"Grupo Hoy Puebla\" \/>\n<meta property=\"article:published_time\" content=\"2025-06-02T22:00:42+00:00\" \/>\n<meta property=\"article:modified_time\" content=\"2025-06-02T22:00:43+00:00\" \/>\n<meta property=\"og:image\" content=\"https:\/\/grupohoymexico.com\/puebla\/wp-content\/uploads\/sites\/3\/2025\/06\/5039616897896787733.jpg\" \/>\n\t<meta property=\"og:image:width\" content=\"1280\" \/>\n\t<meta property=\"og:image:height\" content=\"680\" \/>\n\t<meta property=\"og:image:type\" content=\"image\/jpeg\" \/>\n<meta name=\"author\" content=\"user\" \/>\n<meta name=\"twitter:card\" content=\"summary_large_image\" \/>\n<meta name=\"twitter:label1\" content=\"Escrito por\" \/>\n\t<meta name=\"twitter:data1\" content=\"user\" \/>\n\t<meta name=\"twitter:label2\" content=\"Tiempo de lectura\" \/>\n\t<meta name=\"twitter:data2\" content=\"2 minutos\" \/>\n<script type=\"application\/ld+json\" class=\"yoast-schema-graph\">{\"@context\":\"https:\\\/\\\/schema.org\",\"@graph\":[{\"@type\":\"Article\",\"@id\":\"https:\\\/\\\/grupohoymexico.com\\\/puebla\\\/2025\\\/06\\\/02\\\/alejandro-armenta-prioriza-obras-comunitarias-con-apoyo-al-bacheton-2025\\\/#article\",\"isPartOf\":{\"@id\":\"https:\\\/\\\/grupohoymexico.com\\\/puebla\\\/2025\\\/06\\\/02\\\/alejandro-armenta-prioriza-obras-comunitarias-con-apoyo-al-bacheton-2025\\\/\"},\"author\":{\"name\":\"user\",\"@id\":\"https:\\\/\\\/grupohoymexico.com\\\/puebla\\\/#\\\/schema\\\/person\\\/ce6086ac837852775a3a4f539356c297\"},\"headline\":\"Alejandro Armenta prioriza obras comunitarias con apoyo al Bachet\u00f3n 2025\",\"datePublished\":\"2025-06-02T22:00:42+00:00\",\"dateModified\":\"2025-06-02T22:00:43+00:00\",\"mainEntityOfPage\":{\"@id\":\"https:\\\/\\\/grupohoymexico.com\\\/puebla\\\/2025\\\/06\\\/02\\\/alejandro-armenta-prioriza-obras-comunitarias-con-apoyo-al-bacheton-2025\\\/\"},\"wordCount\":334,\"commentCount\":0,\"image\":{\"@id\":\"https:\\\/\\\/grupohoymexico.com\\\/puebla\\\/2025\\\/06\\\/02\\\/alejandro-armenta-prioriza-obras-comunitarias-con-apoyo-al-bacheton-2025\\\/#primaryimage\"},\"thumbnailUrl\":\"https:\\\/\\\/grupohoymexico.com\\\/puebla\\\/wp-content\\\/uploads\\\/sites\\\/3\\\/2025\\\/06\\\/5039616897896787733.jpg\",\"keywords\":[\"Alejandro Armenta\",\"Bachet\u00f3n 2025\",\"Congreso de Puebla\",\"infraestructura vial\",\"obras comunitarias\"],\"articleSection\":[\"Estatal\"],\"inLanguage\":\"es\",\"potentialAction\":[{\"@type\":\"CommentAction\",\"name\":\"Comment\",\"target\":[\"https:\\\/\\\/grupohoymexico.com\\\/puebla\\\/2025\\\/06\\\/02\\\/alejandro-armenta-prioriza-obras-comunitarias-con-apoyo-al-bacheton-2025\\\/#respond\"]}]},{\"@type\":\"WebPage\",\"@id\":\"https:\\\/\\\/grupohoymexico.com\\\/puebla\\\/2025\\\/06\\\/02\\\/alejandro-armenta-prioriza-obras-comunitarias-con-apoyo-al-bacheton-2025\\\/\",\"url\":\"https:\\\/\\\/grupohoymexico.com\\\/puebla\\\/2025\\\/06\\\/02\\\/alejandro-armenta-prioriza-obras-comunitarias-con-apoyo-al-bacheton-2025\\\/\",\"name\":\"Alejandro Armenta prioriza obras comunitarias con apoyo al Bachet\u00f3n 2025 - Grupo Hoy Puebla\",\"isPartOf\":{\"@id\":\"https:\\\/\\\/grupohoymexico.com\\\/puebla\\\/#website\"},\"primaryImageOfPage\":{\"@id\":\"https:\\\/\\\/grupohoymexico.com\\\/puebla\\\/2025\\\/06\\\/02\\\/alejandro-armenta-prioriza-obras-comunitarias-con-apoyo-al-bacheton-2025\\\/#primaryimage\"},\"image\":{\"@id\":\"https:\\\/\\\/grupohoymexico.com\\\/puebla\\\/2025\\\/06\\\/02\\\/alejandro-armenta-prioriza-obras-comunitarias-con-apoyo-al-bacheton-2025\\\/#primaryimage\"},\"thumbnailUrl\":\"https:\\\/\\\/grupohoymexico.com\\\/puebla\\\/wp-content\\\/uploads\\\/sites\\\/3\\\/2025\\\/06\\\/5039616897896787733.jpg\",\"datePublished\":\"2025-06-02T22:00:42+00:00\",\"dateModified\":\"2025-06-02T22:00:43+00:00\",\"author\":{\"@id\":\"https:\\\/\\\/grupohoymexico.com\\\/puebla\\\/#\\\/schema\\\/person\\\/ce6086ac837852775a3a4f539356c297\"},\"description\":\"Alejandro Armenta destina 50 millones para el Bachet\u00f3n 2025 en Puebla, mejorando vialidades antes de la temporada de lluvias.\",\"breadcrumb\":{\"@id\":\"https:\\\/\\\/grupohoymexico.com\\\/puebla\\\/2025\\\/06\\\/02\\\/alejandro-armenta-prioriza-obras-comunitarias-con-apoyo-al-bacheton-2025\\\/#breadcrumb\"},\"inLanguage\":\"es\",\"potentialAction\":[{\"@type\":\"ReadAction\",\"target\":[\"https:\\\/\\\/grupohoymexico.com\\\/puebla\\\/2025\\\/06\\\/02\\\/alejandro-armenta-prioriza-obras-comunitarias-con-apoyo-al-bacheton-2025\\\/\"]}]},{\"@type\":\"ImageObject\",\"inLanguage\":\"es\",\"@id\":\"https:\\\/\\\/grupohoymexico.com\\\/puebla\\\/2025\\\/06\\\/02\\\/alejandro-armenta-prioriza-obras-comunitarias-con-apoyo-al-bacheton-2025\\\/#primaryimage\",\"url\":\"https:\\\/\\\/grupohoymexico.com\\\/puebla\\\/wp-content\\\/uploads\\\/sites\\\/3\\\/2025\\\/06\\\/5039616897896787733.jpg\",\"contentUrl\":\"https:\\\/\\\/grupohoymexico.com\\\/puebla\\\/wp-content\\\/uploads\\\/sites\\\/3\\\/2025\\\/06\\\/5039616897896787733.jpg\",\"width\":1280,\"height\":680,\"caption\":\"Armenta Bachet\u00f3n 2025\"},{\"@type\":\"BreadcrumbList\",\"@id\":\"https:\\\/\\\/grupohoymexico.com\\\/puebla\\\/2025\\\/06\\\/02\\\/alejandro-armenta-prioriza-obras-comunitarias-con-apoyo-al-bacheton-2025\\\/#breadcrumb\",\"itemListElement\":[{\"@type\":\"ListItem\",\"position\":1,\"name\":\"Inicio\",\"item\":\"https:\\\/\\\/grupohoymexico.com\\\/puebla\\\/\"},{\"@type\":\"ListItem\",\"position\":2,\"name\":\"Alejandro Armenta prioriza obras comunitarias con apoyo al Bachet\u00f3n 2025\"}]},{\"@type\":\"WebSite\",\"@id\":\"https:\\\/\\\/grupohoymexico.com\\\/puebla\\\/#website\",\"url\":\"https:\\\/\\\/grupohoymexico.com\\\/puebla\\\/\",\"name\":\"Grupo Hoy Puebla\",\"description\":\"\",\"potentialAction\":[{\"@type\":\"SearchAction\",\"target\":{\"@type\":\"EntryPoint\",\"urlTemplate\":\"https:\\\/\\\/grupohoymexico.com\\\/puebla\\\/?s={search_term_string}\"},\"query-input\":{\"@type\":\"PropertyValueSpecification\",\"valueRequired\":true,\"valueName\":\"search_term_string\"}}],\"inLanguage\":\"es\"},{\"@type\":\"Person\",\"@id\":\"https:\\\/\\\/grupohoymexico.com\\\/puebla\\\/#\\\/schema\\\/person\\\/ce6086ac837852775a3a4f539356c297\",\"name\":\"user\",\"image\":{\"@type\":\"ImageObject\",\"inLanguage\":\"es\",\"@id\":\"https:\\\/\\\/secure.gravatar.com\\\/avatar\\\/25f78de4fa956f6f7c01f8d96f8087d8958ebe06d57e630cd54e36aefb9dacea?s=96&d=mm&r=g\",\"url\":\"https:\\\/\\\/secure.gravatar.com\\\/avatar\\\/25f78de4fa956f6f7c01f8d96f8087d8958ebe06d57e630cd54e36aefb9dacea?s=96&d=mm&r=g\",\"contentUrl\":\"https:\\\/\\\/secure.gravatar.com\\\/avatar\\\/25f78de4fa956f6f7c01f8d96f8087d8958ebe06d57e630cd54e36aefb9dacea?s=96&d=mm&r=g\",\"caption\":\"user\"},\"sameAs\":[\"http:\\\/\\\/44.197.188.197.nip.io\"],\"url\":\"https:\\\/\\\/grupohoymexico.com\\\/puebla\\\/author\\\/user\\\/\"}]}<\/script>\n<!-- \/ Yoast SEO Premium plugin. -->","yoast_head_json":{"title":"Alejandro Armenta prioriza obras comunitarias con apoyo al Bachet\u00f3n 2025 - Grupo Hoy Puebla","description":"Alejandro Armenta destina 50 millones para el Bachet\u00f3n 2025 en Puebla, mejorando vialidades antes de la temporada de lluvias.","robots":{"index":"index","follow":"follow","max-snippet":"max-snippet:-1","max-image-preview":"max-image-preview:large","max-video-preview":"max-video-preview:-1"},"canonical":"https:\/\/grupohoymexico.com\/puebla\/2025\/06\/02\/alejandro-armenta-prioriza-obras-comunitarias-con-apoyo-al-bacheton-2025\/","og_locale":"es_MX","og_type":"article","og_title":"Alejandro Armenta prioriza obras comunitarias con apoyo al Bachet\u00f3n 2025","og_description":"Alejandro Armenta destina 50 millones para el Bachet\u00f3n 2025 en Puebla, mejorando vialidades antes de la temporada de lluvias.","og_url":"https:\/\/grupohoymexico.com\/puebla\/2025\/06\/02\/alejandro-armenta-prioriza-obras-comunitarias-con-apoyo-al-bacheton-2025\/","og_site_name":"Grupo Hoy Puebla","article_published_time":"2025-06-02T22:00:42+00:00","article_modified_time":"2025-06-02T22:00:43+00:00","og_image":[{"width":1280,"height":680,"url":"https:\/\/grupohoymexico.com\/puebla\/wp-content\/uploads\/sites\/3\/2025\/06\/5039616897896787733.jpg","type":"image\/jpeg"}],"author":"user","twitter_card":"summary_large_image","twitter_misc":{"Escrito por":"user","Tiempo de lectura":"2 minutos"},"schema":{"@context":"https:\/\/schema.org","@graph":[{"@type":"Article","@id":"https:\/\/grupohoymexico.com\/puebla\/2025\/06\/02\/alejandro-armenta-prioriza-obras-comunitarias-con-apoyo-al-bacheton-2025\/#article","isPartOf":{"@id":"https:\/\/grupohoymexico.com\/puebla\/2025\/06\/02\/alejandro-armenta-prioriza-obras-comunitarias-con-apoyo-al-bacheton-2025\/"},"author":{"name":"user","@id":"https:\/\/grupohoymexico.com\/puebla\/#\/schema\/person\/ce6086ac837852775a3a4f539356c297"},"headline":"Alejandro Armenta prioriza obras comunitarias con apoyo al Bachet\u00f3n 2025","datePublished":"2025-06-02T22:00:42+00:00","dateModified":"2025-06-02T22:00:43+00:00","mainEntityOfPage":{"@id":"https:\/\/grupohoymexico.com\/puebla\/2025\/06\/02\/alejandro-armenta-prioriza-obras-comunitarias-con-apoyo-al-bacheton-2025\/"},"wordCount":334,"commentCount":0,"image":{"@id":"https:\/\/grupohoymexico.com\/puebla\/2025\/06\/02\/alejandro-armenta-prioriza-obras-comunitarias-con-apoyo-al-bacheton-2025\/#primaryimage"},"thumbnailUrl":"https:\/\/grupohoymexico.com\/puebla\/wp-content\/uploads\/sites\/3\/2025\/06\/5039616897896787733.jpg","keywords":["Alejandro Armenta","Bachet\u00f3n 2025","Congreso de Puebla","infraestructura vial","obras comunitarias"],"articleSection":["Estatal"],"inLanguage":"es","potentialAction":[{"@type":"CommentAction","name":"Comment","target":["https:\/\/grupohoymexico.com\/puebla\/2025\/06\/02\/alejandro-armenta-prioriza-obras-comunitarias-con-apoyo-al-bacheton-2025\/#respond"]}]},{"@type":"WebPage","@id":"https:\/\/grupohoymexico.com\/puebla\/2025\/06\/02\/alejandro-armenta-prioriza-obras-comunitarias-con-apoyo-al-bacheton-2025\/","url":"https:\/\/grupohoymexico.com\/puebla\/2025\/06\/02\/alejandro-armenta-prioriza-obras-comunitarias-con-apoyo-al-bacheton-2025\/","name":"Alejandro Armenta prioriza obras comunitarias con apoyo al Bachet\u00f3n 2025 - Grupo Hoy Puebla","isPartOf":{"@id":"https:\/\/grupohoymexico.com\/puebla\/#website"},"primaryImageOfPage":{"@id":"https:\/\/grupohoymexico.com\/puebla\/2025\/06\/02\/alejandro-armenta-prioriza-obras-comunitarias-con-apoyo-al-bacheton-2025\/#primaryimage"},"image":{"@id":"https:\/\/grupohoymexico.com\/puebla\/2025\/06\/02\/alejandro-armenta-prioriza-obras-comunitarias-con-apoyo-al-bacheton-2025\/#primaryimage"},"thumbnailUrl":"https:\/\/grupohoymexico.com\/puebla\/wp-content\/uploads\/sites\/3\/2025\/06\/5039616897896787733.jpg","datePublished":"2025-06-02T22:00:42+00:00","dateModified":"2025-06-02T22:00:43+00:00","author":{"@id":"https:\/\/grupohoymexico.com\/puebla\/#\/schema\/person\/ce6086ac837852775a3a4f539356c297"},"description":"Alejandro Armenta destina 50 millones para el Bachet\u00f3n 2025 en Puebla, mejorando vialidades antes de la temporada de lluvias.","breadcrumb":{"@id":"https:\/\/grupohoymexico.com\/puebla\/2025\/06\/02\/alejandro-armenta-prioriza-obras-comunitarias-con-apoyo-al-bacheton-2025\/#breadcrumb"},"inLanguage":"es","potentialAction":[{"@type":"ReadAction","target":["https:\/\/grupohoymexico.com\/puebla\/2025\/06\/02\/alejandro-armenta-prioriza-obras-comunitarias-con-apoyo-al-bacheton-2025\/"]}]},{"@type":"ImageObject","inLanguage":"es","@id":"https:\/\/grupohoymexico.com\/puebla\/2025\/06\/02\/alejandro-armenta-prioriza-obras-comunitarias-con-apoyo-al-bacheton-2025\/#primaryimage","url":"https:\/\/grupohoymexico.com\/puebla\/wp-content\/uploads\/sites\/3\/2025\/06\/5039616897896787733.jpg","contentUrl":"https:\/\/grupohoymexico.com\/puebla\/wp-content\/uploads\/sites\/3\/2025\/06\/5039616897896787733.jpg","width":1280,"height":680,"caption":"Armenta Bachet\u00f3n 2025"},{"@type":"BreadcrumbList","@id":"https:\/\/grupohoymexico.com\/puebla\/2025\/06\/02\/alejandro-armenta-prioriza-obras-comunitarias-con-apoyo-al-bacheton-2025\/#breadcrumb","itemListElement":[{"@type":"ListItem","position":1,"name":"Inicio","item":"https:\/\/grupohoymexico.com\/puebla\/"},{"@type":"ListItem","position":2,"name":"Alejandro Armenta prioriza obras comunitarias con apoyo al Bachet\u00f3n 2025"}]},{"@type":"WebSite","@id":"https:\/\/grupohoymexico.com\/puebla\/#website","url":"https:\/\/grupohoymexico.com\/puebla\/","name":"Grupo Hoy Puebla","description":"","potentialAction":[{"@type":"SearchAction","target":{"@type":"EntryPoint","urlTemplate":"https:\/\/grupohoymexico.com\/puebla\/?s={search_term_string}"},"query-input":{"@type":"PropertyValueSpecification","valueRequired":true,"valueName":"search_term_string"}}],"inLanguage":"es"},{"@type":"Person","@id":"https:\/\/grupohoymexico.com\/puebla\/#\/schema\/person\/ce6086ac837852775a3a4f539356c297","name":"user","image":{"@type":"ImageObject","inLanguage":"es","@id":"https:\/\/secure.gravatar.com\/avatar\/25f78de4fa956f6f7c01f8d96f8087d8958ebe06d57e630cd54e36aefb9dacea?s=96&d=mm&r=g","url":"https:\/\/secure.gravatar.com\/avatar\/25f78de4fa956f6f7c01f8d96f8087d8958ebe06d57e630cd54e36aefb9dacea?s=96&d=mm&r=g","contentUrl":"https:\/\/secure.gravatar.com\/avatar\/25f78de4fa956f6f7c01f8d96f8087d8958ebe06d57e630cd54e36aefb9dacea?s=96&d=mm&r=g","caption":"user"},"sameAs":["http:\/\/44.197.188.197.nip.io"],"url":"https:\/\/grupohoymexico.com\/puebla\/author\/user\/"}]}},"_links":{"self":[{"href":"https:\/\/grupohoymexico.com\/puebla\/wp-json\/wp\/v2\/posts\/75212","targetHints":{"allow":["GET"]}}],"collection":[{"href":"https:\/\/grupohoymexico.com\/puebla\/wp-json\/wp\/v2\/posts"}],"about":[{"href":"https:\/\/grupohoymexico.com\/puebla\/wp-json\/wp\/v2\/types\/post"}],"author":[{"embeddable":true,"href":"https:\/\/grupohoymexico.com\/puebla\/wp-json\/wp\/v2\/users\/1"}],"replies":[{"embeddable":true,"href":"https:\/\/grupohoymexico.com\/puebla\/wp-json\/wp\/v2\/comments?post=75212"}],"version-history":[{"count":1,"href":"https:\/\/grupohoymexico.com\/puebla\/wp-json\/wp\/v2\/posts\/75212\/revisions"}],"predecessor-version":[{"id":75216,"href":"https:\/\/grupohoymexico.com\/puebla\/wp-json\/wp\/v2\/posts\/75212\/revisions\/75216"}],"wp:featuredmedia":[{"embeddable":true,"href":"https:\/\/grupohoymexico.com\/puebla\/wp-json\/wp\/v2\/media\/75215"}],"wp:attachment":[{"href":"https:\/\/grupohoymexico.com\/puebla\/wp-json\/wp\/v2\/media?parent=75212"}],"wp:term":[{"taxonomy":"category","embeddable":true,"href":"https:\/\/grupohoymexico.com\/puebla\/wp-json\/wp\/v2\/categories?post=75212"},{"taxonomy":"post_tag","embeddable":true,"href":"https:\/\/grupohoymexico.com\/puebla\/wp-json\/wp\/v2\/tags?post=75212"}],"curies":[{"name":"wp","href":"https:\/\/api.w.org\/{rel}","templated":true}]}}