{"id":75185,"date":"2025-06-02T15:26:50","date_gmt":"2025-06-02T15:26:50","guid":{"rendered":"https:\/\/grupohoymexico.com\/puebla\/?p=75185"},"modified":"2025-06-02T15:26:50","modified_gmt":"2025-06-02T15:26:50","slug":"adultos-mayores-destacan-en-la-eleccion-del-poder-judicial-en-puebla","status":"publish","type":"post","link":"https:\/\/grupohoymexico.com\/puebla\/2025\/06\/02\/adultos-mayores-destacan-en-la-eleccion-del-poder-judicial-en-puebla\/","title":{"rendered":"Adultos mayores destacan en la elecci\u00f3n del Poder Judicial en Puebla"},"content":{"rendered":"\n<p>La <strong>jornada electoral <\/strong>para elegir a los integrantes del <strong><a href=\"https:\/\/www.serviciosenlinea.pjf.gob.mx\/juicioenlinea\">Poder Judicial de la Federaci\u00f3n<\/a> y de Puebla <\/strong>registr\u00f3 una baja afluencia de votantes en el <strong>centro hist\u00f3rico<\/strong>. Los adultos mayores se destacaron como el grupo m\u00e1s activo en las urnas, <strong>aunque enfrentaron dificultades para completar las papeletas debido a la cantidad de cargos y la complejidad del proceso.<\/strong><\/p>\n\n\n\n<p>Funcionarios de casilla estimaron que la participaci\u00f3n en algunas secciones del primer cuadro de la ciudad apenas lleg\u00f3 al <strong>10 por ciento<\/strong>, y muchos votantes necesitaron apoyo para entender y llenar correctamente las boletas, <strong>que presentaban un dise\u00f1o complicado y letra peque\u00f1a en comparaci\u00f3n con elecciones anteriores, seg\u00fan algunos electores.<\/strong><\/p>\n\n\n\n<h2 class=\"wp-block-heading\" id=\"h-complejidad-y-falta-de-familiaridad-con-la-boleta-afectan-a-votantes\"><strong>Complejidad y falta de familiaridad con la boleta afectan a votantes<\/strong><\/h2>\n\n\n\n<p>El formato de la boleta, sin los nombres de partidos pol\u00edticos tradicionales como <strong>PAN, PRI o <a href=\"https:\/\/grupohoymexico.com\/puebla\/2024\/01\/21\/claudia-sheinbaum-candidata-oficial-de-morena\/\">Morena<\/a><\/strong>, gener\u00f3 confusi\u00f3n entre los ciudadanos. <strong>La ausencia de s\u00edmbolos partidistas dificult\u00f3 que muchos identificaran a los candidatos<\/strong>, lo que aument\u00f3 el tiempo que cada persona necesit\u00f3 para votar, estimado en 1<strong>0 a 30 minutos por persona.<\/strong><\/p>\n\n\n\n<figure class=\"wp-block-image size-large\"><img fetchpriority=\"high\" decoding=\"async\" width=\"1024\" height=\"768\" src=\"https:\/\/grupohoymexico.com\/puebla\/wp-content\/uploads\/sites\/3\/2025\/06\/AP18182624398603-1024x768.jpg\" alt=\"\" class=\"wp-image-75186\" srcset=\"https:\/\/grupohoymexico.com\/puebla\/wp-content\/uploads\/sites\/3\/2025\/06\/AP18182624398603-1024x768.jpg 1024w, https:\/\/grupohoymexico.com\/puebla\/wp-content\/uploads\/sites\/3\/2025\/06\/AP18182624398603-300x225.jpg 300w, https:\/\/grupohoymexico.com\/puebla\/wp-content\/uploads\/sites\/3\/2025\/06\/AP18182624398603-768x576.jpg 768w, https:\/\/grupohoymexico.com\/puebla\/wp-content\/uploads\/sites\/3\/2025\/06\/AP18182624398603-332x249.jpg 332w, https:\/\/grupohoymexico.com\/puebla\/wp-content\/uploads\/sites\/3\/2025\/06\/AP18182624398603-664x498.jpg 664w, https:\/\/grupohoymexico.com\/puebla\/wp-content\/uploads\/sites\/3\/2025\/06\/AP18182624398603-688x516.jpg 688w, https:\/\/grupohoymexico.com\/puebla\/wp-content\/uploads\/sites\/3\/2025\/06\/AP18182624398603-1044x783.jpg 1044w, https:\/\/grupohoymexico.com\/puebla\/wp-content\/uploads\/sites\/3\/2025\/06\/AP18182624398603.jpg 1280w\" sizes=\"(max-width: 1024px) 100vw, 1024px\" \/><\/figure>\n\n\n\n<p>Este proceso electoral, que por primera vez permite a la ciudadan\u00eda elegir directamente a <strong>ministros, magistrados y jueces<\/strong>, representa un cambio importante, pero tambi\u00e9n un reto para que los votantes comprendan el peso de su decisi\u00f3n.<\/p>\n\n\n\n<h2 class=\"wp-block-heading\" id=\"h-puebla-seguridad-y-organizacion-en-el-proceso-electoral-del-poder-judicial\"><strong>Puebla<\/strong>: <strong>Seguridad y organizaci\u00f3n en el proceso electoral<\/strong> <strong>del Poder Judicial<\/strong><\/h2>\n\n\n\n<p>Durante toda la jornada, l<strong>a presencia policial fue constante en las casillas del centro hist\u00f3rico<\/strong>, brindando apoyo y seguridad a funcionarios y votantes. Este refuerzo fue valorado, pues en elecciones anteriores la vigilancia era m\u00e1s espor\u00e1dica y menos efectiva.<\/p>\n\n\n\n<p>Aunque <strong>la participaci\u00f3n fue baja<\/strong>, este ejercicio representa un paso para transparentar y democratizar la selecci\u00f3n de autoridades judiciales, <strong>y se espera que futuras elecciones cuenten con mayor difusi\u00f3n para aumentar el inter\u00e9s ciudadano.<\/strong><\/p>\n","protected":false},"excerpt":{"rendered":"La jornada electoral para elegir a los integrantes del Poder Judicial de la Federaci\u00f3n y de Puebla registr\u00f3&hellip;","protected":false},"author":1,"featured_media":75187,"comment_status":"open","ping_status":"open","sticky":false,"template":"","format":"standard","meta":{"csco_display_header_overlay":false,"csco_singular_sidebar":"","csco_page_header_type":"","csco_page_load_nextpost":"","csco_post_video_location":[],"csco_post_video_location_hash":"","csco_post_video_url":"","csco_post_video_bg_start_time":0,"csco_post_video_bg_end_time":0,"footnotes":""},"categories":[29],"tags":[531,157,1162,126,1163,40],"class_list":{"0":"post-75185","1":"post","2":"type-post","3":"status-publish","4":"format-standard","5":"has-post-thumbnail","7":"category-estatal","8":"tag-adultos-mayores","9":"tag-centro-historico","10":"tag-eleccion-poder-judicial","11":"tag-mexico","12":"tag-participacion-ciudadana","13":"tag-puebla","14":"cs-entry","15":"cs-video-wrap"},"yoast_head":"<!-- This site is optimized with the Yoast SEO Premium plugin v24.7 (Yoast SEO v27.4) - https:\/\/yoast.com\/product\/yoast-seo-premium-wordpress\/ -->\n<title>Adultos mayores destacan en la elecci\u00f3n del Poder Judicial en Puebla - Grupo Hoy Puebla<\/title>\n<meta name=\"description\" content=\"Baja participaci\u00f3n en la elecci\u00f3n del Poder Judicial en Puebla, con adultos mayores como los votantes m\u00e1s activos y papeletas complicadas.\" \/>\n<meta name=\"robots\" content=\"index, follow, max-snippet:-1, max-image-preview:large, max-video-preview:-1\" \/>\n<link rel=\"canonical\" href=\"https:\/\/grupohoymexico.com\/puebla\/2025\/06\/02\/adultos-mayores-destacan-en-la-eleccion-del-poder-judicial-en-puebla\/\" \/>\n<meta property=\"og:locale\" content=\"es_MX\" \/>\n<meta property=\"og:type\" content=\"article\" \/>\n<meta property=\"og:title\" content=\"Adultos mayores destacan en la elecci\u00f3n del Poder Judicial en Puebla\" \/>\n<meta property=\"og:description\" content=\"Baja participaci\u00f3n en la elecci\u00f3n del Poder Judicial en Puebla, con adultos mayores como los votantes m\u00e1s activos y papeletas complicadas.\" \/>\n<meta property=\"og:url\" content=\"https:\/\/grupohoymexico.com\/puebla\/2025\/06\/02\/adultos-mayores-destacan-en-la-eleccion-del-poder-judicial-en-puebla\/\" \/>\n<meta property=\"og:site_name\" content=\"Grupo Hoy Puebla\" \/>\n<meta property=\"article:published_time\" content=\"2025-06-02T15:26:50+00:00\" \/>\n<meta property=\"og:image\" content=\"https:\/\/grupohoymexico.com\/puebla\/wp-content\/uploads\/sites\/3\/2025\/06\/5040019774419086902.jpg\" \/>\n\t<meta property=\"og:image:width\" content=\"1280\" \/>\n\t<meta property=\"og:image:height\" content=\"680\" \/>\n\t<meta property=\"og:image:type\" content=\"image\/jpeg\" \/>\n<meta name=\"author\" content=\"user\" \/>\n<meta name=\"twitter:card\" content=\"summary_large_image\" \/>\n<meta name=\"twitter:label1\" content=\"Escrito por\" \/>\n\t<meta name=\"twitter:data1\" content=\"user\" \/>\n\t<meta name=\"twitter:label2\" content=\"Tiempo de lectura\" \/>\n\t<meta name=\"twitter:data2\" content=\"2 minutos\" \/>\n<script type=\"application\/ld+json\" class=\"yoast-schema-graph\">{\"@context\":\"https:\\\/\\\/schema.org\",\"@graph\":[{\"@type\":\"Article\",\"@id\":\"https:\\\/\\\/grupohoymexico.com\\\/puebla\\\/2025\\\/06\\\/02\\\/adultos-mayores-destacan-en-la-eleccion-del-poder-judicial-en-puebla\\\/#article\",\"isPartOf\":{\"@id\":\"https:\\\/\\\/grupohoymexico.com\\\/puebla\\\/2025\\\/06\\\/02\\\/adultos-mayores-destacan-en-la-eleccion-del-poder-judicial-en-puebla\\\/\"},\"author\":{\"name\":\"user\",\"@id\":\"https:\\\/\\\/grupohoymexico.com\\\/puebla\\\/#\\\/schema\\\/person\\\/ce6086ac837852775a3a4f539356c297\"},\"headline\":\"Adultos mayores destacan en la elecci\u00f3n del Poder Judicial en Puebla\",\"datePublished\":\"2025-06-02T15:26:50+00:00\",\"mainEntityOfPage\":{\"@id\":\"https:\\\/\\\/grupohoymexico.com\\\/puebla\\\/2025\\\/06\\\/02\\\/adultos-mayores-destacan-en-la-eleccion-del-poder-judicial-en-puebla\\\/\"},\"wordCount\":323,\"commentCount\":0,\"image\":{\"@id\":\"https:\\\/\\\/grupohoymexico.com\\\/puebla\\\/2025\\\/06\\\/02\\\/adultos-mayores-destacan-en-la-eleccion-del-poder-judicial-en-puebla\\\/#primaryimage\"},\"thumbnailUrl\":\"https:\\\/\\\/grupohoymexico.com\\\/puebla\\\/wp-content\\\/uploads\\\/sites\\\/3\\\/2025\\\/06\\\/5040019774419086902.jpg\",\"keywords\":[\"Adultos Mayores\",\"Centro Hist\u00f3rico\",\"elecci\u00f3n Poder Judicial\",\"M\u00e9xico\",\"participaci\u00f3n ciudadana\",\"puebla\"],\"articleSection\":[\"Estatal\"],\"inLanguage\":\"es\",\"potentialAction\":[{\"@type\":\"CommentAction\",\"name\":\"Comment\",\"target\":[\"https:\\\/\\\/grupohoymexico.com\\\/puebla\\\/2025\\\/06\\\/02\\\/adultos-mayores-destacan-en-la-eleccion-del-poder-judicial-en-puebla\\\/#respond\"]}]},{\"@type\":\"WebPage\",\"@id\":\"https:\\\/\\\/grupohoymexico.com\\\/puebla\\\/2025\\\/06\\\/02\\\/adultos-mayores-destacan-en-la-eleccion-del-poder-judicial-en-puebla\\\/\",\"url\":\"https:\\\/\\\/grupohoymexico.com\\\/puebla\\\/2025\\\/06\\\/02\\\/adultos-mayores-destacan-en-la-eleccion-del-poder-judicial-en-puebla\\\/\",\"name\":\"Adultos mayores destacan en la elecci\u00f3n del Poder Judicial en Puebla - Grupo Hoy Puebla\",\"isPartOf\":{\"@id\":\"https:\\\/\\\/grupohoymexico.com\\\/puebla\\\/#website\"},\"primaryImageOfPage\":{\"@id\":\"https:\\\/\\\/grupohoymexico.com\\\/puebla\\\/2025\\\/06\\\/02\\\/adultos-mayores-destacan-en-la-eleccion-del-poder-judicial-en-puebla\\\/#primaryimage\"},\"image\":{\"@id\":\"https:\\\/\\\/grupohoymexico.com\\\/puebla\\\/2025\\\/06\\\/02\\\/adultos-mayores-destacan-en-la-eleccion-del-poder-judicial-en-puebla\\\/#primaryimage\"},\"thumbnailUrl\":\"https:\\\/\\\/grupohoymexico.com\\\/puebla\\\/wp-content\\\/uploads\\\/sites\\\/3\\\/2025\\\/06\\\/5040019774419086902.jpg\",\"datePublished\":\"2025-06-02T15:26:50+00:00\",\"author\":{\"@id\":\"https:\\\/\\\/grupohoymexico.com\\\/puebla\\\/#\\\/schema\\\/person\\\/ce6086ac837852775a3a4f539356c297\"},\"description\":\"Baja participaci\u00f3n en la elecci\u00f3n del Poder Judicial en Puebla, con adultos mayores como los votantes m\u00e1s activos y papeletas complicadas.\",\"breadcrumb\":{\"@id\":\"https:\\\/\\\/grupohoymexico.com\\\/puebla\\\/2025\\\/06\\\/02\\\/adultos-mayores-destacan-en-la-eleccion-del-poder-judicial-en-puebla\\\/#breadcrumb\"},\"inLanguage\":\"es\",\"potentialAction\":[{\"@type\":\"ReadAction\",\"target\":[\"https:\\\/\\\/grupohoymexico.com\\\/puebla\\\/2025\\\/06\\\/02\\\/adultos-mayores-destacan-en-la-eleccion-del-poder-judicial-en-puebla\\\/\"]}]},{\"@type\":\"ImageObject\",\"inLanguage\":\"es\",\"@id\":\"https:\\\/\\\/grupohoymexico.com\\\/puebla\\\/2025\\\/06\\\/02\\\/adultos-mayores-destacan-en-la-eleccion-del-poder-judicial-en-puebla\\\/#primaryimage\",\"url\":\"https:\\\/\\\/grupohoymexico.com\\\/puebla\\\/wp-content\\\/uploads\\\/sites\\\/3\\\/2025\\\/06\\\/5040019774419086902.jpg\",\"contentUrl\":\"https:\\\/\\\/grupohoymexico.com\\\/puebla\\\/wp-content\\\/uploads\\\/sites\\\/3\\\/2025\\\/06\\\/5040019774419086902.jpg\",\"width\":1280,\"height\":680,\"caption\":\"adultos mayores elecci\u00f3n judicial Puebla\"},{\"@type\":\"BreadcrumbList\",\"@id\":\"https:\\\/\\\/grupohoymexico.com\\\/puebla\\\/2025\\\/06\\\/02\\\/adultos-mayores-destacan-en-la-eleccion-del-poder-judicial-en-puebla\\\/#breadcrumb\",\"itemListElement\":[{\"@type\":\"ListItem\",\"position\":1,\"name\":\"Inicio\",\"item\":\"https:\\\/\\\/grupohoymexico.com\\\/puebla\\\/\"},{\"@type\":\"ListItem\",\"position\":2,\"name\":\"Adultos mayores destacan en la elecci\u00f3n del Poder Judicial en Puebla\"}]},{\"@type\":\"WebSite\",\"@id\":\"https:\\\/\\\/grupohoymexico.com\\\/puebla\\\/#website\",\"url\":\"https:\\\/\\\/grupohoymexico.com\\\/puebla\\\/\",\"name\":\"Grupo Hoy Puebla\",\"description\":\"\",\"potentialAction\":[{\"@type\":\"SearchAction\",\"target\":{\"@type\":\"EntryPoint\",\"urlTemplate\":\"https:\\\/\\\/grupohoymexico.com\\\/puebla\\\/?s={search_term_string}\"},\"query-input\":{\"@type\":\"PropertyValueSpecification\",\"valueRequired\":true,\"valueName\":\"search_term_string\"}}],\"inLanguage\":\"es\"},{\"@type\":\"Person\",\"@id\":\"https:\\\/\\\/grupohoymexico.com\\\/puebla\\\/#\\\/schema\\\/person\\\/ce6086ac837852775a3a4f539356c297\",\"name\":\"user\",\"image\":{\"@type\":\"ImageObject\",\"inLanguage\":\"es\",\"@id\":\"https:\\\/\\\/secure.gravatar.com\\\/avatar\\\/25f78de4fa956f6f7c01f8d96f8087d8958ebe06d57e630cd54e36aefb9dacea?s=96&d=mm&r=g\",\"url\":\"https:\\\/\\\/secure.gravatar.com\\\/avatar\\\/25f78de4fa956f6f7c01f8d96f8087d8958ebe06d57e630cd54e36aefb9dacea?s=96&d=mm&r=g\",\"contentUrl\":\"https:\\\/\\\/secure.gravatar.com\\\/avatar\\\/25f78de4fa956f6f7c01f8d96f8087d8958ebe06d57e630cd54e36aefb9dacea?s=96&d=mm&r=g\",\"caption\":\"user\"},\"sameAs\":[\"http:\\\/\\\/44.197.188.197.nip.io\"],\"url\":\"https:\\\/\\\/grupohoymexico.com\\\/puebla\\\/author\\\/user\\\/\"}]}<\/script>\n<!-- \/ Yoast SEO Premium plugin. -->","yoast_head_json":{"title":"Adultos mayores destacan en la elecci\u00f3n del Poder Judicial en Puebla - Grupo Hoy Puebla","description":"Baja participaci\u00f3n en la elecci\u00f3n del Poder Judicial en Puebla, con adultos mayores como los votantes m\u00e1s activos y papeletas complicadas.","robots":{"index":"index","follow":"follow","max-snippet":"max-snippet:-1","max-image-preview":"max-image-preview:large","max-video-preview":"max-video-preview:-1"},"canonical":"https:\/\/grupohoymexico.com\/puebla\/2025\/06\/02\/adultos-mayores-destacan-en-la-eleccion-del-poder-judicial-en-puebla\/","og_locale":"es_MX","og_type":"article","og_title":"Adultos mayores destacan en la elecci\u00f3n del Poder Judicial en Puebla","og_description":"Baja participaci\u00f3n en la elecci\u00f3n del Poder Judicial en Puebla, con adultos mayores como los votantes m\u00e1s activos y papeletas complicadas.","og_url":"https:\/\/grupohoymexico.com\/puebla\/2025\/06\/02\/adultos-mayores-destacan-en-la-eleccion-del-poder-judicial-en-puebla\/","og_site_name":"Grupo Hoy Puebla","article_published_time":"2025-06-02T15:26:50+00:00","og_image":[{"width":1280,"height":680,"url":"https:\/\/grupohoymexico.com\/puebla\/wp-content\/uploads\/sites\/3\/2025\/06\/5040019774419086902.jpg","type":"image\/jpeg"}],"author":"user","twitter_card":"summary_large_image","twitter_misc":{"Escrito por":"user","Tiempo de lectura":"2 minutos"},"schema":{"@context":"https:\/\/schema.org","@graph":[{"@type":"Article","@id":"https:\/\/grupohoymexico.com\/puebla\/2025\/06\/02\/adultos-mayores-destacan-en-la-eleccion-del-poder-judicial-en-puebla\/#article","isPartOf":{"@id":"https:\/\/grupohoymexico.com\/puebla\/2025\/06\/02\/adultos-mayores-destacan-en-la-eleccion-del-poder-judicial-en-puebla\/"},"author":{"name":"user","@id":"https:\/\/grupohoymexico.com\/puebla\/#\/schema\/person\/ce6086ac837852775a3a4f539356c297"},"headline":"Adultos mayores destacan en la elecci\u00f3n del Poder Judicial en Puebla","datePublished":"2025-06-02T15:26:50+00:00","mainEntityOfPage":{"@id":"https:\/\/grupohoymexico.com\/puebla\/2025\/06\/02\/adultos-mayores-destacan-en-la-eleccion-del-poder-judicial-en-puebla\/"},"wordCount":323,"commentCount":0,"image":{"@id":"https:\/\/grupohoymexico.com\/puebla\/2025\/06\/02\/adultos-mayores-destacan-en-la-eleccion-del-poder-judicial-en-puebla\/#primaryimage"},"thumbnailUrl":"https:\/\/grupohoymexico.com\/puebla\/wp-content\/uploads\/sites\/3\/2025\/06\/5040019774419086902.jpg","keywords":["Adultos Mayores","Centro Hist\u00f3rico","elecci\u00f3n Poder Judicial","M\u00e9xico","participaci\u00f3n ciudadana","puebla"],"articleSection":["Estatal"],"inLanguage":"es","potentialAction":[{"@type":"CommentAction","name":"Comment","target":["https:\/\/grupohoymexico.com\/puebla\/2025\/06\/02\/adultos-mayores-destacan-en-la-eleccion-del-poder-judicial-en-puebla\/#respond"]}]},{"@type":"WebPage","@id":"https:\/\/grupohoymexico.com\/puebla\/2025\/06\/02\/adultos-mayores-destacan-en-la-eleccion-del-poder-judicial-en-puebla\/","url":"https:\/\/grupohoymexico.com\/puebla\/2025\/06\/02\/adultos-mayores-destacan-en-la-eleccion-del-poder-judicial-en-puebla\/","name":"Adultos mayores destacan en la elecci\u00f3n del Poder Judicial en Puebla - Grupo Hoy Puebla","isPartOf":{"@id":"https:\/\/grupohoymexico.com\/puebla\/#website"},"primaryImageOfPage":{"@id":"https:\/\/grupohoymexico.com\/puebla\/2025\/06\/02\/adultos-mayores-destacan-en-la-eleccion-del-poder-judicial-en-puebla\/#primaryimage"},"image":{"@id":"https:\/\/grupohoymexico.com\/puebla\/2025\/06\/02\/adultos-mayores-destacan-en-la-eleccion-del-poder-judicial-en-puebla\/#primaryimage"},"thumbnailUrl":"https:\/\/grupohoymexico.com\/puebla\/wp-content\/uploads\/sites\/3\/2025\/06\/5040019774419086902.jpg","datePublished":"2025-06-02T15:26:50+00:00","author":{"@id":"https:\/\/grupohoymexico.com\/puebla\/#\/schema\/person\/ce6086ac837852775a3a4f539356c297"},"description":"Baja participaci\u00f3n en la elecci\u00f3n del Poder Judicial en Puebla, con adultos mayores como los votantes m\u00e1s activos y papeletas complicadas.","breadcrumb":{"@id":"https:\/\/grupohoymexico.com\/puebla\/2025\/06\/02\/adultos-mayores-destacan-en-la-eleccion-del-poder-judicial-en-puebla\/#breadcrumb"},"inLanguage":"es","potentialAction":[{"@type":"ReadAction","target":["https:\/\/grupohoymexico.com\/puebla\/2025\/06\/02\/adultos-mayores-destacan-en-la-eleccion-del-poder-judicial-en-puebla\/"]}]},{"@type":"ImageObject","inLanguage":"es","@id":"https:\/\/grupohoymexico.com\/puebla\/2025\/06\/02\/adultos-mayores-destacan-en-la-eleccion-del-poder-judicial-en-puebla\/#primaryimage","url":"https:\/\/grupohoymexico.com\/puebla\/wp-content\/uploads\/sites\/3\/2025\/06\/5040019774419086902.jpg","contentUrl":"https:\/\/grupohoymexico.com\/puebla\/wp-content\/uploads\/sites\/3\/2025\/06\/5040019774419086902.jpg","width":1280,"height":680,"caption":"adultos mayores elecci\u00f3n judicial Puebla"},{"@type":"BreadcrumbList","@id":"https:\/\/grupohoymexico.com\/puebla\/2025\/06\/02\/adultos-mayores-destacan-en-la-eleccion-del-poder-judicial-en-puebla\/#breadcrumb","itemListElement":[{"@type":"ListItem","position":1,"name":"Inicio","item":"https:\/\/grupohoymexico.com\/puebla\/"},{"@type":"ListItem","position":2,"name":"Adultos mayores destacan en la elecci\u00f3n del Poder Judicial en Puebla"}]},{"@type":"WebSite","@id":"https:\/\/grupohoymexico.com\/puebla\/#website","url":"https:\/\/grupohoymexico.com\/puebla\/","name":"Grupo Hoy Puebla","description":"","potentialAction":[{"@type":"SearchAction","target":{"@type":"EntryPoint","urlTemplate":"https:\/\/grupohoymexico.com\/puebla\/?s={search_term_string}"},"query-input":{"@type":"PropertyValueSpecification","valueRequired":true,"valueName":"search_term_string"}}],"inLanguage":"es"},{"@type":"Person","@id":"https:\/\/grupohoymexico.com\/puebla\/#\/schema\/person\/ce6086ac837852775a3a4f539356c297","name":"user","image":{"@type":"ImageObject","inLanguage":"es","@id":"https:\/\/secure.gravatar.com\/avatar\/25f78de4fa956f6f7c01f8d96f8087d8958ebe06d57e630cd54e36aefb9dacea?s=96&d=mm&r=g","url":"https:\/\/secure.gravatar.com\/avatar\/25f78de4fa956f6f7c01f8d96f8087d8958ebe06d57e630cd54e36aefb9dacea?s=96&d=mm&r=g","contentUrl":"https:\/\/secure.gravatar.com\/avatar\/25f78de4fa956f6f7c01f8d96f8087d8958ebe06d57e630cd54e36aefb9dacea?s=96&d=mm&r=g","caption":"user"},"sameAs":["http:\/\/44.197.188.197.nip.io"],"url":"https:\/\/grupohoymexico.com\/puebla\/author\/user\/"}]}},"_links":{"self":[{"href":"https:\/\/grupohoymexico.com\/puebla\/wp-json\/wp\/v2\/posts\/75185","targetHints":{"allow":["GET"]}}],"collection":[{"href":"https:\/\/grupohoymexico.com\/puebla\/wp-json\/wp\/v2\/posts"}],"about":[{"href":"https:\/\/grupohoymexico.com\/puebla\/wp-json\/wp\/v2\/types\/post"}],"author":[{"embeddable":true,"href":"https:\/\/grupohoymexico.com\/puebla\/wp-json\/wp\/v2\/users\/1"}],"replies":[{"embeddable":true,"href":"https:\/\/grupohoymexico.com\/puebla\/wp-json\/wp\/v2\/comments?post=75185"}],"version-history":[{"count":1,"href":"https:\/\/grupohoymexico.com\/puebla\/wp-json\/wp\/v2\/posts\/75185\/revisions"}],"predecessor-version":[{"id":75188,"href":"https:\/\/grupohoymexico.com\/puebla\/wp-json\/wp\/v2\/posts\/75185\/revisions\/75188"}],"wp:featuredmedia":[{"embeddable":true,"href":"https:\/\/grupohoymexico.com\/puebla\/wp-json\/wp\/v2\/media\/75187"}],"wp:attachment":[{"href":"https:\/\/grupohoymexico.com\/puebla\/wp-json\/wp\/v2\/media?parent=75185"}],"wp:term":[{"taxonomy":"category","embeddable":true,"href":"https:\/\/grupohoymexico.com\/puebla\/wp-json\/wp\/v2\/categories?post=75185"},{"taxonomy":"post_tag","embeddable":true,"href":"https:\/\/grupohoymexico.com\/puebla\/wp-json\/wp\/v2\/tags?post=75185"}],"curies":[{"name":"wp","href":"https:\/\/api.w.org\/{rel}","templated":true}]}}