{"id":75181,"date":"2025-06-02T15:17:24","date_gmt":"2025-06-02T15:17:24","guid":{"rendered":"https:\/\/grupohoymexico.com\/puebla\/?p=75181"},"modified":"2025-06-02T16:48:13","modified_gmt":"2025-06-02T16:48:13","slug":"detencion-por-abuso-infantil-en-puebla-capturan-a-presunto-agresor-de-menores-alemanas","status":"publish","type":"post","link":"https:\/\/grupohoymexico.com\/puebla\/2025\/06\/02\/detencion-por-abuso-infantil-en-puebla-capturan-a-presunto-agresor-de-menores-alemanas\/","title":{"rendered":"Detenci\u00f3n por abuso infantil en Puebla: capturan a presunto agresor de menores alemanas"},"content":{"rendered":"\n<p>La <a href=\"https:\/\/fiscalia.puebla.gob.mx\/\">Fiscal\u00eda General del Estado<\/a> de Puebla anunci\u00f3 este lunes la <strong>detenci\u00f3n por abuso infantil en Puebla<\/strong> de un hombre identificado como <strong>Alejandro N.<\/strong> El detenido est\u00e1 acusado de agredir sexualmente a dos menores de nacionalidad alemana. El arresto del individuo ocurri\u00f3 este 1 de junio, como parte de una operaci\u00f3n coordinada con la<a href=\"https:\/\/www.gob.mx\/sspc\"> <strong>Secretar\u00eda de Seguridad y Protecci\u00f3n Ciudadana<\/strong><\/a>. El arresto sucedi\u00f3 en seguimiento a una denuncia interpuesta en octubre de 2023.<\/p>\n\n\n\n<h2 class=\"wp-block-heading\" id=\"h-agresion-ocurrio-en-domicilio-de-la-colonia-centro\">Agresi\u00f3n ocurri\u00f3 en domicilio de la colonia Centro<\/h2>\n\n\n\n<p>Seg\u00fan la Fiscal\u00eda, el acto ocurri\u00f3 el 21 de octubre de 2023 en un inmueble ubicado en la colonia Centro de la ciudad de Puebla. El individuo detenido, <strong>Alejandro N.<\/strong> presuntamente abus\u00f3 de las v\u00edctimas en una zona privada, aprovechando la cercan\u00eda familiar o de confianza con las menores. Esto fue denunciado de inmediato ante las autoridades.<br><br>LEE TAMBI\u00c9N: <a href=\"https:\/\/grupohoymexico.com\/puebla\/2025\/06\/01\/criminales-realizan-asalto-multiple-en-al-menos-tres-casas-de-la-calera\/\">Criminales realizan asalto m\u00faltiple a 3 casas de la Calera <\/a><\/p>\n\n\n\n<figure class=\"wp-block-image size-full\"><img fetchpriority=\"high\" decoding=\"async\" width=\"755\" height=\"655\" src=\"https:\/\/grupohoymexico.com\/puebla\/wp-content\/uploads\/sites\/3\/2025\/06\/image.png\" alt=\"\" class=\"wp-image-75182\" srcset=\"https:\/\/grupohoymexico.com\/puebla\/wp-content\/uploads\/sites\/3\/2025\/06\/image.png 755w, https:\/\/grupohoymexico.com\/puebla\/wp-content\/uploads\/sites\/3\/2025\/06\/image-300x260.png 300w, https:\/\/grupohoymexico.com\/puebla\/wp-content\/uploads\/sites\/3\/2025\/06\/image-332x288.png 332w, https:\/\/grupohoymexico.com\/puebla\/wp-content\/uploads\/sites\/3\/2025\/06\/image-664x576.png 664w, https:\/\/grupohoymexico.com\/puebla\/wp-content\/uploads\/sites\/3\/2025\/06\/image-688x597.png 688w\" sizes=\"(max-width: 755px) 100vw, 755px\" \/><\/figure>\n\n\n\n<p>Tras recabar elementos de prueba, un juez de control emiti\u00f3 la orden de aprehensi\u00f3n correspondiente. Posteriormente, la<strong> detenci\u00f3n por abuso infantil en Puebla<\/strong> fue realizado, y el individuo fue puesto a disposici\u00f3n del Ministerio P\u00fablico para dar inicio al proceso penal en su contra.<\/p>\n\n\n\n<h2 class=\"wp-block-heading\" id=\"h-fiscalia-brinda-acompanamiento-a-las-victimas-y-sus-familias\">Fiscal\u00eda brinda acompa\u00f1amiento a las v\u00edctimas y sus familias<\/h2>\n\n\n\n<p>La dependencia estatal destac\u00f3 que, tras la detenci\u00f3n, se han activado los protocolos de atenci\u00f3n integral para v\u00edctimas de <strong>violencia infantil<\/strong>. Tanto las menores como sus familiares est\u00e1n recibiendo atenci\u00f3n psicol\u00f3gica y asesor\u00eda jur\u00eddica, en cumplimiento con la normativa de protecci\u00f3n de derechos humanos y de la infancia.<\/p>\n\n\n\n<p>El organismo tambi\u00e9n reiter\u00f3 que se mantiene en contacto con las autoridades diplom\u00e1ticas correspondientes, dado que las v\u00edctimas son extranjeras. La comunicaci\u00f3n busca garantizar que se respeten sus derechos durante todas las etapas del proceso legal.<\/p>\n\n\n\n<h2 class=\"wp-block-heading\" id=\"h-audiencia-clave-definira-situacion-juridica-del-imputado\">Audiencia clave definir\u00e1 situaci\u00f3n jur\u00eddica del imputado<\/h2>\n\n\n\n<p>En los pr\u00f3ximos d\u00edas se llevar\u00e1 a cabo la audiencia inicial, en la que se decidir\u00e1 si Alejandro N. ser\u00e1 vinculado a proceso. La Fiscal\u00eda adelant\u00f3 que presentar\u00e1 pruebas periciales, m\u00e9dicas y testimoniales para sustentar la acusaci\u00f3n de <strong>abuso infantil<\/strong>, delito considerado grave en el C\u00f3digo Penal estatal.<\/p>\n\n\n\n<p>Las autoridades subrayaron que esta <strong>detenci\u00f3n por abuso infantil en Puebla<\/strong> refleja el compromiso del gobierno estatal para erradicar la violencia sexual contra menores de edad. Asimismo, invitaron a la ciudadan\u00eda a denunciar de forma an\u00f3nima cualquier indicio de abuso, garantizando el respaldo institucional. <\/p>\n","protected":false},"excerpt":{"rendered":"La Fiscal\u00eda General del Estado de Puebla anunci\u00f3 este lunes la detenci\u00f3n por abuso infantil en Puebla de&hellip;","protected":false},"author":30,"featured_media":75183,"comment_status":"open","ping_status":"open","sticky":false,"template":"","format":"standard","meta":{"csco_display_header_overlay":false,"csco_singular_sidebar":"","csco_page_header_type":"","csco_page_load_nextpost":"","csco_post_video_location":[],"csco_post_video_location_hash":"","csco_post_video_url":"","csco_post_video_bg_start_time":0,"csco_post_video_bg_end_time":0,"footnotes":""},"categories":[29],"tags":[1159,1160,1158,120,40,1161],"class_list":{"0":"post-75181","1":"post","2":"type-post","3":"status-publish","4":"format-standard","5":"has-post-thumbnail","7":"category-estatal","8":"tag-alejandro-n","9":"tag-alemanas-en-puebla","10":"tag-fiscalia-de-puebla","11":"tag-noticias","12":"tag-puebla","13":"tag-seguridad-puebla","14":"cs-entry","15":"cs-video-wrap"},"yoast_head":"<!-- This site is optimized with the Yoast SEO Premium plugin v24.7 (Yoast SEO v27.4) - https:\/\/yoast.com\/product\/yoast-seo-premium-wordpress\/ -->\n<title>Detenci\u00f3n por abuso infantil en Puebla: capturan a agresor<\/title>\n<meta name=\"description\" content=\"La Fiscal\u00eda General del Estado confirm\u00f3 la detenci\u00f3n por abuso infantil en Puebla de un hombre identificado como Alejandro N.\" \/>\n<meta name=\"robots\" content=\"index, follow, max-snippet:-1, max-image-preview:large, max-video-preview:-1\" \/>\n<link rel=\"canonical\" href=\"https:\/\/grupohoymexico.com\/puebla\/2025\/06\/02\/detencion-por-abuso-infantil-en-puebla-capturan-a-presunto-agresor-de-menores-alemanas\/\" \/>\n<meta property=\"og:locale\" content=\"es_MX\" \/>\n<meta property=\"og:type\" content=\"article\" \/>\n<meta property=\"og:title\" content=\"Detenci\u00f3n por abuso infantil en Puebla: capturan a presunto agresor de menores alemanas\" \/>\n<meta property=\"og:description\" content=\"La Fiscal\u00eda General del Estado confirm\u00f3 la detenci\u00f3n por abuso infantil en Puebla de un hombre identificado como Alejandro N.\" \/>\n<meta property=\"og:url\" content=\"https:\/\/grupohoymexico.com\/puebla\/2025\/06\/02\/detencion-por-abuso-infantil-en-puebla-capturan-a-presunto-agresor-de-menores-alemanas\/\" \/>\n<meta property=\"og:site_name\" content=\"Grupo Hoy Puebla\" \/>\n<meta property=\"article:published_time\" content=\"2025-06-02T15:17:24+00:00\" \/>\n<meta property=\"article:modified_time\" content=\"2025-06-02T16:48:13+00:00\" \/>\n<meta property=\"og:image\" content=\"https:\/\/grupohoymexico.com\/puebla\/wp-content\/uploads\/sites\/3\/2025\/06\/Capturan-a-agresor-infantil-en-Puebla.jpg\" \/>\n\t<meta property=\"og:image:width\" content=\"1192\" \/>\n\t<meta property=\"og:image:height\" content=\"628\" \/>\n\t<meta property=\"og:image:type\" content=\"image\/jpeg\" \/>\n<meta name=\"author\" content=\"eduardo\" \/>\n<meta name=\"twitter:card\" content=\"summary_large_image\" \/>\n<meta name=\"twitter:label1\" content=\"Escrito por\" \/>\n\t<meta name=\"twitter:data1\" content=\"eduardo\" \/>\n\t<meta name=\"twitter:label2\" content=\"Tiempo de lectura\" \/>\n\t<meta name=\"twitter:data2\" content=\"3 minutos\" \/>\n<script type=\"application\/ld+json\" class=\"yoast-schema-graph\">{\"@context\":\"https:\\\/\\\/schema.org\",\"@graph\":[{\"@type\":\"Article\",\"@id\":\"https:\\\/\\\/grupohoymexico.com\\\/puebla\\\/2025\\\/06\\\/02\\\/detencion-por-abuso-infantil-en-puebla-capturan-a-presunto-agresor-de-menores-alemanas\\\/#article\",\"isPartOf\":{\"@id\":\"https:\\\/\\\/grupohoymexico.com\\\/puebla\\\/2025\\\/06\\\/02\\\/detencion-por-abuso-infantil-en-puebla-capturan-a-presunto-agresor-de-menores-alemanas\\\/\"},\"author\":{\"name\":\"eduardo\",\"@id\":\"https:\\\/\\\/grupohoymexico.com\\\/puebla\\\/#\\\/schema\\\/person\\\/e95b7b8df1e5c291ede743c160292779\"},\"headline\":\"Detenci\u00f3n por abuso infantil en Puebla: capturan a presunto agresor de menores alemanas\",\"datePublished\":\"2025-06-02T15:17:24+00:00\",\"dateModified\":\"2025-06-02T16:48:13+00:00\",\"mainEntityOfPage\":{\"@id\":\"https:\\\/\\\/grupohoymexico.com\\\/puebla\\\/2025\\\/06\\\/02\\\/detencion-por-abuso-infantil-en-puebla-capturan-a-presunto-agresor-de-menores-alemanas\\\/\"},\"wordCount\":438,\"commentCount\":0,\"image\":{\"@id\":\"https:\\\/\\\/grupohoymexico.com\\\/puebla\\\/2025\\\/06\\\/02\\\/detencion-por-abuso-infantil-en-puebla-capturan-a-presunto-agresor-de-menores-alemanas\\\/#primaryimage\"},\"thumbnailUrl\":\"https:\\\/\\\/grupohoymexico.com\\\/puebla\\\/wp-content\\\/uploads\\\/sites\\\/3\\\/2025\\\/06\\\/Capturan-a-agresor-infantil-en-Puebla.jpg\",\"keywords\":[\"Alejandro N.\",\"Alemanas en Puebla\",\"Fiscal\u00eda de Puebla\",\"noticias\",\"puebla\",\"seguridad Puebla\"],\"articleSection\":[\"Estatal\"],\"inLanguage\":\"es\",\"potentialAction\":[{\"@type\":\"CommentAction\",\"name\":\"Comment\",\"target\":[\"https:\\\/\\\/grupohoymexico.com\\\/puebla\\\/2025\\\/06\\\/02\\\/detencion-por-abuso-infantil-en-puebla-capturan-a-presunto-agresor-de-menores-alemanas\\\/#respond\"]}]},{\"@type\":\"WebPage\",\"@id\":\"https:\\\/\\\/grupohoymexico.com\\\/puebla\\\/2025\\\/06\\\/02\\\/detencion-por-abuso-infantil-en-puebla-capturan-a-presunto-agresor-de-menores-alemanas\\\/\",\"url\":\"https:\\\/\\\/grupohoymexico.com\\\/puebla\\\/2025\\\/06\\\/02\\\/detencion-por-abuso-infantil-en-puebla-capturan-a-presunto-agresor-de-menores-alemanas\\\/\",\"name\":\"Detenci\u00f3n por abuso infantil en Puebla: capturan a agresor\",\"isPartOf\":{\"@id\":\"https:\\\/\\\/grupohoymexico.com\\\/puebla\\\/#website\"},\"primaryImageOfPage\":{\"@id\":\"https:\\\/\\\/grupohoymexico.com\\\/puebla\\\/2025\\\/06\\\/02\\\/detencion-por-abuso-infantil-en-puebla-capturan-a-presunto-agresor-de-menores-alemanas\\\/#primaryimage\"},\"image\":{\"@id\":\"https:\\\/\\\/grupohoymexico.com\\\/puebla\\\/2025\\\/06\\\/02\\\/detencion-por-abuso-infantil-en-puebla-capturan-a-presunto-agresor-de-menores-alemanas\\\/#primaryimage\"},\"thumbnailUrl\":\"https:\\\/\\\/grupohoymexico.com\\\/puebla\\\/wp-content\\\/uploads\\\/sites\\\/3\\\/2025\\\/06\\\/Capturan-a-agresor-infantil-en-Puebla.jpg\",\"datePublished\":\"2025-06-02T15:17:24+00:00\",\"dateModified\":\"2025-06-02T16:48:13+00:00\",\"author\":{\"@id\":\"https:\\\/\\\/grupohoymexico.com\\\/puebla\\\/#\\\/schema\\\/person\\\/e95b7b8df1e5c291ede743c160292779\"},\"description\":\"La Fiscal\u00eda General del Estado confirm\u00f3 la detenci\u00f3n por abuso infantil en Puebla de un hombre identificado como Alejandro N.\",\"breadcrumb\":{\"@id\":\"https:\\\/\\\/grupohoymexico.com\\\/puebla\\\/2025\\\/06\\\/02\\\/detencion-por-abuso-infantil-en-puebla-capturan-a-presunto-agresor-de-menores-alemanas\\\/#breadcrumb\"},\"inLanguage\":\"es\",\"potentialAction\":[{\"@type\":\"ReadAction\",\"target\":[\"https:\\\/\\\/grupohoymexico.com\\\/puebla\\\/2025\\\/06\\\/02\\\/detencion-por-abuso-infantil-en-puebla-capturan-a-presunto-agresor-de-menores-alemanas\\\/\"]}]},{\"@type\":\"ImageObject\",\"inLanguage\":\"es\",\"@id\":\"https:\\\/\\\/grupohoymexico.com\\\/puebla\\\/2025\\\/06\\\/02\\\/detencion-por-abuso-infantil-en-puebla-capturan-a-presunto-agresor-de-menores-alemanas\\\/#primaryimage\",\"url\":\"https:\\\/\\\/grupohoymexico.com\\\/puebla\\\/wp-content\\\/uploads\\\/sites\\\/3\\\/2025\\\/06\\\/Capturan-a-agresor-infantil-en-Puebla.jpg\",\"contentUrl\":\"https:\\\/\\\/grupohoymexico.com\\\/puebla\\\/wp-content\\\/uploads\\\/sites\\\/3\\\/2025\\\/06\\\/Capturan-a-agresor-infantil-en-Puebla.jpg\",\"width\":1192,\"height\":628,\"caption\":\"Imagen: Arresto Alejandro N. en Puebla Fuente: FreePic\"},{\"@type\":\"BreadcrumbList\",\"@id\":\"https:\\\/\\\/grupohoymexico.com\\\/puebla\\\/2025\\\/06\\\/02\\\/detencion-por-abuso-infantil-en-puebla-capturan-a-presunto-agresor-de-menores-alemanas\\\/#breadcrumb\",\"itemListElement\":[{\"@type\":\"ListItem\",\"position\":1,\"name\":\"Inicio\",\"item\":\"https:\\\/\\\/grupohoymexico.com\\\/puebla\\\/\"},{\"@type\":\"ListItem\",\"position\":2,\"name\":\"Detenci\u00f3n por abuso infantil en Puebla: capturan a presunto agresor de menores alemanas\"}]},{\"@type\":\"WebSite\",\"@id\":\"https:\\\/\\\/grupohoymexico.com\\\/puebla\\\/#website\",\"url\":\"https:\\\/\\\/grupohoymexico.com\\\/puebla\\\/\",\"name\":\"Grupo Hoy Puebla\",\"description\":\"\",\"potentialAction\":[{\"@type\":\"SearchAction\",\"target\":{\"@type\":\"EntryPoint\",\"urlTemplate\":\"https:\\\/\\\/grupohoymexico.com\\\/puebla\\\/?s={search_term_string}\"},\"query-input\":{\"@type\":\"PropertyValueSpecification\",\"valueRequired\":true,\"valueName\":\"search_term_string\"}}],\"inLanguage\":\"es\"},{\"@type\":\"Person\",\"@id\":\"https:\\\/\\\/grupohoymexico.com\\\/puebla\\\/#\\\/schema\\\/person\\\/e95b7b8df1e5c291ede743c160292779\",\"name\":\"eduardo\",\"image\":{\"@type\":\"ImageObject\",\"inLanguage\":\"es\",\"@id\":\"https:\\\/\\\/secure.gravatar.com\\\/avatar\\\/ecdd30dcf3feeb5f57f13840c3daeb08334d3b69de7bb9e067a540c4925a9788?s=96&d=mm&r=g\",\"url\":\"https:\\\/\\\/secure.gravatar.com\\\/avatar\\\/ecdd30dcf3feeb5f57f13840c3daeb08334d3b69de7bb9e067a540c4925a9788?s=96&d=mm&r=g\",\"contentUrl\":\"https:\\\/\\\/secure.gravatar.com\\\/avatar\\\/ecdd30dcf3feeb5f57f13840c3daeb08334d3b69de7bb9e067a540c4925a9788?s=96&d=mm&r=g\",\"caption\":\"eduardo\"},\"url\":\"https:\\\/\\\/grupohoymexico.com\\\/puebla\\\/author\\\/eduardo\\\/\"}]}<\/script>\n<!-- \/ Yoast SEO Premium plugin. -->","yoast_head_json":{"title":"Detenci\u00f3n por abuso infantil en Puebla: capturan a agresor","description":"La Fiscal\u00eda General del Estado confirm\u00f3 la detenci\u00f3n por abuso infantil en Puebla de un hombre identificado como Alejandro N.","robots":{"index":"index","follow":"follow","max-snippet":"max-snippet:-1","max-image-preview":"max-image-preview:large","max-video-preview":"max-video-preview:-1"},"canonical":"https:\/\/grupohoymexico.com\/puebla\/2025\/06\/02\/detencion-por-abuso-infantil-en-puebla-capturan-a-presunto-agresor-de-menores-alemanas\/","og_locale":"es_MX","og_type":"article","og_title":"Detenci\u00f3n por abuso infantil en Puebla: capturan a presunto agresor de menores alemanas","og_description":"La Fiscal\u00eda General del Estado confirm\u00f3 la detenci\u00f3n por abuso infantil en Puebla de un hombre identificado como Alejandro N.","og_url":"https:\/\/grupohoymexico.com\/puebla\/2025\/06\/02\/detencion-por-abuso-infantil-en-puebla-capturan-a-presunto-agresor-de-menores-alemanas\/","og_site_name":"Grupo Hoy Puebla","article_published_time":"2025-06-02T15:17:24+00:00","article_modified_time":"2025-06-02T16:48:13+00:00","og_image":[{"width":1192,"height":628,"url":"https:\/\/grupohoymexico.com\/puebla\/wp-content\/uploads\/sites\/3\/2025\/06\/Capturan-a-agresor-infantil-en-Puebla.jpg","type":"image\/jpeg"}],"author":"eduardo","twitter_card":"summary_large_image","twitter_misc":{"Escrito por":"eduardo","Tiempo de lectura":"3 minutos"},"schema":{"@context":"https:\/\/schema.org","@graph":[{"@type":"Article","@id":"https:\/\/grupohoymexico.com\/puebla\/2025\/06\/02\/detencion-por-abuso-infantil-en-puebla-capturan-a-presunto-agresor-de-menores-alemanas\/#article","isPartOf":{"@id":"https:\/\/grupohoymexico.com\/puebla\/2025\/06\/02\/detencion-por-abuso-infantil-en-puebla-capturan-a-presunto-agresor-de-menores-alemanas\/"},"author":{"name":"eduardo","@id":"https:\/\/grupohoymexico.com\/puebla\/#\/schema\/person\/e95b7b8df1e5c291ede743c160292779"},"headline":"Detenci\u00f3n por abuso infantil en Puebla: capturan a presunto agresor de menores alemanas","datePublished":"2025-06-02T15:17:24+00:00","dateModified":"2025-06-02T16:48:13+00:00","mainEntityOfPage":{"@id":"https:\/\/grupohoymexico.com\/puebla\/2025\/06\/02\/detencion-por-abuso-infantil-en-puebla-capturan-a-presunto-agresor-de-menores-alemanas\/"},"wordCount":438,"commentCount":0,"image":{"@id":"https:\/\/grupohoymexico.com\/puebla\/2025\/06\/02\/detencion-por-abuso-infantil-en-puebla-capturan-a-presunto-agresor-de-menores-alemanas\/#primaryimage"},"thumbnailUrl":"https:\/\/grupohoymexico.com\/puebla\/wp-content\/uploads\/sites\/3\/2025\/06\/Capturan-a-agresor-infantil-en-Puebla.jpg","keywords":["Alejandro N.","Alemanas en Puebla","Fiscal\u00eda de Puebla","noticias","puebla","seguridad Puebla"],"articleSection":["Estatal"],"inLanguage":"es","potentialAction":[{"@type":"CommentAction","name":"Comment","target":["https:\/\/grupohoymexico.com\/puebla\/2025\/06\/02\/detencion-por-abuso-infantil-en-puebla-capturan-a-presunto-agresor-de-menores-alemanas\/#respond"]}]},{"@type":"WebPage","@id":"https:\/\/grupohoymexico.com\/puebla\/2025\/06\/02\/detencion-por-abuso-infantil-en-puebla-capturan-a-presunto-agresor-de-menores-alemanas\/","url":"https:\/\/grupohoymexico.com\/puebla\/2025\/06\/02\/detencion-por-abuso-infantil-en-puebla-capturan-a-presunto-agresor-de-menores-alemanas\/","name":"Detenci\u00f3n por abuso infantil en Puebla: capturan a agresor","isPartOf":{"@id":"https:\/\/grupohoymexico.com\/puebla\/#website"},"primaryImageOfPage":{"@id":"https:\/\/grupohoymexico.com\/puebla\/2025\/06\/02\/detencion-por-abuso-infantil-en-puebla-capturan-a-presunto-agresor-de-menores-alemanas\/#primaryimage"},"image":{"@id":"https:\/\/grupohoymexico.com\/puebla\/2025\/06\/02\/detencion-por-abuso-infantil-en-puebla-capturan-a-presunto-agresor-de-menores-alemanas\/#primaryimage"},"thumbnailUrl":"https:\/\/grupohoymexico.com\/puebla\/wp-content\/uploads\/sites\/3\/2025\/06\/Capturan-a-agresor-infantil-en-Puebla.jpg","datePublished":"2025-06-02T15:17:24+00:00","dateModified":"2025-06-02T16:48:13+00:00","author":{"@id":"https:\/\/grupohoymexico.com\/puebla\/#\/schema\/person\/e95b7b8df1e5c291ede743c160292779"},"description":"La Fiscal\u00eda General del Estado confirm\u00f3 la detenci\u00f3n por abuso infantil en Puebla de un hombre identificado como Alejandro N.","breadcrumb":{"@id":"https:\/\/grupohoymexico.com\/puebla\/2025\/06\/02\/detencion-por-abuso-infantil-en-puebla-capturan-a-presunto-agresor-de-menores-alemanas\/#breadcrumb"},"inLanguage":"es","potentialAction":[{"@type":"ReadAction","target":["https:\/\/grupohoymexico.com\/puebla\/2025\/06\/02\/detencion-por-abuso-infantil-en-puebla-capturan-a-presunto-agresor-de-menores-alemanas\/"]}]},{"@type":"ImageObject","inLanguage":"es","@id":"https:\/\/grupohoymexico.com\/puebla\/2025\/06\/02\/detencion-por-abuso-infantil-en-puebla-capturan-a-presunto-agresor-de-menores-alemanas\/#primaryimage","url":"https:\/\/grupohoymexico.com\/puebla\/wp-content\/uploads\/sites\/3\/2025\/06\/Capturan-a-agresor-infantil-en-Puebla.jpg","contentUrl":"https:\/\/grupohoymexico.com\/puebla\/wp-content\/uploads\/sites\/3\/2025\/06\/Capturan-a-agresor-infantil-en-Puebla.jpg","width":1192,"height":628,"caption":"Imagen: Arresto Alejandro N. en Puebla Fuente: FreePic"},{"@type":"BreadcrumbList","@id":"https:\/\/grupohoymexico.com\/puebla\/2025\/06\/02\/detencion-por-abuso-infantil-en-puebla-capturan-a-presunto-agresor-de-menores-alemanas\/#breadcrumb","itemListElement":[{"@type":"ListItem","position":1,"name":"Inicio","item":"https:\/\/grupohoymexico.com\/puebla\/"},{"@type":"ListItem","position":2,"name":"Detenci\u00f3n por abuso infantil en Puebla: capturan a presunto agresor de menores alemanas"}]},{"@type":"WebSite","@id":"https:\/\/grupohoymexico.com\/puebla\/#website","url":"https:\/\/grupohoymexico.com\/puebla\/","name":"Grupo Hoy Puebla","description":"","potentialAction":[{"@type":"SearchAction","target":{"@type":"EntryPoint","urlTemplate":"https:\/\/grupohoymexico.com\/puebla\/?s={search_term_string}"},"query-input":{"@type":"PropertyValueSpecification","valueRequired":true,"valueName":"search_term_string"}}],"inLanguage":"es"},{"@type":"Person","@id":"https:\/\/grupohoymexico.com\/puebla\/#\/schema\/person\/e95b7b8df1e5c291ede743c160292779","name":"eduardo","image":{"@type":"ImageObject","inLanguage":"es","@id":"https:\/\/secure.gravatar.com\/avatar\/ecdd30dcf3feeb5f57f13840c3daeb08334d3b69de7bb9e067a540c4925a9788?s=96&d=mm&r=g","url":"https:\/\/secure.gravatar.com\/avatar\/ecdd30dcf3feeb5f57f13840c3daeb08334d3b69de7bb9e067a540c4925a9788?s=96&d=mm&r=g","contentUrl":"https:\/\/secure.gravatar.com\/avatar\/ecdd30dcf3feeb5f57f13840c3daeb08334d3b69de7bb9e067a540c4925a9788?s=96&d=mm&r=g","caption":"eduardo"},"url":"https:\/\/grupohoymexico.com\/puebla\/author\/eduardo\/"}]}},"_links":{"self":[{"href":"https:\/\/grupohoymexico.com\/puebla\/wp-json\/wp\/v2\/posts\/75181","targetHints":{"allow":["GET"]}}],"collection":[{"href":"https:\/\/grupohoymexico.com\/puebla\/wp-json\/wp\/v2\/posts"}],"about":[{"href":"https:\/\/grupohoymexico.com\/puebla\/wp-json\/wp\/v2\/types\/post"}],"author":[{"embeddable":true,"href":"https:\/\/grupohoymexico.com\/puebla\/wp-json\/wp\/v2\/users\/30"}],"replies":[{"embeddable":true,"href":"https:\/\/grupohoymexico.com\/puebla\/wp-json\/wp\/v2\/comments?post=75181"}],"version-history":[{"count":2,"href":"https:\/\/grupohoymexico.com\/puebla\/wp-json\/wp\/v2\/posts\/75181\/revisions"}],"predecessor-version":[{"id":75194,"href":"https:\/\/grupohoymexico.com\/puebla\/wp-json\/wp\/v2\/posts\/75181\/revisions\/75194"}],"wp:featuredmedia":[{"embeddable":true,"href":"https:\/\/grupohoymexico.com\/puebla\/wp-json\/wp\/v2\/media\/75183"}],"wp:attachment":[{"href":"https:\/\/grupohoymexico.com\/puebla\/wp-json\/wp\/v2\/media?parent=75181"}],"wp:term":[{"taxonomy":"category","embeddable":true,"href":"https:\/\/grupohoymexico.com\/puebla\/wp-json\/wp\/v2\/categories?post=75181"},{"taxonomy":"post_tag","embeddable":true,"href":"https:\/\/grupohoymexico.com\/puebla\/wp-json\/wp\/v2\/tags?post=75181"}],"curies":[{"name":"wp","href":"https:\/\/api.w.org\/{rel}","templated":true}]}}