{"id":75177,"date":"2025-06-02T06:35:22","date_gmt":"2025-06-02T06:35:22","guid":{"rendered":"https:\/\/grupohoymexico.com\/puebla\/?p=75177"},"modified":"2025-06-02T06:35:22","modified_gmt":"2025-06-02T06:35:22","slug":"juez-ratifica-22-anos-de-prision-contra-saul-huerta","status":"publish","type":"post","link":"https:\/\/grupohoymexico.com\/puebla\/2025\/06\/02\/juez-ratifica-22-anos-de-prision-contra-saul-huerta\/","title":{"rendered":"Juez ratifica 22 a\u00f1os de prisi\u00f3n contra Sa\u00fal Huerta"},"content":{"rendered":"\n<p>El exdiputado federal por Morena, <strong>Benjam\u00edn Sa\u00fal Huerta<\/strong>, pasar\u00e1 22 a\u00f1os en prisi\u00f3n tras ser declarado culpable del <strong>delito de violaci\u00f3n<\/strong> en agravio de un menor de edad en el estado de Puebla. <\/p>\n\n\n\n<p>El fallo fue confirmado por el <strong>Cuarto Tribunal del Alzada Colegiado de lo Penal del Tribunal Superior de Justicia del Estado de Puebla<\/strong>. La sentencia original se dio a conocer en febrero de 2024, ante la cual interpuso un <a href=\"https:\/\/grupohoymexico.com\/puebla\/2025\/06\/02\/trascendido-garganta-no-tan-profunda-1-de-junio-del-2025\/\" target=\"_blank\" rel=\"noreferrer noopener\">amparo<\/a>.<\/p>\n\n\n\n<p>Con la apelaci\u00f3n busc\u00f3 reducir su condena, sin embargo, fue rechazado por las autoridades judiciales. La resoluci\u00f3n ratifica la pena impuesta por el Tribunal de Enjuiciamiento, que adem\u00e1s de los <a href=\"https:\/\/grupohoymexico.com\/puebla\/2025\/06\/01\/criminales-realizan-asalto-multiple-en-al-menos-tres-casas-de-la-calera\/\" target=\"_blank\" rel=\"noreferrer noopener\">a\u00f1os en prisi\u00f3n<\/a> estipulaba una multa equivalente a 325 veces la Unidad de Medida y Actualizaci\u00f3n (UMA).<\/p>\n\n\n\n<p>El tribunal determin\u00f3 que <strong>Sa\u00fal Huerta <\/strong>cumplir\u00e1 su condena por el delito de violaci\u00f3n en el centro penitenciario que designe el juez de ejecuci\u00f3n competente. No contar\u00e1 con el beneficio de reducci\u00f3n por el tiempo que permaneci\u00f3 en <strong>prisi\u00f3n preventiva<\/strong>.<\/p>\n\n\n\n<p>La informaci\u00f3n fue difundida por el despacho jur\u00eddico Bearr, el cual indic\u00f3 en un comunicado que la sentencia ya no es objeto de modificaci\u00f3n tras la negativa al recurso interpuesto por la <a href=\"https:\/\/grupohoymexico.com\/puebla\/2025\/06\/01\/alejandro-armenta-participa-en-las-ineditas-votaciones-del-poder-judicial\/\" target=\"_blank\" rel=\"noreferrer noopener\">defensa del exlegislador<\/a>.<\/p>\n\n\n\n<p>Sa\u00fal Huerta fue detenido en 2021 y enfrent\u00f3 un proceso judicial por abuso sexual contra menores. El caso gener\u00f3 atenci\u00f3n medi\u00e1tica y pol\u00edtica debido a su entonces posici\u00f3n como legislador federal. Con esta resoluci\u00f3n se reafirma la responsabilidad penal del exlegislador.<\/p>\n","protected":false},"excerpt":{"rendered":"El exdiputado federal por Morena, Benjam\u00edn Sa\u00fal Huerta, pasar\u00e1 22 a\u00f1os en prisi\u00f3n tras ser declarado culpable del&hellip;","protected":false},"author":15,"featured_media":75179,"comment_status":"open","ping_status":"open","sticky":false,"template":"","format":"standard","meta":{"csco_display_header_overlay":false,"csco_singular_sidebar":"","csco_page_header_type":"","csco_page_load_nextpost":"","csco_post_video_location":[],"csco_post_video_location_hash":"","csco_post_video_url":"","csco_post_video_bg_start_time":0,"csco_post_video_bg_end_time":0,"footnotes":""},"categories":[29],"tags":[1156,1155,1157],"class_list":{"0":"post-75177","1":"post","2":"type-post","3":"status-publish","4":"format-standard","5":"has-post-thumbnail","7":"category-estatal","8":"tag-exdiputado-de-morena","9":"tag-saul-huerta","10":"tag-violacion","11":"cs-entry","12":"cs-video-wrap"},"yoast_head":"<!-- This site is optimized with the Yoast SEO Premium plugin v24.7 (Yoast SEO v27.4) - https:\/\/yoast.com\/product\/yoast-seo-premium-wordpress\/ -->\n<title>Juez ratifica 22 a\u00f1os de prisi\u00f3n contra Sa\u00fal Huerta - Grupo Hoy Puebla<\/title>\n<meta name=\"description\" content=\"Juez ratifica que el exdiputado de Morena, Benjam\u00edn Sa\u00fal Huerta, deber\u00e1 pasar 22 a\u00f1os de prisi\u00f3n por el delito de violaci\u00f3n.\" \/>\n<meta name=\"robots\" content=\"index, follow, max-snippet:-1, max-image-preview:large, max-video-preview:-1\" \/>\n<link rel=\"canonical\" href=\"https:\/\/grupohoymexico.com\/puebla\/2025\/06\/02\/juez-ratifica-22-anos-de-prision-contra-saul-huerta\/\" \/>\n<meta property=\"og:locale\" content=\"es_MX\" \/>\n<meta property=\"og:type\" content=\"article\" \/>\n<meta property=\"og:title\" content=\"Juez ratifica 22 a\u00f1os de prisi\u00f3n contra Sa\u00fal Huerta\" \/>\n<meta property=\"og:description\" content=\"Juez ratifica que el exdiputado de Morena, Benjam\u00edn Sa\u00fal Huerta, deber\u00e1 pasar 22 a\u00f1os de prisi\u00f3n por el delito de violaci\u00f3n.\" \/>\n<meta property=\"og:url\" content=\"https:\/\/grupohoymexico.com\/puebla\/2025\/06\/02\/juez-ratifica-22-anos-de-prision-contra-saul-huerta\/\" \/>\n<meta property=\"og:site_name\" content=\"Grupo Hoy Puebla\" \/>\n<meta property=\"article:published_time\" content=\"2025-06-02T06:35:22+00:00\" \/>\n<meta property=\"og:image\" content=\"https:\/\/grupohoymexico.com\/puebla\/wp-content\/uploads\/sites\/3\/2025\/06\/saul_huerta_violacion_22_anos_prision.jpg\" \/>\n\t<meta property=\"og:image:width\" content=\"1200\" \/>\n\t<meta property=\"og:image:height\" content=\"638\" \/>\n\t<meta property=\"og:image:type\" content=\"image\/jpeg\" \/>\n<meta name=\"author\" content=\"nestor\" \/>\n<meta name=\"twitter:card\" content=\"summary_large_image\" \/>\n<meta name=\"twitter:label1\" content=\"Escrito por\" \/>\n\t<meta name=\"twitter:data1\" content=\"nestor\" \/>\n\t<meta name=\"twitter:label2\" content=\"Tiempo de lectura\" \/>\n\t<meta name=\"twitter:data2\" content=\"2 minutos\" \/>\n<script type=\"application\/ld+json\" class=\"yoast-schema-graph\">{\"@context\":\"https:\\\/\\\/schema.org\",\"@graph\":[{\"@type\":\"Article\",\"@id\":\"https:\\\/\\\/grupohoymexico.com\\\/puebla\\\/2025\\\/06\\\/02\\\/juez-ratifica-22-anos-de-prision-contra-saul-huerta\\\/#article\",\"isPartOf\":{\"@id\":\"https:\\\/\\\/grupohoymexico.com\\\/puebla\\\/2025\\\/06\\\/02\\\/juez-ratifica-22-anos-de-prision-contra-saul-huerta\\\/\"},\"author\":{\"name\":\"nestor\",\"@id\":\"https:\\\/\\\/grupohoymexico.com\\\/puebla\\\/#\\\/schema\\\/person\\\/8201f3fa49669f346d08e15801e0ebc2\"},\"headline\":\"Juez ratifica 22 a\u00f1os de prisi\u00f3n contra Sa\u00fal Huerta\",\"datePublished\":\"2025-06-02T06:35:22+00:00\",\"mainEntityOfPage\":{\"@id\":\"https:\\\/\\\/grupohoymexico.com\\\/puebla\\\/2025\\\/06\\\/02\\\/juez-ratifica-22-anos-de-prision-contra-saul-huerta\\\/\"},\"wordCount\":268,\"commentCount\":0,\"image\":{\"@id\":\"https:\\\/\\\/grupohoymexico.com\\\/puebla\\\/2025\\\/06\\\/02\\\/juez-ratifica-22-anos-de-prision-contra-saul-huerta\\\/#primaryimage\"},\"thumbnailUrl\":\"https:\\\/\\\/grupohoymexico.com\\\/puebla\\\/wp-content\\\/uploads\\\/sites\\\/3\\\/2025\\\/06\\\/saul_huerta_violacion_22_anos_prision.jpg\",\"keywords\":[\"Exdiputado de Morena\",\"Sa\u00fal Huerta\",\"Violaci\u00f3n\"],\"articleSection\":[\"Estatal\"],\"inLanguage\":\"es\",\"potentialAction\":[{\"@type\":\"CommentAction\",\"name\":\"Comment\",\"target\":[\"https:\\\/\\\/grupohoymexico.com\\\/puebla\\\/2025\\\/06\\\/02\\\/juez-ratifica-22-anos-de-prision-contra-saul-huerta\\\/#respond\"]}]},{\"@type\":\"WebPage\",\"@id\":\"https:\\\/\\\/grupohoymexico.com\\\/puebla\\\/2025\\\/06\\\/02\\\/juez-ratifica-22-anos-de-prision-contra-saul-huerta\\\/\",\"url\":\"https:\\\/\\\/grupohoymexico.com\\\/puebla\\\/2025\\\/06\\\/02\\\/juez-ratifica-22-anos-de-prision-contra-saul-huerta\\\/\",\"name\":\"Juez ratifica 22 a\u00f1os de prisi\u00f3n contra Sa\u00fal Huerta - Grupo Hoy Puebla\",\"isPartOf\":{\"@id\":\"https:\\\/\\\/grupohoymexico.com\\\/puebla\\\/#website\"},\"primaryImageOfPage\":{\"@id\":\"https:\\\/\\\/grupohoymexico.com\\\/puebla\\\/2025\\\/06\\\/02\\\/juez-ratifica-22-anos-de-prision-contra-saul-huerta\\\/#primaryimage\"},\"image\":{\"@id\":\"https:\\\/\\\/grupohoymexico.com\\\/puebla\\\/2025\\\/06\\\/02\\\/juez-ratifica-22-anos-de-prision-contra-saul-huerta\\\/#primaryimage\"},\"thumbnailUrl\":\"https:\\\/\\\/grupohoymexico.com\\\/puebla\\\/wp-content\\\/uploads\\\/sites\\\/3\\\/2025\\\/06\\\/saul_huerta_violacion_22_anos_prision.jpg\",\"datePublished\":\"2025-06-02T06:35:22+00:00\",\"author\":{\"@id\":\"https:\\\/\\\/grupohoymexico.com\\\/puebla\\\/#\\\/schema\\\/person\\\/8201f3fa49669f346d08e15801e0ebc2\"},\"description\":\"Juez ratifica que el exdiputado de Morena, Benjam\u00edn Sa\u00fal Huerta, deber\u00e1 pasar 22 a\u00f1os de prisi\u00f3n por el delito de violaci\u00f3n.\",\"breadcrumb\":{\"@id\":\"https:\\\/\\\/grupohoymexico.com\\\/puebla\\\/2025\\\/06\\\/02\\\/juez-ratifica-22-anos-de-prision-contra-saul-huerta\\\/#breadcrumb\"},\"inLanguage\":\"es\",\"potentialAction\":[{\"@type\":\"ReadAction\",\"target\":[\"https:\\\/\\\/grupohoymexico.com\\\/puebla\\\/2025\\\/06\\\/02\\\/juez-ratifica-22-anos-de-prision-contra-saul-huerta\\\/\"]}]},{\"@type\":\"ImageObject\",\"inLanguage\":\"es\",\"@id\":\"https:\\\/\\\/grupohoymexico.com\\\/puebla\\\/2025\\\/06\\\/02\\\/juez-ratifica-22-anos-de-prision-contra-saul-huerta\\\/#primaryimage\",\"url\":\"https:\\\/\\\/grupohoymexico.com\\\/puebla\\\/wp-content\\\/uploads\\\/sites\\\/3\\\/2025\\\/06\\\/saul_huerta_violacion_22_anos_prision.jpg\",\"contentUrl\":\"https:\\\/\\\/grupohoymexico.com\\\/puebla\\\/wp-content\\\/uploads\\\/sites\\\/3\\\/2025\\\/06\\\/saul_huerta_violacion_22_anos_prision.jpg\",\"width\":1200,\"height\":638,\"caption\":\"Un juez ratific\u00f3 que el exdiputado de Morena, Sa\u00fal Huerta, deber\u00e1 pasar 22 a\u00f1os de prisi\u00f3n. Foto: Captura Youtube\"},{\"@type\":\"BreadcrumbList\",\"@id\":\"https:\\\/\\\/grupohoymexico.com\\\/puebla\\\/2025\\\/06\\\/02\\\/juez-ratifica-22-anos-de-prision-contra-saul-huerta\\\/#breadcrumb\",\"itemListElement\":[{\"@type\":\"ListItem\",\"position\":1,\"name\":\"Inicio\",\"item\":\"https:\\\/\\\/grupohoymexico.com\\\/puebla\\\/\"},{\"@type\":\"ListItem\",\"position\":2,\"name\":\"Juez ratifica 22 a\u00f1os de prisi\u00f3n contra Sa\u00fal Huerta\"}]},{\"@type\":\"WebSite\",\"@id\":\"https:\\\/\\\/grupohoymexico.com\\\/puebla\\\/#website\",\"url\":\"https:\\\/\\\/grupohoymexico.com\\\/puebla\\\/\",\"name\":\"Grupo Hoy Puebla\",\"description\":\"\",\"potentialAction\":[{\"@type\":\"SearchAction\",\"target\":{\"@type\":\"EntryPoint\",\"urlTemplate\":\"https:\\\/\\\/grupohoymexico.com\\\/puebla\\\/?s={search_term_string}\"},\"query-input\":{\"@type\":\"PropertyValueSpecification\",\"valueRequired\":true,\"valueName\":\"search_term_string\"}}],\"inLanguage\":\"es\"},{\"@type\":\"Person\",\"@id\":\"https:\\\/\\\/grupohoymexico.com\\\/puebla\\\/#\\\/schema\\\/person\\\/8201f3fa49669f346d08e15801e0ebc2\",\"name\":\"nestor\",\"image\":{\"@type\":\"ImageObject\",\"inLanguage\":\"es\",\"@id\":\"https:\\\/\\\/secure.gravatar.com\\\/avatar\\\/6675a6d9279ab1d8e7b7c55956d0013492fdc51e007e555bc58e5e0eac33d094?s=96&d=mm&r=g\",\"url\":\"https:\\\/\\\/secure.gravatar.com\\\/avatar\\\/6675a6d9279ab1d8e7b7c55956d0013492fdc51e007e555bc58e5e0eac33d094?s=96&d=mm&r=g\",\"contentUrl\":\"https:\\\/\\\/secure.gravatar.com\\\/avatar\\\/6675a6d9279ab1d8e7b7c55956d0013492fdc51e007e555bc58e5e0eac33d094?s=96&d=mm&r=g\",\"caption\":\"nestor\"},\"url\":\"https:\\\/\\\/grupohoymexico.com\\\/puebla\\\/author\\\/nestor\\\/\"}]}<\/script>\n<!-- \/ Yoast SEO Premium plugin. -->","yoast_head_json":{"title":"Juez ratifica 22 a\u00f1os de prisi\u00f3n contra Sa\u00fal Huerta - Grupo Hoy Puebla","description":"Juez ratifica que el exdiputado de Morena, Benjam\u00edn Sa\u00fal Huerta, deber\u00e1 pasar 22 a\u00f1os de prisi\u00f3n por el delito de violaci\u00f3n.","robots":{"index":"index","follow":"follow","max-snippet":"max-snippet:-1","max-image-preview":"max-image-preview:large","max-video-preview":"max-video-preview:-1"},"canonical":"https:\/\/grupohoymexico.com\/puebla\/2025\/06\/02\/juez-ratifica-22-anos-de-prision-contra-saul-huerta\/","og_locale":"es_MX","og_type":"article","og_title":"Juez ratifica 22 a\u00f1os de prisi\u00f3n contra Sa\u00fal Huerta","og_description":"Juez ratifica que el exdiputado de Morena, Benjam\u00edn Sa\u00fal Huerta, deber\u00e1 pasar 22 a\u00f1os de prisi\u00f3n por el delito de violaci\u00f3n.","og_url":"https:\/\/grupohoymexico.com\/puebla\/2025\/06\/02\/juez-ratifica-22-anos-de-prision-contra-saul-huerta\/","og_site_name":"Grupo Hoy Puebla","article_published_time":"2025-06-02T06:35:22+00:00","og_image":[{"width":1200,"height":638,"url":"https:\/\/grupohoymexico.com\/puebla\/wp-content\/uploads\/sites\/3\/2025\/06\/saul_huerta_violacion_22_anos_prision.jpg","type":"image\/jpeg"}],"author":"nestor","twitter_card":"summary_large_image","twitter_misc":{"Escrito por":"nestor","Tiempo de lectura":"2 minutos"},"schema":{"@context":"https:\/\/schema.org","@graph":[{"@type":"Article","@id":"https:\/\/grupohoymexico.com\/puebla\/2025\/06\/02\/juez-ratifica-22-anos-de-prision-contra-saul-huerta\/#article","isPartOf":{"@id":"https:\/\/grupohoymexico.com\/puebla\/2025\/06\/02\/juez-ratifica-22-anos-de-prision-contra-saul-huerta\/"},"author":{"name":"nestor","@id":"https:\/\/grupohoymexico.com\/puebla\/#\/schema\/person\/8201f3fa49669f346d08e15801e0ebc2"},"headline":"Juez ratifica 22 a\u00f1os de prisi\u00f3n contra Sa\u00fal Huerta","datePublished":"2025-06-02T06:35:22+00:00","mainEntityOfPage":{"@id":"https:\/\/grupohoymexico.com\/puebla\/2025\/06\/02\/juez-ratifica-22-anos-de-prision-contra-saul-huerta\/"},"wordCount":268,"commentCount":0,"image":{"@id":"https:\/\/grupohoymexico.com\/puebla\/2025\/06\/02\/juez-ratifica-22-anos-de-prision-contra-saul-huerta\/#primaryimage"},"thumbnailUrl":"https:\/\/grupohoymexico.com\/puebla\/wp-content\/uploads\/sites\/3\/2025\/06\/saul_huerta_violacion_22_anos_prision.jpg","keywords":["Exdiputado de Morena","Sa\u00fal Huerta","Violaci\u00f3n"],"articleSection":["Estatal"],"inLanguage":"es","potentialAction":[{"@type":"CommentAction","name":"Comment","target":["https:\/\/grupohoymexico.com\/puebla\/2025\/06\/02\/juez-ratifica-22-anos-de-prision-contra-saul-huerta\/#respond"]}]},{"@type":"WebPage","@id":"https:\/\/grupohoymexico.com\/puebla\/2025\/06\/02\/juez-ratifica-22-anos-de-prision-contra-saul-huerta\/","url":"https:\/\/grupohoymexico.com\/puebla\/2025\/06\/02\/juez-ratifica-22-anos-de-prision-contra-saul-huerta\/","name":"Juez ratifica 22 a\u00f1os de prisi\u00f3n contra Sa\u00fal Huerta - Grupo Hoy Puebla","isPartOf":{"@id":"https:\/\/grupohoymexico.com\/puebla\/#website"},"primaryImageOfPage":{"@id":"https:\/\/grupohoymexico.com\/puebla\/2025\/06\/02\/juez-ratifica-22-anos-de-prision-contra-saul-huerta\/#primaryimage"},"image":{"@id":"https:\/\/grupohoymexico.com\/puebla\/2025\/06\/02\/juez-ratifica-22-anos-de-prision-contra-saul-huerta\/#primaryimage"},"thumbnailUrl":"https:\/\/grupohoymexico.com\/puebla\/wp-content\/uploads\/sites\/3\/2025\/06\/saul_huerta_violacion_22_anos_prision.jpg","datePublished":"2025-06-02T06:35:22+00:00","author":{"@id":"https:\/\/grupohoymexico.com\/puebla\/#\/schema\/person\/8201f3fa49669f346d08e15801e0ebc2"},"description":"Juez ratifica que el exdiputado de Morena, Benjam\u00edn Sa\u00fal Huerta, deber\u00e1 pasar 22 a\u00f1os de prisi\u00f3n por el delito de violaci\u00f3n.","breadcrumb":{"@id":"https:\/\/grupohoymexico.com\/puebla\/2025\/06\/02\/juez-ratifica-22-anos-de-prision-contra-saul-huerta\/#breadcrumb"},"inLanguage":"es","potentialAction":[{"@type":"ReadAction","target":["https:\/\/grupohoymexico.com\/puebla\/2025\/06\/02\/juez-ratifica-22-anos-de-prision-contra-saul-huerta\/"]}]},{"@type":"ImageObject","inLanguage":"es","@id":"https:\/\/grupohoymexico.com\/puebla\/2025\/06\/02\/juez-ratifica-22-anos-de-prision-contra-saul-huerta\/#primaryimage","url":"https:\/\/grupohoymexico.com\/puebla\/wp-content\/uploads\/sites\/3\/2025\/06\/saul_huerta_violacion_22_anos_prision.jpg","contentUrl":"https:\/\/grupohoymexico.com\/puebla\/wp-content\/uploads\/sites\/3\/2025\/06\/saul_huerta_violacion_22_anos_prision.jpg","width":1200,"height":638,"caption":"Un juez ratific\u00f3 que el exdiputado de Morena, Sa\u00fal Huerta, deber\u00e1 pasar 22 a\u00f1os de prisi\u00f3n. Foto: Captura Youtube"},{"@type":"BreadcrumbList","@id":"https:\/\/grupohoymexico.com\/puebla\/2025\/06\/02\/juez-ratifica-22-anos-de-prision-contra-saul-huerta\/#breadcrumb","itemListElement":[{"@type":"ListItem","position":1,"name":"Inicio","item":"https:\/\/grupohoymexico.com\/puebla\/"},{"@type":"ListItem","position":2,"name":"Juez ratifica 22 a\u00f1os de prisi\u00f3n contra Sa\u00fal Huerta"}]},{"@type":"WebSite","@id":"https:\/\/grupohoymexico.com\/puebla\/#website","url":"https:\/\/grupohoymexico.com\/puebla\/","name":"Grupo Hoy Puebla","description":"","potentialAction":[{"@type":"SearchAction","target":{"@type":"EntryPoint","urlTemplate":"https:\/\/grupohoymexico.com\/puebla\/?s={search_term_string}"},"query-input":{"@type":"PropertyValueSpecification","valueRequired":true,"valueName":"search_term_string"}}],"inLanguage":"es"},{"@type":"Person","@id":"https:\/\/grupohoymexico.com\/puebla\/#\/schema\/person\/8201f3fa49669f346d08e15801e0ebc2","name":"nestor","image":{"@type":"ImageObject","inLanguage":"es","@id":"https:\/\/secure.gravatar.com\/avatar\/6675a6d9279ab1d8e7b7c55956d0013492fdc51e007e555bc58e5e0eac33d094?s=96&d=mm&r=g","url":"https:\/\/secure.gravatar.com\/avatar\/6675a6d9279ab1d8e7b7c55956d0013492fdc51e007e555bc58e5e0eac33d094?s=96&d=mm&r=g","contentUrl":"https:\/\/secure.gravatar.com\/avatar\/6675a6d9279ab1d8e7b7c55956d0013492fdc51e007e555bc58e5e0eac33d094?s=96&d=mm&r=g","caption":"nestor"},"url":"https:\/\/grupohoymexico.com\/puebla\/author\/nestor\/"}]}},"_links":{"self":[{"href":"https:\/\/grupohoymexico.com\/puebla\/wp-json\/wp\/v2\/posts\/75177","targetHints":{"allow":["GET"]}}],"collection":[{"href":"https:\/\/grupohoymexico.com\/puebla\/wp-json\/wp\/v2\/posts"}],"about":[{"href":"https:\/\/grupohoymexico.com\/puebla\/wp-json\/wp\/v2\/types\/post"}],"author":[{"embeddable":true,"href":"https:\/\/grupohoymexico.com\/puebla\/wp-json\/wp\/v2\/users\/15"}],"replies":[{"embeddable":true,"href":"https:\/\/grupohoymexico.com\/puebla\/wp-json\/wp\/v2\/comments?post=75177"}],"version-history":[{"count":2,"href":"https:\/\/grupohoymexico.com\/puebla\/wp-json\/wp\/v2\/posts\/75177\/revisions"}],"predecessor-version":[{"id":75180,"href":"https:\/\/grupohoymexico.com\/puebla\/wp-json\/wp\/v2\/posts\/75177\/revisions\/75180"}],"wp:featuredmedia":[{"embeddable":true,"href":"https:\/\/grupohoymexico.com\/puebla\/wp-json\/wp\/v2\/media\/75179"}],"wp:attachment":[{"href":"https:\/\/grupohoymexico.com\/puebla\/wp-json\/wp\/v2\/media?parent=75177"}],"wp:term":[{"taxonomy":"category","embeddable":true,"href":"https:\/\/grupohoymexico.com\/puebla\/wp-json\/wp\/v2\/categories?post=75177"},{"taxonomy":"post_tag","embeddable":true,"href":"https:\/\/grupohoymexico.com\/puebla\/wp-json\/wp\/v2\/tags?post=75177"}],"curies":[{"name":"wp","href":"https:\/\/api.w.org\/{rel}","templated":true}]}}