{"id":75169,"date":"2025-06-01T20:21:31","date_gmt":"2025-06-01T20:21:31","guid":{"rendered":"https:\/\/grupohoymexico.com\/puebla\/?p=75169"},"modified":"2025-06-01T20:22:00","modified_gmt":"2025-06-01T20:22:00","slug":"criminales-realizan-asalto-multiple-en-al-menos-tres-casas-de-la-calera","status":"publish","type":"post","link":"https:\/\/grupohoymexico.com\/puebla\/2025\/06\/01\/criminales-realizan-asalto-multiple-en-al-menos-tres-casas-de-la-calera\/","title":{"rendered":"Criminales realizan asalto m\u00faltiple en al menos tres casas de La Calera"},"content":{"rendered":"\n<p>Al menos <strong>tres casas de La Calera<\/strong>, en <strong>Puebla<\/strong>, fueron el objetivo de un asalto m\u00faltiple realizado la madrugada del s\u00e1bado 31 de mayo. En los cr\u00edmenes se reportaron personas lesionadas que ya se encuentran en el hospital.<\/p>\n\n\n\n<p>De acuerdo con reportes oficiales, un grupo de <a href=\"https:\/\/grupohoymexico.com\/puebla\/2025\/05\/30\/bloqueo-autopista-mexico-puebla-pobladores-de-xoxtla-reabren-paso-tras-seis-horas\/\" target=\"_blank\" rel=\"noreferrer noopener\">personas armadas<\/a> ingres\u00f3 al fraccionamiento alrededor de las 3:00 horas. El grupo se movilizaba en dos veh\u00edculos: un <strong>Volkswagen Jetta <\/strong>y un <strong>Mercedes Benz<\/strong>. <\/p>\n\n\n\n<p>C\u00e1maras de videovigilancia captaron el momento en que los autom\u00f3viles accedieron a la <strong>Prolongaci\u00f3n de la Avenida Hispano Suiza<\/strong>, punto donde se encuentran los domicilios afectados.<\/p>\n\n\n\n<p>Los criminales descendieron con armas largas y, seg\u00fan testimonios, se dirigieron directamente a las tres casas de la zona de La Calera. Forzaron el acceso utilizando herramientas para romper cadenas, candados y cerraduras.<\/p>\n\n\n\n<p>Entre las personas afectadas con violencia f\u00edsica se encuentran un comerciante, un exdirector escolar jubilado y un <a href=\"https:\/\/grupohoymexico.com\/puebla\/2025\/06\/01\/en-que-estados-el-salario-rinde-mas-asi-lo-revela-el-semaforo-estatal-de-pobreza-laboral-2025\/\" target=\"_blank\" rel=\"noreferrer noopener\">empresario proveedor de insumos<\/a>. Algunos de ellos fueron hospitalizados debido a las lesiones sufridas.<\/p>\n\n\n\n<p>Vecinos de las casas afectadas en La Calera acudieron a brindar auxilio y compartieron con las autoridades grabaciones de sus sistemas de seguridad. En los videos se observa el ingreso de los veh\u00edculos involucrados y parte de la acci\u00f3n de los agresores.<\/p>\n\n\n\n<p>La <strong>Fiscal\u00eda General del Estado<\/strong> abri\u00f3 una carpeta de investigaci\u00f3n y actualmente analiza las im\u00e1genes proporcionadas con el objetivo de identificar y localizar a los responsables del incidente.<\/p>\n","protected":false},"excerpt":{"rendered":"Al menos tres casas de La Calera, en Puebla, fueron el objetivo de un asalto m\u00faltiple realizado la&hellip;","protected":false},"author":15,"featured_media":75172,"comment_status":"open","ping_status":"open","sticky":false,"template":"","format":"standard","meta":{"csco_display_header_overlay":false,"csco_singular_sidebar":"","csco_page_header_type":"","csco_page_load_nextpost":"","csco_post_video_location":[],"csco_post_video_location_hash":"","csco_post_video_url":"","csco_post_video_bg_start_time":0,"csco_post_video_bg_end_time":0,"footnotes":""},"categories":[29],"tags":[1153,911,1152,40],"class_list":{"0":"post-75169","1":"post","2":"type-post","3":"status-publish","4":"format-standard","5":"has-post-thumbnail","7":"category-estatal","8":"tag-asalto-a-casa-habitacional","9":"tag-incidencia-delictiva","10":"tag-la-calera","11":"tag-puebla","12":"cs-entry","13":"cs-video-wrap"},"yoast_head":"<!-- This site is optimized with the Yoast SEO Premium plugin v24.7 (Yoast SEO v27.4) - https:\/\/yoast.com\/product\/yoast-seo-premium-wordpress\/ -->\n<title>Criminales realizan asalto m\u00faltiple en casas de La Calera - Grupo Hoy Puebla<\/title>\n<meta name=\"description\" content=\"C\u00e1maras de video vigilancia captaron los momentos en que criminales realizaron un asalto m\u00faltiple en al menos tres casas de La Calera.\" \/>\n<meta name=\"robots\" content=\"index, follow, max-snippet:-1, max-image-preview:large, max-video-preview:-1\" \/>\n<link rel=\"canonical\" href=\"https:\/\/grupohoymexico.com\/puebla\/2025\/06\/01\/criminales-realizan-asalto-multiple-en-al-menos-tres-casas-de-la-calera\/\" \/>\n<meta property=\"og:locale\" content=\"es_MX\" \/>\n<meta property=\"og:type\" content=\"article\" \/>\n<meta property=\"og:title\" content=\"Criminales realizan asalto m\u00faltiple en al menos tres casas de La Calera\" \/>\n<meta property=\"og:description\" content=\"C\u00e1maras de video vigilancia captaron los momentos en que criminales realizaron un asalto m\u00faltiple en al menos tres casas de La Calera.\" \/>\n<meta property=\"og:url\" content=\"https:\/\/grupohoymexico.com\/puebla\/2025\/06\/01\/criminales-realizan-asalto-multiple-en-al-menos-tres-casas-de-la-calera\/\" \/>\n<meta property=\"og:site_name\" content=\"Grupo Hoy Puebla\" \/>\n<meta property=\"article:published_time\" content=\"2025-06-01T20:21:31+00:00\" \/>\n<meta property=\"article:modified_time\" content=\"2025-06-01T20:22:00+00:00\" \/>\n<meta property=\"og:image\" content=\"https:\/\/grupohoymexico.com\/puebla\/wp-content\/uploads\/sites\/3\/2025\/06\/asalto_multiple_casas_la_calera_puebla.jpg\" \/>\n\t<meta property=\"og:image:width\" content=\"1200\" \/>\n\t<meta property=\"og:image:height\" content=\"638\" \/>\n\t<meta property=\"og:image:type\" content=\"image\/jpeg\" \/>\n<meta name=\"author\" content=\"nestor\" \/>\n<meta name=\"twitter:card\" content=\"summary_large_image\" \/>\n<meta name=\"twitter:label1\" content=\"Escrito por\" \/>\n\t<meta name=\"twitter:data1\" content=\"nestor\" \/>\n\t<meta name=\"twitter:label2\" content=\"Tiempo de lectura\" \/>\n\t<meta name=\"twitter:data2\" content=\"2 minutos\" \/>\n<script type=\"application\/ld+json\" class=\"yoast-schema-graph\">{\"@context\":\"https:\\\/\\\/schema.org\",\"@graph\":[{\"@type\":\"Article\",\"@id\":\"https:\\\/\\\/grupohoymexico.com\\\/puebla\\\/2025\\\/06\\\/01\\\/criminales-realizan-asalto-multiple-en-al-menos-tres-casas-de-la-calera\\\/#article\",\"isPartOf\":{\"@id\":\"https:\\\/\\\/grupohoymexico.com\\\/puebla\\\/2025\\\/06\\\/01\\\/criminales-realizan-asalto-multiple-en-al-menos-tres-casas-de-la-calera\\\/\"},\"author\":{\"name\":\"nestor\",\"@id\":\"https:\\\/\\\/grupohoymexico.com\\\/puebla\\\/#\\\/schema\\\/person\\\/8201f3fa49669f346d08e15801e0ebc2\"},\"headline\":\"Criminales realizan asalto m\u00faltiple en al menos tres casas de La Calera\",\"datePublished\":\"2025-06-01T20:21:31+00:00\",\"dateModified\":\"2025-06-01T20:22:00+00:00\",\"mainEntityOfPage\":{\"@id\":\"https:\\\/\\\/grupohoymexico.com\\\/puebla\\\/2025\\\/06\\\/01\\\/criminales-realizan-asalto-multiple-en-al-menos-tres-casas-de-la-calera\\\/\"},\"wordCount\":255,\"commentCount\":0,\"image\":{\"@id\":\"https:\\\/\\\/grupohoymexico.com\\\/puebla\\\/2025\\\/06\\\/01\\\/criminales-realizan-asalto-multiple-en-al-menos-tres-casas-de-la-calera\\\/#primaryimage\"},\"thumbnailUrl\":\"https:\\\/\\\/grupohoymexico.com\\\/puebla\\\/wp-content\\\/uploads\\\/sites\\\/3\\\/2025\\\/06\\\/asalto_multiple_casas_la_calera_puebla.jpg\",\"keywords\":[\"Asalto a casa habitacional\",\"Incidencia delictiva\",\"La Calera\",\"puebla\"],\"articleSection\":[\"Estatal\"],\"inLanguage\":\"es\",\"potentialAction\":[{\"@type\":\"CommentAction\",\"name\":\"Comment\",\"target\":[\"https:\\\/\\\/grupohoymexico.com\\\/puebla\\\/2025\\\/06\\\/01\\\/criminales-realizan-asalto-multiple-en-al-menos-tres-casas-de-la-calera\\\/#respond\"]}]},{\"@type\":\"WebPage\",\"@id\":\"https:\\\/\\\/grupohoymexico.com\\\/puebla\\\/2025\\\/06\\\/01\\\/criminales-realizan-asalto-multiple-en-al-menos-tres-casas-de-la-calera\\\/\",\"url\":\"https:\\\/\\\/grupohoymexico.com\\\/puebla\\\/2025\\\/06\\\/01\\\/criminales-realizan-asalto-multiple-en-al-menos-tres-casas-de-la-calera\\\/\",\"name\":\"Criminales realizan asalto m\u00faltiple en casas de La Calera - Grupo Hoy Puebla\",\"isPartOf\":{\"@id\":\"https:\\\/\\\/grupohoymexico.com\\\/puebla\\\/#website\"},\"primaryImageOfPage\":{\"@id\":\"https:\\\/\\\/grupohoymexico.com\\\/puebla\\\/2025\\\/06\\\/01\\\/criminales-realizan-asalto-multiple-en-al-menos-tres-casas-de-la-calera\\\/#primaryimage\"},\"image\":{\"@id\":\"https:\\\/\\\/grupohoymexico.com\\\/puebla\\\/2025\\\/06\\\/01\\\/criminales-realizan-asalto-multiple-en-al-menos-tres-casas-de-la-calera\\\/#primaryimage\"},\"thumbnailUrl\":\"https:\\\/\\\/grupohoymexico.com\\\/puebla\\\/wp-content\\\/uploads\\\/sites\\\/3\\\/2025\\\/06\\\/asalto_multiple_casas_la_calera_puebla.jpg\",\"datePublished\":\"2025-06-01T20:21:31+00:00\",\"dateModified\":\"2025-06-01T20:22:00+00:00\",\"author\":{\"@id\":\"https:\\\/\\\/grupohoymexico.com\\\/puebla\\\/#\\\/schema\\\/person\\\/8201f3fa49669f346d08e15801e0ebc2\"},\"description\":\"C\u00e1maras de video vigilancia captaron los momentos en que criminales realizaron un asalto m\u00faltiple en al menos tres casas de La Calera.\",\"breadcrumb\":{\"@id\":\"https:\\\/\\\/grupohoymexico.com\\\/puebla\\\/2025\\\/06\\\/01\\\/criminales-realizan-asalto-multiple-en-al-menos-tres-casas-de-la-calera\\\/#breadcrumb\"},\"inLanguage\":\"es\",\"potentialAction\":[{\"@type\":\"ReadAction\",\"target\":[\"https:\\\/\\\/grupohoymexico.com\\\/puebla\\\/2025\\\/06\\\/01\\\/criminales-realizan-asalto-multiple-en-al-menos-tres-casas-de-la-calera\\\/\"]}]},{\"@type\":\"ImageObject\",\"inLanguage\":\"es\",\"@id\":\"https:\\\/\\\/grupohoymexico.com\\\/puebla\\\/2025\\\/06\\\/01\\\/criminales-realizan-asalto-multiple-en-al-menos-tres-casas-de-la-calera\\\/#primaryimage\",\"url\":\"https:\\\/\\\/grupohoymexico.com\\\/puebla\\\/wp-content\\\/uploads\\\/sites\\\/3\\\/2025\\\/06\\\/asalto_multiple_casas_la_calera_puebla.jpg\",\"contentUrl\":\"https:\\\/\\\/grupohoymexico.com\\\/puebla\\\/wp-content\\\/uploads\\\/sites\\\/3\\\/2025\\\/06\\\/asalto_multiple_casas_la_calera_puebla.jpg\",\"width\":1200,\"height\":638,\"caption\":\"Imagen ilustrativa de un criminal ingresando a una casa. Foto: Canva\"},{\"@type\":\"BreadcrumbList\",\"@id\":\"https:\\\/\\\/grupohoymexico.com\\\/puebla\\\/2025\\\/06\\\/01\\\/criminales-realizan-asalto-multiple-en-al-menos-tres-casas-de-la-calera\\\/#breadcrumb\",\"itemListElement\":[{\"@type\":\"ListItem\",\"position\":1,\"name\":\"Inicio\",\"item\":\"https:\\\/\\\/grupohoymexico.com\\\/puebla\\\/\"},{\"@type\":\"ListItem\",\"position\":2,\"name\":\"Criminales realizan asalto m\u00faltiple en al menos tres casas de La Calera\"}]},{\"@type\":\"WebSite\",\"@id\":\"https:\\\/\\\/grupohoymexico.com\\\/puebla\\\/#website\",\"url\":\"https:\\\/\\\/grupohoymexico.com\\\/puebla\\\/\",\"name\":\"Grupo Hoy Puebla\",\"description\":\"\",\"potentialAction\":[{\"@type\":\"SearchAction\",\"target\":{\"@type\":\"EntryPoint\",\"urlTemplate\":\"https:\\\/\\\/grupohoymexico.com\\\/puebla\\\/?s={search_term_string}\"},\"query-input\":{\"@type\":\"PropertyValueSpecification\",\"valueRequired\":true,\"valueName\":\"search_term_string\"}}],\"inLanguage\":\"es\"},{\"@type\":\"Person\",\"@id\":\"https:\\\/\\\/grupohoymexico.com\\\/puebla\\\/#\\\/schema\\\/person\\\/8201f3fa49669f346d08e15801e0ebc2\",\"name\":\"nestor\",\"image\":{\"@type\":\"ImageObject\",\"inLanguage\":\"es\",\"@id\":\"https:\\\/\\\/secure.gravatar.com\\\/avatar\\\/6675a6d9279ab1d8e7b7c55956d0013492fdc51e007e555bc58e5e0eac33d094?s=96&d=mm&r=g\",\"url\":\"https:\\\/\\\/secure.gravatar.com\\\/avatar\\\/6675a6d9279ab1d8e7b7c55956d0013492fdc51e007e555bc58e5e0eac33d094?s=96&d=mm&r=g\",\"contentUrl\":\"https:\\\/\\\/secure.gravatar.com\\\/avatar\\\/6675a6d9279ab1d8e7b7c55956d0013492fdc51e007e555bc58e5e0eac33d094?s=96&d=mm&r=g\",\"caption\":\"nestor\"},\"url\":\"https:\\\/\\\/grupohoymexico.com\\\/puebla\\\/author\\\/nestor\\\/\"}]}<\/script>\n<!-- \/ Yoast SEO Premium plugin. -->","yoast_head_json":{"title":"Criminales realizan asalto m\u00faltiple en casas de La Calera - Grupo Hoy Puebla","description":"C\u00e1maras de video vigilancia captaron los momentos en que criminales realizaron un asalto m\u00faltiple en al menos tres casas de La Calera.","robots":{"index":"index","follow":"follow","max-snippet":"max-snippet:-1","max-image-preview":"max-image-preview:large","max-video-preview":"max-video-preview:-1"},"canonical":"https:\/\/grupohoymexico.com\/puebla\/2025\/06\/01\/criminales-realizan-asalto-multiple-en-al-menos-tres-casas-de-la-calera\/","og_locale":"es_MX","og_type":"article","og_title":"Criminales realizan asalto m\u00faltiple en al menos tres casas de La Calera","og_description":"C\u00e1maras de video vigilancia captaron los momentos en que criminales realizaron un asalto m\u00faltiple en al menos tres casas de La Calera.","og_url":"https:\/\/grupohoymexico.com\/puebla\/2025\/06\/01\/criminales-realizan-asalto-multiple-en-al-menos-tres-casas-de-la-calera\/","og_site_name":"Grupo Hoy Puebla","article_published_time":"2025-06-01T20:21:31+00:00","article_modified_time":"2025-06-01T20:22:00+00:00","og_image":[{"width":1200,"height":638,"url":"https:\/\/grupohoymexico.com\/puebla\/wp-content\/uploads\/sites\/3\/2025\/06\/asalto_multiple_casas_la_calera_puebla.jpg","type":"image\/jpeg"}],"author":"nestor","twitter_card":"summary_large_image","twitter_misc":{"Escrito por":"nestor","Tiempo de lectura":"2 minutos"},"schema":{"@context":"https:\/\/schema.org","@graph":[{"@type":"Article","@id":"https:\/\/grupohoymexico.com\/puebla\/2025\/06\/01\/criminales-realizan-asalto-multiple-en-al-menos-tres-casas-de-la-calera\/#article","isPartOf":{"@id":"https:\/\/grupohoymexico.com\/puebla\/2025\/06\/01\/criminales-realizan-asalto-multiple-en-al-menos-tres-casas-de-la-calera\/"},"author":{"name":"nestor","@id":"https:\/\/grupohoymexico.com\/puebla\/#\/schema\/person\/8201f3fa49669f346d08e15801e0ebc2"},"headline":"Criminales realizan asalto m\u00faltiple en al menos tres casas de La Calera","datePublished":"2025-06-01T20:21:31+00:00","dateModified":"2025-06-01T20:22:00+00:00","mainEntityOfPage":{"@id":"https:\/\/grupohoymexico.com\/puebla\/2025\/06\/01\/criminales-realizan-asalto-multiple-en-al-menos-tres-casas-de-la-calera\/"},"wordCount":255,"commentCount":0,"image":{"@id":"https:\/\/grupohoymexico.com\/puebla\/2025\/06\/01\/criminales-realizan-asalto-multiple-en-al-menos-tres-casas-de-la-calera\/#primaryimage"},"thumbnailUrl":"https:\/\/grupohoymexico.com\/puebla\/wp-content\/uploads\/sites\/3\/2025\/06\/asalto_multiple_casas_la_calera_puebla.jpg","keywords":["Asalto a casa habitacional","Incidencia delictiva","La Calera","puebla"],"articleSection":["Estatal"],"inLanguage":"es","potentialAction":[{"@type":"CommentAction","name":"Comment","target":["https:\/\/grupohoymexico.com\/puebla\/2025\/06\/01\/criminales-realizan-asalto-multiple-en-al-menos-tres-casas-de-la-calera\/#respond"]}]},{"@type":"WebPage","@id":"https:\/\/grupohoymexico.com\/puebla\/2025\/06\/01\/criminales-realizan-asalto-multiple-en-al-menos-tres-casas-de-la-calera\/","url":"https:\/\/grupohoymexico.com\/puebla\/2025\/06\/01\/criminales-realizan-asalto-multiple-en-al-menos-tres-casas-de-la-calera\/","name":"Criminales realizan asalto m\u00faltiple en casas de La Calera - Grupo Hoy Puebla","isPartOf":{"@id":"https:\/\/grupohoymexico.com\/puebla\/#website"},"primaryImageOfPage":{"@id":"https:\/\/grupohoymexico.com\/puebla\/2025\/06\/01\/criminales-realizan-asalto-multiple-en-al-menos-tres-casas-de-la-calera\/#primaryimage"},"image":{"@id":"https:\/\/grupohoymexico.com\/puebla\/2025\/06\/01\/criminales-realizan-asalto-multiple-en-al-menos-tres-casas-de-la-calera\/#primaryimage"},"thumbnailUrl":"https:\/\/grupohoymexico.com\/puebla\/wp-content\/uploads\/sites\/3\/2025\/06\/asalto_multiple_casas_la_calera_puebla.jpg","datePublished":"2025-06-01T20:21:31+00:00","dateModified":"2025-06-01T20:22:00+00:00","author":{"@id":"https:\/\/grupohoymexico.com\/puebla\/#\/schema\/person\/8201f3fa49669f346d08e15801e0ebc2"},"description":"C\u00e1maras de video vigilancia captaron los momentos en que criminales realizaron un asalto m\u00faltiple en al menos tres casas de La Calera.","breadcrumb":{"@id":"https:\/\/grupohoymexico.com\/puebla\/2025\/06\/01\/criminales-realizan-asalto-multiple-en-al-menos-tres-casas-de-la-calera\/#breadcrumb"},"inLanguage":"es","potentialAction":[{"@type":"ReadAction","target":["https:\/\/grupohoymexico.com\/puebla\/2025\/06\/01\/criminales-realizan-asalto-multiple-en-al-menos-tres-casas-de-la-calera\/"]}]},{"@type":"ImageObject","inLanguage":"es","@id":"https:\/\/grupohoymexico.com\/puebla\/2025\/06\/01\/criminales-realizan-asalto-multiple-en-al-menos-tres-casas-de-la-calera\/#primaryimage","url":"https:\/\/grupohoymexico.com\/puebla\/wp-content\/uploads\/sites\/3\/2025\/06\/asalto_multiple_casas_la_calera_puebla.jpg","contentUrl":"https:\/\/grupohoymexico.com\/puebla\/wp-content\/uploads\/sites\/3\/2025\/06\/asalto_multiple_casas_la_calera_puebla.jpg","width":1200,"height":638,"caption":"Imagen ilustrativa de un criminal ingresando a una casa. Foto: Canva"},{"@type":"BreadcrumbList","@id":"https:\/\/grupohoymexico.com\/puebla\/2025\/06\/01\/criminales-realizan-asalto-multiple-en-al-menos-tres-casas-de-la-calera\/#breadcrumb","itemListElement":[{"@type":"ListItem","position":1,"name":"Inicio","item":"https:\/\/grupohoymexico.com\/puebla\/"},{"@type":"ListItem","position":2,"name":"Criminales realizan asalto m\u00faltiple en al menos tres casas de La Calera"}]},{"@type":"WebSite","@id":"https:\/\/grupohoymexico.com\/puebla\/#website","url":"https:\/\/grupohoymexico.com\/puebla\/","name":"Grupo Hoy Puebla","description":"","potentialAction":[{"@type":"SearchAction","target":{"@type":"EntryPoint","urlTemplate":"https:\/\/grupohoymexico.com\/puebla\/?s={search_term_string}"},"query-input":{"@type":"PropertyValueSpecification","valueRequired":true,"valueName":"search_term_string"}}],"inLanguage":"es"},{"@type":"Person","@id":"https:\/\/grupohoymexico.com\/puebla\/#\/schema\/person\/8201f3fa49669f346d08e15801e0ebc2","name":"nestor","image":{"@type":"ImageObject","inLanguage":"es","@id":"https:\/\/secure.gravatar.com\/avatar\/6675a6d9279ab1d8e7b7c55956d0013492fdc51e007e555bc58e5e0eac33d094?s=96&d=mm&r=g","url":"https:\/\/secure.gravatar.com\/avatar\/6675a6d9279ab1d8e7b7c55956d0013492fdc51e007e555bc58e5e0eac33d094?s=96&d=mm&r=g","contentUrl":"https:\/\/secure.gravatar.com\/avatar\/6675a6d9279ab1d8e7b7c55956d0013492fdc51e007e555bc58e5e0eac33d094?s=96&d=mm&r=g","caption":"nestor"},"url":"https:\/\/grupohoymexico.com\/puebla\/author\/nestor\/"}]}},"_links":{"self":[{"href":"https:\/\/grupohoymexico.com\/puebla\/wp-json\/wp\/v2\/posts\/75169","targetHints":{"allow":["GET"]}}],"collection":[{"href":"https:\/\/grupohoymexico.com\/puebla\/wp-json\/wp\/v2\/posts"}],"about":[{"href":"https:\/\/grupohoymexico.com\/puebla\/wp-json\/wp\/v2\/types\/post"}],"author":[{"embeddable":true,"href":"https:\/\/grupohoymexico.com\/puebla\/wp-json\/wp\/v2\/users\/15"}],"replies":[{"embeddable":true,"href":"https:\/\/grupohoymexico.com\/puebla\/wp-json\/wp\/v2\/comments?post=75169"}],"version-history":[{"count":3,"href":"https:\/\/grupohoymexico.com\/puebla\/wp-json\/wp\/v2\/posts\/75169\/revisions"}],"predecessor-version":[{"id":75173,"href":"https:\/\/grupohoymexico.com\/puebla\/wp-json\/wp\/v2\/posts\/75169\/revisions\/75173"}],"wp:featuredmedia":[{"embeddable":true,"href":"https:\/\/grupohoymexico.com\/puebla\/wp-json\/wp\/v2\/media\/75172"}],"wp:attachment":[{"href":"https:\/\/grupohoymexico.com\/puebla\/wp-json\/wp\/v2\/media?parent=75169"}],"wp:term":[{"taxonomy":"category","embeddable":true,"href":"https:\/\/grupohoymexico.com\/puebla\/wp-json\/wp\/v2\/categories?post=75169"},{"taxonomy":"post_tag","embeddable":true,"href":"https:\/\/grupohoymexico.com\/puebla\/wp-json\/wp\/v2\/tags?post=75169"}],"curies":[{"name":"wp","href":"https:\/\/api.w.org\/{rel}","templated":true}]}}