{"id":75162,"date":"2025-06-01T19:13:18","date_gmt":"2025-06-01T19:13:18","guid":{"rendered":"https:\/\/grupohoymexico.com\/puebla\/?p=75162"},"modified":"2025-06-01T19:13:19","modified_gmt":"2025-06-01T19:13:19","slug":"alejandro-armenta-participa-en-las-ineditas-votaciones-del-poder-judicial","status":"publish","type":"post","link":"https:\/\/grupohoymexico.com\/puebla\/2025\/06\/01\/alejandro-armenta-participa-en-las-ineditas-votaciones-del-poder-judicial\/","title":{"rendered":"Alejandro Armenta participa en las in\u00e9ditas votaciones del Poder Judicial"},"content":{"rendered":"\n<p>&#8220;Es un momento in\u00e9dito en la historia de M\u00e9xico&#8221;, fueron las palabras del gobernador <strong>Alejandro Armenta<\/strong> en el marco de las votaciones del 1 de junio para elegir al nuevo <strong>Poder Judicial<\/strong>.<\/p>\n\n\n\n<p>Este fin de semana se desarrollan las votaciones en las que por primera vez en la historia, los mexicanos eligen a <a href=\"https:\/\/grupohoymexico.com\/puebla\/2025\/05\/31\/armenta-participa-en-faena-para-rescatar-parque-la-carmela\/\" target=\"_blank\" rel=\"noreferrer noopener\">jueces, magistrados y ministros<\/a>; es decir, los guardianes de la justicia.<\/p>\n\n\n\n<p>El <strong>gobernador de Puebla<\/strong> vot\u00f3 este 1 de junio  en esta jornada hist\u00f3rica para <strong>M\u00e9xico<\/strong>. Junto a su familia fue como <a href=\"https:\/\/www.mundoejecutivopuebla.com\/mundo-politico\/alejandro-armenta-acelera-apoyos-al-campo-poblano-sin-burocracia-y-con-rostro-humano\/\" target=\"_blank\" rel=\"noreferrer noopener\">particip\u00f3 en este ejercicio democr\u00e1tico<\/a>. Aprovech\u00f3 el momento para invitar a los poblanos que acudan a las urnas para que ejerzan su derecho.<\/p>\n\n\n\n<p>El <strong>gobernador Alejandro Armenta<\/strong> destac\u00f3 que este 1 de junio ser\u00e1n los mexicanos los que elijan al <strong>Poder Judicial<\/strong>, algo de completa legitimidad bas\u00e1ndose en los principios de la <a href=\"https:\/\/grupohoymexico.com\/puebla\/2025\/05\/31\/armenta-llama-a-votar-este-domingo-el-pueblo-democratizara-el-poder-judicial\/\" target=\"_blank\" rel=\"noreferrer noopener\">ciencia pol\u00edtica<\/a>. Dada la convocatoria que se logr\u00f3 en las primeras horas, el mandatario se dijo contento por la buena participaci\u00f3n.<\/p>\n\n\n\n<p>Reconoci\u00f3 que siempre ser\u00e1 mejor que entre uno o 10 millones de personas elijan a los guardianes de la justicia en vez de un pu\u00f1ado de senadores y la Presidencia de la Rep\u00fablica, como suced\u00eda antes.<\/p>\n\n\n\n<p>&#8220;Va a ser leg\u00edtimo porque est\u00e1n sufragando los mexicanos&#8221;, dijo el gobernador de Puebla en un encuentro con medios de comunicaci\u00f3n. <\/p>\n","protected":false},"excerpt":{"rendered":"&#8220;Es un momento in\u00e9dito en la historia de M\u00e9xico&#8221;, fueron las palabras del gobernador Alejandro Armenta en el&hellip;","protected":false},"author":15,"featured_media":75163,"comment_status":"open","ping_status":"open","sticky":false,"template":"","format":"standard","meta":{"csco_display_header_overlay":false,"csco_singular_sidebar":"","csco_page_header_type":"","csco_page_load_nextpost":"","csco_post_video_location":[],"csco_post_video_location_hash":"","csco_post_video_url":"","csco_post_video_bg_start_time":0,"csco_post_video_bg_end_time":0,"footnotes":""},"categories":[29],"tags":[1150,98,1149,1151],"class_list":{"0":"post-75162","1":"post","2":"type-post","3":"status-publish","4":"format-standard","5":"has-post-thumbnail","7":"category-estatal","8":"tag-1-de-junio","9":"tag-alejandro-armenta","10":"tag-elecciones-del-poder-judicial","11":"tag-votaciones-del-poder-judicial","12":"cs-entry","13":"cs-video-wrap"},"yoast_head":"<!-- This site is optimized with the Yoast SEO Premium plugin v24.7 (Yoast SEO v27.4) - https:\/\/yoast.com\/product\/yoast-seo-premium-wordpress\/ -->\n<title>Alejandro Armenta participa en las in\u00e9ditas votaciones del Poder Judicial - Grupo Hoy Puebla<\/title>\n<meta name=\"robots\" content=\"index, follow, max-snippet:-1, max-image-preview:large, max-video-preview:-1\" \/>\n<link rel=\"canonical\" href=\"https:\/\/grupohoymexico.com\/puebla\/2025\/06\/01\/alejandro-armenta-participa-en-las-ineditas-votaciones-del-poder-judicial\/\" \/>\n<meta property=\"og:locale\" content=\"es_MX\" \/>\n<meta property=\"og:type\" content=\"article\" \/>\n<meta property=\"og:title\" content=\"Alejandro Armenta participa en las in\u00e9ditas votaciones del Poder Judicial\" \/>\n<meta property=\"og:description\" content=\"&#8220;Es un momento in\u00e9dito en la historia de M\u00e9xico&#8221;, fueron las palabras del gobernador Alejandro Armenta en el&hellip;\" \/>\n<meta property=\"og:url\" content=\"https:\/\/grupohoymexico.com\/puebla\/2025\/06\/01\/alejandro-armenta-participa-en-las-ineditas-votaciones-del-poder-judicial\/\" \/>\n<meta property=\"og:site_name\" content=\"Grupo Hoy Puebla\" \/>\n<meta property=\"article:published_time\" content=\"2025-06-01T19:13:18+00:00\" \/>\n<meta property=\"article:modified_time\" content=\"2025-06-01T19:13:19+00:00\" \/>\n<meta property=\"og:image\" content=\"https:\/\/grupohoymexico.com\/puebla\/wp-content\/uploads\/sites\/3\/2025\/06\/gobernador_de_puebla_alejandro_armenta_votaciones_poder_judicial.jpg\" \/>\n\t<meta property=\"og:image:width\" content=\"1200\" \/>\n\t<meta property=\"og:image:height\" content=\"638\" \/>\n\t<meta property=\"og:image:type\" content=\"image\/jpeg\" \/>\n<meta name=\"author\" content=\"nestor\" \/>\n<meta name=\"twitter:card\" content=\"summary_large_image\" \/>\n<meta name=\"twitter:label1\" content=\"Escrito por\" \/>\n\t<meta name=\"twitter:data1\" content=\"nestor\" \/>\n\t<meta name=\"twitter:label2\" content=\"Tiempo de lectura\" \/>\n\t<meta name=\"twitter:data2\" content=\"1 minuto\" \/>\n<script type=\"application\/ld+json\" class=\"yoast-schema-graph\">{\"@context\":\"https:\\\/\\\/schema.org\",\"@graph\":[{\"@type\":\"Article\",\"@id\":\"https:\\\/\\\/grupohoymexico.com\\\/puebla\\\/2025\\\/06\\\/01\\\/alejandro-armenta-participa-en-las-ineditas-votaciones-del-poder-judicial\\\/#article\",\"isPartOf\":{\"@id\":\"https:\\\/\\\/grupohoymexico.com\\\/puebla\\\/2025\\\/06\\\/01\\\/alejandro-armenta-participa-en-las-ineditas-votaciones-del-poder-judicial\\\/\"},\"author\":{\"name\":\"nestor\",\"@id\":\"https:\\\/\\\/grupohoymexico.com\\\/puebla\\\/#\\\/schema\\\/person\\\/8201f3fa49669f346d08e15801e0ebc2\"},\"headline\":\"Alejandro Armenta participa en las in\u00e9ditas votaciones del Poder Judicial\",\"datePublished\":\"2025-06-01T19:13:18+00:00\",\"dateModified\":\"2025-06-01T19:13:19+00:00\",\"mainEntityOfPage\":{\"@id\":\"https:\\\/\\\/grupohoymexico.com\\\/puebla\\\/2025\\\/06\\\/01\\\/alejandro-armenta-participa-en-las-ineditas-votaciones-del-poder-judicial\\\/\"},\"wordCount\":237,\"commentCount\":0,\"image\":{\"@id\":\"https:\\\/\\\/grupohoymexico.com\\\/puebla\\\/2025\\\/06\\\/01\\\/alejandro-armenta-participa-en-las-ineditas-votaciones-del-poder-judicial\\\/#primaryimage\"},\"thumbnailUrl\":\"https:\\\/\\\/grupohoymexico.com\\\/puebla\\\/wp-content\\\/uploads\\\/sites\\\/3\\\/2025\\\/06\\\/gobernador_de_puebla_alejandro_armenta_votaciones_poder_judicial.jpg\",\"keywords\":[\"1 de junio\",\"Alejandro Armenta\",\"Elecciones del Poder Judicial\",\"Votaciones del Poder Judicial\"],\"articleSection\":[\"Estatal\"],\"inLanguage\":\"es\",\"potentialAction\":[{\"@type\":\"CommentAction\",\"name\":\"Comment\",\"target\":[\"https:\\\/\\\/grupohoymexico.com\\\/puebla\\\/2025\\\/06\\\/01\\\/alejandro-armenta-participa-en-las-ineditas-votaciones-del-poder-judicial\\\/#respond\"]}]},{\"@type\":\"WebPage\",\"@id\":\"https:\\\/\\\/grupohoymexico.com\\\/puebla\\\/2025\\\/06\\\/01\\\/alejandro-armenta-participa-en-las-ineditas-votaciones-del-poder-judicial\\\/\",\"url\":\"https:\\\/\\\/grupohoymexico.com\\\/puebla\\\/2025\\\/06\\\/01\\\/alejandro-armenta-participa-en-las-ineditas-votaciones-del-poder-judicial\\\/\",\"name\":\"Alejandro Armenta participa en las in\u00e9ditas votaciones del Poder Judicial - Grupo Hoy Puebla\",\"isPartOf\":{\"@id\":\"https:\\\/\\\/grupohoymexico.com\\\/puebla\\\/#website\"},\"primaryImageOfPage\":{\"@id\":\"https:\\\/\\\/grupohoymexico.com\\\/puebla\\\/2025\\\/06\\\/01\\\/alejandro-armenta-participa-en-las-ineditas-votaciones-del-poder-judicial\\\/#primaryimage\"},\"image\":{\"@id\":\"https:\\\/\\\/grupohoymexico.com\\\/puebla\\\/2025\\\/06\\\/01\\\/alejandro-armenta-participa-en-las-ineditas-votaciones-del-poder-judicial\\\/#primaryimage\"},\"thumbnailUrl\":\"https:\\\/\\\/grupohoymexico.com\\\/puebla\\\/wp-content\\\/uploads\\\/sites\\\/3\\\/2025\\\/06\\\/gobernador_de_puebla_alejandro_armenta_votaciones_poder_judicial.jpg\",\"datePublished\":\"2025-06-01T19:13:18+00:00\",\"dateModified\":\"2025-06-01T19:13:19+00:00\",\"author\":{\"@id\":\"https:\\\/\\\/grupohoymexico.com\\\/puebla\\\/#\\\/schema\\\/person\\\/8201f3fa49669f346d08e15801e0ebc2\"},\"breadcrumb\":{\"@id\":\"https:\\\/\\\/grupohoymexico.com\\\/puebla\\\/2025\\\/06\\\/01\\\/alejandro-armenta-participa-en-las-ineditas-votaciones-del-poder-judicial\\\/#breadcrumb\"},\"inLanguage\":\"es\",\"potentialAction\":[{\"@type\":\"ReadAction\",\"target\":[\"https:\\\/\\\/grupohoymexico.com\\\/puebla\\\/2025\\\/06\\\/01\\\/alejandro-armenta-participa-en-las-ineditas-votaciones-del-poder-judicial\\\/\"]}]},{\"@type\":\"ImageObject\",\"inLanguage\":\"es\",\"@id\":\"https:\\\/\\\/grupohoymexico.com\\\/puebla\\\/2025\\\/06\\\/01\\\/alejandro-armenta-participa-en-las-ineditas-votaciones-del-poder-judicial\\\/#primaryimage\",\"url\":\"https:\\\/\\\/grupohoymexico.com\\\/puebla\\\/wp-content\\\/uploads\\\/sites\\\/3\\\/2025\\\/06\\\/gobernador_de_puebla_alejandro_armenta_votaciones_poder_judicial.jpg\",\"contentUrl\":\"https:\\\/\\\/grupohoymexico.com\\\/puebla\\\/wp-content\\\/uploads\\\/sites\\\/3\\\/2025\\\/06\\\/gobernador_de_puebla_alejandro_armenta_votaciones_poder_judicial.jpg\",\"width\":1200,\"height\":638,\"caption\":\"El gobernador Alejandro Armenta particip\u00f3 en las votaciones para elegir al nuevo Poder Judicial. Foto: Gobierno de Puebla\"},{\"@type\":\"BreadcrumbList\",\"@id\":\"https:\\\/\\\/grupohoymexico.com\\\/puebla\\\/2025\\\/06\\\/01\\\/alejandro-armenta-participa-en-las-ineditas-votaciones-del-poder-judicial\\\/#breadcrumb\",\"itemListElement\":[{\"@type\":\"ListItem\",\"position\":1,\"name\":\"Inicio\",\"item\":\"https:\\\/\\\/grupohoymexico.com\\\/puebla\\\/\"},{\"@type\":\"ListItem\",\"position\":2,\"name\":\"Alejandro Armenta participa en las in\u00e9ditas votaciones del Poder Judicial\"}]},{\"@type\":\"WebSite\",\"@id\":\"https:\\\/\\\/grupohoymexico.com\\\/puebla\\\/#website\",\"url\":\"https:\\\/\\\/grupohoymexico.com\\\/puebla\\\/\",\"name\":\"Grupo Hoy Puebla\",\"description\":\"\",\"potentialAction\":[{\"@type\":\"SearchAction\",\"target\":{\"@type\":\"EntryPoint\",\"urlTemplate\":\"https:\\\/\\\/grupohoymexico.com\\\/puebla\\\/?s={search_term_string}\"},\"query-input\":{\"@type\":\"PropertyValueSpecification\",\"valueRequired\":true,\"valueName\":\"search_term_string\"}}],\"inLanguage\":\"es\"},{\"@type\":\"Person\",\"@id\":\"https:\\\/\\\/grupohoymexico.com\\\/puebla\\\/#\\\/schema\\\/person\\\/8201f3fa49669f346d08e15801e0ebc2\",\"name\":\"nestor\",\"image\":{\"@type\":\"ImageObject\",\"inLanguage\":\"es\",\"@id\":\"https:\\\/\\\/secure.gravatar.com\\\/avatar\\\/6675a6d9279ab1d8e7b7c55956d0013492fdc51e007e555bc58e5e0eac33d094?s=96&d=mm&r=g\",\"url\":\"https:\\\/\\\/secure.gravatar.com\\\/avatar\\\/6675a6d9279ab1d8e7b7c55956d0013492fdc51e007e555bc58e5e0eac33d094?s=96&d=mm&r=g\",\"contentUrl\":\"https:\\\/\\\/secure.gravatar.com\\\/avatar\\\/6675a6d9279ab1d8e7b7c55956d0013492fdc51e007e555bc58e5e0eac33d094?s=96&d=mm&r=g\",\"caption\":\"nestor\"},\"url\":\"https:\\\/\\\/grupohoymexico.com\\\/puebla\\\/author\\\/nestor\\\/\"}]}<\/script>\n<!-- \/ Yoast SEO Premium plugin. -->","yoast_head_json":{"title":"Alejandro Armenta participa en las in\u00e9ditas votaciones del Poder Judicial - Grupo Hoy Puebla","robots":{"index":"index","follow":"follow","max-snippet":"max-snippet:-1","max-image-preview":"max-image-preview:large","max-video-preview":"max-video-preview:-1"},"canonical":"https:\/\/grupohoymexico.com\/puebla\/2025\/06\/01\/alejandro-armenta-participa-en-las-ineditas-votaciones-del-poder-judicial\/","og_locale":"es_MX","og_type":"article","og_title":"Alejandro Armenta participa en las in\u00e9ditas votaciones del Poder Judicial","og_description":"&#8220;Es un momento in\u00e9dito en la historia de M\u00e9xico&#8221;, fueron las palabras del gobernador Alejandro Armenta en el&hellip;","og_url":"https:\/\/grupohoymexico.com\/puebla\/2025\/06\/01\/alejandro-armenta-participa-en-las-ineditas-votaciones-del-poder-judicial\/","og_site_name":"Grupo Hoy Puebla","article_published_time":"2025-06-01T19:13:18+00:00","article_modified_time":"2025-06-01T19:13:19+00:00","og_image":[{"width":1200,"height":638,"url":"https:\/\/grupohoymexico.com\/puebla\/wp-content\/uploads\/sites\/3\/2025\/06\/gobernador_de_puebla_alejandro_armenta_votaciones_poder_judicial.jpg","type":"image\/jpeg"}],"author":"nestor","twitter_card":"summary_large_image","twitter_misc":{"Escrito por":"nestor","Tiempo de lectura":"1 minuto"},"schema":{"@context":"https:\/\/schema.org","@graph":[{"@type":"Article","@id":"https:\/\/grupohoymexico.com\/puebla\/2025\/06\/01\/alejandro-armenta-participa-en-las-ineditas-votaciones-del-poder-judicial\/#article","isPartOf":{"@id":"https:\/\/grupohoymexico.com\/puebla\/2025\/06\/01\/alejandro-armenta-participa-en-las-ineditas-votaciones-del-poder-judicial\/"},"author":{"name":"nestor","@id":"https:\/\/grupohoymexico.com\/puebla\/#\/schema\/person\/8201f3fa49669f346d08e15801e0ebc2"},"headline":"Alejandro Armenta participa en las in\u00e9ditas votaciones del Poder Judicial","datePublished":"2025-06-01T19:13:18+00:00","dateModified":"2025-06-01T19:13:19+00:00","mainEntityOfPage":{"@id":"https:\/\/grupohoymexico.com\/puebla\/2025\/06\/01\/alejandro-armenta-participa-en-las-ineditas-votaciones-del-poder-judicial\/"},"wordCount":237,"commentCount":0,"image":{"@id":"https:\/\/grupohoymexico.com\/puebla\/2025\/06\/01\/alejandro-armenta-participa-en-las-ineditas-votaciones-del-poder-judicial\/#primaryimage"},"thumbnailUrl":"https:\/\/grupohoymexico.com\/puebla\/wp-content\/uploads\/sites\/3\/2025\/06\/gobernador_de_puebla_alejandro_armenta_votaciones_poder_judicial.jpg","keywords":["1 de junio","Alejandro Armenta","Elecciones del Poder Judicial","Votaciones del Poder Judicial"],"articleSection":["Estatal"],"inLanguage":"es","potentialAction":[{"@type":"CommentAction","name":"Comment","target":["https:\/\/grupohoymexico.com\/puebla\/2025\/06\/01\/alejandro-armenta-participa-en-las-ineditas-votaciones-del-poder-judicial\/#respond"]}]},{"@type":"WebPage","@id":"https:\/\/grupohoymexico.com\/puebla\/2025\/06\/01\/alejandro-armenta-participa-en-las-ineditas-votaciones-del-poder-judicial\/","url":"https:\/\/grupohoymexico.com\/puebla\/2025\/06\/01\/alejandro-armenta-participa-en-las-ineditas-votaciones-del-poder-judicial\/","name":"Alejandro Armenta participa en las in\u00e9ditas votaciones del Poder Judicial - Grupo Hoy Puebla","isPartOf":{"@id":"https:\/\/grupohoymexico.com\/puebla\/#website"},"primaryImageOfPage":{"@id":"https:\/\/grupohoymexico.com\/puebla\/2025\/06\/01\/alejandro-armenta-participa-en-las-ineditas-votaciones-del-poder-judicial\/#primaryimage"},"image":{"@id":"https:\/\/grupohoymexico.com\/puebla\/2025\/06\/01\/alejandro-armenta-participa-en-las-ineditas-votaciones-del-poder-judicial\/#primaryimage"},"thumbnailUrl":"https:\/\/grupohoymexico.com\/puebla\/wp-content\/uploads\/sites\/3\/2025\/06\/gobernador_de_puebla_alejandro_armenta_votaciones_poder_judicial.jpg","datePublished":"2025-06-01T19:13:18+00:00","dateModified":"2025-06-01T19:13:19+00:00","author":{"@id":"https:\/\/grupohoymexico.com\/puebla\/#\/schema\/person\/8201f3fa49669f346d08e15801e0ebc2"},"breadcrumb":{"@id":"https:\/\/grupohoymexico.com\/puebla\/2025\/06\/01\/alejandro-armenta-participa-en-las-ineditas-votaciones-del-poder-judicial\/#breadcrumb"},"inLanguage":"es","potentialAction":[{"@type":"ReadAction","target":["https:\/\/grupohoymexico.com\/puebla\/2025\/06\/01\/alejandro-armenta-participa-en-las-ineditas-votaciones-del-poder-judicial\/"]}]},{"@type":"ImageObject","inLanguage":"es","@id":"https:\/\/grupohoymexico.com\/puebla\/2025\/06\/01\/alejandro-armenta-participa-en-las-ineditas-votaciones-del-poder-judicial\/#primaryimage","url":"https:\/\/grupohoymexico.com\/puebla\/wp-content\/uploads\/sites\/3\/2025\/06\/gobernador_de_puebla_alejandro_armenta_votaciones_poder_judicial.jpg","contentUrl":"https:\/\/grupohoymexico.com\/puebla\/wp-content\/uploads\/sites\/3\/2025\/06\/gobernador_de_puebla_alejandro_armenta_votaciones_poder_judicial.jpg","width":1200,"height":638,"caption":"El gobernador Alejandro Armenta particip\u00f3 en las votaciones para elegir al nuevo Poder Judicial. Foto: Gobierno de Puebla"},{"@type":"BreadcrumbList","@id":"https:\/\/grupohoymexico.com\/puebla\/2025\/06\/01\/alejandro-armenta-participa-en-las-ineditas-votaciones-del-poder-judicial\/#breadcrumb","itemListElement":[{"@type":"ListItem","position":1,"name":"Inicio","item":"https:\/\/grupohoymexico.com\/puebla\/"},{"@type":"ListItem","position":2,"name":"Alejandro Armenta participa en las in\u00e9ditas votaciones del Poder Judicial"}]},{"@type":"WebSite","@id":"https:\/\/grupohoymexico.com\/puebla\/#website","url":"https:\/\/grupohoymexico.com\/puebla\/","name":"Grupo Hoy Puebla","description":"","potentialAction":[{"@type":"SearchAction","target":{"@type":"EntryPoint","urlTemplate":"https:\/\/grupohoymexico.com\/puebla\/?s={search_term_string}"},"query-input":{"@type":"PropertyValueSpecification","valueRequired":true,"valueName":"search_term_string"}}],"inLanguage":"es"},{"@type":"Person","@id":"https:\/\/grupohoymexico.com\/puebla\/#\/schema\/person\/8201f3fa49669f346d08e15801e0ebc2","name":"nestor","image":{"@type":"ImageObject","inLanguage":"es","@id":"https:\/\/secure.gravatar.com\/avatar\/6675a6d9279ab1d8e7b7c55956d0013492fdc51e007e555bc58e5e0eac33d094?s=96&d=mm&r=g","url":"https:\/\/secure.gravatar.com\/avatar\/6675a6d9279ab1d8e7b7c55956d0013492fdc51e007e555bc58e5e0eac33d094?s=96&d=mm&r=g","contentUrl":"https:\/\/secure.gravatar.com\/avatar\/6675a6d9279ab1d8e7b7c55956d0013492fdc51e007e555bc58e5e0eac33d094?s=96&d=mm&r=g","caption":"nestor"},"url":"https:\/\/grupohoymexico.com\/puebla\/author\/nestor\/"}]}},"_links":{"self":[{"href":"https:\/\/grupohoymexico.com\/puebla\/wp-json\/wp\/v2\/posts\/75162","targetHints":{"allow":["GET"]}}],"collection":[{"href":"https:\/\/grupohoymexico.com\/puebla\/wp-json\/wp\/v2\/posts"}],"about":[{"href":"https:\/\/grupohoymexico.com\/puebla\/wp-json\/wp\/v2\/types\/post"}],"author":[{"embeddable":true,"href":"https:\/\/grupohoymexico.com\/puebla\/wp-json\/wp\/v2\/users\/15"}],"replies":[{"embeddable":true,"href":"https:\/\/grupohoymexico.com\/puebla\/wp-json\/wp\/v2\/comments?post=75162"}],"version-history":[{"count":2,"href":"https:\/\/grupohoymexico.com\/puebla\/wp-json\/wp\/v2\/posts\/75162\/revisions"}],"predecessor-version":[{"id":75165,"href":"https:\/\/grupohoymexico.com\/puebla\/wp-json\/wp\/v2\/posts\/75162\/revisions\/75165"}],"wp:featuredmedia":[{"embeddable":true,"href":"https:\/\/grupohoymexico.com\/puebla\/wp-json\/wp\/v2\/media\/75163"}],"wp:attachment":[{"href":"https:\/\/grupohoymexico.com\/puebla\/wp-json\/wp\/v2\/media?parent=75162"}],"wp:term":[{"taxonomy":"category","embeddable":true,"href":"https:\/\/grupohoymexico.com\/puebla\/wp-json\/wp\/v2\/categories?post=75162"},{"taxonomy":"post_tag","embeddable":true,"href":"https:\/\/grupohoymexico.com\/puebla\/wp-json\/wp\/v2\/tags?post=75162"}],"curies":[{"name":"wp","href":"https:\/\/api.w.org\/{rel}","templated":true}]}}