{"id":75156,"date":"2025-05-31T23:16:08","date_gmt":"2025-05-31T23:16:08","guid":{"rendered":"https:\/\/grupohoymexico.com\/puebla\/?p=75156"},"modified":"2025-05-31T23:16:09","modified_gmt":"2025-05-31T23:16:09","slug":"armenta-llama-a-votar-este-domingo-el-pueblo-democratizara-el-poder-judicial","status":"publish","type":"post","link":"https:\/\/grupohoymexico.com\/puebla\/2025\/05\/31\/armenta-llama-a-votar-este-domingo-el-pueblo-democratizara-el-poder-judicial\/","title":{"rendered":"Armenta llama a votar: &#8216;Este domingo el pueblo democratizar\u00e1 el Poder Judicial"},"content":{"rendered":"\n<p>Con brocha en mano y pintura fresca en las guarniciones del Centro Cultural La Carmela, el gobernador&nbsp;<strong>Alejandro Armenta<\/strong>&nbsp;hizo un llamado contundente a los mexicanos:&nbsp;<em>&#8220;Este domingo ganar\u00e1 el pueblo, porque vamos a democratizar al poder judicial&#8221;<\/em>. En un mensaje cargado de simbolismo durante su faena comunitaria #22, el mandatario poblano destac\u00f3 la trascendencia de que por primera vez los ciudadanos elegir\u00e1n directamente a ministros, magistrados y jueces.<\/p>\n\n\n\n<p>Acompa\u00f1ando el mensaje de la presidenta&nbsp;<strong>Claudia Sheinbaum<\/strong>&nbsp;en redes sociales, Armenta enfatiz\u00f3:&nbsp;<em>&#8220;Antes los ministros los eleg\u00edan entre cuatro paredes. Hoy es el pueblo quien decidir\u00e1 con su voto&#8221;<\/em>. El proceso, que se realizar\u00e1 mediante&nbsp;<strong>6 boletas electorales<\/strong>&nbsp;distintas, representa un cambio de paradigma en la justicia mexicana.&nbsp;<em>&#8220;Investiguen, comparen y ejerzan este derecho hist\u00f3rico&#8221;<\/em>, exhort\u00f3 el gobernador mientras supervisaba los trabajos de mejoramiento en este espacio recuperado para la comunidad.<\/p>\n\n\n\n<p>El mandatario detall\u00f3 los cargos en juego:<\/p>\n\n\n\n<ul class=\"wp-block-list\">\n<li><strong>Ministros de la Suprema Corte<\/strong><\/li>\n\n\n\n<li><strong>Magistrados de circuito<\/strong><\/li>\n\n\n\n<li><strong>Jueces de distrito<\/strong><\/li>\n<\/ul>\n\n\n\n<p><em>&#8220;No es poca cosa -remarc\u00f3 Armenta-. Estamos escribiendo un nuevo cap\u00edtulo donde la justicia sale de los pasillos del poder para llegar a las urnas&#8221;<\/em>. La jornada electoral promete reconfigurar el balance del Poder Judicial por d\u00e9cadas.<\/p>\n\n\n\n<h3 class=\"wp-block-heading\" id=\"h-por-que-armenta-insiste-en-esta-eleccion\"><strong>\u00bfPor qu\u00e9 Armenta insiste en esta elecci\u00f3n?<\/strong><\/h3>\n\n\n\n<h4 class=\"wp-block-heading\" id=\"h-claves-del-mensaje-poblano\"><strong>Claves del mensaje poblano:<\/strong><\/h4>\n\n\n\n<ul class=\"wp-block-list\">\n<li><strong>Romper con el hermetismo<\/strong>:\u00a0<em>&#8220;Por a\u00f1os la justicia se cocin\u00f3 entre \u00e9lites&#8221;<\/em><\/li>\n\n\n\n<li><strong>Empoderar al ciudadano<\/strong>:\u00a0<em>&#8220;Ahora el pueblo tiene la llave de los tribunales&#8221;<\/em><\/li>\n\n\n\n<li><strong>Transparencia hist\u00f3rica<\/strong>: Perfiles p\u00fablicos de todos los candidatos en plataforma del INE<\/li>\n<\/ul>\n\n\n\n<h4 class=\"wp-block-heading\" id=\"h-datos-que-respaldan-el-llamado\"><strong>Datos que respaldan el llamado:<\/strong><\/h4>\n\n\n\n<ul class=\"wp-block-list\">\n<li>98 millones de electores potenciales<\/li>\n\n\n\n<li>38% de los cargos judiciales actuales ocupados por mujeres<\/li>\n\n\n\n<li>72% de mexicanos desconocen el proceso (encuesta Parametr\u00eda)<\/li>\n<\/ul>\n\n\n\n<h4 class=\"wp-block-heading\" id=\"h-preparativos-en-puebla\"><strong>Preparativos en Puebla:<\/strong><\/h4>\n\n\n\n<ul class=\"wp-block-list\">\n<li>1,834 casillas especiales para votaci\u00f3n judicial<\/li>\n\n\n\n<li>300 brigadas informativas en plazas p\u00fablicas<\/li>\n\n\n\n<li>App &#8220;Justicia Transparente&#8221; con perfiles de candidatos<\/li>\n<\/ul>\n\n\n\n<p><\/p>\n","protected":false},"excerpt":{"rendered":"Con brocha en mano y pintura fresca en las guarniciones del Centro Cultural La Carmela, el gobernador&nbsp;Alejandro Armenta&nbsp;hizo&hellip;","protected":false},"author":13,"featured_media":75158,"comment_status":"open","ping_status":"open","sticky":false,"template":"","format":"standard","meta":{"csco_display_header_overlay":false,"csco_singular_sidebar":"","csco_page_header_type":"","csco_page_load_nextpost":"","csco_post_video_location":[],"csco_post_video_location_hash":"","csco_post_video_url":"","csco_post_video_bg_start_time":0,"csco_post_video_bg_end_time":0,"footnotes":""},"categories":[29],"tags":[],"class_list":{"0":"post-75156","1":"post","2":"type-post","3":"status-publish","4":"format-standard","5":"has-post-thumbnail","7":"category-estatal","8":"cs-entry","9":"cs-video-wrap"},"yoast_head":"<!-- This site is optimized with the Yoast SEO Premium plugin v24.7 (Yoast SEO v27.4) - https:\/\/yoast.com\/product\/yoast-seo-premium-wordpress\/ -->\n<title>Armenta llama a votar: &#039;Este domingo el pueblo democratizar\u00e1 el Poder Judicial<\/title>\n<meta name=\"description\" content=\"Armenta urge a poblanos votar en elecci\u00f3n in\u00e9dita del Poder Judicial este domingo: &#039;Es privilegio del pueblo decidir&#039;,\" \/>\n<meta name=\"robots\" content=\"index, follow, max-snippet:-1, max-image-preview:large, max-video-preview:-1\" \/>\n<link rel=\"canonical\" href=\"https:\/\/grupohoymexico.com\/puebla\/2025\/05\/31\/armenta-llama-a-votar-este-domingo-el-pueblo-democratizara-el-poder-judicial\/\" \/>\n<meta property=\"og:locale\" content=\"es_MX\" \/>\n<meta property=\"og:type\" content=\"article\" \/>\n<meta property=\"og:title\" content=\"Armenta llama a votar: &#039;Este domingo el pueblo democratizar\u00e1 el Poder Judicial\" \/>\n<meta property=\"og:description\" content=\"Armenta urge a poblanos votar en elecci\u00f3n in\u00e9dita del Poder Judicial este domingo: &#039;Es privilegio del pueblo decidir&#039;,\" \/>\n<meta property=\"og:url\" content=\"https:\/\/grupohoymexico.com\/puebla\/2025\/05\/31\/armenta-llama-a-votar-este-domingo-el-pueblo-democratizara-el-poder-judicial\/\" \/>\n<meta property=\"og:site_name\" content=\"Grupo Hoy Puebla\" \/>\n<meta property=\"article:published_time\" content=\"2025-05-31T23:16:08+00:00\" \/>\n<meta property=\"article:modified_time\" content=\"2025-05-31T23:16:09+00:00\" \/>\n<meta property=\"og:image\" content=\"https:\/\/grupohoymexico.com\/puebla\/wp-content\/uploads\/sites\/3\/2025\/05\/photo_5035498427986849367_y.jpg\" \/>\n\t<meta property=\"og:image:width\" content=\"1200\" \/>\n\t<meta property=\"og:image:height\" content=\"638\" \/>\n\t<meta property=\"og:image:type\" content=\"image\/jpeg\" \/>\n<meta name=\"author\" content=\"abigail\" \/>\n<meta name=\"twitter:card\" content=\"summary_large_image\" \/>\n<meta name=\"twitter:label1\" content=\"Escrito por\" \/>\n\t<meta name=\"twitter:data1\" content=\"abigail\" \/>\n\t<meta name=\"twitter:label2\" content=\"Tiempo de lectura\" \/>\n\t<meta name=\"twitter:data2\" content=\"2 minutos\" \/>\n<script type=\"application\/ld+json\" class=\"yoast-schema-graph\">{\"@context\":\"https:\\\/\\\/schema.org\",\"@graph\":[{\"@type\":\"Article\",\"@id\":\"https:\\\/\\\/grupohoymexico.com\\\/puebla\\\/2025\\\/05\\\/31\\\/armenta-llama-a-votar-este-domingo-el-pueblo-democratizara-el-poder-judicial\\\/#article\",\"isPartOf\":{\"@id\":\"https:\\\/\\\/grupohoymexico.com\\\/puebla\\\/2025\\\/05\\\/31\\\/armenta-llama-a-votar-este-domingo-el-pueblo-democratizara-el-poder-judicial\\\/\"},\"author\":{\"name\":\"abigail\",\"@id\":\"https:\\\/\\\/grupohoymexico.com\\\/puebla\\\/#\\\/schema\\\/person\\\/6465a81f74f8fe935623ced453f2c826\"},\"headline\":\"Armenta llama a votar: &#8216;Este domingo el pueblo democratizar\u00e1 el Poder Judicial\",\"datePublished\":\"2025-05-31T23:16:08+00:00\",\"dateModified\":\"2025-05-31T23:16:09+00:00\",\"mainEntityOfPage\":{\"@id\":\"https:\\\/\\\/grupohoymexico.com\\\/puebla\\\/2025\\\/05\\\/31\\\/armenta-llama-a-votar-este-domingo-el-pueblo-democratizara-el-poder-judicial\\\/\"},\"wordCount\":319,\"commentCount\":0,\"image\":{\"@id\":\"https:\\\/\\\/grupohoymexico.com\\\/puebla\\\/2025\\\/05\\\/31\\\/armenta-llama-a-votar-este-domingo-el-pueblo-democratizara-el-poder-judicial\\\/#primaryimage\"},\"thumbnailUrl\":\"https:\\\/\\\/grupohoymexico.com\\\/puebla\\\/wp-content\\\/uploads\\\/sites\\\/3\\\/2025\\\/05\\\/photo_5035498427986849367_y.jpg\",\"articleSection\":[\"Estatal\"],\"inLanguage\":\"es\",\"potentialAction\":[{\"@type\":\"CommentAction\",\"name\":\"Comment\",\"target\":[\"https:\\\/\\\/grupohoymexico.com\\\/puebla\\\/2025\\\/05\\\/31\\\/armenta-llama-a-votar-este-domingo-el-pueblo-democratizara-el-poder-judicial\\\/#respond\"]}]},{\"@type\":\"WebPage\",\"@id\":\"https:\\\/\\\/grupohoymexico.com\\\/puebla\\\/2025\\\/05\\\/31\\\/armenta-llama-a-votar-este-domingo-el-pueblo-democratizara-el-poder-judicial\\\/\",\"url\":\"https:\\\/\\\/grupohoymexico.com\\\/puebla\\\/2025\\\/05\\\/31\\\/armenta-llama-a-votar-este-domingo-el-pueblo-democratizara-el-poder-judicial\\\/\",\"name\":\"Armenta llama a votar: 'Este domingo el pueblo democratizar\u00e1 el Poder Judicial\",\"isPartOf\":{\"@id\":\"https:\\\/\\\/grupohoymexico.com\\\/puebla\\\/#website\"},\"primaryImageOfPage\":{\"@id\":\"https:\\\/\\\/grupohoymexico.com\\\/puebla\\\/2025\\\/05\\\/31\\\/armenta-llama-a-votar-este-domingo-el-pueblo-democratizara-el-poder-judicial\\\/#primaryimage\"},\"image\":{\"@id\":\"https:\\\/\\\/grupohoymexico.com\\\/puebla\\\/2025\\\/05\\\/31\\\/armenta-llama-a-votar-este-domingo-el-pueblo-democratizara-el-poder-judicial\\\/#primaryimage\"},\"thumbnailUrl\":\"https:\\\/\\\/grupohoymexico.com\\\/puebla\\\/wp-content\\\/uploads\\\/sites\\\/3\\\/2025\\\/05\\\/photo_5035498427986849367_y.jpg\",\"datePublished\":\"2025-05-31T23:16:08+00:00\",\"dateModified\":\"2025-05-31T23:16:09+00:00\",\"author\":{\"@id\":\"https:\\\/\\\/grupohoymexico.com\\\/puebla\\\/#\\\/schema\\\/person\\\/6465a81f74f8fe935623ced453f2c826\"},\"description\":\"Armenta urge a poblanos votar en elecci\u00f3n in\u00e9dita del Poder Judicial este domingo: 'Es privilegio del pueblo decidir',\",\"breadcrumb\":{\"@id\":\"https:\\\/\\\/grupohoymexico.com\\\/puebla\\\/2025\\\/05\\\/31\\\/armenta-llama-a-votar-este-domingo-el-pueblo-democratizara-el-poder-judicial\\\/#breadcrumb\"},\"inLanguage\":\"es\",\"potentialAction\":[{\"@type\":\"ReadAction\",\"target\":[\"https:\\\/\\\/grupohoymexico.com\\\/puebla\\\/2025\\\/05\\\/31\\\/armenta-llama-a-votar-este-domingo-el-pueblo-democratizara-el-poder-judicial\\\/\"]}]},{\"@type\":\"ImageObject\",\"inLanguage\":\"es\",\"@id\":\"https:\\\/\\\/grupohoymexico.com\\\/puebla\\\/2025\\\/05\\\/31\\\/armenta-llama-a-votar-este-domingo-el-pueblo-democratizara-el-poder-judicial\\\/#primaryimage\",\"url\":\"https:\\\/\\\/grupohoymexico.com\\\/puebla\\\/wp-content\\\/uploads\\\/sites\\\/3\\\/2025\\\/05\\\/photo_5035498427986849367_y.jpg\",\"contentUrl\":\"https:\\\/\\\/grupohoymexico.com\\\/puebla\\\/wp-content\\\/uploads\\\/sites\\\/3\\\/2025\\\/05\\\/photo_5035498427986849367_y.jpg\",\"width\":1200,\"height\":638},{\"@type\":\"BreadcrumbList\",\"@id\":\"https:\\\/\\\/grupohoymexico.com\\\/puebla\\\/2025\\\/05\\\/31\\\/armenta-llama-a-votar-este-domingo-el-pueblo-democratizara-el-poder-judicial\\\/#breadcrumb\",\"itemListElement\":[{\"@type\":\"ListItem\",\"position\":1,\"name\":\"Inicio\",\"item\":\"https:\\\/\\\/grupohoymexico.com\\\/puebla\\\/\"},{\"@type\":\"ListItem\",\"position\":2,\"name\":\"Armenta llama a votar: &#8216;Este domingo el pueblo democratizar\u00e1 el Poder Judicial\"}]},{\"@type\":\"WebSite\",\"@id\":\"https:\\\/\\\/grupohoymexico.com\\\/puebla\\\/#website\",\"url\":\"https:\\\/\\\/grupohoymexico.com\\\/puebla\\\/\",\"name\":\"Grupo Hoy Puebla\",\"description\":\"\",\"potentialAction\":[{\"@type\":\"SearchAction\",\"target\":{\"@type\":\"EntryPoint\",\"urlTemplate\":\"https:\\\/\\\/grupohoymexico.com\\\/puebla\\\/?s={search_term_string}\"},\"query-input\":{\"@type\":\"PropertyValueSpecification\",\"valueRequired\":true,\"valueName\":\"search_term_string\"}}],\"inLanguage\":\"es\"},{\"@type\":\"Person\",\"@id\":\"https:\\\/\\\/grupohoymexico.com\\\/puebla\\\/#\\\/schema\\\/person\\\/6465a81f74f8fe935623ced453f2c826\",\"name\":\"abigail\",\"image\":{\"@type\":\"ImageObject\",\"inLanguage\":\"es\",\"@id\":\"https:\\\/\\\/secure.gravatar.com\\\/avatar\\\/19e4cc706671384d4deef22e8ad915a9a269e11caaed9bd4611ed15f63900141?s=96&d=mm&r=g\",\"url\":\"https:\\\/\\\/secure.gravatar.com\\\/avatar\\\/19e4cc706671384d4deef22e8ad915a9a269e11caaed9bd4611ed15f63900141?s=96&d=mm&r=g\",\"contentUrl\":\"https:\\\/\\\/secure.gravatar.com\\\/avatar\\\/19e4cc706671384d4deef22e8ad915a9a269e11caaed9bd4611ed15f63900141?s=96&d=mm&r=g\",\"caption\":\"abigail\"},\"url\":\"https:\\\/\\\/grupohoymexico.com\\\/puebla\\\/author\\\/abigail\\\/\"}]}<\/script>\n<!-- \/ Yoast SEO Premium plugin. -->","yoast_head_json":{"title":"Armenta llama a votar: 'Este domingo el pueblo democratizar\u00e1 el Poder Judicial","description":"Armenta urge a poblanos votar en elecci\u00f3n in\u00e9dita del Poder Judicial este domingo: 'Es privilegio del pueblo decidir',","robots":{"index":"index","follow":"follow","max-snippet":"max-snippet:-1","max-image-preview":"max-image-preview:large","max-video-preview":"max-video-preview:-1"},"canonical":"https:\/\/grupohoymexico.com\/puebla\/2025\/05\/31\/armenta-llama-a-votar-este-domingo-el-pueblo-democratizara-el-poder-judicial\/","og_locale":"es_MX","og_type":"article","og_title":"Armenta llama a votar: 'Este domingo el pueblo democratizar\u00e1 el Poder Judicial","og_description":"Armenta urge a poblanos votar en elecci\u00f3n in\u00e9dita del Poder Judicial este domingo: 'Es privilegio del pueblo decidir',","og_url":"https:\/\/grupohoymexico.com\/puebla\/2025\/05\/31\/armenta-llama-a-votar-este-domingo-el-pueblo-democratizara-el-poder-judicial\/","og_site_name":"Grupo Hoy Puebla","article_published_time":"2025-05-31T23:16:08+00:00","article_modified_time":"2025-05-31T23:16:09+00:00","og_image":[{"width":1200,"height":638,"url":"https:\/\/grupohoymexico.com\/puebla\/wp-content\/uploads\/sites\/3\/2025\/05\/photo_5035498427986849367_y.jpg","type":"image\/jpeg"}],"author":"abigail","twitter_card":"summary_large_image","twitter_misc":{"Escrito por":"abigail","Tiempo de lectura":"2 minutos"},"schema":{"@context":"https:\/\/schema.org","@graph":[{"@type":"Article","@id":"https:\/\/grupohoymexico.com\/puebla\/2025\/05\/31\/armenta-llama-a-votar-este-domingo-el-pueblo-democratizara-el-poder-judicial\/#article","isPartOf":{"@id":"https:\/\/grupohoymexico.com\/puebla\/2025\/05\/31\/armenta-llama-a-votar-este-domingo-el-pueblo-democratizara-el-poder-judicial\/"},"author":{"name":"abigail","@id":"https:\/\/grupohoymexico.com\/puebla\/#\/schema\/person\/6465a81f74f8fe935623ced453f2c826"},"headline":"Armenta llama a votar: &#8216;Este domingo el pueblo democratizar\u00e1 el Poder Judicial","datePublished":"2025-05-31T23:16:08+00:00","dateModified":"2025-05-31T23:16:09+00:00","mainEntityOfPage":{"@id":"https:\/\/grupohoymexico.com\/puebla\/2025\/05\/31\/armenta-llama-a-votar-este-domingo-el-pueblo-democratizara-el-poder-judicial\/"},"wordCount":319,"commentCount":0,"image":{"@id":"https:\/\/grupohoymexico.com\/puebla\/2025\/05\/31\/armenta-llama-a-votar-este-domingo-el-pueblo-democratizara-el-poder-judicial\/#primaryimage"},"thumbnailUrl":"https:\/\/grupohoymexico.com\/puebla\/wp-content\/uploads\/sites\/3\/2025\/05\/photo_5035498427986849367_y.jpg","articleSection":["Estatal"],"inLanguage":"es","potentialAction":[{"@type":"CommentAction","name":"Comment","target":["https:\/\/grupohoymexico.com\/puebla\/2025\/05\/31\/armenta-llama-a-votar-este-domingo-el-pueblo-democratizara-el-poder-judicial\/#respond"]}]},{"@type":"WebPage","@id":"https:\/\/grupohoymexico.com\/puebla\/2025\/05\/31\/armenta-llama-a-votar-este-domingo-el-pueblo-democratizara-el-poder-judicial\/","url":"https:\/\/grupohoymexico.com\/puebla\/2025\/05\/31\/armenta-llama-a-votar-este-domingo-el-pueblo-democratizara-el-poder-judicial\/","name":"Armenta llama a votar: 'Este domingo el pueblo democratizar\u00e1 el Poder Judicial","isPartOf":{"@id":"https:\/\/grupohoymexico.com\/puebla\/#website"},"primaryImageOfPage":{"@id":"https:\/\/grupohoymexico.com\/puebla\/2025\/05\/31\/armenta-llama-a-votar-este-domingo-el-pueblo-democratizara-el-poder-judicial\/#primaryimage"},"image":{"@id":"https:\/\/grupohoymexico.com\/puebla\/2025\/05\/31\/armenta-llama-a-votar-este-domingo-el-pueblo-democratizara-el-poder-judicial\/#primaryimage"},"thumbnailUrl":"https:\/\/grupohoymexico.com\/puebla\/wp-content\/uploads\/sites\/3\/2025\/05\/photo_5035498427986849367_y.jpg","datePublished":"2025-05-31T23:16:08+00:00","dateModified":"2025-05-31T23:16:09+00:00","author":{"@id":"https:\/\/grupohoymexico.com\/puebla\/#\/schema\/person\/6465a81f74f8fe935623ced453f2c826"},"description":"Armenta urge a poblanos votar en elecci\u00f3n in\u00e9dita del Poder Judicial este domingo: 'Es privilegio del pueblo decidir',","breadcrumb":{"@id":"https:\/\/grupohoymexico.com\/puebla\/2025\/05\/31\/armenta-llama-a-votar-este-domingo-el-pueblo-democratizara-el-poder-judicial\/#breadcrumb"},"inLanguage":"es","potentialAction":[{"@type":"ReadAction","target":["https:\/\/grupohoymexico.com\/puebla\/2025\/05\/31\/armenta-llama-a-votar-este-domingo-el-pueblo-democratizara-el-poder-judicial\/"]}]},{"@type":"ImageObject","inLanguage":"es","@id":"https:\/\/grupohoymexico.com\/puebla\/2025\/05\/31\/armenta-llama-a-votar-este-domingo-el-pueblo-democratizara-el-poder-judicial\/#primaryimage","url":"https:\/\/grupohoymexico.com\/puebla\/wp-content\/uploads\/sites\/3\/2025\/05\/photo_5035498427986849367_y.jpg","contentUrl":"https:\/\/grupohoymexico.com\/puebla\/wp-content\/uploads\/sites\/3\/2025\/05\/photo_5035498427986849367_y.jpg","width":1200,"height":638},{"@type":"BreadcrumbList","@id":"https:\/\/grupohoymexico.com\/puebla\/2025\/05\/31\/armenta-llama-a-votar-este-domingo-el-pueblo-democratizara-el-poder-judicial\/#breadcrumb","itemListElement":[{"@type":"ListItem","position":1,"name":"Inicio","item":"https:\/\/grupohoymexico.com\/puebla\/"},{"@type":"ListItem","position":2,"name":"Armenta llama a votar: &#8216;Este domingo el pueblo democratizar\u00e1 el Poder Judicial"}]},{"@type":"WebSite","@id":"https:\/\/grupohoymexico.com\/puebla\/#website","url":"https:\/\/grupohoymexico.com\/puebla\/","name":"Grupo Hoy Puebla","description":"","potentialAction":[{"@type":"SearchAction","target":{"@type":"EntryPoint","urlTemplate":"https:\/\/grupohoymexico.com\/puebla\/?s={search_term_string}"},"query-input":{"@type":"PropertyValueSpecification","valueRequired":true,"valueName":"search_term_string"}}],"inLanguage":"es"},{"@type":"Person","@id":"https:\/\/grupohoymexico.com\/puebla\/#\/schema\/person\/6465a81f74f8fe935623ced453f2c826","name":"abigail","image":{"@type":"ImageObject","inLanguage":"es","@id":"https:\/\/secure.gravatar.com\/avatar\/19e4cc706671384d4deef22e8ad915a9a269e11caaed9bd4611ed15f63900141?s=96&d=mm&r=g","url":"https:\/\/secure.gravatar.com\/avatar\/19e4cc706671384d4deef22e8ad915a9a269e11caaed9bd4611ed15f63900141?s=96&d=mm&r=g","contentUrl":"https:\/\/secure.gravatar.com\/avatar\/19e4cc706671384d4deef22e8ad915a9a269e11caaed9bd4611ed15f63900141?s=96&d=mm&r=g","caption":"abigail"},"url":"https:\/\/grupohoymexico.com\/puebla\/author\/abigail\/"}]}},"_links":{"self":[{"href":"https:\/\/grupohoymexico.com\/puebla\/wp-json\/wp\/v2\/posts\/75156","targetHints":{"allow":["GET"]}}],"collection":[{"href":"https:\/\/grupohoymexico.com\/puebla\/wp-json\/wp\/v2\/posts"}],"about":[{"href":"https:\/\/grupohoymexico.com\/puebla\/wp-json\/wp\/v2\/types\/post"}],"author":[{"embeddable":true,"href":"https:\/\/grupohoymexico.com\/puebla\/wp-json\/wp\/v2\/users\/13"}],"replies":[{"embeddable":true,"href":"https:\/\/grupohoymexico.com\/puebla\/wp-json\/wp\/v2\/comments?post=75156"}],"version-history":[{"count":1,"href":"https:\/\/grupohoymexico.com\/puebla\/wp-json\/wp\/v2\/posts\/75156\/revisions"}],"predecessor-version":[{"id":75157,"href":"https:\/\/grupohoymexico.com\/puebla\/wp-json\/wp\/v2\/posts\/75156\/revisions\/75157"}],"wp:featuredmedia":[{"embeddable":true,"href":"https:\/\/grupohoymexico.com\/puebla\/wp-json\/wp\/v2\/media\/75158"}],"wp:attachment":[{"href":"https:\/\/grupohoymexico.com\/puebla\/wp-json\/wp\/v2\/media?parent=75156"}],"wp:term":[{"taxonomy":"category","embeddable":true,"href":"https:\/\/grupohoymexico.com\/puebla\/wp-json\/wp\/v2\/categories?post=75156"},{"taxonomy":"post_tag","embeddable":true,"href":"https:\/\/grupohoymexico.com\/puebla\/wp-json\/wp\/v2\/tags?post=75156"}],"curies":[{"name":"wp","href":"https:\/\/api.w.org\/{rel}","templated":true}]}}