{"id":75152,"date":"2025-05-31T21:29:43","date_gmt":"2025-05-31T21:29:43","guid":{"rendered":"https:\/\/grupohoymexico.com\/puebla\/?p=75152"},"modified":"2025-05-31T21:29:44","modified_gmt":"2025-05-31T21:29:44","slug":"armenta-participa-en-faena-para-rescatar-parque-la-carmela","status":"publish","type":"post","link":"https:\/\/grupohoymexico.com\/puebla\/2025\/05\/31\/armenta-participa-en-faena-para-rescatar-parque-la-carmela\/","title":{"rendered":"Armenta participa en faena para rescatar parque La Carmela"},"content":{"rendered":"\n<p>Con una brocha en mano y pintura amarilla en las guarniciones, el gobernador de <a href=\"https:\/\/grupohoymexico.com\/puebla\/2025\/05\/30\/gobierno-de-puebla-abre-puertas-al-empleo-con-cursos-gratuitos-para-la-comunidad\/\">Puebla,<\/a>\u00a0<strong>Alejandro Armenta<\/strong>, se sum\u00f3 a la\u00a0<strong>faena comunitaria #22<\/strong>\u00a0en el parque recreativo\u00a0<strong>&#8220;La Carmela&#8221;<\/strong>, un espacio que pas\u00f3 de ser una hidroel\u00e9ctrica abandonada a un pulm\u00f3n verde gracias al trabajo en equipo.\u00a0<em>&#8220;Si me dicen gobernador jardinero, pintor o desbrozador, me emociona. Crec\u00ed siendo \u00fatil y agradecido&#8221;<\/em>, comparti\u00f3 Armenta, quien no dud\u00f3 en ensuciarse las manos junto a vecinos, funcionarios y hasta su hijo,\u00a0<strong>Alex Armenta<\/strong>.<\/p>\n\n\n\n<p>Acompa\u00f1ado por&nbsp;<strong>M\u00f3nica Ortiz \u00c1lvarez<\/strong>, astrof\u00edsica oaxaque\u00f1a de visita en Puebla, y la&nbsp;<strong>secretaria de Cultura, Alejandra Pacheco<\/strong>, el mandatario defendi\u00f3 su estilo de gobierno cercano:&nbsp;<em>&#8220;Si pintar calles con el pueblo es ser populista, que me apunten&#8221;<\/em>. Durante la jornada, se donaron&nbsp;<strong>200 \u00e1rboles<\/strong>&nbsp;para reforestar la zona, y se anunciaron mejoras clave como:&nbsp;<strong>alumbrado p\u00fablico, c\u00e1maras de vigilancia conectadas al C5, un gimnasio al aire libre y la rehabilitaci\u00f3n del teatro comunitario<\/strong>.<\/p>\n\n\n\n\n\n<p>Vecinos de&nbsp;<strong>San Isidro Castillotla<\/strong>, quienes gestionaban el rescate del parque desde 2022 sin respuesta, celebraron la iniciativa.&nbsp;<em>&#8220;Es la primera vez que un gobernador viene a trabajar con nosotros&#8221;<\/em>, expresaron. Armenta, por su parte, record\u00f3 las ense\u00f1anzas de&nbsp;<strong>Claudia Sheinbaum<\/strong>&nbsp;y&nbsp;<strong>AMLO<\/strong>, subrayando que&nbsp;<em>&#8220;las faenas son motivo de festejo&#8221;<\/em>.<\/p>\n\n\n\n<h2 class=\"wp-block-heading\" id=\"h-que-transformaciones-tendra-el-parque-la-carmela\">\u00bfQu\u00e9 transformaciones tendr\u00e1 el parque La Carmela?<\/h2>\n\n\n\n<h4 class=\"wp-block-heading\" id=\"h-acciones-inmediatas\"><strong>Acciones inmediatas:<\/strong><\/h4>\n\n\n\n<p>\u2714&nbsp;<strong>Reforestaci\u00f3n<\/strong>: 200 \u00e1rboles nativos plantados.<br>\u2714&nbsp;<strong>Embellecimiento<\/strong>: Pintura de guarniciones y estructuras.<br>\u2714&nbsp;<strong>Seguridad<\/strong>: Instalaci\u00f3n de c\u00e1maras vinculadas al C5.<\/p>\n\n\n\n<h4 class=\"wp-block-heading\" id=\"h-proyectos-a-mediano-plazo\"><strong>Proyectos a mediano plazo:<\/strong><\/h4>\n\n\n\n<ul class=\"wp-block-list\">\n<li><strong>Paso peatonal<\/strong>\u00a0sobre la barranca.<\/li>\n\n\n\n<li><strong>Gimnasio al aire libre<\/strong>\u00a0para actividades f\u00edsicas.<\/li>\n\n\n\n<li><strong>Rehabilitaci\u00f3n del teatro comunitario<\/strong>.<\/li>\n<\/ul>\n\n\n\n<h4 class=\"wp-block-heading\" id=\"h-impacto-social\"><strong>Impacto social:<\/strong><\/h4>\n\n\n\n<ul class=\"wp-block-list\">\n<li><strong>Espacio seguro<\/strong>\u00a0para ni\u00f1os y adolescentes.<\/li>\n\n\n\n<li><strong>Revitalizaci\u00f3n<\/strong>\u00a0de zona hist\u00f3ricamente abandonada.<\/li>\n\n\n\n<li><strong>Modelo de gobernanza participativa<\/strong>\u00a0replicable en otros municipios.<\/li>\n<\/ul>\n\n\n\n<p><\/p>\n","protected":false},"excerpt":{"rendered":"Con una brocha en mano y pintura amarilla en las guarniciones, el gobernador de Puebla,\u00a0Alejandro Armenta, se sum\u00f3&hellip;","protected":false},"author":13,"featured_media":75154,"comment_status":"open","ping_status":"open","sticky":false,"template":"","format":"standard","meta":{"csco_display_header_overlay":false,"csco_singular_sidebar":"","csco_page_header_type":"","csco_page_load_nextpost":"","csco_post_video_location":[],"csco_post_video_location_hash":"","csco_post_video_url":"","csco_post_video_bg_start_time":0,"csco_post_video_bg_end_time":0,"footnotes":""},"categories":[1],"tags":[],"class_list":{"0":"post-75152","1":"post","2":"type-post","3":"status-publish","4":"format-standard","5":"has-post-thumbnail","7":"category-uncategorized","8":"cs-entry","9":"cs-video-wrap"},"yoast_head":"<!-- This site is optimized with the Yoast SEO Premium plugin v24.7 (Yoast SEO v27.4) - https:\/\/yoast.com\/product\/yoast-seo-premium-wordpress\/ -->\n<title>Armenta participa en faena para rescatar parque La Carmela<\/title>\n<meta name=\"description\" content=\"Gobernador de Puebla, Alejandro Armenta, se suma a faena comunitaria en parque La Carmela. Embellecimiento y reforestaci\u00f3n en acci\u00f3n.\" \/>\n<meta name=\"robots\" content=\"index, follow, max-snippet:-1, max-image-preview:large, max-video-preview:-1\" \/>\n<link rel=\"canonical\" href=\"https:\/\/grupohoymexico.com\/puebla\/2025\/05\/31\/armenta-participa-en-faena-para-rescatar-parque-la-carmela\/\" \/>\n<meta property=\"og:locale\" content=\"es_MX\" \/>\n<meta property=\"og:type\" content=\"article\" \/>\n<meta property=\"og:title\" content=\"Armenta participa en faena para rescatar parque La Carmela\" \/>\n<meta property=\"og:description\" content=\"Gobernador de Puebla, Alejandro Armenta, se suma a faena comunitaria en parque La Carmela. Embellecimiento y reforestaci\u00f3n en acci\u00f3n.\" \/>\n<meta property=\"og:url\" content=\"https:\/\/grupohoymexico.com\/puebla\/2025\/05\/31\/armenta-participa-en-faena-para-rescatar-parque-la-carmela\/\" \/>\n<meta property=\"og:site_name\" content=\"Grupo Hoy Puebla\" \/>\n<meta property=\"article:published_time\" content=\"2025-05-31T21:29:43+00:00\" \/>\n<meta property=\"article:modified_time\" content=\"2025-05-31T21:29:44+00:00\" \/>\n<meta property=\"og:image\" content=\"https:\/\/grupohoymexico.com\/puebla\/wp-content\/uploads\/sites\/3\/2025\/05\/photo_5035498427986849357_y.jpg\" \/>\n\t<meta property=\"og:image:width\" content=\"1200\" \/>\n\t<meta property=\"og:image:height\" content=\"638\" \/>\n\t<meta property=\"og:image:type\" content=\"image\/jpeg\" \/>\n<meta name=\"author\" content=\"abigail\" \/>\n<meta name=\"twitter:card\" content=\"summary_large_image\" \/>\n<meta name=\"twitter:label1\" content=\"Escrito por\" \/>\n\t<meta name=\"twitter:data1\" content=\"abigail\" \/>\n\t<meta name=\"twitter:label2\" content=\"Tiempo de lectura\" \/>\n\t<meta name=\"twitter:data2\" content=\"2 minutos\" \/>\n<script type=\"application\/ld+json\" class=\"yoast-schema-graph\">{\"@context\":\"https:\\\/\\\/schema.org\",\"@graph\":[{\"@type\":\"Article\",\"@id\":\"https:\\\/\\\/grupohoymexico.com\\\/puebla\\\/2025\\\/05\\\/31\\\/armenta-participa-en-faena-para-rescatar-parque-la-carmela\\\/#article\",\"isPartOf\":{\"@id\":\"https:\\\/\\\/grupohoymexico.com\\\/puebla\\\/2025\\\/05\\\/31\\\/armenta-participa-en-faena-para-rescatar-parque-la-carmela\\\/\"},\"author\":{\"name\":\"abigail\",\"@id\":\"https:\\\/\\\/grupohoymexico.com\\\/puebla\\\/#\\\/schema\\\/person\\\/6465a81f74f8fe935623ced453f2c826\"},\"headline\":\"Armenta participa en faena para rescatar parque La Carmela\",\"datePublished\":\"2025-05-31T21:29:43+00:00\",\"dateModified\":\"2025-05-31T21:29:44+00:00\",\"mainEntityOfPage\":{\"@id\":\"https:\\\/\\\/grupohoymexico.com\\\/puebla\\\/2025\\\/05\\\/31\\\/armenta-participa-en-faena-para-rescatar-parque-la-carmela\\\/\"},\"wordCount\":313,\"commentCount\":0,\"image\":{\"@id\":\"https:\\\/\\\/grupohoymexico.com\\\/puebla\\\/2025\\\/05\\\/31\\\/armenta-participa-en-faena-para-rescatar-parque-la-carmela\\\/#primaryimage\"},\"thumbnailUrl\":\"https:\\\/\\\/grupohoymexico.com\\\/puebla\\\/wp-content\\\/uploads\\\/sites\\\/3\\\/2025\\\/05\\\/photo_5035498427986849357_y.jpg\",\"articleSection\":[\"Uncategorized\"],\"inLanguage\":\"es\",\"potentialAction\":[{\"@type\":\"CommentAction\",\"name\":\"Comment\",\"target\":[\"https:\\\/\\\/grupohoymexico.com\\\/puebla\\\/2025\\\/05\\\/31\\\/armenta-participa-en-faena-para-rescatar-parque-la-carmela\\\/#respond\"]}]},{\"@type\":\"WebPage\",\"@id\":\"https:\\\/\\\/grupohoymexico.com\\\/puebla\\\/2025\\\/05\\\/31\\\/armenta-participa-en-faena-para-rescatar-parque-la-carmela\\\/\",\"url\":\"https:\\\/\\\/grupohoymexico.com\\\/puebla\\\/2025\\\/05\\\/31\\\/armenta-participa-en-faena-para-rescatar-parque-la-carmela\\\/\",\"name\":\"Armenta participa en faena para rescatar parque La Carmela\",\"isPartOf\":{\"@id\":\"https:\\\/\\\/grupohoymexico.com\\\/puebla\\\/#website\"},\"primaryImageOfPage\":{\"@id\":\"https:\\\/\\\/grupohoymexico.com\\\/puebla\\\/2025\\\/05\\\/31\\\/armenta-participa-en-faena-para-rescatar-parque-la-carmela\\\/#primaryimage\"},\"image\":{\"@id\":\"https:\\\/\\\/grupohoymexico.com\\\/puebla\\\/2025\\\/05\\\/31\\\/armenta-participa-en-faena-para-rescatar-parque-la-carmela\\\/#primaryimage\"},\"thumbnailUrl\":\"https:\\\/\\\/grupohoymexico.com\\\/puebla\\\/wp-content\\\/uploads\\\/sites\\\/3\\\/2025\\\/05\\\/photo_5035498427986849357_y.jpg\",\"datePublished\":\"2025-05-31T21:29:43+00:00\",\"dateModified\":\"2025-05-31T21:29:44+00:00\",\"author\":{\"@id\":\"https:\\\/\\\/grupohoymexico.com\\\/puebla\\\/#\\\/schema\\\/person\\\/6465a81f74f8fe935623ced453f2c826\"},\"description\":\"Gobernador de Puebla, Alejandro Armenta, se suma a faena comunitaria en parque La Carmela. Embellecimiento y reforestaci\u00f3n en acci\u00f3n.\",\"breadcrumb\":{\"@id\":\"https:\\\/\\\/grupohoymexico.com\\\/puebla\\\/2025\\\/05\\\/31\\\/armenta-participa-en-faena-para-rescatar-parque-la-carmela\\\/#breadcrumb\"},\"inLanguage\":\"es\",\"potentialAction\":[{\"@type\":\"ReadAction\",\"target\":[\"https:\\\/\\\/grupohoymexico.com\\\/puebla\\\/2025\\\/05\\\/31\\\/armenta-participa-en-faena-para-rescatar-parque-la-carmela\\\/\"]}]},{\"@type\":\"ImageObject\",\"inLanguage\":\"es\",\"@id\":\"https:\\\/\\\/grupohoymexico.com\\\/puebla\\\/2025\\\/05\\\/31\\\/armenta-participa-en-faena-para-rescatar-parque-la-carmela\\\/#primaryimage\",\"url\":\"https:\\\/\\\/grupohoymexico.com\\\/puebla\\\/wp-content\\\/uploads\\\/sites\\\/3\\\/2025\\\/05\\\/photo_5035498427986849357_y.jpg\",\"contentUrl\":\"https:\\\/\\\/grupohoymexico.com\\\/puebla\\\/wp-content\\\/uploads\\\/sites\\\/3\\\/2025\\\/05\\\/photo_5035498427986849357_y.jpg\",\"width\":1200,\"height\":638},{\"@type\":\"BreadcrumbList\",\"@id\":\"https:\\\/\\\/grupohoymexico.com\\\/puebla\\\/2025\\\/05\\\/31\\\/armenta-participa-en-faena-para-rescatar-parque-la-carmela\\\/#breadcrumb\",\"itemListElement\":[{\"@type\":\"ListItem\",\"position\":1,\"name\":\"Inicio\",\"item\":\"https:\\\/\\\/grupohoymexico.com\\\/puebla\\\/\"},{\"@type\":\"ListItem\",\"position\":2,\"name\":\"Armenta participa en faena para rescatar parque La Carmela\"}]},{\"@type\":\"WebSite\",\"@id\":\"https:\\\/\\\/grupohoymexico.com\\\/puebla\\\/#website\",\"url\":\"https:\\\/\\\/grupohoymexico.com\\\/puebla\\\/\",\"name\":\"Grupo Hoy Puebla\",\"description\":\"\",\"potentialAction\":[{\"@type\":\"SearchAction\",\"target\":{\"@type\":\"EntryPoint\",\"urlTemplate\":\"https:\\\/\\\/grupohoymexico.com\\\/puebla\\\/?s={search_term_string}\"},\"query-input\":{\"@type\":\"PropertyValueSpecification\",\"valueRequired\":true,\"valueName\":\"search_term_string\"}}],\"inLanguage\":\"es\"},{\"@type\":\"Person\",\"@id\":\"https:\\\/\\\/grupohoymexico.com\\\/puebla\\\/#\\\/schema\\\/person\\\/6465a81f74f8fe935623ced453f2c826\",\"name\":\"abigail\",\"image\":{\"@type\":\"ImageObject\",\"inLanguage\":\"es\",\"@id\":\"https:\\\/\\\/secure.gravatar.com\\\/avatar\\\/19e4cc706671384d4deef22e8ad915a9a269e11caaed9bd4611ed15f63900141?s=96&d=mm&r=g\",\"url\":\"https:\\\/\\\/secure.gravatar.com\\\/avatar\\\/19e4cc706671384d4deef22e8ad915a9a269e11caaed9bd4611ed15f63900141?s=96&d=mm&r=g\",\"contentUrl\":\"https:\\\/\\\/secure.gravatar.com\\\/avatar\\\/19e4cc706671384d4deef22e8ad915a9a269e11caaed9bd4611ed15f63900141?s=96&d=mm&r=g\",\"caption\":\"abigail\"},\"url\":\"https:\\\/\\\/grupohoymexico.com\\\/puebla\\\/author\\\/abigail\\\/\"}]}<\/script>\n<!-- \/ Yoast SEO Premium plugin. -->","yoast_head_json":{"title":"Armenta participa en faena para rescatar parque La Carmela","description":"Gobernador de Puebla, Alejandro Armenta, se suma a faena comunitaria en parque La Carmela. Embellecimiento y reforestaci\u00f3n en acci\u00f3n.","robots":{"index":"index","follow":"follow","max-snippet":"max-snippet:-1","max-image-preview":"max-image-preview:large","max-video-preview":"max-video-preview:-1"},"canonical":"https:\/\/grupohoymexico.com\/puebla\/2025\/05\/31\/armenta-participa-en-faena-para-rescatar-parque-la-carmela\/","og_locale":"es_MX","og_type":"article","og_title":"Armenta participa en faena para rescatar parque La Carmela","og_description":"Gobernador de Puebla, Alejandro Armenta, se suma a faena comunitaria en parque La Carmela. Embellecimiento y reforestaci\u00f3n en acci\u00f3n.","og_url":"https:\/\/grupohoymexico.com\/puebla\/2025\/05\/31\/armenta-participa-en-faena-para-rescatar-parque-la-carmela\/","og_site_name":"Grupo Hoy Puebla","article_published_time":"2025-05-31T21:29:43+00:00","article_modified_time":"2025-05-31T21:29:44+00:00","og_image":[{"width":1200,"height":638,"url":"https:\/\/grupohoymexico.com\/puebla\/wp-content\/uploads\/sites\/3\/2025\/05\/photo_5035498427986849357_y.jpg","type":"image\/jpeg"}],"author":"abigail","twitter_card":"summary_large_image","twitter_misc":{"Escrito por":"abigail","Tiempo de lectura":"2 minutos"},"schema":{"@context":"https:\/\/schema.org","@graph":[{"@type":"Article","@id":"https:\/\/grupohoymexico.com\/puebla\/2025\/05\/31\/armenta-participa-en-faena-para-rescatar-parque-la-carmela\/#article","isPartOf":{"@id":"https:\/\/grupohoymexico.com\/puebla\/2025\/05\/31\/armenta-participa-en-faena-para-rescatar-parque-la-carmela\/"},"author":{"name":"abigail","@id":"https:\/\/grupohoymexico.com\/puebla\/#\/schema\/person\/6465a81f74f8fe935623ced453f2c826"},"headline":"Armenta participa en faena para rescatar parque La Carmela","datePublished":"2025-05-31T21:29:43+00:00","dateModified":"2025-05-31T21:29:44+00:00","mainEntityOfPage":{"@id":"https:\/\/grupohoymexico.com\/puebla\/2025\/05\/31\/armenta-participa-en-faena-para-rescatar-parque-la-carmela\/"},"wordCount":313,"commentCount":0,"image":{"@id":"https:\/\/grupohoymexico.com\/puebla\/2025\/05\/31\/armenta-participa-en-faena-para-rescatar-parque-la-carmela\/#primaryimage"},"thumbnailUrl":"https:\/\/grupohoymexico.com\/puebla\/wp-content\/uploads\/sites\/3\/2025\/05\/photo_5035498427986849357_y.jpg","articleSection":["Uncategorized"],"inLanguage":"es","potentialAction":[{"@type":"CommentAction","name":"Comment","target":["https:\/\/grupohoymexico.com\/puebla\/2025\/05\/31\/armenta-participa-en-faena-para-rescatar-parque-la-carmela\/#respond"]}]},{"@type":"WebPage","@id":"https:\/\/grupohoymexico.com\/puebla\/2025\/05\/31\/armenta-participa-en-faena-para-rescatar-parque-la-carmela\/","url":"https:\/\/grupohoymexico.com\/puebla\/2025\/05\/31\/armenta-participa-en-faena-para-rescatar-parque-la-carmela\/","name":"Armenta participa en faena para rescatar parque La Carmela","isPartOf":{"@id":"https:\/\/grupohoymexico.com\/puebla\/#website"},"primaryImageOfPage":{"@id":"https:\/\/grupohoymexico.com\/puebla\/2025\/05\/31\/armenta-participa-en-faena-para-rescatar-parque-la-carmela\/#primaryimage"},"image":{"@id":"https:\/\/grupohoymexico.com\/puebla\/2025\/05\/31\/armenta-participa-en-faena-para-rescatar-parque-la-carmela\/#primaryimage"},"thumbnailUrl":"https:\/\/grupohoymexico.com\/puebla\/wp-content\/uploads\/sites\/3\/2025\/05\/photo_5035498427986849357_y.jpg","datePublished":"2025-05-31T21:29:43+00:00","dateModified":"2025-05-31T21:29:44+00:00","author":{"@id":"https:\/\/grupohoymexico.com\/puebla\/#\/schema\/person\/6465a81f74f8fe935623ced453f2c826"},"description":"Gobernador de Puebla, Alejandro Armenta, se suma a faena comunitaria en parque La Carmela. Embellecimiento y reforestaci\u00f3n en acci\u00f3n.","breadcrumb":{"@id":"https:\/\/grupohoymexico.com\/puebla\/2025\/05\/31\/armenta-participa-en-faena-para-rescatar-parque-la-carmela\/#breadcrumb"},"inLanguage":"es","potentialAction":[{"@type":"ReadAction","target":["https:\/\/grupohoymexico.com\/puebla\/2025\/05\/31\/armenta-participa-en-faena-para-rescatar-parque-la-carmela\/"]}]},{"@type":"ImageObject","inLanguage":"es","@id":"https:\/\/grupohoymexico.com\/puebla\/2025\/05\/31\/armenta-participa-en-faena-para-rescatar-parque-la-carmela\/#primaryimage","url":"https:\/\/grupohoymexico.com\/puebla\/wp-content\/uploads\/sites\/3\/2025\/05\/photo_5035498427986849357_y.jpg","contentUrl":"https:\/\/grupohoymexico.com\/puebla\/wp-content\/uploads\/sites\/3\/2025\/05\/photo_5035498427986849357_y.jpg","width":1200,"height":638},{"@type":"BreadcrumbList","@id":"https:\/\/grupohoymexico.com\/puebla\/2025\/05\/31\/armenta-participa-en-faena-para-rescatar-parque-la-carmela\/#breadcrumb","itemListElement":[{"@type":"ListItem","position":1,"name":"Inicio","item":"https:\/\/grupohoymexico.com\/puebla\/"},{"@type":"ListItem","position":2,"name":"Armenta participa en faena para rescatar parque La Carmela"}]},{"@type":"WebSite","@id":"https:\/\/grupohoymexico.com\/puebla\/#website","url":"https:\/\/grupohoymexico.com\/puebla\/","name":"Grupo Hoy Puebla","description":"","potentialAction":[{"@type":"SearchAction","target":{"@type":"EntryPoint","urlTemplate":"https:\/\/grupohoymexico.com\/puebla\/?s={search_term_string}"},"query-input":{"@type":"PropertyValueSpecification","valueRequired":true,"valueName":"search_term_string"}}],"inLanguage":"es"},{"@type":"Person","@id":"https:\/\/grupohoymexico.com\/puebla\/#\/schema\/person\/6465a81f74f8fe935623ced453f2c826","name":"abigail","image":{"@type":"ImageObject","inLanguage":"es","@id":"https:\/\/secure.gravatar.com\/avatar\/19e4cc706671384d4deef22e8ad915a9a269e11caaed9bd4611ed15f63900141?s=96&d=mm&r=g","url":"https:\/\/secure.gravatar.com\/avatar\/19e4cc706671384d4deef22e8ad915a9a269e11caaed9bd4611ed15f63900141?s=96&d=mm&r=g","contentUrl":"https:\/\/secure.gravatar.com\/avatar\/19e4cc706671384d4deef22e8ad915a9a269e11caaed9bd4611ed15f63900141?s=96&d=mm&r=g","caption":"abigail"},"url":"https:\/\/grupohoymexico.com\/puebla\/author\/abigail\/"}]}},"_links":{"self":[{"href":"https:\/\/grupohoymexico.com\/puebla\/wp-json\/wp\/v2\/posts\/75152","targetHints":{"allow":["GET"]}}],"collection":[{"href":"https:\/\/grupohoymexico.com\/puebla\/wp-json\/wp\/v2\/posts"}],"about":[{"href":"https:\/\/grupohoymexico.com\/puebla\/wp-json\/wp\/v2\/types\/post"}],"author":[{"embeddable":true,"href":"https:\/\/grupohoymexico.com\/puebla\/wp-json\/wp\/v2\/users\/13"}],"replies":[{"embeddable":true,"href":"https:\/\/grupohoymexico.com\/puebla\/wp-json\/wp\/v2\/comments?post=75152"}],"version-history":[{"count":2,"href":"https:\/\/grupohoymexico.com\/puebla\/wp-json\/wp\/v2\/posts\/75152\/revisions"}],"predecessor-version":[{"id":75155,"href":"https:\/\/grupohoymexico.com\/puebla\/wp-json\/wp\/v2\/posts\/75152\/revisions\/75155"}],"wp:featuredmedia":[{"embeddable":true,"href":"https:\/\/grupohoymexico.com\/puebla\/wp-json\/wp\/v2\/media\/75154"}],"wp:attachment":[{"href":"https:\/\/grupohoymexico.com\/puebla\/wp-json\/wp\/v2\/media?parent=75152"}],"wp:term":[{"taxonomy":"category","embeddable":true,"href":"https:\/\/grupohoymexico.com\/puebla\/wp-json\/wp\/v2\/categories?post=75152"},{"taxonomy":"post_tag","embeddable":true,"href":"https:\/\/grupohoymexico.com\/puebla\/wp-json\/wp\/v2\/tags?post=75152"}],"curies":[{"name":"wp","href":"https:\/\/api.w.org\/{rel}","templated":true}]}}