{"id":75141,"date":"2025-05-30T18:58:32","date_gmt":"2025-05-30T18:58:32","guid":{"rendered":"https:\/\/grupohoymexico.com\/puebla\/?p=75141"},"modified":"2025-05-30T18:58:32","modified_gmt":"2025-05-30T18:58:32","slug":"puebla-refuerza-su-lucha-contra-la-corrupcion-con-nuevo-convenio-entre-el-ayuntamiento-y-el-cepc","status":"publish","type":"post","link":"https:\/\/grupohoymexico.com\/puebla\/2025\/05\/30\/puebla-refuerza-su-lucha-contra-la-corrupcion-con-nuevo-convenio-entre-el-ayuntamiento-y-el-cepc\/","title":{"rendered":"Puebla refuerza su lucha contra la corrupci\u00f3n con nuevo convenio entre el ayuntamiento y el CEPC"},"content":{"rendered":"\n<p>El presidente municipal de <strong><a href=\"https:\/\/grupohoymexico.com\/puebla\/\">Puebla<\/a><\/strong>, <strong>Pepe Chedraui Budib<\/strong>, firm\u00f3 un <strong>Convenio de Colaboraci\u00f3n<\/strong> con el <strong><a href=\"http:\/\/cepcpuebla.org\/\">Comit\u00e9 Estatal de Participaci\u00f3n Ciudadana (CEPC)<\/a><\/strong> del <strong>Sistema Anticorrupci\u00f3n del Estado<\/strong>, con la finalidad de consolidar esfuerzos para <strong>combatir la corrupci\u00f3n<\/strong>, promover la <strong>transparencia<\/strong> y mejorar la <strong>rendici\u00f3n de cuentas<\/strong> en la administraci\u00f3n local.<\/p>\n\n\n\n<p>Este convenio representa un paso estrat\u00e9gico para establecer un trabajo coordinado entre el Ayuntamiento y el CEPC, que permita impulsar una cultura de integridad y confianza ciudadana en el gobierno municipal.<\/p>\n\n\n\n<figure class=\"wp-block-image size-large\"><img fetchpriority=\"high\" decoding=\"async\" width=\"1024\" height=\"682\" src=\"https:\/\/grupohoymexico.com\/puebla\/wp-content\/uploads\/sites\/3\/2025\/05\/500760766_1211170913796481_4754970933648609863_n-1024x682.jpg\" alt=\"\" class=\"wp-image-75145\" srcset=\"https:\/\/grupohoymexico.com\/puebla\/wp-content\/uploads\/sites\/3\/2025\/05\/500760766_1211170913796481_4754970933648609863_n-1024x682.jpg 1024w, https:\/\/grupohoymexico.com\/puebla\/wp-content\/uploads\/sites\/3\/2025\/05\/500760766_1211170913796481_4754970933648609863_n-300x200.jpg 300w, https:\/\/grupohoymexico.com\/puebla\/wp-content\/uploads\/sites\/3\/2025\/05\/500760766_1211170913796481_4754970933648609863_n-768x512.jpg 768w, https:\/\/grupohoymexico.com\/puebla\/wp-content\/uploads\/sites\/3\/2025\/05\/500760766_1211170913796481_4754970933648609863_n-1536x1023.jpg 1536w, https:\/\/grupohoymexico.com\/puebla\/wp-content\/uploads\/sites\/3\/2025\/05\/500760766_1211170913796481_4754970933648609863_n-332x221.jpg 332w, https:\/\/grupohoymexico.com\/puebla\/wp-content\/uploads\/sites\/3\/2025\/05\/500760766_1211170913796481_4754970933648609863_n-664x442.jpg 664w, https:\/\/grupohoymexico.com\/puebla\/wp-content\/uploads\/sites\/3\/2025\/05\/500760766_1211170913796481_4754970933648609863_n-688x458.jpg 688w, https:\/\/grupohoymexico.com\/puebla\/wp-content\/uploads\/sites\/3\/2025\/05\/500760766_1211170913796481_4754970933648609863_n-1044x695.jpg 1044w, https:\/\/grupohoymexico.com\/puebla\/wp-content\/uploads\/sites\/3\/2025\/05\/500760766_1211170913796481_4754970933648609863_n-1400x932.jpg 1400w, https:\/\/grupohoymexico.com\/puebla\/wp-content\/uploads\/sites\/3\/2025\/05\/500760766_1211170913796481_4754970933648609863_n-1920x1279.jpg 1920w, https:\/\/grupohoymexico.com\/puebla\/wp-content\/uploads\/sites\/3\/2025\/05\/500760766_1211170913796481_4754970933648609863_n.jpg 2048w\" sizes=\"(max-width: 1024px) 100vw, 1024px\" \/><\/figure>\n\n\n\n<h3 class=\"wp-block-heading\" id=\"h-acciones-conjuntas-capacitacion-difusion-e-investigacion\"><strong>Acciones conjuntas: Capacitaci\u00f3n, difusi\u00f3n e investigaci\u00f3n<\/strong><\/h3>\n\n\n\n<p>La alianza contempla la realizaci\u00f3n de diversas actividades conjuntas, tales como:<\/p>\n\n\n\n<ul class=\"wp-block-list\">\n<li><strong>Capacitaci\u00f3n<\/strong> al personal municipal para fortalecer sus capacidades en materia anticorrupci\u00f3n.<\/li>\n\n\n\n<li><strong>Difusi\u00f3n<\/strong> de campa\u00f1as y mensajes que incentiven la participaci\u00f3n activa de la ciudadan\u00eda.<\/li>\n\n\n\n<li><strong>Investigaci\u00f3n<\/strong> colaborativa para detectar y atender posibles irregularidades.<\/li>\n\n\n\n<li><strong>Impulso a la participaci\u00f3n ciudadana<\/strong> como motor de vigilancia y control social.<\/li>\n<\/ul>\n\n\n\n<p>De esta manera, el convenio busca crear un ambiente de colaboraci\u00f3n permanente y transparente entre autoridades y sociedad civil.<\/p>\n\n\n\n<h3 class=\"wp-block-heading\" id=\"h-reconocimiento-nacional-y-compromiso-con-un-gobierno-abierto\"><strong>Reconocimiento nacional y compromiso con un gobierno abierto<\/strong><\/h3>\n\n\n\n<p>Durante la firma del convenio, el presidente municipal record\u00f3 que su administraci\u00f3n ha sido reconocida con el <strong>primer lugar nacional en rendici\u00f3n de cuentas<\/strong>, seg\u00fan la Secretar\u00eda de Hacienda. En ese sentido, reafirm\u00f3 su compromiso con un <strong>gobierno abierto, honesto y eficiente<\/strong>.<\/p>\n\n\n\n<blockquote class=\"wp-block-quote is-layout-flow wp-block-quote-is-layout-flow\">\n<p>\u201cEste acuerdo refleja nuestra firme convicci\u00f3n de que solo a trav\u00e9s de la transparencia y la participaci\u00f3n ciudadana podemos avanzar hacia un Puebla m\u00e1s justo y confiable\u201d, expres\u00f3 Pepe Chedraui.<\/p>\n<\/blockquote>\n\n\n\n<figure class=\"wp-block-image size-large\"><img decoding=\"async\" width=\"1024\" height=\"682\" src=\"https:\/\/grupohoymexico.com\/puebla\/wp-content\/uploads\/sites\/3\/2025\/05\/500655249_1211171047129801_9182467505329328103_n-1024x682.jpg\" alt=\"\" class=\"wp-image-75146\" srcset=\"https:\/\/grupohoymexico.com\/puebla\/wp-content\/uploads\/sites\/3\/2025\/05\/500655249_1211171047129801_9182467505329328103_n-1024x682.jpg 1024w, https:\/\/grupohoymexico.com\/puebla\/wp-content\/uploads\/sites\/3\/2025\/05\/500655249_1211171047129801_9182467505329328103_n-300x200.jpg 300w, https:\/\/grupohoymexico.com\/puebla\/wp-content\/uploads\/sites\/3\/2025\/05\/500655249_1211171047129801_9182467505329328103_n-768x512.jpg 768w, https:\/\/grupohoymexico.com\/puebla\/wp-content\/uploads\/sites\/3\/2025\/05\/500655249_1211171047129801_9182467505329328103_n-1536x1023.jpg 1536w, https:\/\/grupohoymexico.com\/puebla\/wp-content\/uploads\/sites\/3\/2025\/05\/500655249_1211171047129801_9182467505329328103_n-332x221.jpg 332w, https:\/\/grupohoymexico.com\/puebla\/wp-content\/uploads\/sites\/3\/2025\/05\/500655249_1211171047129801_9182467505329328103_n-664x442.jpg 664w, https:\/\/grupohoymexico.com\/puebla\/wp-content\/uploads\/sites\/3\/2025\/05\/500655249_1211171047129801_9182467505329328103_n-688x458.jpg 688w, https:\/\/grupohoymexico.com\/puebla\/wp-content\/uploads\/sites\/3\/2025\/05\/500655249_1211171047129801_9182467505329328103_n-1044x695.jpg 1044w, https:\/\/grupohoymexico.com\/puebla\/wp-content\/uploads\/sites\/3\/2025\/05\/500655249_1211171047129801_9182467505329328103_n-1400x932.jpg 1400w, https:\/\/grupohoymexico.com\/puebla\/wp-content\/uploads\/sites\/3\/2025\/05\/500655249_1211171047129801_9182467505329328103_n-1920x1279.jpg 1920w, https:\/\/grupohoymexico.com\/puebla\/wp-content\/uploads\/sites\/3\/2025\/05\/500655249_1211171047129801_9182467505329328103_n.jpg 2048w\" sizes=\"(max-width: 1024px) 100vw, 1024px\" \/><\/figure>\n\n\n\n<h3 class=\"wp-block-heading\" id=\"h-voces-que-respaldan-la-colaboracion\"><strong>Voces que respaldan la colaboraci\u00f3n<\/strong><\/h3>\n\n\n\n<p>Por su parte, <strong>Laura Elizabeth Garc\u00eda<\/strong>, Coordinadora General de Transparencia del Ayuntamiento, destac\u00f3 la importancia de esta alianza para fortalecer la integridad institucional y mejorar los mecanismos de control interno.<\/p>\n\n\n\n<p>Asimismo, <strong>Laura Elisa Morales<\/strong>, presidenta del CEPC, se\u00f1al\u00f3 que este convenio representa un compromiso conjunto entre autoridades y ciudadan\u00eda para construir un gobierno <strong>m\u00e1s participativo y confiable<\/strong>.<\/p>\n\n\n\n<blockquote class=\"wp-block-quote is-layout-flow wp-block-quote-is-layout-flow\">\n<p>\u201cCon esta colaboraci\u00f3n, Puebla se posiciona como un referente en buenas pr\u00e1cticas p\u00fablicas y en la promoci\u00f3n de una cultura anticorrupci\u00f3n\u201d, a\u00f1adi\u00f3 Morales.<\/p>\n<\/blockquote>\n\n\n\n<p>El convenio firmado entre el Ayuntamiento de Puebla y el CEPC marca un hito en la lucha contra la corrupci\u00f3n y el fortalecimiento de la gobernanza local, al poner a la transparencia y la rendici\u00f3n de cuentas como pilares fundamentales.<\/p>\n","protected":false},"excerpt":{"rendered":"El presidente municipal de Puebla, Pepe Chedraui Budib, firm\u00f3 un Convenio de Colaboraci\u00f3n con el Comit\u00e9 Estatal de&hellip;","protected":false},"author":5,"featured_media":75147,"comment_status":"open","ping_status":"open","sticky":false,"template":"","format":"standard","meta":{"csco_display_header_overlay":false,"csco_singular_sidebar":"","csco_page_header_type":"","csco_page_load_nextpost":"","csco_post_video_location":[],"csco_post_video_location_hash":"","csco_post_video_url":"","csco_post_video_bg_start_time":0,"csco_post_video_bg_end_time":0,"footnotes":""},"categories":[29,26],"tags":[],"class_list":{"0":"post-75141","1":"post","2":"type-post","3":"status-publish","4":"format-standard","5":"has-post-thumbnail","7":"category-estatal","8":"category-politica","9":"cs-entry","10":"cs-video-wrap"},"yoast_head":"<!-- This site is optimized with the Yoast SEO Premium plugin v24.7 (Yoast SEO v27.4) - https:\/\/yoast.com\/product\/yoast-seo-premium-wordpress\/ -->\n<title>Puebla refuerza su lucha contra la corrupci\u00f3n con nuevo convenio entre el ayuntamiento y el CEPC - Grupo Hoy Puebla<\/title>\n<meta name=\"description\" content=\"El presidente municipal de Puebla, Pepe Chedraui, firm\u00f3 un Convenio de Colaboraci\u00f3n con el CEPC con la finalidad de combatir la corrupci\u00f3n.\" \/>\n<meta name=\"robots\" content=\"index, follow, max-snippet:-1, max-image-preview:large, max-video-preview:-1\" \/>\n<link rel=\"canonical\" href=\"https:\/\/grupohoymexico.com\/puebla\/2025\/05\/30\/puebla-refuerza-su-lucha-contra-la-corrupcion-con-nuevo-convenio-entre-el-ayuntamiento-y-el-cepc\/\" \/>\n<meta property=\"og:locale\" content=\"es_MX\" \/>\n<meta property=\"og:type\" content=\"article\" \/>\n<meta property=\"og:title\" content=\"Puebla refuerza su lucha contra la corrupci\u00f3n con nuevo convenio entre el ayuntamiento y el CEPC\" \/>\n<meta property=\"og:description\" content=\"El presidente municipal de Puebla, Pepe Chedraui, firm\u00f3 un Convenio de Colaboraci\u00f3n con el CEPC con la finalidad de combatir la corrupci\u00f3n.\" \/>\n<meta property=\"og:url\" content=\"https:\/\/grupohoymexico.com\/puebla\/2025\/05\/30\/puebla-refuerza-su-lucha-contra-la-corrupcion-con-nuevo-convenio-entre-el-ayuntamiento-y-el-cepc\/\" \/>\n<meta property=\"og:site_name\" content=\"Grupo Hoy Puebla\" \/>\n<meta property=\"article:published_time\" content=\"2025-05-30T18:58:32+00:00\" \/>\n<meta property=\"og:image\" content=\"https:\/\/grupohoymexico.com\/puebla\/wp-content\/uploads\/sites\/3\/2025\/05\/photo_5030720616172465928_y.jpg\" \/>\n\t<meta property=\"og:image:width\" content=\"1201\" \/>\n\t<meta property=\"og:image:height\" content=\"639\" \/>\n\t<meta property=\"og:image:type\" content=\"image\/jpeg\" \/>\n<meta name=\"author\" content=\"jair\" \/>\n<meta name=\"twitter:card\" content=\"summary_large_image\" \/>\n<meta name=\"twitter:label1\" content=\"Escrito por\" \/>\n\t<meta name=\"twitter:data1\" content=\"jair\" \/>\n\t<meta name=\"twitter:label2\" content=\"Tiempo de lectura\" \/>\n\t<meta name=\"twitter:data2\" content=\"3 minutos\" \/>\n<script type=\"application\/ld+json\" class=\"yoast-schema-graph\">{\"@context\":\"https:\\\/\\\/schema.org\",\"@graph\":[{\"@type\":\"Article\",\"@id\":\"https:\\\/\\\/grupohoymexico.com\\\/puebla\\\/2025\\\/05\\\/30\\\/puebla-refuerza-su-lucha-contra-la-corrupcion-con-nuevo-convenio-entre-el-ayuntamiento-y-el-cepc\\\/#article\",\"isPartOf\":{\"@id\":\"https:\\\/\\\/grupohoymexico.com\\\/puebla\\\/2025\\\/05\\\/30\\\/puebla-refuerza-su-lucha-contra-la-corrupcion-con-nuevo-convenio-entre-el-ayuntamiento-y-el-cepc\\\/\"},\"author\":{\"name\":\"jair\",\"@id\":\"https:\\\/\\\/grupohoymexico.com\\\/puebla\\\/#\\\/schema\\\/person\\\/98e2425fe99fbbdf486895b69dab3c3d\"},\"headline\":\"Puebla refuerza su lucha contra la corrupci\u00f3n con nuevo convenio entre el ayuntamiento y el CEPC\",\"datePublished\":\"2025-05-30T18:58:32+00:00\",\"mainEntityOfPage\":{\"@id\":\"https:\\\/\\\/grupohoymexico.com\\\/puebla\\\/2025\\\/05\\\/30\\\/puebla-refuerza-su-lucha-contra-la-corrupcion-con-nuevo-convenio-entre-el-ayuntamiento-y-el-cepc\\\/\"},\"wordCount\":423,\"commentCount\":0,\"image\":{\"@id\":\"https:\\\/\\\/grupohoymexico.com\\\/puebla\\\/2025\\\/05\\\/30\\\/puebla-refuerza-su-lucha-contra-la-corrupcion-con-nuevo-convenio-entre-el-ayuntamiento-y-el-cepc\\\/#primaryimage\"},\"thumbnailUrl\":\"https:\\\/\\\/grupohoymexico.com\\\/puebla\\\/wp-content\\\/uploads\\\/sites\\\/3\\\/2025\\\/05\\\/photo_5030720616172465928_y.jpg\",\"articleSection\":[\"Estatal\",\"Pol\u00edtica\"],\"inLanguage\":\"es\",\"potentialAction\":[{\"@type\":\"CommentAction\",\"name\":\"Comment\",\"target\":[\"https:\\\/\\\/grupohoymexico.com\\\/puebla\\\/2025\\\/05\\\/30\\\/puebla-refuerza-su-lucha-contra-la-corrupcion-con-nuevo-convenio-entre-el-ayuntamiento-y-el-cepc\\\/#respond\"]}]},{\"@type\":\"WebPage\",\"@id\":\"https:\\\/\\\/grupohoymexico.com\\\/puebla\\\/2025\\\/05\\\/30\\\/puebla-refuerza-su-lucha-contra-la-corrupcion-con-nuevo-convenio-entre-el-ayuntamiento-y-el-cepc\\\/\",\"url\":\"https:\\\/\\\/grupohoymexico.com\\\/puebla\\\/2025\\\/05\\\/30\\\/puebla-refuerza-su-lucha-contra-la-corrupcion-con-nuevo-convenio-entre-el-ayuntamiento-y-el-cepc\\\/\",\"name\":\"Puebla refuerza su lucha contra la corrupci\u00f3n con nuevo convenio entre el ayuntamiento y el CEPC - Grupo Hoy Puebla\",\"isPartOf\":{\"@id\":\"https:\\\/\\\/grupohoymexico.com\\\/puebla\\\/#website\"},\"primaryImageOfPage\":{\"@id\":\"https:\\\/\\\/grupohoymexico.com\\\/puebla\\\/2025\\\/05\\\/30\\\/puebla-refuerza-su-lucha-contra-la-corrupcion-con-nuevo-convenio-entre-el-ayuntamiento-y-el-cepc\\\/#primaryimage\"},\"image\":{\"@id\":\"https:\\\/\\\/grupohoymexico.com\\\/puebla\\\/2025\\\/05\\\/30\\\/puebla-refuerza-su-lucha-contra-la-corrupcion-con-nuevo-convenio-entre-el-ayuntamiento-y-el-cepc\\\/#primaryimage\"},\"thumbnailUrl\":\"https:\\\/\\\/grupohoymexico.com\\\/puebla\\\/wp-content\\\/uploads\\\/sites\\\/3\\\/2025\\\/05\\\/photo_5030720616172465928_y.jpg\",\"datePublished\":\"2025-05-30T18:58:32+00:00\",\"author\":{\"@id\":\"https:\\\/\\\/grupohoymexico.com\\\/puebla\\\/#\\\/schema\\\/person\\\/98e2425fe99fbbdf486895b69dab3c3d\"},\"description\":\"El presidente municipal de Puebla, Pepe Chedraui, firm\u00f3 un Convenio de Colaboraci\u00f3n con el CEPC con la finalidad de combatir la corrupci\u00f3n.\",\"breadcrumb\":{\"@id\":\"https:\\\/\\\/grupohoymexico.com\\\/puebla\\\/2025\\\/05\\\/30\\\/puebla-refuerza-su-lucha-contra-la-corrupcion-con-nuevo-convenio-entre-el-ayuntamiento-y-el-cepc\\\/#breadcrumb\"},\"inLanguage\":\"es\",\"potentialAction\":[{\"@type\":\"ReadAction\",\"target\":[\"https:\\\/\\\/grupohoymexico.com\\\/puebla\\\/2025\\\/05\\\/30\\\/puebla-refuerza-su-lucha-contra-la-corrupcion-con-nuevo-convenio-entre-el-ayuntamiento-y-el-cepc\\\/\"]}]},{\"@type\":\"ImageObject\",\"inLanguage\":\"es\",\"@id\":\"https:\\\/\\\/grupohoymexico.com\\\/puebla\\\/2025\\\/05\\\/30\\\/puebla-refuerza-su-lucha-contra-la-corrupcion-con-nuevo-convenio-entre-el-ayuntamiento-y-el-cepc\\\/#primaryimage\",\"url\":\"https:\\\/\\\/grupohoymexico.com\\\/puebla\\\/wp-content\\\/uploads\\\/sites\\\/3\\\/2025\\\/05\\\/photo_5030720616172465928_y.jpg\",\"contentUrl\":\"https:\\\/\\\/grupohoymexico.com\\\/puebla\\\/wp-content\\\/uploads\\\/sites\\\/3\\\/2025\\\/05\\\/photo_5030720616172465928_y.jpg\",\"width\":1201,\"height\":639,\"caption\":\"Foto: Facebook Pepe Chedrahui\"},{\"@type\":\"BreadcrumbList\",\"@id\":\"https:\\\/\\\/grupohoymexico.com\\\/puebla\\\/2025\\\/05\\\/30\\\/puebla-refuerza-su-lucha-contra-la-corrupcion-con-nuevo-convenio-entre-el-ayuntamiento-y-el-cepc\\\/#breadcrumb\",\"itemListElement\":[{\"@type\":\"ListItem\",\"position\":1,\"name\":\"Inicio\",\"item\":\"https:\\\/\\\/grupohoymexico.com\\\/puebla\\\/\"},{\"@type\":\"ListItem\",\"position\":2,\"name\":\"Puebla refuerza su lucha contra la corrupci\u00f3n con nuevo convenio entre el ayuntamiento y el CEPC\"}]},{\"@type\":\"WebSite\",\"@id\":\"https:\\\/\\\/grupohoymexico.com\\\/puebla\\\/#website\",\"url\":\"https:\\\/\\\/grupohoymexico.com\\\/puebla\\\/\",\"name\":\"Grupo Hoy Puebla\",\"description\":\"\",\"potentialAction\":[{\"@type\":\"SearchAction\",\"target\":{\"@type\":\"EntryPoint\",\"urlTemplate\":\"https:\\\/\\\/grupohoymexico.com\\\/puebla\\\/?s={search_term_string}\"},\"query-input\":{\"@type\":\"PropertyValueSpecification\",\"valueRequired\":true,\"valueName\":\"search_term_string\"}}],\"inLanguage\":\"es\"},{\"@type\":\"Person\",\"@id\":\"https:\\\/\\\/grupohoymexico.com\\\/puebla\\\/#\\\/schema\\\/person\\\/98e2425fe99fbbdf486895b69dab3c3d\",\"name\":\"jair\",\"image\":{\"@type\":\"ImageObject\",\"inLanguage\":\"es\",\"@id\":\"https:\\\/\\\/secure.gravatar.com\\\/avatar\\\/ec205dfb8733a1ce1601942dddb04fc9294fb780c832e3c1ec58faa8e4e64e9b?s=96&d=mm&r=g\",\"url\":\"https:\\\/\\\/secure.gravatar.com\\\/avatar\\\/ec205dfb8733a1ce1601942dddb04fc9294fb780c832e3c1ec58faa8e4e64e9b?s=96&d=mm&r=g\",\"contentUrl\":\"https:\\\/\\\/secure.gravatar.com\\\/avatar\\\/ec205dfb8733a1ce1601942dddb04fc9294fb780c832e3c1ec58faa8e4e64e9b?s=96&d=mm&r=g\",\"caption\":\"jair\"},\"url\":\"https:\\\/\\\/grupohoymexico.com\\\/puebla\\\/author\\\/jair\\\/\"}]}<\/script>\n<!-- \/ Yoast SEO Premium plugin. -->","yoast_head_json":{"title":"Puebla refuerza su lucha contra la corrupci\u00f3n con nuevo convenio entre el ayuntamiento y el CEPC - Grupo Hoy Puebla","description":"El presidente municipal de Puebla, Pepe Chedraui, firm\u00f3 un Convenio de Colaboraci\u00f3n con el CEPC con la finalidad de combatir la corrupci\u00f3n.","robots":{"index":"index","follow":"follow","max-snippet":"max-snippet:-1","max-image-preview":"max-image-preview:large","max-video-preview":"max-video-preview:-1"},"canonical":"https:\/\/grupohoymexico.com\/puebla\/2025\/05\/30\/puebla-refuerza-su-lucha-contra-la-corrupcion-con-nuevo-convenio-entre-el-ayuntamiento-y-el-cepc\/","og_locale":"es_MX","og_type":"article","og_title":"Puebla refuerza su lucha contra la corrupci\u00f3n con nuevo convenio entre el ayuntamiento y el CEPC","og_description":"El presidente municipal de Puebla, Pepe Chedraui, firm\u00f3 un Convenio de Colaboraci\u00f3n con el CEPC con la finalidad de combatir la corrupci\u00f3n.","og_url":"https:\/\/grupohoymexico.com\/puebla\/2025\/05\/30\/puebla-refuerza-su-lucha-contra-la-corrupcion-con-nuevo-convenio-entre-el-ayuntamiento-y-el-cepc\/","og_site_name":"Grupo Hoy Puebla","article_published_time":"2025-05-30T18:58:32+00:00","og_image":[{"width":1201,"height":639,"url":"https:\/\/grupohoymexico.com\/puebla\/wp-content\/uploads\/sites\/3\/2025\/05\/photo_5030720616172465928_y.jpg","type":"image\/jpeg"}],"author":"jair","twitter_card":"summary_large_image","twitter_misc":{"Escrito por":"jair","Tiempo de lectura":"3 minutos"},"schema":{"@context":"https:\/\/schema.org","@graph":[{"@type":"Article","@id":"https:\/\/grupohoymexico.com\/puebla\/2025\/05\/30\/puebla-refuerza-su-lucha-contra-la-corrupcion-con-nuevo-convenio-entre-el-ayuntamiento-y-el-cepc\/#article","isPartOf":{"@id":"https:\/\/grupohoymexico.com\/puebla\/2025\/05\/30\/puebla-refuerza-su-lucha-contra-la-corrupcion-con-nuevo-convenio-entre-el-ayuntamiento-y-el-cepc\/"},"author":{"name":"jair","@id":"https:\/\/grupohoymexico.com\/puebla\/#\/schema\/person\/98e2425fe99fbbdf486895b69dab3c3d"},"headline":"Puebla refuerza su lucha contra la corrupci\u00f3n con nuevo convenio entre el ayuntamiento y el CEPC","datePublished":"2025-05-30T18:58:32+00:00","mainEntityOfPage":{"@id":"https:\/\/grupohoymexico.com\/puebla\/2025\/05\/30\/puebla-refuerza-su-lucha-contra-la-corrupcion-con-nuevo-convenio-entre-el-ayuntamiento-y-el-cepc\/"},"wordCount":423,"commentCount":0,"image":{"@id":"https:\/\/grupohoymexico.com\/puebla\/2025\/05\/30\/puebla-refuerza-su-lucha-contra-la-corrupcion-con-nuevo-convenio-entre-el-ayuntamiento-y-el-cepc\/#primaryimage"},"thumbnailUrl":"https:\/\/grupohoymexico.com\/puebla\/wp-content\/uploads\/sites\/3\/2025\/05\/photo_5030720616172465928_y.jpg","articleSection":["Estatal","Pol\u00edtica"],"inLanguage":"es","potentialAction":[{"@type":"CommentAction","name":"Comment","target":["https:\/\/grupohoymexico.com\/puebla\/2025\/05\/30\/puebla-refuerza-su-lucha-contra-la-corrupcion-con-nuevo-convenio-entre-el-ayuntamiento-y-el-cepc\/#respond"]}]},{"@type":"WebPage","@id":"https:\/\/grupohoymexico.com\/puebla\/2025\/05\/30\/puebla-refuerza-su-lucha-contra-la-corrupcion-con-nuevo-convenio-entre-el-ayuntamiento-y-el-cepc\/","url":"https:\/\/grupohoymexico.com\/puebla\/2025\/05\/30\/puebla-refuerza-su-lucha-contra-la-corrupcion-con-nuevo-convenio-entre-el-ayuntamiento-y-el-cepc\/","name":"Puebla refuerza su lucha contra la corrupci\u00f3n con nuevo convenio entre el ayuntamiento y el CEPC - Grupo Hoy Puebla","isPartOf":{"@id":"https:\/\/grupohoymexico.com\/puebla\/#website"},"primaryImageOfPage":{"@id":"https:\/\/grupohoymexico.com\/puebla\/2025\/05\/30\/puebla-refuerza-su-lucha-contra-la-corrupcion-con-nuevo-convenio-entre-el-ayuntamiento-y-el-cepc\/#primaryimage"},"image":{"@id":"https:\/\/grupohoymexico.com\/puebla\/2025\/05\/30\/puebla-refuerza-su-lucha-contra-la-corrupcion-con-nuevo-convenio-entre-el-ayuntamiento-y-el-cepc\/#primaryimage"},"thumbnailUrl":"https:\/\/grupohoymexico.com\/puebla\/wp-content\/uploads\/sites\/3\/2025\/05\/photo_5030720616172465928_y.jpg","datePublished":"2025-05-30T18:58:32+00:00","author":{"@id":"https:\/\/grupohoymexico.com\/puebla\/#\/schema\/person\/98e2425fe99fbbdf486895b69dab3c3d"},"description":"El presidente municipal de Puebla, Pepe Chedraui, firm\u00f3 un Convenio de Colaboraci\u00f3n con el CEPC con la finalidad de combatir la corrupci\u00f3n.","breadcrumb":{"@id":"https:\/\/grupohoymexico.com\/puebla\/2025\/05\/30\/puebla-refuerza-su-lucha-contra-la-corrupcion-con-nuevo-convenio-entre-el-ayuntamiento-y-el-cepc\/#breadcrumb"},"inLanguage":"es","potentialAction":[{"@type":"ReadAction","target":["https:\/\/grupohoymexico.com\/puebla\/2025\/05\/30\/puebla-refuerza-su-lucha-contra-la-corrupcion-con-nuevo-convenio-entre-el-ayuntamiento-y-el-cepc\/"]}]},{"@type":"ImageObject","inLanguage":"es","@id":"https:\/\/grupohoymexico.com\/puebla\/2025\/05\/30\/puebla-refuerza-su-lucha-contra-la-corrupcion-con-nuevo-convenio-entre-el-ayuntamiento-y-el-cepc\/#primaryimage","url":"https:\/\/grupohoymexico.com\/puebla\/wp-content\/uploads\/sites\/3\/2025\/05\/photo_5030720616172465928_y.jpg","contentUrl":"https:\/\/grupohoymexico.com\/puebla\/wp-content\/uploads\/sites\/3\/2025\/05\/photo_5030720616172465928_y.jpg","width":1201,"height":639,"caption":"Foto: Facebook Pepe Chedrahui"},{"@type":"BreadcrumbList","@id":"https:\/\/grupohoymexico.com\/puebla\/2025\/05\/30\/puebla-refuerza-su-lucha-contra-la-corrupcion-con-nuevo-convenio-entre-el-ayuntamiento-y-el-cepc\/#breadcrumb","itemListElement":[{"@type":"ListItem","position":1,"name":"Inicio","item":"https:\/\/grupohoymexico.com\/puebla\/"},{"@type":"ListItem","position":2,"name":"Puebla refuerza su lucha contra la corrupci\u00f3n con nuevo convenio entre el ayuntamiento y el CEPC"}]},{"@type":"WebSite","@id":"https:\/\/grupohoymexico.com\/puebla\/#website","url":"https:\/\/grupohoymexico.com\/puebla\/","name":"Grupo Hoy Puebla","description":"","potentialAction":[{"@type":"SearchAction","target":{"@type":"EntryPoint","urlTemplate":"https:\/\/grupohoymexico.com\/puebla\/?s={search_term_string}"},"query-input":{"@type":"PropertyValueSpecification","valueRequired":true,"valueName":"search_term_string"}}],"inLanguage":"es"},{"@type":"Person","@id":"https:\/\/grupohoymexico.com\/puebla\/#\/schema\/person\/98e2425fe99fbbdf486895b69dab3c3d","name":"jair","image":{"@type":"ImageObject","inLanguage":"es","@id":"https:\/\/secure.gravatar.com\/avatar\/ec205dfb8733a1ce1601942dddb04fc9294fb780c832e3c1ec58faa8e4e64e9b?s=96&d=mm&r=g","url":"https:\/\/secure.gravatar.com\/avatar\/ec205dfb8733a1ce1601942dddb04fc9294fb780c832e3c1ec58faa8e4e64e9b?s=96&d=mm&r=g","contentUrl":"https:\/\/secure.gravatar.com\/avatar\/ec205dfb8733a1ce1601942dddb04fc9294fb780c832e3c1ec58faa8e4e64e9b?s=96&d=mm&r=g","caption":"jair"},"url":"https:\/\/grupohoymexico.com\/puebla\/author\/jair\/"}]}},"_links":{"self":[{"href":"https:\/\/grupohoymexico.com\/puebla\/wp-json\/wp\/v2\/posts\/75141","targetHints":{"allow":["GET"]}}],"collection":[{"href":"https:\/\/grupohoymexico.com\/puebla\/wp-json\/wp\/v2\/posts"}],"about":[{"href":"https:\/\/grupohoymexico.com\/puebla\/wp-json\/wp\/v2\/types\/post"}],"author":[{"embeddable":true,"href":"https:\/\/grupohoymexico.com\/puebla\/wp-json\/wp\/v2\/users\/5"}],"replies":[{"embeddable":true,"href":"https:\/\/grupohoymexico.com\/puebla\/wp-json\/wp\/v2\/comments?post=75141"}],"version-history":[{"count":2,"href":"https:\/\/grupohoymexico.com\/puebla\/wp-json\/wp\/v2\/posts\/75141\/revisions"}],"predecessor-version":[{"id":75148,"href":"https:\/\/grupohoymexico.com\/puebla\/wp-json\/wp\/v2\/posts\/75141\/revisions\/75148"}],"wp:featuredmedia":[{"embeddable":true,"href":"https:\/\/grupohoymexico.com\/puebla\/wp-json\/wp\/v2\/media\/75147"}],"wp:attachment":[{"href":"https:\/\/grupohoymexico.com\/puebla\/wp-json\/wp\/v2\/media?parent=75141"}],"wp:term":[{"taxonomy":"category","embeddable":true,"href":"https:\/\/grupohoymexico.com\/puebla\/wp-json\/wp\/v2\/categories?post=75141"},{"taxonomy":"post_tag","embeddable":true,"href":"https:\/\/grupohoymexico.com\/puebla\/wp-json\/wp\/v2\/tags?post=75141"}],"curies":[{"name":"wp","href":"https:\/\/api.w.org\/{rel}","templated":true}]}}