{"id":75137,"date":"2025-05-30T16:35:18","date_gmt":"2025-05-30T16:35:18","guid":{"rendered":"https:\/\/grupohoymexico.com\/puebla\/?p=75137"},"modified":"2025-05-30T16:35:18","modified_gmt":"2025-05-30T16:35:18","slug":"gobierno-de-puebla-abre-puertas-al-empleo-con-cursos-gratuitos-para-la-comunidad","status":"publish","type":"post","link":"https:\/\/grupohoymexico.com\/puebla\/2025\/05\/30\/gobierno-de-puebla-abre-puertas-al-empleo-con-cursos-gratuitos-para-la-comunidad\/","title":{"rendered":"Gobierno de Puebla abre puertas al empleo con cursos gratuitos para la comunidad"},"content":{"rendered":"\n<p>El <strong>Ayuntamiento de Puebla<\/strong>, bajo la direcci\u00f3n del <strong>alcalde Pepe Chedraui Budib<\/strong>, invita a la poblaci\u00f3n a participar en una <strong>serie de capacitaciones gratuitas<\/strong>. Estas son dise\u00f1adas para <strong>mejorar las oportunidades laborales y fomentar el desarrollo local.<\/strong><\/p>\n\n\n\n<p>A trav\u00e9s de la <strong>Secretar\u00eda de Bienestar y Participaci\u00f3n Ciudadana <\/strong>y en conjunto con el<strong> <a href=\"https:\/\/icatep.edu.mx\/\">Instituto de Capacitaci\u00f3n para el Trabajo del Estado de Puebla (ICATEP)<\/a><\/strong>, se ofrecen diversos cursos que buscan fortalecer las habilidades productivas de los poblanos.<\/p>\n\n\n\n<h2 class=\"wp-block-heading\" id=\"h-puebla-formacion-accesible-para-toda-la-comunidad\"><strong>Puebla: Formaci\u00f3n accesible para toda la comunidad<\/strong><\/h2>\n\n\n\n<p><strong>Carlos G\u00f3mez Tepoz, responsable de la<a href=\"https:\/\/grupohoymexico.com\/puebla\/2025\/05\/10\/alejandro-armenta-trabaja-codo-a-codo-con-vecinos-de-puebla\/\"> Secretar\u00eda de Bienestar y Participaci\u00f3n Ciudadana<\/a><\/strong>, destac\u00f3 que estos programas representan una oportunidad para quienes desean perfeccionar sus conocimientos y abrir nuevas puertas en el mercado laboral.<\/p>\n\n\n\n<p>La oferta est\u00e1 dirigida a<strong> personas mayores de 16 a\u00f1os<\/strong> que quieran adquirir competencias que les permitan <strong>conseguir empleo, mejorar su perfil profesional o iniciar un negocio propio<\/strong>. Para facilitar el acceso, las capacitaciones se llevar\u00e1n a cabo en espacios p\u00fablicos de la ciudad, como los <strong>Centros de Desarrollo Comunitario y el Parque Biblioteca<\/strong>, acercando la educaci\u00f3n a distintos sectores y colonias.<\/p>\n\n\n\n<figure class=\"wp-block-image size-large\"><img fetchpriority=\"high\" decoding=\"async\" width=\"1024\" height=\"1024\" src=\"https:\/\/grupohoymexico.com\/puebla\/wp-content\/uploads\/sites\/3\/2025\/05\/WhatsApp-Image-2025-05-29-at-4.00.27-PM-1024x1024.jpeg\" alt=\"\" class=\"wp-image-75138\" srcset=\"https:\/\/grupohoymexico.com\/puebla\/wp-content\/uploads\/sites\/3\/2025\/05\/WhatsApp-Image-2025-05-29-at-4.00.27-PM-1024x1024.jpeg 1024w, https:\/\/grupohoymexico.com\/puebla\/wp-content\/uploads\/sites\/3\/2025\/05\/WhatsApp-Image-2025-05-29-at-4.00.27-PM-300x300.jpeg 300w, https:\/\/grupohoymexico.com\/puebla\/wp-content\/uploads\/sites\/3\/2025\/05\/WhatsApp-Image-2025-05-29-at-4.00.27-PM-150x150.jpeg 150w, https:\/\/grupohoymexico.com\/puebla\/wp-content\/uploads\/sites\/3\/2025\/05\/WhatsApp-Image-2025-05-29-at-4.00.27-PM-768x768.jpeg 768w, https:\/\/grupohoymexico.com\/puebla\/wp-content\/uploads\/sites\/3\/2025\/05\/WhatsApp-Image-2025-05-29-at-4.00.27-PM-72x72.jpeg 72w, https:\/\/grupohoymexico.com\/puebla\/wp-content\/uploads\/sites\/3\/2025\/05\/WhatsApp-Image-2025-05-29-at-4.00.27-PM-144x144.jpeg 144w, https:\/\/grupohoymexico.com\/puebla\/wp-content\/uploads\/sites\/3\/2025\/05\/WhatsApp-Image-2025-05-29-at-4.00.27-PM-332x332.jpeg 332w, https:\/\/grupohoymexico.com\/puebla\/wp-content\/uploads\/sites\/3\/2025\/05\/WhatsApp-Image-2025-05-29-at-4.00.27-PM-664x664.jpeg 664w, https:\/\/grupohoymexico.com\/puebla\/wp-content\/uploads\/sites\/3\/2025\/05\/WhatsApp-Image-2025-05-29-at-4.00.27-PM-688x688.jpeg 688w, https:\/\/grupohoymexico.com\/puebla\/wp-content\/uploads\/sites\/3\/2025\/05\/WhatsApp-Image-2025-05-29-at-4.00.27-PM-1044x1044.jpeg 1044w, https:\/\/grupohoymexico.com\/puebla\/wp-content\/uploads\/sites\/3\/2025\/05\/WhatsApp-Image-2025-05-29-at-4.00.27-PM.jpeg 1181w\" sizes=\"(max-width: 1024px) 100vw, 1024px\" \/><\/figure>\n\n\n\n<h2 class=\"wp-block-heading\" id=\"h-empleo-variedad-de-cursos-para-diferentes-intereses\"><strong>Empleo : Variedad de cursos para diferentes intereses<\/strong><\/h2>\n\n\n\n<p>El inicio de las clases est\u00e1 programado para el <strong>pr\u00f3ximo 2 de junio<\/strong>. Entre los cursos disponibles se encuentran <strong>Primeros Auxilios<\/strong>, que se realizar\u00e1 en el <strong>Parque Biblioteca. Gel Semipermanente en u\u00f1as, que tendr\u00e1 lugar en el Centro de Desarrollo Comunitario SNTE. Barber Shop, en el CDC de Santo Tom\u00e1s Chautla. Tambi\u00e9n, Aplicaci\u00f3n de Pesta\u00f1as con t\u00e9cnicas japonesa y hawaiana, en el CDC San Ram\u00f3n<\/strong>. Todos los talleres son impartidos por instructores certificados y, al concluirlos, los participantes recibir\u00e1n una constancia con validez curricular que avala la formaci\u00f3n obtenida.<\/p>\n\n\n\n<p>Los interesados pueden inscribirse directamente en cualquiera de los <strong>Centros de Desarrollo Comunitario<\/strong> o solicitar m\u00e1s informaci\u00f3n llamando al <strong>tel\u00e9fono 2223094600, extensi\u00f3n 6949<\/strong>. Tambi\u00e9n se pueden consultar las <strong>redes sociales oficiales de la Secretar\u00eda de Bienestar y Participaci\u00f3n Ciudadana del municipio <\/strong>para conocer todos los detalles.<\/p>\n","protected":false},"excerpt":{"rendered":"El Ayuntamiento de Puebla, bajo la direcci\u00f3n del alcalde Pepe Chedraui Budib, invita a la poblaci\u00f3n a participar&hellip;","protected":false},"author":1,"featured_media":75139,"comment_status":"open","ping_status":"open","sticky":false,"template":"","format":"standard","meta":{"csco_display_header_overlay":false,"csco_singular_sidebar":"","csco_page_header_type":"","csco_page_load_nextpost":"","csco_post_video_location":[],"csco_post_video_location_hash":"","csco_post_video_url":"","csco_post_video_bg_start_time":0,"csco_post_video_bg_end_time":0,"footnotes":""},"categories":[29],"tags":[521,1143,981,314,839,1145,40,1144],"class_list":{"0":"post-75137","1":"post","2":"type-post","3":"status-publish","4":"format-standard","5":"has-post-thumbnail","7":"category-estatal","8":"tag-ayuntamiento-de-puebla","9":"tag-capacitaciones","10":"tag-comunidad","11":"tag-empleo","12":"tag-gratis","13":"tag-icatep","14":"tag-puebla","15":"tag-secretaria-de-bienestar-y-participacion-ciudadana","16":"cs-entry","17":"cs-video-wrap"},"yoast_head":"<!-- This site is optimized with the Yoast SEO Premium plugin v24.7 (Yoast SEO v27.4) - https:\/\/yoast.com\/product\/yoast-seo-premium-wordpress\/ -->\n<title>Gobierno de Puebla abre puertas al empleo con cursos gratuitos para la comunidad - Grupo Hoy Puebla<\/title>\n<meta name=\"description\" content=\"El Ayuntamiento de Puebla y ICATEP ofrecen capacitaci\u00f3n gratuita de empleo para mejorar habilidades laborales y apoyar el desarrollo local.\" \/>\n<meta name=\"robots\" content=\"index, follow, max-snippet:-1, max-image-preview:large, max-video-preview:-1\" \/>\n<link rel=\"canonical\" href=\"https:\/\/grupohoymexico.com\/puebla\/2025\/05\/30\/gobierno-de-puebla-abre-puertas-al-empleo-con-cursos-gratuitos-para-la-comunidad\/\" \/>\n<meta property=\"og:locale\" content=\"es_MX\" \/>\n<meta property=\"og:type\" content=\"article\" \/>\n<meta property=\"og:title\" content=\"Gobierno de Puebla abre puertas al empleo con cursos gratuitos para la comunidad\" \/>\n<meta property=\"og:description\" content=\"El Ayuntamiento de Puebla y ICATEP ofrecen capacitaci\u00f3n gratuita de empleo para mejorar habilidades laborales y apoyar el desarrollo local.\" \/>\n<meta property=\"og:url\" content=\"https:\/\/grupohoymexico.com\/puebla\/2025\/05\/30\/gobierno-de-puebla-abre-puertas-al-empleo-con-cursos-gratuitos-para-la-comunidad\/\" \/>\n<meta property=\"og:site_name\" content=\"Grupo Hoy Puebla\" \/>\n<meta property=\"article:published_time\" content=\"2025-05-30T16:35:18+00:00\" \/>\n<meta property=\"og:image\" content=\"https:\/\/grupohoymexico.com\/puebla\/wp-content\/uploads\/sites\/3\/2025\/05\/5028787124975022059.jpg\" \/>\n\t<meta property=\"og:image:width\" content=\"1280\" \/>\n\t<meta property=\"og:image:height\" content=\"680\" \/>\n\t<meta property=\"og:image:type\" content=\"image\/jpeg\" \/>\n<meta name=\"author\" content=\"user\" \/>\n<meta name=\"twitter:card\" content=\"summary_large_image\" \/>\n<meta name=\"twitter:label1\" content=\"Escrito por\" \/>\n\t<meta name=\"twitter:data1\" content=\"user\" \/>\n\t<meta name=\"twitter:label2\" content=\"Tiempo de lectura\" \/>\n\t<meta name=\"twitter:data2\" content=\"2 minutos\" \/>\n<script type=\"application\/ld+json\" class=\"yoast-schema-graph\">{\"@context\":\"https:\\\/\\\/schema.org\",\"@graph\":[{\"@type\":\"Article\",\"@id\":\"https:\\\/\\\/grupohoymexico.com\\\/puebla\\\/2025\\\/05\\\/30\\\/gobierno-de-puebla-abre-puertas-al-empleo-con-cursos-gratuitos-para-la-comunidad\\\/#article\",\"isPartOf\":{\"@id\":\"https:\\\/\\\/grupohoymexico.com\\\/puebla\\\/2025\\\/05\\\/30\\\/gobierno-de-puebla-abre-puertas-al-empleo-con-cursos-gratuitos-para-la-comunidad\\\/\"},\"author\":{\"name\":\"user\",\"@id\":\"https:\\\/\\\/grupohoymexico.com\\\/puebla\\\/#\\\/schema\\\/person\\\/ce6086ac837852775a3a4f539356c297\"},\"headline\":\"Gobierno de Puebla abre puertas al empleo con cursos gratuitos para la comunidad\",\"datePublished\":\"2025-05-30T16:35:18+00:00\",\"mainEntityOfPage\":{\"@id\":\"https:\\\/\\\/grupohoymexico.com\\\/puebla\\\/2025\\\/05\\\/30\\\/gobierno-de-puebla-abre-puertas-al-empleo-con-cursos-gratuitos-para-la-comunidad\\\/\"},\"wordCount\":361,\"commentCount\":0,\"image\":{\"@id\":\"https:\\\/\\\/grupohoymexico.com\\\/puebla\\\/2025\\\/05\\\/30\\\/gobierno-de-puebla-abre-puertas-al-empleo-con-cursos-gratuitos-para-la-comunidad\\\/#primaryimage\"},\"thumbnailUrl\":\"https:\\\/\\\/grupohoymexico.com\\\/puebla\\\/wp-content\\\/uploads\\\/sites\\\/3\\\/2025\\\/05\\\/5028787124975022059.jpg\",\"keywords\":[\"ayuntamiento de puebla\",\"capacitaciones\",\"Comunidad\",\"Empleo\",\"gratis\",\"ICATEP\",\"puebla\",\"Secretar\u00eda de Bienestar y Participaci\u00f3n Ciudadana\"],\"articleSection\":[\"Estatal\"],\"inLanguage\":\"es\",\"potentialAction\":[{\"@type\":\"CommentAction\",\"name\":\"Comment\",\"target\":[\"https:\\\/\\\/grupohoymexico.com\\\/puebla\\\/2025\\\/05\\\/30\\\/gobierno-de-puebla-abre-puertas-al-empleo-con-cursos-gratuitos-para-la-comunidad\\\/#respond\"]}]},{\"@type\":\"WebPage\",\"@id\":\"https:\\\/\\\/grupohoymexico.com\\\/puebla\\\/2025\\\/05\\\/30\\\/gobierno-de-puebla-abre-puertas-al-empleo-con-cursos-gratuitos-para-la-comunidad\\\/\",\"url\":\"https:\\\/\\\/grupohoymexico.com\\\/puebla\\\/2025\\\/05\\\/30\\\/gobierno-de-puebla-abre-puertas-al-empleo-con-cursos-gratuitos-para-la-comunidad\\\/\",\"name\":\"Gobierno de Puebla abre puertas al empleo con cursos gratuitos para la comunidad - Grupo Hoy Puebla\",\"isPartOf\":{\"@id\":\"https:\\\/\\\/grupohoymexico.com\\\/puebla\\\/#website\"},\"primaryImageOfPage\":{\"@id\":\"https:\\\/\\\/grupohoymexico.com\\\/puebla\\\/2025\\\/05\\\/30\\\/gobierno-de-puebla-abre-puertas-al-empleo-con-cursos-gratuitos-para-la-comunidad\\\/#primaryimage\"},\"image\":{\"@id\":\"https:\\\/\\\/grupohoymexico.com\\\/puebla\\\/2025\\\/05\\\/30\\\/gobierno-de-puebla-abre-puertas-al-empleo-con-cursos-gratuitos-para-la-comunidad\\\/#primaryimage\"},\"thumbnailUrl\":\"https:\\\/\\\/grupohoymexico.com\\\/puebla\\\/wp-content\\\/uploads\\\/sites\\\/3\\\/2025\\\/05\\\/5028787124975022059.jpg\",\"datePublished\":\"2025-05-30T16:35:18+00:00\",\"author\":{\"@id\":\"https:\\\/\\\/grupohoymexico.com\\\/puebla\\\/#\\\/schema\\\/person\\\/ce6086ac837852775a3a4f539356c297\"},\"description\":\"El Ayuntamiento de Puebla y ICATEP ofrecen capacitaci\u00f3n gratuita de empleo para mejorar habilidades laborales y apoyar el desarrollo local.\",\"breadcrumb\":{\"@id\":\"https:\\\/\\\/grupohoymexico.com\\\/puebla\\\/2025\\\/05\\\/30\\\/gobierno-de-puebla-abre-puertas-al-empleo-con-cursos-gratuitos-para-la-comunidad\\\/#breadcrumb\"},\"inLanguage\":\"es\",\"potentialAction\":[{\"@type\":\"ReadAction\",\"target\":[\"https:\\\/\\\/grupohoymexico.com\\\/puebla\\\/2025\\\/05\\\/30\\\/gobierno-de-puebla-abre-puertas-al-empleo-con-cursos-gratuitos-para-la-comunidad\\\/\"]}]},{\"@type\":\"ImageObject\",\"inLanguage\":\"es\",\"@id\":\"https:\\\/\\\/grupohoymexico.com\\\/puebla\\\/2025\\\/05\\\/30\\\/gobierno-de-puebla-abre-puertas-al-empleo-con-cursos-gratuitos-para-la-comunidad\\\/#primaryimage\",\"url\":\"https:\\\/\\\/grupohoymexico.com\\\/puebla\\\/wp-content\\\/uploads\\\/sites\\\/3\\\/2025\\\/05\\\/5028787124975022059.jpg\",\"contentUrl\":\"https:\\\/\\\/grupohoymexico.com\\\/puebla\\\/wp-content\\\/uploads\\\/sites\\\/3\\\/2025\\\/05\\\/5028787124975022059.jpg\",\"width\":1280,\"height\":680,\"caption\":\"empleo capacitaci\u00f3n Puebla\"},{\"@type\":\"BreadcrumbList\",\"@id\":\"https:\\\/\\\/grupohoymexico.com\\\/puebla\\\/2025\\\/05\\\/30\\\/gobierno-de-puebla-abre-puertas-al-empleo-con-cursos-gratuitos-para-la-comunidad\\\/#breadcrumb\",\"itemListElement\":[{\"@type\":\"ListItem\",\"position\":1,\"name\":\"Inicio\",\"item\":\"https:\\\/\\\/grupohoymexico.com\\\/puebla\\\/\"},{\"@type\":\"ListItem\",\"position\":2,\"name\":\"Gobierno de Puebla abre puertas al empleo con cursos gratuitos para la comunidad\"}]},{\"@type\":\"WebSite\",\"@id\":\"https:\\\/\\\/grupohoymexico.com\\\/puebla\\\/#website\",\"url\":\"https:\\\/\\\/grupohoymexico.com\\\/puebla\\\/\",\"name\":\"Grupo Hoy Puebla\",\"description\":\"\",\"potentialAction\":[{\"@type\":\"SearchAction\",\"target\":{\"@type\":\"EntryPoint\",\"urlTemplate\":\"https:\\\/\\\/grupohoymexico.com\\\/puebla\\\/?s={search_term_string}\"},\"query-input\":{\"@type\":\"PropertyValueSpecification\",\"valueRequired\":true,\"valueName\":\"search_term_string\"}}],\"inLanguage\":\"es\"},{\"@type\":\"Person\",\"@id\":\"https:\\\/\\\/grupohoymexico.com\\\/puebla\\\/#\\\/schema\\\/person\\\/ce6086ac837852775a3a4f539356c297\",\"name\":\"user\",\"image\":{\"@type\":\"ImageObject\",\"inLanguage\":\"es\",\"@id\":\"https:\\\/\\\/secure.gravatar.com\\\/avatar\\\/25f78de4fa956f6f7c01f8d96f8087d8958ebe06d57e630cd54e36aefb9dacea?s=96&d=mm&r=g\",\"url\":\"https:\\\/\\\/secure.gravatar.com\\\/avatar\\\/25f78de4fa956f6f7c01f8d96f8087d8958ebe06d57e630cd54e36aefb9dacea?s=96&d=mm&r=g\",\"contentUrl\":\"https:\\\/\\\/secure.gravatar.com\\\/avatar\\\/25f78de4fa956f6f7c01f8d96f8087d8958ebe06d57e630cd54e36aefb9dacea?s=96&d=mm&r=g\",\"caption\":\"user\"},\"sameAs\":[\"http:\\\/\\\/44.197.188.197.nip.io\"],\"url\":\"https:\\\/\\\/grupohoymexico.com\\\/puebla\\\/author\\\/user\\\/\"}]}<\/script>\n<!-- \/ Yoast SEO Premium plugin. -->","yoast_head_json":{"title":"Gobierno de Puebla abre puertas al empleo con cursos gratuitos para la comunidad - Grupo Hoy Puebla","description":"El Ayuntamiento de Puebla y ICATEP ofrecen capacitaci\u00f3n gratuita de empleo para mejorar habilidades laborales y apoyar el desarrollo local.","robots":{"index":"index","follow":"follow","max-snippet":"max-snippet:-1","max-image-preview":"max-image-preview:large","max-video-preview":"max-video-preview:-1"},"canonical":"https:\/\/grupohoymexico.com\/puebla\/2025\/05\/30\/gobierno-de-puebla-abre-puertas-al-empleo-con-cursos-gratuitos-para-la-comunidad\/","og_locale":"es_MX","og_type":"article","og_title":"Gobierno de Puebla abre puertas al empleo con cursos gratuitos para la comunidad","og_description":"El Ayuntamiento de Puebla y ICATEP ofrecen capacitaci\u00f3n gratuita de empleo para mejorar habilidades laborales y apoyar el desarrollo local.","og_url":"https:\/\/grupohoymexico.com\/puebla\/2025\/05\/30\/gobierno-de-puebla-abre-puertas-al-empleo-con-cursos-gratuitos-para-la-comunidad\/","og_site_name":"Grupo Hoy Puebla","article_published_time":"2025-05-30T16:35:18+00:00","og_image":[{"width":1280,"height":680,"url":"https:\/\/grupohoymexico.com\/puebla\/wp-content\/uploads\/sites\/3\/2025\/05\/5028787124975022059.jpg","type":"image\/jpeg"}],"author":"user","twitter_card":"summary_large_image","twitter_misc":{"Escrito por":"user","Tiempo de lectura":"2 minutos"},"schema":{"@context":"https:\/\/schema.org","@graph":[{"@type":"Article","@id":"https:\/\/grupohoymexico.com\/puebla\/2025\/05\/30\/gobierno-de-puebla-abre-puertas-al-empleo-con-cursos-gratuitos-para-la-comunidad\/#article","isPartOf":{"@id":"https:\/\/grupohoymexico.com\/puebla\/2025\/05\/30\/gobierno-de-puebla-abre-puertas-al-empleo-con-cursos-gratuitos-para-la-comunidad\/"},"author":{"name":"user","@id":"https:\/\/grupohoymexico.com\/puebla\/#\/schema\/person\/ce6086ac837852775a3a4f539356c297"},"headline":"Gobierno de Puebla abre puertas al empleo con cursos gratuitos para la comunidad","datePublished":"2025-05-30T16:35:18+00:00","mainEntityOfPage":{"@id":"https:\/\/grupohoymexico.com\/puebla\/2025\/05\/30\/gobierno-de-puebla-abre-puertas-al-empleo-con-cursos-gratuitos-para-la-comunidad\/"},"wordCount":361,"commentCount":0,"image":{"@id":"https:\/\/grupohoymexico.com\/puebla\/2025\/05\/30\/gobierno-de-puebla-abre-puertas-al-empleo-con-cursos-gratuitos-para-la-comunidad\/#primaryimage"},"thumbnailUrl":"https:\/\/grupohoymexico.com\/puebla\/wp-content\/uploads\/sites\/3\/2025\/05\/5028787124975022059.jpg","keywords":["ayuntamiento de puebla","capacitaciones","Comunidad","Empleo","gratis","ICATEP","puebla","Secretar\u00eda de Bienestar y Participaci\u00f3n Ciudadana"],"articleSection":["Estatal"],"inLanguage":"es","potentialAction":[{"@type":"CommentAction","name":"Comment","target":["https:\/\/grupohoymexico.com\/puebla\/2025\/05\/30\/gobierno-de-puebla-abre-puertas-al-empleo-con-cursos-gratuitos-para-la-comunidad\/#respond"]}]},{"@type":"WebPage","@id":"https:\/\/grupohoymexico.com\/puebla\/2025\/05\/30\/gobierno-de-puebla-abre-puertas-al-empleo-con-cursos-gratuitos-para-la-comunidad\/","url":"https:\/\/grupohoymexico.com\/puebla\/2025\/05\/30\/gobierno-de-puebla-abre-puertas-al-empleo-con-cursos-gratuitos-para-la-comunidad\/","name":"Gobierno de Puebla abre puertas al empleo con cursos gratuitos para la comunidad - Grupo Hoy Puebla","isPartOf":{"@id":"https:\/\/grupohoymexico.com\/puebla\/#website"},"primaryImageOfPage":{"@id":"https:\/\/grupohoymexico.com\/puebla\/2025\/05\/30\/gobierno-de-puebla-abre-puertas-al-empleo-con-cursos-gratuitos-para-la-comunidad\/#primaryimage"},"image":{"@id":"https:\/\/grupohoymexico.com\/puebla\/2025\/05\/30\/gobierno-de-puebla-abre-puertas-al-empleo-con-cursos-gratuitos-para-la-comunidad\/#primaryimage"},"thumbnailUrl":"https:\/\/grupohoymexico.com\/puebla\/wp-content\/uploads\/sites\/3\/2025\/05\/5028787124975022059.jpg","datePublished":"2025-05-30T16:35:18+00:00","author":{"@id":"https:\/\/grupohoymexico.com\/puebla\/#\/schema\/person\/ce6086ac837852775a3a4f539356c297"},"description":"El Ayuntamiento de Puebla y ICATEP ofrecen capacitaci\u00f3n gratuita de empleo para mejorar habilidades laborales y apoyar el desarrollo local.","breadcrumb":{"@id":"https:\/\/grupohoymexico.com\/puebla\/2025\/05\/30\/gobierno-de-puebla-abre-puertas-al-empleo-con-cursos-gratuitos-para-la-comunidad\/#breadcrumb"},"inLanguage":"es","potentialAction":[{"@type":"ReadAction","target":["https:\/\/grupohoymexico.com\/puebla\/2025\/05\/30\/gobierno-de-puebla-abre-puertas-al-empleo-con-cursos-gratuitos-para-la-comunidad\/"]}]},{"@type":"ImageObject","inLanguage":"es","@id":"https:\/\/grupohoymexico.com\/puebla\/2025\/05\/30\/gobierno-de-puebla-abre-puertas-al-empleo-con-cursos-gratuitos-para-la-comunidad\/#primaryimage","url":"https:\/\/grupohoymexico.com\/puebla\/wp-content\/uploads\/sites\/3\/2025\/05\/5028787124975022059.jpg","contentUrl":"https:\/\/grupohoymexico.com\/puebla\/wp-content\/uploads\/sites\/3\/2025\/05\/5028787124975022059.jpg","width":1280,"height":680,"caption":"empleo capacitaci\u00f3n Puebla"},{"@type":"BreadcrumbList","@id":"https:\/\/grupohoymexico.com\/puebla\/2025\/05\/30\/gobierno-de-puebla-abre-puertas-al-empleo-con-cursos-gratuitos-para-la-comunidad\/#breadcrumb","itemListElement":[{"@type":"ListItem","position":1,"name":"Inicio","item":"https:\/\/grupohoymexico.com\/puebla\/"},{"@type":"ListItem","position":2,"name":"Gobierno de Puebla abre puertas al empleo con cursos gratuitos para la comunidad"}]},{"@type":"WebSite","@id":"https:\/\/grupohoymexico.com\/puebla\/#website","url":"https:\/\/grupohoymexico.com\/puebla\/","name":"Grupo Hoy Puebla","description":"","potentialAction":[{"@type":"SearchAction","target":{"@type":"EntryPoint","urlTemplate":"https:\/\/grupohoymexico.com\/puebla\/?s={search_term_string}"},"query-input":{"@type":"PropertyValueSpecification","valueRequired":true,"valueName":"search_term_string"}}],"inLanguage":"es"},{"@type":"Person","@id":"https:\/\/grupohoymexico.com\/puebla\/#\/schema\/person\/ce6086ac837852775a3a4f539356c297","name":"user","image":{"@type":"ImageObject","inLanguage":"es","@id":"https:\/\/secure.gravatar.com\/avatar\/25f78de4fa956f6f7c01f8d96f8087d8958ebe06d57e630cd54e36aefb9dacea?s=96&d=mm&r=g","url":"https:\/\/secure.gravatar.com\/avatar\/25f78de4fa956f6f7c01f8d96f8087d8958ebe06d57e630cd54e36aefb9dacea?s=96&d=mm&r=g","contentUrl":"https:\/\/secure.gravatar.com\/avatar\/25f78de4fa956f6f7c01f8d96f8087d8958ebe06d57e630cd54e36aefb9dacea?s=96&d=mm&r=g","caption":"user"},"sameAs":["http:\/\/44.197.188.197.nip.io"],"url":"https:\/\/grupohoymexico.com\/puebla\/author\/user\/"}]}},"_links":{"self":[{"href":"https:\/\/grupohoymexico.com\/puebla\/wp-json\/wp\/v2\/posts\/75137","targetHints":{"allow":["GET"]}}],"collection":[{"href":"https:\/\/grupohoymexico.com\/puebla\/wp-json\/wp\/v2\/posts"}],"about":[{"href":"https:\/\/grupohoymexico.com\/puebla\/wp-json\/wp\/v2\/types\/post"}],"author":[{"embeddable":true,"href":"https:\/\/grupohoymexico.com\/puebla\/wp-json\/wp\/v2\/users\/1"}],"replies":[{"embeddable":true,"href":"https:\/\/grupohoymexico.com\/puebla\/wp-json\/wp\/v2\/comments?post=75137"}],"version-history":[{"count":1,"href":"https:\/\/grupohoymexico.com\/puebla\/wp-json\/wp\/v2\/posts\/75137\/revisions"}],"predecessor-version":[{"id":75140,"href":"https:\/\/grupohoymexico.com\/puebla\/wp-json\/wp\/v2\/posts\/75137\/revisions\/75140"}],"wp:featuredmedia":[{"embeddable":true,"href":"https:\/\/grupohoymexico.com\/puebla\/wp-json\/wp\/v2\/media\/75139"}],"wp:attachment":[{"href":"https:\/\/grupohoymexico.com\/puebla\/wp-json\/wp\/v2\/media?parent=75137"}],"wp:term":[{"taxonomy":"category","embeddable":true,"href":"https:\/\/grupohoymexico.com\/puebla\/wp-json\/wp\/v2\/categories?post=75137"},{"taxonomy":"post_tag","embeddable":true,"href":"https:\/\/grupohoymexico.com\/puebla\/wp-json\/wp\/v2\/tags?post=75137"}],"curies":[{"name":"wp","href":"https:\/\/api.w.org\/{rel}","templated":true}]}}