{"id":75131,"date":"2025-05-30T15:56:20","date_gmt":"2025-05-30T15:56:20","guid":{"rendered":"https:\/\/grupohoymexico.com\/puebla\/?p=75131"},"modified":"2025-05-30T17:24:41","modified_gmt":"2025-05-30T17:24:41","slug":"bloqueo-autopista-mexico-puebla-pobladores-de-xoxtla-reabren-paso-tras-seis-horas","status":"publish","type":"post","link":"https:\/\/grupohoymexico.com\/puebla\/2025\/05\/30\/bloqueo-autopista-mexico-puebla-pobladores-de-xoxtla-reabren-paso-tras-seis-horas\/","title":{"rendered":"Pobladores de Xoxtla suspenden bloqueo de autopista M\u00e9xico-Puebla tras seis horas"},"content":{"rendered":"\n<p>El <strong>bloqueo en la autopista M\u00e9xico-Puebla<\/strong>, organizado por los pobladores de <strong>Xoxtla<\/strong>, termin\u00f3 finalmente a las 2:00 de la madrugada de este viernes luego de seis horas. Los vecinos de la zona liberaron la vialidad luego de mantener di\u00e1logo con representantes de la<a href=\"https:\/\/www.puebla.gob.mx\/\"> <strong>Secretar\u00eda de Gobernaci\u00f3n estatal<\/strong><\/a><strong>.<\/strong> Esto, ocasionado por el desacuerdo por el manejo del pozo 4 de agua en la comunidad.<\/p>\n\n\n\n<h2 class=\"wp-block-heading\" id=\"h-protesta-por-uso-del-agua-del-pozo-4\"><strong>Protesta por uso del agua del pozo 4<\/strong><\/h2>\n\n\n\n<p>El cierre de la transitada v\u00eda tuvo inicio a las 20:00 horas del mi\u00e9rcoles. Los habitantes de <strong>Xoxtla<\/strong> exigieron la cancelaci\u00f3n del acuerdo que permite a la empresa <strong>Concesiones Integrales<\/strong> extraer el 50 % del agua producida por el pozo 4, alegando que dicha medida compromete el abasto del recurso en la localidad.<br><br>LEE TAMBI\u00c9N: <a href=\"https:\/\/grupohoymexico.com\/puebla\/2025\/05\/30\/autoridades-impulsan-el-gran-telescopio-milimetrico-como-centro-de-ciencia-en-puebla\/\">Autoridades impulsan el telescopio milim\u00e9trico de Puebla como centro de Ciencia <\/a><\/p>\n\n\n\n<figure class=\"wp-block-image size-full\"><img fetchpriority=\"high\" decoding=\"async\" width=\"948\" height=\"578\" src=\"https:\/\/grupohoymexico.com\/puebla\/wp-content\/uploads\/sites\/3\/2025\/05\/image-51.png\" alt=\"\" class=\"wp-image-75132\" srcset=\"https:\/\/grupohoymexico.com\/puebla\/wp-content\/uploads\/sites\/3\/2025\/05\/image-51.png 948w, https:\/\/grupohoymexico.com\/puebla\/wp-content\/uploads\/sites\/3\/2025\/05\/image-51-300x183.png 300w, https:\/\/grupohoymexico.com\/puebla\/wp-content\/uploads\/sites\/3\/2025\/05\/image-51-768x468.png 768w, https:\/\/grupohoymexico.com\/puebla\/wp-content\/uploads\/sites\/3\/2025\/05\/image-51-332x202.png 332w, https:\/\/grupohoymexico.com\/puebla\/wp-content\/uploads\/sites\/3\/2025\/05\/image-51-664x405.png 664w, https:\/\/grupohoymexico.com\/puebla\/wp-content\/uploads\/sites\/3\/2025\/05\/image-51-688x419.png 688w\" sizes=\"(max-width: 948px) 100vw, 948px\" \/><\/figure>\n\n\n\n<p>El personal de <strong>Gobernaci\u00f3n<\/strong> logr\u00f3 ingresar al punto del bloqueo a trav\u00e9s de rutas alternas. En el lugar, se entabl\u00f3 un primer di\u00e1logo en el que se acord\u00f3 una nueva reuni\u00f3n este jueves a las 12:00 horas, en el z\u00f3calo de <strong>Xoxtla<\/strong>, donde se llevar\u00e1 a cabo una asamblea p\u00fablica para exponer las inconformidades de los vecinos.<\/p>\n\n\n\n<h2 class=\"wp-block-heading\" id=\"h-bloqueo-en-la-autopista-mexico-puebla-reapertura-con-trafico-intenso\"><strong>bloqueo en la autopista M\u00e9xico-Puebla: Reapertura con tr\u00e1fico intenso<\/strong><\/h2>\n\n\n\n<p>Aunque la <strong>autopista M\u00e9xico-Puebla fue reabierta<\/strong>, el congestionamiento vehicular persiste. Seg\u00fan <a href=\"https:\/\/www.gob.mx\/capufe\">Caminos y Puentes Federales <\/a>(<strong>CAPUFE<\/strong>), desde temprano se registra una fila de aproximadamente 7 kil\u00f3metros, que alcanza hasta las inmediaciones del <strong>Aeropuerto Internacional de Huejotzingo<\/strong>. Autoridades piden precauci\u00f3n y considerar rutas alternas.<\/p>\n\n\n\n<p>El conflicto ha generado preocupaci\u00f3n entre los automovilistas y transportistas que utilizan esta importante v\u00eda de comunicaci\u00f3n, que conecta a la capital del pa\u00eds con la regi\u00f3n sureste.<\/p>\n\n\n\n<h2 class=\"wp-block-heading\" id=\"h-autoridades-llaman-al-dialogo-y-revision-del-acuerdo\"><strong>Autoridades llaman al di\u00e1logo y revisi\u00f3n del acuerdo<\/strong><\/h2>\n\n\n\n<p>El gobierno estatal reiter\u00f3 su disposici\u00f3n para resolver el conflicto por v\u00edas pac\u00edficas. El acuerdo que autoriza a <strong>Concesiones<\/strong> Integrales a utilizar el agua del pozo fue firmado por el ayuntamiento y ratificado por la alcaldesa <strong>Guadalupe Ortiz<\/strong>, lo que ha generado malestar entre los vecinos que aseguran no haber sido consultados. <\/p>\n","protected":false},"excerpt":{"rendered":"El bloqueo en la autopista M\u00e9xico-Puebla, organizado por los pobladores de Xoxtla, termin\u00f3 finalmente a las 2:00 de&hellip;","protected":false},"author":30,"featured_media":75134,"comment_status":"open","ping_status":"open","sticky":false,"template":"","format":"standard","meta":{"csco_display_header_overlay":false,"csco_singular_sidebar":"","csco_page_header_type":"","csco_page_load_nextpost":"","csco_post_video_location":[],"csco_post_video_location_hash":"","csco_post_video_url":"","csco_post_video_bg_start_time":0,"csco_post_video_bg_end_time":0,"footnotes":""},"categories":[29],"tags":[1140,1141,40,1142,748],"class_list":{"0":"post-75131","1":"post","2":"type-post","3":"status-publish","4":"format-standard","5":"has-post-thumbnail","7":"category-estatal","8":"tag-autopista-mexico-puebla","9":"tag-bloqueos","10":"tag-puebla","11":"tag-trafico","12":"tag-vialidad","13":"cs-entry","14":"cs-video-wrap"},"yoast_head":"<!-- This site is optimized with the Yoast SEO Premium plugin v24.7 (Yoast SEO v27.4) - https:\/\/yoast.com\/product\/yoast-seo-premium-wordpress\/ -->\n<title>Bloqueo autopista M\u00e9xico-Puebla: pobladores reabren paso<\/title>\n<meta name=\"description\" content=\"El bloqueo en la autopista M\u00e9xico-Puebla, protagonizado por pobladores de Xoxtla, concluy\u00f3 a las 2:00 de la madrugada de este viernes\" \/>\n<meta name=\"robots\" content=\"index, follow, max-snippet:-1, max-image-preview:large, max-video-preview:-1\" \/>\n<link rel=\"canonical\" href=\"https:\/\/grupohoymexico.com\/puebla\/2025\/05\/30\/bloqueo-autopista-mexico-puebla-pobladores-de-xoxtla-reabren-paso-tras-seis-horas\/\" \/>\n<meta property=\"og:locale\" content=\"es_MX\" \/>\n<meta property=\"og:type\" content=\"article\" \/>\n<meta property=\"og:title\" content=\"Pobladores de Xoxtla suspenden bloqueo de autopista M\u00e9xico-Puebla tras seis horas\" \/>\n<meta property=\"og:description\" content=\"El bloqueo en la autopista M\u00e9xico-Puebla, protagonizado por pobladores de Xoxtla, concluy\u00f3 a las 2:00 de la madrugada de este viernes\" \/>\n<meta property=\"og:url\" content=\"https:\/\/grupohoymexico.com\/puebla\/2025\/05\/30\/bloqueo-autopista-mexico-puebla-pobladores-de-xoxtla-reabren-paso-tras-seis-horas\/\" \/>\n<meta property=\"og:site_name\" content=\"Grupo Hoy Puebla\" \/>\n<meta property=\"article:published_time\" content=\"2025-05-30T15:56:20+00:00\" \/>\n<meta property=\"article:modified_time\" content=\"2025-05-30T17:24:41+00:00\" \/>\n<meta property=\"og:image\" content=\"https:\/\/grupohoymexico.com\/puebla\/wp-content\/uploads\/sites\/3\/2025\/05\/Autopista-Mexico-puebla.jpg\" \/>\n\t<meta property=\"og:image:width\" content=\"1193\" \/>\n\t<meta property=\"og:image:height\" content=\"629\" \/>\n\t<meta property=\"og:image:type\" content=\"image\/jpeg\" \/>\n<meta name=\"author\" content=\"eduardo\" \/>\n<meta name=\"twitter:card\" content=\"summary_large_image\" \/>\n<meta name=\"twitter:label1\" content=\"Escrito por\" \/>\n\t<meta name=\"twitter:data1\" content=\"eduardo\" \/>\n\t<meta name=\"twitter:label2\" content=\"Tiempo de lectura\" \/>\n\t<meta name=\"twitter:data2\" content=\"2 minutos\" \/>\n<script type=\"application\/ld+json\" class=\"yoast-schema-graph\">{\"@context\":\"https:\\\/\\\/schema.org\",\"@graph\":[{\"@type\":\"Article\",\"@id\":\"https:\\\/\\\/grupohoymexico.com\\\/puebla\\\/2025\\\/05\\\/30\\\/bloqueo-autopista-mexico-puebla-pobladores-de-xoxtla-reabren-paso-tras-seis-horas\\\/#article\",\"isPartOf\":{\"@id\":\"https:\\\/\\\/grupohoymexico.com\\\/puebla\\\/2025\\\/05\\\/30\\\/bloqueo-autopista-mexico-puebla-pobladores-de-xoxtla-reabren-paso-tras-seis-horas\\\/\"},\"author\":{\"name\":\"eduardo\",\"@id\":\"https:\\\/\\\/grupohoymexico.com\\\/puebla\\\/#\\\/schema\\\/person\\\/e95b7b8df1e5c291ede743c160292779\"},\"headline\":\"Pobladores de Xoxtla suspenden bloqueo de autopista M\u00e9xico-Puebla tras seis horas\",\"datePublished\":\"2025-05-30T15:56:20+00:00\",\"dateModified\":\"2025-05-30T17:24:41+00:00\",\"mainEntityOfPage\":{\"@id\":\"https:\\\/\\\/grupohoymexico.com\\\/puebla\\\/2025\\\/05\\\/30\\\/bloqueo-autopista-mexico-puebla-pobladores-de-xoxtla-reabren-paso-tras-seis-horas\\\/\"},\"wordCount\":368,\"commentCount\":0,\"image\":{\"@id\":\"https:\\\/\\\/grupohoymexico.com\\\/puebla\\\/2025\\\/05\\\/30\\\/bloqueo-autopista-mexico-puebla-pobladores-de-xoxtla-reabren-paso-tras-seis-horas\\\/#primaryimage\"},\"thumbnailUrl\":\"https:\\\/\\\/grupohoymexico.com\\\/puebla\\\/wp-content\\\/uploads\\\/sites\\\/3\\\/2025\\\/05\\\/Autopista-Mexico-puebla.jpg\",\"keywords\":[\"Autopista mexico-puebla\",\"Bloqueos\",\"puebla\",\"Tr\u00e1fico\",\"Vialidad\"],\"articleSection\":[\"Estatal\"],\"inLanguage\":\"es\",\"potentialAction\":[{\"@type\":\"CommentAction\",\"name\":\"Comment\",\"target\":[\"https:\\\/\\\/grupohoymexico.com\\\/puebla\\\/2025\\\/05\\\/30\\\/bloqueo-autopista-mexico-puebla-pobladores-de-xoxtla-reabren-paso-tras-seis-horas\\\/#respond\"]}]},{\"@type\":\"WebPage\",\"@id\":\"https:\\\/\\\/grupohoymexico.com\\\/puebla\\\/2025\\\/05\\\/30\\\/bloqueo-autopista-mexico-puebla-pobladores-de-xoxtla-reabren-paso-tras-seis-horas\\\/\",\"url\":\"https:\\\/\\\/grupohoymexico.com\\\/puebla\\\/2025\\\/05\\\/30\\\/bloqueo-autopista-mexico-puebla-pobladores-de-xoxtla-reabren-paso-tras-seis-horas\\\/\",\"name\":\"Bloqueo autopista M\u00e9xico-Puebla: pobladores reabren paso\",\"isPartOf\":{\"@id\":\"https:\\\/\\\/grupohoymexico.com\\\/puebla\\\/#website\"},\"primaryImageOfPage\":{\"@id\":\"https:\\\/\\\/grupohoymexico.com\\\/puebla\\\/2025\\\/05\\\/30\\\/bloqueo-autopista-mexico-puebla-pobladores-de-xoxtla-reabren-paso-tras-seis-horas\\\/#primaryimage\"},\"image\":{\"@id\":\"https:\\\/\\\/grupohoymexico.com\\\/puebla\\\/2025\\\/05\\\/30\\\/bloqueo-autopista-mexico-puebla-pobladores-de-xoxtla-reabren-paso-tras-seis-horas\\\/#primaryimage\"},\"thumbnailUrl\":\"https:\\\/\\\/grupohoymexico.com\\\/puebla\\\/wp-content\\\/uploads\\\/sites\\\/3\\\/2025\\\/05\\\/Autopista-Mexico-puebla.jpg\",\"datePublished\":\"2025-05-30T15:56:20+00:00\",\"dateModified\":\"2025-05-30T17:24:41+00:00\",\"author\":{\"@id\":\"https:\\\/\\\/grupohoymexico.com\\\/puebla\\\/#\\\/schema\\\/person\\\/e95b7b8df1e5c291ede743c160292779\"},\"description\":\"El bloqueo en la autopista M\u00e9xico-Puebla, protagonizado por pobladores de Xoxtla, concluy\u00f3 a las 2:00 de la madrugada de este viernes\",\"breadcrumb\":{\"@id\":\"https:\\\/\\\/grupohoymexico.com\\\/puebla\\\/2025\\\/05\\\/30\\\/bloqueo-autopista-mexico-puebla-pobladores-de-xoxtla-reabren-paso-tras-seis-horas\\\/#breadcrumb\"},\"inLanguage\":\"es\",\"potentialAction\":[{\"@type\":\"ReadAction\",\"target\":[\"https:\\\/\\\/grupohoymexico.com\\\/puebla\\\/2025\\\/05\\\/30\\\/bloqueo-autopista-mexico-puebla-pobladores-de-xoxtla-reabren-paso-tras-seis-horas\\\/\"]}]},{\"@type\":\"ImageObject\",\"inLanguage\":\"es\",\"@id\":\"https:\\\/\\\/grupohoymexico.com\\\/puebla\\\/2025\\\/05\\\/30\\\/bloqueo-autopista-mexico-puebla-pobladores-de-xoxtla-reabren-paso-tras-seis-horas\\\/#primaryimage\",\"url\":\"https:\\\/\\\/grupohoymexico.com\\\/puebla\\\/wp-content\\\/uploads\\\/sites\\\/3\\\/2025\\\/05\\\/Autopista-Mexico-puebla.jpg\",\"contentUrl\":\"https:\\\/\\\/grupohoymexico.com\\\/puebla\\\/wp-content\\\/uploads\\\/sites\\\/3\\\/2025\\\/05\\\/Autopista-Mexico-puebla.jpg\",\"width\":1193,\"height\":629,\"caption\":\"Imagen: Autopista M\u00e9xico-puebla Fuente: Redes Sociales\"},{\"@type\":\"BreadcrumbList\",\"@id\":\"https:\\\/\\\/grupohoymexico.com\\\/puebla\\\/2025\\\/05\\\/30\\\/bloqueo-autopista-mexico-puebla-pobladores-de-xoxtla-reabren-paso-tras-seis-horas\\\/#breadcrumb\",\"itemListElement\":[{\"@type\":\"ListItem\",\"position\":1,\"name\":\"Inicio\",\"item\":\"https:\\\/\\\/grupohoymexico.com\\\/puebla\\\/\"},{\"@type\":\"ListItem\",\"position\":2,\"name\":\"Pobladores de Xoxtla suspenden bloqueo de autopista M\u00e9xico-Puebla tras seis horas\"}]},{\"@type\":\"WebSite\",\"@id\":\"https:\\\/\\\/grupohoymexico.com\\\/puebla\\\/#website\",\"url\":\"https:\\\/\\\/grupohoymexico.com\\\/puebla\\\/\",\"name\":\"Grupo Hoy Puebla\",\"description\":\"\",\"potentialAction\":[{\"@type\":\"SearchAction\",\"target\":{\"@type\":\"EntryPoint\",\"urlTemplate\":\"https:\\\/\\\/grupohoymexico.com\\\/puebla\\\/?s={search_term_string}\"},\"query-input\":{\"@type\":\"PropertyValueSpecification\",\"valueRequired\":true,\"valueName\":\"search_term_string\"}}],\"inLanguage\":\"es\"},{\"@type\":\"Person\",\"@id\":\"https:\\\/\\\/grupohoymexico.com\\\/puebla\\\/#\\\/schema\\\/person\\\/e95b7b8df1e5c291ede743c160292779\",\"name\":\"eduardo\",\"image\":{\"@type\":\"ImageObject\",\"inLanguage\":\"es\",\"@id\":\"https:\\\/\\\/secure.gravatar.com\\\/avatar\\\/ecdd30dcf3feeb5f57f13840c3daeb08334d3b69de7bb9e067a540c4925a9788?s=96&d=mm&r=g\",\"url\":\"https:\\\/\\\/secure.gravatar.com\\\/avatar\\\/ecdd30dcf3feeb5f57f13840c3daeb08334d3b69de7bb9e067a540c4925a9788?s=96&d=mm&r=g\",\"contentUrl\":\"https:\\\/\\\/secure.gravatar.com\\\/avatar\\\/ecdd30dcf3feeb5f57f13840c3daeb08334d3b69de7bb9e067a540c4925a9788?s=96&d=mm&r=g\",\"caption\":\"eduardo\"},\"url\":\"https:\\\/\\\/grupohoymexico.com\\\/puebla\\\/author\\\/eduardo\\\/\"}]}<\/script>\n<!-- \/ Yoast SEO Premium plugin. -->","yoast_head_json":{"title":"Bloqueo autopista M\u00e9xico-Puebla: pobladores reabren paso","description":"El bloqueo en la autopista M\u00e9xico-Puebla, protagonizado por pobladores de Xoxtla, concluy\u00f3 a las 2:00 de la madrugada de este viernes","robots":{"index":"index","follow":"follow","max-snippet":"max-snippet:-1","max-image-preview":"max-image-preview:large","max-video-preview":"max-video-preview:-1"},"canonical":"https:\/\/grupohoymexico.com\/puebla\/2025\/05\/30\/bloqueo-autopista-mexico-puebla-pobladores-de-xoxtla-reabren-paso-tras-seis-horas\/","og_locale":"es_MX","og_type":"article","og_title":"Pobladores de Xoxtla suspenden bloqueo de autopista M\u00e9xico-Puebla tras seis horas","og_description":"El bloqueo en la autopista M\u00e9xico-Puebla, protagonizado por pobladores de Xoxtla, concluy\u00f3 a las 2:00 de la madrugada de este viernes","og_url":"https:\/\/grupohoymexico.com\/puebla\/2025\/05\/30\/bloqueo-autopista-mexico-puebla-pobladores-de-xoxtla-reabren-paso-tras-seis-horas\/","og_site_name":"Grupo Hoy Puebla","article_published_time":"2025-05-30T15:56:20+00:00","article_modified_time":"2025-05-30T17:24:41+00:00","og_image":[{"width":1193,"height":629,"url":"https:\/\/grupohoymexico.com\/puebla\/wp-content\/uploads\/sites\/3\/2025\/05\/Autopista-Mexico-puebla.jpg","type":"image\/jpeg"}],"author":"eduardo","twitter_card":"summary_large_image","twitter_misc":{"Escrito por":"eduardo","Tiempo de lectura":"2 minutos"},"schema":{"@context":"https:\/\/schema.org","@graph":[{"@type":"Article","@id":"https:\/\/grupohoymexico.com\/puebla\/2025\/05\/30\/bloqueo-autopista-mexico-puebla-pobladores-de-xoxtla-reabren-paso-tras-seis-horas\/#article","isPartOf":{"@id":"https:\/\/grupohoymexico.com\/puebla\/2025\/05\/30\/bloqueo-autopista-mexico-puebla-pobladores-de-xoxtla-reabren-paso-tras-seis-horas\/"},"author":{"name":"eduardo","@id":"https:\/\/grupohoymexico.com\/puebla\/#\/schema\/person\/e95b7b8df1e5c291ede743c160292779"},"headline":"Pobladores de Xoxtla suspenden bloqueo de autopista M\u00e9xico-Puebla tras seis horas","datePublished":"2025-05-30T15:56:20+00:00","dateModified":"2025-05-30T17:24:41+00:00","mainEntityOfPage":{"@id":"https:\/\/grupohoymexico.com\/puebla\/2025\/05\/30\/bloqueo-autopista-mexico-puebla-pobladores-de-xoxtla-reabren-paso-tras-seis-horas\/"},"wordCount":368,"commentCount":0,"image":{"@id":"https:\/\/grupohoymexico.com\/puebla\/2025\/05\/30\/bloqueo-autopista-mexico-puebla-pobladores-de-xoxtla-reabren-paso-tras-seis-horas\/#primaryimage"},"thumbnailUrl":"https:\/\/grupohoymexico.com\/puebla\/wp-content\/uploads\/sites\/3\/2025\/05\/Autopista-Mexico-puebla.jpg","keywords":["Autopista mexico-puebla","Bloqueos","puebla","Tr\u00e1fico","Vialidad"],"articleSection":["Estatal"],"inLanguage":"es","potentialAction":[{"@type":"CommentAction","name":"Comment","target":["https:\/\/grupohoymexico.com\/puebla\/2025\/05\/30\/bloqueo-autopista-mexico-puebla-pobladores-de-xoxtla-reabren-paso-tras-seis-horas\/#respond"]}]},{"@type":"WebPage","@id":"https:\/\/grupohoymexico.com\/puebla\/2025\/05\/30\/bloqueo-autopista-mexico-puebla-pobladores-de-xoxtla-reabren-paso-tras-seis-horas\/","url":"https:\/\/grupohoymexico.com\/puebla\/2025\/05\/30\/bloqueo-autopista-mexico-puebla-pobladores-de-xoxtla-reabren-paso-tras-seis-horas\/","name":"Bloqueo autopista M\u00e9xico-Puebla: pobladores reabren paso","isPartOf":{"@id":"https:\/\/grupohoymexico.com\/puebla\/#website"},"primaryImageOfPage":{"@id":"https:\/\/grupohoymexico.com\/puebla\/2025\/05\/30\/bloqueo-autopista-mexico-puebla-pobladores-de-xoxtla-reabren-paso-tras-seis-horas\/#primaryimage"},"image":{"@id":"https:\/\/grupohoymexico.com\/puebla\/2025\/05\/30\/bloqueo-autopista-mexico-puebla-pobladores-de-xoxtla-reabren-paso-tras-seis-horas\/#primaryimage"},"thumbnailUrl":"https:\/\/grupohoymexico.com\/puebla\/wp-content\/uploads\/sites\/3\/2025\/05\/Autopista-Mexico-puebla.jpg","datePublished":"2025-05-30T15:56:20+00:00","dateModified":"2025-05-30T17:24:41+00:00","author":{"@id":"https:\/\/grupohoymexico.com\/puebla\/#\/schema\/person\/e95b7b8df1e5c291ede743c160292779"},"description":"El bloqueo en la autopista M\u00e9xico-Puebla, protagonizado por pobladores de Xoxtla, concluy\u00f3 a las 2:00 de la madrugada de este viernes","breadcrumb":{"@id":"https:\/\/grupohoymexico.com\/puebla\/2025\/05\/30\/bloqueo-autopista-mexico-puebla-pobladores-de-xoxtla-reabren-paso-tras-seis-horas\/#breadcrumb"},"inLanguage":"es","potentialAction":[{"@type":"ReadAction","target":["https:\/\/grupohoymexico.com\/puebla\/2025\/05\/30\/bloqueo-autopista-mexico-puebla-pobladores-de-xoxtla-reabren-paso-tras-seis-horas\/"]}]},{"@type":"ImageObject","inLanguage":"es","@id":"https:\/\/grupohoymexico.com\/puebla\/2025\/05\/30\/bloqueo-autopista-mexico-puebla-pobladores-de-xoxtla-reabren-paso-tras-seis-horas\/#primaryimage","url":"https:\/\/grupohoymexico.com\/puebla\/wp-content\/uploads\/sites\/3\/2025\/05\/Autopista-Mexico-puebla.jpg","contentUrl":"https:\/\/grupohoymexico.com\/puebla\/wp-content\/uploads\/sites\/3\/2025\/05\/Autopista-Mexico-puebla.jpg","width":1193,"height":629,"caption":"Imagen: Autopista M\u00e9xico-puebla Fuente: Redes Sociales"},{"@type":"BreadcrumbList","@id":"https:\/\/grupohoymexico.com\/puebla\/2025\/05\/30\/bloqueo-autopista-mexico-puebla-pobladores-de-xoxtla-reabren-paso-tras-seis-horas\/#breadcrumb","itemListElement":[{"@type":"ListItem","position":1,"name":"Inicio","item":"https:\/\/grupohoymexico.com\/puebla\/"},{"@type":"ListItem","position":2,"name":"Pobladores de Xoxtla suspenden bloqueo de autopista M\u00e9xico-Puebla tras seis horas"}]},{"@type":"WebSite","@id":"https:\/\/grupohoymexico.com\/puebla\/#website","url":"https:\/\/grupohoymexico.com\/puebla\/","name":"Grupo Hoy Puebla","description":"","potentialAction":[{"@type":"SearchAction","target":{"@type":"EntryPoint","urlTemplate":"https:\/\/grupohoymexico.com\/puebla\/?s={search_term_string}"},"query-input":{"@type":"PropertyValueSpecification","valueRequired":true,"valueName":"search_term_string"}}],"inLanguage":"es"},{"@type":"Person","@id":"https:\/\/grupohoymexico.com\/puebla\/#\/schema\/person\/e95b7b8df1e5c291ede743c160292779","name":"eduardo","image":{"@type":"ImageObject","inLanguage":"es","@id":"https:\/\/secure.gravatar.com\/avatar\/ecdd30dcf3feeb5f57f13840c3daeb08334d3b69de7bb9e067a540c4925a9788?s=96&d=mm&r=g","url":"https:\/\/secure.gravatar.com\/avatar\/ecdd30dcf3feeb5f57f13840c3daeb08334d3b69de7bb9e067a540c4925a9788?s=96&d=mm&r=g","contentUrl":"https:\/\/secure.gravatar.com\/avatar\/ecdd30dcf3feeb5f57f13840c3daeb08334d3b69de7bb9e067a540c4925a9788?s=96&d=mm&r=g","caption":"eduardo"},"url":"https:\/\/grupohoymexico.com\/puebla\/author\/eduardo\/"}]}},"_links":{"self":[{"href":"https:\/\/grupohoymexico.com\/puebla\/wp-json\/wp\/v2\/posts\/75131","targetHints":{"allow":["GET"]}}],"collection":[{"href":"https:\/\/grupohoymexico.com\/puebla\/wp-json\/wp\/v2\/posts"}],"about":[{"href":"https:\/\/grupohoymexico.com\/puebla\/wp-json\/wp\/v2\/types\/post"}],"author":[{"embeddable":true,"href":"https:\/\/grupohoymexico.com\/puebla\/wp-json\/wp\/v2\/users\/30"}],"replies":[{"embeddable":true,"href":"https:\/\/grupohoymexico.com\/puebla\/wp-json\/wp\/v2\/comments?post=75131"}],"version-history":[{"count":3,"href":"https:\/\/grupohoymexico.com\/puebla\/wp-json\/wp\/v2\/posts\/75131\/revisions"}],"predecessor-version":[{"id":75143,"href":"https:\/\/grupohoymexico.com\/puebla\/wp-json\/wp\/v2\/posts\/75131\/revisions\/75143"}],"wp:featuredmedia":[{"embeddable":true,"href":"https:\/\/grupohoymexico.com\/puebla\/wp-json\/wp\/v2\/media\/75134"}],"wp:attachment":[{"href":"https:\/\/grupohoymexico.com\/puebla\/wp-json\/wp\/v2\/media?parent=75131"}],"wp:term":[{"taxonomy":"category","embeddable":true,"href":"https:\/\/grupohoymexico.com\/puebla\/wp-json\/wp\/v2\/categories?post=75131"},{"taxonomy":"post_tag","embeddable":true,"href":"https:\/\/grupohoymexico.com\/puebla\/wp-json\/wp\/v2\/tags?post=75131"}],"curies":[{"name":"wp","href":"https:\/\/api.w.org\/{rel}","templated":true}]}}