{"id":75116,"date":"2025-05-30T00:08:49","date_gmt":"2025-05-30T00:08:49","guid":{"rendered":"https:\/\/grupohoymexico.com\/puebla\/?p=75116"},"modified":"2025-05-30T00:08:50","modified_gmt":"2025-05-30T00:08:50","slug":"autoridades-impulsan-el-gran-telescopio-milimetrico-como-centro-de-ciencia-en-puebla","status":"publish","type":"post","link":"https:\/\/grupohoymexico.com\/puebla\/2025\/05\/30\/autoridades-impulsan-el-gran-telescopio-milimetrico-como-centro-de-ciencia-en-puebla\/","title":{"rendered":"\u00a0Autoridades impulsan el Gran Telescopio Milim\u00e9trico como centro de ciencia en Puebla"},"content":{"rendered":"\n<p><\/p>\n\n\n\n<p>El <strong><a href=\"http:\/\/lmtgtm.org\/?lang=es\">Gran Telescopio Milim\u00e9trico<\/a><\/strong> (GTM), ubicado en la cima del volc\u00e1n Sierra Negra, recibi\u00f3 la visita de autoridades federales, estatales y cient\u00edficas como parte de una estrategia para fortalecer su papel en la <strong>divulgaci\u00f3n cient\u00edfica<\/strong> y consolidarlo como un polo de desarrollo tecnol\u00f3gico y <strong>turismo cient\u00edfico<\/strong> en Puebla.<\/p>\n\n\n\n<h3 class=\"wp-block-heading\" id=\"h-gtm-un-gigante-de-la-astronomia-en-mexico\">GTM: un gigante de la astronom\u00eda en M\u00e9xico<\/h3>\n\n\n\n<p>El GTM, considerado el <strong>radiotelescopio milim\u00e9trico m\u00e1s grande del mundo<\/strong>, cuenta con una antena de 50 metros de di\u00e1metro y ha sido clave para importantes avances astron\u00f3micos. Destaca su participaci\u00f3n en la obtenci\u00f3n de la primera imagen de un agujero negro supermasivo, logro que le vali\u00f3 la Medalla Einstein 2020 y el <strong>Premio Breakthrough<\/strong> en <strong>F\u00edsica Fundamental<\/strong>.<br><br>LEE TAMBI\u00c9N: <a href=\"https:\/\/grupohoymexico.com\/puebla\/2025\/05\/29\/puebla-registra-aumento-en-adopciones-durante-el-primer-trimestre-de-2025\/\">Puebla registra aumento de adopciones <\/a><\/p>\n\n\n\n<figure class=\"wp-block-image size-full\"><img fetchpriority=\"high\" decoding=\"async\" width=\"942\" height=\"595\" src=\"https:\/\/grupohoymexico.com\/puebla\/wp-content\/uploads\/sites\/3\/2025\/05\/image-50.png\" alt=\"\" class=\"wp-image-75117\" srcset=\"https:\/\/grupohoymexico.com\/puebla\/wp-content\/uploads\/sites\/3\/2025\/05\/image-50.png 942w, https:\/\/grupohoymexico.com\/puebla\/wp-content\/uploads\/sites\/3\/2025\/05\/image-50-300x189.png 300w, https:\/\/grupohoymexico.com\/puebla\/wp-content\/uploads\/sites\/3\/2025\/05\/image-50-768x485.png 768w, https:\/\/grupohoymexico.com\/puebla\/wp-content\/uploads\/sites\/3\/2025\/05\/image-50-332x210.png 332w, https:\/\/grupohoymexico.com\/puebla\/wp-content\/uploads\/sites\/3\/2025\/05\/image-50-664x419.png 664w, https:\/\/grupohoymexico.com\/puebla\/wp-content\/uploads\/sites\/3\/2025\/05\/image-50-688x435.png 688w\" sizes=\"(max-width: 942px) 100vw, 942px\" \/><\/figure>\n\n\n\n<p>David Hughes, director del GTM y miembro del <a href=\"https:\/\/www.inaoep.mx\/\">Instituto Nacional de Astrof\u00edsica<\/a>, \u00d3ptica y Electr\u00f3nica (INAOE), resalt\u00f3 que el observatorio forma parte de una colaboraci\u00f3n con la <a href=\"https:\/\/www.umass.edu\/\">Universidad de Massachusetts Amherst<\/a> y redes internacionales como el Telescopio Horizonte de Eventos.<\/p>\n\n\n\n<h3 class=\"wp-block-heading\" id=\"h-propuesta-para-impulsar-el-turismo-cientifico-y-la-educacion\">Propuesta para impulsar el turismo cient\u00edfico y la educaci\u00f3n<\/h3>\n\n\n\n<p>El gobernador de Puebla, <a href=\"https:\/\/alejandroarmenta.com.mx\/\">Alejandro Arment<\/a>a, propuso entregar r\u00e9plicas de los reconocimientos del GTM a la presidenta Claudia Sheinbaum, para visibilizar su relevancia a nivel nacional. Asimismo, plante\u00f3 la creaci\u00f3n de <strong>recorridos educativos<\/strong> y espacios interactivos para que estudiantes y j\u00f3venes conozcan el funcionamiento del observatorio.<\/p>\n\n\n\n<p>\u201cLa vocaci\u00f3n cient\u00edfica de nuestra presidenta ha volteado los ojos a Puebla. Estamos comprometidos con su visi\u00f3n de soberan\u00eda tecnol\u00f3gica\u201d, afirm\u00f3 Armenta, quien subray\u00f3 el compromiso de su gobierno con la promoci\u00f3n de la ciencia.<\/p>\n\n\n\n<h3 class=\"wp-block-heading\" id=\"h-apoyo-federal-a-la-infraestructura-para-el-acceso-al-gtm\">Apoyo federal a la infraestructura para el acceso al GTM<\/h3>\n\n\n\n<p>Rom\u00e1n Meyer, director de la Unidad de Proyectos de Infraestructura Urbana del gobierno federal, respald\u00f3 estas iniciativas y destac\u00f3 la necesidad de crear infraestructura no invasiva que facilite el acceso al GTM. \u201cLa idea es que tanto ciudadanos como estudiantes puedan acercarse al telescopio y conocer c\u00f3mo se vincula con la exploraci\u00f3n del universo\u201d, coment\u00f3.<\/p>\n\n\n\n<p>La visita oficial marca un avance importante en el posicionamiento de Puebla como referente en ciencia, tecnolog\u00eda y educaci\u00f3n. El <strong>Gran Telescopio Milim\u00e9trico<\/strong> no solo representa un logro cient\u00edfico, sino tambi\u00e9n una oportunidad para fortalecer la cultura cient\u00edfica y atraer visitantes interesados en el conocimiento y la exploraci\u00f3n espacial. <\/p>\n","protected":false},"excerpt":{"rendered":"El Gran Telescopio Milim\u00e9trico (GTM), ubicado en la cima del volc\u00e1n Sierra Negra, recibi\u00f3 la visita de autoridades&hellip;","protected":false},"author":30,"featured_media":75118,"comment_status":"open","ping_status":"open","sticky":false,"template":"","format":"standard","meta":{"csco_display_header_overlay":false,"csco_singular_sidebar":"","csco_page_header_type":"","csco_page_load_nextpost":"","csco_post_video_location":[],"csco_post_video_location_hash":"","csco_post_video_url":"","csco_post_video_bg_start_time":0,"csco_post_video_bg_end_time":0,"footnotes":""},"categories":[29],"tags":[],"class_list":{"0":"post-75116","1":"post","2":"type-post","3":"status-publish","4":"format-standard","5":"has-post-thumbnail","7":"category-estatal","8":"cs-entry","9":"cs-video-wrap"},"yoast_head":"<!-- This site is optimized with the Yoast SEO Premium plugin v24.7 (Yoast SEO v27.4) - https:\/\/yoast.com\/product\/yoast-seo-premium-wordpress\/ -->\n<title>\u00a0Autoridades impulsan el Gran Telescopio Milim\u00e9trico en Puebla<\/title>\n<meta name=\"description\" content=\"El Gran Telescopio Milim\u00e9trico (GTM), ubicado en la cima del volc\u00e1n Sierra Negra, recibi\u00f3 la visita de autoridades federales y estatales\" \/>\n<meta name=\"robots\" content=\"index, follow, max-snippet:-1, max-image-preview:large, max-video-preview:-1\" \/>\n<link rel=\"canonical\" href=\"https:\/\/grupohoymexico.com\/puebla\/2025\/05\/30\/autoridades-impulsan-el-gran-telescopio-milimetrico-como-centro-de-ciencia-en-puebla\/\" \/>\n<meta property=\"og:locale\" content=\"es_MX\" \/>\n<meta property=\"og:type\" content=\"article\" \/>\n<meta property=\"og:title\" content=\"\u00a0Autoridades impulsan el Gran Telescopio Milim\u00e9trico como centro de ciencia en Puebla\" \/>\n<meta property=\"og:description\" content=\"El Gran Telescopio Milim\u00e9trico (GTM), ubicado en la cima del volc\u00e1n Sierra Negra, recibi\u00f3 la visita de autoridades federales y estatales\" \/>\n<meta property=\"og:url\" content=\"https:\/\/grupohoymexico.com\/puebla\/2025\/05\/30\/autoridades-impulsan-el-gran-telescopio-milimetrico-como-centro-de-ciencia-en-puebla\/\" \/>\n<meta property=\"og:site_name\" content=\"Grupo Hoy Puebla\" \/>\n<meta property=\"article:published_time\" content=\"2025-05-30T00:08:49+00:00\" \/>\n<meta property=\"article:modified_time\" content=\"2025-05-30T00:08:50+00:00\" \/>\n<meta property=\"og:image\" content=\"https:\/\/grupohoymexico.com\/puebla\/wp-content\/uploads\/sites\/3\/2025\/05\/Telescopio-Miletrico-de-Puebla.jpg\" \/>\n\t<meta property=\"og:image:width\" content=\"1188\" \/>\n\t<meta property=\"og:image:height\" content=\"629\" \/>\n\t<meta property=\"og:image:type\" content=\"image\/jpeg\" \/>\n<meta name=\"author\" content=\"eduardo\" \/>\n<meta name=\"twitter:card\" content=\"summary_large_image\" \/>\n<meta name=\"twitter:label1\" content=\"Escrito por\" \/>\n\t<meta name=\"twitter:data1\" content=\"eduardo\" \/>\n\t<meta name=\"twitter:label2\" content=\"Tiempo de lectura\" \/>\n\t<meta name=\"twitter:data2\" content=\"3 minutos\" \/>\n<script type=\"application\/ld+json\" class=\"yoast-schema-graph\">{\"@context\":\"https:\\\/\\\/schema.org\",\"@graph\":[{\"@type\":\"Article\",\"@id\":\"https:\\\/\\\/grupohoymexico.com\\\/puebla\\\/2025\\\/05\\\/30\\\/autoridades-impulsan-el-gran-telescopio-milimetrico-como-centro-de-ciencia-en-puebla\\\/#article\",\"isPartOf\":{\"@id\":\"https:\\\/\\\/grupohoymexico.com\\\/puebla\\\/2025\\\/05\\\/30\\\/autoridades-impulsan-el-gran-telescopio-milimetrico-como-centro-de-ciencia-en-puebla\\\/\"},\"author\":{\"name\":\"eduardo\",\"@id\":\"https:\\\/\\\/grupohoymexico.com\\\/puebla\\\/#\\\/schema\\\/person\\\/e95b7b8df1e5c291ede743c160292779\"},\"headline\":\"\u00a0Autoridades impulsan el Gran Telescopio Milim\u00e9trico como centro de ciencia en Puebla\",\"datePublished\":\"2025-05-30T00:08:49+00:00\",\"dateModified\":\"2025-05-30T00:08:50+00:00\",\"mainEntityOfPage\":{\"@id\":\"https:\\\/\\\/grupohoymexico.com\\\/puebla\\\/2025\\\/05\\\/30\\\/autoridades-impulsan-el-gran-telescopio-milimetrico-como-centro-de-ciencia-en-puebla\\\/\"},\"wordCount\":416,\"commentCount\":0,\"image\":{\"@id\":\"https:\\\/\\\/grupohoymexico.com\\\/puebla\\\/2025\\\/05\\\/30\\\/autoridades-impulsan-el-gran-telescopio-milimetrico-como-centro-de-ciencia-en-puebla\\\/#primaryimage\"},\"thumbnailUrl\":\"https:\\\/\\\/grupohoymexico.com\\\/puebla\\\/wp-content\\\/uploads\\\/sites\\\/3\\\/2025\\\/05\\\/Telescopio-Miletrico-de-Puebla.jpg\",\"articleSection\":[\"Estatal\"],\"inLanguage\":\"es\",\"potentialAction\":[{\"@type\":\"CommentAction\",\"name\":\"Comment\",\"target\":[\"https:\\\/\\\/grupohoymexico.com\\\/puebla\\\/2025\\\/05\\\/30\\\/autoridades-impulsan-el-gran-telescopio-milimetrico-como-centro-de-ciencia-en-puebla\\\/#respond\"]}]},{\"@type\":\"WebPage\",\"@id\":\"https:\\\/\\\/grupohoymexico.com\\\/puebla\\\/2025\\\/05\\\/30\\\/autoridades-impulsan-el-gran-telescopio-milimetrico-como-centro-de-ciencia-en-puebla\\\/\",\"url\":\"https:\\\/\\\/grupohoymexico.com\\\/puebla\\\/2025\\\/05\\\/30\\\/autoridades-impulsan-el-gran-telescopio-milimetrico-como-centro-de-ciencia-en-puebla\\\/\",\"name\":\"\u00a0Autoridades impulsan el Gran Telescopio Milim\u00e9trico en Puebla\",\"isPartOf\":{\"@id\":\"https:\\\/\\\/grupohoymexico.com\\\/puebla\\\/#website\"},\"primaryImageOfPage\":{\"@id\":\"https:\\\/\\\/grupohoymexico.com\\\/puebla\\\/2025\\\/05\\\/30\\\/autoridades-impulsan-el-gran-telescopio-milimetrico-como-centro-de-ciencia-en-puebla\\\/#primaryimage\"},\"image\":{\"@id\":\"https:\\\/\\\/grupohoymexico.com\\\/puebla\\\/2025\\\/05\\\/30\\\/autoridades-impulsan-el-gran-telescopio-milimetrico-como-centro-de-ciencia-en-puebla\\\/#primaryimage\"},\"thumbnailUrl\":\"https:\\\/\\\/grupohoymexico.com\\\/puebla\\\/wp-content\\\/uploads\\\/sites\\\/3\\\/2025\\\/05\\\/Telescopio-Miletrico-de-Puebla.jpg\",\"datePublished\":\"2025-05-30T00:08:49+00:00\",\"dateModified\":\"2025-05-30T00:08:50+00:00\",\"author\":{\"@id\":\"https:\\\/\\\/grupohoymexico.com\\\/puebla\\\/#\\\/schema\\\/person\\\/e95b7b8df1e5c291ede743c160292779\"},\"description\":\"El Gran Telescopio Milim\u00e9trico (GTM), ubicado en la cima del volc\u00e1n Sierra Negra, recibi\u00f3 la visita de autoridades federales y estatales\",\"breadcrumb\":{\"@id\":\"https:\\\/\\\/grupohoymexico.com\\\/puebla\\\/2025\\\/05\\\/30\\\/autoridades-impulsan-el-gran-telescopio-milimetrico-como-centro-de-ciencia-en-puebla\\\/#breadcrumb\"},\"inLanguage\":\"es\",\"potentialAction\":[{\"@type\":\"ReadAction\",\"target\":[\"https:\\\/\\\/grupohoymexico.com\\\/puebla\\\/2025\\\/05\\\/30\\\/autoridades-impulsan-el-gran-telescopio-milimetrico-como-centro-de-ciencia-en-puebla\\\/\"]}]},{\"@type\":\"ImageObject\",\"inLanguage\":\"es\",\"@id\":\"https:\\\/\\\/grupohoymexico.com\\\/puebla\\\/2025\\\/05\\\/30\\\/autoridades-impulsan-el-gran-telescopio-milimetrico-como-centro-de-ciencia-en-puebla\\\/#primaryimage\",\"url\":\"https:\\\/\\\/grupohoymexico.com\\\/puebla\\\/wp-content\\\/uploads\\\/sites\\\/3\\\/2025\\\/05\\\/Telescopio-Miletrico-de-Puebla.jpg\",\"contentUrl\":\"https:\\\/\\\/grupohoymexico.com\\\/puebla\\\/wp-content\\\/uploads\\\/sites\\\/3\\\/2025\\\/05\\\/Telescopio-Miletrico-de-Puebla.jpg\",\"width\":1188,\"height\":629,\"caption\":\"Telescopio Mil\u00e9trico de Puebla Imagen: Telescopio Milim\u00e9trico Imagen: Redes\"},{\"@type\":\"BreadcrumbList\",\"@id\":\"https:\\\/\\\/grupohoymexico.com\\\/puebla\\\/2025\\\/05\\\/30\\\/autoridades-impulsan-el-gran-telescopio-milimetrico-como-centro-de-ciencia-en-puebla\\\/#breadcrumb\",\"itemListElement\":[{\"@type\":\"ListItem\",\"position\":1,\"name\":\"Inicio\",\"item\":\"https:\\\/\\\/grupohoymexico.com\\\/puebla\\\/\"},{\"@type\":\"ListItem\",\"position\":2,\"name\":\"\u00a0Autoridades impulsan el Gran Telescopio Milim\u00e9trico como centro de ciencia en Puebla\"}]},{\"@type\":\"WebSite\",\"@id\":\"https:\\\/\\\/grupohoymexico.com\\\/puebla\\\/#website\",\"url\":\"https:\\\/\\\/grupohoymexico.com\\\/puebla\\\/\",\"name\":\"Grupo Hoy Puebla\",\"description\":\"\",\"potentialAction\":[{\"@type\":\"SearchAction\",\"target\":{\"@type\":\"EntryPoint\",\"urlTemplate\":\"https:\\\/\\\/grupohoymexico.com\\\/puebla\\\/?s={search_term_string}\"},\"query-input\":{\"@type\":\"PropertyValueSpecification\",\"valueRequired\":true,\"valueName\":\"search_term_string\"}}],\"inLanguage\":\"es\"},{\"@type\":\"Person\",\"@id\":\"https:\\\/\\\/grupohoymexico.com\\\/puebla\\\/#\\\/schema\\\/person\\\/e95b7b8df1e5c291ede743c160292779\",\"name\":\"eduardo\",\"image\":{\"@type\":\"ImageObject\",\"inLanguage\":\"es\",\"@id\":\"https:\\\/\\\/secure.gravatar.com\\\/avatar\\\/ecdd30dcf3feeb5f57f13840c3daeb08334d3b69de7bb9e067a540c4925a9788?s=96&d=mm&r=g\",\"url\":\"https:\\\/\\\/secure.gravatar.com\\\/avatar\\\/ecdd30dcf3feeb5f57f13840c3daeb08334d3b69de7bb9e067a540c4925a9788?s=96&d=mm&r=g\",\"contentUrl\":\"https:\\\/\\\/secure.gravatar.com\\\/avatar\\\/ecdd30dcf3feeb5f57f13840c3daeb08334d3b69de7bb9e067a540c4925a9788?s=96&d=mm&r=g\",\"caption\":\"eduardo\"},\"url\":\"https:\\\/\\\/grupohoymexico.com\\\/puebla\\\/author\\\/eduardo\\\/\"}]}<\/script>\n<!-- \/ Yoast SEO Premium plugin. -->","yoast_head_json":{"title":"\u00a0Autoridades impulsan el Gran Telescopio Milim\u00e9trico en Puebla","description":"El Gran Telescopio Milim\u00e9trico (GTM), ubicado en la cima del volc\u00e1n Sierra Negra, recibi\u00f3 la visita de autoridades federales y estatales","robots":{"index":"index","follow":"follow","max-snippet":"max-snippet:-1","max-image-preview":"max-image-preview:large","max-video-preview":"max-video-preview:-1"},"canonical":"https:\/\/grupohoymexico.com\/puebla\/2025\/05\/30\/autoridades-impulsan-el-gran-telescopio-milimetrico-como-centro-de-ciencia-en-puebla\/","og_locale":"es_MX","og_type":"article","og_title":"\u00a0Autoridades impulsan el Gran Telescopio Milim\u00e9trico como centro de ciencia en Puebla","og_description":"El Gran Telescopio Milim\u00e9trico (GTM), ubicado en la cima del volc\u00e1n Sierra Negra, recibi\u00f3 la visita de autoridades federales y estatales","og_url":"https:\/\/grupohoymexico.com\/puebla\/2025\/05\/30\/autoridades-impulsan-el-gran-telescopio-milimetrico-como-centro-de-ciencia-en-puebla\/","og_site_name":"Grupo Hoy Puebla","article_published_time":"2025-05-30T00:08:49+00:00","article_modified_time":"2025-05-30T00:08:50+00:00","og_image":[{"width":1188,"height":629,"url":"https:\/\/grupohoymexico.com\/puebla\/wp-content\/uploads\/sites\/3\/2025\/05\/Telescopio-Miletrico-de-Puebla.jpg","type":"image\/jpeg"}],"author":"eduardo","twitter_card":"summary_large_image","twitter_misc":{"Escrito por":"eduardo","Tiempo de lectura":"3 minutos"},"schema":{"@context":"https:\/\/schema.org","@graph":[{"@type":"Article","@id":"https:\/\/grupohoymexico.com\/puebla\/2025\/05\/30\/autoridades-impulsan-el-gran-telescopio-milimetrico-como-centro-de-ciencia-en-puebla\/#article","isPartOf":{"@id":"https:\/\/grupohoymexico.com\/puebla\/2025\/05\/30\/autoridades-impulsan-el-gran-telescopio-milimetrico-como-centro-de-ciencia-en-puebla\/"},"author":{"name":"eduardo","@id":"https:\/\/grupohoymexico.com\/puebla\/#\/schema\/person\/e95b7b8df1e5c291ede743c160292779"},"headline":"\u00a0Autoridades impulsan el Gran Telescopio Milim\u00e9trico como centro de ciencia en Puebla","datePublished":"2025-05-30T00:08:49+00:00","dateModified":"2025-05-30T00:08:50+00:00","mainEntityOfPage":{"@id":"https:\/\/grupohoymexico.com\/puebla\/2025\/05\/30\/autoridades-impulsan-el-gran-telescopio-milimetrico-como-centro-de-ciencia-en-puebla\/"},"wordCount":416,"commentCount":0,"image":{"@id":"https:\/\/grupohoymexico.com\/puebla\/2025\/05\/30\/autoridades-impulsan-el-gran-telescopio-milimetrico-como-centro-de-ciencia-en-puebla\/#primaryimage"},"thumbnailUrl":"https:\/\/grupohoymexico.com\/puebla\/wp-content\/uploads\/sites\/3\/2025\/05\/Telescopio-Miletrico-de-Puebla.jpg","articleSection":["Estatal"],"inLanguage":"es","potentialAction":[{"@type":"CommentAction","name":"Comment","target":["https:\/\/grupohoymexico.com\/puebla\/2025\/05\/30\/autoridades-impulsan-el-gran-telescopio-milimetrico-como-centro-de-ciencia-en-puebla\/#respond"]}]},{"@type":"WebPage","@id":"https:\/\/grupohoymexico.com\/puebla\/2025\/05\/30\/autoridades-impulsan-el-gran-telescopio-milimetrico-como-centro-de-ciencia-en-puebla\/","url":"https:\/\/grupohoymexico.com\/puebla\/2025\/05\/30\/autoridades-impulsan-el-gran-telescopio-milimetrico-como-centro-de-ciencia-en-puebla\/","name":"\u00a0Autoridades impulsan el Gran Telescopio Milim\u00e9trico en Puebla","isPartOf":{"@id":"https:\/\/grupohoymexico.com\/puebla\/#website"},"primaryImageOfPage":{"@id":"https:\/\/grupohoymexico.com\/puebla\/2025\/05\/30\/autoridades-impulsan-el-gran-telescopio-milimetrico-como-centro-de-ciencia-en-puebla\/#primaryimage"},"image":{"@id":"https:\/\/grupohoymexico.com\/puebla\/2025\/05\/30\/autoridades-impulsan-el-gran-telescopio-milimetrico-como-centro-de-ciencia-en-puebla\/#primaryimage"},"thumbnailUrl":"https:\/\/grupohoymexico.com\/puebla\/wp-content\/uploads\/sites\/3\/2025\/05\/Telescopio-Miletrico-de-Puebla.jpg","datePublished":"2025-05-30T00:08:49+00:00","dateModified":"2025-05-30T00:08:50+00:00","author":{"@id":"https:\/\/grupohoymexico.com\/puebla\/#\/schema\/person\/e95b7b8df1e5c291ede743c160292779"},"description":"El Gran Telescopio Milim\u00e9trico (GTM), ubicado en la cima del volc\u00e1n Sierra Negra, recibi\u00f3 la visita de autoridades federales y estatales","breadcrumb":{"@id":"https:\/\/grupohoymexico.com\/puebla\/2025\/05\/30\/autoridades-impulsan-el-gran-telescopio-milimetrico-como-centro-de-ciencia-en-puebla\/#breadcrumb"},"inLanguage":"es","potentialAction":[{"@type":"ReadAction","target":["https:\/\/grupohoymexico.com\/puebla\/2025\/05\/30\/autoridades-impulsan-el-gran-telescopio-milimetrico-como-centro-de-ciencia-en-puebla\/"]}]},{"@type":"ImageObject","inLanguage":"es","@id":"https:\/\/grupohoymexico.com\/puebla\/2025\/05\/30\/autoridades-impulsan-el-gran-telescopio-milimetrico-como-centro-de-ciencia-en-puebla\/#primaryimage","url":"https:\/\/grupohoymexico.com\/puebla\/wp-content\/uploads\/sites\/3\/2025\/05\/Telescopio-Miletrico-de-Puebla.jpg","contentUrl":"https:\/\/grupohoymexico.com\/puebla\/wp-content\/uploads\/sites\/3\/2025\/05\/Telescopio-Miletrico-de-Puebla.jpg","width":1188,"height":629,"caption":"Telescopio Mil\u00e9trico de Puebla Imagen: Telescopio Milim\u00e9trico Imagen: Redes"},{"@type":"BreadcrumbList","@id":"https:\/\/grupohoymexico.com\/puebla\/2025\/05\/30\/autoridades-impulsan-el-gran-telescopio-milimetrico-como-centro-de-ciencia-en-puebla\/#breadcrumb","itemListElement":[{"@type":"ListItem","position":1,"name":"Inicio","item":"https:\/\/grupohoymexico.com\/puebla\/"},{"@type":"ListItem","position":2,"name":"\u00a0Autoridades impulsan el Gran Telescopio Milim\u00e9trico como centro de ciencia en Puebla"}]},{"@type":"WebSite","@id":"https:\/\/grupohoymexico.com\/puebla\/#website","url":"https:\/\/grupohoymexico.com\/puebla\/","name":"Grupo Hoy Puebla","description":"","potentialAction":[{"@type":"SearchAction","target":{"@type":"EntryPoint","urlTemplate":"https:\/\/grupohoymexico.com\/puebla\/?s={search_term_string}"},"query-input":{"@type":"PropertyValueSpecification","valueRequired":true,"valueName":"search_term_string"}}],"inLanguage":"es"},{"@type":"Person","@id":"https:\/\/grupohoymexico.com\/puebla\/#\/schema\/person\/e95b7b8df1e5c291ede743c160292779","name":"eduardo","image":{"@type":"ImageObject","inLanguage":"es","@id":"https:\/\/secure.gravatar.com\/avatar\/ecdd30dcf3feeb5f57f13840c3daeb08334d3b69de7bb9e067a540c4925a9788?s=96&d=mm&r=g","url":"https:\/\/secure.gravatar.com\/avatar\/ecdd30dcf3feeb5f57f13840c3daeb08334d3b69de7bb9e067a540c4925a9788?s=96&d=mm&r=g","contentUrl":"https:\/\/secure.gravatar.com\/avatar\/ecdd30dcf3feeb5f57f13840c3daeb08334d3b69de7bb9e067a540c4925a9788?s=96&d=mm&r=g","caption":"eduardo"},"url":"https:\/\/grupohoymexico.com\/puebla\/author\/eduardo\/"}]}},"_links":{"self":[{"href":"https:\/\/grupohoymexico.com\/puebla\/wp-json\/wp\/v2\/posts\/75116","targetHints":{"allow":["GET"]}}],"collection":[{"href":"https:\/\/grupohoymexico.com\/puebla\/wp-json\/wp\/v2\/posts"}],"about":[{"href":"https:\/\/grupohoymexico.com\/puebla\/wp-json\/wp\/v2\/types\/post"}],"author":[{"embeddable":true,"href":"https:\/\/grupohoymexico.com\/puebla\/wp-json\/wp\/v2\/users\/30"}],"replies":[{"embeddable":true,"href":"https:\/\/grupohoymexico.com\/puebla\/wp-json\/wp\/v2\/comments?post=75116"}],"version-history":[{"count":1,"href":"https:\/\/grupohoymexico.com\/puebla\/wp-json\/wp\/v2\/posts\/75116\/revisions"}],"predecessor-version":[{"id":75119,"href":"https:\/\/grupohoymexico.com\/puebla\/wp-json\/wp\/v2\/posts\/75116\/revisions\/75119"}],"wp:featuredmedia":[{"embeddable":true,"href":"https:\/\/grupohoymexico.com\/puebla\/wp-json\/wp\/v2\/media\/75118"}],"wp:attachment":[{"href":"https:\/\/grupohoymexico.com\/puebla\/wp-json\/wp\/v2\/media?parent=75116"}],"wp:term":[{"taxonomy":"category","embeddable":true,"href":"https:\/\/grupohoymexico.com\/puebla\/wp-json\/wp\/v2\/categories?post=75116"},{"taxonomy":"post_tag","embeddable":true,"href":"https:\/\/grupohoymexico.com\/puebla\/wp-json\/wp\/v2\/tags?post=75116"}],"curies":[{"name":"wp","href":"https:\/\/api.w.org\/{rel}","templated":true}]}}