{"id":75106,"date":"2025-05-29T19:20:11","date_gmt":"2025-05-29T19:20:11","guid":{"rendered":"https:\/\/grupohoymexico.com\/puebla\/?p=75106"},"modified":"2025-05-29T19:20:12","modified_gmt":"2025-05-29T19:20:12","slug":"puebla-registra-aumento-en-adopciones-durante-el-primer-trimestre-de-2025","status":"publish","type":"post","link":"https:\/\/grupohoymexico.com\/puebla\/2025\/05\/29\/puebla-registra-aumento-en-adopciones-durante-el-primer-trimestre-de-2025\/","title":{"rendered":"Puebla registra aumento en adopciones durante el primer trimestre de 2025"},"content":{"rendered":"\n<p>El estado de <strong><a href=\"https:\/\/grupohoymexico.com\/puebla\/\">Puebla<\/a><\/strong>, en los primeros tres meses del 2025, experiment\u00f3 un repunte significativo en el n\u00famero de adopciones. De acuerdo con datos oficiales del <strong><a href=\"https:\/\/difestatal.puebla.gob.mx\/\">Sistema para el Desarrollo Integral de la Familia (DIF)<\/a><\/strong> estatal, entre enero y marzo de este a\u00f1o se concretaron <strong>nueve procesos de adopci\u00f3n<\/strong>, frente a <strong>una sola adopci\u00f3n registrada en el mismo periodo de 2024<\/strong>.<\/p>\n\n\n\n<p>Este incremento refleja un <strong>mayor inter\u00e9s por parte de las familias en ofrecer un hogar a ni\u00f1as, ni\u00f1os y adolescentes<\/strong>, as\u00ed como una posible mejora en los procesos institucionales de atenci\u00f3n y acompa\u00f1amiento.<\/p>\n\n\n\n<h3 class=\"wp-block-heading\" id=\"h-casos-destacados-de-santa-clara-ocoyucan-a-chetumal\"><strong>Casos destacados: De Santa Clara Ocoyucan a Chetumal<\/strong><\/h3>\n\n\n\n<p>Entre los nuevos casos de adopci\u00f3n registrados este a\u00f1o, destaca una <strong>doble adopci\u00f3n<\/strong> realizada por una familia del municipio de <strong>Santa Clara Ocoyucan<\/strong>, quienes integraron a su n\u00facleo familiar a <strong>una ni\u00f1a y un ni\u00f1o<\/strong>, cumpliendo con todos los requisitos del proceso.<\/p>\n\n\n\n<p>Tambi\u00e9n resalta la historia de una mujer proveniente de <strong>Chetumal, Quintana Roo<\/strong>, quien viaj\u00f3 hasta Puebla para completar el procedimiento y dar hogar a un menor de edad.<\/p>\n\n\n\n<p>Las otras familias que realizaron adopciones llegaron de <strong>Tehuac\u00e1n, Tecali de Herrera, Coronango, Puebla capital, Teziutl\u00e1n<\/strong> y <strong>San Salvador el Verde<\/strong>.<\/p>\n\n\n\n<figure class=\"wp-block-image size-large\"><img fetchpriority=\"high\" decoding=\"async\" width=\"1024\" height=\"731\" src=\"https:\/\/grupohoymexico.com\/puebla\/wp-content\/uploads\/sites\/3\/2025\/05\/manos-que-se-sostienen-para-apoyarse-1-1024x731.jpg\" alt=\"\" class=\"wp-image-75109\" srcset=\"https:\/\/grupohoymexico.com\/puebla\/wp-content\/uploads\/sites\/3\/2025\/05\/manos-que-se-sostienen-para-apoyarse-1-1024x731.jpg 1024w, https:\/\/grupohoymexico.com\/puebla\/wp-content\/uploads\/sites\/3\/2025\/05\/manos-que-se-sostienen-para-apoyarse-1-300x214.jpg 300w, https:\/\/grupohoymexico.com\/puebla\/wp-content\/uploads\/sites\/3\/2025\/05\/manos-que-se-sostienen-para-apoyarse-1-768x549.jpg 768w, https:\/\/grupohoymexico.com\/puebla\/wp-content\/uploads\/sites\/3\/2025\/05\/manos-que-se-sostienen-para-apoyarse-1-1536x1097.jpg 1536w, https:\/\/grupohoymexico.com\/puebla\/wp-content\/uploads\/sites\/3\/2025\/05\/manos-que-se-sostienen-para-apoyarse-1-2048x1463.jpg 2048w, https:\/\/grupohoymexico.com\/puebla\/wp-content\/uploads\/sites\/3\/2025\/05\/manos-que-se-sostienen-para-apoyarse-1-332x237.jpg 332w, https:\/\/grupohoymexico.com\/puebla\/wp-content\/uploads\/sites\/3\/2025\/05\/manos-que-se-sostienen-para-apoyarse-1-664x474.jpg 664w, https:\/\/grupohoymexico.com\/puebla\/wp-content\/uploads\/sites\/3\/2025\/05\/manos-que-se-sostienen-para-apoyarse-1-688x491.jpg 688w, https:\/\/grupohoymexico.com\/puebla\/wp-content\/uploads\/sites\/3\/2025\/05\/manos-que-se-sostienen-para-apoyarse-1-1044x746.jpg 1044w, https:\/\/grupohoymexico.com\/puebla\/wp-content\/uploads\/sites\/3\/2025\/05\/manos-que-se-sostienen-para-apoyarse-1-1400x1000.jpg 1400w, https:\/\/grupohoymexico.com\/puebla\/wp-content\/uploads\/sites\/3\/2025\/05\/manos-que-se-sostienen-para-apoyarse-1-1920x1371.jpg 1920w, https:\/\/grupohoymexico.com\/puebla\/wp-content\/uploads\/sites\/3\/2025\/05\/manos-que-se-sostienen-para-apoyarse-1-scaled.jpg 2560w\" sizes=\"(max-width: 1024px) 100vw, 1024px\" \/><\/figure>\n\n\n\n<h3 class=\"wp-block-heading\" id=\"h-cifras-historicas-y-evolucion-reciente\"><strong>Cifras hist\u00f3ricas y evoluci\u00f3n reciente<\/strong><\/h3>\n\n\n\n<p>Los datos m\u00e1s recientes del DIF Estatal indican que entre <strong>enero de 2023 y julio de 2024<\/strong>, se concretaron <strong>34 adopciones<\/strong> en la entidad. En ese periodo, <strong>21<\/strong> se realizaron durante 2023 y <strong>13<\/strong> en los primeros siete meses de 2024, seg\u00fan report\u00f3 en su momento <strong>Gabriela Bonilla Parada<\/strong>, presidenta honoraria del organismo.<\/p>\n\n\n\n<p>Por otra parte, el crecimiento observado en el primer trimestre de 2025 sugiere una <strong>tendencia positiva<\/strong> en la consolidaci\u00f3n de procesos de adopci\u00f3n m\u00e1s \u00e1giles y con mayor alcance.<\/p>\n\n\n\n<h3 class=\"wp-block-heading\" id=\"h-como-se-adopta-a-un-menor-en-puebla\"><strong>\u00bfC\u00f3mo se adopta a un menor en Puebla?<\/strong><\/h3>\n\n\n\n<p>Asimismo, para quienes est\u00e9n interesados en <strong>adoptar a un menor en Puebla<\/strong>, el Sistema Estatal DIF mantiene un protocolo claro y accesible. Los interesados deben <strong>acudir personalmente al Departamento de Adopciones<\/strong>, donde recibir\u00e1n asesor\u00eda jur\u00eddica y la lista completa de requisitos, as\u00ed como la explicaci\u00f3n de los tres tipos de adopci\u00f3n disponibles:<\/p>\n\n\n\n<ul class=\"wp-block-list\">\n<li><strong>Interna:<\/strong> de un menor bajo custodia del DIF u otra instituci\u00f3n p\u00fablica.<\/li>\n\n\n\n<li><strong>Externa:<\/strong> adopciones entre particulares.<\/li>\n\n\n\n<li><strong>Internacional:<\/strong> cuando el menor proviene de otro pa\u00eds.<\/li>\n<\/ul>\n\n\n\n<h3 class=\"wp-block-heading\" id=\"h-requisitos-generales-para-obtener-el-certificado-de-idoneidad\"><strong>Requisitos generales para obtener el Certificado de Idoneidad<\/strong><\/h3>\n\n\n\n<p>Por otro lado, el proceso de adopci\u00f3n exige la presentaci\u00f3n de diversos documentos, entre los que destacan:<\/p>\n\n\n\n<ul class=\"wp-block-list\">\n<li><strong>Curr\u00edculum vitae<\/strong> con informaci\u00f3n personal y acad\u00e9mica.<\/li>\n\n\n\n<li><strong>Copias certificadas<\/strong> de actas de nacimiento, acta de matrimonio o documento que acredite relaci\u00f3n de pareja.<\/li>\n\n\n\n<li><strong>Identificaciones oficiales<\/strong>, <strong>comprobantes de domicilio<\/strong> e <strong>ingresos mensuales<\/strong> mayores a <strong>$10,000 pesos<\/strong>.<\/li>\n\n\n\n<li><strong>Certificados m\u00e9dicos y toxicol\u00f3gicos<\/strong> de los solicitantes y familiares convivientes.<\/li>\n\n\n\n<li><strong>Constancia de no antecedentes penales<\/strong>, <strong>cartas de recomendaci\u00f3n<\/strong>, fotograf\u00edas y <strong>valoraci\u00f3n psicol\u00f3gica<\/strong>.<\/li>\n\n\n\n<li>Un <strong>estudio socioecon\u00f3mico<\/strong> y la <strong>firma de un formulario de consentimiento<\/strong> tambi\u00e9n son obligatorios.<\/li>\n<\/ul>\n\n\n\n<p>El alza en las cifras de adopci\u00f3n durante el primer trimestre de 2025 representa <strong>una se\u00f1al positiva<\/strong> sobre el inter\u00e9s ciudadano en ofrecer un futuro mejor a menores que viven bajo resguardo institucional. Las autoridades del DIF Estatal insisten en la <strong>importancia de informarse adecuadamente y cumplir cada fase del proceso<\/strong>, para garantizar que cada ni\u00f1a, ni\u00f1o o adolescente llegue a un entorno seguro, amoroso y responsable.<\/p>\n","protected":false},"excerpt":{"rendered":"El estado de Puebla, en los primeros tres meses del 2025, experiment\u00f3 un repunte significativo en el n\u00famero&hellip;","protected":false},"author":5,"featured_media":75108,"comment_status":"open","ping_status":"open","sticky":false,"template":"","format":"standard","meta":{"csco_display_header_overlay":false,"csco_singular_sidebar":"","csco_page_header_type":"","csco_page_load_nextpost":"","csco_post_video_location":[],"csco_post_video_location_hash":"","csco_post_video_url":"","csco_post_video_bg_start_time":0,"csco_post_video_bg_end_time":0,"footnotes":""},"categories":[29],"tags":[],"class_list":{"0":"post-75106","1":"post","2":"type-post","3":"status-publish","4":"format-standard","5":"has-post-thumbnail","7":"category-estatal","8":"cs-entry","9":"cs-video-wrap"},"yoast_head":"<!-- This site is optimized with the Yoast SEO Premium plugin v24.7 (Yoast SEO v27.4) - https:\/\/yoast.com\/product\/yoast-seo-premium-wordpress\/ -->\n<title>Puebla registra aumento en adopciones durante el primer trimestre de 2025 - Grupo Hoy Puebla<\/title>\n<meta name=\"description\" content=\"El estado de Puebla, en los primeros tres meses del 2025, experiment\u00f3 un repunte significativo en el n\u00famero de adopciones.\" \/>\n<meta name=\"robots\" content=\"index, follow, max-snippet:-1, max-image-preview:large, max-video-preview:-1\" \/>\n<link rel=\"canonical\" href=\"https:\/\/grupohoymexico.com\/puebla\/2025\/05\/29\/puebla-registra-aumento-en-adopciones-durante-el-primer-trimestre-de-2025\/\" \/>\n<meta property=\"og:locale\" content=\"es_MX\" \/>\n<meta property=\"og:type\" content=\"article\" \/>\n<meta property=\"og:title\" content=\"Puebla registra aumento en adopciones durante el primer trimestre de 2025\" \/>\n<meta property=\"og:description\" content=\"El estado de Puebla, en los primeros tres meses del 2025, experiment\u00f3 un repunte significativo en el n\u00famero de adopciones.\" \/>\n<meta property=\"og:url\" content=\"https:\/\/grupohoymexico.com\/puebla\/2025\/05\/29\/puebla-registra-aumento-en-adopciones-durante-el-primer-trimestre-de-2025\/\" \/>\n<meta property=\"og:site_name\" content=\"Grupo Hoy Puebla\" \/>\n<meta property=\"article:published_time\" content=\"2025-05-29T19:20:11+00:00\" \/>\n<meta property=\"article:modified_time\" content=\"2025-05-29T19:20:12+00:00\" \/>\n<meta property=\"og:image\" content=\"https:\/\/grupohoymexico.com\/puebla\/wp-content\/uploads\/sites\/3\/2025\/05\/photo_5028468816358780791_y.jpg\" \/>\n\t<meta property=\"og:image:width\" content=\"1201\" \/>\n\t<meta property=\"og:image:height\" content=\"639\" \/>\n\t<meta property=\"og:image:type\" content=\"image\/jpeg\" \/>\n<meta name=\"author\" content=\"jair\" \/>\n<meta name=\"twitter:card\" content=\"summary_large_image\" \/>\n<meta name=\"twitter:label1\" content=\"Escrito por\" \/>\n\t<meta name=\"twitter:data1\" content=\"jair\" \/>\n\t<meta name=\"twitter:label2\" content=\"Tiempo de lectura\" \/>\n\t<meta name=\"twitter:data2\" content=\"3 minutos\" \/>\n<script type=\"application\/ld+json\" class=\"yoast-schema-graph\">{\"@context\":\"https:\\\/\\\/schema.org\",\"@graph\":[{\"@type\":\"Article\",\"@id\":\"https:\\\/\\\/grupohoymexico.com\\\/puebla\\\/2025\\\/05\\\/29\\\/puebla-registra-aumento-en-adopciones-durante-el-primer-trimestre-de-2025\\\/#article\",\"isPartOf\":{\"@id\":\"https:\\\/\\\/grupohoymexico.com\\\/puebla\\\/2025\\\/05\\\/29\\\/puebla-registra-aumento-en-adopciones-durante-el-primer-trimestre-de-2025\\\/\"},\"author\":{\"name\":\"jair\",\"@id\":\"https:\\\/\\\/grupohoymexico.com\\\/puebla\\\/#\\\/schema\\\/person\\\/98e2425fe99fbbdf486895b69dab3c3d\"},\"headline\":\"Puebla registra aumento en adopciones durante el primer trimestre de 2025\",\"datePublished\":\"2025-05-29T19:20:11+00:00\",\"dateModified\":\"2025-05-29T19:20:12+00:00\",\"mainEntityOfPage\":{\"@id\":\"https:\\\/\\\/grupohoymexico.com\\\/puebla\\\/2025\\\/05\\\/29\\\/puebla-registra-aumento-en-adopciones-durante-el-primer-trimestre-de-2025\\\/\"},\"wordCount\":579,\"commentCount\":0,\"image\":{\"@id\":\"https:\\\/\\\/grupohoymexico.com\\\/puebla\\\/2025\\\/05\\\/29\\\/puebla-registra-aumento-en-adopciones-durante-el-primer-trimestre-de-2025\\\/#primaryimage\"},\"thumbnailUrl\":\"https:\\\/\\\/grupohoymexico.com\\\/puebla\\\/wp-content\\\/uploads\\\/sites\\\/3\\\/2025\\\/05\\\/photo_5028468816358780791_y.jpg\",\"articleSection\":[\"Estatal\"],\"inLanguage\":\"es\",\"potentialAction\":[{\"@type\":\"CommentAction\",\"name\":\"Comment\",\"target\":[\"https:\\\/\\\/grupohoymexico.com\\\/puebla\\\/2025\\\/05\\\/29\\\/puebla-registra-aumento-en-adopciones-durante-el-primer-trimestre-de-2025\\\/#respond\"]}]},{\"@type\":\"WebPage\",\"@id\":\"https:\\\/\\\/grupohoymexico.com\\\/puebla\\\/2025\\\/05\\\/29\\\/puebla-registra-aumento-en-adopciones-durante-el-primer-trimestre-de-2025\\\/\",\"url\":\"https:\\\/\\\/grupohoymexico.com\\\/puebla\\\/2025\\\/05\\\/29\\\/puebla-registra-aumento-en-adopciones-durante-el-primer-trimestre-de-2025\\\/\",\"name\":\"Puebla registra aumento en adopciones durante el primer trimestre de 2025 - Grupo Hoy Puebla\",\"isPartOf\":{\"@id\":\"https:\\\/\\\/grupohoymexico.com\\\/puebla\\\/#website\"},\"primaryImageOfPage\":{\"@id\":\"https:\\\/\\\/grupohoymexico.com\\\/puebla\\\/2025\\\/05\\\/29\\\/puebla-registra-aumento-en-adopciones-durante-el-primer-trimestre-de-2025\\\/#primaryimage\"},\"image\":{\"@id\":\"https:\\\/\\\/grupohoymexico.com\\\/puebla\\\/2025\\\/05\\\/29\\\/puebla-registra-aumento-en-adopciones-durante-el-primer-trimestre-de-2025\\\/#primaryimage\"},\"thumbnailUrl\":\"https:\\\/\\\/grupohoymexico.com\\\/puebla\\\/wp-content\\\/uploads\\\/sites\\\/3\\\/2025\\\/05\\\/photo_5028468816358780791_y.jpg\",\"datePublished\":\"2025-05-29T19:20:11+00:00\",\"dateModified\":\"2025-05-29T19:20:12+00:00\",\"author\":{\"@id\":\"https:\\\/\\\/grupohoymexico.com\\\/puebla\\\/#\\\/schema\\\/person\\\/98e2425fe99fbbdf486895b69dab3c3d\"},\"description\":\"El estado de Puebla, en los primeros tres meses del 2025, experiment\u00f3 un repunte significativo en el n\u00famero de adopciones.\",\"breadcrumb\":{\"@id\":\"https:\\\/\\\/grupohoymexico.com\\\/puebla\\\/2025\\\/05\\\/29\\\/puebla-registra-aumento-en-adopciones-durante-el-primer-trimestre-de-2025\\\/#breadcrumb\"},\"inLanguage\":\"es\",\"potentialAction\":[{\"@type\":\"ReadAction\",\"target\":[\"https:\\\/\\\/grupohoymexico.com\\\/puebla\\\/2025\\\/05\\\/29\\\/puebla-registra-aumento-en-adopciones-durante-el-primer-trimestre-de-2025\\\/\"]}]},{\"@type\":\"ImageObject\",\"inLanguage\":\"es\",\"@id\":\"https:\\\/\\\/grupohoymexico.com\\\/puebla\\\/2025\\\/05\\\/29\\\/puebla-registra-aumento-en-adopciones-durante-el-primer-trimestre-de-2025\\\/#primaryimage\",\"url\":\"https:\\\/\\\/grupohoymexico.com\\\/puebla\\\/wp-content\\\/uploads\\\/sites\\\/3\\\/2025\\\/05\\\/photo_5028468816358780791_y.jpg\",\"contentUrl\":\"https:\\\/\\\/grupohoymexico.com\\\/puebla\\\/wp-content\\\/uploads\\\/sites\\\/3\\\/2025\\\/05\\\/photo_5028468816358780791_y.jpg\",\"width\":1201,\"height\":639,\"caption\":\"Foto de: https:\\\/\\\/www.freepik.es\\\/\"},{\"@type\":\"BreadcrumbList\",\"@id\":\"https:\\\/\\\/grupohoymexico.com\\\/puebla\\\/2025\\\/05\\\/29\\\/puebla-registra-aumento-en-adopciones-durante-el-primer-trimestre-de-2025\\\/#breadcrumb\",\"itemListElement\":[{\"@type\":\"ListItem\",\"position\":1,\"name\":\"Inicio\",\"item\":\"https:\\\/\\\/grupohoymexico.com\\\/puebla\\\/\"},{\"@type\":\"ListItem\",\"position\":2,\"name\":\"Puebla registra aumento en adopciones durante el primer trimestre de 2025\"}]},{\"@type\":\"WebSite\",\"@id\":\"https:\\\/\\\/grupohoymexico.com\\\/puebla\\\/#website\",\"url\":\"https:\\\/\\\/grupohoymexico.com\\\/puebla\\\/\",\"name\":\"Grupo Hoy Puebla\",\"description\":\"\",\"potentialAction\":[{\"@type\":\"SearchAction\",\"target\":{\"@type\":\"EntryPoint\",\"urlTemplate\":\"https:\\\/\\\/grupohoymexico.com\\\/puebla\\\/?s={search_term_string}\"},\"query-input\":{\"@type\":\"PropertyValueSpecification\",\"valueRequired\":true,\"valueName\":\"search_term_string\"}}],\"inLanguage\":\"es\"},{\"@type\":\"Person\",\"@id\":\"https:\\\/\\\/grupohoymexico.com\\\/puebla\\\/#\\\/schema\\\/person\\\/98e2425fe99fbbdf486895b69dab3c3d\",\"name\":\"jair\",\"image\":{\"@type\":\"ImageObject\",\"inLanguage\":\"es\",\"@id\":\"https:\\\/\\\/secure.gravatar.com\\\/avatar\\\/ec205dfb8733a1ce1601942dddb04fc9294fb780c832e3c1ec58faa8e4e64e9b?s=96&d=mm&r=g\",\"url\":\"https:\\\/\\\/secure.gravatar.com\\\/avatar\\\/ec205dfb8733a1ce1601942dddb04fc9294fb780c832e3c1ec58faa8e4e64e9b?s=96&d=mm&r=g\",\"contentUrl\":\"https:\\\/\\\/secure.gravatar.com\\\/avatar\\\/ec205dfb8733a1ce1601942dddb04fc9294fb780c832e3c1ec58faa8e4e64e9b?s=96&d=mm&r=g\",\"caption\":\"jair\"},\"url\":\"https:\\\/\\\/grupohoymexico.com\\\/puebla\\\/author\\\/jair\\\/\"}]}<\/script>\n<!-- \/ Yoast SEO Premium plugin. -->","yoast_head_json":{"title":"Puebla registra aumento en adopciones durante el primer trimestre de 2025 - Grupo Hoy Puebla","description":"El estado de Puebla, en los primeros tres meses del 2025, experiment\u00f3 un repunte significativo en el n\u00famero de adopciones.","robots":{"index":"index","follow":"follow","max-snippet":"max-snippet:-1","max-image-preview":"max-image-preview:large","max-video-preview":"max-video-preview:-1"},"canonical":"https:\/\/grupohoymexico.com\/puebla\/2025\/05\/29\/puebla-registra-aumento-en-adopciones-durante-el-primer-trimestre-de-2025\/","og_locale":"es_MX","og_type":"article","og_title":"Puebla registra aumento en adopciones durante el primer trimestre de 2025","og_description":"El estado de Puebla, en los primeros tres meses del 2025, experiment\u00f3 un repunte significativo en el n\u00famero de adopciones.","og_url":"https:\/\/grupohoymexico.com\/puebla\/2025\/05\/29\/puebla-registra-aumento-en-adopciones-durante-el-primer-trimestre-de-2025\/","og_site_name":"Grupo Hoy Puebla","article_published_time":"2025-05-29T19:20:11+00:00","article_modified_time":"2025-05-29T19:20:12+00:00","og_image":[{"width":1201,"height":639,"url":"https:\/\/grupohoymexico.com\/puebla\/wp-content\/uploads\/sites\/3\/2025\/05\/photo_5028468816358780791_y.jpg","type":"image\/jpeg"}],"author":"jair","twitter_card":"summary_large_image","twitter_misc":{"Escrito por":"jair","Tiempo de lectura":"3 minutos"},"schema":{"@context":"https:\/\/schema.org","@graph":[{"@type":"Article","@id":"https:\/\/grupohoymexico.com\/puebla\/2025\/05\/29\/puebla-registra-aumento-en-adopciones-durante-el-primer-trimestre-de-2025\/#article","isPartOf":{"@id":"https:\/\/grupohoymexico.com\/puebla\/2025\/05\/29\/puebla-registra-aumento-en-adopciones-durante-el-primer-trimestre-de-2025\/"},"author":{"name":"jair","@id":"https:\/\/grupohoymexico.com\/puebla\/#\/schema\/person\/98e2425fe99fbbdf486895b69dab3c3d"},"headline":"Puebla registra aumento en adopciones durante el primer trimestre de 2025","datePublished":"2025-05-29T19:20:11+00:00","dateModified":"2025-05-29T19:20:12+00:00","mainEntityOfPage":{"@id":"https:\/\/grupohoymexico.com\/puebla\/2025\/05\/29\/puebla-registra-aumento-en-adopciones-durante-el-primer-trimestre-de-2025\/"},"wordCount":579,"commentCount":0,"image":{"@id":"https:\/\/grupohoymexico.com\/puebla\/2025\/05\/29\/puebla-registra-aumento-en-adopciones-durante-el-primer-trimestre-de-2025\/#primaryimage"},"thumbnailUrl":"https:\/\/grupohoymexico.com\/puebla\/wp-content\/uploads\/sites\/3\/2025\/05\/photo_5028468816358780791_y.jpg","articleSection":["Estatal"],"inLanguage":"es","potentialAction":[{"@type":"CommentAction","name":"Comment","target":["https:\/\/grupohoymexico.com\/puebla\/2025\/05\/29\/puebla-registra-aumento-en-adopciones-durante-el-primer-trimestre-de-2025\/#respond"]}]},{"@type":"WebPage","@id":"https:\/\/grupohoymexico.com\/puebla\/2025\/05\/29\/puebla-registra-aumento-en-adopciones-durante-el-primer-trimestre-de-2025\/","url":"https:\/\/grupohoymexico.com\/puebla\/2025\/05\/29\/puebla-registra-aumento-en-adopciones-durante-el-primer-trimestre-de-2025\/","name":"Puebla registra aumento en adopciones durante el primer trimestre de 2025 - Grupo Hoy Puebla","isPartOf":{"@id":"https:\/\/grupohoymexico.com\/puebla\/#website"},"primaryImageOfPage":{"@id":"https:\/\/grupohoymexico.com\/puebla\/2025\/05\/29\/puebla-registra-aumento-en-adopciones-durante-el-primer-trimestre-de-2025\/#primaryimage"},"image":{"@id":"https:\/\/grupohoymexico.com\/puebla\/2025\/05\/29\/puebla-registra-aumento-en-adopciones-durante-el-primer-trimestre-de-2025\/#primaryimage"},"thumbnailUrl":"https:\/\/grupohoymexico.com\/puebla\/wp-content\/uploads\/sites\/3\/2025\/05\/photo_5028468816358780791_y.jpg","datePublished":"2025-05-29T19:20:11+00:00","dateModified":"2025-05-29T19:20:12+00:00","author":{"@id":"https:\/\/grupohoymexico.com\/puebla\/#\/schema\/person\/98e2425fe99fbbdf486895b69dab3c3d"},"description":"El estado de Puebla, en los primeros tres meses del 2025, experiment\u00f3 un repunte significativo en el n\u00famero de adopciones.","breadcrumb":{"@id":"https:\/\/grupohoymexico.com\/puebla\/2025\/05\/29\/puebla-registra-aumento-en-adopciones-durante-el-primer-trimestre-de-2025\/#breadcrumb"},"inLanguage":"es","potentialAction":[{"@type":"ReadAction","target":["https:\/\/grupohoymexico.com\/puebla\/2025\/05\/29\/puebla-registra-aumento-en-adopciones-durante-el-primer-trimestre-de-2025\/"]}]},{"@type":"ImageObject","inLanguage":"es","@id":"https:\/\/grupohoymexico.com\/puebla\/2025\/05\/29\/puebla-registra-aumento-en-adopciones-durante-el-primer-trimestre-de-2025\/#primaryimage","url":"https:\/\/grupohoymexico.com\/puebla\/wp-content\/uploads\/sites\/3\/2025\/05\/photo_5028468816358780791_y.jpg","contentUrl":"https:\/\/grupohoymexico.com\/puebla\/wp-content\/uploads\/sites\/3\/2025\/05\/photo_5028468816358780791_y.jpg","width":1201,"height":639,"caption":"Foto de: https:\/\/www.freepik.es\/"},{"@type":"BreadcrumbList","@id":"https:\/\/grupohoymexico.com\/puebla\/2025\/05\/29\/puebla-registra-aumento-en-adopciones-durante-el-primer-trimestre-de-2025\/#breadcrumb","itemListElement":[{"@type":"ListItem","position":1,"name":"Inicio","item":"https:\/\/grupohoymexico.com\/puebla\/"},{"@type":"ListItem","position":2,"name":"Puebla registra aumento en adopciones durante el primer trimestre de 2025"}]},{"@type":"WebSite","@id":"https:\/\/grupohoymexico.com\/puebla\/#website","url":"https:\/\/grupohoymexico.com\/puebla\/","name":"Grupo Hoy Puebla","description":"","potentialAction":[{"@type":"SearchAction","target":{"@type":"EntryPoint","urlTemplate":"https:\/\/grupohoymexico.com\/puebla\/?s={search_term_string}"},"query-input":{"@type":"PropertyValueSpecification","valueRequired":true,"valueName":"search_term_string"}}],"inLanguage":"es"},{"@type":"Person","@id":"https:\/\/grupohoymexico.com\/puebla\/#\/schema\/person\/98e2425fe99fbbdf486895b69dab3c3d","name":"jair","image":{"@type":"ImageObject","inLanguage":"es","@id":"https:\/\/secure.gravatar.com\/avatar\/ec205dfb8733a1ce1601942dddb04fc9294fb780c832e3c1ec58faa8e4e64e9b?s=96&d=mm&r=g","url":"https:\/\/secure.gravatar.com\/avatar\/ec205dfb8733a1ce1601942dddb04fc9294fb780c832e3c1ec58faa8e4e64e9b?s=96&d=mm&r=g","contentUrl":"https:\/\/secure.gravatar.com\/avatar\/ec205dfb8733a1ce1601942dddb04fc9294fb780c832e3c1ec58faa8e4e64e9b?s=96&d=mm&r=g","caption":"jair"},"url":"https:\/\/grupohoymexico.com\/puebla\/author\/jair\/"}]}},"_links":{"self":[{"href":"https:\/\/grupohoymexico.com\/puebla\/wp-json\/wp\/v2\/posts\/75106","targetHints":{"allow":["GET"]}}],"collection":[{"href":"https:\/\/grupohoymexico.com\/puebla\/wp-json\/wp\/v2\/posts"}],"about":[{"href":"https:\/\/grupohoymexico.com\/puebla\/wp-json\/wp\/v2\/types\/post"}],"author":[{"embeddable":true,"href":"https:\/\/grupohoymexico.com\/puebla\/wp-json\/wp\/v2\/users\/5"}],"replies":[{"embeddable":true,"href":"https:\/\/grupohoymexico.com\/puebla\/wp-json\/wp\/v2\/comments?post=75106"}],"version-history":[{"count":2,"href":"https:\/\/grupohoymexico.com\/puebla\/wp-json\/wp\/v2\/posts\/75106\/revisions"}],"predecessor-version":[{"id":75110,"href":"https:\/\/grupohoymexico.com\/puebla\/wp-json\/wp\/v2\/posts\/75106\/revisions\/75110"}],"wp:featuredmedia":[{"embeddable":true,"href":"https:\/\/grupohoymexico.com\/puebla\/wp-json\/wp\/v2\/media\/75108"}],"wp:attachment":[{"href":"https:\/\/grupohoymexico.com\/puebla\/wp-json\/wp\/v2\/media?parent=75106"}],"wp:term":[{"taxonomy":"category","embeddable":true,"href":"https:\/\/grupohoymexico.com\/puebla\/wp-json\/wp\/v2\/categories?post=75106"},{"taxonomy":"post_tag","embeddable":true,"href":"https:\/\/grupohoymexico.com\/puebla\/wp-json\/wp\/v2\/tags?post=75106"}],"curies":[{"name":"wp","href":"https:\/\/api.w.org\/{rel}","templated":true}]}}