{"id":75068,"date":"2025-05-28T21:40:33","date_gmt":"2025-05-28T21:40:33","guid":{"rendered":"https:\/\/grupohoymexico.com\/puebla\/?p=75068"},"modified":"2025-05-28T23:45:17","modified_gmt":"2025-05-28T23:45:17","slug":"alejandro-armenta-impulsa-la-democratizacion-del-poder-judicial-con-el-voto-popular","status":"publish","type":"post","link":"https:\/\/grupohoymexico.com\/puebla\/2025\/05\/28\/alejandro-armenta-impulsa-la-democratizacion-del-poder-judicial-con-el-voto-popular\/","title":{"rendered":"Alejandro Armenta impulsa la democratizaci\u00f3n del Poder Judicial con el voto popular"},"content":{"rendered":"\n<p>La <strong>democratizaci\u00f3n del Poder Judicial<\/strong> ser\u00e1 una realidad con el voto del pueblo, afirm\u00f3 el gobernador de<a href=\"https:\/\/www.puebla.gob.mx\/\"> Puebla<\/a>, <a href=\"https:\/\/alejandroarmenta.com.mx\/\">Alejandro Armenta<\/a>. Las palabras fueron emitidas por el mandatario al encabezar este mi\u00e9rcoles la conferencia &#8220;ma\u00f1anera del pueblo&#8221;. Armenta respald\u00f3 el llamado de la presidenta mexicana Claudia Sheinbaum para que los mexicanos participen el pr\u00f3ximo 1 de junio en la votaci\u00f3n.<\/p>\n\n\n\n<h3 class=\"wp-block-heading\" id=\"h-llamado-a-votar-por-una-justicia-al-servicio-del-pueblo\">Llamado a votar por una justicia al servicio del pueblo<\/h3>\n\n\n\n<p>El gobernador de la entidad poblana tambi\u00e9n subray\u00f3 que esta reforma ser\u00e1 necesaria para transformar el <strong>sistema judicial mexicano<\/strong>, haci\u00e9ndolo m\u00e1s transparente.  <br><\/p>\n\n\n\n<p>LEE TAMBI\u00c9N: <a href=\"https:\/\/grupohoymexico.com\/puebla\/2025\/05\/27\/gobierno-de-puebla-impulsa-una-transformacion-con-rostro-joven\/\">Gobierno de Puebla impulsa transformaci\u00f3n con el rostro joven <\/a><\/p>\n\n\n\n<blockquote class=\"wp-block-quote is-layout-flow wp-block-quote-is-layout-flow\">\n<p>\u201cEs mejor que millones de mexicanos elijan al Poder Judicial, en lugar de que lo escojan la presidenta o un grupo de senadores que obedec\u00edan a intereses econ\u00f3micos\u201d, se\u00f1al\u00f3.<\/p>\n<\/blockquote>\n\n\n\n<figure class=\"wp-block-image size-full\"><img fetchpriority=\"high\" decoding=\"async\" width=\"863\" height=\"683\" src=\"https:\/\/grupohoymexico.com\/puebla\/wp-content\/uploads\/sites\/3\/2025\/05\/image-49.png\" alt=\"\" class=\"wp-image-75069\" srcset=\"https:\/\/grupohoymexico.com\/puebla\/wp-content\/uploads\/sites\/3\/2025\/05\/image-49.png 863w, https:\/\/grupohoymexico.com\/puebla\/wp-content\/uploads\/sites\/3\/2025\/05\/image-49-300x237.png 300w, https:\/\/grupohoymexico.com\/puebla\/wp-content\/uploads\/sites\/3\/2025\/05\/image-49-768x608.png 768w, https:\/\/grupohoymexico.com\/puebla\/wp-content\/uploads\/sites\/3\/2025\/05\/image-49-332x263.png 332w, https:\/\/grupohoymexico.com\/puebla\/wp-content\/uploads\/sites\/3\/2025\/05\/image-49-664x526.png 664w, https:\/\/grupohoymexico.com\/puebla\/wp-content\/uploads\/sites\/3\/2025\/05\/image-49-688x545.png 688w\" sizes=\"(max-width: 863px) 100vw, 863px\" \/><\/figure>\n\n\n\n<p>Por su parte, la presidenta <strong>Sheinbaum<\/strong> enfatiz\u00f3 que el objetivo es garantizar justicia para todas y todos. <\/p>\n\n\n\n<blockquote class=\"wp-block-quote is-layout-flow wp-block-quote-is-layout-flow\">\n<p>\u201cQueremos que el rico, el pobre, todas y todos tengan acceso a la justicia. Vamos a tener un mejor Poder Judicial\u201d, expres\u00f3, en referencia a una instituci\u00f3n que hist\u00f3ricamente ha favorecido a sectores privilegiados.<\/p>\n<\/blockquote>\n\n\n\n<h3 class=\"wp-block-heading\" id=\"h-democratizacion-del-poder-judicial-alejandro-armenta-precursor-de-la-reforma-judicial\"><strong>Democratizaci\u00f3n del Poder Judicial: Alejandro Armenta, precursor de la reforma judicial<\/strong><\/h3>\n\n\n\n<p>Cabe destacar que el gobernador <strong>Alejandro Armenta<\/strong> fue impulsor clave de esta transformaci\u00f3n desde el <a href=\"https:\/\/www.senado.gob.mx\/66\/\">Senado de la Rep\u00fablica<\/a>. Durante su labor legislativa, dio promoci\u00f3n a cambios estructurales al sistema de justicia con el fin de permitir mayor participaci\u00f3n ciudadana en la designaci\u00f3n de jueces y magistrados, buscando romper con pr\u00e1cticas elitistas y centralizadas.<\/p>\n\n\n\n<p>Esta trayectoria lo posiciona como uno de los principales referentes en la lucha por una justicia verdaderamente democr\u00e1tica y accesible para la poblaci\u00f3n.<\/p>\n\n\n\n<h3 class=\"wp-block-heading\" id=\"h-participacion-ciudadana-un-hecho-historico\">Participaci\u00f3n ciudadana: un hecho hist\u00f3rico<\/h3>\n\n\n\n<p>El consejero jur\u00eddico del <strong>Gobierno de Puebla<\/strong>,<strong> Ra\u00fal Pineda Zepeda<\/strong>, tambi\u00e9n hizo un llamado a la participaci\u00f3n masiva el 1 de junio. <\/p>\n\n\n\n<blockquote class=\"wp-block-quote is-layout-flow wp-block-quote-is-layout-flow\">\n<p>\u201cDespu\u00e9s de 201 a\u00f1os, viviremos un hecho in\u00e9dito: elegir a los integrantes del Poder Judicial. Es un paso crucial en nuestra vida democr\u00e1tica\u201d, asegur\u00f3.<\/p>\n<\/blockquote>\n\n\n\n<p>El <strong>Gobierno de Puebla<\/strong> reiter\u00f3 su compromiso con la legalidad, la transparencia y la promoci\u00f3n de los derechos ciudadanos, destacando que la <strong>democratizaci\u00f3n del Poder Judicial<\/strong> es un avance esencial para consolidar un M\u00e9xico m\u00e1s justo e igualitario. <\/p>\n","protected":false},"excerpt":{"rendered":"La democratizaci\u00f3n del Poder Judicial ser\u00e1 una realidad con el voto del pueblo, afirm\u00f3 el gobernador de Puebla,&hellip;","protected":false},"author":30,"featured_media":75072,"comment_status":"open","ping_status":"open","sticky":false,"template":"","format":"standard","meta":{"csco_display_header_overlay":false,"csco_singular_sidebar":"","csco_page_header_type":"","csco_page_load_nextpost":"","csco_post_video_location":[],"csco_post_video_location_hash":"","csco_post_video_url":"","csco_post_video_bg_start_time":0,"csco_post_video_bg_end_time":0,"footnotes":""},"categories":[29],"tags":[98,120,1092,33,40],"class_list":{"0":"post-75068","1":"post","2":"type-post","3":"status-publish","4":"format-standard","5":"has-post-thumbnail","7":"category-estatal","8":"tag-alejandro-armenta","9":"tag-noticias","10":"tag-poder-judicial","11":"tag-politica","12":"tag-puebla","13":"cs-entry","14":"cs-video-wrap"},"yoast_head":"<!-- This site is optimized with the Yoast SEO Premium plugin v24.7 (Yoast SEO v27.4) - https:\/\/yoast.com\/product\/yoast-seo-premium-wordpress\/ -->\n<title>Alejandro Armenta impulsa la democratizaci\u00f3n del Poder Judicial<\/title>\n<meta name=\"description\" content=\"La democratizaci\u00f3n del Poder Judicial ser\u00e1 una realidad con el voto del pueblo, afirm\u00f3 el gobernador de Puebla, Alejandro Armenta\" \/>\n<meta name=\"robots\" content=\"index, follow, max-snippet:-1, max-image-preview:large, max-video-preview:-1\" \/>\n<link rel=\"canonical\" href=\"https:\/\/grupohoymexico.com\/puebla\/2025\/05\/28\/alejandro-armenta-impulsa-la-democratizacion-del-poder-judicial-con-el-voto-popular\/\" \/>\n<meta property=\"og:locale\" content=\"es_MX\" \/>\n<meta property=\"og:type\" content=\"article\" \/>\n<meta property=\"og:title\" content=\"Alejandro Armenta impulsa la democratizaci\u00f3n del Poder Judicial con el voto popular\" \/>\n<meta property=\"og:description\" content=\"La democratizaci\u00f3n del Poder Judicial ser\u00e1 una realidad con el voto del pueblo, afirm\u00f3 el gobernador de Puebla, Alejandro Armenta\" \/>\n<meta property=\"og:url\" content=\"https:\/\/grupohoymexico.com\/puebla\/2025\/05\/28\/alejandro-armenta-impulsa-la-democratizacion-del-poder-judicial-con-el-voto-popular\/\" \/>\n<meta property=\"og:site_name\" content=\"Grupo Hoy Puebla\" \/>\n<meta property=\"article:published_time\" content=\"2025-05-28T21:40:33+00:00\" \/>\n<meta property=\"article:modified_time\" content=\"2025-05-28T23:45:17+00:00\" \/>\n<meta property=\"og:image\" content=\"https:\/\/grupohoymexico.com\/puebla\/wp-content\/uploads\/sites\/3\/2025\/05\/democratizacion-del-Poder-Judicial.png\" \/>\n\t<meta property=\"og:image:width\" content=\"1196\" \/>\n\t<meta property=\"og:image:height\" content=\"636\" \/>\n\t<meta property=\"og:image:type\" content=\"image\/png\" \/>\n<meta name=\"author\" content=\"eduardo\" \/>\n<meta name=\"twitter:card\" content=\"summary_large_image\" \/>\n<meta name=\"twitter:label1\" content=\"Escrito por\" \/>\n\t<meta name=\"twitter:data1\" content=\"eduardo\" \/>\n\t<meta name=\"twitter:label2\" content=\"Tiempo de lectura\" \/>\n\t<meta name=\"twitter:data2\" content=\"2 minutos\" \/>\n<script type=\"application\/ld+json\" class=\"yoast-schema-graph\">{\"@context\":\"https:\\\/\\\/schema.org\",\"@graph\":[{\"@type\":\"Article\",\"@id\":\"https:\\\/\\\/grupohoymexico.com\\\/puebla\\\/2025\\\/05\\\/28\\\/alejandro-armenta-impulsa-la-democratizacion-del-poder-judicial-con-el-voto-popular\\\/#article\",\"isPartOf\":{\"@id\":\"https:\\\/\\\/grupohoymexico.com\\\/puebla\\\/2025\\\/05\\\/28\\\/alejandro-armenta-impulsa-la-democratizacion-del-poder-judicial-con-el-voto-popular\\\/\"},\"author\":{\"name\":\"eduardo\",\"@id\":\"https:\\\/\\\/grupohoymexico.com\\\/puebla\\\/#\\\/schema\\\/person\\\/e95b7b8df1e5c291ede743c160292779\"},\"headline\":\"Alejandro Armenta impulsa la democratizaci\u00f3n del Poder Judicial con el voto popular\",\"datePublished\":\"2025-05-28T21:40:33+00:00\",\"dateModified\":\"2025-05-28T23:45:17+00:00\",\"mainEntityOfPage\":{\"@id\":\"https:\\\/\\\/grupohoymexico.com\\\/puebla\\\/2025\\\/05\\\/28\\\/alejandro-armenta-impulsa-la-democratizacion-del-poder-judicial-con-el-voto-popular\\\/\"},\"wordCount\":407,\"commentCount\":0,\"image\":{\"@id\":\"https:\\\/\\\/grupohoymexico.com\\\/puebla\\\/2025\\\/05\\\/28\\\/alejandro-armenta-impulsa-la-democratizacion-del-poder-judicial-con-el-voto-popular\\\/#primaryimage\"},\"thumbnailUrl\":\"https:\\\/\\\/grupohoymexico.com\\\/puebla\\\/wp-content\\\/uploads\\\/sites\\\/3\\\/2025\\\/05\\\/democratizacion-del-Poder-Judicial.png\",\"keywords\":[\"Alejandro Armenta\",\"noticias\",\"Poder Judicial\",\"Pol\u00edtica\",\"puebla\"],\"articleSection\":[\"Estatal\"],\"inLanguage\":\"es\",\"potentialAction\":[{\"@type\":\"CommentAction\",\"name\":\"Comment\",\"target\":[\"https:\\\/\\\/grupohoymexico.com\\\/puebla\\\/2025\\\/05\\\/28\\\/alejandro-armenta-impulsa-la-democratizacion-del-poder-judicial-con-el-voto-popular\\\/#respond\"]}]},{\"@type\":\"WebPage\",\"@id\":\"https:\\\/\\\/grupohoymexico.com\\\/puebla\\\/2025\\\/05\\\/28\\\/alejandro-armenta-impulsa-la-democratizacion-del-poder-judicial-con-el-voto-popular\\\/\",\"url\":\"https:\\\/\\\/grupohoymexico.com\\\/puebla\\\/2025\\\/05\\\/28\\\/alejandro-armenta-impulsa-la-democratizacion-del-poder-judicial-con-el-voto-popular\\\/\",\"name\":\"Alejandro Armenta impulsa la democratizaci\u00f3n del Poder Judicial\",\"isPartOf\":{\"@id\":\"https:\\\/\\\/grupohoymexico.com\\\/puebla\\\/#website\"},\"primaryImageOfPage\":{\"@id\":\"https:\\\/\\\/grupohoymexico.com\\\/puebla\\\/2025\\\/05\\\/28\\\/alejandro-armenta-impulsa-la-democratizacion-del-poder-judicial-con-el-voto-popular\\\/#primaryimage\"},\"image\":{\"@id\":\"https:\\\/\\\/grupohoymexico.com\\\/puebla\\\/2025\\\/05\\\/28\\\/alejandro-armenta-impulsa-la-democratizacion-del-poder-judicial-con-el-voto-popular\\\/#primaryimage\"},\"thumbnailUrl\":\"https:\\\/\\\/grupohoymexico.com\\\/puebla\\\/wp-content\\\/uploads\\\/sites\\\/3\\\/2025\\\/05\\\/democratizacion-del-Poder-Judicial.png\",\"datePublished\":\"2025-05-28T21:40:33+00:00\",\"dateModified\":\"2025-05-28T23:45:17+00:00\",\"author\":{\"@id\":\"https:\\\/\\\/grupohoymexico.com\\\/puebla\\\/#\\\/schema\\\/person\\\/e95b7b8df1e5c291ede743c160292779\"},\"description\":\"La democratizaci\u00f3n del Poder Judicial ser\u00e1 una realidad con el voto del pueblo, afirm\u00f3 el gobernador de Puebla, Alejandro Armenta\",\"breadcrumb\":{\"@id\":\"https:\\\/\\\/grupohoymexico.com\\\/puebla\\\/2025\\\/05\\\/28\\\/alejandro-armenta-impulsa-la-democratizacion-del-poder-judicial-con-el-voto-popular\\\/#breadcrumb\"},\"inLanguage\":\"es\",\"potentialAction\":[{\"@type\":\"ReadAction\",\"target\":[\"https:\\\/\\\/grupohoymexico.com\\\/puebla\\\/2025\\\/05\\\/28\\\/alejandro-armenta-impulsa-la-democratizacion-del-poder-judicial-con-el-voto-popular\\\/\"]}]},{\"@type\":\"ImageObject\",\"inLanguage\":\"es\",\"@id\":\"https:\\\/\\\/grupohoymexico.com\\\/puebla\\\/2025\\\/05\\\/28\\\/alejandro-armenta-impulsa-la-democratizacion-del-poder-judicial-con-el-voto-popular\\\/#primaryimage\",\"url\":\"https:\\\/\\\/grupohoymexico.com\\\/puebla\\\/wp-content\\\/uploads\\\/sites\\\/3\\\/2025\\\/05\\\/democratizacion-del-Poder-Judicial.png\",\"contentUrl\":\"https:\\\/\\\/grupohoymexico.com\\\/puebla\\\/wp-content\\\/uploads\\\/sites\\\/3\\\/2025\\\/05\\\/democratizacion-del-Poder-Judicial.png\",\"width\":1196,\"height\":636,\"caption\":\"Imagen: Alejandro Armenta Imagen: Facebook\"},{\"@type\":\"BreadcrumbList\",\"@id\":\"https:\\\/\\\/grupohoymexico.com\\\/puebla\\\/2025\\\/05\\\/28\\\/alejandro-armenta-impulsa-la-democratizacion-del-poder-judicial-con-el-voto-popular\\\/#breadcrumb\",\"itemListElement\":[{\"@type\":\"ListItem\",\"position\":1,\"name\":\"Inicio\",\"item\":\"https:\\\/\\\/grupohoymexico.com\\\/puebla\\\/\"},{\"@type\":\"ListItem\",\"position\":2,\"name\":\"Alejandro Armenta impulsa la democratizaci\u00f3n del Poder Judicial con el voto popular\"}]},{\"@type\":\"WebSite\",\"@id\":\"https:\\\/\\\/grupohoymexico.com\\\/puebla\\\/#website\",\"url\":\"https:\\\/\\\/grupohoymexico.com\\\/puebla\\\/\",\"name\":\"Grupo Hoy Puebla\",\"description\":\"\",\"potentialAction\":[{\"@type\":\"SearchAction\",\"target\":{\"@type\":\"EntryPoint\",\"urlTemplate\":\"https:\\\/\\\/grupohoymexico.com\\\/puebla\\\/?s={search_term_string}\"},\"query-input\":{\"@type\":\"PropertyValueSpecification\",\"valueRequired\":true,\"valueName\":\"search_term_string\"}}],\"inLanguage\":\"es\"},{\"@type\":\"Person\",\"@id\":\"https:\\\/\\\/grupohoymexico.com\\\/puebla\\\/#\\\/schema\\\/person\\\/e95b7b8df1e5c291ede743c160292779\",\"name\":\"eduardo\",\"image\":{\"@type\":\"ImageObject\",\"inLanguage\":\"es\",\"@id\":\"https:\\\/\\\/secure.gravatar.com\\\/avatar\\\/ecdd30dcf3feeb5f57f13840c3daeb08334d3b69de7bb9e067a540c4925a9788?s=96&d=mm&r=g\",\"url\":\"https:\\\/\\\/secure.gravatar.com\\\/avatar\\\/ecdd30dcf3feeb5f57f13840c3daeb08334d3b69de7bb9e067a540c4925a9788?s=96&d=mm&r=g\",\"contentUrl\":\"https:\\\/\\\/secure.gravatar.com\\\/avatar\\\/ecdd30dcf3feeb5f57f13840c3daeb08334d3b69de7bb9e067a540c4925a9788?s=96&d=mm&r=g\",\"caption\":\"eduardo\"},\"url\":\"https:\\\/\\\/grupohoymexico.com\\\/puebla\\\/author\\\/eduardo\\\/\"}]}<\/script>\n<!-- \/ Yoast SEO Premium plugin. -->","yoast_head_json":{"title":"Alejandro Armenta impulsa la democratizaci\u00f3n del Poder Judicial","description":"La democratizaci\u00f3n del Poder Judicial ser\u00e1 una realidad con el voto del pueblo, afirm\u00f3 el gobernador de Puebla, Alejandro Armenta","robots":{"index":"index","follow":"follow","max-snippet":"max-snippet:-1","max-image-preview":"max-image-preview:large","max-video-preview":"max-video-preview:-1"},"canonical":"https:\/\/grupohoymexico.com\/puebla\/2025\/05\/28\/alejandro-armenta-impulsa-la-democratizacion-del-poder-judicial-con-el-voto-popular\/","og_locale":"es_MX","og_type":"article","og_title":"Alejandro Armenta impulsa la democratizaci\u00f3n del Poder Judicial con el voto popular","og_description":"La democratizaci\u00f3n del Poder Judicial ser\u00e1 una realidad con el voto del pueblo, afirm\u00f3 el gobernador de Puebla, Alejandro Armenta","og_url":"https:\/\/grupohoymexico.com\/puebla\/2025\/05\/28\/alejandro-armenta-impulsa-la-democratizacion-del-poder-judicial-con-el-voto-popular\/","og_site_name":"Grupo Hoy Puebla","article_published_time":"2025-05-28T21:40:33+00:00","article_modified_time":"2025-05-28T23:45:17+00:00","og_image":[{"width":1196,"height":636,"url":"https:\/\/grupohoymexico.com\/puebla\/wp-content\/uploads\/sites\/3\/2025\/05\/democratizacion-del-Poder-Judicial.png","type":"image\/png"}],"author":"eduardo","twitter_card":"summary_large_image","twitter_misc":{"Escrito por":"eduardo","Tiempo de lectura":"2 minutos"},"schema":{"@context":"https:\/\/schema.org","@graph":[{"@type":"Article","@id":"https:\/\/grupohoymexico.com\/puebla\/2025\/05\/28\/alejandro-armenta-impulsa-la-democratizacion-del-poder-judicial-con-el-voto-popular\/#article","isPartOf":{"@id":"https:\/\/grupohoymexico.com\/puebla\/2025\/05\/28\/alejandro-armenta-impulsa-la-democratizacion-del-poder-judicial-con-el-voto-popular\/"},"author":{"name":"eduardo","@id":"https:\/\/grupohoymexico.com\/puebla\/#\/schema\/person\/e95b7b8df1e5c291ede743c160292779"},"headline":"Alejandro Armenta impulsa la democratizaci\u00f3n del Poder Judicial con el voto popular","datePublished":"2025-05-28T21:40:33+00:00","dateModified":"2025-05-28T23:45:17+00:00","mainEntityOfPage":{"@id":"https:\/\/grupohoymexico.com\/puebla\/2025\/05\/28\/alejandro-armenta-impulsa-la-democratizacion-del-poder-judicial-con-el-voto-popular\/"},"wordCount":407,"commentCount":0,"image":{"@id":"https:\/\/grupohoymexico.com\/puebla\/2025\/05\/28\/alejandro-armenta-impulsa-la-democratizacion-del-poder-judicial-con-el-voto-popular\/#primaryimage"},"thumbnailUrl":"https:\/\/grupohoymexico.com\/puebla\/wp-content\/uploads\/sites\/3\/2025\/05\/democratizacion-del-Poder-Judicial.png","keywords":["Alejandro Armenta","noticias","Poder Judicial","Pol\u00edtica","puebla"],"articleSection":["Estatal"],"inLanguage":"es","potentialAction":[{"@type":"CommentAction","name":"Comment","target":["https:\/\/grupohoymexico.com\/puebla\/2025\/05\/28\/alejandro-armenta-impulsa-la-democratizacion-del-poder-judicial-con-el-voto-popular\/#respond"]}]},{"@type":"WebPage","@id":"https:\/\/grupohoymexico.com\/puebla\/2025\/05\/28\/alejandro-armenta-impulsa-la-democratizacion-del-poder-judicial-con-el-voto-popular\/","url":"https:\/\/grupohoymexico.com\/puebla\/2025\/05\/28\/alejandro-armenta-impulsa-la-democratizacion-del-poder-judicial-con-el-voto-popular\/","name":"Alejandro Armenta impulsa la democratizaci\u00f3n del Poder Judicial","isPartOf":{"@id":"https:\/\/grupohoymexico.com\/puebla\/#website"},"primaryImageOfPage":{"@id":"https:\/\/grupohoymexico.com\/puebla\/2025\/05\/28\/alejandro-armenta-impulsa-la-democratizacion-del-poder-judicial-con-el-voto-popular\/#primaryimage"},"image":{"@id":"https:\/\/grupohoymexico.com\/puebla\/2025\/05\/28\/alejandro-armenta-impulsa-la-democratizacion-del-poder-judicial-con-el-voto-popular\/#primaryimage"},"thumbnailUrl":"https:\/\/grupohoymexico.com\/puebla\/wp-content\/uploads\/sites\/3\/2025\/05\/democratizacion-del-Poder-Judicial.png","datePublished":"2025-05-28T21:40:33+00:00","dateModified":"2025-05-28T23:45:17+00:00","author":{"@id":"https:\/\/grupohoymexico.com\/puebla\/#\/schema\/person\/e95b7b8df1e5c291ede743c160292779"},"description":"La democratizaci\u00f3n del Poder Judicial ser\u00e1 una realidad con el voto del pueblo, afirm\u00f3 el gobernador de Puebla, Alejandro Armenta","breadcrumb":{"@id":"https:\/\/grupohoymexico.com\/puebla\/2025\/05\/28\/alejandro-armenta-impulsa-la-democratizacion-del-poder-judicial-con-el-voto-popular\/#breadcrumb"},"inLanguage":"es","potentialAction":[{"@type":"ReadAction","target":["https:\/\/grupohoymexico.com\/puebla\/2025\/05\/28\/alejandro-armenta-impulsa-la-democratizacion-del-poder-judicial-con-el-voto-popular\/"]}]},{"@type":"ImageObject","inLanguage":"es","@id":"https:\/\/grupohoymexico.com\/puebla\/2025\/05\/28\/alejandro-armenta-impulsa-la-democratizacion-del-poder-judicial-con-el-voto-popular\/#primaryimage","url":"https:\/\/grupohoymexico.com\/puebla\/wp-content\/uploads\/sites\/3\/2025\/05\/democratizacion-del-Poder-Judicial.png","contentUrl":"https:\/\/grupohoymexico.com\/puebla\/wp-content\/uploads\/sites\/3\/2025\/05\/democratizacion-del-Poder-Judicial.png","width":1196,"height":636,"caption":"Imagen: Alejandro Armenta Imagen: Facebook"},{"@type":"BreadcrumbList","@id":"https:\/\/grupohoymexico.com\/puebla\/2025\/05\/28\/alejandro-armenta-impulsa-la-democratizacion-del-poder-judicial-con-el-voto-popular\/#breadcrumb","itemListElement":[{"@type":"ListItem","position":1,"name":"Inicio","item":"https:\/\/grupohoymexico.com\/puebla\/"},{"@type":"ListItem","position":2,"name":"Alejandro Armenta impulsa la democratizaci\u00f3n del Poder Judicial con el voto popular"}]},{"@type":"WebSite","@id":"https:\/\/grupohoymexico.com\/puebla\/#website","url":"https:\/\/grupohoymexico.com\/puebla\/","name":"Grupo Hoy Puebla","description":"","potentialAction":[{"@type":"SearchAction","target":{"@type":"EntryPoint","urlTemplate":"https:\/\/grupohoymexico.com\/puebla\/?s={search_term_string}"},"query-input":{"@type":"PropertyValueSpecification","valueRequired":true,"valueName":"search_term_string"}}],"inLanguage":"es"},{"@type":"Person","@id":"https:\/\/grupohoymexico.com\/puebla\/#\/schema\/person\/e95b7b8df1e5c291ede743c160292779","name":"eduardo","image":{"@type":"ImageObject","inLanguage":"es","@id":"https:\/\/secure.gravatar.com\/avatar\/ecdd30dcf3feeb5f57f13840c3daeb08334d3b69de7bb9e067a540c4925a9788?s=96&d=mm&r=g","url":"https:\/\/secure.gravatar.com\/avatar\/ecdd30dcf3feeb5f57f13840c3daeb08334d3b69de7bb9e067a540c4925a9788?s=96&d=mm&r=g","contentUrl":"https:\/\/secure.gravatar.com\/avatar\/ecdd30dcf3feeb5f57f13840c3daeb08334d3b69de7bb9e067a540c4925a9788?s=96&d=mm&r=g","caption":"eduardo"},"url":"https:\/\/grupohoymexico.com\/puebla\/author\/eduardo\/"}]}},"_links":{"self":[{"href":"https:\/\/grupohoymexico.com\/puebla\/wp-json\/wp\/v2\/posts\/75068","targetHints":{"allow":["GET"]}}],"collection":[{"href":"https:\/\/grupohoymexico.com\/puebla\/wp-json\/wp\/v2\/posts"}],"about":[{"href":"https:\/\/grupohoymexico.com\/puebla\/wp-json\/wp\/v2\/types\/post"}],"author":[{"embeddable":true,"href":"https:\/\/grupohoymexico.com\/puebla\/wp-json\/wp\/v2\/users\/30"}],"replies":[{"embeddable":true,"href":"https:\/\/grupohoymexico.com\/puebla\/wp-json\/wp\/v2\/comments?post=75068"}],"version-history":[{"count":2,"href":"https:\/\/grupohoymexico.com\/puebla\/wp-json\/wp\/v2\/posts\/75068\/revisions"}],"predecessor-version":[{"id":75086,"href":"https:\/\/grupohoymexico.com\/puebla\/wp-json\/wp\/v2\/posts\/75068\/revisions\/75086"}],"wp:featuredmedia":[{"embeddable":true,"href":"https:\/\/grupohoymexico.com\/puebla\/wp-json\/wp\/v2\/media\/75072"}],"wp:attachment":[{"href":"https:\/\/grupohoymexico.com\/puebla\/wp-json\/wp\/v2\/media?parent=75068"}],"wp:term":[{"taxonomy":"category","embeddable":true,"href":"https:\/\/grupohoymexico.com\/puebla\/wp-json\/wp\/v2\/categories?post=75068"},{"taxonomy":"post_tag","embeddable":true,"href":"https:\/\/grupohoymexico.com\/puebla\/wp-json\/wp\/v2\/tags?post=75068"}],"curies":[{"name":"wp","href":"https:\/\/api.w.org\/{rel}","templated":true}]}}