{"id":75059,"date":"2025-05-28T18:30:52","date_gmt":"2025-05-28T18:30:52","guid":{"rendered":"https:\/\/grupohoymexico.com\/puebla\/?p=75059"},"modified":"2025-05-28T18:30:53","modified_gmt":"2025-05-28T18:30:53","slug":"cae-la-reina-del-oriente-fiscalia-de-puebla-detiene-a-presunta-lider-narcomenudista","status":"publish","type":"post","link":"https:\/\/grupohoymexico.com\/puebla\/2025\/05\/28\/cae-la-reina-del-oriente-fiscalia-de-puebla-detiene-a-presunta-lider-narcomenudista\/","title":{"rendered":"Cae \u201cLa Reina del Oriente\u201d: Fiscal\u00eda de Puebla detiene a presunta l\u00edder narcomenudista"},"content":{"rendered":"\n<p>En un operativo coordinado y oportuno, la <strong><a href=\"https:\/\/fiscalia.puebla.gob.mx\/\">Fiscal\u00eda General del Estado de Puebla<\/a><\/strong> logr\u00f3 la detenci\u00f3n en flagrancia de <strong>Dulce &#8220;N&#8221;<\/strong>, alias <strong>\u201cLa Dulce\u201d o \u201cLa Reina del Oriente\u201d<\/strong>, se\u00f1alada como la l\u00edder de una organizaci\u00f3n criminal dedicada al <strong>narcomenudeo<\/strong> y vinculada a m\u00faltiples delitos de alto impacto. La captura se llev\u00f3 a cabo en la localidad de <strong>Chachapa, municipio de Amozoc<\/strong>.<\/p>\n\n\n\n<p>La aprehensi\u00f3n ocurri\u00f3 cuando Dulce &#8220;N&#8221; circulaba en un veh\u00edculo Chrysler beige con placas de San Luis Potos\u00ed, siendo interceptada por agentes investigadores. Durante la inspecci\u00f3n, las autoridades aseguraron:<\/p>\n\n\n\n<ul class=\"wp-block-list\">\n<li>106 envoltorios con sustancia similar a cristal<\/li>\n\n\n\n<li>Cinco cartuchos calibre .223<\/li>\n\n\n\n<li>Dinero en efectivo<\/li>\n\n\n\n<li>Una b\u00e1scula gramera<\/li>\n<\/ul>\n\n\n\n<p>Estos indicios fortalecen la imputaci\u00f3n en su contra por delitos relacionados con el tr\u00e1fico de drogas.<\/p>\n\n\n\n<figure class=\"wp-block-image size-large is-resized\"><img fetchpriority=\"high\" decoding=\"async\" width=\"576\" height=\"1024\" src=\"https:\/\/grupohoymexico.com\/puebla\/wp-content\/uploads\/sites\/3\/2025\/05\/image-48-576x1024.png\" alt=\"\" class=\"wp-image-75066\" style=\"width:524px;height:auto\" srcset=\"https:\/\/grupohoymexico.com\/puebla\/wp-content\/uploads\/sites\/3\/2025\/05\/image-48-576x1024.png 576w, https:\/\/grupohoymexico.com\/puebla\/wp-content\/uploads\/sites\/3\/2025\/05\/image-48-169x300.png 169w, https:\/\/grupohoymexico.com\/puebla\/wp-content\/uploads\/sites\/3\/2025\/05\/image-48-332x590.png 332w, https:\/\/grupohoymexico.com\/puebla\/wp-content\/uploads\/sites\/3\/2025\/05\/image-48-664x1180.png 664w, https:\/\/grupohoymexico.com\/puebla\/wp-content\/uploads\/sites\/3\/2025\/05\/image-48-688x1223.png 688w, https:\/\/grupohoymexico.com\/puebla\/wp-content\/uploads\/sites\/3\/2025\/05\/image-48.png 720w\" sizes=\"(max-width: 576px) 100vw, 576px\" \/><\/figure>\n\n\n\n<h2 class=\"wp-block-heading\" id=\"h-una-red-con-amplio-alcance-en-puebla\"><strong>Una red con amplio alcance en Puebla<\/strong><\/h2>\n\n\n\n<p>De acuerdo con informaci\u00f3n de inteligencia, la detenida comandaba una c\u00e9lula dedicada a la venta y distribuci\u00f3n de narc\u00f3ticos en varias colonias de la capital poblana, como <strong>Clavijero, Historiadores, Casa Blanca, Flor del Bosque y Santa Margarita<\/strong>. Adem\u00e1s, ten\u00eda presencia en los municipios de <strong>Amozoc y Chachapa<\/strong>.<\/p>\n\n\n\n<p>Para sus operaciones, se apoyaba en una flotilla de motocicletas utilizadas para transportar los enervantes, lo que le permit\u00eda moverse con rapidez y mantener el control territorial.<\/p>\n\n\n\n<h2 class=\"wp-block-heading\" id=\"h-negocios-fachada-y-vinculos-familiares\"><strong>Negocios fachada y v\u00ednculos familiares<\/strong><\/h2>\n\n\n\n<p>Autoridades revelaron que <strong>\u201cLa Reina del Oriente\u201d<\/strong> es propietaria de varios establecimientos comerciales que presuntamente operaban como fachadas para sus actividades il\u00edcitas. Entre estos negocios se encuentran:<\/p>\n\n\n\n<ul class=\"wp-block-list\">\n<li>Una cantina<\/li>\n\n\n\n<li>Rosticer\u00edas<\/li>\n\n\n\n<li>Tortiller\u00edas en la capital poblana<\/li>\n\n\n\n<li>Un negocio de comida en Amozoc, donde resid\u00eda<\/li>\n<\/ul>\n\n\n\n<p>Adem\u00e1s, es media hermana de <strong>H\u00e9ctor &#8220;N&#8221;<\/strong>, otro reconocido l\u00edder narcomenudista actualmente preso en un penal estatal.<\/p>\n\n\n\n<h2 class=\"wp-block-heading\" id=\"h-vinculacion-con-grupos-violentos-y-hechos-delictivos-graves\"><strong>Vinculaci\u00f3n con grupos violentos y hechos delictivos graves<\/strong><\/h2>\n\n\n\n<p>Dulce &#8220;N&#8221; tambi\u00e9n est\u00e1 relacionada con otros criminales de alto perfil conocidos como \u201cEl Grillo\u201d, \u201cEl Masha\u201d y \u201cEl Jabal\u00ed\u201d. Asimismo, se le vincula con varios episodios de violencia extrema en la regi\u00f3n, tales como:<\/p>\n\n\n\n<ul class=\"wp-block-list\">\n<li>El asesinato de siete personas en un picadero de San Miguel Canoa<\/li>\n\n\n\n<li>El hallazgo de cuerpos desmembrados en Amozoc<\/li>\n\n\n\n<li>Enfrentamientos violentos en el mercado Morelos<\/li>\n\n\n\n<li>Homicidios m\u00faltiples en Santa Mar\u00eda Xonacatepec<\/li>\n<\/ul>\n\n\n\n<p>Estos hechos posicionan a la organizaci\u00f3n que lideraba <strong>\u201cLa Reina del Oriente\u201d<\/strong> como un foco de violencia y criminalidad de alta peligrosidad.<\/p>\n","protected":false},"excerpt":{"rendered":"En un operativo coordinado y oportuno, la Fiscal\u00eda General del Estado de Puebla logr\u00f3 la detenci\u00f3n en flagrancia&hellip;","protected":false},"author":5,"featured_media":75065,"comment_status":"open","ping_status":"open","sticky":false,"template":"","format":"standard","meta":{"csco_display_header_overlay":false,"csco_singular_sidebar":"","csco_page_header_type":"","csco_page_load_nextpost":"","csco_post_video_location":[],"csco_post_video_location_hash":"","csco_post_video_url":"","csco_post_video_bg_start_time":0,"csco_post_video_bg_end_time":0,"footnotes":""},"categories":[29],"tags":[],"class_list":{"0":"post-75059","1":"post","2":"type-post","3":"status-publish","4":"format-standard","5":"has-post-thumbnail","7":"category-estatal","8":"cs-entry","9":"cs-video-wrap"},"yoast_head":"<!-- This site is optimized with the Yoast SEO Premium plugin v24.7 (Yoast SEO v27.4) - https:\/\/yoast.com\/product\/yoast-seo-premium-wordpress\/ -->\n<title>Cae \u201cLa Reina del Oriente\u201d: Fiscal\u00eda de Puebla detiene a presunta l\u00edder narcomenudista - Grupo Hoy Puebla<\/title>\n<meta name=\"description\" content=\"La Fiscal\u00eda General de Puebla logr\u00f3 la detenci\u00f3n en flagrancia a \u201cLa Reina del Oriente\u201d, se\u00f1alada como la l\u00edder de una organizaci\u00f3n criminal.\" \/>\n<meta name=\"robots\" content=\"index, follow, max-snippet:-1, max-image-preview:large, max-video-preview:-1\" \/>\n<link rel=\"canonical\" href=\"https:\/\/grupohoymexico.com\/puebla\/2025\/05\/28\/cae-la-reina-del-oriente-fiscalia-de-puebla-detiene-a-presunta-lider-narcomenudista\/\" \/>\n<meta property=\"og:locale\" content=\"es_MX\" \/>\n<meta property=\"og:type\" content=\"article\" \/>\n<meta property=\"og:title\" content=\"Cae \u201cLa Reina del Oriente\u201d: Fiscal\u00eda de Puebla detiene a presunta l\u00edder narcomenudista\" \/>\n<meta property=\"og:description\" content=\"La Fiscal\u00eda General de Puebla logr\u00f3 la detenci\u00f3n en flagrancia a \u201cLa Reina del Oriente\u201d, se\u00f1alada como la l\u00edder de una organizaci\u00f3n criminal.\" \/>\n<meta property=\"og:url\" content=\"https:\/\/grupohoymexico.com\/puebla\/2025\/05\/28\/cae-la-reina-del-oriente-fiscalia-de-puebla-detiene-a-presunta-lider-narcomenudista\/\" \/>\n<meta property=\"og:site_name\" content=\"Grupo Hoy Puebla\" \/>\n<meta property=\"article:published_time\" content=\"2025-05-28T18:30:52+00:00\" \/>\n<meta property=\"article:modified_time\" content=\"2025-05-28T18:30:53+00:00\" \/>\n<meta property=\"og:image\" content=\"https:\/\/grupohoymexico.com\/puebla\/wp-content\/uploads\/sites\/3\/2025\/05\/photo_5023954157190624328_y.jpg\" \/>\n\t<meta property=\"og:image:width\" content=\"1201\" \/>\n\t<meta property=\"og:image:height\" content=\"639\" \/>\n\t<meta property=\"og:image:type\" content=\"image\/jpeg\" \/>\n<meta name=\"author\" content=\"jair\" \/>\n<meta name=\"twitter:card\" content=\"summary_large_image\" \/>\n<meta name=\"twitter:label1\" content=\"Escrito por\" \/>\n\t<meta name=\"twitter:data1\" content=\"jair\" \/>\n\t<meta name=\"twitter:label2\" content=\"Tiempo de lectura\" \/>\n\t<meta name=\"twitter:data2\" content=\"3 minutos\" \/>\n<script type=\"application\/ld+json\" class=\"yoast-schema-graph\">{\"@context\":\"https:\\\/\\\/schema.org\",\"@graph\":[{\"@type\":\"Article\",\"@id\":\"https:\\\/\\\/grupohoymexico.com\\\/puebla\\\/2025\\\/05\\\/28\\\/cae-la-reina-del-oriente-fiscalia-de-puebla-detiene-a-presunta-lider-narcomenudista\\\/#article\",\"isPartOf\":{\"@id\":\"https:\\\/\\\/grupohoymexico.com\\\/puebla\\\/2025\\\/05\\\/28\\\/cae-la-reina-del-oriente-fiscalia-de-puebla-detiene-a-presunta-lider-narcomenudista\\\/\"},\"author\":{\"name\":\"jair\",\"@id\":\"https:\\\/\\\/grupohoymexico.com\\\/puebla\\\/#\\\/schema\\\/person\\\/98e2425fe99fbbdf486895b69dab3c3d\"},\"headline\":\"Cae \u201cLa Reina del Oriente\u201d: Fiscal\u00eda de Puebla detiene a presunta l\u00edder narcomenudista\",\"datePublished\":\"2025-05-28T18:30:52+00:00\",\"dateModified\":\"2025-05-28T18:30:53+00:00\",\"mainEntityOfPage\":{\"@id\":\"https:\\\/\\\/grupohoymexico.com\\\/puebla\\\/2025\\\/05\\\/28\\\/cae-la-reina-del-oriente-fiscalia-de-puebla-detiene-a-presunta-lider-narcomenudista\\\/\"},\"wordCount\":412,\"commentCount\":0,\"image\":{\"@id\":\"https:\\\/\\\/grupohoymexico.com\\\/puebla\\\/2025\\\/05\\\/28\\\/cae-la-reina-del-oriente-fiscalia-de-puebla-detiene-a-presunta-lider-narcomenudista\\\/#primaryimage\"},\"thumbnailUrl\":\"https:\\\/\\\/grupohoymexico.com\\\/puebla\\\/wp-content\\\/uploads\\\/sites\\\/3\\\/2025\\\/05\\\/photo_5023954157190624328_y.jpg\",\"articleSection\":[\"Estatal\"],\"inLanguage\":\"es\",\"potentialAction\":[{\"@type\":\"CommentAction\",\"name\":\"Comment\",\"target\":[\"https:\\\/\\\/grupohoymexico.com\\\/puebla\\\/2025\\\/05\\\/28\\\/cae-la-reina-del-oriente-fiscalia-de-puebla-detiene-a-presunta-lider-narcomenudista\\\/#respond\"]}]},{\"@type\":\"WebPage\",\"@id\":\"https:\\\/\\\/grupohoymexico.com\\\/puebla\\\/2025\\\/05\\\/28\\\/cae-la-reina-del-oriente-fiscalia-de-puebla-detiene-a-presunta-lider-narcomenudista\\\/\",\"url\":\"https:\\\/\\\/grupohoymexico.com\\\/puebla\\\/2025\\\/05\\\/28\\\/cae-la-reina-del-oriente-fiscalia-de-puebla-detiene-a-presunta-lider-narcomenudista\\\/\",\"name\":\"Cae \u201cLa Reina del Oriente\u201d: Fiscal\u00eda de Puebla detiene a presunta l\u00edder narcomenudista - Grupo Hoy Puebla\",\"isPartOf\":{\"@id\":\"https:\\\/\\\/grupohoymexico.com\\\/puebla\\\/#website\"},\"primaryImageOfPage\":{\"@id\":\"https:\\\/\\\/grupohoymexico.com\\\/puebla\\\/2025\\\/05\\\/28\\\/cae-la-reina-del-oriente-fiscalia-de-puebla-detiene-a-presunta-lider-narcomenudista\\\/#primaryimage\"},\"image\":{\"@id\":\"https:\\\/\\\/grupohoymexico.com\\\/puebla\\\/2025\\\/05\\\/28\\\/cae-la-reina-del-oriente-fiscalia-de-puebla-detiene-a-presunta-lider-narcomenudista\\\/#primaryimage\"},\"thumbnailUrl\":\"https:\\\/\\\/grupohoymexico.com\\\/puebla\\\/wp-content\\\/uploads\\\/sites\\\/3\\\/2025\\\/05\\\/photo_5023954157190624328_y.jpg\",\"datePublished\":\"2025-05-28T18:30:52+00:00\",\"dateModified\":\"2025-05-28T18:30:53+00:00\",\"author\":{\"@id\":\"https:\\\/\\\/grupohoymexico.com\\\/puebla\\\/#\\\/schema\\\/person\\\/98e2425fe99fbbdf486895b69dab3c3d\"},\"description\":\"La Fiscal\u00eda General de Puebla logr\u00f3 la detenci\u00f3n en flagrancia a \u201cLa Reina del Oriente\u201d, se\u00f1alada como la l\u00edder de una organizaci\u00f3n criminal.\",\"breadcrumb\":{\"@id\":\"https:\\\/\\\/grupohoymexico.com\\\/puebla\\\/2025\\\/05\\\/28\\\/cae-la-reina-del-oriente-fiscalia-de-puebla-detiene-a-presunta-lider-narcomenudista\\\/#breadcrumb\"},\"inLanguage\":\"es\",\"potentialAction\":[{\"@type\":\"ReadAction\",\"target\":[\"https:\\\/\\\/grupohoymexico.com\\\/puebla\\\/2025\\\/05\\\/28\\\/cae-la-reina-del-oriente-fiscalia-de-puebla-detiene-a-presunta-lider-narcomenudista\\\/\"]}]},{\"@type\":\"ImageObject\",\"inLanguage\":\"es\",\"@id\":\"https:\\\/\\\/grupohoymexico.com\\\/puebla\\\/2025\\\/05\\\/28\\\/cae-la-reina-del-oriente-fiscalia-de-puebla-detiene-a-presunta-lider-narcomenudista\\\/#primaryimage\",\"url\":\"https:\\\/\\\/grupohoymexico.com\\\/puebla\\\/wp-content\\\/uploads\\\/sites\\\/3\\\/2025\\\/05\\\/photo_5023954157190624328_y.jpg\",\"contentUrl\":\"https:\\\/\\\/grupohoymexico.com\\\/puebla\\\/wp-content\\\/uploads\\\/sites\\\/3\\\/2025\\\/05\\\/photo_5023954157190624328_y.jpg\",\"width\":1201,\"height\":639,\"caption\":\"Cae \u201cLa Reina del Oriente\u201d: Fiscal\u00eda de Puebla detiene a presunta l\u00edder narcomenudista\"},{\"@type\":\"BreadcrumbList\",\"@id\":\"https:\\\/\\\/grupohoymexico.com\\\/puebla\\\/2025\\\/05\\\/28\\\/cae-la-reina-del-oriente-fiscalia-de-puebla-detiene-a-presunta-lider-narcomenudista\\\/#breadcrumb\",\"itemListElement\":[{\"@type\":\"ListItem\",\"position\":1,\"name\":\"Inicio\",\"item\":\"https:\\\/\\\/grupohoymexico.com\\\/puebla\\\/\"},{\"@type\":\"ListItem\",\"position\":2,\"name\":\"Cae \u201cLa Reina del Oriente\u201d: Fiscal\u00eda de Puebla detiene a presunta l\u00edder narcomenudista\"}]},{\"@type\":\"WebSite\",\"@id\":\"https:\\\/\\\/grupohoymexico.com\\\/puebla\\\/#website\",\"url\":\"https:\\\/\\\/grupohoymexico.com\\\/puebla\\\/\",\"name\":\"Grupo Hoy Puebla\",\"description\":\"\",\"potentialAction\":[{\"@type\":\"SearchAction\",\"target\":{\"@type\":\"EntryPoint\",\"urlTemplate\":\"https:\\\/\\\/grupohoymexico.com\\\/puebla\\\/?s={search_term_string}\"},\"query-input\":{\"@type\":\"PropertyValueSpecification\",\"valueRequired\":true,\"valueName\":\"search_term_string\"}}],\"inLanguage\":\"es\"},{\"@type\":\"Person\",\"@id\":\"https:\\\/\\\/grupohoymexico.com\\\/puebla\\\/#\\\/schema\\\/person\\\/98e2425fe99fbbdf486895b69dab3c3d\",\"name\":\"jair\",\"image\":{\"@type\":\"ImageObject\",\"inLanguage\":\"es\",\"@id\":\"https:\\\/\\\/secure.gravatar.com\\\/avatar\\\/ec205dfb8733a1ce1601942dddb04fc9294fb780c832e3c1ec58faa8e4e64e9b?s=96&d=mm&r=g\",\"url\":\"https:\\\/\\\/secure.gravatar.com\\\/avatar\\\/ec205dfb8733a1ce1601942dddb04fc9294fb780c832e3c1ec58faa8e4e64e9b?s=96&d=mm&r=g\",\"contentUrl\":\"https:\\\/\\\/secure.gravatar.com\\\/avatar\\\/ec205dfb8733a1ce1601942dddb04fc9294fb780c832e3c1ec58faa8e4e64e9b?s=96&d=mm&r=g\",\"caption\":\"jair\"},\"url\":\"https:\\\/\\\/grupohoymexico.com\\\/puebla\\\/author\\\/jair\\\/\"}]}<\/script>\n<!-- \/ Yoast SEO Premium plugin. -->","yoast_head_json":{"title":"Cae \u201cLa Reina del Oriente\u201d: Fiscal\u00eda de Puebla detiene a presunta l\u00edder narcomenudista - Grupo Hoy Puebla","description":"La Fiscal\u00eda General de Puebla logr\u00f3 la detenci\u00f3n en flagrancia a \u201cLa Reina del Oriente\u201d, se\u00f1alada como la l\u00edder de una organizaci\u00f3n criminal.","robots":{"index":"index","follow":"follow","max-snippet":"max-snippet:-1","max-image-preview":"max-image-preview:large","max-video-preview":"max-video-preview:-1"},"canonical":"https:\/\/grupohoymexico.com\/puebla\/2025\/05\/28\/cae-la-reina-del-oriente-fiscalia-de-puebla-detiene-a-presunta-lider-narcomenudista\/","og_locale":"es_MX","og_type":"article","og_title":"Cae \u201cLa Reina del Oriente\u201d: Fiscal\u00eda de Puebla detiene a presunta l\u00edder narcomenudista","og_description":"La Fiscal\u00eda General de Puebla logr\u00f3 la detenci\u00f3n en flagrancia a \u201cLa Reina del Oriente\u201d, se\u00f1alada como la l\u00edder de una organizaci\u00f3n criminal.","og_url":"https:\/\/grupohoymexico.com\/puebla\/2025\/05\/28\/cae-la-reina-del-oriente-fiscalia-de-puebla-detiene-a-presunta-lider-narcomenudista\/","og_site_name":"Grupo Hoy Puebla","article_published_time":"2025-05-28T18:30:52+00:00","article_modified_time":"2025-05-28T18:30:53+00:00","og_image":[{"width":1201,"height":639,"url":"https:\/\/grupohoymexico.com\/puebla\/wp-content\/uploads\/sites\/3\/2025\/05\/photo_5023954157190624328_y.jpg","type":"image\/jpeg"}],"author":"jair","twitter_card":"summary_large_image","twitter_misc":{"Escrito por":"jair","Tiempo de lectura":"3 minutos"},"schema":{"@context":"https:\/\/schema.org","@graph":[{"@type":"Article","@id":"https:\/\/grupohoymexico.com\/puebla\/2025\/05\/28\/cae-la-reina-del-oriente-fiscalia-de-puebla-detiene-a-presunta-lider-narcomenudista\/#article","isPartOf":{"@id":"https:\/\/grupohoymexico.com\/puebla\/2025\/05\/28\/cae-la-reina-del-oriente-fiscalia-de-puebla-detiene-a-presunta-lider-narcomenudista\/"},"author":{"name":"jair","@id":"https:\/\/grupohoymexico.com\/puebla\/#\/schema\/person\/98e2425fe99fbbdf486895b69dab3c3d"},"headline":"Cae \u201cLa Reina del Oriente\u201d: Fiscal\u00eda de Puebla detiene a presunta l\u00edder narcomenudista","datePublished":"2025-05-28T18:30:52+00:00","dateModified":"2025-05-28T18:30:53+00:00","mainEntityOfPage":{"@id":"https:\/\/grupohoymexico.com\/puebla\/2025\/05\/28\/cae-la-reina-del-oriente-fiscalia-de-puebla-detiene-a-presunta-lider-narcomenudista\/"},"wordCount":412,"commentCount":0,"image":{"@id":"https:\/\/grupohoymexico.com\/puebla\/2025\/05\/28\/cae-la-reina-del-oriente-fiscalia-de-puebla-detiene-a-presunta-lider-narcomenudista\/#primaryimage"},"thumbnailUrl":"https:\/\/grupohoymexico.com\/puebla\/wp-content\/uploads\/sites\/3\/2025\/05\/photo_5023954157190624328_y.jpg","articleSection":["Estatal"],"inLanguage":"es","potentialAction":[{"@type":"CommentAction","name":"Comment","target":["https:\/\/grupohoymexico.com\/puebla\/2025\/05\/28\/cae-la-reina-del-oriente-fiscalia-de-puebla-detiene-a-presunta-lider-narcomenudista\/#respond"]}]},{"@type":"WebPage","@id":"https:\/\/grupohoymexico.com\/puebla\/2025\/05\/28\/cae-la-reina-del-oriente-fiscalia-de-puebla-detiene-a-presunta-lider-narcomenudista\/","url":"https:\/\/grupohoymexico.com\/puebla\/2025\/05\/28\/cae-la-reina-del-oriente-fiscalia-de-puebla-detiene-a-presunta-lider-narcomenudista\/","name":"Cae \u201cLa Reina del Oriente\u201d: Fiscal\u00eda de Puebla detiene a presunta l\u00edder narcomenudista - Grupo Hoy Puebla","isPartOf":{"@id":"https:\/\/grupohoymexico.com\/puebla\/#website"},"primaryImageOfPage":{"@id":"https:\/\/grupohoymexico.com\/puebla\/2025\/05\/28\/cae-la-reina-del-oriente-fiscalia-de-puebla-detiene-a-presunta-lider-narcomenudista\/#primaryimage"},"image":{"@id":"https:\/\/grupohoymexico.com\/puebla\/2025\/05\/28\/cae-la-reina-del-oriente-fiscalia-de-puebla-detiene-a-presunta-lider-narcomenudista\/#primaryimage"},"thumbnailUrl":"https:\/\/grupohoymexico.com\/puebla\/wp-content\/uploads\/sites\/3\/2025\/05\/photo_5023954157190624328_y.jpg","datePublished":"2025-05-28T18:30:52+00:00","dateModified":"2025-05-28T18:30:53+00:00","author":{"@id":"https:\/\/grupohoymexico.com\/puebla\/#\/schema\/person\/98e2425fe99fbbdf486895b69dab3c3d"},"description":"La Fiscal\u00eda General de Puebla logr\u00f3 la detenci\u00f3n en flagrancia a \u201cLa Reina del Oriente\u201d, se\u00f1alada como la l\u00edder de una organizaci\u00f3n criminal.","breadcrumb":{"@id":"https:\/\/grupohoymexico.com\/puebla\/2025\/05\/28\/cae-la-reina-del-oriente-fiscalia-de-puebla-detiene-a-presunta-lider-narcomenudista\/#breadcrumb"},"inLanguage":"es","potentialAction":[{"@type":"ReadAction","target":["https:\/\/grupohoymexico.com\/puebla\/2025\/05\/28\/cae-la-reina-del-oriente-fiscalia-de-puebla-detiene-a-presunta-lider-narcomenudista\/"]}]},{"@type":"ImageObject","inLanguage":"es","@id":"https:\/\/grupohoymexico.com\/puebla\/2025\/05\/28\/cae-la-reina-del-oriente-fiscalia-de-puebla-detiene-a-presunta-lider-narcomenudista\/#primaryimage","url":"https:\/\/grupohoymexico.com\/puebla\/wp-content\/uploads\/sites\/3\/2025\/05\/photo_5023954157190624328_y.jpg","contentUrl":"https:\/\/grupohoymexico.com\/puebla\/wp-content\/uploads\/sites\/3\/2025\/05\/photo_5023954157190624328_y.jpg","width":1201,"height":639,"caption":"Cae \u201cLa Reina del Oriente\u201d: Fiscal\u00eda de Puebla detiene a presunta l\u00edder narcomenudista"},{"@type":"BreadcrumbList","@id":"https:\/\/grupohoymexico.com\/puebla\/2025\/05\/28\/cae-la-reina-del-oriente-fiscalia-de-puebla-detiene-a-presunta-lider-narcomenudista\/#breadcrumb","itemListElement":[{"@type":"ListItem","position":1,"name":"Inicio","item":"https:\/\/grupohoymexico.com\/puebla\/"},{"@type":"ListItem","position":2,"name":"Cae \u201cLa Reina del Oriente\u201d: Fiscal\u00eda de Puebla detiene a presunta l\u00edder narcomenudista"}]},{"@type":"WebSite","@id":"https:\/\/grupohoymexico.com\/puebla\/#website","url":"https:\/\/grupohoymexico.com\/puebla\/","name":"Grupo Hoy Puebla","description":"","potentialAction":[{"@type":"SearchAction","target":{"@type":"EntryPoint","urlTemplate":"https:\/\/grupohoymexico.com\/puebla\/?s={search_term_string}"},"query-input":{"@type":"PropertyValueSpecification","valueRequired":true,"valueName":"search_term_string"}}],"inLanguage":"es"},{"@type":"Person","@id":"https:\/\/grupohoymexico.com\/puebla\/#\/schema\/person\/98e2425fe99fbbdf486895b69dab3c3d","name":"jair","image":{"@type":"ImageObject","inLanguage":"es","@id":"https:\/\/secure.gravatar.com\/avatar\/ec205dfb8733a1ce1601942dddb04fc9294fb780c832e3c1ec58faa8e4e64e9b?s=96&d=mm&r=g","url":"https:\/\/secure.gravatar.com\/avatar\/ec205dfb8733a1ce1601942dddb04fc9294fb780c832e3c1ec58faa8e4e64e9b?s=96&d=mm&r=g","contentUrl":"https:\/\/secure.gravatar.com\/avatar\/ec205dfb8733a1ce1601942dddb04fc9294fb780c832e3c1ec58faa8e4e64e9b?s=96&d=mm&r=g","caption":"jair"},"url":"https:\/\/grupohoymexico.com\/puebla\/author\/jair\/"}]}},"_links":{"self":[{"href":"https:\/\/grupohoymexico.com\/puebla\/wp-json\/wp\/v2\/posts\/75059","targetHints":{"allow":["GET"]}}],"collection":[{"href":"https:\/\/grupohoymexico.com\/puebla\/wp-json\/wp\/v2\/posts"}],"about":[{"href":"https:\/\/grupohoymexico.com\/puebla\/wp-json\/wp\/v2\/types\/post"}],"author":[{"embeddable":true,"href":"https:\/\/grupohoymexico.com\/puebla\/wp-json\/wp\/v2\/users\/5"}],"replies":[{"embeddable":true,"href":"https:\/\/grupohoymexico.com\/puebla\/wp-json\/wp\/v2\/comments?post=75059"}],"version-history":[{"count":2,"href":"https:\/\/grupohoymexico.com\/puebla\/wp-json\/wp\/v2\/posts\/75059\/revisions"}],"predecessor-version":[{"id":75067,"href":"https:\/\/grupohoymexico.com\/puebla\/wp-json\/wp\/v2\/posts\/75059\/revisions\/75067"}],"wp:featuredmedia":[{"embeddable":true,"href":"https:\/\/grupohoymexico.com\/puebla\/wp-json\/wp\/v2\/media\/75065"}],"wp:attachment":[{"href":"https:\/\/grupohoymexico.com\/puebla\/wp-json\/wp\/v2\/media?parent=75059"}],"wp:term":[{"taxonomy":"category","embeddable":true,"href":"https:\/\/grupohoymexico.com\/puebla\/wp-json\/wp\/v2\/categories?post=75059"},{"taxonomy":"post_tag","embeddable":true,"href":"https:\/\/grupohoymexico.com\/puebla\/wp-json\/wp\/v2\/tags?post=75059"}],"curies":[{"name":"wp","href":"https:\/\/api.w.org\/{rel}","templated":true}]}}