{"id":75046,"date":"2025-05-28T04:20:15","date_gmt":"2025-05-28T04:20:15","guid":{"rendered":"https:\/\/grupohoymexico.com\/puebla\/?p=75046"},"modified":"2025-05-28T04:20:15","modified_gmt":"2025-05-28T04:20:15","slug":"estefan-a-finanzas-simple-rumor","status":"publish","type":"post","link":"https:\/\/grupohoymexico.com\/puebla\/2025\/05\/28\/estefan-a-finanzas-simple-rumor\/","title":{"rendered":"Estefan a Finanzas. Simple rumor"},"content":{"rendered":"\n<p>Corre el rumor:<br>Charbel Jorge Estefan Chidiac puede ser el relevo de Josefina Morales Guerrero en la Secretar\u00eda de Planeaci\u00f3n, Finanzas y Administraci\u00f3n del gobierno de Alejandro Armenta.<br>Es, digamos, un perfil adecuado para el \u00e1rea.<br>Estefan y Armenta tienen una carrera paralela, \u201cpoco m\u00e1s o menos\u201d.<br>De hecho, fueron compa\u00f1eros de gabinete en el gobierno de Mario Mar\u00edn.<br>Estefan era Secretario de Desarrollo Social y sale de ah\u00ed para ser candidato a diputado federal.<br>Armenta era Director general del DIF estatal y a la salida de Estefan, ascendi\u00f3 a Secretario de Desarrollo Social y de ah\u00ed el despegue de su exitosa carrera a los m\u00e1s altos niveles, hasta hoy.<br>Charbel Jorge Estefan fue diputado local y federal y en Puebla Secretario de la Contralor\u00eda (Bartlett), de Desarrollo Social (Mar\u00edn), de Finanzas (Pacheco) y de Educaci\u00f3n (Sergio Salom\u00f3n).<br>Armenta fue diputado local y federal, Senador y Secretario de Desarrollo Social (Mar\u00edn).<br>Ambos fueron presidente del PRI y ambos abandonaron al PRI.<br>Por cierto, a ambos Moreno Valle les gan\u00f3 campa\u00f1as de gobernador.<br>En el 2010 venci\u00f3 a la dupla Zavala-Armenta.<br>En el 2013 a Alcal\u00e1-Estefan.<br>Armenta lleg\u00f3 a Senador.<br>Estefan no, porque Alejandro Moreno \u201cAlito\u201d no quiso, despu\u00e9s de que no le tom\u00f3 la llamada, cuando el presidente del PRI quer\u00eda intervenir para poner gobernador en Puebla, tras la muerte de Barbosa.<br>Esa es otra historia.<br>Armenta s\u00ed alcanz\u00f3 el Senado.<br>Lo \u00fanico que \u201dle pega\u201d a Estefan Chidiac, es que como diputado federal del PRI, de alguna manera est\u00e1 vinculado al tema del Fobaproa y eso, no se ve bien en la 4T.<br>\u00bfC\u00f3mo, un neoliberal Zedillista va a ser Secretario de Planeaci\u00f3n, Finanzas y Administraci\u00f3n de un gobierno de MORENA como el de \u201cDoble A\u201d?<br>Estefan Chidiac fue subsecretario de la Contralor\u00eda con Zedillo, digo ahora que la Presidenta Claudia Sheinbaum anda muy de pleito con el expresidente priista.<br>Por lo dem\u00e1s, no hay problema.<br>Charbel Jorge Estefan Chidiac tiene las cartas credenciales.<br>Pero, su posible incorporaci\u00f3n al gabinete de \u201cAA\u201d, t\u00f3melo como un simple rumor.<br>Punto.<br>He dicho.<br>\u2026<\/p>\n\n\n\n<p><strong>Ni Obama<\/strong><br>Si usted sale a votar en la elecci\u00f3n judicial no sirve de nada. Si no sale a votar sirve de mucho. De todas maneras el fraude m\u00e1s grande la historia de M\u00e9xico, no lo detiene ni Obama.<br>\u2026<\/p>\n\n\n\n<p><strong>El Verdugo<\/strong><br>Si L\u00f3pez Zavala fue declarado culpable de violencia familiar, no vaya a ser que el doctor Armando Sigala (que todo vimos como madrea a su ex esposa September V\u00e9lez) fue la v\u00edctima. El Verdugo dice: Que lo manden a una Casa Violenta y no a una Casa Violeta.<br>\u2026<\/p>\n\n\n\n<p>De Buena Fuente, no es la mejor columna pol\u00edtica, pero tiene\u2026 a los mejores lectores.<br>cmaciaspalma@yahoo.com.mx<br><a href=\"https:\/\/x.com\/cmaciaspalma?lang=es\"><strong>@cmaciaspalma<\/strong><\/a><br><a href=\"Carlos Macias Palma\"><strong>FB: Carlos Macias Palma<\/strong><\/a><\/p>\n","protected":false},"excerpt":{"rendered":"Corre el rumor:Charbel Jorge Estefan Chidiac puede ser el relevo de Josefina Morales Guerrero en la Secretar\u00eda de&hellip;","protected":false},"author":34,"featured_media":67095,"comment_status":"open","ping_status":"open","sticky":false,"template":"","format":"standard","meta":{"csco_display_header_overlay":false,"csco_singular_sidebar":"","csco_page_header_type":"","csco_page_load_nextpost":"","csco_post_video_location":[],"csco_post_video_location_hash":"","csco_post_video_url":"","csco_post_video_bg_start_time":0,"csco_post_video_bg_end_time":0,"footnotes":""},"categories":[50,51],"tags":[145],"class_list":{"0":"post-75046","1":"post","2":"type-post","3":"status-publish","4":"format-standard","5":"has-post-thumbnail","7":"category-columnas","8":"category-de-buena-fuente","9":"tag-es-de-muy-buena-fuente","10":"cs-entry","11":"cs-video-wrap"},"yoast_head":"<!-- This site is optimized with the Yoast SEO Premium plugin v24.7 (Yoast SEO v27.4) - https:\/\/yoast.com\/product\/yoast-seo-premium-wordpress\/ -->\n<title>Estefan a Finanzas. Simple rumor - Grupo Hoy Puebla<\/title>\n<meta name=\"description\" content=\"Rumor en Puebla: Charbel Jorge Estefan podr\u00eda relevar a Josefina Morales en Finanzas; trayectoria y relaci\u00f3n con Alejandro Armenta.\" \/>\n<meta name=\"robots\" content=\"index, follow, max-snippet:-1, max-image-preview:large, max-video-preview:-1\" \/>\n<link rel=\"canonical\" href=\"https:\/\/grupohoymexico.com\/puebla\/2025\/05\/28\/estefan-a-finanzas-simple-rumor\/\" \/>\n<meta property=\"og:locale\" content=\"es_MX\" \/>\n<meta property=\"og:type\" content=\"article\" \/>\n<meta property=\"og:title\" content=\"Estefan a Finanzas. Simple rumor\" \/>\n<meta property=\"og:description\" content=\"Rumor en Puebla: Charbel Jorge Estefan podr\u00eda relevar a Josefina Morales en Finanzas; trayectoria y relaci\u00f3n con Alejandro Armenta.\" \/>\n<meta property=\"og:url\" content=\"https:\/\/grupohoymexico.com\/puebla\/2025\/05\/28\/estefan-a-finanzas-simple-rumor\/\" \/>\n<meta property=\"og:site_name\" content=\"Grupo Hoy Puebla\" \/>\n<meta property=\"article:published_time\" content=\"2025-05-28T04:20:15+00:00\" \/>\n<meta property=\"og:image\" content=\"https:\/\/grupohoymexico.com\/puebla\/wp-content\/uploads\/sites\/3\/2024\/04\/CARLOS-01-01-01-jpg.webp\" \/>\n\t<meta property=\"og:image:width\" content=\"1060\" \/>\n\t<meta property=\"og:image:height\" content=\"840\" \/>\n\t<meta property=\"og:image:type\" content=\"image\/webp\" \/>\n<meta name=\"author\" content=\"Redacci\u00f3n Grupo Hoy\" \/>\n<meta name=\"twitter:card\" content=\"summary_large_image\" \/>\n<meta name=\"twitter:label1\" content=\"Escrito por\" \/>\n\t<meta name=\"twitter:data1\" content=\"Redacci\u00f3n Grupo Hoy\" \/>\n\t<meta name=\"twitter:label2\" content=\"Tiempo de lectura\" \/>\n\t<meta name=\"twitter:data2\" content=\"3 minutos\" \/>\n<script type=\"application\/ld+json\" class=\"yoast-schema-graph\">{\"@context\":\"https:\\\/\\\/schema.org\",\"@graph\":[{\"@type\":\"Article\",\"@id\":\"https:\\\/\\\/grupohoymexico.com\\\/puebla\\\/2025\\\/05\\\/28\\\/estefan-a-finanzas-simple-rumor\\\/#article\",\"isPartOf\":{\"@id\":\"https:\\\/\\\/grupohoymexico.com\\\/puebla\\\/2025\\\/05\\\/28\\\/estefan-a-finanzas-simple-rumor\\\/\"},\"author\":{\"name\":\"Redacci\u00f3n Grupo Hoy\",\"@id\":\"https:\\\/\\\/grupohoymexico.com\\\/puebla\\\/#\\\/schema\\\/person\\\/bc870cc34e948548ddb62cf78ef8474b\"},\"headline\":\"Estefan a Finanzas. Simple rumor\",\"datePublished\":\"2025-05-28T04:20:15+00:00\",\"mainEntityOfPage\":{\"@id\":\"https:\\\/\\\/grupohoymexico.com\\\/puebla\\\/2025\\\/05\\\/28\\\/estefan-a-finanzas-simple-rumor\\\/\"},\"wordCount\":487,\"commentCount\":0,\"image\":{\"@id\":\"https:\\\/\\\/grupohoymexico.com\\\/puebla\\\/2025\\\/05\\\/28\\\/estefan-a-finanzas-simple-rumor\\\/#primaryimage\"},\"thumbnailUrl\":\"https:\\\/\\\/grupohoymexico.com\\\/puebla\\\/wp-content\\\/uploads\\\/sites\\\/3\\\/2024\\\/04\\\/CARLOS-01-01-01-jpg.webp\",\"keywords\":[\"Es De muy Buena Fuente\"],\"articleSection\":[\"Columnas\",\"De Buena Fuente\"],\"inLanguage\":\"es\",\"potentialAction\":[{\"@type\":\"CommentAction\",\"name\":\"Comment\",\"target\":[\"https:\\\/\\\/grupohoymexico.com\\\/puebla\\\/2025\\\/05\\\/28\\\/estefan-a-finanzas-simple-rumor\\\/#respond\"]}]},{\"@type\":\"WebPage\",\"@id\":\"https:\\\/\\\/grupohoymexico.com\\\/puebla\\\/2025\\\/05\\\/28\\\/estefan-a-finanzas-simple-rumor\\\/\",\"url\":\"https:\\\/\\\/grupohoymexico.com\\\/puebla\\\/2025\\\/05\\\/28\\\/estefan-a-finanzas-simple-rumor\\\/\",\"name\":\"Estefan a Finanzas. Simple rumor - Grupo Hoy Puebla\",\"isPartOf\":{\"@id\":\"https:\\\/\\\/grupohoymexico.com\\\/puebla\\\/#website\"},\"primaryImageOfPage\":{\"@id\":\"https:\\\/\\\/grupohoymexico.com\\\/puebla\\\/2025\\\/05\\\/28\\\/estefan-a-finanzas-simple-rumor\\\/#primaryimage\"},\"image\":{\"@id\":\"https:\\\/\\\/grupohoymexico.com\\\/puebla\\\/2025\\\/05\\\/28\\\/estefan-a-finanzas-simple-rumor\\\/#primaryimage\"},\"thumbnailUrl\":\"https:\\\/\\\/grupohoymexico.com\\\/puebla\\\/wp-content\\\/uploads\\\/sites\\\/3\\\/2024\\\/04\\\/CARLOS-01-01-01-jpg.webp\",\"datePublished\":\"2025-05-28T04:20:15+00:00\",\"author\":{\"@id\":\"https:\\\/\\\/grupohoymexico.com\\\/puebla\\\/#\\\/schema\\\/person\\\/bc870cc34e948548ddb62cf78ef8474b\"},\"description\":\"Rumor en Puebla: Charbel Jorge Estefan podr\u00eda relevar a Josefina Morales en Finanzas; trayectoria y relaci\u00f3n con Alejandro Armenta.\",\"breadcrumb\":{\"@id\":\"https:\\\/\\\/grupohoymexico.com\\\/puebla\\\/2025\\\/05\\\/28\\\/estefan-a-finanzas-simple-rumor\\\/#breadcrumb\"},\"inLanguage\":\"es\",\"potentialAction\":[{\"@type\":\"ReadAction\",\"target\":[\"https:\\\/\\\/grupohoymexico.com\\\/puebla\\\/2025\\\/05\\\/28\\\/estefan-a-finanzas-simple-rumor\\\/\"]}]},{\"@type\":\"ImageObject\",\"inLanguage\":\"es\",\"@id\":\"https:\\\/\\\/grupohoymexico.com\\\/puebla\\\/2025\\\/05\\\/28\\\/estefan-a-finanzas-simple-rumor\\\/#primaryimage\",\"url\":\"https:\\\/\\\/grupohoymexico.com\\\/puebla\\\/wp-content\\\/uploads\\\/sites\\\/3\\\/2024\\\/04\\\/CARLOS-01-01-01-jpg.webp\",\"contentUrl\":\"https:\\\/\\\/grupohoymexico.com\\\/puebla\\\/wp-content\\\/uploads\\\/sites\\\/3\\\/2024\\\/04\\\/CARLOS-01-01-01-jpg.webp\",\"width\":1060,\"height\":840,\"caption\":\"Es De muy Buena Fuente\"},{\"@type\":\"BreadcrumbList\",\"@id\":\"https:\\\/\\\/grupohoymexico.com\\\/puebla\\\/2025\\\/05\\\/28\\\/estefan-a-finanzas-simple-rumor\\\/#breadcrumb\",\"itemListElement\":[{\"@type\":\"ListItem\",\"position\":1,\"name\":\"Inicio\",\"item\":\"https:\\\/\\\/grupohoymexico.com\\\/puebla\\\/\"},{\"@type\":\"ListItem\",\"position\":2,\"name\":\"Estefan a Finanzas. Simple rumor\"}]},{\"@type\":\"WebSite\",\"@id\":\"https:\\\/\\\/grupohoymexico.com\\\/puebla\\\/#website\",\"url\":\"https:\\\/\\\/grupohoymexico.com\\\/puebla\\\/\",\"name\":\"Grupo Hoy Puebla\",\"description\":\"\",\"potentialAction\":[{\"@type\":\"SearchAction\",\"target\":{\"@type\":\"EntryPoint\",\"urlTemplate\":\"https:\\\/\\\/grupohoymexico.com\\\/puebla\\\/?s={search_term_string}\"},\"query-input\":{\"@type\":\"PropertyValueSpecification\",\"valueRequired\":true,\"valueName\":\"search_term_string\"}}],\"inLanguage\":\"es\"},{\"@type\":\"Person\",\"@id\":\"https:\\\/\\\/grupohoymexico.com\\\/puebla\\\/#\\\/schema\\\/person\\\/bc870cc34e948548ddb62cf78ef8474b\",\"name\":\"Redacci\u00f3n Grupo Hoy\",\"image\":{\"@type\":\"ImageObject\",\"inLanguage\":\"es\",\"@id\":\"https:\\\/\\\/secure.gravatar.com\\\/avatar\\\/e8a44ae8f1b7592837f8c496178e70e065758a27945df208805f8cf6fdd56893?s=96&d=mm&r=g\",\"url\":\"https:\\\/\\\/secure.gravatar.com\\\/avatar\\\/e8a44ae8f1b7592837f8c496178e70e065758a27945df208805f8cf6fdd56893?s=96&d=mm&r=g\",\"contentUrl\":\"https:\\\/\\\/secure.gravatar.com\\\/avatar\\\/e8a44ae8f1b7592837f8c496178e70e065758a27945df208805f8cf6fdd56893?s=96&d=mm&r=g\",\"caption\":\"Redacci\u00f3n Grupo Hoy\"},\"url\":\"https:\\\/\\\/grupohoymexico.com\\\/puebla\\\/author\\\/redaccion\\\/\"}]}<\/script>\n<!-- \/ Yoast SEO Premium plugin. -->","yoast_head_json":{"title":"Estefan a Finanzas. Simple rumor - Grupo Hoy Puebla","description":"Rumor en Puebla: Charbel Jorge Estefan podr\u00eda relevar a Josefina Morales en Finanzas; trayectoria y relaci\u00f3n con Alejandro Armenta.","robots":{"index":"index","follow":"follow","max-snippet":"max-snippet:-1","max-image-preview":"max-image-preview:large","max-video-preview":"max-video-preview:-1"},"canonical":"https:\/\/grupohoymexico.com\/puebla\/2025\/05\/28\/estefan-a-finanzas-simple-rumor\/","og_locale":"es_MX","og_type":"article","og_title":"Estefan a Finanzas. Simple rumor","og_description":"Rumor en Puebla: Charbel Jorge Estefan podr\u00eda relevar a Josefina Morales en Finanzas; trayectoria y relaci\u00f3n con Alejandro Armenta.","og_url":"https:\/\/grupohoymexico.com\/puebla\/2025\/05\/28\/estefan-a-finanzas-simple-rumor\/","og_site_name":"Grupo Hoy Puebla","article_published_time":"2025-05-28T04:20:15+00:00","og_image":[{"width":1060,"height":840,"url":"https:\/\/grupohoymexico.com\/puebla\/wp-content\/uploads\/sites\/3\/2024\/04\/CARLOS-01-01-01-jpg.webp","type":"image\/webp"}],"author":"Redacci\u00f3n Grupo Hoy","twitter_card":"summary_large_image","twitter_misc":{"Escrito por":"Redacci\u00f3n Grupo Hoy","Tiempo de lectura":"3 minutos"},"schema":{"@context":"https:\/\/schema.org","@graph":[{"@type":"Article","@id":"https:\/\/grupohoymexico.com\/puebla\/2025\/05\/28\/estefan-a-finanzas-simple-rumor\/#article","isPartOf":{"@id":"https:\/\/grupohoymexico.com\/puebla\/2025\/05\/28\/estefan-a-finanzas-simple-rumor\/"},"author":{"name":"Redacci\u00f3n Grupo Hoy","@id":"https:\/\/grupohoymexico.com\/puebla\/#\/schema\/person\/bc870cc34e948548ddb62cf78ef8474b"},"headline":"Estefan a Finanzas. Simple rumor","datePublished":"2025-05-28T04:20:15+00:00","mainEntityOfPage":{"@id":"https:\/\/grupohoymexico.com\/puebla\/2025\/05\/28\/estefan-a-finanzas-simple-rumor\/"},"wordCount":487,"commentCount":0,"image":{"@id":"https:\/\/grupohoymexico.com\/puebla\/2025\/05\/28\/estefan-a-finanzas-simple-rumor\/#primaryimage"},"thumbnailUrl":"https:\/\/grupohoymexico.com\/puebla\/wp-content\/uploads\/sites\/3\/2024\/04\/CARLOS-01-01-01-jpg.webp","keywords":["Es De muy Buena Fuente"],"articleSection":["Columnas","De Buena Fuente"],"inLanguage":"es","potentialAction":[{"@type":"CommentAction","name":"Comment","target":["https:\/\/grupohoymexico.com\/puebla\/2025\/05\/28\/estefan-a-finanzas-simple-rumor\/#respond"]}]},{"@type":"WebPage","@id":"https:\/\/grupohoymexico.com\/puebla\/2025\/05\/28\/estefan-a-finanzas-simple-rumor\/","url":"https:\/\/grupohoymexico.com\/puebla\/2025\/05\/28\/estefan-a-finanzas-simple-rumor\/","name":"Estefan a Finanzas. Simple rumor - Grupo Hoy Puebla","isPartOf":{"@id":"https:\/\/grupohoymexico.com\/puebla\/#website"},"primaryImageOfPage":{"@id":"https:\/\/grupohoymexico.com\/puebla\/2025\/05\/28\/estefan-a-finanzas-simple-rumor\/#primaryimage"},"image":{"@id":"https:\/\/grupohoymexico.com\/puebla\/2025\/05\/28\/estefan-a-finanzas-simple-rumor\/#primaryimage"},"thumbnailUrl":"https:\/\/grupohoymexico.com\/puebla\/wp-content\/uploads\/sites\/3\/2024\/04\/CARLOS-01-01-01-jpg.webp","datePublished":"2025-05-28T04:20:15+00:00","author":{"@id":"https:\/\/grupohoymexico.com\/puebla\/#\/schema\/person\/bc870cc34e948548ddb62cf78ef8474b"},"description":"Rumor en Puebla: Charbel Jorge Estefan podr\u00eda relevar a Josefina Morales en Finanzas; trayectoria y relaci\u00f3n con Alejandro Armenta.","breadcrumb":{"@id":"https:\/\/grupohoymexico.com\/puebla\/2025\/05\/28\/estefan-a-finanzas-simple-rumor\/#breadcrumb"},"inLanguage":"es","potentialAction":[{"@type":"ReadAction","target":["https:\/\/grupohoymexico.com\/puebla\/2025\/05\/28\/estefan-a-finanzas-simple-rumor\/"]}]},{"@type":"ImageObject","inLanguage":"es","@id":"https:\/\/grupohoymexico.com\/puebla\/2025\/05\/28\/estefan-a-finanzas-simple-rumor\/#primaryimage","url":"https:\/\/grupohoymexico.com\/puebla\/wp-content\/uploads\/sites\/3\/2024\/04\/CARLOS-01-01-01-jpg.webp","contentUrl":"https:\/\/grupohoymexico.com\/puebla\/wp-content\/uploads\/sites\/3\/2024\/04\/CARLOS-01-01-01-jpg.webp","width":1060,"height":840,"caption":"Es De muy Buena Fuente"},{"@type":"BreadcrumbList","@id":"https:\/\/grupohoymexico.com\/puebla\/2025\/05\/28\/estefan-a-finanzas-simple-rumor\/#breadcrumb","itemListElement":[{"@type":"ListItem","position":1,"name":"Inicio","item":"https:\/\/grupohoymexico.com\/puebla\/"},{"@type":"ListItem","position":2,"name":"Estefan a Finanzas. Simple rumor"}]},{"@type":"WebSite","@id":"https:\/\/grupohoymexico.com\/puebla\/#website","url":"https:\/\/grupohoymexico.com\/puebla\/","name":"Grupo Hoy Puebla","description":"","potentialAction":[{"@type":"SearchAction","target":{"@type":"EntryPoint","urlTemplate":"https:\/\/grupohoymexico.com\/puebla\/?s={search_term_string}"},"query-input":{"@type":"PropertyValueSpecification","valueRequired":true,"valueName":"search_term_string"}}],"inLanguage":"es"},{"@type":"Person","@id":"https:\/\/grupohoymexico.com\/puebla\/#\/schema\/person\/bc870cc34e948548ddb62cf78ef8474b","name":"Redacci\u00f3n Grupo Hoy","image":{"@type":"ImageObject","inLanguage":"es","@id":"https:\/\/secure.gravatar.com\/avatar\/e8a44ae8f1b7592837f8c496178e70e065758a27945df208805f8cf6fdd56893?s=96&d=mm&r=g","url":"https:\/\/secure.gravatar.com\/avatar\/e8a44ae8f1b7592837f8c496178e70e065758a27945df208805f8cf6fdd56893?s=96&d=mm&r=g","contentUrl":"https:\/\/secure.gravatar.com\/avatar\/e8a44ae8f1b7592837f8c496178e70e065758a27945df208805f8cf6fdd56893?s=96&d=mm&r=g","caption":"Redacci\u00f3n Grupo Hoy"},"url":"https:\/\/grupohoymexico.com\/puebla\/author\/redaccion\/"}]}},"_links":{"self":[{"href":"https:\/\/grupohoymexico.com\/puebla\/wp-json\/wp\/v2\/posts\/75046","targetHints":{"allow":["GET"]}}],"collection":[{"href":"https:\/\/grupohoymexico.com\/puebla\/wp-json\/wp\/v2\/posts"}],"about":[{"href":"https:\/\/grupohoymexico.com\/puebla\/wp-json\/wp\/v2\/types\/post"}],"author":[{"embeddable":true,"href":"https:\/\/grupohoymexico.com\/puebla\/wp-json\/wp\/v2\/users\/34"}],"replies":[{"embeddable":true,"href":"https:\/\/grupohoymexico.com\/puebla\/wp-json\/wp\/v2\/comments?post=75046"}],"version-history":[{"count":1,"href":"https:\/\/grupohoymexico.com\/puebla\/wp-json\/wp\/v2\/posts\/75046\/revisions"}],"predecessor-version":[{"id":75047,"href":"https:\/\/grupohoymexico.com\/puebla\/wp-json\/wp\/v2\/posts\/75046\/revisions\/75047"}],"wp:featuredmedia":[{"embeddable":true,"href":"https:\/\/grupohoymexico.com\/puebla\/wp-json\/wp\/v2\/media\/67095"}],"wp:attachment":[{"href":"https:\/\/grupohoymexico.com\/puebla\/wp-json\/wp\/v2\/media?parent=75046"}],"wp:term":[{"taxonomy":"category","embeddable":true,"href":"https:\/\/grupohoymexico.com\/puebla\/wp-json\/wp\/v2\/categories?post=75046"},{"taxonomy":"post_tag","embeddable":true,"href":"https:\/\/grupohoymexico.com\/puebla\/wp-json\/wp\/v2\/tags?post=75046"}],"curies":[{"name":"wp","href":"https:\/\/api.w.org\/{rel}","templated":true}]}}