{"id":75038,"date":"2025-05-27T19:23:30","date_gmt":"2025-05-27T19:23:30","guid":{"rendered":"https:\/\/grupohoymexico.com\/puebla\/?p=75038"},"modified":"2025-05-27T19:23:30","modified_gmt":"2025-05-27T19:23:30","slug":"oficial-puebla-aplicara-ley-seca-por-elecciones-del-1-de-junio","status":"publish","type":"post","link":"https:\/\/grupohoymexico.com\/puebla\/2025\/05\/27\/oficial-puebla-aplicara-ley-seca-por-elecciones-del-1-de-junio\/","title":{"rendered":"\u00a1Oficial! Puebla aplicar\u00e1 Ley Seca por elecciones del 1 de junio"},"content":{"rendered":"\n<p><strong>Samuel Aguilar Pala<\/strong>, secretario de <strong>Gobernaci\u00f3n del estado de Puebla<\/strong>, confirm\u00f3 la aplicaci\u00f3n de <strong>Ley Seca durante el fin de semana electoral<\/strong> como parte de las disposiciones federales que buscan asegurar una jornada democr\u00e1tica con civilidad y legalidad. La restricci\u00f3n se har\u00e1 vigente desde las <strong>00:00 horas del s\u00e1bado 31 de mayo hasta las 00:00 horas del domingo 1 de junio<\/strong>, abarcando las horas cr\u00edticas previas al ejercicio del voto.<\/p>\n\n\n\n<h2 class=\"wp-block-heading\" id=\"h-una-decision-de-alcance-nacional\"><strong>Una decisi\u00f3n de alcance nacional<\/strong><\/h2>\n\n\n\n<p>Aunque el anuncio fue realizado en Puebla, <strong>la medida tendr\u00e1 car\u00e1cter federal<\/strong>, por lo que ser\u00e1 replicada en todos los estados y municipios del pa\u00eds sin excepciones. Aguilar Pala precis\u00f3 que ser\u00e1 la <strong>Consejer\u00eda Jur\u00eddica Estatal<\/strong> la encargada de emitir en las pr\u00f3ximas horas el acuerdo formal que estipula la suspensi\u00f3n de venta de bebidas alcoh\u00f3licas durante este periodo.<\/p>\n\n\n\n<p>La decisi\u00f3n obedece a <strong>lineamientos establecidos por la autoridad electoral nacional<\/strong>, pr\u00e1ctica com\u00fan en comicios previos, pero con un matiz especial este a\u00f1o debido a la magnitud del proceso.<\/p>\n\n\n\n<h2 class=\"wp-block-heading\" id=\"h-elecciones-ineditas-el-voto-llega-al-poder-judicial\"><strong>Elecciones in\u00e9ditas: El voto llega al Poder Judicial<\/strong><\/h2>\n\n\n\n<p>El motivo detr\u00e1s de la aplicaci\u00f3n estricta de la Ley Seca este a\u00f1o tiene una <strong>trascendencia in\u00e9dita en la historia democr\u00e1tica de M\u00e9xico<\/strong>: <strong>por primera vez, la ciudadan\u00eda votar\u00e1 de forma directa para elegir a miembros del Poder Judicial de la Federaci\u00f3n<\/strong>.<\/p>\n\n\n\n<p>Este 1 de junio estar\u00e1n en juego <strong>881 cargos judiciales<\/strong>, entre ellos, <strong>9 ministros de la Suprema Corte de Justicia de la Naci\u00f3n (SCJN)<\/strong>, adem\u00e1s de magistrados, jueces federales y nuevos integrantes del <strong>Tribunal Electoral del Poder Judicial de la Federaci\u00f3n (TEPJF)<\/strong>.<\/p>\n\n\n\n<p>La posibilidad de que el electorado influya directamente en la composici\u00f3n de los \u00f3rganos de justicia representa un <strong>parteaguas democr\u00e1tico<\/strong>, que requiere de condiciones de serenidad, orden y total enfoque por parte de la ciudadan\u00eda.<\/p>\n\n\n\n<h2 class=\"wp-block-heading\" id=\"h-un-llamado-al-respeto-y-la-legalidad\"><strong>Un llamado al respeto y la legalidad<\/strong><\/h2>\n\n\n\n<p>Las autoridades estatales exhortaron a la poblaci\u00f3n a <strong>respetar la Ley Seca y evitar sanciones<\/strong>, recordando que el cumplimiento de esta medida es parte de un compromiso mayor con la transparencia y el fortalecimiento del <strong>Estado de derecho<\/strong>.<\/p>\n\n\n\n<p><strong><em>\u201cLa intenci\u00f3n es clara: permitir que las y los ciudadanos ejerzan su derecho al voto de manera informada, tranquila y responsable\u201d<\/em><\/strong>, declar\u00f3 Aguilar Pala, quien a\u00f1adi\u00f3 que el Gobierno estatal trabajar\u00e1 en conjunto con las autoridades federales para garantizar la <strong>seguridad y legalidad del proceso electoral<\/strong>.<\/p>\n\n\n\n<h2 class=\"wp-block-heading\" id=\"h-un-fin-de-semana-sin-alcohol-pero-con-alto-contenido-democratico\"><strong>Un fin de semana sin alcohol, pero con alto contenido democr\u00e1tico<\/strong><\/h2>\n\n\n\n<p>Aunque la restricci\u00f3n en la venta de bebidas alcoh\u00f3licas podr\u00eda incomodar a algunos sectores, su objetivo va m\u00e1s all\u00e1 del control social: <strong>es una medida preventiva pensada para proteger uno de los ejercicios m\u00e1s importantes de la democracia moderna<\/strong>.<\/p>\n\n\n\n<p>Con una participaci\u00f3n ciudadana esperada en niveles altos y una renovaci\u00f3n sin precedentes del aparato judicial, este 1 de junio podr\u00eda marcar <strong>el inicio de una nueva era en la justicia mexicana<\/strong>. Y todo comienza con una decisi\u00f3n sobria.<\/p>\n","protected":false},"excerpt":{"rendered":"Samuel Aguilar Pala, secretario de Gobernaci\u00f3n del estado de Puebla, confirm\u00f3 la aplicaci\u00f3n de Ley Seca durante el&hellip;","protected":false},"author":5,"featured_media":75041,"comment_status":"open","ping_status":"open","sticky":false,"template":"","format":"standard","meta":{"csco_display_header_overlay":false,"csco_singular_sidebar":"","csco_page_header_type":"","csco_page_load_nextpost":"","csco_post_video_location":[],"csco_post_video_location_hash":"","csco_post_video_url":"","csco_post_video_bg_start_time":0,"csco_post_video_bg_end_time":0,"footnotes":""},"categories":[29],"tags":[],"class_list":{"0":"post-75038","1":"post","2":"type-post","3":"status-publish","4":"format-standard","5":"has-post-thumbnail","7":"category-estatal","8":"cs-entry","9":"cs-video-wrap"},"yoast_head":"<!-- This site is optimized with the Yoast SEO Premium plugin v24.7 (Yoast SEO v27.4) - https:\/\/yoast.com\/product\/yoast-seo-premium-wordpress\/ -->\n<title>\u00a1Oficial! Puebla aplicar\u00e1 Ley Seca por elecciones del 1 de junio - Grupo Hoy Puebla<\/title>\n<meta name=\"description\" content=\"Samuel Aguilar Pala, secretario de Gobernaci\u00f3n del estado de Puebla, confirm\u00f3 la aplicaci\u00f3n de Ley Seca durante el fin de semana electoral.\" \/>\n<meta name=\"robots\" content=\"index, follow, max-snippet:-1, max-image-preview:large, max-video-preview:-1\" \/>\n<link rel=\"canonical\" href=\"https:\/\/grupohoymexico.com\/puebla\/2025\/05\/27\/oficial-puebla-aplicara-ley-seca-por-elecciones-del-1-de-junio\/\" \/>\n<meta property=\"og:locale\" content=\"es_MX\" \/>\n<meta property=\"og:type\" content=\"article\" \/>\n<meta property=\"og:title\" content=\"\u00a1Oficial! Puebla aplicar\u00e1 Ley Seca por elecciones del 1 de junio\" \/>\n<meta property=\"og:description\" content=\"Samuel Aguilar Pala, secretario de Gobernaci\u00f3n del estado de Puebla, confirm\u00f3 la aplicaci\u00f3n de Ley Seca durante el fin de semana electoral.\" \/>\n<meta property=\"og:url\" content=\"https:\/\/grupohoymexico.com\/puebla\/2025\/05\/27\/oficial-puebla-aplicara-ley-seca-por-elecciones-del-1-de-junio\/\" \/>\n<meta property=\"og:site_name\" content=\"Grupo Hoy Puebla\" \/>\n<meta property=\"article:published_time\" content=\"2025-05-27T19:23:30+00:00\" \/>\n<meta property=\"og:image\" content=\"https:\/\/grupohoymexico.com\/puebla\/wp-content\/uploads\/sites\/3\/2025\/05\/photo_5021939976442589244_y.jpg\" \/>\n\t<meta property=\"og:image:width\" content=\"1201\" \/>\n\t<meta property=\"og:image:height\" content=\"639\" \/>\n\t<meta property=\"og:image:type\" content=\"image\/jpeg\" \/>\n<meta name=\"author\" content=\"jair\" \/>\n<meta name=\"twitter:card\" content=\"summary_large_image\" \/>\n<meta name=\"twitter:label1\" content=\"Escrito por\" \/>\n\t<meta name=\"twitter:data1\" content=\"jair\" \/>\n\t<meta name=\"twitter:label2\" content=\"Tiempo de lectura\" \/>\n\t<meta name=\"twitter:data2\" content=\"3 minutos\" \/>\n<script type=\"application\/ld+json\" class=\"yoast-schema-graph\">{\"@context\":\"https:\\\/\\\/schema.org\",\"@graph\":[{\"@type\":\"Article\",\"@id\":\"https:\\\/\\\/grupohoymexico.com\\\/puebla\\\/2025\\\/05\\\/27\\\/oficial-puebla-aplicara-ley-seca-por-elecciones-del-1-de-junio\\\/#article\",\"isPartOf\":{\"@id\":\"https:\\\/\\\/grupohoymexico.com\\\/puebla\\\/2025\\\/05\\\/27\\\/oficial-puebla-aplicara-ley-seca-por-elecciones-del-1-de-junio\\\/\"},\"author\":{\"name\":\"jair\",\"@id\":\"https:\\\/\\\/grupohoymexico.com\\\/puebla\\\/#\\\/schema\\\/person\\\/98e2425fe99fbbdf486895b69dab3c3d\"},\"headline\":\"\u00a1Oficial! Puebla aplicar\u00e1 Ley Seca por elecciones del 1 de junio\",\"datePublished\":\"2025-05-27T19:23:30+00:00\",\"mainEntityOfPage\":{\"@id\":\"https:\\\/\\\/grupohoymexico.com\\\/puebla\\\/2025\\\/05\\\/27\\\/oficial-puebla-aplicara-ley-seca-por-elecciones-del-1-de-junio\\\/\"},\"wordCount\":519,\"commentCount\":0,\"image\":{\"@id\":\"https:\\\/\\\/grupohoymexico.com\\\/puebla\\\/2025\\\/05\\\/27\\\/oficial-puebla-aplicara-ley-seca-por-elecciones-del-1-de-junio\\\/#primaryimage\"},\"thumbnailUrl\":\"https:\\\/\\\/grupohoymexico.com\\\/puebla\\\/wp-content\\\/uploads\\\/sites\\\/3\\\/2025\\\/05\\\/photo_5021939976442589244_y.jpg\",\"articleSection\":[\"Estatal\"],\"inLanguage\":\"es\",\"potentialAction\":[{\"@type\":\"CommentAction\",\"name\":\"Comment\",\"target\":[\"https:\\\/\\\/grupohoymexico.com\\\/puebla\\\/2025\\\/05\\\/27\\\/oficial-puebla-aplicara-ley-seca-por-elecciones-del-1-de-junio\\\/#respond\"]}]},{\"@type\":\"WebPage\",\"@id\":\"https:\\\/\\\/grupohoymexico.com\\\/puebla\\\/2025\\\/05\\\/27\\\/oficial-puebla-aplicara-ley-seca-por-elecciones-del-1-de-junio\\\/\",\"url\":\"https:\\\/\\\/grupohoymexico.com\\\/puebla\\\/2025\\\/05\\\/27\\\/oficial-puebla-aplicara-ley-seca-por-elecciones-del-1-de-junio\\\/\",\"name\":\"\u00a1Oficial! Puebla aplicar\u00e1 Ley Seca por elecciones del 1 de junio - Grupo Hoy Puebla\",\"isPartOf\":{\"@id\":\"https:\\\/\\\/grupohoymexico.com\\\/puebla\\\/#website\"},\"primaryImageOfPage\":{\"@id\":\"https:\\\/\\\/grupohoymexico.com\\\/puebla\\\/2025\\\/05\\\/27\\\/oficial-puebla-aplicara-ley-seca-por-elecciones-del-1-de-junio\\\/#primaryimage\"},\"image\":{\"@id\":\"https:\\\/\\\/grupohoymexico.com\\\/puebla\\\/2025\\\/05\\\/27\\\/oficial-puebla-aplicara-ley-seca-por-elecciones-del-1-de-junio\\\/#primaryimage\"},\"thumbnailUrl\":\"https:\\\/\\\/grupohoymexico.com\\\/puebla\\\/wp-content\\\/uploads\\\/sites\\\/3\\\/2025\\\/05\\\/photo_5021939976442589244_y.jpg\",\"datePublished\":\"2025-05-27T19:23:30+00:00\",\"author\":{\"@id\":\"https:\\\/\\\/grupohoymexico.com\\\/puebla\\\/#\\\/schema\\\/person\\\/98e2425fe99fbbdf486895b69dab3c3d\"},\"description\":\"Samuel Aguilar Pala, secretario de Gobernaci\u00f3n del estado de Puebla, confirm\u00f3 la aplicaci\u00f3n de Ley Seca durante el fin de semana electoral.\",\"breadcrumb\":{\"@id\":\"https:\\\/\\\/grupohoymexico.com\\\/puebla\\\/2025\\\/05\\\/27\\\/oficial-puebla-aplicara-ley-seca-por-elecciones-del-1-de-junio\\\/#breadcrumb\"},\"inLanguage\":\"es\",\"potentialAction\":[{\"@type\":\"ReadAction\",\"target\":[\"https:\\\/\\\/grupohoymexico.com\\\/puebla\\\/2025\\\/05\\\/27\\\/oficial-puebla-aplicara-ley-seca-por-elecciones-del-1-de-junio\\\/\"]}]},{\"@type\":\"ImageObject\",\"inLanguage\":\"es\",\"@id\":\"https:\\\/\\\/grupohoymexico.com\\\/puebla\\\/2025\\\/05\\\/27\\\/oficial-puebla-aplicara-ley-seca-por-elecciones-del-1-de-junio\\\/#primaryimage\",\"url\":\"https:\\\/\\\/grupohoymexico.com\\\/puebla\\\/wp-content\\\/uploads\\\/sites\\\/3\\\/2025\\\/05\\\/photo_5021939976442589244_y.jpg\",\"contentUrl\":\"https:\\\/\\\/grupohoymexico.com\\\/puebla\\\/wp-content\\\/uploads\\\/sites\\\/3\\\/2025\\\/05\\\/photo_5021939976442589244_y.jpg\",\"width\":1201,\"height\":639,\"caption\":\"\u00a1Oficial! Puebla aplicar\u00e1 Ley Seca por elecciones del 1 de junio\"},{\"@type\":\"BreadcrumbList\",\"@id\":\"https:\\\/\\\/grupohoymexico.com\\\/puebla\\\/2025\\\/05\\\/27\\\/oficial-puebla-aplicara-ley-seca-por-elecciones-del-1-de-junio\\\/#breadcrumb\",\"itemListElement\":[{\"@type\":\"ListItem\",\"position\":1,\"name\":\"Inicio\",\"item\":\"https:\\\/\\\/grupohoymexico.com\\\/puebla\\\/\"},{\"@type\":\"ListItem\",\"position\":2,\"name\":\"\u00a1Oficial! Puebla aplicar\u00e1 Ley Seca por elecciones del 1 de junio\"}]},{\"@type\":\"WebSite\",\"@id\":\"https:\\\/\\\/grupohoymexico.com\\\/puebla\\\/#website\",\"url\":\"https:\\\/\\\/grupohoymexico.com\\\/puebla\\\/\",\"name\":\"Grupo Hoy Puebla\",\"description\":\"\",\"potentialAction\":[{\"@type\":\"SearchAction\",\"target\":{\"@type\":\"EntryPoint\",\"urlTemplate\":\"https:\\\/\\\/grupohoymexico.com\\\/puebla\\\/?s={search_term_string}\"},\"query-input\":{\"@type\":\"PropertyValueSpecification\",\"valueRequired\":true,\"valueName\":\"search_term_string\"}}],\"inLanguage\":\"es\"},{\"@type\":\"Person\",\"@id\":\"https:\\\/\\\/grupohoymexico.com\\\/puebla\\\/#\\\/schema\\\/person\\\/98e2425fe99fbbdf486895b69dab3c3d\",\"name\":\"jair\",\"image\":{\"@type\":\"ImageObject\",\"inLanguage\":\"es\",\"@id\":\"https:\\\/\\\/secure.gravatar.com\\\/avatar\\\/ec205dfb8733a1ce1601942dddb04fc9294fb780c832e3c1ec58faa8e4e64e9b?s=96&d=mm&r=g\",\"url\":\"https:\\\/\\\/secure.gravatar.com\\\/avatar\\\/ec205dfb8733a1ce1601942dddb04fc9294fb780c832e3c1ec58faa8e4e64e9b?s=96&d=mm&r=g\",\"contentUrl\":\"https:\\\/\\\/secure.gravatar.com\\\/avatar\\\/ec205dfb8733a1ce1601942dddb04fc9294fb780c832e3c1ec58faa8e4e64e9b?s=96&d=mm&r=g\",\"caption\":\"jair\"},\"url\":\"https:\\\/\\\/grupohoymexico.com\\\/puebla\\\/author\\\/jair\\\/\"}]}<\/script>\n<!-- \/ Yoast SEO Premium plugin. -->","yoast_head_json":{"title":"\u00a1Oficial! Puebla aplicar\u00e1 Ley Seca por elecciones del 1 de junio - Grupo Hoy Puebla","description":"Samuel Aguilar Pala, secretario de Gobernaci\u00f3n del estado de Puebla, confirm\u00f3 la aplicaci\u00f3n de Ley Seca durante el fin de semana electoral.","robots":{"index":"index","follow":"follow","max-snippet":"max-snippet:-1","max-image-preview":"max-image-preview:large","max-video-preview":"max-video-preview:-1"},"canonical":"https:\/\/grupohoymexico.com\/puebla\/2025\/05\/27\/oficial-puebla-aplicara-ley-seca-por-elecciones-del-1-de-junio\/","og_locale":"es_MX","og_type":"article","og_title":"\u00a1Oficial! Puebla aplicar\u00e1 Ley Seca por elecciones del 1 de junio","og_description":"Samuel Aguilar Pala, secretario de Gobernaci\u00f3n del estado de Puebla, confirm\u00f3 la aplicaci\u00f3n de Ley Seca durante el fin de semana electoral.","og_url":"https:\/\/grupohoymexico.com\/puebla\/2025\/05\/27\/oficial-puebla-aplicara-ley-seca-por-elecciones-del-1-de-junio\/","og_site_name":"Grupo Hoy Puebla","article_published_time":"2025-05-27T19:23:30+00:00","og_image":[{"width":1201,"height":639,"url":"https:\/\/grupohoymexico.com\/puebla\/wp-content\/uploads\/sites\/3\/2025\/05\/photo_5021939976442589244_y.jpg","type":"image\/jpeg"}],"author":"jair","twitter_card":"summary_large_image","twitter_misc":{"Escrito por":"jair","Tiempo de lectura":"3 minutos"},"schema":{"@context":"https:\/\/schema.org","@graph":[{"@type":"Article","@id":"https:\/\/grupohoymexico.com\/puebla\/2025\/05\/27\/oficial-puebla-aplicara-ley-seca-por-elecciones-del-1-de-junio\/#article","isPartOf":{"@id":"https:\/\/grupohoymexico.com\/puebla\/2025\/05\/27\/oficial-puebla-aplicara-ley-seca-por-elecciones-del-1-de-junio\/"},"author":{"name":"jair","@id":"https:\/\/grupohoymexico.com\/puebla\/#\/schema\/person\/98e2425fe99fbbdf486895b69dab3c3d"},"headline":"\u00a1Oficial! Puebla aplicar\u00e1 Ley Seca por elecciones del 1 de junio","datePublished":"2025-05-27T19:23:30+00:00","mainEntityOfPage":{"@id":"https:\/\/grupohoymexico.com\/puebla\/2025\/05\/27\/oficial-puebla-aplicara-ley-seca-por-elecciones-del-1-de-junio\/"},"wordCount":519,"commentCount":0,"image":{"@id":"https:\/\/grupohoymexico.com\/puebla\/2025\/05\/27\/oficial-puebla-aplicara-ley-seca-por-elecciones-del-1-de-junio\/#primaryimage"},"thumbnailUrl":"https:\/\/grupohoymexico.com\/puebla\/wp-content\/uploads\/sites\/3\/2025\/05\/photo_5021939976442589244_y.jpg","articleSection":["Estatal"],"inLanguage":"es","potentialAction":[{"@type":"CommentAction","name":"Comment","target":["https:\/\/grupohoymexico.com\/puebla\/2025\/05\/27\/oficial-puebla-aplicara-ley-seca-por-elecciones-del-1-de-junio\/#respond"]}]},{"@type":"WebPage","@id":"https:\/\/grupohoymexico.com\/puebla\/2025\/05\/27\/oficial-puebla-aplicara-ley-seca-por-elecciones-del-1-de-junio\/","url":"https:\/\/grupohoymexico.com\/puebla\/2025\/05\/27\/oficial-puebla-aplicara-ley-seca-por-elecciones-del-1-de-junio\/","name":"\u00a1Oficial! Puebla aplicar\u00e1 Ley Seca por elecciones del 1 de junio - Grupo Hoy Puebla","isPartOf":{"@id":"https:\/\/grupohoymexico.com\/puebla\/#website"},"primaryImageOfPage":{"@id":"https:\/\/grupohoymexico.com\/puebla\/2025\/05\/27\/oficial-puebla-aplicara-ley-seca-por-elecciones-del-1-de-junio\/#primaryimage"},"image":{"@id":"https:\/\/grupohoymexico.com\/puebla\/2025\/05\/27\/oficial-puebla-aplicara-ley-seca-por-elecciones-del-1-de-junio\/#primaryimage"},"thumbnailUrl":"https:\/\/grupohoymexico.com\/puebla\/wp-content\/uploads\/sites\/3\/2025\/05\/photo_5021939976442589244_y.jpg","datePublished":"2025-05-27T19:23:30+00:00","author":{"@id":"https:\/\/grupohoymexico.com\/puebla\/#\/schema\/person\/98e2425fe99fbbdf486895b69dab3c3d"},"description":"Samuel Aguilar Pala, secretario de Gobernaci\u00f3n del estado de Puebla, confirm\u00f3 la aplicaci\u00f3n de Ley Seca durante el fin de semana electoral.","breadcrumb":{"@id":"https:\/\/grupohoymexico.com\/puebla\/2025\/05\/27\/oficial-puebla-aplicara-ley-seca-por-elecciones-del-1-de-junio\/#breadcrumb"},"inLanguage":"es","potentialAction":[{"@type":"ReadAction","target":["https:\/\/grupohoymexico.com\/puebla\/2025\/05\/27\/oficial-puebla-aplicara-ley-seca-por-elecciones-del-1-de-junio\/"]}]},{"@type":"ImageObject","inLanguage":"es","@id":"https:\/\/grupohoymexico.com\/puebla\/2025\/05\/27\/oficial-puebla-aplicara-ley-seca-por-elecciones-del-1-de-junio\/#primaryimage","url":"https:\/\/grupohoymexico.com\/puebla\/wp-content\/uploads\/sites\/3\/2025\/05\/photo_5021939976442589244_y.jpg","contentUrl":"https:\/\/grupohoymexico.com\/puebla\/wp-content\/uploads\/sites\/3\/2025\/05\/photo_5021939976442589244_y.jpg","width":1201,"height":639,"caption":"\u00a1Oficial! Puebla aplicar\u00e1 Ley Seca por elecciones del 1 de junio"},{"@type":"BreadcrumbList","@id":"https:\/\/grupohoymexico.com\/puebla\/2025\/05\/27\/oficial-puebla-aplicara-ley-seca-por-elecciones-del-1-de-junio\/#breadcrumb","itemListElement":[{"@type":"ListItem","position":1,"name":"Inicio","item":"https:\/\/grupohoymexico.com\/puebla\/"},{"@type":"ListItem","position":2,"name":"\u00a1Oficial! Puebla aplicar\u00e1 Ley Seca por elecciones del 1 de junio"}]},{"@type":"WebSite","@id":"https:\/\/grupohoymexico.com\/puebla\/#website","url":"https:\/\/grupohoymexico.com\/puebla\/","name":"Grupo Hoy Puebla","description":"","potentialAction":[{"@type":"SearchAction","target":{"@type":"EntryPoint","urlTemplate":"https:\/\/grupohoymexico.com\/puebla\/?s={search_term_string}"},"query-input":{"@type":"PropertyValueSpecification","valueRequired":true,"valueName":"search_term_string"}}],"inLanguage":"es"},{"@type":"Person","@id":"https:\/\/grupohoymexico.com\/puebla\/#\/schema\/person\/98e2425fe99fbbdf486895b69dab3c3d","name":"jair","image":{"@type":"ImageObject","inLanguage":"es","@id":"https:\/\/secure.gravatar.com\/avatar\/ec205dfb8733a1ce1601942dddb04fc9294fb780c832e3c1ec58faa8e4e64e9b?s=96&d=mm&r=g","url":"https:\/\/secure.gravatar.com\/avatar\/ec205dfb8733a1ce1601942dddb04fc9294fb780c832e3c1ec58faa8e4e64e9b?s=96&d=mm&r=g","contentUrl":"https:\/\/secure.gravatar.com\/avatar\/ec205dfb8733a1ce1601942dddb04fc9294fb780c832e3c1ec58faa8e4e64e9b?s=96&d=mm&r=g","caption":"jair"},"url":"https:\/\/grupohoymexico.com\/puebla\/author\/jair\/"}]}},"_links":{"self":[{"href":"https:\/\/grupohoymexico.com\/puebla\/wp-json\/wp\/v2\/posts\/75038","targetHints":{"allow":["GET"]}}],"collection":[{"href":"https:\/\/grupohoymexico.com\/puebla\/wp-json\/wp\/v2\/posts"}],"about":[{"href":"https:\/\/grupohoymexico.com\/puebla\/wp-json\/wp\/v2\/types\/post"}],"author":[{"embeddable":true,"href":"https:\/\/grupohoymexico.com\/puebla\/wp-json\/wp\/v2\/users\/5"}],"replies":[{"embeddable":true,"href":"https:\/\/grupohoymexico.com\/puebla\/wp-json\/wp\/v2\/comments?post=75038"}],"version-history":[{"count":3,"href":"https:\/\/grupohoymexico.com\/puebla\/wp-json\/wp\/v2\/posts\/75038\/revisions"}],"predecessor-version":[{"id":75042,"href":"https:\/\/grupohoymexico.com\/puebla\/wp-json\/wp\/v2\/posts\/75038\/revisions\/75042"}],"wp:featuredmedia":[{"embeddable":true,"href":"https:\/\/grupohoymexico.com\/puebla\/wp-json\/wp\/v2\/media\/75041"}],"wp:attachment":[{"href":"https:\/\/grupohoymexico.com\/puebla\/wp-json\/wp\/v2\/media?parent=75038"}],"wp:term":[{"taxonomy":"category","embeddable":true,"href":"https:\/\/grupohoymexico.com\/puebla\/wp-json\/wp\/v2\/categories?post=75038"},{"taxonomy":"post_tag","embeddable":true,"href":"https:\/\/grupohoymexico.com\/puebla\/wp-json\/wp\/v2\/tags?post=75038"}],"curies":[{"name":"wp","href":"https:\/\/api.w.org\/{rel}","templated":true}]}}