{"id":75033,"date":"2025-05-27T16:47:34","date_gmt":"2025-05-27T16:47:34","guid":{"rendered":"https:\/\/grupohoymexico.com\/puebla\/?p=75033"},"modified":"2025-05-27T16:47:35","modified_gmt":"2025-05-27T16:47:35","slug":"september-velez-denuncia-a-medico-poblano-por-intento-de-feminicidio-y-violencia-vicaria","status":"publish","type":"post","link":"https:\/\/grupohoymexico.com\/puebla\/2025\/05\/27\/september-velez-denuncia-a-medico-poblano-por-intento-de-feminicidio-y-violencia-vicaria\/","title":{"rendered":"September V\u00e9lez denuncia a m\u00e9dico poblano por intento de feminicidio y violencia vicaria"},"content":{"rendered":"\n<p>La <strong>nutri\u00f3loga September V\u00e9lez <\/strong>denunci\u00f3 p\u00fablicamente a su expareja, el <strong>gastroenter\u00f3logo poblano Armando S.<\/strong>, por un <strong>intento de feminicidio y otras formas de violencia, incluyendo la vicaria<\/strong>. A trav\u00e9s de un video difundido en redes sociales, revel\u00f3 que <strong>el m\u00e9dico mantiene a sus hijos bajo una custodia irregular, sin autorizaci\u00f3n legal.<\/strong><\/p>\n\n\n\n<p>Aunque ya acudi\u00f3 ante la <strong><a href=\"https:\/\/fiscalia.puebla.gob.mx\/\">Fiscal\u00eda General del Estado de Puebla<\/a><\/strong>, su situaci\u00f3n contin\u00faa siendo cr\u00edtica y teme por su vida.<\/p>\n\n\n\n<figure class=\"wp-block-image size-full\"><img fetchpriority=\"high\" decoding=\"async\" width=\"948\" height=\"533\" src=\"https:\/\/grupohoymexico.com\/puebla\/wp-content\/uploads\/sites\/3\/2025\/05\/500086261_1117583827064301_6374466815975010298_n.jpg\" alt=\"\" class=\"wp-image-75035\" srcset=\"https:\/\/grupohoymexico.com\/puebla\/wp-content\/uploads\/sites\/3\/2025\/05\/500086261_1117583827064301_6374466815975010298_n.jpg 948w, https:\/\/grupohoymexico.com\/puebla\/wp-content\/uploads\/sites\/3\/2025\/05\/500086261_1117583827064301_6374466815975010298_n-300x169.jpg 300w, https:\/\/grupohoymexico.com\/puebla\/wp-content\/uploads\/sites\/3\/2025\/05\/500086261_1117583827064301_6374466815975010298_n-768x432.jpg 768w, https:\/\/grupohoymexico.com\/puebla\/wp-content\/uploads\/sites\/3\/2025\/05\/500086261_1117583827064301_6374466815975010298_n-332x187.jpg 332w, https:\/\/grupohoymexico.com\/puebla\/wp-content\/uploads\/sites\/3\/2025\/05\/500086261_1117583827064301_6374466815975010298_n-664x373.jpg 664w, https:\/\/grupohoymexico.com\/puebla\/wp-content\/uploads\/sites\/3\/2025\/05\/500086261_1117583827064301_6374466815975010298_n-688x387.jpg 688w\" sizes=\"(max-width: 948px) 100vw, 948px\" \/><\/figure>\n\n\n\n<h2 class=\"wp-block-heading\" id=\"h-september-velez-me-apunto-con-un-arma-a-la-cabeza\"><strong>September V\u00e9lez:<\/strong> <strong>&#8220;Me apunt\u00f3 con un arma a la cabeza&#8221;<\/strong><\/h2>\n\n\n\n<p>De acuerdo con su testimonio, las agresiones comenzaron desde hace a\u00f1os y fueron escalando. <strong>Pasaron de maltratos psicol\u00f3gicos y verbales a violencia f\u00edsica, hasta llegar a una amenaza directa con arma de fuego.<\/strong><\/p>\n\n\n\n<p>El episodio m\u00e1s grave ocurri\u00f3 entre el <strong>13 y el 16 de abril<\/strong>, cuando <strong>Armando S. <\/strong>lleg\u00f3 a su domicilio con el pretexto de convivir con sus hijos. Durante la visita, la discusi\u00f3n escal\u00f3 y <strong>\u00e9l la amenaz\u00f3 apunt\u00e1ndole a la cabeza con una pistola.<\/strong><\/p>\n\n\n\n<p><strong>V\u00e9lez <\/strong>present\u00f3 una denuncia formal ante la<strong> fiscal\u00eda<\/strong>, pero asegura que las autoridades no han actuado con la celeridad necesaria. <strong>Actualmente vive bajo constante temor y alerta ante cualquier agresi\u00f3n futura.<\/strong><\/p>\n\n\n\n<h2 class=\"wp-block-heading\" id=\"h-hospital-suspende-al-medico-la-secretaria-de-las-mujeres-acompana-a-la-victima\"><strong>Hospital suspende al m\u00e9dico; la Secretar\u00eda de las Mujeres acompa\u00f1a a la v\u00edctima<\/strong><\/h2>\n\n\n\n<p>Ante la denuncia, <strong>Citlalli Hern\u00e1ndez Mora, titular de la <a href=\"https:\/\/grupohoymexico.com\/puebla\/2025\/05\/19\/yadira-lira-toma-las-riendas-de-la-secretaria-de-las-mujeres-en-puebla\/\">Secretar\u00eda de las Mujeres<\/a> del Gobierno de M\u00e9xico<\/strong>, inform\u00f3 que el <strong>Hospital \u00c1ngeles <\/strong>suspendi\u00f3 el permiso de <strong>Armando S.<\/strong> para continuar ejerciendo como m\u00e9dico en esa instituci\u00f3n. Tambi\u00e9n anunci\u00f3 que la secretar\u00eda brindar\u00e1 <strong>acompa\u00f1amiento a la v\u00edctima durante todo el proceso legal.<\/strong><\/p>\n\n\n<div class=\"wp-block-image\">\n<figure class=\"aligncenter size-large is-resized\"><img decoding=\"async\" width=\"819\" height=\"1024\" src=\"https:\/\/grupohoymexico.com\/puebla\/wp-content\/uploads\/sites\/3\/2025\/05\/500272819_1134344215376031_5535550322758057843_n-819x1024.jpg\" alt=\"\" class=\"wp-image-75034\" style=\"width:504px;height:auto\" srcset=\"https:\/\/grupohoymexico.com\/puebla\/wp-content\/uploads\/sites\/3\/2025\/05\/500272819_1134344215376031_5535550322758057843_n-819x1024.jpg 819w, https:\/\/grupohoymexico.com\/puebla\/wp-content\/uploads\/sites\/3\/2025\/05\/500272819_1134344215376031_5535550322758057843_n-240x300.jpg 240w, https:\/\/grupohoymexico.com\/puebla\/wp-content\/uploads\/sites\/3\/2025\/05\/500272819_1134344215376031_5535550322758057843_n-768x960.jpg 768w, https:\/\/grupohoymexico.com\/puebla\/wp-content\/uploads\/sites\/3\/2025\/05\/500272819_1134344215376031_5535550322758057843_n-332x415.jpg 332w, https:\/\/grupohoymexico.com\/puebla\/wp-content\/uploads\/sites\/3\/2025\/05\/500272819_1134344215376031_5535550322758057843_n-664x830.jpg 664w, https:\/\/grupohoymexico.com\/puebla\/wp-content\/uploads\/sites\/3\/2025\/05\/500272819_1134344215376031_5535550322758057843_n-688x860.jpg 688w, https:\/\/grupohoymexico.com\/puebla\/wp-content\/uploads\/sites\/3\/2025\/05\/500272819_1134344215376031_5535550322758057843_n.jpg 1024w\" sizes=\"(max-width: 819px) 100vw, 819px\" \/><\/figure><\/div>\n\n\n<h2 class=\"wp-block-heading\" id=\"h-llamado-directo-al-gobierno-exige-proteccion\"><strong>Llamado directo al gobierno: exige protecci\u00f3n<\/strong><\/h2>\n\n\n\n<p>En su mensaje, <strong>September<\/strong> pidi\u00f3 apoyo urgente al <strong>gobernador de Puebla, Alejandro Armenta, y a la presidenta Claudia Sheinbaum<\/strong>. Solicit\u00f3 medidas de protecci\u00f3n para ella y sus hijos, quienes afirma, <strong>permanecen retenidos de forma injusta.<\/strong><\/p>\n\n\n\n<p>Su denuncia gener\u00f3 una oleada de apoyo en redes sociales. Miles de usuarios han exigido a las autoridades que intervengan con firmeza y eviten que el caso quede impune. <strong>Mientras tanto, la nutri\u00f3loga sigue esperando una respuesta clara y contundente para garantizar su seguridad y la de su familia.<\/strong><\/p>\n","protected":false},"excerpt":{"rendered":"La nutri\u00f3loga September V\u00e9lez denunci\u00f3 p\u00fablicamente a su expareja, el gastroenter\u00f3logo poblano Armando S., por un intento de&hellip;","protected":false},"author":1,"featured_media":75036,"comment_status":"open","ping_status":"open","sticky":false,"template":"","format":"standard","meta":{"csco_display_header_overlay":false,"csco_singular_sidebar":"","csco_page_header_type":"","csco_page_load_nextpost":"","csco_post_video_location":[],"csco_post_video_location_hash":"","csco_post_video_url":"","csco_post_video_bg_start_time":0,"csco_post_video_bg_end_time":0,"footnotes":""},"categories":[29],"tags":[1101,1105,337,1102,1103,1098,1104],"class_list":{"0":"post-75033","1":"post","2":"type-post","3":"status-publish","4":"format-standard","5":"has-post-thumbnail","7":"category-estatal","8":"tag-armando-s","9":"tag-denuncia","10":"tag-fiscalia-general-del-estado-de-puebla","11":"tag-hospital-puebla","12":"tag-intento-feminicidio","13":"tag-september-velez","14":"tag-violencia-vicaria","15":"cs-entry","16":"cs-video-wrap"},"yoast_head":"<!-- This site is optimized with the Yoast SEO Premium plugin v24.7 (Yoast SEO v27.4) - https:\/\/yoast.com\/product\/yoast-seo-premium-wordpress\/ -->\n<title>September V\u00e9lez denuncia a m\u00e9dico poblano por intento de feminicidio y violencia vicaria - Grupo Hoy Puebla<\/title>\n<meta name=\"description\" content=\"September V\u00e9lez denunci\u00f3 a su expareja, el gastroenter\u00f3logo poblano Armando S., por intento de feminicidio y violencia vicaria.\" \/>\n<meta name=\"robots\" content=\"index, follow, max-snippet:-1, max-image-preview:large, max-video-preview:-1\" \/>\n<link rel=\"canonical\" href=\"https:\/\/grupohoymexico.com\/puebla\/2025\/05\/27\/september-velez-denuncia-a-medico-poblano-por-intento-de-feminicidio-y-violencia-vicaria\/\" \/>\n<meta property=\"og:locale\" content=\"es_MX\" \/>\n<meta property=\"og:type\" content=\"article\" \/>\n<meta property=\"og:title\" content=\"September V\u00e9lez denuncia a m\u00e9dico poblano por intento de feminicidio y violencia vicaria\" \/>\n<meta property=\"og:description\" content=\"September V\u00e9lez denunci\u00f3 a su expareja, el gastroenter\u00f3logo poblano Armando S., por intento de feminicidio y violencia vicaria.\" \/>\n<meta property=\"og:url\" content=\"https:\/\/grupohoymexico.com\/puebla\/2025\/05\/27\/september-velez-denuncia-a-medico-poblano-por-intento-de-feminicidio-y-violencia-vicaria\/\" \/>\n<meta property=\"og:site_name\" content=\"Grupo Hoy Puebla\" \/>\n<meta property=\"article:published_time\" content=\"2025-05-27T16:47:34+00:00\" \/>\n<meta property=\"article:modified_time\" content=\"2025-05-27T16:47:35+00:00\" \/>\n<meta property=\"og:image\" content=\"https:\/\/grupohoymexico.com\/puebla\/wp-content\/uploads\/sites\/3\/2025\/05\/5021545363437367587.jpg\" \/>\n\t<meta property=\"og:image:width\" content=\"1280\" \/>\n\t<meta property=\"og:image:height\" content=\"680\" \/>\n\t<meta property=\"og:image:type\" content=\"image\/jpeg\" \/>\n<meta name=\"author\" content=\"user\" \/>\n<meta name=\"twitter:card\" content=\"summary_large_image\" \/>\n<meta name=\"twitter:label1\" content=\"Escrito por\" \/>\n\t<meta name=\"twitter:data1\" content=\"user\" \/>\n\t<meta name=\"twitter:label2\" content=\"Tiempo de lectura\" \/>\n\t<meta name=\"twitter:data2\" content=\"3 minutos\" \/>\n<script type=\"application\/ld+json\" class=\"yoast-schema-graph\">{\"@context\":\"https:\\\/\\\/schema.org\",\"@graph\":[{\"@type\":\"Article\",\"@id\":\"https:\\\/\\\/grupohoymexico.com\\\/puebla\\\/2025\\\/05\\\/27\\\/september-velez-denuncia-a-medico-poblano-por-intento-de-feminicidio-y-violencia-vicaria\\\/#article\",\"isPartOf\":{\"@id\":\"https:\\\/\\\/grupohoymexico.com\\\/puebla\\\/2025\\\/05\\\/27\\\/september-velez-denuncia-a-medico-poblano-por-intento-de-feminicidio-y-violencia-vicaria\\\/\"},\"author\":{\"name\":\"user\",\"@id\":\"https:\\\/\\\/grupohoymexico.com\\\/puebla\\\/#\\\/schema\\\/person\\\/ce6086ac837852775a3a4f539356c297\"},\"headline\":\"September V\u00e9lez denuncia a m\u00e9dico poblano por intento de feminicidio y violencia vicaria\",\"datePublished\":\"2025-05-27T16:47:34+00:00\",\"dateModified\":\"2025-05-27T16:47:35+00:00\",\"mainEntityOfPage\":{\"@id\":\"https:\\\/\\\/grupohoymexico.com\\\/puebla\\\/2025\\\/05\\\/27\\\/september-velez-denuncia-a-medico-poblano-por-intento-de-feminicidio-y-violencia-vicaria\\\/\"},\"wordCount\":395,\"commentCount\":0,\"image\":{\"@id\":\"https:\\\/\\\/grupohoymexico.com\\\/puebla\\\/2025\\\/05\\\/27\\\/september-velez-denuncia-a-medico-poblano-por-intento-de-feminicidio-y-violencia-vicaria\\\/#primaryimage\"},\"thumbnailUrl\":\"https:\\\/\\\/grupohoymexico.com\\\/puebla\\\/wp-content\\\/uploads\\\/sites\\\/3\\\/2025\\\/05\\\/5021545363437367587.jpg\",\"keywords\":[\"Armando S.\",\"Denuncia\",\"Fiscal\u00eda General del Estado de Puebla\",\"Hospital Puebla\",\"intento feminicidio\",\"September V\u00e9lez\",\"violencia vicaria\"],\"articleSection\":[\"Estatal\"],\"inLanguage\":\"es\",\"potentialAction\":[{\"@type\":\"CommentAction\",\"name\":\"Comment\",\"target\":[\"https:\\\/\\\/grupohoymexico.com\\\/puebla\\\/2025\\\/05\\\/27\\\/september-velez-denuncia-a-medico-poblano-por-intento-de-feminicidio-y-violencia-vicaria\\\/#respond\"]}]},{\"@type\":\"WebPage\",\"@id\":\"https:\\\/\\\/grupohoymexico.com\\\/puebla\\\/2025\\\/05\\\/27\\\/september-velez-denuncia-a-medico-poblano-por-intento-de-feminicidio-y-violencia-vicaria\\\/\",\"url\":\"https:\\\/\\\/grupohoymexico.com\\\/puebla\\\/2025\\\/05\\\/27\\\/september-velez-denuncia-a-medico-poblano-por-intento-de-feminicidio-y-violencia-vicaria\\\/\",\"name\":\"September V\u00e9lez denuncia a m\u00e9dico poblano por intento de feminicidio y violencia vicaria - Grupo Hoy Puebla\",\"isPartOf\":{\"@id\":\"https:\\\/\\\/grupohoymexico.com\\\/puebla\\\/#website\"},\"primaryImageOfPage\":{\"@id\":\"https:\\\/\\\/grupohoymexico.com\\\/puebla\\\/2025\\\/05\\\/27\\\/september-velez-denuncia-a-medico-poblano-por-intento-de-feminicidio-y-violencia-vicaria\\\/#primaryimage\"},\"image\":{\"@id\":\"https:\\\/\\\/grupohoymexico.com\\\/puebla\\\/2025\\\/05\\\/27\\\/september-velez-denuncia-a-medico-poblano-por-intento-de-feminicidio-y-violencia-vicaria\\\/#primaryimage\"},\"thumbnailUrl\":\"https:\\\/\\\/grupohoymexico.com\\\/puebla\\\/wp-content\\\/uploads\\\/sites\\\/3\\\/2025\\\/05\\\/5021545363437367587.jpg\",\"datePublished\":\"2025-05-27T16:47:34+00:00\",\"dateModified\":\"2025-05-27T16:47:35+00:00\",\"author\":{\"@id\":\"https:\\\/\\\/grupohoymexico.com\\\/puebla\\\/#\\\/schema\\\/person\\\/ce6086ac837852775a3a4f539356c297\"},\"description\":\"September V\u00e9lez denunci\u00f3 a su expareja, el gastroenter\u00f3logo poblano Armando S., por intento de feminicidio y violencia vicaria.\",\"breadcrumb\":{\"@id\":\"https:\\\/\\\/grupohoymexico.com\\\/puebla\\\/2025\\\/05\\\/27\\\/september-velez-denuncia-a-medico-poblano-por-intento-de-feminicidio-y-violencia-vicaria\\\/#breadcrumb\"},\"inLanguage\":\"es\",\"potentialAction\":[{\"@type\":\"ReadAction\",\"target\":[\"https:\\\/\\\/grupohoymexico.com\\\/puebla\\\/2025\\\/05\\\/27\\\/september-velez-denuncia-a-medico-poblano-por-intento-de-feminicidio-y-violencia-vicaria\\\/\"]}]},{\"@type\":\"ImageObject\",\"inLanguage\":\"es\",\"@id\":\"https:\\\/\\\/grupohoymexico.com\\\/puebla\\\/2025\\\/05\\\/27\\\/september-velez-denuncia-a-medico-poblano-por-intento-de-feminicidio-y-violencia-vicaria\\\/#primaryimage\",\"url\":\"https:\\\/\\\/grupohoymexico.com\\\/puebla\\\/wp-content\\\/uploads\\\/sites\\\/3\\\/2025\\\/05\\\/5021545363437367587.jpg\",\"contentUrl\":\"https:\\\/\\\/grupohoymexico.com\\\/puebla\\\/wp-content\\\/uploads\\\/sites\\\/3\\\/2025\\\/05\\\/5021545363437367587.jpg\",\"width\":1280,\"height\":680,\"caption\":\"intento feminicidio\"},{\"@type\":\"BreadcrumbList\",\"@id\":\"https:\\\/\\\/grupohoymexico.com\\\/puebla\\\/2025\\\/05\\\/27\\\/september-velez-denuncia-a-medico-poblano-por-intento-de-feminicidio-y-violencia-vicaria\\\/#breadcrumb\",\"itemListElement\":[{\"@type\":\"ListItem\",\"position\":1,\"name\":\"Inicio\",\"item\":\"https:\\\/\\\/grupohoymexico.com\\\/puebla\\\/\"},{\"@type\":\"ListItem\",\"position\":2,\"name\":\"September V\u00e9lez denuncia a m\u00e9dico poblano por intento de feminicidio y violencia vicaria\"}]},{\"@type\":\"WebSite\",\"@id\":\"https:\\\/\\\/grupohoymexico.com\\\/puebla\\\/#website\",\"url\":\"https:\\\/\\\/grupohoymexico.com\\\/puebla\\\/\",\"name\":\"Grupo Hoy Puebla\",\"description\":\"\",\"potentialAction\":[{\"@type\":\"SearchAction\",\"target\":{\"@type\":\"EntryPoint\",\"urlTemplate\":\"https:\\\/\\\/grupohoymexico.com\\\/puebla\\\/?s={search_term_string}\"},\"query-input\":{\"@type\":\"PropertyValueSpecification\",\"valueRequired\":true,\"valueName\":\"search_term_string\"}}],\"inLanguage\":\"es\"},{\"@type\":\"Person\",\"@id\":\"https:\\\/\\\/grupohoymexico.com\\\/puebla\\\/#\\\/schema\\\/person\\\/ce6086ac837852775a3a4f539356c297\",\"name\":\"user\",\"image\":{\"@type\":\"ImageObject\",\"inLanguage\":\"es\",\"@id\":\"https:\\\/\\\/secure.gravatar.com\\\/avatar\\\/25f78de4fa956f6f7c01f8d96f8087d8958ebe06d57e630cd54e36aefb9dacea?s=96&d=mm&r=g\",\"url\":\"https:\\\/\\\/secure.gravatar.com\\\/avatar\\\/25f78de4fa956f6f7c01f8d96f8087d8958ebe06d57e630cd54e36aefb9dacea?s=96&d=mm&r=g\",\"contentUrl\":\"https:\\\/\\\/secure.gravatar.com\\\/avatar\\\/25f78de4fa956f6f7c01f8d96f8087d8958ebe06d57e630cd54e36aefb9dacea?s=96&d=mm&r=g\",\"caption\":\"user\"},\"sameAs\":[\"http:\\\/\\\/44.197.188.197.nip.io\"],\"url\":\"https:\\\/\\\/grupohoymexico.com\\\/puebla\\\/author\\\/user\\\/\"}]}<\/script>\n<!-- \/ Yoast SEO Premium plugin. -->","yoast_head_json":{"title":"September V\u00e9lez denuncia a m\u00e9dico poblano por intento de feminicidio y violencia vicaria - Grupo Hoy Puebla","description":"September V\u00e9lez denunci\u00f3 a su expareja, el gastroenter\u00f3logo poblano Armando S., por intento de feminicidio y violencia vicaria.","robots":{"index":"index","follow":"follow","max-snippet":"max-snippet:-1","max-image-preview":"max-image-preview:large","max-video-preview":"max-video-preview:-1"},"canonical":"https:\/\/grupohoymexico.com\/puebla\/2025\/05\/27\/september-velez-denuncia-a-medico-poblano-por-intento-de-feminicidio-y-violencia-vicaria\/","og_locale":"es_MX","og_type":"article","og_title":"September V\u00e9lez denuncia a m\u00e9dico poblano por intento de feminicidio y violencia vicaria","og_description":"September V\u00e9lez denunci\u00f3 a su expareja, el gastroenter\u00f3logo poblano Armando S., por intento de feminicidio y violencia vicaria.","og_url":"https:\/\/grupohoymexico.com\/puebla\/2025\/05\/27\/september-velez-denuncia-a-medico-poblano-por-intento-de-feminicidio-y-violencia-vicaria\/","og_site_name":"Grupo Hoy Puebla","article_published_time":"2025-05-27T16:47:34+00:00","article_modified_time":"2025-05-27T16:47:35+00:00","og_image":[{"width":1280,"height":680,"url":"https:\/\/grupohoymexico.com\/puebla\/wp-content\/uploads\/sites\/3\/2025\/05\/5021545363437367587.jpg","type":"image\/jpeg"}],"author":"user","twitter_card":"summary_large_image","twitter_misc":{"Escrito por":"user","Tiempo de lectura":"3 minutos"},"schema":{"@context":"https:\/\/schema.org","@graph":[{"@type":"Article","@id":"https:\/\/grupohoymexico.com\/puebla\/2025\/05\/27\/september-velez-denuncia-a-medico-poblano-por-intento-de-feminicidio-y-violencia-vicaria\/#article","isPartOf":{"@id":"https:\/\/grupohoymexico.com\/puebla\/2025\/05\/27\/september-velez-denuncia-a-medico-poblano-por-intento-de-feminicidio-y-violencia-vicaria\/"},"author":{"name":"user","@id":"https:\/\/grupohoymexico.com\/puebla\/#\/schema\/person\/ce6086ac837852775a3a4f539356c297"},"headline":"September V\u00e9lez denuncia a m\u00e9dico poblano por intento de feminicidio y violencia vicaria","datePublished":"2025-05-27T16:47:34+00:00","dateModified":"2025-05-27T16:47:35+00:00","mainEntityOfPage":{"@id":"https:\/\/grupohoymexico.com\/puebla\/2025\/05\/27\/september-velez-denuncia-a-medico-poblano-por-intento-de-feminicidio-y-violencia-vicaria\/"},"wordCount":395,"commentCount":0,"image":{"@id":"https:\/\/grupohoymexico.com\/puebla\/2025\/05\/27\/september-velez-denuncia-a-medico-poblano-por-intento-de-feminicidio-y-violencia-vicaria\/#primaryimage"},"thumbnailUrl":"https:\/\/grupohoymexico.com\/puebla\/wp-content\/uploads\/sites\/3\/2025\/05\/5021545363437367587.jpg","keywords":["Armando S.","Denuncia","Fiscal\u00eda General del Estado de Puebla","Hospital Puebla","intento feminicidio","September V\u00e9lez","violencia vicaria"],"articleSection":["Estatal"],"inLanguage":"es","potentialAction":[{"@type":"CommentAction","name":"Comment","target":["https:\/\/grupohoymexico.com\/puebla\/2025\/05\/27\/september-velez-denuncia-a-medico-poblano-por-intento-de-feminicidio-y-violencia-vicaria\/#respond"]}]},{"@type":"WebPage","@id":"https:\/\/grupohoymexico.com\/puebla\/2025\/05\/27\/september-velez-denuncia-a-medico-poblano-por-intento-de-feminicidio-y-violencia-vicaria\/","url":"https:\/\/grupohoymexico.com\/puebla\/2025\/05\/27\/september-velez-denuncia-a-medico-poblano-por-intento-de-feminicidio-y-violencia-vicaria\/","name":"September V\u00e9lez denuncia a m\u00e9dico poblano por intento de feminicidio y violencia vicaria - Grupo Hoy Puebla","isPartOf":{"@id":"https:\/\/grupohoymexico.com\/puebla\/#website"},"primaryImageOfPage":{"@id":"https:\/\/grupohoymexico.com\/puebla\/2025\/05\/27\/september-velez-denuncia-a-medico-poblano-por-intento-de-feminicidio-y-violencia-vicaria\/#primaryimage"},"image":{"@id":"https:\/\/grupohoymexico.com\/puebla\/2025\/05\/27\/september-velez-denuncia-a-medico-poblano-por-intento-de-feminicidio-y-violencia-vicaria\/#primaryimage"},"thumbnailUrl":"https:\/\/grupohoymexico.com\/puebla\/wp-content\/uploads\/sites\/3\/2025\/05\/5021545363437367587.jpg","datePublished":"2025-05-27T16:47:34+00:00","dateModified":"2025-05-27T16:47:35+00:00","author":{"@id":"https:\/\/grupohoymexico.com\/puebla\/#\/schema\/person\/ce6086ac837852775a3a4f539356c297"},"description":"September V\u00e9lez denunci\u00f3 a su expareja, el gastroenter\u00f3logo poblano Armando S., por intento de feminicidio y violencia vicaria.","breadcrumb":{"@id":"https:\/\/grupohoymexico.com\/puebla\/2025\/05\/27\/september-velez-denuncia-a-medico-poblano-por-intento-de-feminicidio-y-violencia-vicaria\/#breadcrumb"},"inLanguage":"es","potentialAction":[{"@type":"ReadAction","target":["https:\/\/grupohoymexico.com\/puebla\/2025\/05\/27\/september-velez-denuncia-a-medico-poblano-por-intento-de-feminicidio-y-violencia-vicaria\/"]}]},{"@type":"ImageObject","inLanguage":"es","@id":"https:\/\/grupohoymexico.com\/puebla\/2025\/05\/27\/september-velez-denuncia-a-medico-poblano-por-intento-de-feminicidio-y-violencia-vicaria\/#primaryimage","url":"https:\/\/grupohoymexico.com\/puebla\/wp-content\/uploads\/sites\/3\/2025\/05\/5021545363437367587.jpg","contentUrl":"https:\/\/grupohoymexico.com\/puebla\/wp-content\/uploads\/sites\/3\/2025\/05\/5021545363437367587.jpg","width":1280,"height":680,"caption":"intento feminicidio"},{"@type":"BreadcrumbList","@id":"https:\/\/grupohoymexico.com\/puebla\/2025\/05\/27\/september-velez-denuncia-a-medico-poblano-por-intento-de-feminicidio-y-violencia-vicaria\/#breadcrumb","itemListElement":[{"@type":"ListItem","position":1,"name":"Inicio","item":"https:\/\/grupohoymexico.com\/puebla\/"},{"@type":"ListItem","position":2,"name":"September V\u00e9lez denuncia a m\u00e9dico poblano por intento de feminicidio y violencia vicaria"}]},{"@type":"WebSite","@id":"https:\/\/grupohoymexico.com\/puebla\/#website","url":"https:\/\/grupohoymexico.com\/puebla\/","name":"Grupo Hoy Puebla","description":"","potentialAction":[{"@type":"SearchAction","target":{"@type":"EntryPoint","urlTemplate":"https:\/\/grupohoymexico.com\/puebla\/?s={search_term_string}"},"query-input":{"@type":"PropertyValueSpecification","valueRequired":true,"valueName":"search_term_string"}}],"inLanguage":"es"},{"@type":"Person","@id":"https:\/\/grupohoymexico.com\/puebla\/#\/schema\/person\/ce6086ac837852775a3a4f539356c297","name":"user","image":{"@type":"ImageObject","inLanguage":"es","@id":"https:\/\/secure.gravatar.com\/avatar\/25f78de4fa956f6f7c01f8d96f8087d8958ebe06d57e630cd54e36aefb9dacea?s=96&d=mm&r=g","url":"https:\/\/secure.gravatar.com\/avatar\/25f78de4fa956f6f7c01f8d96f8087d8958ebe06d57e630cd54e36aefb9dacea?s=96&d=mm&r=g","contentUrl":"https:\/\/secure.gravatar.com\/avatar\/25f78de4fa956f6f7c01f8d96f8087d8958ebe06d57e630cd54e36aefb9dacea?s=96&d=mm&r=g","caption":"user"},"sameAs":["http:\/\/44.197.188.197.nip.io"],"url":"https:\/\/grupohoymexico.com\/puebla\/author\/user\/"}]}},"_links":{"self":[{"href":"https:\/\/grupohoymexico.com\/puebla\/wp-json\/wp\/v2\/posts\/75033","targetHints":{"allow":["GET"]}}],"collection":[{"href":"https:\/\/grupohoymexico.com\/puebla\/wp-json\/wp\/v2\/posts"}],"about":[{"href":"https:\/\/grupohoymexico.com\/puebla\/wp-json\/wp\/v2\/types\/post"}],"author":[{"embeddable":true,"href":"https:\/\/grupohoymexico.com\/puebla\/wp-json\/wp\/v2\/users\/1"}],"replies":[{"embeddable":true,"href":"https:\/\/grupohoymexico.com\/puebla\/wp-json\/wp\/v2\/comments?post=75033"}],"version-history":[{"count":1,"href":"https:\/\/grupohoymexico.com\/puebla\/wp-json\/wp\/v2\/posts\/75033\/revisions"}],"predecessor-version":[{"id":75037,"href":"https:\/\/grupohoymexico.com\/puebla\/wp-json\/wp\/v2\/posts\/75033\/revisions\/75037"}],"wp:featuredmedia":[{"embeddable":true,"href":"https:\/\/grupohoymexico.com\/puebla\/wp-json\/wp\/v2\/media\/75036"}],"wp:attachment":[{"href":"https:\/\/grupohoymexico.com\/puebla\/wp-json\/wp\/v2\/media?parent=75033"}],"wp:term":[{"taxonomy":"category","embeddable":true,"href":"https:\/\/grupohoymexico.com\/puebla\/wp-json\/wp\/v2\/categories?post=75033"},{"taxonomy":"post_tag","embeddable":true,"href":"https:\/\/grupohoymexico.com\/puebla\/wp-json\/wp\/v2\/tags?post=75033"}],"curies":[{"name":"wp","href":"https:\/\/api.w.org\/{rel}","templated":true}]}}