{"id":75029,"date":"2025-05-27T16:14:11","date_gmt":"2025-05-27T16:14:11","guid":{"rendered":"https:\/\/grupohoymexico.com\/puebla\/?p=75029"},"modified":"2025-05-27T16:14:12","modified_gmt":"2025-05-27T16:14:12","slug":"quien-es-september-velez-la-victima-de-violencia-en-puebla","status":"publish","type":"post","link":"https:\/\/grupohoymexico.com\/puebla\/2025\/05\/27\/quien-es-september-velez-la-victima-de-violencia-en-puebla\/","title":{"rendered":"\u00bfQui\u00e9n es September V\u00e9lez? La V\u00edctima de violencia en Puebla"},"content":{"rendered":"\n<p>La pregunta <strong>\u00bfQui\u00e9n es September V\u00e9lez?<\/strong> ha generado relevancia en redes sociales durante los \u00faltimos d\u00edas. Se trata de la mujer poblana que denunci\u00f3 p\u00fablicamente a su expareja, el m\u00e9dico Armando Sigala Cervantes, por el intento de feminicidio. <\/p>\n\n\n\n<p>En dicha denuncia, <strong>September V\u00e9lez <\/strong>respalda con un video difundido en Instagram sus acusaciones. Las im\u00e1genes han encendido la alerta en torno a la <strong>violencia de g\u00e9nero en Puebla.<\/strong><br><br>LEE TAMBI\u00c9N: <a href=\"https:\/\/grupohoymexico.com\/puebla\/2025\/05\/27\/gobierno-de-puebla-impulsa-una-transformacion-con-rostro-joven\/\">Gobierno de Puebla impulsa una transformaci\u00f3n con rostro joven <\/a><\/p>\n\n\n\n<h3 class=\"wp-block-heading\" id=\"h-quien-es-september-velez-nutriologa-y-madre-de-dos-hijos\">\u00bfQui\u00e9n es September V\u00e9lez? Nutri\u00f3loga y madre de dos hijos<\/h3>\n\n\n\n<p><strong>September V\u00e9lez<\/strong>, <strong>quien <\/strong>se describe como nutri\u00f3loga y madre de dos hijos. En su cuenta de Instagram, donde suma m\u00e1s de 2 mil seguidores, suele compartir contenido personal y profesional. Fue ah\u00ed donde revel\u00f3 que vivi\u00f3 una relaci\u00f3n marcada por violencia psicol\u00f3gica y verbal desde los 17 a\u00f1os, cuando conoci\u00f3 a Sigala, un m\u00e9dico 29 a\u00f1os mayor que ella. <\/p>\n\n\n\n<p>La relaci\u00f3n termin\u00f3 en divorcio, pero seg\u00fan su testimonio, las agresiones continuaron incluso despu\u00e9s de la separaci\u00f3n legal.<br><\/p>\n\n\n\n<figure class=\"wp-block-embed is-type-rich is-provider-twitter wp-block-embed-twitter\"><div class=\"wp-block-embed__wrapper\">\n<blockquote class=\"twitter-tweet\" data-width=\"550\" data-dnt=\"true\"><p lang=\"es\" dir=\"ltr\">\ud83d\udd34\ud83d\udfe3 September V\u00e9lez alza la voz<br><br>Otro caso de violencia contra la mujer sacude a Puebla. A trav\u00e9s de su cuenta de Instagram, September V\u00e9lez denunci\u00f3 a su expareja, el Dr. Armando S\u00edgala Cervantes, del Hospital \u00c1ngeles quien presuntamente intent\u00f3 asesinarla y ahora ejerce\u2026 <a href=\"https:\/\/t.co\/MeFcY5bh9a\">pic.twitter.com\/MeFcY5bh9a<\/a><\/p>&mdash; Rupi Reportero &#8211; Noticias de Puebla (@RupiReportero_) <a href=\"https:\/\/twitter.com\/RupiReportero_\/status\/1927029632039043436?ref_src=twsrc%5Etfw\">May 26, 2025<\/a><\/blockquote><script async src=\"https:\/\/platform.twitter.com\/widgets.js\" charset=\"utf-8\"><\/script>\n<\/div><\/figure>\n\n\n\n<p>En el mismo video, <strong>September V\u00e9lez<\/strong> afirm\u00f3 que su expareja le quit\u00f3 ilegalmente a sus hijos, a pesar de que ella cuenta con la guarda y custodia legal emitida por un juez.<\/p>\n\n\n\n<h3 class=\"wp-block-heading\" id=\"h-testimonio-de-violencia-amenazas-y-agresiones-fisicas\">Testimonio de violencia: amenazas y agresiones f\u00edsicas<\/h3>\n\n\n\n<p>El testimonio de <strong>September V\u00e9lez<\/strong> incluye detalles alarmantes sobre <strong>qui\u00e9n es<\/strong> y las agresiones que sufri\u00f3. El pasado 13 de abril, durante una visita del padre de sus hijos a su domicilio, se produjo una discusi\u00f3n que escal\u00f3 r\u00e1pidamente: <\/p>\n\n\n\n<blockquote class=\"wp-block-quote is-layout-flow wp-block-quote-is-layout-flow\">\n<p>\u201cSac\u00f3 una pistola, me apunt\u00f3 a la cabeza y me amenaz\u00f3 de muerte\u201d, relat\u00f3. Dos d\u00edas despu\u00e9s, el 15 de abril, ocurri\u00f3 una agresi\u00f3n f\u00edsica que qued\u00f3 registrada por c\u00e1maras de seguridad: en el video, se observa c\u00f3mo es jaloneada y arrastrada por el piso.<\/p>\n<\/blockquote>\n\n\n\n<p>La v\u00edctima acudi\u00f3 al Ministerio P\u00fablico, donde present\u00f3 una denuncia formal. Las autoridades le otorgaron medidas de protecci\u00f3n, aunque la mujer asegur\u00f3 que ha seguido recibiendo intimidaciones.<\/p>\n\n\n\n<h3 class=\"wp-block-heading\" id=\"h-september-velez-exige-justicia-y-proteccion\">September V\u00e9lez exige justicia y protecci\u00f3n<\/h3>\n\n\n\n<p>En su mensaje p\u00fablico, <strong>September V\u00e9lez<\/strong> pidi\u00f3 apoyo directo al gobernador de Puebla, Alejandro Armenta, y a la presidenta Claudia Sheinbaum. <\/p>\n\n\n\n<blockquote class=\"wp-block-quote is-layout-flow wp-block-quote-is-layout-flow\">\n<p>\u201cTengo miedo por mi vida. Tengo miedo por la vida de mis hijos\u201d, expres\u00f3. <\/p>\n<\/blockquote>\n\n\n\n<p>Adem\u00e1s, responsabiliz\u00f3 p\u00fablicamente al doctor Armando Sigala de cualquier da\u00f1o que pudiera sufrir ella o sus hijos.<\/p>\n\n\n\n<figure class=\"wp-block-image size-full\"><img fetchpriority=\"high\" decoding=\"async\" width=\"594\" height=\"335\" src=\"https:\/\/grupohoymexico.com\/puebla\/wp-content\/uploads\/sites\/3\/2025\/05\/image-46.png\" alt=\"\" class=\"wp-image-75031\" srcset=\"https:\/\/grupohoymexico.com\/puebla\/wp-content\/uploads\/sites\/3\/2025\/05\/image-46.png 594w, https:\/\/grupohoymexico.com\/puebla\/wp-content\/uploads\/sites\/3\/2025\/05\/image-46-300x169.png 300w, https:\/\/grupohoymexico.com\/puebla\/wp-content\/uploads\/sites\/3\/2025\/05\/image-46-332x187.png 332w\" sizes=\"(max-width: 594px) 100vw, 594px\" \/><\/figure>\n\n\n\n<p>Su testimonio ha provocado una ola de solidaridad en redes sociales, mientras se espera una pronta respuesta de las autoridades.<\/p>\n","protected":false},"excerpt":{"rendered":"La pregunta \u00bfQui\u00e9n es September V\u00e9lez? ha generado relevancia en redes sociales durante los \u00faltimos d\u00edas. Se trata&hellip;","protected":false},"author":30,"featured_media":75030,"comment_status":"open","ping_status":"open","sticky":false,"template":"","format":"standard","meta":{"csco_display_header_overlay":false,"csco_singular_sidebar":"","csco_page_header_type":"","csco_page_load_nextpost":"","csco_post_video_location":[],"csco_post_video_location_hash":"","csco_post_video_url":"","csco_post_video_bg_start_time":0,"csco_post_video_bg_end_time":0,"footnotes":""},"categories":[29],"tags":[1099,170,1100,1098],"class_list":{"0":"post-75029","1":"post","2":"type-post","3":"status-publish","4":"format-standard","5":"has-post-thumbnail","7":"category-estatal","8":"tag-feminicidio-puebla","9":"tag-seguridad","10":"tag-seguridad-de-las-mujeres","11":"tag-september-velez","12":"cs-entry","13":"cs-video-wrap"},"yoast_head":"<!-- This site is optimized with the Yoast SEO Premium plugin v24.7 (Yoast SEO v27.4) - https:\/\/yoast.com\/product\/yoast-seo-premium-wordpress\/ -->\n<title>\u00bfQui\u00e9n es September V\u00e9lez? La V\u00edctima de violencia en Puebla<\/title>\n<meta name=\"description\" content=\"La pregunta \u00bfQui\u00e9n es September V\u00e9lez? ha ganado relevancia en redes sociales en los \u00faltimos d\u00edas tras su intento de feminicidio en Puebla\" \/>\n<meta name=\"robots\" content=\"index, follow, max-snippet:-1, max-image-preview:large, max-video-preview:-1\" \/>\n<link rel=\"canonical\" href=\"https:\/\/grupohoymexico.com\/puebla\/2025\/05\/27\/quien-es-september-velez-la-victima-de-violencia-en-puebla\/\" \/>\n<meta property=\"og:locale\" content=\"es_MX\" \/>\n<meta property=\"og:type\" content=\"article\" \/>\n<meta property=\"og:title\" content=\"\u00bfQui\u00e9n es September V\u00e9lez? La V\u00edctima de violencia en Puebla\" \/>\n<meta property=\"og:description\" content=\"La pregunta \u00bfQui\u00e9n es September V\u00e9lez? ha ganado relevancia en redes sociales en los \u00faltimos d\u00edas tras su intento de feminicidio en Puebla\" \/>\n<meta property=\"og:url\" content=\"https:\/\/grupohoymexico.com\/puebla\/2025\/05\/27\/quien-es-september-velez-la-victima-de-violencia-en-puebla\/\" \/>\n<meta property=\"og:site_name\" content=\"Grupo Hoy Puebla\" \/>\n<meta property=\"article:published_time\" content=\"2025-05-27T16:14:11+00:00\" \/>\n<meta property=\"article:modified_time\" content=\"2025-05-27T16:14:12+00:00\" \/>\n<meta property=\"og:image\" content=\"https:\/\/grupohoymexico.com\/puebla\/wp-content\/uploads\/sites\/3\/2025\/05\/September-Velez.jpg\" \/>\n\t<meta property=\"og:image:width\" content=\"1194\" \/>\n\t<meta property=\"og:image:height\" content=\"626\" \/>\n\t<meta property=\"og:image:type\" content=\"image\/jpeg\" \/>\n<meta name=\"author\" content=\"eduardo\" \/>\n<meta name=\"twitter:card\" content=\"summary_large_image\" \/>\n<meta name=\"twitter:label1\" content=\"Escrito por\" \/>\n\t<meta name=\"twitter:data1\" content=\"eduardo\" \/>\n\t<meta name=\"twitter:label2\" content=\"Tiempo de lectura\" \/>\n\t<meta name=\"twitter:data2\" content=\"2 minutos\" \/>\n<script type=\"application\/ld+json\" class=\"yoast-schema-graph\">{\"@context\":\"https:\\\/\\\/schema.org\",\"@graph\":[{\"@type\":\"Article\",\"@id\":\"https:\\\/\\\/grupohoymexico.com\\\/puebla\\\/2025\\\/05\\\/27\\\/quien-es-september-velez-la-victima-de-violencia-en-puebla\\\/#article\",\"isPartOf\":{\"@id\":\"https:\\\/\\\/grupohoymexico.com\\\/puebla\\\/2025\\\/05\\\/27\\\/quien-es-september-velez-la-victima-de-violencia-en-puebla\\\/\"},\"author\":{\"name\":\"eduardo\",\"@id\":\"https:\\\/\\\/grupohoymexico.com\\\/puebla\\\/#\\\/schema\\\/person\\\/e95b7b8df1e5c291ede743c160292779\"},\"headline\":\"\u00bfQui\u00e9n es September V\u00e9lez? La V\u00edctima de violencia en Puebla\",\"datePublished\":\"2025-05-27T16:14:11+00:00\",\"dateModified\":\"2025-05-27T16:14:12+00:00\",\"mainEntityOfPage\":{\"@id\":\"https:\\\/\\\/grupohoymexico.com\\\/puebla\\\/2025\\\/05\\\/27\\\/quien-es-september-velez-la-victima-de-violencia-en-puebla\\\/\"},\"wordCount\":486,\"commentCount\":0,\"image\":{\"@id\":\"https:\\\/\\\/grupohoymexico.com\\\/puebla\\\/2025\\\/05\\\/27\\\/quien-es-september-velez-la-victima-de-violencia-en-puebla\\\/#primaryimage\"},\"thumbnailUrl\":\"https:\\\/\\\/grupohoymexico.com\\\/puebla\\\/wp-content\\\/uploads\\\/sites\\\/3\\\/2025\\\/05\\\/September-Velez.jpg\",\"keywords\":[\"Feminicidio Puebla\",\"Seguridad\",\"Seguridad de las Mujeres\",\"September V\u00e9lez\"],\"articleSection\":[\"Estatal\"],\"inLanguage\":\"es\",\"potentialAction\":[{\"@type\":\"CommentAction\",\"name\":\"Comment\",\"target\":[\"https:\\\/\\\/grupohoymexico.com\\\/puebla\\\/2025\\\/05\\\/27\\\/quien-es-september-velez-la-victima-de-violencia-en-puebla\\\/#respond\"]}]},{\"@type\":\"WebPage\",\"@id\":\"https:\\\/\\\/grupohoymexico.com\\\/puebla\\\/2025\\\/05\\\/27\\\/quien-es-september-velez-la-victima-de-violencia-en-puebla\\\/\",\"url\":\"https:\\\/\\\/grupohoymexico.com\\\/puebla\\\/2025\\\/05\\\/27\\\/quien-es-september-velez-la-victima-de-violencia-en-puebla\\\/\",\"name\":\"\u00bfQui\u00e9n es September V\u00e9lez? La V\u00edctima de violencia en Puebla\",\"isPartOf\":{\"@id\":\"https:\\\/\\\/grupohoymexico.com\\\/puebla\\\/#website\"},\"primaryImageOfPage\":{\"@id\":\"https:\\\/\\\/grupohoymexico.com\\\/puebla\\\/2025\\\/05\\\/27\\\/quien-es-september-velez-la-victima-de-violencia-en-puebla\\\/#primaryimage\"},\"image\":{\"@id\":\"https:\\\/\\\/grupohoymexico.com\\\/puebla\\\/2025\\\/05\\\/27\\\/quien-es-september-velez-la-victima-de-violencia-en-puebla\\\/#primaryimage\"},\"thumbnailUrl\":\"https:\\\/\\\/grupohoymexico.com\\\/puebla\\\/wp-content\\\/uploads\\\/sites\\\/3\\\/2025\\\/05\\\/September-Velez.jpg\",\"datePublished\":\"2025-05-27T16:14:11+00:00\",\"dateModified\":\"2025-05-27T16:14:12+00:00\",\"author\":{\"@id\":\"https:\\\/\\\/grupohoymexico.com\\\/puebla\\\/#\\\/schema\\\/person\\\/e95b7b8df1e5c291ede743c160292779\"},\"description\":\"La pregunta \u00bfQui\u00e9n es September V\u00e9lez? ha ganado relevancia en redes sociales en los \u00faltimos d\u00edas tras su intento de feminicidio en Puebla\",\"breadcrumb\":{\"@id\":\"https:\\\/\\\/grupohoymexico.com\\\/puebla\\\/2025\\\/05\\\/27\\\/quien-es-september-velez-la-victima-de-violencia-en-puebla\\\/#breadcrumb\"},\"inLanguage\":\"es\",\"potentialAction\":[{\"@type\":\"ReadAction\",\"target\":[\"https:\\\/\\\/grupohoymexico.com\\\/puebla\\\/2025\\\/05\\\/27\\\/quien-es-september-velez-la-victima-de-violencia-en-puebla\\\/\"]}]},{\"@type\":\"ImageObject\",\"inLanguage\":\"es\",\"@id\":\"https:\\\/\\\/grupohoymexico.com\\\/puebla\\\/2025\\\/05\\\/27\\\/quien-es-september-velez-la-victima-de-violencia-en-puebla\\\/#primaryimage\",\"url\":\"https:\\\/\\\/grupohoymexico.com\\\/puebla\\\/wp-content\\\/uploads\\\/sites\\\/3\\\/2025\\\/05\\\/September-Velez.jpg\",\"contentUrl\":\"https:\\\/\\\/grupohoymexico.com\\\/puebla\\\/wp-content\\\/uploads\\\/sites\\\/3\\\/2025\\\/05\\\/September-Velez.jpg\",\"width\":1194,\"height\":626,\"caption\":\"September V\u00e9lez\"},{\"@type\":\"BreadcrumbList\",\"@id\":\"https:\\\/\\\/grupohoymexico.com\\\/puebla\\\/2025\\\/05\\\/27\\\/quien-es-september-velez-la-victima-de-violencia-en-puebla\\\/#breadcrumb\",\"itemListElement\":[{\"@type\":\"ListItem\",\"position\":1,\"name\":\"Inicio\",\"item\":\"https:\\\/\\\/grupohoymexico.com\\\/puebla\\\/\"},{\"@type\":\"ListItem\",\"position\":2,\"name\":\"\u00bfQui\u00e9n es September V\u00e9lez? La V\u00edctima de violencia en Puebla\"}]},{\"@type\":\"WebSite\",\"@id\":\"https:\\\/\\\/grupohoymexico.com\\\/puebla\\\/#website\",\"url\":\"https:\\\/\\\/grupohoymexico.com\\\/puebla\\\/\",\"name\":\"Grupo Hoy Puebla\",\"description\":\"\",\"potentialAction\":[{\"@type\":\"SearchAction\",\"target\":{\"@type\":\"EntryPoint\",\"urlTemplate\":\"https:\\\/\\\/grupohoymexico.com\\\/puebla\\\/?s={search_term_string}\"},\"query-input\":{\"@type\":\"PropertyValueSpecification\",\"valueRequired\":true,\"valueName\":\"search_term_string\"}}],\"inLanguage\":\"es\"},{\"@type\":\"Person\",\"@id\":\"https:\\\/\\\/grupohoymexico.com\\\/puebla\\\/#\\\/schema\\\/person\\\/e95b7b8df1e5c291ede743c160292779\",\"name\":\"eduardo\",\"image\":{\"@type\":\"ImageObject\",\"inLanguage\":\"es\",\"@id\":\"https:\\\/\\\/secure.gravatar.com\\\/avatar\\\/ecdd30dcf3feeb5f57f13840c3daeb08334d3b69de7bb9e067a540c4925a9788?s=96&d=mm&r=g\",\"url\":\"https:\\\/\\\/secure.gravatar.com\\\/avatar\\\/ecdd30dcf3feeb5f57f13840c3daeb08334d3b69de7bb9e067a540c4925a9788?s=96&d=mm&r=g\",\"contentUrl\":\"https:\\\/\\\/secure.gravatar.com\\\/avatar\\\/ecdd30dcf3feeb5f57f13840c3daeb08334d3b69de7bb9e067a540c4925a9788?s=96&d=mm&r=g\",\"caption\":\"eduardo\"},\"url\":\"https:\\\/\\\/grupohoymexico.com\\\/puebla\\\/author\\\/eduardo\\\/\"}]}<\/script>\n<!-- \/ Yoast SEO Premium plugin. -->","yoast_head_json":{"title":"\u00bfQui\u00e9n es September V\u00e9lez? La V\u00edctima de violencia en Puebla","description":"La pregunta \u00bfQui\u00e9n es September V\u00e9lez? ha ganado relevancia en redes sociales en los \u00faltimos d\u00edas tras su intento de feminicidio en Puebla","robots":{"index":"index","follow":"follow","max-snippet":"max-snippet:-1","max-image-preview":"max-image-preview:large","max-video-preview":"max-video-preview:-1"},"canonical":"https:\/\/grupohoymexico.com\/puebla\/2025\/05\/27\/quien-es-september-velez-la-victima-de-violencia-en-puebla\/","og_locale":"es_MX","og_type":"article","og_title":"\u00bfQui\u00e9n es September V\u00e9lez? La V\u00edctima de violencia en Puebla","og_description":"La pregunta \u00bfQui\u00e9n es September V\u00e9lez? ha ganado relevancia en redes sociales en los \u00faltimos d\u00edas tras su intento de feminicidio en Puebla","og_url":"https:\/\/grupohoymexico.com\/puebla\/2025\/05\/27\/quien-es-september-velez-la-victima-de-violencia-en-puebla\/","og_site_name":"Grupo Hoy Puebla","article_published_time":"2025-05-27T16:14:11+00:00","article_modified_time":"2025-05-27T16:14:12+00:00","og_image":[{"width":1194,"height":626,"url":"https:\/\/grupohoymexico.com\/puebla\/wp-content\/uploads\/sites\/3\/2025\/05\/September-Velez.jpg","type":"image\/jpeg"}],"author":"eduardo","twitter_card":"summary_large_image","twitter_misc":{"Escrito por":"eduardo","Tiempo de lectura":"2 minutos"},"schema":{"@context":"https:\/\/schema.org","@graph":[{"@type":"Article","@id":"https:\/\/grupohoymexico.com\/puebla\/2025\/05\/27\/quien-es-september-velez-la-victima-de-violencia-en-puebla\/#article","isPartOf":{"@id":"https:\/\/grupohoymexico.com\/puebla\/2025\/05\/27\/quien-es-september-velez-la-victima-de-violencia-en-puebla\/"},"author":{"name":"eduardo","@id":"https:\/\/grupohoymexico.com\/puebla\/#\/schema\/person\/e95b7b8df1e5c291ede743c160292779"},"headline":"\u00bfQui\u00e9n es September V\u00e9lez? La V\u00edctima de violencia en Puebla","datePublished":"2025-05-27T16:14:11+00:00","dateModified":"2025-05-27T16:14:12+00:00","mainEntityOfPage":{"@id":"https:\/\/grupohoymexico.com\/puebla\/2025\/05\/27\/quien-es-september-velez-la-victima-de-violencia-en-puebla\/"},"wordCount":486,"commentCount":0,"image":{"@id":"https:\/\/grupohoymexico.com\/puebla\/2025\/05\/27\/quien-es-september-velez-la-victima-de-violencia-en-puebla\/#primaryimage"},"thumbnailUrl":"https:\/\/grupohoymexico.com\/puebla\/wp-content\/uploads\/sites\/3\/2025\/05\/September-Velez.jpg","keywords":["Feminicidio Puebla","Seguridad","Seguridad de las Mujeres","September V\u00e9lez"],"articleSection":["Estatal"],"inLanguage":"es","potentialAction":[{"@type":"CommentAction","name":"Comment","target":["https:\/\/grupohoymexico.com\/puebla\/2025\/05\/27\/quien-es-september-velez-la-victima-de-violencia-en-puebla\/#respond"]}]},{"@type":"WebPage","@id":"https:\/\/grupohoymexico.com\/puebla\/2025\/05\/27\/quien-es-september-velez-la-victima-de-violencia-en-puebla\/","url":"https:\/\/grupohoymexico.com\/puebla\/2025\/05\/27\/quien-es-september-velez-la-victima-de-violencia-en-puebla\/","name":"\u00bfQui\u00e9n es September V\u00e9lez? La V\u00edctima de violencia en Puebla","isPartOf":{"@id":"https:\/\/grupohoymexico.com\/puebla\/#website"},"primaryImageOfPage":{"@id":"https:\/\/grupohoymexico.com\/puebla\/2025\/05\/27\/quien-es-september-velez-la-victima-de-violencia-en-puebla\/#primaryimage"},"image":{"@id":"https:\/\/grupohoymexico.com\/puebla\/2025\/05\/27\/quien-es-september-velez-la-victima-de-violencia-en-puebla\/#primaryimage"},"thumbnailUrl":"https:\/\/grupohoymexico.com\/puebla\/wp-content\/uploads\/sites\/3\/2025\/05\/September-Velez.jpg","datePublished":"2025-05-27T16:14:11+00:00","dateModified":"2025-05-27T16:14:12+00:00","author":{"@id":"https:\/\/grupohoymexico.com\/puebla\/#\/schema\/person\/e95b7b8df1e5c291ede743c160292779"},"description":"La pregunta \u00bfQui\u00e9n es September V\u00e9lez? ha ganado relevancia en redes sociales en los \u00faltimos d\u00edas tras su intento de feminicidio en Puebla","breadcrumb":{"@id":"https:\/\/grupohoymexico.com\/puebla\/2025\/05\/27\/quien-es-september-velez-la-victima-de-violencia-en-puebla\/#breadcrumb"},"inLanguage":"es","potentialAction":[{"@type":"ReadAction","target":["https:\/\/grupohoymexico.com\/puebla\/2025\/05\/27\/quien-es-september-velez-la-victima-de-violencia-en-puebla\/"]}]},{"@type":"ImageObject","inLanguage":"es","@id":"https:\/\/grupohoymexico.com\/puebla\/2025\/05\/27\/quien-es-september-velez-la-victima-de-violencia-en-puebla\/#primaryimage","url":"https:\/\/grupohoymexico.com\/puebla\/wp-content\/uploads\/sites\/3\/2025\/05\/September-Velez.jpg","contentUrl":"https:\/\/grupohoymexico.com\/puebla\/wp-content\/uploads\/sites\/3\/2025\/05\/September-Velez.jpg","width":1194,"height":626,"caption":"September V\u00e9lez"},{"@type":"BreadcrumbList","@id":"https:\/\/grupohoymexico.com\/puebla\/2025\/05\/27\/quien-es-september-velez-la-victima-de-violencia-en-puebla\/#breadcrumb","itemListElement":[{"@type":"ListItem","position":1,"name":"Inicio","item":"https:\/\/grupohoymexico.com\/puebla\/"},{"@type":"ListItem","position":2,"name":"\u00bfQui\u00e9n es September V\u00e9lez? La V\u00edctima de violencia en Puebla"}]},{"@type":"WebSite","@id":"https:\/\/grupohoymexico.com\/puebla\/#website","url":"https:\/\/grupohoymexico.com\/puebla\/","name":"Grupo Hoy Puebla","description":"","potentialAction":[{"@type":"SearchAction","target":{"@type":"EntryPoint","urlTemplate":"https:\/\/grupohoymexico.com\/puebla\/?s={search_term_string}"},"query-input":{"@type":"PropertyValueSpecification","valueRequired":true,"valueName":"search_term_string"}}],"inLanguage":"es"},{"@type":"Person","@id":"https:\/\/grupohoymexico.com\/puebla\/#\/schema\/person\/e95b7b8df1e5c291ede743c160292779","name":"eduardo","image":{"@type":"ImageObject","inLanguage":"es","@id":"https:\/\/secure.gravatar.com\/avatar\/ecdd30dcf3feeb5f57f13840c3daeb08334d3b69de7bb9e067a540c4925a9788?s=96&d=mm&r=g","url":"https:\/\/secure.gravatar.com\/avatar\/ecdd30dcf3feeb5f57f13840c3daeb08334d3b69de7bb9e067a540c4925a9788?s=96&d=mm&r=g","contentUrl":"https:\/\/secure.gravatar.com\/avatar\/ecdd30dcf3feeb5f57f13840c3daeb08334d3b69de7bb9e067a540c4925a9788?s=96&d=mm&r=g","caption":"eduardo"},"url":"https:\/\/grupohoymexico.com\/puebla\/author\/eduardo\/"}]}},"_links":{"self":[{"href":"https:\/\/grupohoymexico.com\/puebla\/wp-json\/wp\/v2\/posts\/75029","targetHints":{"allow":["GET"]}}],"collection":[{"href":"https:\/\/grupohoymexico.com\/puebla\/wp-json\/wp\/v2\/posts"}],"about":[{"href":"https:\/\/grupohoymexico.com\/puebla\/wp-json\/wp\/v2\/types\/post"}],"author":[{"embeddable":true,"href":"https:\/\/grupohoymexico.com\/puebla\/wp-json\/wp\/v2\/users\/30"}],"replies":[{"embeddable":true,"href":"https:\/\/grupohoymexico.com\/puebla\/wp-json\/wp\/v2\/comments?post=75029"}],"version-history":[{"count":1,"href":"https:\/\/grupohoymexico.com\/puebla\/wp-json\/wp\/v2\/posts\/75029\/revisions"}],"predecessor-version":[{"id":75032,"href":"https:\/\/grupohoymexico.com\/puebla\/wp-json\/wp\/v2\/posts\/75029\/revisions\/75032"}],"wp:featuredmedia":[{"embeddable":true,"href":"https:\/\/grupohoymexico.com\/puebla\/wp-json\/wp\/v2\/media\/75030"}],"wp:attachment":[{"href":"https:\/\/grupohoymexico.com\/puebla\/wp-json\/wp\/v2\/media?parent=75029"}],"wp:term":[{"taxonomy":"category","embeddable":true,"href":"https:\/\/grupohoymexico.com\/puebla\/wp-json\/wp\/v2\/categories?post=75029"},{"taxonomy":"post_tag","embeddable":true,"href":"https:\/\/grupohoymexico.com\/puebla\/wp-json\/wp\/v2\/tags?post=75029"}],"curies":[{"name":"wp","href":"https:\/\/api.w.org\/{rel}","templated":true}]}}