{"id":75024,"date":"2025-05-27T15:35:22","date_gmt":"2025-05-27T15:35:22","guid":{"rendered":"https:\/\/grupohoymexico.com\/puebla\/?p=75024"},"modified":"2025-05-27T15:35:23","modified_gmt":"2025-05-27T15:35:23","slug":"gobierno-de-puebla-impulsa-una-transformacion-con-rostro-joven","status":"publish","type":"post","link":"https:\/\/grupohoymexico.com\/puebla\/2025\/05\/27\/gobierno-de-puebla-impulsa-una-transformacion-con-rostro-joven\/","title":{"rendered":"Gobierno de Puebla impulsa una transformaci\u00f3n con rostro joven"},"content":{"rendered":"\n<p><strong><a href=\"https:\/\/alejandroarmenta.com.mx\/\">Alejandro Armenta, gobernador de Puebla<\/a><\/strong>, se reuni\u00f3 este<strong> martes<\/strong> con <strong>m\u00e1s de mil 500 j\u00f3venes<\/strong> para enviar un mensaje claro: s<strong>u gobierno necesita a las nuevas generaciones para lograr el proyecto de transformaci\u00f3n.<\/strong> Con firmeza, el mandatario reconoci\u00f3 que la juventud no solo debe participar, sino liderar el cambio que<strong> Puebla<\/strong> requiere.<\/p>\n\n\n\n<blockquote class=\"wp-block-quote is-layout-flow wp-block-quote-is-layout-flow\">\n<p>\u201cUstedes no cargan con vicios del pasado. Tienen claridad, honestidad y ganas de hacer las cosas bien. Y eso es justo lo que necesita Puebla para transformarse\u201d, declar\u00f3 Armenta ante una audiencia que celebr\u00f3 su compromiso con el sector.<\/p>\n<\/blockquote>\n\n\n\n<p>Durante el encuentro, el mandatario comparti\u00f3 que su gobierno ha priorizado el combate a la corrupci\u00f3n y el fin de pr\u00e1cticas injustas como los moches. <strong>Ahora, su siguiente paso es garantizar espacios para que las juventudes desarrollen sus ideas,<a href=\"https:\/\/grupohoymexico.com\/puebla\/2025\/03\/23\/atlixco-promueve-talleres-de-autoempleo-para-el-desarrollo-comunitario\/\"> emprendan y ocupen puestos de liderazgo en todos los niveles.<\/a><\/strong><\/p>\n\n\n\n<figure class=\"wp-block-image size-large\"><img fetchpriority=\"high\" decoding=\"async\" width=\"1024\" height=\"690\" src=\"https:\/\/grupohoymexico.com\/puebla\/wp-content\/uploads\/sites\/3\/2025\/05\/WhatsApp-Image-2025-05-27-at-8.33.19-AM-1-1024x690.jpeg\" alt=\"\" class=\"wp-image-75025\" srcset=\"https:\/\/grupohoymexico.com\/puebla\/wp-content\/uploads\/sites\/3\/2025\/05\/WhatsApp-Image-2025-05-27-at-8.33.19-AM-1-1024x690.jpeg 1024w, https:\/\/grupohoymexico.com\/puebla\/wp-content\/uploads\/sites\/3\/2025\/05\/WhatsApp-Image-2025-05-27-at-8.33.19-AM-1-300x202.jpeg 300w, https:\/\/grupohoymexico.com\/puebla\/wp-content\/uploads\/sites\/3\/2025\/05\/WhatsApp-Image-2025-05-27-at-8.33.19-AM-1-768x518.jpeg 768w, https:\/\/grupohoymexico.com\/puebla\/wp-content\/uploads\/sites\/3\/2025\/05\/WhatsApp-Image-2025-05-27-at-8.33.19-AM-1-332x224.jpeg 332w, https:\/\/grupohoymexico.com\/puebla\/wp-content\/uploads\/sites\/3\/2025\/05\/WhatsApp-Image-2025-05-27-at-8.33.19-AM-1-664x448.jpeg 664w, https:\/\/grupohoymexico.com\/puebla\/wp-content\/uploads\/sites\/3\/2025\/05\/WhatsApp-Image-2025-05-27-at-8.33.19-AM-1-688x464.jpeg 688w, https:\/\/grupohoymexico.com\/puebla\/wp-content\/uploads\/sites\/3\/2025\/05\/WhatsApp-Image-2025-05-27-at-8.33.19-AM-1.jpeg 1040w\" sizes=\"(max-width: 1024px) 100vw, 1024px\" \/><\/figure>\n\n\n\n<h2 class=\"wp-block-heading\" id=\"h-juventud-aliada-en-la-transformacion-de-puebla\"><strong>Juventud, aliada en la transformaci\u00f3n de Puebla<\/strong><\/h2>\n\n\n\n<p>La<strong> secretaria de Deporte y Juventud, Gabriela S\u00e1nchez<\/strong>, resalt\u00f3 que el gobierno actual no ve a los j\u00f3venes como espectadores, sino como protagonistas. <\/p>\n\n\n\n<blockquote class=\"wp-block-quote is-layout-flow wp-block-quote-is-layout-flow\">\n<p>\u201cLa energ\u00eda de este sector no se desperdicia. Aqu\u00ed se canaliza para construir un mejor futuro\u201d, expres\u00f3.<\/p>\n<\/blockquote>\n\n\n\n<p><strong>Alexa Espidio, subsecretaria de Juventud<\/strong>, reafirm\u00f3 que la participaci\u00f3n juvenil se convirti\u00f3 en una herramienta crucial para el desarrollo del estado. Mientras tanto, el <strong>coordinador de delegados, H\u00e9ctor Hern\u00e1ndez<\/strong>, se\u00f1al\u00f3 que las pol\u00edticas p\u00fablicas actuales buscan llegar a todos los rincones de <strong>Puebla <\/strong>con una visi\u00f3n inclusiva y cercana a las juventudes.<\/p>\n\n\n\n<p>El gobernador finaliz\u00f3 su mensaje con un llamado directo.<\/p>\n\n\n\n<blockquote class=\"wp-block-quote is-layout-flow wp-block-quote-is-layout-flow\">\n<p> \u201cLa transformaci\u00f3n de Puebla no llegar\u00e1 desde arriba. Nacer\u00e1 desde ustedes, desde sus ideas, su lucha y su esperanza\u201d.<\/p>\n<\/blockquote>\n\n\n\n<figure class=\"wp-block-image size-large\"><img decoding=\"async\" width=\"1024\" height=\"683\" src=\"https:\/\/grupohoymexico.com\/puebla\/wp-content\/uploads\/sites\/3\/2025\/05\/WhatsApp-Image-2025-05-27-at-8.33.18-AM-3-1024x683.jpeg\" alt=\"\" class=\"wp-image-75026\" srcset=\"https:\/\/grupohoymexico.com\/puebla\/wp-content\/uploads\/sites\/3\/2025\/05\/WhatsApp-Image-2025-05-27-at-8.33.18-AM-3-1024x683.jpeg 1024w, https:\/\/grupohoymexico.com\/puebla\/wp-content\/uploads\/sites\/3\/2025\/05\/WhatsApp-Image-2025-05-27-at-8.33.18-AM-3-300x200.jpeg 300w, https:\/\/grupohoymexico.com\/puebla\/wp-content\/uploads\/sites\/3\/2025\/05\/WhatsApp-Image-2025-05-27-at-8.33.18-AM-3-768x512.jpeg 768w, https:\/\/grupohoymexico.com\/puebla\/wp-content\/uploads\/sites\/3\/2025\/05\/WhatsApp-Image-2025-05-27-at-8.33.18-AM-3-332x222.jpeg 332w, https:\/\/grupohoymexico.com\/puebla\/wp-content\/uploads\/sites\/3\/2025\/05\/WhatsApp-Image-2025-05-27-at-8.33.18-AM-3-664x443.jpeg 664w, https:\/\/grupohoymexico.com\/puebla\/wp-content\/uploads\/sites\/3\/2025\/05\/WhatsApp-Image-2025-05-27-at-8.33.18-AM-3-688x459.jpeg 688w, https:\/\/grupohoymexico.com\/puebla\/wp-content\/uploads\/sites\/3\/2025\/05\/WhatsApp-Image-2025-05-27-at-8.33.18-AM-3.jpeg 1040w\" sizes=\"(max-width: 1024px) 100vw, 1024px\" \/><\/figure>\n","protected":false},"excerpt":{"rendered":"Alejandro Armenta, gobernador de Puebla, se reuni\u00f3 este martes con m\u00e1s de mil 500 j\u00f3venes para enviar un&hellip;","protected":false},"author":1,"featured_media":75027,"comment_status":"open","ping_status":"open","sticky":false,"template":"","format":"standard","meta":{"csco_display_header_overlay":false,"csco_singular_sidebar":"","csco_page_header_type":"","csco_page_load_nextpost":"","csco_post_video_location":[],"csco_post_video_location_hash":"","csco_post_video_url":"","csco_post_video_bg_start_time":0,"csco_post_video_bg_end_time":0,"footnotes":""},"categories":[29],"tags":[98,168,843,1096,1095,1097],"class_list":{"0":"post-75024","1":"post","2":"type-post","3":"status-publish","4":"format-standard","5":"has-post-thumbnail","7":"category-estatal","8":"tag-alejandro-armenta","9":"tag-gobierno-de-puebla","10":"tag-jovenes","11":"tag-juventud","12":"tag-reunion","13":"tag-transformacion","14":"cs-entry","15":"cs-video-wrap"},"yoast_head":"<!-- This site is optimized with the Yoast SEO Premium plugin v24.7 (Yoast SEO v27.4) - https:\/\/yoast.com\/product\/yoast-seo-premium-wordpress\/ -->\n<title>Gobierno de Puebla impulsa una transformaci\u00f3n con rostro joven - Grupo Hoy Puebla<\/title>\n<meta name=\"description\" content=\"Alejandro Armenta se reuni\u00f3 con m\u00e1s de 1,500 j\u00f3venes en Puebla y los llam\u00f3 a liderar la transformaci\u00f3n del estado.\" \/>\n<meta name=\"robots\" content=\"index, follow, max-snippet:-1, max-image-preview:large, max-video-preview:-1\" \/>\n<link rel=\"canonical\" href=\"https:\/\/grupohoymexico.com\/puebla\/2025\/05\/27\/gobierno-de-puebla-impulsa-una-transformacion-con-rostro-joven\/\" \/>\n<meta property=\"og:locale\" content=\"es_MX\" \/>\n<meta property=\"og:type\" content=\"article\" \/>\n<meta property=\"og:title\" content=\"Gobierno de Puebla impulsa una transformaci\u00f3n con rostro joven\" \/>\n<meta property=\"og:description\" content=\"Alejandro Armenta se reuni\u00f3 con m\u00e1s de 1,500 j\u00f3venes en Puebla y los llam\u00f3 a liderar la transformaci\u00f3n del estado.\" \/>\n<meta property=\"og:url\" content=\"https:\/\/grupohoymexico.com\/puebla\/2025\/05\/27\/gobierno-de-puebla-impulsa-una-transformacion-con-rostro-joven\/\" \/>\n<meta property=\"og:site_name\" content=\"Grupo Hoy Puebla\" \/>\n<meta property=\"article:published_time\" content=\"2025-05-27T15:35:22+00:00\" \/>\n<meta property=\"article:modified_time\" content=\"2025-05-27T15:35:23+00:00\" \/>\n<meta property=\"og:image\" content=\"https:\/\/grupohoymexico.com\/puebla\/wp-content\/uploads\/sites\/3\/2025\/05\/5019293563623681937.jpg\" \/>\n\t<meta property=\"og:image:width\" content=\"1280\" \/>\n\t<meta property=\"og:image:height\" content=\"680\" \/>\n\t<meta property=\"og:image:type\" content=\"image\/jpeg\" \/>\n<meta name=\"author\" content=\"user\" \/>\n<meta name=\"twitter:card\" content=\"summary_large_image\" \/>\n<meta name=\"twitter:label1\" content=\"Escrito por\" \/>\n\t<meta name=\"twitter:data1\" content=\"user\" \/>\n\t<meta name=\"twitter:label2\" content=\"Tiempo de lectura\" \/>\n\t<meta name=\"twitter:data2\" content=\"2 minutos\" \/>\n<script type=\"application\/ld+json\" class=\"yoast-schema-graph\">{\"@context\":\"https:\\\/\\\/schema.org\",\"@graph\":[{\"@type\":\"Article\",\"@id\":\"https:\\\/\\\/grupohoymexico.com\\\/puebla\\\/2025\\\/05\\\/27\\\/gobierno-de-puebla-impulsa-una-transformacion-con-rostro-joven\\\/#article\",\"isPartOf\":{\"@id\":\"https:\\\/\\\/grupohoymexico.com\\\/puebla\\\/2025\\\/05\\\/27\\\/gobierno-de-puebla-impulsa-una-transformacion-con-rostro-joven\\\/\"},\"author\":{\"name\":\"user\",\"@id\":\"https:\\\/\\\/grupohoymexico.com\\\/puebla\\\/#\\\/schema\\\/person\\\/ce6086ac837852775a3a4f539356c297\"},\"headline\":\"Gobierno de Puebla impulsa una transformaci\u00f3n con rostro joven\",\"datePublished\":\"2025-05-27T15:35:22+00:00\",\"dateModified\":\"2025-05-27T15:35:23+00:00\",\"mainEntityOfPage\":{\"@id\":\"https:\\\/\\\/grupohoymexico.com\\\/puebla\\\/2025\\\/05\\\/27\\\/gobierno-de-puebla-impulsa-una-transformacion-con-rostro-joven\\\/\"},\"wordCount\":293,\"commentCount\":0,\"image\":{\"@id\":\"https:\\\/\\\/grupohoymexico.com\\\/puebla\\\/2025\\\/05\\\/27\\\/gobierno-de-puebla-impulsa-una-transformacion-con-rostro-joven\\\/#primaryimage\"},\"thumbnailUrl\":\"https:\\\/\\\/grupohoymexico.com\\\/puebla\\\/wp-content\\\/uploads\\\/sites\\\/3\\\/2025\\\/05\\\/5019293563623681937.jpg\",\"keywords\":[\"Alejandro Armenta\",\"Gobierno de Puebla\",\"j\u00f3venes\",\"juventud\",\"reuni\u00f3n\",\"transformaci\u00f3n\"],\"articleSection\":[\"Estatal\"],\"inLanguage\":\"es\",\"potentialAction\":[{\"@type\":\"CommentAction\",\"name\":\"Comment\",\"target\":[\"https:\\\/\\\/grupohoymexico.com\\\/puebla\\\/2025\\\/05\\\/27\\\/gobierno-de-puebla-impulsa-una-transformacion-con-rostro-joven\\\/#respond\"]}]},{\"@type\":\"WebPage\",\"@id\":\"https:\\\/\\\/grupohoymexico.com\\\/puebla\\\/2025\\\/05\\\/27\\\/gobierno-de-puebla-impulsa-una-transformacion-con-rostro-joven\\\/\",\"url\":\"https:\\\/\\\/grupohoymexico.com\\\/puebla\\\/2025\\\/05\\\/27\\\/gobierno-de-puebla-impulsa-una-transformacion-con-rostro-joven\\\/\",\"name\":\"Gobierno de Puebla impulsa una transformaci\u00f3n con rostro joven - Grupo Hoy Puebla\",\"isPartOf\":{\"@id\":\"https:\\\/\\\/grupohoymexico.com\\\/puebla\\\/#website\"},\"primaryImageOfPage\":{\"@id\":\"https:\\\/\\\/grupohoymexico.com\\\/puebla\\\/2025\\\/05\\\/27\\\/gobierno-de-puebla-impulsa-una-transformacion-con-rostro-joven\\\/#primaryimage\"},\"image\":{\"@id\":\"https:\\\/\\\/grupohoymexico.com\\\/puebla\\\/2025\\\/05\\\/27\\\/gobierno-de-puebla-impulsa-una-transformacion-con-rostro-joven\\\/#primaryimage\"},\"thumbnailUrl\":\"https:\\\/\\\/grupohoymexico.com\\\/puebla\\\/wp-content\\\/uploads\\\/sites\\\/3\\\/2025\\\/05\\\/5019293563623681937.jpg\",\"datePublished\":\"2025-05-27T15:35:22+00:00\",\"dateModified\":\"2025-05-27T15:35:23+00:00\",\"author\":{\"@id\":\"https:\\\/\\\/grupohoymexico.com\\\/puebla\\\/#\\\/schema\\\/person\\\/ce6086ac837852775a3a4f539356c297\"},\"description\":\"Alejandro Armenta se reuni\u00f3 con m\u00e1s de 1,500 j\u00f3venes en Puebla y los llam\u00f3 a liderar la transformaci\u00f3n del estado.\",\"breadcrumb\":{\"@id\":\"https:\\\/\\\/grupohoymexico.com\\\/puebla\\\/2025\\\/05\\\/27\\\/gobierno-de-puebla-impulsa-una-transformacion-con-rostro-joven\\\/#breadcrumb\"},\"inLanguage\":\"es\",\"potentialAction\":[{\"@type\":\"ReadAction\",\"target\":[\"https:\\\/\\\/grupohoymexico.com\\\/puebla\\\/2025\\\/05\\\/27\\\/gobierno-de-puebla-impulsa-una-transformacion-con-rostro-joven\\\/\"]}]},{\"@type\":\"ImageObject\",\"inLanguage\":\"es\",\"@id\":\"https:\\\/\\\/grupohoymexico.com\\\/puebla\\\/2025\\\/05\\\/27\\\/gobierno-de-puebla-impulsa-una-transformacion-con-rostro-joven\\\/#primaryimage\",\"url\":\"https:\\\/\\\/grupohoymexico.com\\\/puebla\\\/wp-content\\\/uploads\\\/sites\\\/3\\\/2025\\\/05\\\/5019293563623681937.jpg\",\"contentUrl\":\"https:\\\/\\\/grupohoymexico.com\\\/puebla\\\/wp-content\\\/uploads\\\/sites\\\/3\\\/2025\\\/05\\\/5019293563623681937.jpg\",\"width\":1280,\"height\":680,\"caption\":\"Puebla_j\u00f3venes\"},{\"@type\":\"BreadcrumbList\",\"@id\":\"https:\\\/\\\/grupohoymexico.com\\\/puebla\\\/2025\\\/05\\\/27\\\/gobierno-de-puebla-impulsa-una-transformacion-con-rostro-joven\\\/#breadcrumb\",\"itemListElement\":[{\"@type\":\"ListItem\",\"position\":1,\"name\":\"Inicio\",\"item\":\"https:\\\/\\\/grupohoymexico.com\\\/puebla\\\/\"},{\"@type\":\"ListItem\",\"position\":2,\"name\":\"Gobierno de Puebla impulsa una transformaci\u00f3n con rostro joven\"}]},{\"@type\":\"WebSite\",\"@id\":\"https:\\\/\\\/grupohoymexico.com\\\/puebla\\\/#website\",\"url\":\"https:\\\/\\\/grupohoymexico.com\\\/puebla\\\/\",\"name\":\"Grupo Hoy Puebla\",\"description\":\"\",\"potentialAction\":[{\"@type\":\"SearchAction\",\"target\":{\"@type\":\"EntryPoint\",\"urlTemplate\":\"https:\\\/\\\/grupohoymexico.com\\\/puebla\\\/?s={search_term_string}\"},\"query-input\":{\"@type\":\"PropertyValueSpecification\",\"valueRequired\":true,\"valueName\":\"search_term_string\"}}],\"inLanguage\":\"es\"},{\"@type\":\"Person\",\"@id\":\"https:\\\/\\\/grupohoymexico.com\\\/puebla\\\/#\\\/schema\\\/person\\\/ce6086ac837852775a3a4f539356c297\",\"name\":\"user\",\"image\":{\"@type\":\"ImageObject\",\"inLanguage\":\"es\",\"@id\":\"https:\\\/\\\/secure.gravatar.com\\\/avatar\\\/25f78de4fa956f6f7c01f8d96f8087d8958ebe06d57e630cd54e36aefb9dacea?s=96&d=mm&r=g\",\"url\":\"https:\\\/\\\/secure.gravatar.com\\\/avatar\\\/25f78de4fa956f6f7c01f8d96f8087d8958ebe06d57e630cd54e36aefb9dacea?s=96&d=mm&r=g\",\"contentUrl\":\"https:\\\/\\\/secure.gravatar.com\\\/avatar\\\/25f78de4fa956f6f7c01f8d96f8087d8958ebe06d57e630cd54e36aefb9dacea?s=96&d=mm&r=g\",\"caption\":\"user\"},\"sameAs\":[\"http:\\\/\\\/44.197.188.197.nip.io\"],\"url\":\"https:\\\/\\\/grupohoymexico.com\\\/puebla\\\/author\\\/user\\\/\"}]}<\/script>\n<!-- \/ Yoast SEO Premium plugin. -->","yoast_head_json":{"title":"Gobierno de Puebla impulsa una transformaci\u00f3n con rostro joven - Grupo Hoy Puebla","description":"Alejandro Armenta se reuni\u00f3 con m\u00e1s de 1,500 j\u00f3venes en Puebla y los llam\u00f3 a liderar la transformaci\u00f3n del estado.","robots":{"index":"index","follow":"follow","max-snippet":"max-snippet:-1","max-image-preview":"max-image-preview:large","max-video-preview":"max-video-preview:-1"},"canonical":"https:\/\/grupohoymexico.com\/puebla\/2025\/05\/27\/gobierno-de-puebla-impulsa-una-transformacion-con-rostro-joven\/","og_locale":"es_MX","og_type":"article","og_title":"Gobierno de Puebla impulsa una transformaci\u00f3n con rostro joven","og_description":"Alejandro Armenta se reuni\u00f3 con m\u00e1s de 1,500 j\u00f3venes en Puebla y los llam\u00f3 a liderar la transformaci\u00f3n del estado.","og_url":"https:\/\/grupohoymexico.com\/puebla\/2025\/05\/27\/gobierno-de-puebla-impulsa-una-transformacion-con-rostro-joven\/","og_site_name":"Grupo Hoy Puebla","article_published_time":"2025-05-27T15:35:22+00:00","article_modified_time":"2025-05-27T15:35:23+00:00","og_image":[{"width":1280,"height":680,"url":"https:\/\/grupohoymexico.com\/puebla\/wp-content\/uploads\/sites\/3\/2025\/05\/5019293563623681937.jpg","type":"image\/jpeg"}],"author":"user","twitter_card":"summary_large_image","twitter_misc":{"Escrito por":"user","Tiempo de lectura":"2 minutos"},"schema":{"@context":"https:\/\/schema.org","@graph":[{"@type":"Article","@id":"https:\/\/grupohoymexico.com\/puebla\/2025\/05\/27\/gobierno-de-puebla-impulsa-una-transformacion-con-rostro-joven\/#article","isPartOf":{"@id":"https:\/\/grupohoymexico.com\/puebla\/2025\/05\/27\/gobierno-de-puebla-impulsa-una-transformacion-con-rostro-joven\/"},"author":{"name":"user","@id":"https:\/\/grupohoymexico.com\/puebla\/#\/schema\/person\/ce6086ac837852775a3a4f539356c297"},"headline":"Gobierno de Puebla impulsa una transformaci\u00f3n con rostro joven","datePublished":"2025-05-27T15:35:22+00:00","dateModified":"2025-05-27T15:35:23+00:00","mainEntityOfPage":{"@id":"https:\/\/grupohoymexico.com\/puebla\/2025\/05\/27\/gobierno-de-puebla-impulsa-una-transformacion-con-rostro-joven\/"},"wordCount":293,"commentCount":0,"image":{"@id":"https:\/\/grupohoymexico.com\/puebla\/2025\/05\/27\/gobierno-de-puebla-impulsa-una-transformacion-con-rostro-joven\/#primaryimage"},"thumbnailUrl":"https:\/\/grupohoymexico.com\/puebla\/wp-content\/uploads\/sites\/3\/2025\/05\/5019293563623681937.jpg","keywords":["Alejandro Armenta","Gobierno de Puebla","j\u00f3venes","juventud","reuni\u00f3n","transformaci\u00f3n"],"articleSection":["Estatal"],"inLanguage":"es","potentialAction":[{"@type":"CommentAction","name":"Comment","target":["https:\/\/grupohoymexico.com\/puebla\/2025\/05\/27\/gobierno-de-puebla-impulsa-una-transformacion-con-rostro-joven\/#respond"]}]},{"@type":"WebPage","@id":"https:\/\/grupohoymexico.com\/puebla\/2025\/05\/27\/gobierno-de-puebla-impulsa-una-transformacion-con-rostro-joven\/","url":"https:\/\/grupohoymexico.com\/puebla\/2025\/05\/27\/gobierno-de-puebla-impulsa-una-transformacion-con-rostro-joven\/","name":"Gobierno de Puebla impulsa una transformaci\u00f3n con rostro joven - Grupo Hoy Puebla","isPartOf":{"@id":"https:\/\/grupohoymexico.com\/puebla\/#website"},"primaryImageOfPage":{"@id":"https:\/\/grupohoymexico.com\/puebla\/2025\/05\/27\/gobierno-de-puebla-impulsa-una-transformacion-con-rostro-joven\/#primaryimage"},"image":{"@id":"https:\/\/grupohoymexico.com\/puebla\/2025\/05\/27\/gobierno-de-puebla-impulsa-una-transformacion-con-rostro-joven\/#primaryimage"},"thumbnailUrl":"https:\/\/grupohoymexico.com\/puebla\/wp-content\/uploads\/sites\/3\/2025\/05\/5019293563623681937.jpg","datePublished":"2025-05-27T15:35:22+00:00","dateModified":"2025-05-27T15:35:23+00:00","author":{"@id":"https:\/\/grupohoymexico.com\/puebla\/#\/schema\/person\/ce6086ac837852775a3a4f539356c297"},"description":"Alejandro Armenta se reuni\u00f3 con m\u00e1s de 1,500 j\u00f3venes en Puebla y los llam\u00f3 a liderar la transformaci\u00f3n del estado.","breadcrumb":{"@id":"https:\/\/grupohoymexico.com\/puebla\/2025\/05\/27\/gobierno-de-puebla-impulsa-una-transformacion-con-rostro-joven\/#breadcrumb"},"inLanguage":"es","potentialAction":[{"@type":"ReadAction","target":["https:\/\/grupohoymexico.com\/puebla\/2025\/05\/27\/gobierno-de-puebla-impulsa-una-transformacion-con-rostro-joven\/"]}]},{"@type":"ImageObject","inLanguage":"es","@id":"https:\/\/grupohoymexico.com\/puebla\/2025\/05\/27\/gobierno-de-puebla-impulsa-una-transformacion-con-rostro-joven\/#primaryimage","url":"https:\/\/grupohoymexico.com\/puebla\/wp-content\/uploads\/sites\/3\/2025\/05\/5019293563623681937.jpg","contentUrl":"https:\/\/grupohoymexico.com\/puebla\/wp-content\/uploads\/sites\/3\/2025\/05\/5019293563623681937.jpg","width":1280,"height":680,"caption":"Puebla_j\u00f3venes"},{"@type":"BreadcrumbList","@id":"https:\/\/grupohoymexico.com\/puebla\/2025\/05\/27\/gobierno-de-puebla-impulsa-una-transformacion-con-rostro-joven\/#breadcrumb","itemListElement":[{"@type":"ListItem","position":1,"name":"Inicio","item":"https:\/\/grupohoymexico.com\/puebla\/"},{"@type":"ListItem","position":2,"name":"Gobierno de Puebla impulsa una transformaci\u00f3n con rostro joven"}]},{"@type":"WebSite","@id":"https:\/\/grupohoymexico.com\/puebla\/#website","url":"https:\/\/grupohoymexico.com\/puebla\/","name":"Grupo Hoy Puebla","description":"","potentialAction":[{"@type":"SearchAction","target":{"@type":"EntryPoint","urlTemplate":"https:\/\/grupohoymexico.com\/puebla\/?s={search_term_string}"},"query-input":{"@type":"PropertyValueSpecification","valueRequired":true,"valueName":"search_term_string"}}],"inLanguage":"es"},{"@type":"Person","@id":"https:\/\/grupohoymexico.com\/puebla\/#\/schema\/person\/ce6086ac837852775a3a4f539356c297","name":"user","image":{"@type":"ImageObject","inLanguage":"es","@id":"https:\/\/secure.gravatar.com\/avatar\/25f78de4fa956f6f7c01f8d96f8087d8958ebe06d57e630cd54e36aefb9dacea?s=96&d=mm&r=g","url":"https:\/\/secure.gravatar.com\/avatar\/25f78de4fa956f6f7c01f8d96f8087d8958ebe06d57e630cd54e36aefb9dacea?s=96&d=mm&r=g","contentUrl":"https:\/\/secure.gravatar.com\/avatar\/25f78de4fa956f6f7c01f8d96f8087d8958ebe06d57e630cd54e36aefb9dacea?s=96&d=mm&r=g","caption":"user"},"sameAs":["http:\/\/44.197.188.197.nip.io"],"url":"https:\/\/grupohoymexico.com\/puebla\/author\/user\/"}]}},"_links":{"self":[{"href":"https:\/\/grupohoymexico.com\/puebla\/wp-json\/wp\/v2\/posts\/75024","targetHints":{"allow":["GET"]}}],"collection":[{"href":"https:\/\/grupohoymexico.com\/puebla\/wp-json\/wp\/v2\/posts"}],"about":[{"href":"https:\/\/grupohoymexico.com\/puebla\/wp-json\/wp\/v2\/types\/post"}],"author":[{"embeddable":true,"href":"https:\/\/grupohoymexico.com\/puebla\/wp-json\/wp\/v2\/users\/1"}],"replies":[{"embeddable":true,"href":"https:\/\/grupohoymexico.com\/puebla\/wp-json\/wp\/v2\/comments?post=75024"}],"version-history":[{"count":1,"href":"https:\/\/grupohoymexico.com\/puebla\/wp-json\/wp\/v2\/posts\/75024\/revisions"}],"predecessor-version":[{"id":75028,"href":"https:\/\/grupohoymexico.com\/puebla\/wp-json\/wp\/v2\/posts\/75024\/revisions\/75028"}],"wp:featuredmedia":[{"embeddable":true,"href":"https:\/\/grupohoymexico.com\/puebla\/wp-json\/wp\/v2\/media\/75027"}],"wp:attachment":[{"href":"https:\/\/grupohoymexico.com\/puebla\/wp-json\/wp\/v2\/media?parent=75024"}],"wp:term":[{"taxonomy":"category","embeddable":true,"href":"https:\/\/grupohoymexico.com\/puebla\/wp-json\/wp\/v2\/categories?post=75024"},{"taxonomy":"post_tag","embeddable":true,"href":"https:\/\/grupohoymexico.com\/puebla\/wp-json\/wp\/v2\/tags?post=75024"}],"curies":[{"name":"wp","href":"https:\/\/api.w.org\/{rel}","templated":true}]}}