{"id":75002,"date":"2025-05-26T16:19:37","date_gmt":"2025-05-26T16:19:37","guid":{"rendered":"https:\/\/grupohoymexico.com\/puebla\/?p=75002"},"modified":"2025-05-26T16:19:38","modified_gmt":"2025-05-26T16:19:38","slug":"puebla-busca-el-reconocimiento-del-mole-de-caderas-con-indicacion-geografica-ante-el-impi","status":"publish","type":"post","link":"https:\/\/grupohoymexico.com\/puebla\/2025\/05\/26\/puebla-busca-el-reconocimiento-del-mole-de-caderas-con-indicacion-geografica-ante-el-impi\/","title":{"rendered":"Puebla busca el reconocimiento del mole de caderas con Indicaci\u00f3n Geogr\u00e1fica ante el IMPI"},"content":{"rendered":"\n<p>En<strong> Tehuac\u00e1n<\/strong>, el <strong>gobierno de Puebla <\/strong>comenz\u00f3 a organizar un <strong>Consejo Regulador para el Mole de Caderas<\/strong>, uno de los platillos m\u00e1s reconocidos de la regi\u00f3n. Este organismo tendr\u00e1 la tarea de asegurar que el mole mantenga su calidad original y, a futuro, lograr el reconocimiento oficial como producto con <strong>Indicaci\u00f3n Geogr\u00e1fica otorgado por el <a href=\"https:\/\/www.gob.mx\/impi\">Instituto Mexicano de la Propiedad Industrial (IMPI).<\/a><\/strong><\/p>\n\n\n\n<h2 class=\"wp-block-heading\" id=\"h-un-esfuerzo-conjunto-para-preservar-una-tradicion\"><strong>Un esfuerzo conjunto para preservar una tradici\u00f3n<\/strong><\/h2>\n\n\n\n<p>La reuni\u00f3n cont\u00f3 con la participaci\u00f3n de diversos actores: <strong>productores, cocineras tradicionales, vendedores, representantes culturales y autoridades estatales<\/strong>. El <strong><a href=\"https:\/\/grupohoymexico.com\/puebla\/2025\/02\/24\/empresarios-de-cantabria-espana-exploran-oportunidades-de-inversion-en-puebla\/\">secretario de Desarrollo Econ\u00f3mico y Trabajo, V\u00edctor Gabriel Chedraui<\/a><\/strong>, lider\u00f3 el encuentro, acompa\u00f1ado por<strong> Ricardo Oca\u00f1a Barrientos, quien dirige el proyecto desde la Secretar\u00eda de Desarrollo Econ\u00f3mico y Trabajo.<\/strong><\/p>\n\n\n\n<p>Se destac\u00f3 que el consejo deber\u00e1 supervisar todo el proceso de elaboraci\u00f3n, desde la crianza del chivo hasta la preparaci\u00f3n del mole con ingredientes aut\u00f3ctonos y respetando las t\u00e9cnicas ancestrales. <strong>Tambi\u00e9n es fundamental la coordinaci\u00f3n para marcar el inicio oficial de la temporada y garantizar la autenticidad del producto.<\/strong><\/p>\n\n\n\n<figure class=\"wp-block-image size-large\"><img fetchpriority=\"high\" decoding=\"async\" width=\"1024\" height=\"519\" src=\"https:\/\/grupohoymexico.com\/puebla\/wp-content\/uploads\/sites\/3\/2025\/05\/e0c3c1ac-eb9f-4969-bd7c-7035cd775d7b-1024x519.jpeg\" alt=\"\" class=\"wp-image-75003\" srcset=\"https:\/\/grupohoymexico.com\/puebla\/wp-content\/uploads\/sites\/3\/2025\/05\/e0c3c1ac-eb9f-4969-bd7c-7035cd775d7b-1024x519.jpeg 1024w, https:\/\/grupohoymexico.com\/puebla\/wp-content\/uploads\/sites\/3\/2025\/05\/e0c3c1ac-eb9f-4969-bd7c-7035cd775d7b-300x152.jpeg 300w, https:\/\/grupohoymexico.com\/puebla\/wp-content\/uploads\/sites\/3\/2025\/05\/e0c3c1ac-eb9f-4969-bd7c-7035cd775d7b-768x389.jpeg 768w, https:\/\/grupohoymexico.com\/puebla\/wp-content\/uploads\/sites\/3\/2025\/05\/e0c3c1ac-eb9f-4969-bd7c-7035cd775d7b-1536x778.jpeg 1536w, https:\/\/grupohoymexico.com\/puebla\/wp-content\/uploads\/sites\/3\/2025\/05\/e0c3c1ac-eb9f-4969-bd7c-7035cd775d7b-2048x1038.jpeg 2048w, https:\/\/grupohoymexico.com\/puebla\/wp-content\/uploads\/sites\/3\/2025\/05\/e0c3c1ac-eb9f-4969-bd7c-7035cd775d7b-332x168.jpeg 332w, https:\/\/grupohoymexico.com\/puebla\/wp-content\/uploads\/sites\/3\/2025\/05\/e0c3c1ac-eb9f-4969-bd7c-7035cd775d7b-664x337.jpeg 664w, https:\/\/grupohoymexico.com\/puebla\/wp-content\/uploads\/sites\/3\/2025\/05\/e0c3c1ac-eb9f-4969-bd7c-7035cd775d7b-688x349.jpeg 688w, https:\/\/grupohoymexico.com\/puebla\/wp-content\/uploads\/sites\/3\/2025\/05\/e0c3c1ac-eb9f-4969-bd7c-7035cd775d7b-1044x529.jpeg 1044w, https:\/\/grupohoymexico.com\/puebla\/wp-content\/uploads\/sites\/3\/2025\/05\/e0c3c1ac-eb9f-4969-bd7c-7035cd775d7b-1400x709.jpeg 1400w, https:\/\/grupohoymexico.com\/puebla\/wp-content\/uploads\/sites\/3\/2025\/05\/e0c3c1ac-eb9f-4969-bd7c-7035cd775d7b-1920x973.jpeg 1920w, https:\/\/grupohoymexico.com\/puebla\/wp-content\/uploads\/sites\/3\/2025\/05\/e0c3c1ac-eb9f-4969-bd7c-7035cd775d7b-scaled.jpeg 2560w\" sizes=\"(max-width: 1024px) 100vw, 1024px\" \/><\/figure>\n\n\n\n<h2 class=\"wp-block-heading\" id=\"h-proteccion-y-promocion-del-mole-de-caderas-como-patrimonio-cultural\"><strong>Protecci\u00f3n y promoci\u00f3n del mole de caderas como patrimonio cultural<\/strong><\/h2>\n\n\n\n<p>El <strong>Consejo Regulador<\/strong> tendr\u00e1 la responsabilidad de certificar que cada platillo cumpla con los est\u00e1ndares de calidad y proteger el nombre frente a posibles usos incorrectos. Para ello,<strong> se integrar\u00e1 un equipo de verificadores que vigilar\u00e1 el cumplimiento de las normativas establecidas.<\/strong><\/p>\n\n\n\n<p>El <strong>mole de caderas<\/strong> es m\u00e1s que un platillo, es un s\u00edmbolo cultural ligado al <strong>Festival de la Matanza<\/strong>, donde se realizan ceremonias con danzas, flores e incienso. Con la creaci\u00f3n del consejo, <strong>Puebla da un paso firme para preservar esta tradici\u00f3n y posicionarla como un producto reconocido nacional e internacionalmente.<\/strong><\/p>\n\n\n\n<figure class=\"wp-block-image size-large\"><img decoding=\"async\" width=\"1024\" height=\"607\" src=\"https:\/\/grupohoymexico.com\/puebla\/wp-content\/uploads\/sites\/3\/2025\/05\/mole_de_caderas-1024x607.jpg\" alt=\"\" class=\"wp-image-75004\" srcset=\"https:\/\/grupohoymexico.com\/puebla\/wp-content\/uploads\/sites\/3\/2025\/05\/mole_de_caderas-1024x607.jpg 1024w, https:\/\/grupohoymexico.com\/puebla\/wp-content\/uploads\/sites\/3\/2025\/05\/mole_de_caderas-300x178.jpg 300w, https:\/\/grupohoymexico.com\/puebla\/wp-content\/uploads\/sites\/3\/2025\/05\/mole_de_caderas-768x455.jpg 768w, https:\/\/grupohoymexico.com\/puebla\/wp-content\/uploads\/sites\/3\/2025\/05\/mole_de_caderas-332x197.jpg 332w, https:\/\/grupohoymexico.com\/puebla\/wp-content\/uploads\/sites\/3\/2025\/05\/mole_de_caderas-664x393.jpg 664w, https:\/\/grupohoymexico.com\/puebla\/wp-content\/uploads\/sites\/3\/2025\/05\/mole_de_caderas-688x408.jpg 688w, https:\/\/grupohoymexico.com\/puebla\/wp-content\/uploads\/sites\/3\/2025\/05\/mole_de_caderas-1044x619.jpg 1044w, https:\/\/grupohoymexico.com\/puebla\/wp-content\/uploads\/sites\/3\/2025\/05\/mole_de_caderas.jpg 1242w\" sizes=\"(max-width: 1024px) 100vw, 1024px\" \/><\/figure>\n","protected":false},"excerpt":{"rendered":"En Tehuac\u00e1n, el gobierno de Puebla comenz\u00f3 a organizar un Consejo Regulador para el Mole de Caderas, uno&hellip;","protected":false},"author":1,"featured_media":75005,"comment_status":"open","ping_status":"open","sticky":false,"template":"","format":"standard","meta":{"csco_display_header_overlay":false,"csco_singular_sidebar":"","csco_page_header_type":"","csco_page_load_nextpost":"","csco_post_video_location":[],"csco_post_video_location_hash":"","csco_post_video_url":"","csco_post_video_bg_start_time":0,"csco_post_video_bg_end_time":0,"footnotes":""},"categories":[29],"tags":[1087,168,1088,1089,40,481],"class_list":{"0":"post-75002","1":"post","2":"type-post","3":"status-publish","4":"format-standard","5":"has-post-thumbnail","7":"category-estatal","8":"tag-consejo-regulador-para-el-mole-de-caderas","9":"tag-gobierno-de-puebla","10":"tag-impi","11":"tag-indicacion-geografica","12":"tag-puebla","13":"tag-tehuacan","14":"cs-entry","15":"cs-video-wrap"},"yoast_head":"<!-- This site is optimized with the Yoast SEO Premium plugin v24.7 (Yoast SEO v27.4) - https:\/\/yoast.com\/product\/yoast-seo-premium-wordpress\/ -->\n<title>Puebla busca el reconocimiento del mole de caderas con Indicaci\u00f3n Geogr\u00e1fica ante el IMPI - Grupo Hoy Puebla<\/title>\n<meta name=\"description\" content=\"Puebla crea Consejo Regulador para proteger el Mole de Caderas y obtener la Indicaci\u00f3n Geogr\u00e1fica del IMPI, garantizando su tradici\u00f3n.\" \/>\n<meta name=\"robots\" content=\"index, follow, max-snippet:-1, max-image-preview:large, max-video-preview:-1\" \/>\n<link rel=\"canonical\" href=\"https:\/\/grupohoymexico.com\/puebla\/2025\/05\/26\/puebla-busca-el-reconocimiento-del-mole-de-caderas-con-indicacion-geografica-ante-el-impi\/\" \/>\n<meta property=\"og:locale\" content=\"es_MX\" \/>\n<meta property=\"og:type\" content=\"article\" \/>\n<meta property=\"og:title\" content=\"Puebla busca el reconocimiento del mole de caderas con Indicaci\u00f3n Geogr\u00e1fica ante el IMPI\" \/>\n<meta property=\"og:description\" content=\"Puebla crea Consejo Regulador para proteger el Mole de Caderas y obtener la Indicaci\u00f3n Geogr\u00e1fica del IMPI, garantizando su tradici\u00f3n.\" \/>\n<meta property=\"og:url\" content=\"https:\/\/grupohoymexico.com\/puebla\/2025\/05\/26\/puebla-busca-el-reconocimiento-del-mole-de-caderas-con-indicacion-geografica-ante-el-impi\/\" \/>\n<meta property=\"og:site_name\" content=\"Grupo Hoy Puebla\" \/>\n<meta property=\"article:published_time\" content=\"2025-05-26T16:19:37+00:00\" \/>\n<meta property=\"article:modified_time\" content=\"2025-05-26T16:19:38+00:00\" \/>\n<meta property=\"og:image\" content=\"https:\/\/grupohoymexico.com\/puebla\/wp-content\/uploads\/sites\/3\/2025\/05\/5019549238731847130.jpg\" \/>\n\t<meta property=\"og:image:width\" content=\"1280\" \/>\n\t<meta property=\"og:image:height\" content=\"680\" \/>\n\t<meta property=\"og:image:type\" content=\"image\/jpeg\" \/>\n<meta name=\"author\" content=\"user\" \/>\n<meta name=\"twitter:card\" content=\"summary_large_image\" \/>\n<meta name=\"twitter:label1\" content=\"Escrito por\" \/>\n\t<meta name=\"twitter:data1\" content=\"user\" \/>\n\t<meta name=\"twitter:label2\" content=\"Tiempo de lectura\" \/>\n\t<meta name=\"twitter:data2\" content=\"2 minutos\" \/>\n<script type=\"application\/ld+json\" class=\"yoast-schema-graph\">{\"@context\":\"https:\\\/\\\/schema.org\",\"@graph\":[{\"@type\":\"Article\",\"@id\":\"https:\\\/\\\/grupohoymexico.com\\\/puebla\\\/2025\\\/05\\\/26\\\/puebla-busca-el-reconocimiento-del-mole-de-caderas-con-indicacion-geografica-ante-el-impi\\\/#article\",\"isPartOf\":{\"@id\":\"https:\\\/\\\/grupohoymexico.com\\\/puebla\\\/2025\\\/05\\\/26\\\/puebla-busca-el-reconocimiento-del-mole-de-caderas-con-indicacion-geografica-ante-el-impi\\\/\"},\"author\":{\"name\":\"user\",\"@id\":\"https:\\\/\\\/grupohoymexico.com\\\/puebla\\\/#\\\/schema\\\/person\\\/ce6086ac837852775a3a4f539356c297\"},\"headline\":\"Puebla busca el reconocimiento del mole de caderas con Indicaci\u00f3n Geogr\u00e1fica ante el IMPI\",\"datePublished\":\"2025-05-26T16:19:37+00:00\",\"dateModified\":\"2025-05-26T16:19:38+00:00\",\"mainEntityOfPage\":{\"@id\":\"https:\\\/\\\/grupohoymexico.com\\\/puebla\\\/2025\\\/05\\\/26\\\/puebla-busca-el-reconocimiento-del-mole-de-caderas-con-indicacion-geografica-ante-el-impi\\\/\"},\"wordCount\":312,\"commentCount\":0,\"image\":{\"@id\":\"https:\\\/\\\/grupohoymexico.com\\\/puebla\\\/2025\\\/05\\\/26\\\/puebla-busca-el-reconocimiento-del-mole-de-caderas-con-indicacion-geografica-ante-el-impi\\\/#primaryimage\"},\"thumbnailUrl\":\"https:\\\/\\\/grupohoymexico.com\\\/puebla\\\/wp-content\\\/uploads\\\/sites\\\/3\\\/2025\\\/05\\\/5019549238731847130.jpg\",\"keywords\":[\"Consejo Regulador para el Mole de Caderas\",\"Gobierno de Puebla\",\"IMPI\",\"Indicaci\u00f3n Geogr\u00e1fica\",\"puebla\",\"Tehuac\u00e1n\"],\"articleSection\":[\"Estatal\"],\"inLanguage\":\"es\",\"potentialAction\":[{\"@type\":\"CommentAction\",\"name\":\"Comment\",\"target\":[\"https:\\\/\\\/grupohoymexico.com\\\/puebla\\\/2025\\\/05\\\/26\\\/puebla-busca-el-reconocimiento-del-mole-de-caderas-con-indicacion-geografica-ante-el-impi\\\/#respond\"]}]},{\"@type\":\"WebPage\",\"@id\":\"https:\\\/\\\/grupohoymexico.com\\\/puebla\\\/2025\\\/05\\\/26\\\/puebla-busca-el-reconocimiento-del-mole-de-caderas-con-indicacion-geografica-ante-el-impi\\\/\",\"url\":\"https:\\\/\\\/grupohoymexico.com\\\/puebla\\\/2025\\\/05\\\/26\\\/puebla-busca-el-reconocimiento-del-mole-de-caderas-con-indicacion-geografica-ante-el-impi\\\/\",\"name\":\"Puebla busca el reconocimiento del mole de caderas con Indicaci\u00f3n Geogr\u00e1fica ante el IMPI - Grupo Hoy Puebla\",\"isPartOf\":{\"@id\":\"https:\\\/\\\/grupohoymexico.com\\\/puebla\\\/#website\"},\"primaryImageOfPage\":{\"@id\":\"https:\\\/\\\/grupohoymexico.com\\\/puebla\\\/2025\\\/05\\\/26\\\/puebla-busca-el-reconocimiento-del-mole-de-caderas-con-indicacion-geografica-ante-el-impi\\\/#primaryimage\"},\"image\":{\"@id\":\"https:\\\/\\\/grupohoymexico.com\\\/puebla\\\/2025\\\/05\\\/26\\\/puebla-busca-el-reconocimiento-del-mole-de-caderas-con-indicacion-geografica-ante-el-impi\\\/#primaryimage\"},\"thumbnailUrl\":\"https:\\\/\\\/grupohoymexico.com\\\/puebla\\\/wp-content\\\/uploads\\\/sites\\\/3\\\/2025\\\/05\\\/5019549238731847130.jpg\",\"datePublished\":\"2025-05-26T16:19:37+00:00\",\"dateModified\":\"2025-05-26T16:19:38+00:00\",\"author\":{\"@id\":\"https:\\\/\\\/grupohoymexico.com\\\/puebla\\\/#\\\/schema\\\/person\\\/ce6086ac837852775a3a4f539356c297\"},\"description\":\"Puebla crea Consejo Regulador para proteger el Mole de Caderas y obtener la Indicaci\u00f3n Geogr\u00e1fica del IMPI, garantizando su tradici\u00f3n.\",\"breadcrumb\":{\"@id\":\"https:\\\/\\\/grupohoymexico.com\\\/puebla\\\/2025\\\/05\\\/26\\\/puebla-busca-el-reconocimiento-del-mole-de-caderas-con-indicacion-geografica-ante-el-impi\\\/#breadcrumb\"},\"inLanguage\":\"es\",\"potentialAction\":[{\"@type\":\"ReadAction\",\"target\":[\"https:\\\/\\\/grupohoymexico.com\\\/puebla\\\/2025\\\/05\\\/26\\\/puebla-busca-el-reconocimiento-del-mole-de-caderas-con-indicacion-geografica-ante-el-impi\\\/\"]}]},{\"@type\":\"ImageObject\",\"inLanguage\":\"es\",\"@id\":\"https:\\\/\\\/grupohoymexico.com\\\/puebla\\\/2025\\\/05\\\/26\\\/puebla-busca-el-reconocimiento-del-mole-de-caderas-con-indicacion-geografica-ante-el-impi\\\/#primaryimage\",\"url\":\"https:\\\/\\\/grupohoymexico.com\\\/puebla\\\/wp-content\\\/uploads\\\/sites\\\/3\\\/2025\\\/05\\\/5019549238731847130.jpg\",\"contentUrl\":\"https:\\\/\\\/grupohoymexico.com\\\/puebla\\\/wp-content\\\/uploads\\\/sites\\\/3\\\/2025\\\/05\\\/5019549238731847130.jpg\",\"width\":1280,\"height\":680,\"caption\":\"mole de caderas\"},{\"@type\":\"BreadcrumbList\",\"@id\":\"https:\\\/\\\/grupohoymexico.com\\\/puebla\\\/2025\\\/05\\\/26\\\/puebla-busca-el-reconocimiento-del-mole-de-caderas-con-indicacion-geografica-ante-el-impi\\\/#breadcrumb\",\"itemListElement\":[{\"@type\":\"ListItem\",\"position\":1,\"name\":\"Inicio\",\"item\":\"https:\\\/\\\/grupohoymexico.com\\\/puebla\\\/\"},{\"@type\":\"ListItem\",\"position\":2,\"name\":\"Puebla busca el reconocimiento del mole de caderas con Indicaci\u00f3n Geogr\u00e1fica ante el IMPI\"}]},{\"@type\":\"WebSite\",\"@id\":\"https:\\\/\\\/grupohoymexico.com\\\/puebla\\\/#website\",\"url\":\"https:\\\/\\\/grupohoymexico.com\\\/puebla\\\/\",\"name\":\"Grupo Hoy Puebla\",\"description\":\"\",\"potentialAction\":[{\"@type\":\"SearchAction\",\"target\":{\"@type\":\"EntryPoint\",\"urlTemplate\":\"https:\\\/\\\/grupohoymexico.com\\\/puebla\\\/?s={search_term_string}\"},\"query-input\":{\"@type\":\"PropertyValueSpecification\",\"valueRequired\":true,\"valueName\":\"search_term_string\"}}],\"inLanguage\":\"es\"},{\"@type\":\"Person\",\"@id\":\"https:\\\/\\\/grupohoymexico.com\\\/puebla\\\/#\\\/schema\\\/person\\\/ce6086ac837852775a3a4f539356c297\",\"name\":\"user\",\"image\":{\"@type\":\"ImageObject\",\"inLanguage\":\"es\",\"@id\":\"https:\\\/\\\/secure.gravatar.com\\\/avatar\\\/25f78de4fa956f6f7c01f8d96f8087d8958ebe06d57e630cd54e36aefb9dacea?s=96&d=mm&r=g\",\"url\":\"https:\\\/\\\/secure.gravatar.com\\\/avatar\\\/25f78de4fa956f6f7c01f8d96f8087d8958ebe06d57e630cd54e36aefb9dacea?s=96&d=mm&r=g\",\"contentUrl\":\"https:\\\/\\\/secure.gravatar.com\\\/avatar\\\/25f78de4fa956f6f7c01f8d96f8087d8958ebe06d57e630cd54e36aefb9dacea?s=96&d=mm&r=g\",\"caption\":\"user\"},\"sameAs\":[\"http:\\\/\\\/44.197.188.197.nip.io\"],\"url\":\"https:\\\/\\\/grupohoymexico.com\\\/puebla\\\/author\\\/user\\\/\"}]}<\/script>\n<!-- \/ Yoast SEO Premium plugin. -->","yoast_head_json":{"title":"Puebla busca el reconocimiento del mole de caderas con Indicaci\u00f3n Geogr\u00e1fica ante el IMPI - Grupo Hoy Puebla","description":"Puebla crea Consejo Regulador para proteger el Mole de Caderas y obtener la Indicaci\u00f3n Geogr\u00e1fica del IMPI, garantizando su tradici\u00f3n.","robots":{"index":"index","follow":"follow","max-snippet":"max-snippet:-1","max-image-preview":"max-image-preview:large","max-video-preview":"max-video-preview:-1"},"canonical":"https:\/\/grupohoymexico.com\/puebla\/2025\/05\/26\/puebla-busca-el-reconocimiento-del-mole-de-caderas-con-indicacion-geografica-ante-el-impi\/","og_locale":"es_MX","og_type":"article","og_title":"Puebla busca el reconocimiento del mole de caderas con Indicaci\u00f3n Geogr\u00e1fica ante el IMPI","og_description":"Puebla crea Consejo Regulador para proteger el Mole de Caderas y obtener la Indicaci\u00f3n Geogr\u00e1fica del IMPI, garantizando su tradici\u00f3n.","og_url":"https:\/\/grupohoymexico.com\/puebla\/2025\/05\/26\/puebla-busca-el-reconocimiento-del-mole-de-caderas-con-indicacion-geografica-ante-el-impi\/","og_site_name":"Grupo Hoy Puebla","article_published_time":"2025-05-26T16:19:37+00:00","article_modified_time":"2025-05-26T16:19:38+00:00","og_image":[{"width":1280,"height":680,"url":"https:\/\/grupohoymexico.com\/puebla\/wp-content\/uploads\/sites\/3\/2025\/05\/5019549238731847130.jpg","type":"image\/jpeg"}],"author":"user","twitter_card":"summary_large_image","twitter_misc":{"Escrito por":"user","Tiempo de lectura":"2 minutos"},"schema":{"@context":"https:\/\/schema.org","@graph":[{"@type":"Article","@id":"https:\/\/grupohoymexico.com\/puebla\/2025\/05\/26\/puebla-busca-el-reconocimiento-del-mole-de-caderas-con-indicacion-geografica-ante-el-impi\/#article","isPartOf":{"@id":"https:\/\/grupohoymexico.com\/puebla\/2025\/05\/26\/puebla-busca-el-reconocimiento-del-mole-de-caderas-con-indicacion-geografica-ante-el-impi\/"},"author":{"name":"user","@id":"https:\/\/grupohoymexico.com\/puebla\/#\/schema\/person\/ce6086ac837852775a3a4f539356c297"},"headline":"Puebla busca el reconocimiento del mole de caderas con Indicaci\u00f3n Geogr\u00e1fica ante el IMPI","datePublished":"2025-05-26T16:19:37+00:00","dateModified":"2025-05-26T16:19:38+00:00","mainEntityOfPage":{"@id":"https:\/\/grupohoymexico.com\/puebla\/2025\/05\/26\/puebla-busca-el-reconocimiento-del-mole-de-caderas-con-indicacion-geografica-ante-el-impi\/"},"wordCount":312,"commentCount":0,"image":{"@id":"https:\/\/grupohoymexico.com\/puebla\/2025\/05\/26\/puebla-busca-el-reconocimiento-del-mole-de-caderas-con-indicacion-geografica-ante-el-impi\/#primaryimage"},"thumbnailUrl":"https:\/\/grupohoymexico.com\/puebla\/wp-content\/uploads\/sites\/3\/2025\/05\/5019549238731847130.jpg","keywords":["Consejo Regulador para el Mole de Caderas","Gobierno de Puebla","IMPI","Indicaci\u00f3n Geogr\u00e1fica","puebla","Tehuac\u00e1n"],"articleSection":["Estatal"],"inLanguage":"es","potentialAction":[{"@type":"CommentAction","name":"Comment","target":["https:\/\/grupohoymexico.com\/puebla\/2025\/05\/26\/puebla-busca-el-reconocimiento-del-mole-de-caderas-con-indicacion-geografica-ante-el-impi\/#respond"]}]},{"@type":"WebPage","@id":"https:\/\/grupohoymexico.com\/puebla\/2025\/05\/26\/puebla-busca-el-reconocimiento-del-mole-de-caderas-con-indicacion-geografica-ante-el-impi\/","url":"https:\/\/grupohoymexico.com\/puebla\/2025\/05\/26\/puebla-busca-el-reconocimiento-del-mole-de-caderas-con-indicacion-geografica-ante-el-impi\/","name":"Puebla busca el reconocimiento del mole de caderas con Indicaci\u00f3n Geogr\u00e1fica ante el IMPI - Grupo Hoy Puebla","isPartOf":{"@id":"https:\/\/grupohoymexico.com\/puebla\/#website"},"primaryImageOfPage":{"@id":"https:\/\/grupohoymexico.com\/puebla\/2025\/05\/26\/puebla-busca-el-reconocimiento-del-mole-de-caderas-con-indicacion-geografica-ante-el-impi\/#primaryimage"},"image":{"@id":"https:\/\/grupohoymexico.com\/puebla\/2025\/05\/26\/puebla-busca-el-reconocimiento-del-mole-de-caderas-con-indicacion-geografica-ante-el-impi\/#primaryimage"},"thumbnailUrl":"https:\/\/grupohoymexico.com\/puebla\/wp-content\/uploads\/sites\/3\/2025\/05\/5019549238731847130.jpg","datePublished":"2025-05-26T16:19:37+00:00","dateModified":"2025-05-26T16:19:38+00:00","author":{"@id":"https:\/\/grupohoymexico.com\/puebla\/#\/schema\/person\/ce6086ac837852775a3a4f539356c297"},"description":"Puebla crea Consejo Regulador para proteger el Mole de Caderas y obtener la Indicaci\u00f3n Geogr\u00e1fica del IMPI, garantizando su tradici\u00f3n.","breadcrumb":{"@id":"https:\/\/grupohoymexico.com\/puebla\/2025\/05\/26\/puebla-busca-el-reconocimiento-del-mole-de-caderas-con-indicacion-geografica-ante-el-impi\/#breadcrumb"},"inLanguage":"es","potentialAction":[{"@type":"ReadAction","target":["https:\/\/grupohoymexico.com\/puebla\/2025\/05\/26\/puebla-busca-el-reconocimiento-del-mole-de-caderas-con-indicacion-geografica-ante-el-impi\/"]}]},{"@type":"ImageObject","inLanguage":"es","@id":"https:\/\/grupohoymexico.com\/puebla\/2025\/05\/26\/puebla-busca-el-reconocimiento-del-mole-de-caderas-con-indicacion-geografica-ante-el-impi\/#primaryimage","url":"https:\/\/grupohoymexico.com\/puebla\/wp-content\/uploads\/sites\/3\/2025\/05\/5019549238731847130.jpg","contentUrl":"https:\/\/grupohoymexico.com\/puebla\/wp-content\/uploads\/sites\/3\/2025\/05\/5019549238731847130.jpg","width":1280,"height":680,"caption":"mole de caderas"},{"@type":"BreadcrumbList","@id":"https:\/\/grupohoymexico.com\/puebla\/2025\/05\/26\/puebla-busca-el-reconocimiento-del-mole-de-caderas-con-indicacion-geografica-ante-el-impi\/#breadcrumb","itemListElement":[{"@type":"ListItem","position":1,"name":"Inicio","item":"https:\/\/grupohoymexico.com\/puebla\/"},{"@type":"ListItem","position":2,"name":"Puebla busca el reconocimiento del mole de caderas con Indicaci\u00f3n Geogr\u00e1fica ante el IMPI"}]},{"@type":"WebSite","@id":"https:\/\/grupohoymexico.com\/puebla\/#website","url":"https:\/\/grupohoymexico.com\/puebla\/","name":"Grupo Hoy Puebla","description":"","potentialAction":[{"@type":"SearchAction","target":{"@type":"EntryPoint","urlTemplate":"https:\/\/grupohoymexico.com\/puebla\/?s={search_term_string}"},"query-input":{"@type":"PropertyValueSpecification","valueRequired":true,"valueName":"search_term_string"}}],"inLanguage":"es"},{"@type":"Person","@id":"https:\/\/grupohoymexico.com\/puebla\/#\/schema\/person\/ce6086ac837852775a3a4f539356c297","name":"user","image":{"@type":"ImageObject","inLanguage":"es","@id":"https:\/\/secure.gravatar.com\/avatar\/25f78de4fa956f6f7c01f8d96f8087d8958ebe06d57e630cd54e36aefb9dacea?s=96&d=mm&r=g","url":"https:\/\/secure.gravatar.com\/avatar\/25f78de4fa956f6f7c01f8d96f8087d8958ebe06d57e630cd54e36aefb9dacea?s=96&d=mm&r=g","contentUrl":"https:\/\/secure.gravatar.com\/avatar\/25f78de4fa956f6f7c01f8d96f8087d8958ebe06d57e630cd54e36aefb9dacea?s=96&d=mm&r=g","caption":"user"},"sameAs":["http:\/\/44.197.188.197.nip.io"],"url":"https:\/\/grupohoymexico.com\/puebla\/author\/user\/"}]}},"_links":{"self":[{"href":"https:\/\/grupohoymexico.com\/puebla\/wp-json\/wp\/v2\/posts\/75002","targetHints":{"allow":["GET"]}}],"collection":[{"href":"https:\/\/grupohoymexico.com\/puebla\/wp-json\/wp\/v2\/posts"}],"about":[{"href":"https:\/\/grupohoymexico.com\/puebla\/wp-json\/wp\/v2\/types\/post"}],"author":[{"embeddable":true,"href":"https:\/\/grupohoymexico.com\/puebla\/wp-json\/wp\/v2\/users\/1"}],"replies":[{"embeddable":true,"href":"https:\/\/grupohoymexico.com\/puebla\/wp-json\/wp\/v2\/comments?post=75002"}],"version-history":[{"count":1,"href":"https:\/\/grupohoymexico.com\/puebla\/wp-json\/wp\/v2\/posts\/75002\/revisions"}],"predecessor-version":[{"id":75006,"href":"https:\/\/grupohoymexico.com\/puebla\/wp-json\/wp\/v2\/posts\/75002\/revisions\/75006"}],"wp:featuredmedia":[{"embeddable":true,"href":"https:\/\/grupohoymexico.com\/puebla\/wp-json\/wp\/v2\/media\/75005"}],"wp:attachment":[{"href":"https:\/\/grupohoymexico.com\/puebla\/wp-json\/wp\/v2\/media?parent=75002"}],"wp:term":[{"taxonomy":"category","embeddable":true,"href":"https:\/\/grupohoymexico.com\/puebla\/wp-json\/wp\/v2\/categories?post=75002"},{"taxonomy":"post_tag","embeddable":true,"href":"https:\/\/grupohoymexico.com\/puebla\/wp-json\/wp\/v2\/tags?post=75002"}],"curies":[{"name":"wp","href":"https:\/\/api.w.org\/{rel}","templated":true}]}}