{"id":74847,"date":"2025-05-20T15:00:45","date_gmt":"2025-05-20T15:00:45","guid":{"rendered":"https:\/\/grupohoymexico.com\/puebla\/?p=74847"},"modified":"2025-05-20T15:00:45","modified_gmt":"2025-05-20T15:00:45","slug":"puebla-pone-en-marcha-el-sistema-estatal-de-movilidad-y-seguridad-vial","status":"publish","type":"post","link":"https:\/\/grupohoymexico.com\/puebla\/2025\/05\/20\/puebla-pone-en-marcha-el-sistema-estatal-de-movilidad-y-seguridad-vial\/","title":{"rendered":"Puebla pone en marcha el Sistema Estatal de Movilidad y Seguridad Vial"},"content":{"rendered":"\n<p>En<strong> Puebla<\/strong>, la movilidad comienza a tomar otro rumbo. <strong>El gobernador Alejandro Armenta<\/strong> encabez\u00f3 la instalaci\u00f3n del <strong>Sistema Estatal de Movilidad y Seguridad Vial<\/strong>, una plataforma que pretende dejar atr\u00e1s el modelo centrado en los veh\u00edculos y enfocarse en las personas.<\/p>\n\n\n\n<h2 class=\"wp-block-heading\" id=\"h-prioridad-la-vida-y-la-dignidad\"><strong>Prioridad: la vida y la dignidad<\/strong><\/h2>\n\n\n\n<p><strong><a href=\"https:\/\/x.com\/silvia_tanus\">Silvia Tan\u00fas Osorio, secretaria de Movilidad y Transporte<\/a><\/strong>, explic\u00f3 que el sistema marcar\u00e1 un antes y un despu\u00e9s. Ya no se trata solo de mover autos, sino de garantizar que <strong>ni\u00f1as, ni\u00f1os, personas con discapacidad, ciclistas y peatones <\/strong>puedan desplazarse con seguridad. <\/p>\n\n\n\n<blockquote class=\"wp-block-quote is-layout-flow wp-block-quote-is-layout-flow\">\n<p>\u201cPrimero la gente, despu\u00e9s los coches\u201d, resumi\u00f3.<\/p>\n<\/blockquote>\n\n\n\n<p>Este espacio de trabajo reunir\u00e1 a instituciones y sociedad civil para dise\u00f1ar acciones que coloquen la seguridad vial como una prioridad. <strong>El enfoque ser\u00e1 prevenir riesgos y salvar vidas.<\/strong><\/p>\n\n\n\n<figure class=\"wp-block-image size-large\"><img fetchpriority=\"high\" decoding=\"async\" width=\"1024\" height=\"683\" src=\"https:\/\/grupohoymexico.com\/puebla\/wp-content\/uploads\/sites\/3\/2025\/05\/GrXQmTLXwAAm-tH-1024x683.jpg\" alt=\"\" class=\"wp-image-74848\" srcset=\"https:\/\/grupohoymexico.com\/puebla\/wp-content\/uploads\/sites\/3\/2025\/05\/GrXQmTLXwAAm-tH-1024x683.jpg 1024w, https:\/\/grupohoymexico.com\/puebla\/wp-content\/uploads\/sites\/3\/2025\/05\/GrXQmTLXwAAm-tH-300x200.jpg 300w, https:\/\/grupohoymexico.com\/puebla\/wp-content\/uploads\/sites\/3\/2025\/05\/GrXQmTLXwAAm-tH-768x512.jpg 768w, https:\/\/grupohoymexico.com\/puebla\/wp-content\/uploads\/sites\/3\/2025\/05\/GrXQmTLXwAAm-tH-1536x1024.jpg 1536w, https:\/\/grupohoymexico.com\/puebla\/wp-content\/uploads\/sites\/3\/2025\/05\/GrXQmTLXwAAm-tH-2048x1365.jpg 2048w, https:\/\/grupohoymexico.com\/puebla\/wp-content\/uploads\/sites\/3\/2025\/05\/GrXQmTLXwAAm-tH-332x221.jpg 332w, https:\/\/grupohoymexico.com\/puebla\/wp-content\/uploads\/sites\/3\/2025\/05\/GrXQmTLXwAAm-tH-664x443.jpg 664w, https:\/\/grupohoymexico.com\/puebla\/wp-content\/uploads\/sites\/3\/2025\/05\/GrXQmTLXwAAm-tH-688x459.jpg 688w, https:\/\/grupohoymexico.com\/puebla\/wp-content\/uploads\/sites\/3\/2025\/05\/GrXQmTLXwAAm-tH-1044x696.jpg 1044w, https:\/\/grupohoymexico.com\/puebla\/wp-content\/uploads\/sites\/3\/2025\/05\/GrXQmTLXwAAm-tH-1400x933.jpg 1400w, https:\/\/grupohoymexico.com\/puebla\/wp-content\/uploads\/sites\/3\/2025\/05\/GrXQmTLXwAAm-tH-1920x1280.jpg 1920w, https:\/\/grupohoymexico.com\/puebla\/wp-content\/uploads\/sites\/3\/2025\/05\/GrXQmTLXwAAm-tH-scaled.jpg 2560w\" sizes=\"(max-width: 1024px) 100vw, 1024px\" \/><\/figure>\n\n\n\n<h2 class=\"wp-block-heading\" id=\"h-movilidad-en-puebla-alianza-con-los-municipios\"><strong>Movilidad en Puebla: Alianza con los municipios<\/strong><\/h2>\n\n\n\n<p>El evento tambi\u00e9n convoc\u00f3 a <strong>alcaldes y alcaldesas de las 22 regiones<\/strong> del estado. Para <a href=\"https:\/\/grupohoymexico.com\/puebla\/2025\/04\/12\/jose-luis-parra-llega-a-acuerdo-con-grupo_proyecta\/\"><strong>Jos\u00e9 Luis Garc\u00eda Parra, coordinador de Gabinete<\/strong>,<\/a> esta alianza permitir\u00e1 mejorar programas, medir resultados y cambiar estrategias cuando sea necesario. <\/p>\n\n\n\n<blockquote class=\"wp-block-quote is-layout-flow wp-block-quote-is-layout-flow\">\n<p>\u201cMoverse en Puebla no puede seguir siendo un acto de supervivencia\u201d, asegur\u00f3.<\/p>\n<\/blockquote>\n\n\n\n<h2 class=\"wp-block-heading\" id=\"h-una-nueva-vision-de-ciudad\"><strong>Una nueva visi\u00f3n de ciudad<\/strong><\/h2>\n\n\n\n<p>El <strong>gobierno estatal<\/strong> busca romper con la idea de que la movilidad se mide en velocidad. Bajo los principios del humanismo mexicano, el nuevo sistema busca ciudades m\u00e1s <strong>accesibles, inclusivas y sustentables.<\/strong><\/p>\n\n\n\n<p><strong>Alejandro Armenta<\/strong> reafirm\u00f3 que este cambio no es cosm\u00e9tico. Es una transformaci\u00f3n profunda en la forma de pensar la ciudad y su gente. Pensar en grande, dijo, es <strong>garantizar que cada persona pueda moverse con libertad, seguridad y respeto.<\/strong><\/p>\n","protected":false},"excerpt":{"rendered":"En Puebla, la movilidad comienza a tomar otro rumbo. El gobernador Alejandro Armenta encabez\u00f3 la instalaci\u00f3n del Sistema&hellip;","protected":false},"author":1,"featured_media":74849,"comment_status":"open","ping_status":"open","sticky":false,"template":"","format":"standard","meta":{"csco_display_header_overlay":false,"csco_singular_sidebar":"","csco_page_header_type":"","csco_page_load_nextpost":"","csco_post_video_location":[],"csco_post_video_location_hash":"","csco_post_video_url":"","csco_post_video_bg_start_time":0,"csco_post_video_bg_end_time":0,"footnotes":""},"categories":[29],"tags":[216,638,1012,40,1013,1011],"class_list":{"0":"post-74847","1":"post","2":"type-post","3":"status-publish","4":"format-standard","5":"has-post-thumbnail","7":"category-estatal","8":"tag-armenta","9":"tag-jose-luis-garcia-parra","10":"tag-prioridad","11":"tag-puebla","12":"tag-silvia-tanus","13":"tag-sistema-estatal-de-movilidad-y-seguridad-vial","14":"cs-entry","15":"cs-video-wrap"},"yoast_head":"<!-- This site is optimized with the Yoast SEO Premium plugin v24.7 (Yoast SEO v27.4) - https:\/\/yoast.com\/product\/yoast-seo-premium-wordpress\/ -->\n<title>Puebla pone en marcha el Sistema Estatal de Movilidad y Seguridad Vial - Grupo Hoy Puebla<\/title>\n<meta name=\"description\" content=\"Puebla avanza con el Sistema Estatal de Movilidad y Seguridad Vial, que prioriza la seguridad y dignidad de las personas sobre los veh\u00edculos.\" \/>\n<meta name=\"robots\" content=\"index, follow, max-snippet:-1, max-image-preview:large, max-video-preview:-1\" \/>\n<link rel=\"canonical\" href=\"https:\/\/grupohoymexico.com\/puebla\/2025\/05\/20\/puebla-pone-en-marcha-el-sistema-estatal-de-movilidad-y-seguridad-vial\/\" \/>\n<meta property=\"og:locale\" content=\"es_MX\" \/>\n<meta property=\"og:type\" content=\"article\" \/>\n<meta property=\"og:title\" content=\"Puebla pone en marcha el Sistema Estatal de Movilidad y Seguridad Vial\" \/>\n<meta property=\"og:description\" content=\"Puebla avanza con el Sistema Estatal de Movilidad y Seguridad Vial, que prioriza la seguridad y dignidad de las personas sobre los veh\u00edculos.\" \/>\n<meta property=\"og:url\" content=\"https:\/\/grupohoymexico.com\/puebla\/2025\/05\/20\/puebla-pone-en-marcha-el-sistema-estatal-de-movilidad-y-seguridad-vial\/\" \/>\n<meta property=\"og:site_name\" content=\"Grupo Hoy Puebla\" \/>\n<meta property=\"article:published_time\" content=\"2025-05-20T15:00:45+00:00\" \/>\n<meta property=\"og:image\" content=\"https:\/\/grupohoymexico.com\/puebla\/wp-content\/uploads\/sites\/3\/2025\/05\/5001468732085743263.jpg\" \/>\n\t<meta property=\"og:image:width\" content=\"1280\" \/>\n\t<meta property=\"og:image:height\" content=\"680\" \/>\n\t<meta property=\"og:image:type\" content=\"image\/jpeg\" \/>\n<meta name=\"author\" content=\"user\" \/>\n<meta name=\"twitter:card\" content=\"summary_large_image\" \/>\n<meta name=\"twitter:label1\" content=\"Escrito por\" \/>\n\t<meta name=\"twitter:data1\" content=\"user\" \/>\n\t<meta name=\"twitter:label2\" content=\"Tiempo de lectura\" \/>\n\t<meta name=\"twitter:data2\" content=\"2 minutos\" \/>\n<script type=\"application\/ld+json\" class=\"yoast-schema-graph\">{\"@context\":\"https:\\\/\\\/schema.org\",\"@graph\":[{\"@type\":\"Article\",\"@id\":\"https:\\\/\\\/grupohoymexico.com\\\/puebla\\\/2025\\\/05\\\/20\\\/puebla-pone-en-marcha-el-sistema-estatal-de-movilidad-y-seguridad-vial\\\/#article\",\"isPartOf\":{\"@id\":\"https:\\\/\\\/grupohoymexico.com\\\/puebla\\\/2025\\\/05\\\/20\\\/puebla-pone-en-marcha-el-sistema-estatal-de-movilidad-y-seguridad-vial\\\/\"},\"author\":{\"name\":\"user\",\"@id\":\"https:\\\/\\\/grupohoymexico.com\\\/puebla\\\/#\\\/schema\\\/person\\\/ce6086ac837852775a3a4f539356c297\"},\"headline\":\"Puebla pone en marcha el Sistema Estatal de Movilidad y Seguridad Vial\",\"datePublished\":\"2025-05-20T15:00:45+00:00\",\"mainEntityOfPage\":{\"@id\":\"https:\\\/\\\/grupohoymexico.com\\\/puebla\\\/2025\\\/05\\\/20\\\/puebla-pone-en-marcha-el-sistema-estatal-de-movilidad-y-seguridad-vial\\\/\"},\"wordCount\":281,\"commentCount\":0,\"image\":{\"@id\":\"https:\\\/\\\/grupohoymexico.com\\\/puebla\\\/2025\\\/05\\\/20\\\/puebla-pone-en-marcha-el-sistema-estatal-de-movilidad-y-seguridad-vial\\\/#primaryimage\"},\"thumbnailUrl\":\"https:\\\/\\\/grupohoymexico.com\\\/puebla\\\/wp-content\\\/uploads\\\/sites\\\/3\\\/2025\\\/05\\\/5001468732085743263.jpg\",\"keywords\":[\"Armenta\",\"Jos\u00e9 Luis Garc\u00eda Parra\",\"prioridad\",\"puebla\",\"Silvia Tan\u00fas\",\"Sistema Estatal de Movilidad y Seguridad Vial\"],\"articleSection\":[\"Estatal\"],\"inLanguage\":\"es\",\"potentialAction\":[{\"@type\":\"CommentAction\",\"name\":\"Comment\",\"target\":[\"https:\\\/\\\/grupohoymexico.com\\\/puebla\\\/2025\\\/05\\\/20\\\/puebla-pone-en-marcha-el-sistema-estatal-de-movilidad-y-seguridad-vial\\\/#respond\"]}]},{\"@type\":\"WebPage\",\"@id\":\"https:\\\/\\\/grupohoymexico.com\\\/puebla\\\/2025\\\/05\\\/20\\\/puebla-pone-en-marcha-el-sistema-estatal-de-movilidad-y-seguridad-vial\\\/\",\"url\":\"https:\\\/\\\/grupohoymexico.com\\\/puebla\\\/2025\\\/05\\\/20\\\/puebla-pone-en-marcha-el-sistema-estatal-de-movilidad-y-seguridad-vial\\\/\",\"name\":\"Puebla pone en marcha el Sistema Estatal de Movilidad y Seguridad Vial - Grupo Hoy Puebla\",\"isPartOf\":{\"@id\":\"https:\\\/\\\/grupohoymexico.com\\\/puebla\\\/#website\"},\"primaryImageOfPage\":{\"@id\":\"https:\\\/\\\/grupohoymexico.com\\\/puebla\\\/2025\\\/05\\\/20\\\/puebla-pone-en-marcha-el-sistema-estatal-de-movilidad-y-seguridad-vial\\\/#primaryimage\"},\"image\":{\"@id\":\"https:\\\/\\\/grupohoymexico.com\\\/puebla\\\/2025\\\/05\\\/20\\\/puebla-pone-en-marcha-el-sistema-estatal-de-movilidad-y-seguridad-vial\\\/#primaryimage\"},\"thumbnailUrl\":\"https:\\\/\\\/grupohoymexico.com\\\/puebla\\\/wp-content\\\/uploads\\\/sites\\\/3\\\/2025\\\/05\\\/5001468732085743263.jpg\",\"datePublished\":\"2025-05-20T15:00:45+00:00\",\"author\":{\"@id\":\"https:\\\/\\\/grupohoymexico.com\\\/puebla\\\/#\\\/schema\\\/person\\\/ce6086ac837852775a3a4f539356c297\"},\"description\":\"Puebla avanza con el Sistema Estatal de Movilidad y Seguridad Vial, que prioriza la seguridad y dignidad de las personas sobre los veh\u00edculos.\",\"breadcrumb\":{\"@id\":\"https:\\\/\\\/grupohoymexico.com\\\/puebla\\\/2025\\\/05\\\/20\\\/puebla-pone-en-marcha-el-sistema-estatal-de-movilidad-y-seguridad-vial\\\/#breadcrumb\"},\"inLanguage\":\"es\",\"potentialAction\":[{\"@type\":\"ReadAction\",\"target\":[\"https:\\\/\\\/grupohoymexico.com\\\/puebla\\\/2025\\\/05\\\/20\\\/puebla-pone-en-marcha-el-sistema-estatal-de-movilidad-y-seguridad-vial\\\/\"]}]},{\"@type\":\"ImageObject\",\"inLanguage\":\"es\",\"@id\":\"https:\\\/\\\/grupohoymexico.com\\\/puebla\\\/2025\\\/05\\\/20\\\/puebla-pone-en-marcha-el-sistema-estatal-de-movilidad-y-seguridad-vial\\\/#primaryimage\",\"url\":\"https:\\\/\\\/grupohoymexico.com\\\/puebla\\\/wp-content\\\/uploads\\\/sites\\\/3\\\/2025\\\/05\\\/5001468732085743263.jpg\",\"contentUrl\":\"https:\\\/\\\/grupohoymexico.com\\\/puebla\\\/wp-content\\\/uploads\\\/sites\\\/3\\\/2025\\\/05\\\/5001468732085743263.jpg\",\"width\":1280,\"height\":680,\"caption\":\"movilidad Puebla\"},{\"@type\":\"BreadcrumbList\",\"@id\":\"https:\\\/\\\/grupohoymexico.com\\\/puebla\\\/2025\\\/05\\\/20\\\/puebla-pone-en-marcha-el-sistema-estatal-de-movilidad-y-seguridad-vial\\\/#breadcrumb\",\"itemListElement\":[{\"@type\":\"ListItem\",\"position\":1,\"name\":\"Inicio\",\"item\":\"https:\\\/\\\/grupohoymexico.com\\\/puebla\\\/\"},{\"@type\":\"ListItem\",\"position\":2,\"name\":\"Puebla pone en marcha el Sistema Estatal de Movilidad y Seguridad Vial\"}]},{\"@type\":\"WebSite\",\"@id\":\"https:\\\/\\\/grupohoymexico.com\\\/puebla\\\/#website\",\"url\":\"https:\\\/\\\/grupohoymexico.com\\\/puebla\\\/\",\"name\":\"Grupo Hoy Puebla\",\"description\":\"\",\"potentialAction\":[{\"@type\":\"SearchAction\",\"target\":{\"@type\":\"EntryPoint\",\"urlTemplate\":\"https:\\\/\\\/grupohoymexico.com\\\/puebla\\\/?s={search_term_string}\"},\"query-input\":{\"@type\":\"PropertyValueSpecification\",\"valueRequired\":true,\"valueName\":\"search_term_string\"}}],\"inLanguage\":\"es\"},{\"@type\":\"Person\",\"@id\":\"https:\\\/\\\/grupohoymexico.com\\\/puebla\\\/#\\\/schema\\\/person\\\/ce6086ac837852775a3a4f539356c297\",\"name\":\"user\",\"image\":{\"@type\":\"ImageObject\",\"inLanguage\":\"es\",\"@id\":\"https:\\\/\\\/secure.gravatar.com\\\/avatar\\\/25f78de4fa956f6f7c01f8d96f8087d8958ebe06d57e630cd54e36aefb9dacea?s=96&d=mm&r=g\",\"url\":\"https:\\\/\\\/secure.gravatar.com\\\/avatar\\\/25f78de4fa956f6f7c01f8d96f8087d8958ebe06d57e630cd54e36aefb9dacea?s=96&d=mm&r=g\",\"contentUrl\":\"https:\\\/\\\/secure.gravatar.com\\\/avatar\\\/25f78de4fa956f6f7c01f8d96f8087d8958ebe06d57e630cd54e36aefb9dacea?s=96&d=mm&r=g\",\"caption\":\"user\"},\"sameAs\":[\"http:\\\/\\\/44.197.188.197.nip.io\"],\"url\":\"https:\\\/\\\/grupohoymexico.com\\\/puebla\\\/author\\\/user\\\/\"}]}<\/script>\n<!-- \/ Yoast SEO Premium plugin. -->","yoast_head_json":{"title":"Puebla pone en marcha el Sistema Estatal de Movilidad y Seguridad Vial - Grupo Hoy Puebla","description":"Puebla avanza con el Sistema Estatal de Movilidad y Seguridad Vial, que prioriza la seguridad y dignidad de las personas sobre los veh\u00edculos.","robots":{"index":"index","follow":"follow","max-snippet":"max-snippet:-1","max-image-preview":"max-image-preview:large","max-video-preview":"max-video-preview:-1"},"canonical":"https:\/\/grupohoymexico.com\/puebla\/2025\/05\/20\/puebla-pone-en-marcha-el-sistema-estatal-de-movilidad-y-seguridad-vial\/","og_locale":"es_MX","og_type":"article","og_title":"Puebla pone en marcha el Sistema Estatal de Movilidad y Seguridad Vial","og_description":"Puebla avanza con el Sistema Estatal de Movilidad y Seguridad Vial, que prioriza la seguridad y dignidad de las personas sobre los veh\u00edculos.","og_url":"https:\/\/grupohoymexico.com\/puebla\/2025\/05\/20\/puebla-pone-en-marcha-el-sistema-estatal-de-movilidad-y-seguridad-vial\/","og_site_name":"Grupo Hoy Puebla","article_published_time":"2025-05-20T15:00:45+00:00","og_image":[{"width":1280,"height":680,"url":"https:\/\/grupohoymexico.com\/puebla\/wp-content\/uploads\/sites\/3\/2025\/05\/5001468732085743263.jpg","type":"image\/jpeg"}],"author":"user","twitter_card":"summary_large_image","twitter_misc":{"Escrito por":"user","Tiempo de lectura":"2 minutos"},"schema":{"@context":"https:\/\/schema.org","@graph":[{"@type":"Article","@id":"https:\/\/grupohoymexico.com\/puebla\/2025\/05\/20\/puebla-pone-en-marcha-el-sistema-estatal-de-movilidad-y-seguridad-vial\/#article","isPartOf":{"@id":"https:\/\/grupohoymexico.com\/puebla\/2025\/05\/20\/puebla-pone-en-marcha-el-sistema-estatal-de-movilidad-y-seguridad-vial\/"},"author":{"name":"user","@id":"https:\/\/grupohoymexico.com\/puebla\/#\/schema\/person\/ce6086ac837852775a3a4f539356c297"},"headline":"Puebla pone en marcha el Sistema Estatal de Movilidad y Seguridad Vial","datePublished":"2025-05-20T15:00:45+00:00","mainEntityOfPage":{"@id":"https:\/\/grupohoymexico.com\/puebla\/2025\/05\/20\/puebla-pone-en-marcha-el-sistema-estatal-de-movilidad-y-seguridad-vial\/"},"wordCount":281,"commentCount":0,"image":{"@id":"https:\/\/grupohoymexico.com\/puebla\/2025\/05\/20\/puebla-pone-en-marcha-el-sistema-estatal-de-movilidad-y-seguridad-vial\/#primaryimage"},"thumbnailUrl":"https:\/\/grupohoymexico.com\/puebla\/wp-content\/uploads\/sites\/3\/2025\/05\/5001468732085743263.jpg","keywords":["Armenta","Jos\u00e9 Luis Garc\u00eda Parra","prioridad","puebla","Silvia Tan\u00fas","Sistema Estatal de Movilidad y Seguridad Vial"],"articleSection":["Estatal"],"inLanguage":"es","potentialAction":[{"@type":"CommentAction","name":"Comment","target":["https:\/\/grupohoymexico.com\/puebla\/2025\/05\/20\/puebla-pone-en-marcha-el-sistema-estatal-de-movilidad-y-seguridad-vial\/#respond"]}]},{"@type":"WebPage","@id":"https:\/\/grupohoymexico.com\/puebla\/2025\/05\/20\/puebla-pone-en-marcha-el-sistema-estatal-de-movilidad-y-seguridad-vial\/","url":"https:\/\/grupohoymexico.com\/puebla\/2025\/05\/20\/puebla-pone-en-marcha-el-sistema-estatal-de-movilidad-y-seguridad-vial\/","name":"Puebla pone en marcha el Sistema Estatal de Movilidad y Seguridad Vial - Grupo Hoy Puebla","isPartOf":{"@id":"https:\/\/grupohoymexico.com\/puebla\/#website"},"primaryImageOfPage":{"@id":"https:\/\/grupohoymexico.com\/puebla\/2025\/05\/20\/puebla-pone-en-marcha-el-sistema-estatal-de-movilidad-y-seguridad-vial\/#primaryimage"},"image":{"@id":"https:\/\/grupohoymexico.com\/puebla\/2025\/05\/20\/puebla-pone-en-marcha-el-sistema-estatal-de-movilidad-y-seguridad-vial\/#primaryimage"},"thumbnailUrl":"https:\/\/grupohoymexico.com\/puebla\/wp-content\/uploads\/sites\/3\/2025\/05\/5001468732085743263.jpg","datePublished":"2025-05-20T15:00:45+00:00","author":{"@id":"https:\/\/grupohoymexico.com\/puebla\/#\/schema\/person\/ce6086ac837852775a3a4f539356c297"},"description":"Puebla avanza con el Sistema Estatal de Movilidad y Seguridad Vial, que prioriza la seguridad y dignidad de las personas sobre los veh\u00edculos.","breadcrumb":{"@id":"https:\/\/grupohoymexico.com\/puebla\/2025\/05\/20\/puebla-pone-en-marcha-el-sistema-estatal-de-movilidad-y-seguridad-vial\/#breadcrumb"},"inLanguage":"es","potentialAction":[{"@type":"ReadAction","target":["https:\/\/grupohoymexico.com\/puebla\/2025\/05\/20\/puebla-pone-en-marcha-el-sistema-estatal-de-movilidad-y-seguridad-vial\/"]}]},{"@type":"ImageObject","inLanguage":"es","@id":"https:\/\/grupohoymexico.com\/puebla\/2025\/05\/20\/puebla-pone-en-marcha-el-sistema-estatal-de-movilidad-y-seguridad-vial\/#primaryimage","url":"https:\/\/grupohoymexico.com\/puebla\/wp-content\/uploads\/sites\/3\/2025\/05\/5001468732085743263.jpg","contentUrl":"https:\/\/grupohoymexico.com\/puebla\/wp-content\/uploads\/sites\/3\/2025\/05\/5001468732085743263.jpg","width":1280,"height":680,"caption":"movilidad Puebla"},{"@type":"BreadcrumbList","@id":"https:\/\/grupohoymexico.com\/puebla\/2025\/05\/20\/puebla-pone-en-marcha-el-sistema-estatal-de-movilidad-y-seguridad-vial\/#breadcrumb","itemListElement":[{"@type":"ListItem","position":1,"name":"Inicio","item":"https:\/\/grupohoymexico.com\/puebla\/"},{"@type":"ListItem","position":2,"name":"Puebla pone en marcha el Sistema Estatal de Movilidad y Seguridad Vial"}]},{"@type":"WebSite","@id":"https:\/\/grupohoymexico.com\/puebla\/#website","url":"https:\/\/grupohoymexico.com\/puebla\/","name":"Grupo Hoy Puebla","description":"","potentialAction":[{"@type":"SearchAction","target":{"@type":"EntryPoint","urlTemplate":"https:\/\/grupohoymexico.com\/puebla\/?s={search_term_string}"},"query-input":{"@type":"PropertyValueSpecification","valueRequired":true,"valueName":"search_term_string"}}],"inLanguage":"es"},{"@type":"Person","@id":"https:\/\/grupohoymexico.com\/puebla\/#\/schema\/person\/ce6086ac837852775a3a4f539356c297","name":"user","image":{"@type":"ImageObject","inLanguage":"es","@id":"https:\/\/secure.gravatar.com\/avatar\/25f78de4fa956f6f7c01f8d96f8087d8958ebe06d57e630cd54e36aefb9dacea?s=96&d=mm&r=g","url":"https:\/\/secure.gravatar.com\/avatar\/25f78de4fa956f6f7c01f8d96f8087d8958ebe06d57e630cd54e36aefb9dacea?s=96&d=mm&r=g","contentUrl":"https:\/\/secure.gravatar.com\/avatar\/25f78de4fa956f6f7c01f8d96f8087d8958ebe06d57e630cd54e36aefb9dacea?s=96&d=mm&r=g","caption":"user"},"sameAs":["http:\/\/44.197.188.197.nip.io"],"url":"https:\/\/grupohoymexico.com\/puebla\/author\/user\/"}]}},"_links":{"self":[{"href":"https:\/\/grupohoymexico.com\/puebla\/wp-json\/wp\/v2\/posts\/74847","targetHints":{"allow":["GET"]}}],"collection":[{"href":"https:\/\/grupohoymexico.com\/puebla\/wp-json\/wp\/v2\/posts"}],"about":[{"href":"https:\/\/grupohoymexico.com\/puebla\/wp-json\/wp\/v2\/types\/post"}],"author":[{"embeddable":true,"href":"https:\/\/grupohoymexico.com\/puebla\/wp-json\/wp\/v2\/users\/1"}],"replies":[{"embeddable":true,"href":"https:\/\/grupohoymexico.com\/puebla\/wp-json\/wp\/v2\/comments?post=74847"}],"version-history":[{"count":1,"href":"https:\/\/grupohoymexico.com\/puebla\/wp-json\/wp\/v2\/posts\/74847\/revisions"}],"predecessor-version":[{"id":74850,"href":"https:\/\/grupohoymexico.com\/puebla\/wp-json\/wp\/v2\/posts\/74847\/revisions\/74850"}],"wp:featuredmedia":[{"embeddable":true,"href":"https:\/\/grupohoymexico.com\/puebla\/wp-json\/wp\/v2\/media\/74849"}],"wp:attachment":[{"href":"https:\/\/grupohoymexico.com\/puebla\/wp-json\/wp\/v2\/media?parent=74847"}],"wp:term":[{"taxonomy":"category","embeddable":true,"href":"https:\/\/grupohoymexico.com\/puebla\/wp-json\/wp\/v2\/categories?post=74847"},{"taxonomy":"post_tag","embeddable":true,"href":"https:\/\/grupohoymexico.com\/puebla\/wp-json\/wp\/v2\/tags?post=74847"}],"curies":[{"name":"wp","href":"https:\/\/api.w.org\/{rel}","templated":true}]}}