{"id":74836,"date":"2025-05-19T22:44:56","date_gmt":"2025-05-19T22:44:56","guid":{"rendered":"https:\/\/grupohoymexico.com\/puebla\/?p=74836"},"modified":"2025-05-19T22:44:56","modified_gmt":"2025-05-19T22:44:56","slug":"la-ciudad-de-puebla-disminuye-el-robo-al-transporte-publico-en-un-14-5","status":"publish","type":"post","link":"https:\/\/grupohoymexico.com\/puebla\/2025\/05\/19\/la-ciudad-de-puebla-disminuye-el-robo-al-transporte-publico-en-un-14-5\/","title":{"rendered":"La ciudad de Puebla disminuye el robo al transporte p\u00fablico en un 14.5%"},"content":{"rendered":"\n<p>El transporte p\u00fablico en la ciudad de Puebla es m\u00e1s seguro. De acuerdo con datos dados a conocer por el coronel <strong>F\u00e9lix Pallares Miranda<\/strong>, titular de la <strong>Secretar\u00eda de Seguridad Ciudadana (SSC)<\/strong>, la paz va por buen camino.<\/p>\n\n\n\n<p>El funcionario present\u00f3 un balance de su gesti\u00f3n a presidentes municipales. Destac\u00f3 una <strong>disminuci\u00f3n sostenida en la incidencia delictiva<\/strong>, particularmente en delitos como robo a transporte p\u00fablico, veh\u00edculo, comercio y autopartes.<\/p>\n\n\n\n<p>Los datos que m\u00e1s se le aplaudieron formaron parte en el combate al robo en transporte p\u00fablico en Puebla. Seg\u00fan datos obtenidos a trav\u00e9s de <strong>mapas de calor y an\u00e1lisis de inteligencia<\/strong>, se redujo un 14.5% de enero a abril de 2025, comparado con el mismo periodo del a\u00f1o anterior.<\/p>\n\n\n\n<p>El secretario de Seguridad Ciudadana se\u00f1al\u00f3 que desde el 16 de marzo se comenz\u00f3 a aplicar un incremento salarial progresivo, en cumplimiento con los compromisos del alcalde <strong>Jos\u00e9 Chedraui<\/strong>. El objetivo es alcanzar un aumento total del 40 por ciento para el personal policial a lo largo de la presente administraci\u00f3n.<\/p>\n\n\n\n<p>La finalidad de estas iniciativas son con un programa integral para dignificar la labor de los elementos de seguridad en el estado. Sin embargo no se centra \u00fanicamente en su d\u00eda a d\u00eda, sino tambi\u00e9n abarca su formaci\u00f3n profesional.<\/p>\n","protected":false},"excerpt":{"rendered":"El transporte p\u00fablico en la ciudad de Puebla es m\u00e1s seguro. De acuerdo con datos dados a conocer&hellip;","protected":false},"author":15,"featured_media":74838,"comment_status":"open","ping_status":"open","sticky":false,"template":"","format":"standard","meta":{"csco_display_header_overlay":false,"csco_singular_sidebar":"","csco_page_header_type":"","csco_page_load_nextpost":"","csco_post_video_location":[],"csco_post_video_location_hash":"","csco_post_video_url":"","csco_post_video_bg_start_time":0,"csco_post_video_bg_end_time":0,"footnotes":""},"categories":[29],"tags":[40,1008,1009],"class_list":{"0":"post-74836","1":"post","2":"type-post","3":"status-publish","4":"format-standard","5":"has-post-thumbnail","7":"category-estatal","8":"tag-puebla","9":"tag-seguridad-en-puebla","10":"tag-transporte-publico-de-puebla","11":"cs-entry","12":"cs-video-wrap"},"yoast_head":"<!-- This site is optimized with the Yoast SEO Premium plugin v24.7 (Yoast SEO v27.4) - https:\/\/yoast.com\/product\/yoast-seo-premium-wordpress\/ -->\n<title>La ciudad de Puebla disminuye el robo al transporte p\u00fablico - Grupo Hoy Puebla<\/title>\n<meta name=\"description\" content=\"F\u00e9lix Pallares, titular de la Secretar\u00eda de Seguridad Ciudadana, disminuy\u00f3 el robo al transporte p\u00fablico en la ciudad de Puebla en un 14.5%.\" \/>\n<meta name=\"robots\" content=\"index, follow, max-snippet:-1, max-image-preview:large, max-video-preview:-1\" \/>\n<link rel=\"canonical\" href=\"https:\/\/grupohoymexico.com\/puebla\/2025\/05\/19\/la-ciudad-de-puebla-disminuye-el-robo-al-transporte-publico-en-un-14-5\/\" \/>\n<meta property=\"og:locale\" content=\"es_MX\" \/>\n<meta property=\"og:type\" content=\"article\" \/>\n<meta property=\"og:title\" content=\"La ciudad de Puebla disminuye el robo al transporte p\u00fablico en un 14.5%\" \/>\n<meta property=\"og:description\" content=\"F\u00e9lix Pallares, titular de la Secretar\u00eda de Seguridad Ciudadana, disminuy\u00f3 el robo al transporte p\u00fablico en la ciudad de Puebla en un 14.5%.\" \/>\n<meta property=\"og:url\" content=\"https:\/\/grupohoymexico.com\/puebla\/2025\/05\/19\/la-ciudad-de-puebla-disminuye-el-robo-al-transporte-publico-en-un-14-5\/\" \/>\n<meta property=\"og:site_name\" content=\"Grupo Hoy Puebla\" \/>\n<meta property=\"article:published_time\" content=\"2025-05-19T22:44:56+00:00\" \/>\n<meta property=\"og:image\" content=\"https:\/\/grupohoymexico.com\/puebla\/wp-content\/uploads\/sites\/3\/2025\/05\/robo_transporte_publico_puebla_.jpg\" \/>\n\t<meta property=\"og:image:width\" content=\"1280\" \/>\n\t<meta property=\"og:image:height\" content=\"680\" \/>\n\t<meta property=\"og:image:type\" content=\"image\/jpeg\" \/>\n<meta name=\"author\" content=\"nestor\" \/>\n<meta name=\"twitter:card\" content=\"summary_large_image\" \/>\n<meta name=\"twitter:label1\" content=\"Escrito por\" \/>\n\t<meta name=\"twitter:data1\" content=\"nestor\" \/>\n\t<meta name=\"twitter:label2\" content=\"Tiempo de lectura\" \/>\n\t<meta name=\"twitter:data2\" content=\"2 minutos\" \/>\n<script type=\"application\/ld+json\" class=\"yoast-schema-graph\">{\"@context\":\"https:\\\/\\\/schema.org\",\"@graph\":[{\"@type\":\"Article\",\"@id\":\"https:\\\/\\\/grupohoymexico.com\\\/puebla\\\/2025\\\/05\\\/19\\\/la-ciudad-de-puebla-disminuye-el-robo-al-transporte-publico-en-un-14-5\\\/#article\",\"isPartOf\":{\"@id\":\"https:\\\/\\\/grupohoymexico.com\\\/puebla\\\/2025\\\/05\\\/19\\\/la-ciudad-de-puebla-disminuye-el-robo-al-transporte-publico-en-un-14-5\\\/\"},\"author\":{\"name\":\"nestor\",\"@id\":\"https:\\\/\\\/grupohoymexico.com\\\/puebla\\\/#\\\/schema\\\/person\\\/8201f3fa49669f346d08e15801e0ebc2\"},\"headline\":\"La ciudad de Puebla disminuye el robo al transporte p\u00fablico en un 14.5%\",\"datePublished\":\"2025-05-19T22:44:56+00:00\",\"mainEntityOfPage\":{\"@id\":\"https:\\\/\\\/grupohoymexico.com\\\/puebla\\\/2025\\\/05\\\/19\\\/la-ciudad-de-puebla-disminuye-el-robo-al-transporte-publico-en-un-14-5\\\/\"},\"wordCount\":238,\"commentCount\":0,\"image\":{\"@id\":\"https:\\\/\\\/grupohoymexico.com\\\/puebla\\\/2025\\\/05\\\/19\\\/la-ciudad-de-puebla-disminuye-el-robo-al-transporte-publico-en-un-14-5\\\/#primaryimage\"},\"thumbnailUrl\":\"https:\\\/\\\/grupohoymexico.com\\\/puebla\\\/wp-content\\\/uploads\\\/sites\\\/3\\\/2025\\\/05\\\/robo_transporte_publico_puebla_.jpg\",\"keywords\":[\"puebla\",\"Seguridad en Puebla\",\"Transporte p\u00fablico de Puebla\"],\"articleSection\":[\"Estatal\"],\"inLanguage\":\"es\",\"potentialAction\":[{\"@type\":\"CommentAction\",\"name\":\"Comment\",\"target\":[\"https:\\\/\\\/grupohoymexico.com\\\/puebla\\\/2025\\\/05\\\/19\\\/la-ciudad-de-puebla-disminuye-el-robo-al-transporte-publico-en-un-14-5\\\/#respond\"]}]},{\"@type\":\"WebPage\",\"@id\":\"https:\\\/\\\/grupohoymexico.com\\\/puebla\\\/2025\\\/05\\\/19\\\/la-ciudad-de-puebla-disminuye-el-robo-al-transporte-publico-en-un-14-5\\\/\",\"url\":\"https:\\\/\\\/grupohoymexico.com\\\/puebla\\\/2025\\\/05\\\/19\\\/la-ciudad-de-puebla-disminuye-el-robo-al-transporte-publico-en-un-14-5\\\/\",\"name\":\"La ciudad de Puebla disminuye el robo al transporte p\u00fablico - Grupo Hoy Puebla\",\"isPartOf\":{\"@id\":\"https:\\\/\\\/grupohoymexico.com\\\/puebla\\\/#website\"},\"primaryImageOfPage\":{\"@id\":\"https:\\\/\\\/grupohoymexico.com\\\/puebla\\\/2025\\\/05\\\/19\\\/la-ciudad-de-puebla-disminuye-el-robo-al-transporte-publico-en-un-14-5\\\/#primaryimage\"},\"image\":{\"@id\":\"https:\\\/\\\/grupohoymexico.com\\\/puebla\\\/2025\\\/05\\\/19\\\/la-ciudad-de-puebla-disminuye-el-robo-al-transporte-publico-en-un-14-5\\\/#primaryimage\"},\"thumbnailUrl\":\"https:\\\/\\\/grupohoymexico.com\\\/puebla\\\/wp-content\\\/uploads\\\/sites\\\/3\\\/2025\\\/05\\\/robo_transporte_publico_puebla_.jpg\",\"datePublished\":\"2025-05-19T22:44:56+00:00\",\"author\":{\"@id\":\"https:\\\/\\\/grupohoymexico.com\\\/puebla\\\/#\\\/schema\\\/person\\\/8201f3fa49669f346d08e15801e0ebc2\"},\"description\":\"F\u00e9lix Pallares, titular de la Secretar\u00eda de Seguridad Ciudadana, disminuy\u00f3 el robo al transporte p\u00fablico en la ciudad de Puebla en un 14.5%.\",\"breadcrumb\":{\"@id\":\"https:\\\/\\\/grupohoymexico.com\\\/puebla\\\/2025\\\/05\\\/19\\\/la-ciudad-de-puebla-disminuye-el-robo-al-transporte-publico-en-un-14-5\\\/#breadcrumb\"},\"inLanguage\":\"es\",\"potentialAction\":[{\"@type\":\"ReadAction\",\"target\":[\"https:\\\/\\\/grupohoymexico.com\\\/puebla\\\/2025\\\/05\\\/19\\\/la-ciudad-de-puebla-disminuye-el-robo-al-transporte-publico-en-un-14-5\\\/\"]}]},{\"@type\":\"ImageObject\",\"inLanguage\":\"es\",\"@id\":\"https:\\\/\\\/grupohoymexico.com\\\/puebla\\\/2025\\\/05\\\/19\\\/la-ciudad-de-puebla-disminuye-el-robo-al-transporte-publico-en-un-14-5\\\/#primaryimage\",\"url\":\"https:\\\/\\\/grupohoymexico.com\\\/puebla\\\/wp-content\\\/uploads\\\/sites\\\/3\\\/2025\\\/05\\\/robo_transporte_publico_puebla_.jpg\",\"contentUrl\":\"https:\\\/\\\/grupohoymexico.com\\\/puebla\\\/wp-content\\\/uploads\\\/sites\\\/3\\\/2025\\\/05\\\/robo_transporte_publico_puebla_.jpg\",\"width\":1280,\"height\":680,\"caption\":\"La ciudad de Puebla disminuye el robo al transporte p\u00fablico en un 14.5%. Foto: Envato\"},{\"@type\":\"BreadcrumbList\",\"@id\":\"https:\\\/\\\/grupohoymexico.com\\\/puebla\\\/2025\\\/05\\\/19\\\/la-ciudad-de-puebla-disminuye-el-robo-al-transporte-publico-en-un-14-5\\\/#breadcrumb\",\"itemListElement\":[{\"@type\":\"ListItem\",\"position\":1,\"name\":\"Inicio\",\"item\":\"https:\\\/\\\/grupohoymexico.com\\\/puebla\\\/\"},{\"@type\":\"ListItem\",\"position\":2,\"name\":\"La ciudad de Puebla disminuye el robo al transporte p\u00fablico en un 14.5%\"}]},{\"@type\":\"WebSite\",\"@id\":\"https:\\\/\\\/grupohoymexico.com\\\/puebla\\\/#website\",\"url\":\"https:\\\/\\\/grupohoymexico.com\\\/puebla\\\/\",\"name\":\"Grupo Hoy Puebla\",\"description\":\"\",\"potentialAction\":[{\"@type\":\"SearchAction\",\"target\":{\"@type\":\"EntryPoint\",\"urlTemplate\":\"https:\\\/\\\/grupohoymexico.com\\\/puebla\\\/?s={search_term_string}\"},\"query-input\":{\"@type\":\"PropertyValueSpecification\",\"valueRequired\":true,\"valueName\":\"search_term_string\"}}],\"inLanguage\":\"es\"},{\"@type\":\"Person\",\"@id\":\"https:\\\/\\\/grupohoymexico.com\\\/puebla\\\/#\\\/schema\\\/person\\\/8201f3fa49669f346d08e15801e0ebc2\",\"name\":\"nestor\",\"image\":{\"@type\":\"ImageObject\",\"inLanguage\":\"es\",\"@id\":\"https:\\\/\\\/secure.gravatar.com\\\/avatar\\\/6675a6d9279ab1d8e7b7c55956d0013492fdc51e007e555bc58e5e0eac33d094?s=96&d=mm&r=g\",\"url\":\"https:\\\/\\\/secure.gravatar.com\\\/avatar\\\/6675a6d9279ab1d8e7b7c55956d0013492fdc51e007e555bc58e5e0eac33d094?s=96&d=mm&r=g\",\"contentUrl\":\"https:\\\/\\\/secure.gravatar.com\\\/avatar\\\/6675a6d9279ab1d8e7b7c55956d0013492fdc51e007e555bc58e5e0eac33d094?s=96&d=mm&r=g\",\"caption\":\"nestor\"},\"url\":\"https:\\\/\\\/grupohoymexico.com\\\/puebla\\\/author\\\/nestor\\\/\"}]}<\/script>\n<!-- \/ Yoast SEO Premium plugin. -->","yoast_head_json":{"title":"La ciudad de Puebla disminuye el robo al transporte p\u00fablico - Grupo Hoy Puebla","description":"F\u00e9lix Pallares, titular de la Secretar\u00eda de Seguridad Ciudadana, disminuy\u00f3 el robo al transporte p\u00fablico en la ciudad de Puebla en un 14.5%.","robots":{"index":"index","follow":"follow","max-snippet":"max-snippet:-1","max-image-preview":"max-image-preview:large","max-video-preview":"max-video-preview:-1"},"canonical":"https:\/\/grupohoymexico.com\/puebla\/2025\/05\/19\/la-ciudad-de-puebla-disminuye-el-robo-al-transporte-publico-en-un-14-5\/","og_locale":"es_MX","og_type":"article","og_title":"La ciudad de Puebla disminuye el robo al transporte p\u00fablico en un 14.5%","og_description":"F\u00e9lix Pallares, titular de la Secretar\u00eda de Seguridad Ciudadana, disminuy\u00f3 el robo al transporte p\u00fablico en la ciudad de Puebla en un 14.5%.","og_url":"https:\/\/grupohoymexico.com\/puebla\/2025\/05\/19\/la-ciudad-de-puebla-disminuye-el-robo-al-transporte-publico-en-un-14-5\/","og_site_name":"Grupo Hoy Puebla","article_published_time":"2025-05-19T22:44:56+00:00","og_image":[{"width":1280,"height":680,"url":"https:\/\/grupohoymexico.com\/puebla\/wp-content\/uploads\/sites\/3\/2025\/05\/robo_transporte_publico_puebla_.jpg","type":"image\/jpeg"}],"author":"nestor","twitter_card":"summary_large_image","twitter_misc":{"Escrito por":"nestor","Tiempo de lectura":"2 minutos"},"schema":{"@context":"https:\/\/schema.org","@graph":[{"@type":"Article","@id":"https:\/\/grupohoymexico.com\/puebla\/2025\/05\/19\/la-ciudad-de-puebla-disminuye-el-robo-al-transporte-publico-en-un-14-5\/#article","isPartOf":{"@id":"https:\/\/grupohoymexico.com\/puebla\/2025\/05\/19\/la-ciudad-de-puebla-disminuye-el-robo-al-transporte-publico-en-un-14-5\/"},"author":{"name":"nestor","@id":"https:\/\/grupohoymexico.com\/puebla\/#\/schema\/person\/8201f3fa49669f346d08e15801e0ebc2"},"headline":"La ciudad de Puebla disminuye el robo al transporte p\u00fablico en un 14.5%","datePublished":"2025-05-19T22:44:56+00:00","mainEntityOfPage":{"@id":"https:\/\/grupohoymexico.com\/puebla\/2025\/05\/19\/la-ciudad-de-puebla-disminuye-el-robo-al-transporte-publico-en-un-14-5\/"},"wordCount":238,"commentCount":0,"image":{"@id":"https:\/\/grupohoymexico.com\/puebla\/2025\/05\/19\/la-ciudad-de-puebla-disminuye-el-robo-al-transporte-publico-en-un-14-5\/#primaryimage"},"thumbnailUrl":"https:\/\/grupohoymexico.com\/puebla\/wp-content\/uploads\/sites\/3\/2025\/05\/robo_transporte_publico_puebla_.jpg","keywords":["puebla","Seguridad en Puebla","Transporte p\u00fablico de Puebla"],"articleSection":["Estatal"],"inLanguage":"es","potentialAction":[{"@type":"CommentAction","name":"Comment","target":["https:\/\/grupohoymexico.com\/puebla\/2025\/05\/19\/la-ciudad-de-puebla-disminuye-el-robo-al-transporte-publico-en-un-14-5\/#respond"]}]},{"@type":"WebPage","@id":"https:\/\/grupohoymexico.com\/puebla\/2025\/05\/19\/la-ciudad-de-puebla-disminuye-el-robo-al-transporte-publico-en-un-14-5\/","url":"https:\/\/grupohoymexico.com\/puebla\/2025\/05\/19\/la-ciudad-de-puebla-disminuye-el-robo-al-transporte-publico-en-un-14-5\/","name":"La ciudad de Puebla disminuye el robo al transporte p\u00fablico - Grupo Hoy Puebla","isPartOf":{"@id":"https:\/\/grupohoymexico.com\/puebla\/#website"},"primaryImageOfPage":{"@id":"https:\/\/grupohoymexico.com\/puebla\/2025\/05\/19\/la-ciudad-de-puebla-disminuye-el-robo-al-transporte-publico-en-un-14-5\/#primaryimage"},"image":{"@id":"https:\/\/grupohoymexico.com\/puebla\/2025\/05\/19\/la-ciudad-de-puebla-disminuye-el-robo-al-transporte-publico-en-un-14-5\/#primaryimage"},"thumbnailUrl":"https:\/\/grupohoymexico.com\/puebla\/wp-content\/uploads\/sites\/3\/2025\/05\/robo_transporte_publico_puebla_.jpg","datePublished":"2025-05-19T22:44:56+00:00","author":{"@id":"https:\/\/grupohoymexico.com\/puebla\/#\/schema\/person\/8201f3fa49669f346d08e15801e0ebc2"},"description":"F\u00e9lix Pallares, titular de la Secretar\u00eda de Seguridad Ciudadana, disminuy\u00f3 el robo al transporte p\u00fablico en la ciudad de Puebla en un 14.5%.","breadcrumb":{"@id":"https:\/\/grupohoymexico.com\/puebla\/2025\/05\/19\/la-ciudad-de-puebla-disminuye-el-robo-al-transporte-publico-en-un-14-5\/#breadcrumb"},"inLanguage":"es","potentialAction":[{"@type":"ReadAction","target":["https:\/\/grupohoymexico.com\/puebla\/2025\/05\/19\/la-ciudad-de-puebla-disminuye-el-robo-al-transporte-publico-en-un-14-5\/"]}]},{"@type":"ImageObject","inLanguage":"es","@id":"https:\/\/grupohoymexico.com\/puebla\/2025\/05\/19\/la-ciudad-de-puebla-disminuye-el-robo-al-transporte-publico-en-un-14-5\/#primaryimage","url":"https:\/\/grupohoymexico.com\/puebla\/wp-content\/uploads\/sites\/3\/2025\/05\/robo_transporte_publico_puebla_.jpg","contentUrl":"https:\/\/grupohoymexico.com\/puebla\/wp-content\/uploads\/sites\/3\/2025\/05\/robo_transporte_publico_puebla_.jpg","width":1280,"height":680,"caption":"La ciudad de Puebla disminuye el robo al transporte p\u00fablico en un 14.5%. Foto: Envato"},{"@type":"BreadcrumbList","@id":"https:\/\/grupohoymexico.com\/puebla\/2025\/05\/19\/la-ciudad-de-puebla-disminuye-el-robo-al-transporte-publico-en-un-14-5\/#breadcrumb","itemListElement":[{"@type":"ListItem","position":1,"name":"Inicio","item":"https:\/\/grupohoymexico.com\/puebla\/"},{"@type":"ListItem","position":2,"name":"La ciudad de Puebla disminuye el robo al transporte p\u00fablico en un 14.5%"}]},{"@type":"WebSite","@id":"https:\/\/grupohoymexico.com\/puebla\/#website","url":"https:\/\/grupohoymexico.com\/puebla\/","name":"Grupo Hoy Puebla","description":"","potentialAction":[{"@type":"SearchAction","target":{"@type":"EntryPoint","urlTemplate":"https:\/\/grupohoymexico.com\/puebla\/?s={search_term_string}"},"query-input":{"@type":"PropertyValueSpecification","valueRequired":true,"valueName":"search_term_string"}}],"inLanguage":"es"},{"@type":"Person","@id":"https:\/\/grupohoymexico.com\/puebla\/#\/schema\/person\/8201f3fa49669f346d08e15801e0ebc2","name":"nestor","image":{"@type":"ImageObject","inLanguage":"es","@id":"https:\/\/secure.gravatar.com\/avatar\/6675a6d9279ab1d8e7b7c55956d0013492fdc51e007e555bc58e5e0eac33d094?s=96&d=mm&r=g","url":"https:\/\/secure.gravatar.com\/avatar\/6675a6d9279ab1d8e7b7c55956d0013492fdc51e007e555bc58e5e0eac33d094?s=96&d=mm&r=g","contentUrl":"https:\/\/secure.gravatar.com\/avatar\/6675a6d9279ab1d8e7b7c55956d0013492fdc51e007e555bc58e5e0eac33d094?s=96&d=mm&r=g","caption":"nestor"},"url":"https:\/\/grupohoymexico.com\/puebla\/author\/nestor\/"}]}},"_links":{"self":[{"href":"https:\/\/grupohoymexico.com\/puebla\/wp-json\/wp\/v2\/posts\/74836","targetHints":{"allow":["GET"]}}],"collection":[{"href":"https:\/\/grupohoymexico.com\/puebla\/wp-json\/wp\/v2\/posts"}],"about":[{"href":"https:\/\/grupohoymexico.com\/puebla\/wp-json\/wp\/v2\/types\/post"}],"author":[{"embeddable":true,"href":"https:\/\/grupohoymexico.com\/puebla\/wp-json\/wp\/v2\/users\/15"}],"replies":[{"embeddable":true,"href":"https:\/\/grupohoymexico.com\/puebla\/wp-json\/wp\/v2\/comments?post=74836"}],"version-history":[{"count":1,"href":"https:\/\/grupohoymexico.com\/puebla\/wp-json\/wp\/v2\/posts\/74836\/revisions"}],"predecessor-version":[{"id":74839,"href":"https:\/\/grupohoymexico.com\/puebla\/wp-json\/wp\/v2\/posts\/74836\/revisions\/74839"}],"wp:featuredmedia":[{"embeddable":true,"href":"https:\/\/grupohoymexico.com\/puebla\/wp-json\/wp\/v2\/media\/74838"}],"wp:attachment":[{"href":"https:\/\/grupohoymexico.com\/puebla\/wp-json\/wp\/v2\/media?parent=74836"}],"wp:term":[{"taxonomy":"category","embeddable":true,"href":"https:\/\/grupohoymexico.com\/puebla\/wp-json\/wp\/v2\/categories?post=74836"},{"taxonomy":"post_tag","embeddable":true,"href":"https:\/\/grupohoymexico.com\/puebla\/wp-json\/wp\/v2\/tags?post=74836"}],"curies":[{"name":"wp","href":"https:\/\/api.w.org\/{rel}","templated":true}]}}