{"id":74831,"date":"2025-05-19T22:05:35","date_gmt":"2025-05-19T22:05:35","guid":{"rendered":"https:\/\/grupohoymexico.com\/puebla\/?p=74831"},"modified":"2025-05-19T22:05:35","modified_gmt":"2025-05-19T22:05:35","slug":"alejandro-armenta-y-la-buap-firman-convenio-en-materia-deportiva","status":"publish","type":"post","link":"https:\/\/grupohoymexico.com\/puebla\/2025\/05\/19\/alejandro-armenta-y-la-buap-firman-convenio-en-materia-deportiva\/","title":{"rendered":"Alejandro Armenta y la BUAP firman convenio en materia deportiva"},"content":{"rendered":"\n<p>El gobernador <strong>Alejandro Armenta<\/strong> y Lilia Cedillo, rectora de la <strong>Benem\u00e9rita Universidad Aut\u00f3noma de Puebla (BUAP)<\/strong>, firmaron un <strong>convenio de colaboraci\u00f3n. <\/strong>El objetivo es posicionar a Puebla en materia deportiva a nivel nacional.<\/p>\n\n\n\n<p>Rumbo al inicio de actividades de la <strong>Universiada Nacional 2025<\/strong>, que se llevar\u00e1 a cabo del <strong>27 de mayo al 10 de junio<\/strong>, el mandatario enfatiz\u00f3 que este esfuerzo no solo impulsar\u00e1 el deporte, sino que tambi\u00e9n detonar\u00e1 la <strong>actividad econ\u00f3mica y tur\u00edstica<\/strong> en la entidad.<\/p>\n\n\n\n<p>La <strong>Universiada Nacional 2025<\/strong> cont\u00f3 con una inversi\u00f3n de 15 millones de pesos para cubrir el hospedaje y alimentaci\u00f3n de los deportistas. Indic\u00f3 que esto generar\u00e1 &#8220;una importante derrama econ\u00f3mica para empresarios locales&#8221;. Esto se debe en parte a que reunir\u00e1 a m\u00e1s de <strong>8 mil 500 atletas<\/strong> de todo el pa\u00eds.<\/p>\n\n\n\n<p>La firma del convenio de colaboraci\u00f3n entre el gobierno de Puebla, encabezado por Alejandro Armenta, y la BUAP es esencial dada la importancia del deporte en la entidad.<\/p>\n\n\n\n<p>La rectora Lilia Cedillo celebr\u00f3 la oportunidad de albergar una competencia de esta magnitud, al considerarla una \u201c<strong>olimpiada nacional universitaria<\/strong>\u201d que fortalece los valores y la disciplina de los j\u00f3venes. <\/p>\n\n\n\n<blockquote class=\"wp-block-quote is-layout-flow wp-block-quote-is-layout-flow\">\n<p>\u201cEstamos muy honrados de recibir a atletas de todo el pa\u00eds y de mostrar el compromiso de la BUAP con la formaci\u00f3n integral de sus estudiantes\u201d, expres\u00f3.<\/p>\n<\/blockquote>\n\n\n\n<p><strong>Gabriela S\u00e1nchez<\/strong>, secretaria de Juventud y Deporte, destac\u00f3 que la Universiada no solo tendr\u00e1 impacto local, sino internacional, al fungir como <strong>antesala de los Juegos Mundiales Universitarios<\/strong> que se celebrar\u00e1n en Alemania. <\/p>\n\n\n\n<p>En el \u00e1mbito tur\u00edstico, la subsecretaria <strong>Carla L\u00f3pez-Malo<\/strong> anunci\u00f3 que el evento se integrar\u00e1 al programa <strong>\u201cPasaporte de Eventos por Amor a Puebla\u201d<\/strong>.<\/p>\n\n\n\n<p>Tambi\u00e9n se formaliz\u00f3 una colaboraci\u00f3n con la <strong>Asociaci\u00f3n Poblana de Hoteles y Moteles<\/strong> y el <strong>Consejo de Promoci\u00f3n Tur\u00edstica \u201cVive Puebla\u201d<\/strong>, con el objetivo de garantizar <strong>tarifas accesibles y servicios de calidad<\/strong> para todos los asistentes.<\/p>\n","protected":false},"excerpt":{"rendered":"El gobernador Alejandro Armenta y Lilia Cedillo, rectora de la Benem\u00e9rita Universidad Aut\u00f3noma de Puebla (BUAP), firmaron un&hellip;","protected":false},"author":15,"featured_media":74834,"comment_status":"open","ping_status":"open","sticky":false,"template":"","format":"standard","meta":{"csco_display_header_overlay":false,"csco_singular_sidebar":"","csco_page_header_type":"","csco_page_load_nextpost":"","csco_post_video_location":[],"csco_post_video_location_hash":"","csco_post_video_url":"","csco_post_video_bg_start_time":0,"csco_post_video_bg_end_time":0,"footnotes":""},"categories":[29],"tags":[98,1006,1007],"class_list":{"0":"post-74831","1":"post","2":"type-post","3":"status-publish","4":"format-standard","5":"has-post-thumbnail","7":"category-estatal","8":"tag-alejandro-armenta","9":"tag-buap","10":"tag-materia-deportiva","11":"cs-entry","12":"cs-video-wrap"},"yoast_head":"<!-- This site is optimized with the Yoast SEO Premium plugin v24.7 (Yoast SEO v27.4) - https:\/\/yoast.com\/product\/yoast-seo-premium-wordpress\/ -->\n<title>Alejandro Armenta y la BUAP firman convenio en materia deportiva - Grupo Hoy Puebla<\/title>\n<meta name=\"description\" content=\"Alejandro Armenta y la BUAP firmaron un convenio de colaboraci\u00f3n para posicionar a Puebla como referente nacional en materia deportiva.\" \/>\n<meta name=\"robots\" content=\"index, follow, max-snippet:-1, max-image-preview:large, max-video-preview:-1\" \/>\n<link rel=\"canonical\" href=\"https:\/\/grupohoymexico.com\/puebla\/2025\/05\/19\/alejandro-armenta-y-la-buap-firman-convenio-en-materia-deportiva\/\" \/>\n<meta property=\"og:locale\" content=\"es_MX\" \/>\n<meta property=\"og:type\" content=\"article\" \/>\n<meta property=\"og:title\" content=\"Alejandro Armenta y la BUAP firman convenio en materia deportiva\" \/>\n<meta property=\"og:description\" content=\"Alejandro Armenta y la BUAP firmaron un convenio de colaboraci\u00f3n para posicionar a Puebla como referente nacional en materia deportiva.\" \/>\n<meta property=\"og:url\" content=\"https:\/\/grupohoymexico.com\/puebla\/2025\/05\/19\/alejandro-armenta-y-la-buap-firman-convenio-en-materia-deportiva\/\" \/>\n<meta property=\"og:site_name\" content=\"Grupo Hoy Puebla\" \/>\n<meta property=\"article:published_time\" content=\"2025-05-19T22:05:35+00:00\" \/>\n<meta property=\"og:image\" content=\"https:\/\/grupohoymexico.com\/puebla\/wp-content\/uploads\/sites\/3\/2025\/05\/alejandro_Armenta_buap_materia_deportiva.jpg\" \/>\n\t<meta property=\"og:image:width\" content=\"1280\" \/>\n\t<meta property=\"og:image:height\" content=\"680\" \/>\n\t<meta property=\"og:image:type\" content=\"image\/jpeg\" \/>\n<meta name=\"author\" content=\"nestor\" \/>\n<meta name=\"twitter:card\" content=\"summary_large_image\" \/>\n<meta name=\"twitter:label1\" content=\"Escrito por\" \/>\n\t<meta name=\"twitter:data1\" content=\"nestor\" \/>\n\t<meta name=\"twitter:label2\" content=\"Tiempo de lectura\" \/>\n\t<meta name=\"twitter:data2\" content=\"2 minutos\" \/>\n<script type=\"application\/ld+json\" class=\"yoast-schema-graph\">{\"@context\":\"https:\\\/\\\/schema.org\",\"@graph\":[{\"@type\":\"Article\",\"@id\":\"https:\\\/\\\/grupohoymexico.com\\\/puebla\\\/2025\\\/05\\\/19\\\/alejandro-armenta-y-la-buap-firman-convenio-en-materia-deportiva\\\/#article\",\"isPartOf\":{\"@id\":\"https:\\\/\\\/grupohoymexico.com\\\/puebla\\\/2025\\\/05\\\/19\\\/alejandro-armenta-y-la-buap-firman-convenio-en-materia-deportiva\\\/\"},\"author\":{\"name\":\"nestor\",\"@id\":\"https:\\\/\\\/grupohoymexico.com\\\/puebla\\\/#\\\/schema\\\/person\\\/8201f3fa49669f346d08e15801e0ebc2\"},\"headline\":\"Alejandro Armenta y la BUAP firman convenio en materia deportiva\",\"datePublished\":\"2025-05-19T22:05:35+00:00\",\"mainEntityOfPage\":{\"@id\":\"https:\\\/\\\/grupohoymexico.com\\\/puebla\\\/2025\\\/05\\\/19\\\/alejandro-armenta-y-la-buap-firman-convenio-en-materia-deportiva\\\/\"},\"wordCount\":334,\"commentCount\":0,\"image\":{\"@id\":\"https:\\\/\\\/grupohoymexico.com\\\/puebla\\\/2025\\\/05\\\/19\\\/alejandro-armenta-y-la-buap-firman-convenio-en-materia-deportiva\\\/#primaryimage\"},\"thumbnailUrl\":\"https:\\\/\\\/grupohoymexico.com\\\/puebla\\\/wp-content\\\/uploads\\\/sites\\\/3\\\/2025\\\/05\\\/alejandro_Armenta_buap_materia_deportiva.jpg\",\"keywords\":[\"Alejandro Armenta\",\"BUAP\",\"Materia deportiva\"],\"articleSection\":[\"Estatal\"],\"inLanguage\":\"es\",\"potentialAction\":[{\"@type\":\"CommentAction\",\"name\":\"Comment\",\"target\":[\"https:\\\/\\\/grupohoymexico.com\\\/puebla\\\/2025\\\/05\\\/19\\\/alejandro-armenta-y-la-buap-firman-convenio-en-materia-deportiva\\\/#respond\"]}]},{\"@type\":\"WebPage\",\"@id\":\"https:\\\/\\\/grupohoymexico.com\\\/puebla\\\/2025\\\/05\\\/19\\\/alejandro-armenta-y-la-buap-firman-convenio-en-materia-deportiva\\\/\",\"url\":\"https:\\\/\\\/grupohoymexico.com\\\/puebla\\\/2025\\\/05\\\/19\\\/alejandro-armenta-y-la-buap-firman-convenio-en-materia-deportiva\\\/\",\"name\":\"Alejandro Armenta y la BUAP firman convenio en materia deportiva - Grupo Hoy Puebla\",\"isPartOf\":{\"@id\":\"https:\\\/\\\/grupohoymexico.com\\\/puebla\\\/#website\"},\"primaryImageOfPage\":{\"@id\":\"https:\\\/\\\/grupohoymexico.com\\\/puebla\\\/2025\\\/05\\\/19\\\/alejandro-armenta-y-la-buap-firman-convenio-en-materia-deportiva\\\/#primaryimage\"},\"image\":{\"@id\":\"https:\\\/\\\/grupohoymexico.com\\\/puebla\\\/2025\\\/05\\\/19\\\/alejandro-armenta-y-la-buap-firman-convenio-en-materia-deportiva\\\/#primaryimage\"},\"thumbnailUrl\":\"https:\\\/\\\/grupohoymexico.com\\\/puebla\\\/wp-content\\\/uploads\\\/sites\\\/3\\\/2025\\\/05\\\/alejandro_Armenta_buap_materia_deportiva.jpg\",\"datePublished\":\"2025-05-19T22:05:35+00:00\",\"author\":{\"@id\":\"https:\\\/\\\/grupohoymexico.com\\\/puebla\\\/#\\\/schema\\\/person\\\/8201f3fa49669f346d08e15801e0ebc2\"},\"description\":\"Alejandro Armenta y la BUAP firmaron un convenio de colaboraci\u00f3n para posicionar a Puebla como referente nacional en materia deportiva.\",\"breadcrumb\":{\"@id\":\"https:\\\/\\\/grupohoymexico.com\\\/puebla\\\/2025\\\/05\\\/19\\\/alejandro-armenta-y-la-buap-firman-convenio-en-materia-deportiva\\\/#breadcrumb\"},\"inLanguage\":\"es\",\"potentialAction\":[{\"@type\":\"ReadAction\",\"target\":[\"https:\\\/\\\/grupohoymexico.com\\\/puebla\\\/2025\\\/05\\\/19\\\/alejandro-armenta-y-la-buap-firman-convenio-en-materia-deportiva\\\/\"]}]},{\"@type\":\"ImageObject\",\"inLanguage\":\"es\",\"@id\":\"https:\\\/\\\/grupohoymexico.com\\\/puebla\\\/2025\\\/05\\\/19\\\/alejandro-armenta-y-la-buap-firman-convenio-en-materia-deportiva\\\/#primaryimage\",\"url\":\"https:\\\/\\\/grupohoymexico.com\\\/puebla\\\/wp-content\\\/uploads\\\/sites\\\/3\\\/2025\\\/05\\\/alejandro_Armenta_buap_materia_deportiva.jpg\",\"contentUrl\":\"https:\\\/\\\/grupohoymexico.com\\\/puebla\\\/wp-content\\\/uploads\\\/sites\\\/3\\\/2025\\\/05\\\/alejandro_Armenta_buap_materia_deportiva.jpg\",\"width\":1280,\"height\":680,\"caption\":\"Alejandro Armenta y la BUAP firman convenio en materia deportiva\"},{\"@type\":\"BreadcrumbList\",\"@id\":\"https:\\\/\\\/grupohoymexico.com\\\/puebla\\\/2025\\\/05\\\/19\\\/alejandro-armenta-y-la-buap-firman-convenio-en-materia-deportiva\\\/#breadcrumb\",\"itemListElement\":[{\"@type\":\"ListItem\",\"position\":1,\"name\":\"Inicio\",\"item\":\"https:\\\/\\\/grupohoymexico.com\\\/puebla\\\/\"},{\"@type\":\"ListItem\",\"position\":2,\"name\":\"Alejandro Armenta y la BUAP firman convenio en materia deportiva\"}]},{\"@type\":\"WebSite\",\"@id\":\"https:\\\/\\\/grupohoymexico.com\\\/puebla\\\/#website\",\"url\":\"https:\\\/\\\/grupohoymexico.com\\\/puebla\\\/\",\"name\":\"Grupo Hoy Puebla\",\"description\":\"\",\"potentialAction\":[{\"@type\":\"SearchAction\",\"target\":{\"@type\":\"EntryPoint\",\"urlTemplate\":\"https:\\\/\\\/grupohoymexico.com\\\/puebla\\\/?s={search_term_string}\"},\"query-input\":{\"@type\":\"PropertyValueSpecification\",\"valueRequired\":true,\"valueName\":\"search_term_string\"}}],\"inLanguage\":\"es\"},{\"@type\":\"Person\",\"@id\":\"https:\\\/\\\/grupohoymexico.com\\\/puebla\\\/#\\\/schema\\\/person\\\/8201f3fa49669f346d08e15801e0ebc2\",\"name\":\"nestor\",\"image\":{\"@type\":\"ImageObject\",\"inLanguage\":\"es\",\"@id\":\"https:\\\/\\\/secure.gravatar.com\\\/avatar\\\/6675a6d9279ab1d8e7b7c55956d0013492fdc51e007e555bc58e5e0eac33d094?s=96&d=mm&r=g\",\"url\":\"https:\\\/\\\/secure.gravatar.com\\\/avatar\\\/6675a6d9279ab1d8e7b7c55956d0013492fdc51e007e555bc58e5e0eac33d094?s=96&d=mm&r=g\",\"contentUrl\":\"https:\\\/\\\/secure.gravatar.com\\\/avatar\\\/6675a6d9279ab1d8e7b7c55956d0013492fdc51e007e555bc58e5e0eac33d094?s=96&d=mm&r=g\",\"caption\":\"nestor\"},\"url\":\"https:\\\/\\\/grupohoymexico.com\\\/puebla\\\/author\\\/nestor\\\/\"}]}<\/script>\n<!-- \/ Yoast SEO Premium plugin. -->","yoast_head_json":{"title":"Alejandro Armenta y la BUAP firman convenio en materia deportiva - Grupo Hoy Puebla","description":"Alejandro Armenta y la BUAP firmaron un convenio de colaboraci\u00f3n para posicionar a Puebla como referente nacional en materia deportiva.","robots":{"index":"index","follow":"follow","max-snippet":"max-snippet:-1","max-image-preview":"max-image-preview:large","max-video-preview":"max-video-preview:-1"},"canonical":"https:\/\/grupohoymexico.com\/puebla\/2025\/05\/19\/alejandro-armenta-y-la-buap-firman-convenio-en-materia-deportiva\/","og_locale":"es_MX","og_type":"article","og_title":"Alejandro Armenta y la BUAP firman convenio en materia deportiva","og_description":"Alejandro Armenta y la BUAP firmaron un convenio de colaboraci\u00f3n para posicionar a Puebla como referente nacional en materia deportiva.","og_url":"https:\/\/grupohoymexico.com\/puebla\/2025\/05\/19\/alejandro-armenta-y-la-buap-firman-convenio-en-materia-deportiva\/","og_site_name":"Grupo Hoy Puebla","article_published_time":"2025-05-19T22:05:35+00:00","og_image":[{"width":1280,"height":680,"url":"https:\/\/grupohoymexico.com\/puebla\/wp-content\/uploads\/sites\/3\/2025\/05\/alejandro_Armenta_buap_materia_deportiva.jpg","type":"image\/jpeg"}],"author":"nestor","twitter_card":"summary_large_image","twitter_misc":{"Escrito por":"nestor","Tiempo de lectura":"2 minutos"},"schema":{"@context":"https:\/\/schema.org","@graph":[{"@type":"Article","@id":"https:\/\/grupohoymexico.com\/puebla\/2025\/05\/19\/alejandro-armenta-y-la-buap-firman-convenio-en-materia-deportiva\/#article","isPartOf":{"@id":"https:\/\/grupohoymexico.com\/puebla\/2025\/05\/19\/alejandro-armenta-y-la-buap-firman-convenio-en-materia-deportiva\/"},"author":{"name":"nestor","@id":"https:\/\/grupohoymexico.com\/puebla\/#\/schema\/person\/8201f3fa49669f346d08e15801e0ebc2"},"headline":"Alejandro Armenta y la BUAP firman convenio en materia deportiva","datePublished":"2025-05-19T22:05:35+00:00","mainEntityOfPage":{"@id":"https:\/\/grupohoymexico.com\/puebla\/2025\/05\/19\/alejandro-armenta-y-la-buap-firman-convenio-en-materia-deportiva\/"},"wordCount":334,"commentCount":0,"image":{"@id":"https:\/\/grupohoymexico.com\/puebla\/2025\/05\/19\/alejandro-armenta-y-la-buap-firman-convenio-en-materia-deportiva\/#primaryimage"},"thumbnailUrl":"https:\/\/grupohoymexico.com\/puebla\/wp-content\/uploads\/sites\/3\/2025\/05\/alejandro_Armenta_buap_materia_deportiva.jpg","keywords":["Alejandro Armenta","BUAP","Materia deportiva"],"articleSection":["Estatal"],"inLanguage":"es","potentialAction":[{"@type":"CommentAction","name":"Comment","target":["https:\/\/grupohoymexico.com\/puebla\/2025\/05\/19\/alejandro-armenta-y-la-buap-firman-convenio-en-materia-deportiva\/#respond"]}]},{"@type":"WebPage","@id":"https:\/\/grupohoymexico.com\/puebla\/2025\/05\/19\/alejandro-armenta-y-la-buap-firman-convenio-en-materia-deportiva\/","url":"https:\/\/grupohoymexico.com\/puebla\/2025\/05\/19\/alejandro-armenta-y-la-buap-firman-convenio-en-materia-deportiva\/","name":"Alejandro Armenta y la BUAP firman convenio en materia deportiva - Grupo Hoy Puebla","isPartOf":{"@id":"https:\/\/grupohoymexico.com\/puebla\/#website"},"primaryImageOfPage":{"@id":"https:\/\/grupohoymexico.com\/puebla\/2025\/05\/19\/alejandro-armenta-y-la-buap-firman-convenio-en-materia-deportiva\/#primaryimage"},"image":{"@id":"https:\/\/grupohoymexico.com\/puebla\/2025\/05\/19\/alejandro-armenta-y-la-buap-firman-convenio-en-materia-deportiva\/#primaryimage"},"thumbnailUrl":"https:\/\/grupohoymexico.com\/puebla\/wp-content\/uploads\/sites\/3\/2025\/05\/alejandro_Armenta_buap_materia_deportiva.jpg","datePublished":"2025-05-19T22:05:35+00:00","author":{"@id":"https:\/\/grupohoymexico.com\/puebla\/#\/schema\/person\/8201f3fa49669f346d08e15801e0ebc2"},"description":"Alejandro Armenta y la BUAP firmaron un convenio de colaboraci\u00f3n para posicionar a Puebla como referente nacional en materia deportiva.","breadcrumb":{"@id":"https:\/\/grupohoymexico.com\/puebla\/2025\/05\/19\/alejandro-armenta-y-la-buap-firman-convenio-en-materia-deportiva\/#breadcrumb"},"inLanguage":"es","potentialAction":[{"@type":"ReadAction","target":["https:\/\/grupohoymexico.com\/puebla\/2025\/05\/19\/alejandro-armenta-y-la-buap-firman-convenio-en-materia-deportiva\/"]}]},{"@type":"ImageObject","inLanguage":"es","@id":"https:\/\/grupohoymexico.com\/puebla\/2025\/05\/19\/alejandro-armenta-y-la-buap-firman-convenio-en-materia-deportiva\/#primaryimage","url":"https:\/\/grupohoymexico.com\/puebla\/wp-content\/uploads\/sites\/3\/2025\/05\/alejandro_Armenta_buap_materia_deportiva.jpg","contentUrl":"https:\/\/grupohoymexico.com\/puebla\/wp-content\/uploads\/sites\/3\/2025\/05\/alejandro_Armenta_buap_materia_deportiva.jpg","width":1280,"height":680,"caption":"Alejandro Armenta y la BUAP firman convenio en materia deportiva"},{"@type":"BreadcrumbList","@id":"https:\/\/grupohoymexico.com\/puebla\/2025\/05\/19\/alejandro-armenta-y-la-buap-firman-convenio-en-materia-deportiva\/#breadcrumb","itemListElement":[{"@type":"ListItem","position":1,"name":"Inicio","item":"https:\/\/grupohoymexico.com\/puebla\/"},{"@type":"ListItem","position":2,"name":"Alejandro Armenta y la BUAP firman convenio en materia deportiva"}]},{"@type":"WebSite","@id":"https:\/\/grupohoymexico.com\/puebla\/#website","url":"https:\/\/grupohoymexico.com\/puebla\/","name":"Grupo Hoy Puebla","description":"","potentialAction":[{"@type":"SearchAction","target":{"@type":"EntryPoint","urlTemplate":"https:\/\/grupohoymexico.com\/puebla\/?s={search_term_string}"},"query-input":{"@type":"PropertyValueSpecification","valueRequired":true,"valueName":"search_term_string"}}],"inLanguage":"es"},{"@type":"Person","@id":"https:\/\/grupohoymexico.com\/puebla\/#\/schema\/person\/8201f3fa49669f346d08e15801e0ebc2","name":"nestor","image":{"@type":"ImageObject","inLanguage":"es","@id":"https:\/\/secure.gravatar.com\/avatar\/6675a6d9279ab1d8e7b7c55956d0013492fdc51e007e555bc58e5e0eac33d094?s=96&d=mm&r=g","url":"https:\/\/secure.gravatar.com\/avatar\/6675a6d9279ab1d8e7b7c55956d0013492fdc51e007e555bc58e5e0eac33d094?s=96&d=mm&r=g","contentUrl":"https:\/\/secure.gravatar.com\/avatar\/6675a6d9279ab1d8e7b7c55956d0013492fdc51e007e555bc58e5e0eac33d094?s=96&d=mm&r=g","caption":"nestor"},"url":"https:\/\/grupohoymexico.com\/puebla\/author\/nestor\/"}]}},"_links":{"self":[{"href":"https:\/\/grupohoymexico.com\/puebla\/wp-json\/wp\/v2\/posts\/74831","targetHints":{"allow":["GET"]}}],"collection":[{"href":"https:\/\/grupohoymexico.com\/puebla\/wp-json\/wp\/v2\/posts"}],"about":[{"href":"https:\/\/grupohoymexico.com\/puebla\/wp-json\/wp\/v2\/types\/post"}],"author":[{"embeddable":true,"href":"https:\/\/grupohoymexico.com\/puebla\/wp-json\/wp\/v2\/users\/15"}],"replies":[{"embeddable":true,"href":"https:\/\/grupohoymexico.com\/puebla\/wp-json\/wp\/v2\/comments?post=74831"}],"version-history":[{"count":2,"href":"https:\/\/grupohoymexico.com\/puebla\/wp-json\/wp\/v2\/posts\/74831\/revisions"}],"predecessor-version":[{"id":74835,"href":"https:\/\/grupohoymexico.com\/puebla\/wp-json\/wp\/v2\/posts\/74831\/revisions\/74835"}],"wp:featuredmedia":[{"embeddable":true,"href":"https:\/\/grupohoymexico.com\/puebla\/wp-json\/wp\/v2\/media\/74834"}],"wp:attachment":[{"href":"https:\/\/grupohoymexico.com\/puebla\/wp-json\/wp\/v2\/media?parent=74831"}],"wp:term":[{"taxonomy":"category","embeddable":true,"href":"https:\/\/grupohoymexico.com\/puebla\/wp-json\/wp\/v2\/categories?post=74831"},{"taxonomy":"post_tag","embeddable":true,"href":"https:\/\/grupohoymexico.com\/puebla\/wp-json\/wp\/v2\/tags?post=74831"}],"curies":[{"name":"wp","href":"https:\/\/api.w.org\/{rel}","templated":true}]}}