{"id":74827,"date":"2025-05-19T21:41:32","date_gmt":"2025-05-19T21:41:32","guid":{"rendered":"https:\/\/grupohoymexico.com\/puebla\/?p=74827"},"modified":"2025-05-19T21:41:32","modified_gmt":"2025-05-19T21:41:32","slug":"yadira-lira-toma-las-riendas-de-la-secretaria-de-las-mujeres-en-puebla","status":"publish","type":"post","link":"https:\/\/grupohoymexico.com\/puebla\/2025\/05\/19\/yadira-lira-toma-las-riendas-de-la-secretaria-de-las-mujeres-en-puebla\/","title":{"rendered":"Yadira Lira toma las riendas de la Secretar\u00eda de las Mujeres en Puebla"},"content":{"rendered":"\n<p><strong>Alejandro Armenta<\/strong>, gobernador de <strong>Puebla<\/strong>, apuesta fuerte por los derechos de las mujeres al colocar a\u00a0<strong>Yadira Lira Navarro<\/strong>\u00a0al frente de la\u00a0<strong>Secretar\u00eda de las Mujeres<\/strong>, un movimiento clave que busca transformar la pol\u00edtica de g\u00e9nero en el estado. Esta decisi\u00f3n estrat\u00e9gica se alinea con los compromisos del\u00a0<strong>Plan Nacional de Desarrollo<\/strong>\u00a0y el\u00a0<strong>Plan Estatal de Desarrollo<\/strong>, enfocados en garantizar el\u00a0<strong>bienestar<\/strong>\u00a0y\u00a0<strong>crecimiento integral<\/strong>\u00a0de todas las\u00a0<strong>mujeres poblanas<\/strong>.<\/p>\n\n\n\n<h2 class=\"wp-block-heading\" id=\"h-reestructuracion-para-impulsar-la-igualdad-de-genero\"><strong>Reestructuraci\u00f3n para impulsar la igualdad de g\u00e9nero<\/strong><\/h2>\n\n\n\n<p>Durante su conferencia matutina, el mandatario explic\u00f3 que el cambio responde a que parte de su equipo se integrar\u00e1 al\u00a0<strong>Gobierno de M\u00e9xico<\/strong>\u00a0de la\u00a0<strong>presidenta Claudia Sheinbaum<\/strong>. <strong>Armenta <\/strong>enfatiz\u00f3 que la designaci\u00f3n de\u00a0<strong>Yadira Lira<\/strong>\u00a0refuerza el compromiso con la\u00a0<strong>igualdad sustantiva<\/strong>,\u00a0<strong>erradicaci\u00f3n de la violencia de g\u00e9nero<\/strong>\u00a0y\u00a0<strong>liderazgo femenino<\/strong>\u00a0en <strong><a href=\"https:\/\/grupohoymexico.com\">Puebla<\/a><\/strong>.<\/p>\n\n\n\n<figure class=\"wp-block-image size-large\"><img fetchpriority=\"high\" decoding=\"async\" width=\"1024\" height=\"682\" src=\"https:\/\/grupohoymexico.com\/puebla\/wp-content\/uploads\/sites\/3\/2025\/05\/WhatsApp_Image_2025-05-19_at_1.26.32_PM_1-1024x682.jpeg\" alt=\"\" class=\"wp-image-74829\" srcset=\"https:\/\/grupohoymexico.com\/puebla\/wp-content\/uploads\/sites\/3\/2025\/05\/WhatsApp_Image_2025-05-19_at_1.26.32_PM_1-1024x682.jpeg 1024w, https:\/\/grupohoymexico.com\/puebla\/wp-content\/uploads\/sites\/3\/2025\/05\/WhatsApp_Image_2025-05-19_at_1.26.32_PM_1-300x200.jpeg 300w, https:\/\/grupohoymexico.com\/puebla\/wp-content\/uploads\/sites\/3\/2025\/05\/WhatsApp_Image_2025-05-19_at_1.26.32_PM_1-768x512.jpeg 768w, https:\/\/grupohoymexico.com\/puebla\/wp-content\/uploads\/sites\/3\/2025\/05\/WhatsApp_Image_2025-05-19_at_1.26.32_PM_1-1536x1024.jpeg 1536w, https:\/\/grupohoymexico.com\/puebla\/wp-content\/uploads\/sites\/3\/2025\/05\/WhatsApp_Image_2025-05-19_at_1.26.32_PM_1-2048x1365.jpeg 2048w, https:\/\/grupohoymexico.com\/puebla\/wp-content\/uploads\/sites\/3\/2025\/05\/WhatsApp_Image_2025-05-19_at_1.26.32_PM_1-332x221.jpeg 332w, https:\/\/grupohoymexico.com\/puebla\/wp-content\/uploads\/sites\/3\/2025\/05\/WhatsApp_Image_2025-05-19_at_1.26.32_PM_1-664x442.jpeg 664w, https:\/\/grupohoymexico.com\/puebla\/wp-content\/uploads\/sites\/3\/2025\/05\/WhatsApp_Image_2025-05-19_at_1.26.32_PM_1-688x458.jpeg 688w, https:\/\/grupohoymexico.com\/puebla\/wp-content\/uploads\/sites\/3\/2025\/05\/WhatsApp_Image_2025-05-19_at_1.26.32_PM_1-1044x696.jpeg 1044w, https:\/\/grupohoymexico.com\/puebla\/wp-content\/uploads\/sites\/3\/2025\/05\/WhatsApp_Image_2025-05-19_at_1.26.32_PM_1-1400x933.jpeg 1400w, https:\/\/grupohoymexico.com\/puebla\/wp-content\/uploads\/sites\/3\/2025\/05\/WhatsApp_Image_2025-05-19_at_1.26.32_PM_1-1920x1280.jpeg 1920w, https:\/\/grupohoymexico.com\/puebla\/wp-content\/uploads\/sites\/3\/2025\/05\/WhatsApp_Image_2025-05-19_at_1.26.32_PM_1.jpeg 2560w\" sizes=\"(max-width: 1024px) 100vw, 1024px\" \/><figcaption class=\"wp-element-caption\">Imagen: Gobierno del Estado de Puebla.<\/figcaption><\/figure>\n\n\n\n<p>En paralelo, se anunci\u00f3 que&nbsp;<strong>Araceli Casel\u00edn Espinoza<\/strong>&nbsp;ocupar\u00e1 la&nbsp;<strong>Subsecretar\u00eda de Prevenci\u00f3n de la Violencia<\/strong>, fortaleciendo las&nbsp;<strong>pol\u00edticas p\u00fablicas<\/strong>&nbsp;en&nbsp;<strong>atenci\u00f3n<\/strong>,&nbsp;<strong>protecci\u00f3n<\/strong>&nbsp;y&nbsp;<strong>prevenci\u00f3n<\/strong>&nbsp;de&nbsp;<strong>violencias<\/strong>&nbsp;contra mujeres.<\/p>\n\n\n\n<h2 class=\"wp-block-heading\" id=\"h-nuevas-responsabilidades-para-exfuncionarias\"><strong>Nuevas responsabilidades para exfuncionarias<\/strong><\/h2>\n\n\n\n<p>Como parte de esta reestructura,\u00a0<strong>Virginia Gonz\u00e1lez Melgarejo<\/strong>, anterior secretaria de las Mujeres, asumir\u00e1 como\u00a0<strong>directora general<\/strong>\u00a0del\u00a0<strong><a href=\"https:\/\/cecytepuebla.edu.mx\">CECyTE Puebla<\/a><\/strong>. Este movimiento busca alinear esfuerzos con los objetivos del\u00a0<strong>Plan Estatal de Desarrollo<\/strong>.<\/p>\n\n\n\n<figure class=\"wp-block-image size-large\"><img decoding=\"async\" width=\"1024\" height=\"714\" src=\"https:\/\/grupohoymexico.com\/puebla\/wp-content\/uploads\/sites\/3\/2025\/05\/WhatsApp_Image_2025-05-19_at_1.26.32_PM_2-1024x714.jpeg\" alt=\"\" class=\"wp-image-74828\" srcset=\"https:\/\/grupohoymexico.com\/puebla\/wp-content\/uploads\/sites\/3\/2025\/05\/WhatsApp_Image_2025-05-19_at_1.26.32_PM_2-1024x714.jpeg 1024w, https:\/\/grupohoymexico.com\/puebla\/wp-content\/uploads\/sites\/3\/2025\/05\/WhatsApp_Image_2025-05-19_at_1.26.32_PM_2-300x209.jpeg 300w, https:\/\/grupohoymexico.com\/puebla\/wp-content\/uploads\/sites\/3\/2025\/05\/WhatsApp_Image_2025-05-19_at_1.26.32_PM_2-768x536.jpeg 768w, https:\/\/grupohoymexico.com\/puebla\/wp-content\/uploads\/sites\/3\/2025\/05\/WhatsApp_Image_2025-05-19_at_1.26.32_PM_2-1536x1071.jpeg 1536w, https:\/\/grupohoymexico.com\/puebla\/wp-content\/uploads\/sites\/3\/2025\/05\/WhatsApp_Image_2025-05-19_at_1.26.32_PM_2-332x232.jpeg 332w, https:\/\/grupohoymexico.com\/puebla\/wp-content\/uploads\/sites\/3\/2025\/05\/WhatsApp_Image_2025-05-19_at_1.26.32_PM_2-664x463.jpeg 664w, https:\/\/grupohoymexico.com\/puebla\/wp-content\/uploads\/sites\/3\/2025\/05\/WhatsApp_Image_2025-05-19_at_1.26.32_PM_2-688x480.jpeg 688w, https:\/\/grupohoymexico.com\/puebla\/wp-content\/uploads\/sites\/3\/2025\/05\/WhatsApp_Image_2025-05-19_at_1.26.32_PM_2-1044x728.jpeg 1044w, https:\/\/grupohoymexico.com\/puebla\/wp-content\/uploads\/sites\/3\/2025\/05\/WhatsApp_Image_2025-05-19_at_1.26.32_PM_2-1400x977.jpeg 1400w, https:\/\/grupohoymexico.com\/puebla\/wp-content\/uploads\/sites\/3\/2025\/05\/WhatsApp_Image_2025-05-19_at_1.26.32_PM_2.jpeg 1600w\" sizes=\"(max-width: 1024px) 100vw, 1024px\" \/><figcaption class=\"wp-element-caption\">Imagen: Gobierno del Estado de Puebla.<\/figcaption><\/figure>\n\n\n\n<p>Con estos cambios, el gobierno estatal reafirma su estrategia de&nbsp;<strong>Pensar en Grande<\/strong>, promoviendo&nbsp;<strong>entornos seguros<\/strong>,&nbsp;<strong>incluyentes<\/strong>&nbsp;y&nbsp;<strong>equitativos<\/strong>&nbsp;para todas las mujeres.&nbsp;<strong>Yadira Lira<\/strong>&nbsp;llega para liderar esta transformaci\u00f3n.<\/p>\n","protected":false},"excerpt":{"rendered":"Alejandro Armenta, gobernador de Puebla, apuesta fuerte por los derechos de las mujeres al colocar a\u00a0Yadira Lira Navarro\u00a0al&hellip;","protected":false},"author":14,"featured_media":74832,"comment_status":"open","ping_status":"open","sticky":false,"template":"","format":"standard","meta":{"csco_display_header_overlay":false,"csco_singular_sidebar":"","csco_page_header_type":"","csco_page_load_nextpost":"","csco_post_video_location":[],"csco_post_video_location_hash":"","csco_post_video_url":"","csco_post_video_bg_start_time":0,"csco_post_video_bg_end_time":0,"footnotes":""},"categories":[29],"tags":[98,1005,1003,1004,899],"class_list":{"0":"post-74827","1":"post","2":"type-post","3":"status-publish","4":"format-standard","5":"has-post-thumbnail","7":"category-estatal","8":"tag-alejandro-armenta","9":"tag-cecyte-puebla","10":"tag-secretaria-de-las-mujeres","11":"tag-virginia-gonzalez-melgarejo","12":"tag-yadira-lira","13":"cs-entry","14":"cs-video-wrap"},"yoast_head":"<!-- This site is optimized with the Yoast SEO Premium plugin v24.7 (Yoast SEO v27.4) - https:\/\/yoast.com\/product\/yoast-seo-premium-wordpress\/ -->\n<title>Yadira Lira toma las riendas de la Secretar\u00eda de las Mujeres en Puebla - Grupo Hoy Puebla<\/title>\n<meta name=\"description\" content=\"El gobernador Armenta nombra a Yadira Lira al frente de Secretar\u00eda de Mujeres en Puebla para impulsar igualdad de g\u00e9nero y bienestar.\" \/>\n<meta name=\"robots\" content=\"index, follow, max-snippet:-1, max-image-preview:large, max-video-preview:-1\" \/>\n<link rel=\"canonical\" href=\"https:\/\/grupohoymexico.com\/puebla\/2025\/05\/19\/yadira-lira-toma-las-riendas-de-la-secretaria-de-las-mujeres-en-puebla\/\" \/>\n<meta property=\"og:locale\" content=\"es_MX\" \/>\n<meta property=\"og:type\" content=\"article\" \/>\n<meta property=\"og:title\" content=\"Yadira Lira toma las riendas de la Secretar\u00eda de las Mujeres en Puebla\" \/>\n<meta property=\"og:description\" content=\"El gobernador Armenta nombra a Yadira Lira al frente de Secretar\u00eda de Mujeres en Puebla para impulsar igualdad de g\u00e9nero y bienestar.\" \/>\n<meta property=\"og:url\" content=\"https:\/\/grupohoymexico.com\/puebla\/2025\/05\/19\/yadira-lira-toma-las-riendas-de-la-secretaria-de-las-mujeres-en-puebla\/\" \/>\n<meta property=\"og:site_name\" content=\"Grupo Hoy Puebla\" \/>\n<meta property=\"article:published_time\" content=\"2025-05-19T21:41:32+00:00\" \/>\n<meta property=\"og:image\" content=\"https:\/\/grupohoymexico.com\/puebla\/wp-content\/uploads\/sites\/3\/2025\/05\/photo_2025-05-19_15-27-28.jpg\" \/>\n\t<meta property=\"og:image:width\" content=\"1280\" \/>\n\t<meta property=\"og:image:height\" content=\"680\" \/>\n\t<meta property=\"og:image:type\" content=\"image\/jpeg\" \/>\n<meta name=\"author\" content=\"eden\" \/>\n<meta name=\"twitter:card\" content=\"summary_large_image\" \/>\n<meta name=\"twitter:label1\" content=\"Escrito por\" \/>\n\t<meta name=\"twitter:data1\" content=\"eden\" \/>\n\t<meta name=\"twitter:label2\" content=\"Tiempo de lectura\" \/>\n\t<meta name=\"twitter:data2\" content=\"2 minutos\" \/>\n<script type=\"application\/ld+json\" class=\"yoast-schema-graph\">{\"@context\":\"https:\\\/\\\/schema.org\",\"@graph\":[{\"@type\":\"Article\",\"@id\":\"https:\\\/\\\/grupohoymexico.com\\\/puebla\\\/2025\\\/05\\\/19\\\/yadira-lira-toma-las-riendas-de-la-secretaria-de-las-mujeres-en-puebla\\\/#article\",\"isPartOf\":{\"@id\":\"https:\\\/\\\/grupohoymexico.com\\\/puebla\\\/2025\\\/05\\\/19\\\/yadira-lira-toma-las-riendas-de-la-secretaria-de-las-mujeres-en-puebla\\\/\"},\"author\":{\"name\":\"eden\",\"@id\":\"https:\\\/\\\/grupohoymexico.com\\\/puebla\\\/#\\\/schema\\\/person\\\/1daea168b0e65221a72343f652df2200\"},\"headline\":\"Yadira Lira toma las riendas de la Secretar\u00eda de las Mujeres en Puebla\",\"datePublished\":\"2025-05-19T21:41:32+00:00\",\"mainEntityOfPage\":{\"@id\":\"https:\\\/\\\/grupohoymexico.com\\\/puebla\\\/2025\\\/05\\\/19\\\/yadira-lira-toma-las-riendas-de-la-secretaria-de-las-mujeres-en-puebla\\\/\"},\"wordCount\":296,\"commentCount\":0,\"image\":{\"@id\":\"https:\\\/\\\/grupohoymexico.com\\\/puebla\\\/2025\\\/05\\\/19\\\/yadira-lira-toma-las-riendas-de-la-secretaria-de-las-mujeres-en-puebla\\\/#primaryimage\"},\"thumbnailUrl\":\"https:\\\/\\\/grupohoymexico.com\\\/puebla\\\/wp-content\\\/uploads\\\/sites\\\/3\\\/2025\\\/05\\\/photo_2025-05-19_15-27-28.jpg\",\"keywords\":[\"Alejandro Armenta\",\"CECyTE Puebla\",\"Secretar\u00eda de las Mujeres\",\"Virginia Gonz\u00e1lez Melgarejo\",\"Yadira Lira\"],\"articleSection\":[\"Estatal\"],\"inLanguage\":\"es\",\"potentialAction\":[{\"@type\":\"CommentAction\",\"name\":\"Comment\",\"target\":[\"https:\\\/\\\/grupohoymexico.com\\\/puebla\\\/2025\\\/05\\\/19\\\/yadira-lira-toma-las-riendas-de-la-secretaria-de-las-mujeres-en-puebla\\\/#respond\"]}]},{\"@type\":\"WebPage\",\"@id\":\"https:\\\/\\\/grupohoymexico.com\\\/puebla\\\/2025\\\/05\\\/19\\\/yadira-lira-toma-las-riendas-de-la-secretaria-de-las-mujeres-en-puebla\\\/\",\"url\":\"https:\\\/\\\/grupohoymexico.com\\\/puebla\\\/2025\\\/05\\\/19\\\/yadira-lira-toma-las-riendas-de-la-secretaria-de-las-mujeres-en-puebla\\\/\",\"name\":\"Yadira Lira toma las riendas de la Secretar\u00eda de las Mujeres en Puebla - Grupo Hoy Puebla\",\"isPartOf\":{\"@id\":\"https:\\\/\\\/grupohoymexico.com\\\/puebla\\\/#website\"},\"primaryImageOfPage\":{\"@id\":\"https:\\\/\\\/grupohoymexico.com\\\/puebla\\\/2025\\\/05\\\/19\\\/yadira-lira-toma-las-riendas-de-la-secretaria-de-las-mujeres-en-puebla\\\/#primaryimage\"},\"image\":{\"@id\":\"https:\\\/\\\/grupohoymexico.com\\\/puebla\\\/2025\\\/05\\\/19\\\/yadira-lira-toma-las-riendas-de-la-secretaria-de-las-mujeres-en-puebla\\\/#primaryimage\"},\"thumbnailUrl\":\"https:\\\/\\\/grupohoymexico.com\\\/puebla\\\/wp-content\\\/uploads\\\/sites\\\/3\\\/2025\\\/05\\\/photo_2025-05-19_15-27-28.jpg\",\"datePublished\":\"2025-05-19T21:41:32+00:00\",\"author\":{\"@id\":\"https:\\\/\\\/grupohoymexico.com\\\/puebla\\\/#\\\/schema\\\/person\\\/1daea168b0e65221a72343f652df2200\"},\"description\":\"El gobernador Armenta nombra a Yadira Lira al frente de Secretar\u00eda de Mujeres en Puebla para impulsar igualdad de g\u00e9nero y bienestar.\",\"breadcrumb\":{\"@id\":\"https:\\\/\\\/grupohoymexico.com\\\/puebla\\\/2025\\\/05\\\/19\\\/yadira-lira-toma-las-riendas-de-la-secretaria-de-las-mujeres-en-puebla\\\/#breadcrumb\"},\"inLanguage\":\"es\",\"potentialAction\":[{\"@type\":\"ReadAction\",\"target\":[\"https:\\\/\\\/grupohoymexico.com\\\/puebla\\\/2025\\\/05\\\/19\\\/yadira-lira-toma-las-riendas-de-la-secretaria-de-las-mujeres-en-puebla\\\/\"]}]},{\"@type\":\"ImageObject\",\"inLanguage\":\"es\",\"@id\":\"https:\\\/\\\/grupohoymexico.com\\\/puebla\\\/2025\\\/05\\\/19\\\/yadira-lira-toma-las-riendas-de-la-secretaria-de-las-mujeres-en-puebla\\\/#primaryimage\",\"url\":\"https:\\\/\\\/grupohoymexico.com\\\/puebla\\\/wp-content\\\/uploads\\\/sites\\\/3\\\/2025\\\/05\\\/photo_2025-05-19_15-27-28.jpg\",\"contentUrl\":\"https:\\\/\\\/grupohoymexico.com\\\/puebla\\\/wp-content\\\/uploads\\\/sites\\\/3\\\/2025\\\/05\\\/photo_2025-05-19_15-27-28.jpg\",\"width\":1280,\"height\":680,\"caption\":\"Yadira Lira toma las riendas de la Secretar\u00eda de las Mujeres en Puebla\"},{\"@type\":\"BreadcrumbList\",\"@id\":\"https:\\\/\\\/grupohoymexico.com\\\/puebla\\\/2025\\\/05\\\/19\\\/yadira-lira-toma-las-riendas-de-la-secretaria-de-las-mujeres-en-puebla\\\/#breadcrumb\",\"itemListElement\":[{\"@type\":\"ListItem\",\"position\":1,\"name\":\"Inicio\",\"item\":\"https:\\\/\\\/grupohoymexico.com\\\/puebla\\\/\"},{\"@type\":\"ListItem\",\"position\":2,\"name\":\"Yadira Lira toma las riendas de la Secretar\u00eda de las Mujeres en Puebla\"}]},{\"@type\":\"WebSite\",\"@id\":\"https:\\\/\\\/grupohoymexico.com\\\/puebla\\\/#website\",\"url\":\"https:\\\/\\\/grupohoymexico.com\\\/puebla\\\/\",\"name\":\"Grupo Hoy Puebla\",\"description\":\"\",\"potentialAction\":[{\"@type\":\"SearchAction\",\"target\":{\"@type\":\"EntryPoint\",\"urlTemplate\":\"https:\\\/\\\/grupohoymexico.com\\\/puebla\\\/?s={search_term_string}\"},\"query-input\":{\"@type\":\"PropertyValueSpecification\",\"valueRequired\":true,\"valueName\":\"search_term_string\"}}],\"inLanguage\":\"es\"},{\"@type\":\"Person\",\"@id\":\"https:\\\/\\\/grupohoymexico.com\\\/puebla\\\/#\\\/schema\\\/person\\\/1daea168b0e65221a72343f652df2200\",\"name\":\"eden\",\"image\":{\"@type\":\"ImageObject\",\"inLanguage\":\"es\",\"@id\":\"https:\\\/\\\/secure.gravatar.com\\\/avatar\\\/bb9110058003cdaa353a0d811f6b9a9b930d5d69af30860c216f6b952458bacd?s=96&d=mm&r=g\",\"url\":\"https:\\\/\\\/secure.gravatar.com\\\/avatar\\\/bb9110058003cdaa353a0d811f6b9a9b930d5d69af30860c216f6b952458bacd?s=96&d=mm&r=g\",\"contentUrl\":\"https:\\\/\\\/secure.gravatar.com\\\/avatar\\\/bb9110058003cdaa353a0d811f6b9a9b930d5d69af30860c216f6b952458bacd?s=96&d=mm&r=g\",\"caption\":\"eden\"},\"url\":\"https:\\\/\\\/grupohoymexico.com\\\/puebla\\\/author\\\/eden\\\/\"}]}<\/script>\n<!-- \/ Yoast SEO Premium plugin. -->","yoast_head_json":{"title":"Yadira Lira toma las riendas de la Secretar\u00eda de las Mujeres en Puebla - Grupo Hoy Puebla","description":"El gobernador Armenta nombra a Yadira Lira al frente de Secretar\u00eda de Mujeres en Puebla para impulsar igualdad de g\u00e9nero y bienestar.","robots":{"index":"index","follow":"follow","max-snippet":"max-snippet:-1","max-image-preview":"max-image-preview:large","max-video-preview":"max-video-preview:-1"},"canonical":"https:\/\/grupohoymexico.com\/puebla\/2025\/05\/19\/yadira-lira-toma-las-riendas-de-la-secretaria-de-las-mujeres-en-puebla\/","og_locale":"es_MX","og_type":"article","og_title":"Yadira Lira toma las riendas de la Secretar\u00eda de las Mujeres en Puebla","og_description":"El gobernador Armenta nombra a Yadira Lira al frente de Secretar\u00eda de Mujeres en Puebla para impulsar igualdad de g\u00e9nero y bienestar.","og_url":"https:\/\/grupohoymexico.com\/puebla\/2025\/05\/19\/yadira-lira-toma-las-riendas-de-la-secretaria-de-las-mujeres-en-puebla\/","og_site_name":"Grupo Hoy Puebla","article_published_time":"2025-05-19T21:41:32+00:00","og_image":[{"width":1280,"height":680,"url":"https:\/\/grupohoymexico.com\/puebla\/wp-content\/uploads\/sites\/3\/2025\/05\/photo_2025-05-19_15-27-28.jpg","type":"image\/jpeg"}],"author":"eden","twitter_card":"summary_large_image","twitter_misc":{"Escrito por":"eden","Tiempo de lectura":"2 minutos"},"schema":{"@context":"https:\/\/schema.org","@graph":[{"@type":"Article","@id":"https:\/\/grupohoymexico.com\/puebla\/2025\/05\/19\/yadira-lira-toma-las-riendas-de-la-secretaria-de-las-mujeres-en-puebla\/#article","isPartOf":{"@id":"https:\/\/grupohoymexico.com\/puebla\/2025\/05\/19\/yadira-lira-toma-las-riendas-de-la-secretaria-de-las-mujeres-en-puebla\/"},"author":{"name":"eden","@id":"https:\/\/grupohoymexico.com\/puebla\/#\/schema\/person\/1daea168b0e65221a72343f652df2200"},"headline":"Yadira Lira toma las riendas de la Secretar\u00eda de las Mujeres en Puebla","datePublished":"2025-05-19T21:41:32+00:00","mainEntityOfPage":{"@id":"https:\/\/grupohoymexico.com\/puebla\/2025\/05\/19\/yadira-lira-toma-las-riendas-de-la-secretaria-de-las-mujeres-en-puebla\/"},"wordCount":296,"commentCount":0,"image":{"@id":"https:\/\/grupohoymexico.com\/puebla\/2025\/05\/19\/yadira-lira-toma-las-riendas-de-la-secretaria-de-las-mujeres-en-puebla\/#primaryimage"},"thumbnailUrl":"https:\/\/grupohoymexico.com\/puebla\/wp-content\/uploads\/sites\/3\/2025\/05\/photo_2025-05-19_15-27-28.jpg","keywords":["Alejandro Armenta","CECyTE Puebla","Secretar\u00eda de las Mujeres","Virginia Gonz\u00e1lez Melgarejo","Yadira Lira"],"articleSection":["Estatal"],"inLanguage":"es","potentialAction":[{"@type":"CommentAction","name":"Comment","target":["https:\/\/grupohoymexico.com\/puebla\/2025\/05\/19\/yadira-lira-toma-las-riendas-de-la-secretaria-de-las-mujeres-en-puebla\/#respond"]}]},{"@type":"WebPage","@id":"https:\/\/grupohoymexico.com\/puebla\/2025\/05\/19\/yadira-lira-toma-las-riendas-de-la-secretaria-de-las-mujeres-en-puebla\/","url":"https:\/\/grupohoymexico.com\/puebla\/2025\/05\/19\/yadira-lira-toma-las-riendas-de-la-secretaria-de-las-mujeres-en-puebla\/","name":"Yadira Lira toma las riendas de la Secretar\u00eda de las Mujeres en Puebla - Grupo Hoy Puebla","isPartOf":{"@id":"https:\/\/grupohoymexico.com\/puebla\/#website"},"primaryImageOfPage":{"@id":"https:\/\/grupohoymexico.com\/puebla\/2025\/05\/19\/yadira-lira-toma-las-riendas-de-la-secretaria-de-las-mujeres-en-puebla\/#primaryimage"},"image":{"@id":"https:\/\/grupohoymexico.com\/puebla\/2025\/05\/19\/yadira-lira-toma-las-riendas-de-la-secretaria-de-las-mujeres-en-puebla\/#primaryimage"},"thumbnailUrl":"https:\/\/grupohoymexico.com\/puebla\/wp-content\/uploads\/sites\/3\/2025\/05\/photo_2025-05-19_15-27-28.jpg","datePublished":"2025-05-19T21:41:32+00:00","author":{"@id":"https:\/\/grupohoymexico.com\/puebla\/#\/schema\/person\/1daea168b0e65221a72343f652df2200"},"description":"El gobernador Armenta nombra a Yadira Lira al frente de Secretar\u00eda de Mujeres en Puebla para impulsar igualdad de g\u00e9nero y bienestar.","breadcrumb":{"@id":"https:\/\/grupohoymexico.com\/puebla\/2025\/05\/19\/yadira-lira-toma-las-riendas-de-la-secretaria-de-las-mujeres-en-puebla\/#breadcrumb"},"inLanguage":"es","potentialAction":[{"@type":"ReadAction","target":["https:\/\/grupohoymexico.com\/puebla\/2025\/05\/19\/yadira-lira-toma-las-riendas-de-la-secretaria-de-las-mujeres-en-puebla\/"]}]},{"@type":"ImageObject","inLanguage":"es","@id":"https:\/\/grupohoymexico.com\/puebla\/2025\/05\/19\/yadira-lira-toma-las-riendas-de-la-secretaria-de-las-mujeres-en-puebla\/#primaryimage","url":"https:\/\/grupohoymexico.com\/puebla\/wp-content\/uploads\/sites\/3\/2025\/05\/photo_2025-05-19_15-27-28.jpg","contentUrl":"https:\/\/grupohoymexico.com\/puebla\/wp-content\/uploads\/sites\/3\/2025\/05\/photo_2025-05-19_15-27-28.jpg","width":1280,"height":680,"caption":"Yadira Lira toma las riendas de la Secretar\u00eda de las Mujeres en Puebla"},{"@type":"BreadcrumbList","@id":"https:\/\/grupohoymexico.com\/puebla\/2025\/05\/19\/yadira-lira-toma-las-riendas-de-la-secretaria-de-las-mujeres-en-puebla\/#breadcrumb","itemListElement":[{"@type":"ListItem","position":1,"name":"Inicio","item":"https:\/\/grupohoymexico.com\/puebla\/"},{"@type":"ListItem","position":2,"name":"Yadira Lira toma las riendas de la Secretar\u00eda de las Mujeres en Puebla"}]},{"@type":"WebSite","@id":"https:\/\/grupohoymexico.com\/puebla\/#website","url":"https:\/\/grupohoymexico.com\/puebla\/","name":"Grupo Hoy Puebla","description":"","potentialAction":[{"@type":"SearchAction","target":{"@type":"EntryPoint","urlTemplate":"https:\/\/grupohoymexico.com\/puebla\/?s={search_term_string}"},"query-input":{"@type":"PropertyValueSpecification","valueRequired":true,"valueName":"search_term_string"}}],"inLanguage":"es"},{"@type":"Person","@id":"https:\/\/grupohoymexico.com\/puebla\/#\/schema\/person\/1daea168b0e65221a72343f652df2200","name":"eden","image":{"@type":"ImageObject","inLanguage":"es","@id":"https:\/\/secure.gravatar.com\/avatar\/bb9110058003cdaa353a0d811f6b9a9b930d5d69af30860c216f6b952458bacd?s=96&d=mm&r=g","url":"https:\/\/secure.gravatar.com\/avatar\/bb9110058003cdaa353a0d811f6b9a9b930d5d69af30860c216f6b952458bacd?s=96&d=mm&r=g","contentUrl":"https:\/\/secure.gravatar.com\/avatar\/bb9110058003cdaa353a0d811f6b9a9b930d5d69af30860c216f6b952458bacd?s=96&d=mm&r=g","caption":"eden"},"url":"https:\/\/grupohoymexico.com\/puebla\/author\/eden\/"}]}},"_links":{"self":[{"href":"https:\/\/grupohoymexico.com\/puebla\/wp-json\/wp\/v2\/posts\/74827","targetHints":{"allow":["GET"]}}],"collection":[{"href":"https:\/\/grupohoymexico.com\/puebla\/wp-json\/wp\/v2\/posts"}],"about":[{"href":"https:\/\/grupohoymexico.com\/puebla\/wp-json\/wp\/v2\/types\/post"}],"author":[{"embeddable":true,"href":"https:\/\/grupohoymexico.com\/puebla\/wp-json\/wp\/v2\/users\/14"}],"replies":[{"embeddable":true,"href":"https:\/\/grupohoymexico.com\/puebla\/wp-json\/wp\/v2\/comments?post=74827"}],"version-history":[{"count":1,"href":"https:\/\/grupohoymexico.com\/puebla\/wp-json\/wp\/v2\/posts\/74827\/revisions"}],"predecessor-version":[{"id":74830,"href":"https:\/\/grupohoymexico.com\/puebla\/wp-json\/wp\/v2\/posts\/74827\/revisions\/74830"}],"wp:featuredmedia":[{"embeddable":true,"href":"https:\/\/grupohoymexico.com\/puebla\/wp-json\/wp\/v2\/media\/74832"}],"wp:attachment":[{"href":"https:\/\/grupohoymexico.com\/puebla\/wp-json\/wp\/v2\/media?parent=74827"}],"wp:term":[{"taxonomy":"category","embeddable":true,"href":"https:\/\/grupohoymexico.com\/puebla\/wp-json\/wp\/v2\/categories?post=74827"},{"taxonomy":"post_tag","embeddable":true,"href":"https:\/\/grupohoymexico.com\/puebla\/wp-json\/wp\/v2\/tags?post=74827"}],"curies":[{"name":"wp","href":"https:\/\/api.w.org\/{rel}","templated":true}]}}