{"id":74817,"date":"2025-05-19T20:11:48","date_gmt":"2025-05-19T20:11:48","guid":{"rendered":"https:\/\/grupohoymexico.com\/puebla\/?p=74817"},"modified":"2025-05-19T20:11:49","modified_gmt":"2025-05-19T20:11:49","slug":"reestructura-en-puebla-alejandro-armenta-realiza-seis-cambios-en-su-gabinete","status":"publish","type":"post","link":"https:\/\/grupohoymexico.com\/puebla\/2025\/05\/19\/reestructura-en-puebla-alejandro-armenta-realiza-seis-cambios-en-su-gabinete\/","title":{"rendered":"Reestructura en Puebla: Alejandro Armenta realiza seis cambios en su gabinete"},"content":{"rendered":"\n<p>El gobernador de <strong><a href=\"https:\/\/grupohoymexico.com\/puebla\/\">Puebla<\/a><\/strong>, <strong>Alejandro Armenta Mier<\/strong>, a m\u00e1s de cinco meses de iniciar su administraci\u00f3n, anunci\u00f3 una serie de cambios importantes en la estructura de su gabinete estatal. En total, seis modificaciones en titularidades y subsecretar\u00edas se hicieron oficial durante una conferencia de prensa realizada en el <strong>Centro Integral de Servicios (CIS)<\/strong>.<\/p>\n\n\n\n<p>El mandatario destac\u00f3 que estos movimientos obedecen a \u201c<strong>reajustes internos<\/strong>\u201d y tambi\u00e9n a la integraci\u00f3n de algunos colaboradores al gobierno federal, lo que evidencia la din\u00e1mica pol\u00edtica y administrativa en la entidad.<\/p>\n\n\n\n<h3 class=\"wp-block-heading\" id=\"h-secretaria-de-turismo-bajo-nueva-encargaduria\"><strong>Secretar\u00eda de Turismo bajo nueva encargadur\u00eda<\/strong><\/h3>\n\n\n\n<p>Entre los ajustes m\u00e1s destacados en su gabinete est\u00e1 la designaci\u00f3n de <strong>Carlos M\u00e1rquez P\u00e9rez<\/strong> como encargado de despacho en la <strong>Secretar\u00eda de Turismo de Puebla<\/strong>. M\u00e1rquez P\u00e9rez, quien previamente fue jefe de Oficina en la Secretar\u00eda de Turismo federal durante la gesti\u00f3n de <strong>Miguel Torruco<\/strong> en el sexenio de <strong>Andr\u00e9s Manuel L\u00f3pez Obrador<\/strong>, estar\u00e1 al frente de esta dependencia estatal hasta que se nombre al nuevo titular definitivo.<\/p>\n\n\n\n<p>Esta decisi\u00f3n se da luego de la salida de Yadira Lira Navarro, quien deja la Secretar\u00eda de Turismo para asumir un nuevo cargo.<\/p>\n\n\n\n<figure class=\"wp-block-image size-full\"><img fetchpriority=\"high\" decoding=\"async\" width=\"780\" height=\"470\" src=\"https:\/\/grupohoymexico.com\/puebla\/wp-content\/uploads\/sites\/3\/2025\/05\/image-29.png\" alt=\"\" class=\"wp-image-74824\" srcset=\"https:\/\/grupohoymexico.com\/puebla\/wp-content\/uploads\/sites\/3\/2025\/05\/image-29.png 780w, https:\/\/grupohoymexico.com\/puebla\/wp-content\/uploads\/sites\/3\/2025\/05\/image-29-300x181.png 300w, https:\/\/grupohoymexico.com\/puebla\/wp-content\/uploads\/sites\/3\/2025\/05\/image-29-768x463.png 768w, https:\/\/grupohoymexico.com\/puebla\/wp-content\/uploads\/sites\/3\/2025\/05\/image-29-332x200.png 332w, https:\/\/grupohoymexico.com\/puebla\/wp-content\/uploads\/sites\/3\/2025\/05\/image-29-664x400.png 664w, https:\/\/grupohoymexico.com\/puebla\/wp-content\/uploads\/sites\/3\/2025\/05\/image-29-688x415.png 688w\" sizes=\"(max-width: 780px) 100vw, 780px\" \/><\/figure>\n\n\n\n<h3 class=\"wp-block-heading\" id=\"h-nueva-etapa-para-la-secretaria-de-las-mujeres\"><strong>Nueva etapa para la Secretar\u00eda de las Mujeres<\/strong><\/h3>\n\n\n\n<p><strong>Yadira Lira Navarro<\/strong>, quien dej\u00f3 la <strong>Secretar\u00eda de Turismo<\/strong>, la nombraron ahora como titular de la <a href=\"https:\/\/sm.puebla.gob.mx\/\">Secretar\u00eda de las Mujeres de Puebla<\/a>, relevando a <strong>Virginia Gonz\u00e1lez Melgarejo<\/strong>. Este cambio busca reforzar las pol\u00edticas y programas en materia de igualdad y atenci\u00f3n a las mujeres en la entidad.<\/p>\n\n\n\n<figure class=\"wp-block-image size-large\"><img decoding=\"async\" width=\"1024\" height=\"683\" src=\"https:\/\/grupohoymexico.com\/puebla\/wp-content\/uploads\/sites\/3\/2025\/05\/image-30-1024x683.png\" alt=\"\" class=\"wp-image-74825\" srcset=\"https:\/\/grupohoymexico.com\/puebla\/wp-content\/uploads\/sites\/3\/2025\/05\/image-30-1024x683.png 1024w, https:\/\/grupohoymexico.com\/puebla\/wp-content\/uploads\/sites\/3\/2025\/05\/image-30-300x200.png 300w, https:\/\/grupohoymexico.com\/puebla\/wp-content\/uploads\/sites\/3\/2025\/05\/image-30-768x512.png 768w, https:\/\/grupohoymexico.com\/puebla\/wp-content\/uploads\/sites\/3\/2025\/05\/image-30-332x221.png 332w, https:\/\/grupohoymexico.com\/puebla\/wp-content\/uploads\/sites\/3\/2025\/05\/image-30-664x443.png 664w, https:\/\/grupohoymexico.com\/puebla\/wp-content\/uploads\/sites\/3\/2025\/05\/image-30-688x459.png 688w, https:\/\/grupohoymexico.com\/puebla\/wp-content\/uploads\/sites\/3\/2025\/05\/image-30-1044x696.png 1044w, https:\/\/grupohoymexico.com\/puebla\/wp-content\/uploads\/sites\/3\/2025\/05\/image-30.png 1200w\" sizes=\"(max-width: 1024px) 100vw, 1024px\" \/><\/figure>\n\n\n\n<p>En esta dependencia tambi\u00e9n se incorpora como subsecretaria contra la violencia y discriminaci\u00f3n <strong>Araceli Caselin Espinoza<\/strong>, quien era coordinadora de la <strong>Casa del Abue<\/strong> en Puebla capital, una instituci\u00f3n con trabajo social importante en la regi\u00f3n.<\/p>\n\n\n\n<p>Por su parte, Virginia Gonz\u00e1lez Melgarejo fue nombrada directora del <strong>Colegio de Estudios Cient\u00edficos y Tecnol\u00f3gicos del Estado de Puebla (CECyTE)<\/strong>, destacando la continuidad de perfiles en posiciones estrat\u00e9gicas del sector educativo.<\/p>\n\n\n\n<h3 class=\"wp-block-heading\" id=\"h-mas-nombramientos-para-fortalecer-el-desarrollo-economico\"><strong>M\u00e1s nombramientos para fortalecer el desarrollo econ\u00f3mico<\/strong><\/h3>\n\n\n\n<p>El gobernador Armenta Mier tambi\u00e9n inform\u00f3 sobre la designaci\u00f3n de <strong>Dafne Gaspar Santamar\u00eda<\/strong> como directora de la <strong>subsecretar\u00eda de Desarrollo Econ\u00f3mico y Empleo<\/strong>, un \u00e1rea clave para la generaci\u00f3n de oportunidades laborales y el crecimiento econ\u00f3mico local.<\/p>\n\n\n\n<h3 class=\"wp-block-heading\"><strong>Gobernador reafirma su compromiso con la gobernabilidad<\/strong><\/h3>\n\n\n\n<p>En su mensaje, Alejandro Armenta subray\u00f3 que estos cambios en su gabinete tienen el prop\u00f3sito de <strong>fortalecer \u00e1reas estrat\u00e9gicas<\/strong> del gobierno estatal, buscando mayor eficacia en la gesti\u00f3n p\u00fablica y una atenci\u00f3n m\u00e1s directa a las demandas sociales y econ\u00f3micas de Puebla.<\/p>\n\n\n\n<p>Estos ajustes reflejan el dinamismo pol\u00edtico y administrativo en la entidad, y la voluntad del gobernador por consolidar su proyecto de gobierno en un contexto de transformaci\u00f3n y retos crecientes.<\/p>\n","protected":false},"excerpt":{"rendered":"El gobernador de Puebla, Alejandro Armenta Mier, a m\u00e1s de cinco meses de iniciar su administraci\u00f3n, anunci\u00f3 una&hellip;","protected":false},"author":5,"featured_media":74823,"comment_status":"open","ping_status":"open","sticky":false,"template":"","format":"standard","meta":{"csco_display_header_overlay":false,"csco_singular_sidebar":"","csco_page_header_type":"","csco_page_load_nextpost":"","csco_post_video_location":[],"csco_post_video_location_hash":"","csco_post_video_url":"","csco_post_video_bg_start_time":0,"csco_post_video_bg_end_time":0,"footnotes":""},"categories":[29],"tags":[],"class_list":{"0":"post-74817","1":"post","2":"type-post","3":"status-publish","4":"format-standard","5":"has-post-thumbnail","7":"category-estatal","8":"cs-entry","9":"cs-video-wrap"},"yoast_head":"<!-- This site is optimized with the Yoast SEO Premium plugin v24.7 (Yoast SEO v27.4) - https:\/\/yoast.com\/product\/yoast-seo-premium-wordpress\/ -->\n<title>Reestructura en Puebla: Alejandro Armenta realiza seis cambios en su gabinete - Grupo Hoy Puebla<\/title>\n<meta name=\"description\" content=\"El gobernador de Puebla, Alejandro Armenta Mier, anunci\u00f3 una serie de cambios importantes en la estructura de su gabinete estatal.\" \/>\n<meta name=\"robots\" content=\"index, follow, max-snippet:-1, max-image-preview:large, max-video-preview:-1\" \/>\n<link rel=\"canonical\" href=\"https:\/\/grupohoymexico.com\/puebla\/2025\/05\/19\/reestructura-en-puebla-alejandro-armenta-realiza-seis-cambios-en-su-gabinete\/\" \/>\n<meta property=\"og:locale\" content=\"es_MX\" \/>\n<meta property=\"og:type\" content=\"article\" \/>\n<meta property=\"og:title\" content=\"Reestructura en Puebla: Alejandro Armenta realiza seis cambios en su gabinete\" \/>\n<meta property=\"og:description\" content=\"El gobernador de Puebla, Alejandro Armenta Mier, anunci\u00f3 una serie de cambios importantes en la estructura de su gabinete estatal.\" \/>\n<meta property=\"og:url\" content=\"https:\/\/grupohoymexico.com\/puebla\/2025\/05\/19\/reestructura-en-puebla-alejandro-armenta-realiza-seis-cambios-en-su-gabinete\/\" \/>\n<meta property=\"og:site_name\" content=\"Grupo Hoy Puebla\" \/>\n<meta property=\"article:published_time\" content=\"2025-05-19T20:11:48+00:00\" \/>\n<meta property=\"article:modified_time\" content=\"2025-05-19T20:11:49+00:00\" \/>\n<meta property=\"og:image\" content=\"https:\/\/grupohoymexico.com\/puebla\/wp-content\/uploads\/sites\/3\/2025\/05\/photo_4999231006879887394_y.jpg\" \/>\n\t<meta property=\"og:image:width\" content=\"1280\" \/>\n\t<meta property=\"og:image:height\" content=\"680\" \/>\n\t<meta property=\"og:image:type\" content=\"image\/jpeg\" \/>\n<meta name=\"author\" content=\"jair\" \/>\n<meta name=\"twitter:card\" content=\"summary_large_image\" \/>\n<meta name=\"twitter:label1\" content=\"Escrito por\" \/>\n\t<meta name=\"twitter:data1\" content=\"jair\" \/>\n\t<meta name=\"twitter:label2\" content=\"Tiempo de lectura\" \/>\n\t<meta name=\"twitter:data2\" content=\"3 minutos\" \/>\n<script type=\"application\/ld+json\" class=\"yoast-schema-graph\">{\"@context\":\"https:\\\/\\\/schema.org\",\"@graph\":[{\"@type\":\"Article\",\"@id\":\"https:\\\/\\\/grupohoymexico.com\\\/puebla\\\/2025\\\/05\\\/19\\\/reestructura-en-puebla-alejandro-armenta-realiza-seis-cambios-en-su-gabinete\\\/#article\",\"isPartOf\":{\"@id\":\"https:\\\/\\\/grupohoymexico.com\\\/puebla\\\/2025\\\/05\\\/19\\\/reestructura-en-puebla-alejandro-armenta-realiza-seis-cambios-en-su-gabinete\\\/\"},\"author\":{\"name\":\"jair\",\"@id\":\"https:\\\/\\\/grupohoymexico.com\\\/puebla\\\/#\\\/schema\\\/person\\\/98e2425fe99fbbdf486895b69dab3c3d\"},\"headline\":\"Reestructura en Puebla: Alejandro Armenta realiza seis cambios en su gabinete\",\"datePublished\":\"2025-05-19T20:11:48+00:00\",\"dateModified\":\"2025-05-19T20:11:49+00:00\",\"mainEntityOfPage\":{\"@id\":\"https:\\\/\\\/grupohoymexico.com\\\/puebla\\\/2025\\\/05\\\/19\\\/reestructura-en-puebla-alejandro-armenta-realiza-seis-cambios-en-su-gabinete\\\/\"},\"wordCount\":494,\"commentCount\":0,\"image\":{\"@id\":\"https:\\\/\\\/grupohoymexico.com\\\/puebla\\\/2025\\\/05\\\/19\\\/reestructura-en-puebla-alejandro-armenta-realiza-seis-cambios-en-su-gabinete\\\/#primaryimage\"},\"thumbnailUrl\":\"https:\\\/\\\/grupohoymexico.com\\\/puebla\\\/wp-content\\\/uploads\\\/sites\\\/3\\\/2025\\\/05\\\/photo_4999231006879887394_y.jpg\",\"articleSection\":[\"Estatal\"],\"inLanguage\":\"es\",\"potentialAction\":[{\"@type\":\"CommentAction\",\"name\":\"Comment\",\"target\":[\"https:\\\/\\\/grupohoymexico.com\\\/puebla\\\/2025\\\/05\\\/19\\\/reestructura-en-puebla-alejandro-armenta-realiza-seis-cambios-en-su-gabinete\\\/#respond\"]}]},{\"@type\":\"WebPage\",\"@id\":\"https:\\\/\\\/grupohoymexico.com\\\/puebla\\\/2025\\\/05\\\/19\\\/reestructura-en-puebla-alejandro-armenta-realiza-seis-cambios-en-su-gabinete\\\/\",\"url\":\"https:\\\/\\\/grupohoymexico.com\\\/puebla\\\/2025\\\/05\\\/19\\\/reestructura-en-puebla-alejandro-armenta-realiza-seis-cambios-en-su-gabinete\\\/\",\"name\":\"Reestructura en Puebla: Alejandro Armenta realiza seis cambios en su gabinete - Grupo Hoy Puebla\",\"isPartOf\":{\"@id\":\"https:\\\/\\\/grupohoymexico.com\\\/puebla\\\/#website\"},\"primaryImageOfPage\":{\"@id\":\"https:\\\/\\\/grupohoymexico.com\\\/puebla\\\/2025\\\/05\\\/19\\\/reestructura-en-puebla-alejandro-armenta-realiza-seis-cambios-en-su-gabinete\\\/#primaryimage\"},\"image\":{\"@id\":\"https:\\\/\\\/grupohoymexico.com\\\/puebla\\\/2025\\\/05\\\/19\\\/reestructura-en-puebla-alejandro-armenta-realiza-seis-cambios-en-su-gabinete\\\/#primaryimage\"},\"thumbnailUrl\":\"https:\\\/\\\/grupohoymexico.com\\\/puebla\\\/wp-content\\\/uploads\\\/sites\\\/3\\\/2025\\\/05\\\/photo_4999231006879887394_y.jpg\",\"datePublished\":\"2025-05-19T20:11:48+00:00\",\"dateModified\":\"2025-05-19T20:11:49+00:00\",\"author\":{\"@id\":\"https:\\\/\\\/grupohoymexico.com\\\/puebla\\\/#\\\/schema\\\/person\\\/98e2425fe99fbbdf486895b69dab3c3d\"},\"description\":\"El gobernador de Puebla, Alejandro Armenta Mier, anunci\u00f3 una serie de cambios importantes en la estructura de su gabinete estatal.\",\"breadcrumb\":{\"@id\":\"https:\\\/\\\/grupohoymexico.com\\\/puebla\\\/2025\\\/05\\\/19\\\/reestructura-en-puebla-alejandro-armenta-realiza-seis-cambios-en-su-gabinete\\\/#breadcrumb\"},\"inLanguage\":\"es\",\"potentialAction\":[{\"@type\":\"ReadAction\",\"target\":[\"https:\\\/\\\/grupohoymexico.com\\\/puebla\\\/2025\\\/05\\\/19\\\/reestructura-en-puebla-alejandro-armenta-realiza-seis-cambios-en-su-gabinete\\\/\"]}]},{\"@type\":\"ImageObject\",\"inLanguage\":\"es\",\"@id\":\"https:\\\/\\\/grupohoymexico.com\\\/puebla\\\/2025\\\/05\\\/19\\\/reestructura-en-puebla-alejandro-armenta-realiza-seis-cambios-en-su-gabinete\\\/#primaryimage\",\"url\":\"https:\\\/\\\/grupohoymexico.com\\\/puebla\\\/wp-content\\\/uploads\\\/sites\\\/3\\\/2025\\\/05\\\/photo_4999231006879887394_y.jpg\",\"contentUrl\":\"https:\\\/\\\/grupohoymexico.com\\\/puebla\\\/wp-content\\\/uploads\\\/sites\\\/3\\\/2025\\\/05\\\/photo_4999231006879887394_y.jpg\",\"width\":1280,\"height\":680,\"caption\":\"Reestructura en Puebla: Alejandro Armenta realiza seis cambios en su gabinete\"},{\"@type\":\"BreadcrumbList\",\"@id\":\"https:\\\/\\\/grupohoymexico.com\\\/puebla\\\/2025\\\/05\\\/19\\\/reestructura-en-puebla-alejandro-armenta-realiza-seis-cambios-en-su-gabinete\\\/#breadcrumb\",\"itemListElement\":[{\"@type\":\"ListItem\",\"position\":1,\"name\":\"Inicio\",\"item\":\"https:\\\/\\\/grupohoymexico.com\\\/puebla\\\/\"},{\"@type\":\"ListItem\",\"position\":2,\"name\":\"Reestructura en Puebla: Alejandro Armenta realiza seis cambios en su gabinete\"}]},{\"@type\":\"WebSite\",\"@id\":\"https:\\\/\\\/grupohoymexico.com\\\/puebla\\\/#website\",\"url\":\"https:\\\/\\\/grupohoymexico.com\\\/puebla\\\/\",\"name\":\"Grupo Hoy Puebla\",\"description\":\"\",\"potentialAction\":[{\"@type\":\"SearchAction\",\"target\":{\"@type\":\"EntryPoint\",\"urlTemplate\":\"https:\\\/\\\/grupohoymexico.com\\\/puebla\\\/?s={search_term_string}\"},\"query-input\":{\"@type\":\"PropertyValueSpecification\",\"valueRequired\":true,\"valueName\":\"search_term_string\"}}],\"inLanguage\":\"es\"},{\"@type\":\"Person\",\"@id\":\"https:\\\/\\\/grupohoymexico.com\\\/puebla\\\/#\\\/schema\\\/person\\\/98e2425fe99fbbdf486895b69dab3c3d\",\"name\":\"jair\",\"image\":{\"@type\":\"ImageObject\",\"inLanguage\":\"es\",\"@id\":\"https:\\\/\\\/secure.gravatar.com\\\/avatar\\\/ec205dfb8733a1ce1601942dddb04fc9294fb780c832e3c1ec58faa8e4e64e9b?s=96&d=mm&r=g\",\"url\":\"https:\\\/\\\/secure.gravatar.com\\\/avatar\\\/ec205dfb8733a1ce1601942dddb04fc9294fb780c832e3c1ec58faa8e4e64e9b?s=96&d=mm&r=g\",\"contentUrl\":\"https:\\\/\\\/secure.gravatar.com\\\/avatar\\\/ec205dfb8733a1ce1601942dddb04fc9294fb780c832e3c1ec58faa8e4e64e9b?s=96&d=mm&r=g\",\"caption\":\"jair\"},\"url\":\"https:\\\/\\\/grupohoymexico.com\\\/puebla\\\/author\\\/jair\\\/\"}]}<\/script>\n<!-- \/ Yoast SEO Premium plugin. -->","yoast_head_json":{"title":"Reestructura en Puebla: Alejandro Armenta realiza seis cambios en su gabinete - Grupo Hoy Puebla","description":"El gobernador de Puebla, Alejandro Armenta Mier, anunci\u00f3 una serie de cambios importantes en la estructura de su gabinete estatal.","robots":{"index":"index","follow":"follow","max-snippet":"max-snippet:-1","max-image-preview":"max-image-preview:large","max-video-preview":"max-video-preview:-1"},"canonical":"https:\/\/grupohoymexico.com\/puebla\/2025\/05\/19\/reestructura-en-puebla-alejandro-armenta-realiza-seis-cambios-en-su-gabinete\/","og_locale":"es_MX","og_type":"article","og_title":"Reestructura en Puebla: Alejandro Armenta realiza seis cambios en su gabinete","og_description":"El gobernador de Puebla, Alejandro Armenta Mier, anunci\u00f3 una serie de cambios importantes en la estructura de su gabinete estatal.","og_url":"https:\/\/grupohoymexico.com\/puebla\/2025\/05\/19\/reestructura-en-puebla-alejandro-armenta-realiza-seis-cambios-en-su-gabinete\/","og_site_name":"Grupo Hoy Puebla","article_published_time":"2025-05-19T20:11:48+00:00","article_modified_time":"2025-05-19T20:11:49+00:00","og_image":[{"width":1280,"height":680,"url":"https:\/\/grupohoymexico.com\/puebla\/wp-content\/uploads\/sites\/3\/2025\/05\/photo_4999231006879887394_y.jpg","type":"image\/jpeg"}],"author":"jair","twitter_card":"summary_large_image","twitter_misc":{"Escrito por":"jair","Tiempo de lectura":"3 minutos"},"schema":{"@context":"https:\/\/schema.org","@graph":[{"@type":"Article","@id":"https:\/\/grupohoymexico.com\/puebla\/2025\/05\/19\/reestructura-en-puebla-alejandro-armenta-realiza-seis-cambios-en-su-gabinete\/#article","isPartOf":{"@id":"https:\/\/grupohoymexico.com\/puebla\/2025\/05\/19\/reestructura-en-puebla-alejandro-armenta-realiza-seis-cambios-en-su-gabinete\/"},"author":{"name":"jair","@id":"https:\/\/grupohoymexico.com\/puebla\/#\/schema\/person\/98e2425fe99fbbdf486895b69dab3c3d"},"headline":"Reestructura en Puebla: Alejandro Armenta realiza seis cambios en su gabinete","datePublished":"2025-05-19T20:11:48+00:00","dateModified":"2025-05-19T20:11:49+00:00","mainEntityOfPage":{"@id":"https:\/\/grupohoymexico.com\/puebla\/2025\/05\/19\/reestructura-en-puebla-alejandro-armenta-realiza-seis-cambios-en-su-gabinete\/"},"wordCount":494,"commentCount":0,"image":{"@id":"https:\/\/grupohoymexico.com\/puebla\/2025\/05\/19\/reestructura-en-puebla-alejandro-armenta-realiza-seis-cambios-en-su-gabinete\/#primaryimage"},"thumbnailUrl":"https:\/\/grupohoymexico.com\/puebla\/wp-content\/uploads\/sites\/3\/2025\/05\/photo_4999231006879887394_y.jpg","articleSection":["Estatal"],"inLanguage":"es","potentialAction":[{"@type":"CommentAction","name":"Comment","target":["https:\/\/grupohoymexico.com\/puebla\/2025\/05\/19\/reestructura-en-puebla-alejandro-armenta-realiza-seis-cambios-en-su-gabinete\/#respond"]}]},{"@type":"WebPage","@id":"https:\/\/grupohoymexico.com\/puebla\/2025\/05\/19\/reestructura-en-puebla-alejandro-armenta-realiza-seis-cambios-en-su-gabinete\/","url":"https:\/\/grupohoymexico.com\/puebla\/2025\/05\/19\/reestructura-en-puebla-alejandro-armenta-realiza-seis-cambios-en-su-gabinete\/","name":"Reestructura en Puebla: Alejandro Armenta realiza seis cambios en su gabinete - Grupo Hoy Puebla","isPartOf":{"@id":"https:\/\/grupohoymexico.com\/puebla\/#website"},"primaryImageOfPage":{"@id":"https:\/\/grupohoymexico.com\/puebla\/2025\/05\/19\/reestructura-en-puebla-alejandro-armenta-realiza-seis-cambios-en-su-gabinete\/#primaryimage"},"image":{"@id":"https:\/\/grupohoymexico.com\/puebla\/2025\/05\/19\/reestructura-en-puebla-alejandro-armenta-realiza-seis-cambios-en-su-gabinete\/#primaryimage"},"thumbnailUrl":"https:\/\/grupohoymexico.com\/puebla\/wp-content\/uploads\/sites\/3\/2025\/05\/photo_4999231006879887394_y.jpg","datePublished":"2025-05-19T20:11:48+00:00","dateModified":"2025-05-19T20:11:49+00:00","author":{"@id":"https:\/\/grupohoymexico.com\/puebla\/#\/schema\/person\/98e2425fe99fbbdf486895b69dab3c3d"},"description":"El gobernador de Puebla, Alejandro Armenta Mier, anunci\u00f3 una serie de cambios importantes en la estructura de su gabinete estatal.","breadcrumb":{"@id":"https:\/\/grupohoymexico.com\/puebla\/2025\/05\/19\/reestructura-en-puebla-alejandro-armenta-realiza-seis-cambios-en-su-gabinete\/#breadcrumb"},"inLanguage":"es","potentialAction":[{"@type":"ReadAction","target":["https:\/\/grupohoymexico.com\/puebla\/2025\/05\/19\/reestructura-en-puebla-alejandro-armenta-realiza-seis-cambios-en-su-gabinete\/"]}]},{"@type":"ImageObject","inLanguage":"es","@id":"https:\/\/grupohoymexico.com\/puebla\/2025\/05\/19\/reestructura-en-puebla-alejandro-armenta-realiza-seis-cambios-en-su-gabinete\/#primaryimage","url":"https:\/\/grupohoymexico.com\/puebla\/wp-content\/uploads\/sites\/3\/2025\/05\/photo_4999231006879887394_y.jpg","contentUrl":"https:\/\/grupohoymexico.com\/puebla\/wp-content\/uploads\/sites\/3\/2025\/05\/photo_4999231006879887394_y.jpg","width":1280,"height":680,"caption":"Reestructura en Puebla: Alejandro Armenta realiza seis cambios en su gabinete"},{"@type":"BreadcrumbList","@id":"https:\/\/grupohoymexico.com\/puebla\/2025\/05\/19\/reestructura-en-puebla-alejandro-armenta-realiza-seis-cambios-en-su-gabinete\/#breadcrumb","itemListElement":[{"@type":"ListItem","position":1,"name":"Inicio","item":"https:\/\/grupohoymexico.com\/puebla\/"},{"@type":"ListItem","position":2,"name":"Reestructura en Puebla: Alejandro Armenta realiza seis cambios en su gabinete"}]},{"@type":"WebSite","@id":"https:\/\/grupohoymexico.com\/puebla\/#website","url":"https:\/\/grupohoymexico.com\/puebla\/","name":"Grupo Hoy Puebla","description":"","potentialAction":[{"@type":"SearchAction","target":{"@type":"EntryPoint","urlTemplate":"https:\/\/grupohoymexico.com\/puebla\/?s={search_term_string}"},"query-input":{"@type":"PropertyValueSpecification","valueRequired":true,"valueName":"search_term_string"}}],"inLanguage":"es"},{"@type":"Person","@id":"https:\/\/grupohoymexico.com\/puebla\/#\/schema\/person\/98e2425fe99fbbdf486895b69dab3c3d","name":"jair","image":{"@type":"ImageObject","inLanguage":"es","@id":"https:\/\/secure.gravatar.com\/avatar\/ec205dfb8733a1ce1601942dddb04fc9294fb780c832e3c1ec58faa8e4e64e9b?s=96&d=mm&r=g","url":"https:\/\/secure.gravatar.com\/avatar\/ec205dfb8733a1ce1601942dddb04fc9294fb780c832e3c1ec58faa8e4e64e9b?s=96&d=mm&r=g","contentUrl":"https:\/\/secure.gravatar.com\/avatar\/ec205dfb8733a1ce1601942dddb04fc9294fb780c832e3c1ec58faa8e4e64e9b?s=96&d=mm&r=g","caption":"jair"},"url":"https:\/\/grupohoymexico.com\/puebla\/author\/jair\/"}]}},"_links":{"self":[{"href":"https:\/\/grupohoymexico.com\/puebla\/wp-json\/wp\/v2\/posts\/74817","targetHints":{"allow":["GET"]}}],"collection":[{"href":"https:\/\/grupohoymexico.com\/puebla\/wp-json\/wp\/v2\/posts"}],"about":[{"href":"https:\/\/grupohoymexico.com\/puebla\/wp-json\/wp\/v2\/types\/post"}],"author":[{"embeddable":true,"href":"https:\/\/grupohoymexico.com\/puebla\/wp-json\/wp\/v2\/users\/5"}],"replies":[{"embeddable":true,"href":"https:\/\/grupohoymexico.com\/puebla\/wp-json\/wp\/v2\/comments?post=74817"}],"version-history":[{"count":2,"href":"https:\/\/grupohoymexico.com\/puebla\/wp-json\/wp\/v2\/posts\/74817\/revisions"}],"predecessor-version":[{"id":74826,"href":"https:\/\/grupohoymexico.com\/puebla\/wp-json\/wp\/v2\/posts\/74817\/revisions\/74826"}],"wp:featuredmedia":[{"embeddable":true,"href":"https:\/\/grupohoymexico.com\/puebla\/wp-json\/wp\/v2\/media\/74823"}],"wp:attachment":[{"href":"https:\/\/grupohoymexico.com\/puebla\/wp-json\/wp\/v2\/media?parent=74817"}],"wp:term":[{"taxonomy":"category","embeddable":true,"href":"https:\/\/grupohoymexico.com\/puebla\/wp-json\/wp\/v2\/categories?post=74817"},{"taxonomy":"post_tag","embeddable":true,"href":"https:\/\/grupohoymexico.com\/puebla\/wp-json\/wp\/v2\/tags?post=74817"}],"curies":[{"name":"wp","href":"https:\/\/api.w.org\/{rel}","templated":true}]}}