{"id":74799,"date":"2025-05-19T16:24:21","date_gmt":"2025-05-19T16:24:21","guid":{"rendered":"https:\/\/grupohoymexico.com\/puebla\/?p=74799"},"modified":"2025-05-19T16:24:21","modified_gmt":"2025-05-19T16:24:21","slug":"cnte-toma-la-caseta-san-marcos-maestros-advierten-cierres-en-la-mexico-puebla","status":"publish","type":"post","link":"https:\/\/grupohoymexico.com\/puebla\/2025\/05\/19\/cnte-toma-la-caseta-san-marcos-maestros-advierten-cierres-en-la-mexico-puebla\/","title":{"rendered":"CNTE toma la caseta San Marcos: Maestros advierten cierres en la M\u00e9xico-Puebla"},"content":{"rendered":"\n<p>Este lunes, integrantes de la <strong><a href=\"https:\/\/www.facebook.com\/CNTE.enlace\/?locale=es_LA\">Coordinadora Nacional de Trabajadores de la Educaci\u00f3n (CNTE)<\/a><\/strong> tomaron la <strong>caseta San Marcos<\/strong>, ubicada en la autopista M\u00e9xico-Puebla. Los maestros permitieron el paso libre a los veh\u00edculos que circulaban por la zona, y advirtieron la posibilidad de un <strong>cierre total de la vialidad<\/strong>. Estas acciones podr\u00eda afectar gravemente la conexi\u00f3n entre la Ciudad de M\u00e9xico y Puebla, una de las m\u00e1s transitadas del pa\u00eds.<\/p>\n\n\n\n<h3 class=\"wp-block-heading\" id=\"h-posible-bloqueo-en-la-concordia-preocupa-a-las-autoridades\">Posible bloqueo en La Concordia preocupa a las autoridades<\/h3>\n\n\n\n<p>De acuerdo con el medio <strong>Grupo Multimedios<\/strong>, las autoridades capitalinas informaron que las protestas podr\u00edan extenderse hacia el distribuidor vial conocido como <strong>\u201cLa Concordia\u201d<\/strong>, otro punto clave en el flujo vehicular de la autopista. Un bloqueo en esa zona complicar\u00eda a\u00fan m\u00e1s la movilidad entre ambas entidades, afectando tanto al transporte p\u00fablico como al privado.<\/p>\n\n\n\n<p>Hasta el momento, a pesar de la <strong>toma del CNTE en la Caseta San Marcos<\/strong> el tr\u00e1nsito se mantiene estable. A\u00fan as\u00ed se recomienda a los automovilistas <strong>monitorear constantemente los reportes viales<\/strong>, ya que los cierres podr\u00edan ocurrir sin previo aviso.<br><\/p>\n\n\n\n<figure class=\"wp-block-image size-full\"><img fetchpriority=\"high\" decoding=\"async\" width=\"833\" height=\"463\" src=\"https:\/\/grupohoymexico.com\/puebla\/wp-content\/uploads\/sites\/3\/2025\/05\/image-24.png\" alt=\"\" class=\"wp-image-74800\" srcset=\"https:\/\/grupohoymexico.com\/puebla\/wp-content\/uploads\/sites\/3\/2025\/05\/image-24.png 833w, https:\/\/grupohoymexico.com\/puebla\/wp-content\/uploads\/sites\/3\/2025\/05\/image-24-300x167.png 300w, https:\/\/grupohoymexico.com\/puebla\/wp-content\/uploads\/sites\/3\/2025\/05\/image-24-768x427.png 768w, https:\/\/grupohoymexico.com\/puebla\/wp-content\/uploads\/sites\/3\/2025\/05\/image-24-332x185.png 332w, https:\/\/grupohoymexico.com\/puebla\/wp-content\/uploads\/sites\/3\/2025\/05\/image-24-664x369.png 664w, https:\/\/grupohoymexico.com\/puebla\/wp-content\/uploads\/sites\/3\/2025\/05\/image-24-688x382.png 688w\" sizes=\"(max-width: 833px) 100vw, 833px\" \/><\/figure>\n\n\n\n<p><\/p>\n\n\n\n<h3 class=\"wp-block-heading\" id=\"h-cnte-amplia-protestas-en-otras-casetas-de-acceso-a-la-capital\">CNTE ampl\u00eda protestas en otras casetas de acceso a la capital<\/h3>\n\n\n\n<p>El plan de acci\u00f3n de la <strong>CNTE<\/strong> no se limita \u00fanicamente a la <strong>caseta San Marcos<\/strong>. Tambi\u00e9n contempla la <strong>liberaci\u00f3n de peaje<\/strong> en otros puntos estrat\u00e9gicos: la caseta de la autopista <strong>M\u00e9xico\u2013Cuernavaca<\/strong> y la de la autopista <strong>M\u00e9xico\u2013Quer\u00e9taro<\/strong>. Aunque no se ha definido un horario fijo para estas acciones, las autoridades ya han emitido alertas preventivas para los usuarios de estas rutas.<br><br>LEE TAMBI\u00c9N: <a href=\"https:\/\/grupohoymexico.com\/puebla\/2025\/05\/18\/trabajo-comunitario-en-puebla\/\">Armenta impulsa trabajo comunitario en Puebla <\/a><\/p>\n\n\n\n<p>Este tipo de intervenciones son parte de la estrategia de la <strong>CNTE<\/strong> para presionar al Gobierno federal, sin generar afectaciones econ\u00f3micas directas a la poblaci\u00f3n, pues al permitir el paso libre, los automovilistas no pagan el peaje correspondiente.<\/p>\n\n\n\n<h3 class=\"wp-block-heading\" id=\"h-imagenes-muestran-presencia-de-maestros-en-la-caseta-san-marcos\">Im\u00e1genes muestran presencia de maestros en la caseta San Marcos<\/h3>\n\n\n\n<p>En redes sociales circulan im\u00e1genes en las que se observa a los docentes concentrados en la <strong>caseta San Marcos<\/strong>, portando pancartas y permitiendo el libre tr\u00e1nsito. Las movilizaciones forman parte de una jornada nacional de protesta impulsada por la <strong>CNTE<\/strong>, en demanda de mejoras salariales, plazas autom\u00e1ticas para egresados de normales y la derogaci\u00f3n de reformas educativas pasadas.<br><\/p>\n\n\n\n<figure class=\"wp-block-image size-full\"><img decoding=\"async\" width=\"867\" height=\"478\" src=\"https:\/\/grupohoymexico.com\/puebla\/wp-content\/uploads\/sites\/3\/2025\/05\/image-25.png\" alt=\"\" class=\"wp-image-74801\" srcset=\"https:\/\/grupohoymexico.com\/puebla\/wp-content\/uploads\/sites\/3\/2025\/05\/image-25.png 867w, https:\/\/grupohoymexico.com\/puebla\/wp-content\/uploads\/sites\/3\/2025\/05\/image-25-300x165.png 300w, https:\/\/grupohoymexico.com\/puebla\/wp-content\/uploads\/sites\/3\/2025\/05\/image-25-768x423.png 768w, https:\/\/grupohoymexico.com\/puebla\/wp-content\/uploads\/sites\/3\/2025\/05\/image-25-332x183.png 332w, https:\/\/grupohoymexico.com\/puebla\/wp-content\/uploads\/sites\/3\/2025\/05\/image-25-664x366.png 664w, https:\/\/grupohoymexico.com\/puebla\/wp-content\/uploads\/sites\/3\/2025\/05\/image-25-688x379.png 688w\" sizes=\"(max-width: 867px) 100vw, 867px\" \/><\/figure>\n\n\n\n<p><\/p>\n\n\n\n<p>Las autoridades mantienen vigilancia permanente en las principales v\u00edas del pa\u00eds y no se descarta la presencia de cuerpos de seguridad si las movilizaciones escalan en las pr\u00f3ximas horas. <\/p>\n","protected":false},"excerpt":{"rendered":"Este lunes, integrantes de la Coordinadora Nacional de Trabajadores de la Educaci\u00f3n (CNTE) tomaron la caseta San Marcos,&hellip;","protected":false},"author":30,"featured_media":74803,"comment_status":"open","ping_status":"open","sticky":false,"template":"","format":"standard","meta":{"csco_display_header_overlay":false,"csco_singular_sidebar":"","csco_page_header_type":"","csco_page_load_nextpost":"","csco_post_video_location":[],"csco_post_video_location_hash":"","csco_post_video_url":"","csco_post_video_bg_start_time":0,"csco_post_video_bg_end_time":0,"footnotes":""},"categories":[29],"tags":[991,993,992,40],"class_list":{"0":"post-74799","1":"post","2":"type-post","3":"status-publish","4":"format-standard","5":"has-post-thumbnail","7":"category-estatal","8":"tag-caseta-mexico-puebla","9":"tag-ciudad-de-mexico","10":"tag-cnte","11":"tag-puebla","12":"cs-entry","13":"cs-video-wrap"},"yoast_head":"<!-- This site is optimized with the Yoast SEO Premium plugin v24.7 (Yoast SEO v27.4) - https:\/\/yoast.com\/product\/yoast-seo-premium-wordpress\/ -->\n<title>CNTE toma la caseta San Marcos: Maestros advierten cierres<\/title>\n<meta name=\"description\" content=\"Este lunes, integrantes de la Coordinadora Nacional de Trabajadores de la Educaci\u00f3n (CNTE) se movilizaron en la caseta San Marcos\" \/>\n<meta name=\"robots\" content=\"index, follow, max-snippet:-1, max-image-preview:large, max-video-preview:-1\" \/>\n<link rel=\"canonical\" href=\"https:\/\/grupohoymexico.com\/puebla\/2025\/05\/19\/cnte-toma-la-caseta-san-marcos-maestros-advierten-cierres-en-la-mexico-puebla\/\" \/>\n<meta property=\"og:locale\" content=\"es_MX\" \/>\n<meta property=\"og:type\" content=\"article\" \/>\n<meta property=\"og:title\" content=\"CNTE toma la caseta San Marcos: Maestros advierten cierres en la M\u00e9xico-Puebla\" \/>\n<meta property=\"og:description\" content=\"Este lunes, integrantes de la Coordinadora Nacional de Trabajadores de la Educaci\u00f3n (CNTE) se movilizaron en la caseta San Marcos\" \/>\n<meta property=\"og:url\" content=\"https:\/\/grupohoymexico.com\/puebla\/2025\/05\/19\/cnte-toma-la-caseta-san-marcos-maestros-advierten-cierres-en-la-mexico-puebla\/\" \/>\n<meta property=\"og:site_name\" content=\"Grupo Hoy Puebla\" \/>\n<meta property=\"article:published_time\" content=\"2025-05-19T16:24:21+00:00\" \/>\n<meta property=\"og:image\" content=\"https:\/\/grupohoymexico.com\/puebla\/wp-content\/uploads\/sites\/3\/2025\/05\/CNTE-caseta-de-San-Marcos.jpg\" \/>\n\t<meta property=\"og:image:width\" content=\"1272\" \/>\n\t<meta property=\"og:image:height\" content=\"670\" \/>\n\t<meta property=\"og:image:type\" content=\"image\/jpeg\" \/>\n<meta name=\"author\" content=\"eduardo\" \/>\n<meta name=\"twitter:card\" content=\"summary_large_image\" \/>\n<meta name=\"twitter:label1\" content=\"Escrito por\" \/>\n\t<meta name=\"twitter:data1\" content=\"eduardo\" \/>\n\t<meta name=\"twitter:label2\" content=\"Tiempo de lectura\" \/>\n\t<meta name=\"twitter:data2\" content=\"3 minutos\" \/>\n<script type=\"application\/ld+json\" class=\"yoast-schema-graph\">{\"@context\":\"https:\\\/\\\/schema.org\",\"@graph\":[{\"@type\":\"Article\",\"@id\":\"https:\\\/\\\/grupohoymexico.com\\\/puebla\\\/2025\\\/05\\\/19\\\/cnte-toma-la-caseta-san-marcos-maestros-advierten-cierres-en-la-mexico-puebla\\\/#article\",\"isPartOf\":{\"@id\":\"https:\\\/\\\/grupohoymexico.com\\\/puebla\\\/2025\\\/05\\\/19\\\/cnte-toma-la-caseta-san-marcos-maestros-advierten-cierres-en-la-mexico-puebla\\\/\"},\"author\":{\"name\":\"eduardo\",\"@id\":\"https:\\\/\\\/grupohoymexico.com\\\/puebla\\\/#\\\/schema\\\/person\\\/e95b7b8df1e5c291ede743c160292779\"},\"headline\":\"CNTE toma la caseta San Marcos: Maestros advierten cierres en la M\u00e9xico-Puebla\",\"datePublished\":\"2025-05-19T16:24:21+00:00\",\"mainEntityOfPage\":{\"@id\":\"https:\\\/\\\/grupohoymexico.com\\\/puebla\\\/2025\\\/05\\\/19\\\/cnte-toma-la-caseta-san-marcos-maestros-advierten-cierres-en-la-mexico-puebla\\\/\"},\"wordCount\":440,\"commentCount\":0,\"image\":{\"@id\":\"https:\\\/\\\/grupohoymexico.com\\\/puebla\\\/2025\\\/05\\\/19\\\/cnte-toma-la-caseta-san-marcos-maestros-advierten-cierres-en-la-mexico-puebla\\\/#primaryimage\"},\"thumbnailUrl\":\"https:\\\/\\\/grupohoymexico.com\\\/puebla\\\/wp-content\\\/uploads\\\/sites\\\/3\\\/2025\\\/05\\\/CNTE-caseta-de-San-Marcos.jpg\",\"keywords\":[\"Caseta M\u00e9xico Puebla\",\"Ciudad de M\u00e9xico\",\"CNTE\",\"puebla\"],\"articleSection\":[\"Estatal\"],\"inLanguage\":\"es\",\"potentialAction\":[{\"@type\":\"CommentAction\",\"name\":\"Comment\",\"target\":[\"https:\\\/\\\/grupohoymexico.com\\\/puebla\\\/2025\\\/05\\\/19\\\/cnte-toma-la-caseta-san-marcos-maestros-advierten-cierres-en-la-mexico-puebla\\\/#respond\"]}]},{\"@type\":\"WebPage\",\"@id\":\"https:\\\/\\\/grupohoymexico.com\\\/puebla\\\/2025\\\/05\\\/19\\\/cnte-toma-la-caseta-san-marcos-maestros-advierten-cierres-en-la-mexico-puebla\\\/\",\"url\":\"https:\\\/\\\/grupohoymexico.com\\\/puebla\\\/2025\\\/05\\\/19\\\/cnte-toma-la-caseta-san-marcos-maestros-advierten-cierres-en-la-mexico-puebla\\\/\",\"name\":\"CNTE toma la caseta San Marcos: Maestros advierten cierres\",\"isPartOf\":{\"@id\":\"https:\\\/\\\/grupohoymexico.com\\\/puebla\\\/#website\"},\"primaryImageOfPage\":{\"@id\":\"https:\\\/\\\/grupohoymexico.com\\\/puebla\\\/2025\\\/05\\\/19\\\/cnte-toma-la-caseta-san-marcos-maestros-advierten-cierres-en-la-mexico-puebla\\\/#primaryimage\"},\"image\":{\"@id\":\"https:\\\/\\\/grupohoymexico.com\\\/puebla\\\/2025\\\/05\\\/19\\\/cnte-toma-la-caseta-san-marcos-maestros-advierten-cierres-en-la-mexico-puebla\\\/#primaryimage\"},\"thumbnailUrl\":\"https:\\\/\\\/grupohoymexico.com\\\/puebla\\\/wp-content\\\/uploads\\\/sites\\\/3\\\/2025\\\/05\\\/CNTE-caseta-de-San-Marcos.jpg\",\"datePublished\":\"2025-05-19T16:24:21+00:00\",\"author\":{\"@id\":\"https:\\\/\\\/grupohoymexico.com\\\/puebla\\\/#\\\/schema\\\/person\\\/e95b7b8df1e5c291ede743c160292779\"},\"description\":\"Este lunes, integrantes de la Coordinadora Nacional de Trabajadores de la Educaci\u00f3n (CNTE) se movilizaron en la caseta San Marcos\",\"breadcrumb\":{\"@id\":\"https:\\\/\\\/grupohoymexico.com\\\/puebla\\\/2025\\\/05\\\/19\\\/cnte-toma-la-caseta-san-marcos-maestros-advierten-cierres-en-la-mexico-puebla\\\/#breadcrumb\"},\"inLanguage\":\"es\",\"potentialAction\":[{\"@type\":\"ReadAction\",\"target\":[\"https:\\\/\\\/grupohoymexico.com\\\/puebla\\\/2025\\\/05\\\/19\\\/cnte-toma-la-caseta-san-marcos-maestros-advierten-cierres-en-la-mexico-puebla\\\/\"]}]},{\"@type\":\"ImageObject\",\"inLanguage\":\"es\",\"@id\":\"https:\\\/\\\/grupohoymexico.com\\\/puebla\\\/2025\\\/05\\\/19\\\/cnte-toma-la-caseta-san-marcos-maestros-advierten-cierres-en-la-mexico-puebla\\\/#primaryimage\",\"url\":\"https:\\\/\\\/grupohoymexico.com\\\/puebla\\\/wp-content\\\/uploads\\\/sites\\\/3\\\/2025\\\/05\\\/CNTE-caseta-de-San-Marcos.jpg\",\"contentUrl\":\"https:\\\/\\\/grupohoymexico.com\\\/puebla\\\/wp-content\\\/uploads\\\/sites\\\/3\\\/2025\\\/05\\\/CNTE-caseta-de-San-Marcos.jpg\",\"width\":1272,\"height\":670,\"caption\":\"CNTE caseta de San Marcos\"},{\"@type\":\"BreadcrumbList\",\"@id\":\"https:\\\/\\\/grupohoymexico.com\\\/puebla\\\/2025\\\/05\\\/19\\\/cnte-toma-la-caseta-san-marcos-maestros-advierten-cierres-en-la-mexico-puebla\\\/#breadcrumb\",\"itemListElement\":[{\"@type\":\"ListItem\",\"position\":1,\"name\":\"Inicio\",\"item\":\"https:\\\/\\\/grupohoymexico.com\\\/puebla\\\/\"},{\"@type\":\"ListItem\",\"position\":2,\"name\":\"CNTE toma la caseta San Marcos: Maestros advierten cierres en la M\u00e9xico-Puebla\"}]},{\"@type\":\"WebSite\",\"@id\":\"https:\\\/\\\/grupohoymexico.com\\\/puebla\\\/#website\",\"url\":\"https:\\\/\\\/grupohoymexico.com\\\/puebla\\\/\",\"name\":\"Grupo Hoy Puebla\",\"description\":\"\",\"potentialAction\":[{\"@type\":\"SearchAction\",\"target\":{\"@type\":\"EntryPoint\",\"urlTemplate\":\"https:\\\/\\\/grupohoymexico.com\\\/puebla\\\/?s={search_term_string}\"},\"query-input\":{\"@type\":\"PropertyValueSpecification\",\"valueRequired\":true,\"valueName\":\"search_term_string\"}}],\"inLanguage\":\"es\"},{\"@type\":\"Person\",\"@id\":\"https:\\\/\\\/grupohoymexico.com\\\/puebla\\\/#\\\/schema\\\/person\\\/e95b7b8df1e5c291ede743c160292779\",\"name\":\"eduardo\",\"image\":{\"@type\":\"ImageObject\",\"inLanguage\":\"es\",\"@id\":\"https:\\\/\\\/secure.gravatar.com\\\/avatar\\\/ecdd30dcf3feeb5f57f13840c3daeb08334d3b69de7bb9e067a540c4925a9788?s=96&d=mm&r=g\",\"url\":\"https:\\\/\\\/secure.gravatar.com\\\/avatar\\\/ecdd30dcf3feeb5f57f13840c3daeb08334d3b69de7bb9e067a540c4925a9788?s=96&d=mm&r=g\",\"contentUrl\":\"https:\\\/\\\/secure.gravatar.com\\\/avatar\\\/ecdd30dcf3feeb5f57f13840c3daeb08334d3b69de7bb9e067a540c4925a9788?s=96&d=mm&r=g\",\"caption\":\"eduardo\"},\"url\":\"https:\\\/\\\/grupohoymexico.com\\\/puebla\\\/author\\\/eduardo\\\/\"}]}<\/script>\n<!-- \/ Yoast SEO Premium plugin. -->","yoast_head_json":{"title":"CNTE toma la caseta San Marcos: Maestros advierten cierres","description":"Este lunes, integrantes de la Coordinadora Nacional de Trabajadores de la Educaci\u00f3n (CNTE) se movilizaron en la caseta San Marcos","robots":{"index":"index","follow":"follow","max-snippet":"max-snippet:-1","max-image-preview":"max-image-preview:large","max-video-preview":"max-video-preview:-1"},"canonical":"https:\/\/grupohoymexico.com\/puebla\/2025\/05\/19\/cnte-toma-la-caseta-san-marcos-maestros-advierten-cierres-en-la-mexico-puebla\/","og_locale":"es_MX","og_type":"article","og_title":"CNTE toma la caseta San Marcos: Maestros advierten cierres en la M\u00e9xico-Puebla","og_description":"Este lunes, integrantes de la Coordinadora Nacional de Trabajadores de la Educaci\u00f3n (CNTE) se movilizaron en la caseta San Marcos","og_url":"https:\/\/grupohoymexico.com\/puebla\/2025\/05\/19\/cnte-toma-la-caseta-san-marcos-maestros-advierten-cierres-en-la-mexico-puebla\/","og_site_name":"Grupo Hoy Puebla","article_published_time":"2025-05-19T16:24:21+00:00","og_image":[{"width":1272,"height":670,"url":"https:\/\/grupohoymexico.com\/puebla\/wp-content\/uploads\/sites\/3\/2025\/05\/CNTE-caseta-de-San-Marcos.jpg","type":"image\/jpeg"}],"author":"eduardo","twitter_card":"summary_large_image","twitter_misc":{"Escrito por":"eduardo","Tiempo de lectura":"3 minutos"},"schema":{"@context":"https:\/\/schema.org","@graph":[{"@type":"Article","@id":"https:\/\/grupohoymexico.com\/puebla\/2025\/05\/19\/cnte-toma-la-caseta-san-marcos-maestros-advierten-cierres-en-la-mexico-puebla\/#article","isPartOf":{"@id":"https:\/\/grupohoymexico.com\/puebla\/2025\/05\/19\/cnte-toma-la-caseta-san-marcos-maestros-advierten-cierres-en-la-mexico-puebla\/"},"author":{"name":"eduardo","@id":"https:\/\/grupohoymexico.com\/puebla\/#\/schema\/person\/e95b7b8df1e5c291ede743c160292779"},"headline":"CNTE toma la caseta San Marcos: Maestros advierten cierres en la M\u00e9xico-Puebla","datePublished":"2025-05-19T16:24:21+00:00","mainEntityOfPage":{"@id":"https:\/\/grupohoymexico.com\/puebla\/2025\/05\/19\/cnte-toma-la-caseta-san-marcos-maestros-advierten-cierres-en-la-mexico-puebla\/"},"wordCount":440,"commentCount":0,"image":{"@id":"https:\/\/grupohoymexico.com\/puebla\/2025\/05\/19\/cnte-toma-la-caseta-san-marcos-maestros-advierten-cierres-en-la-mexico-puebla\/#primaryimage"},"thumbnailUrl":"https:\/\/grupohoymexico.com\/puebla\/wp-content\/uploads\/sites\/3\/2025\/05\/CNTE-caseta-de-San-Marcos.jpg","keywords":["Caseta M\u00e9xico Puebla","Ciudad de M\u00e9xico","CNTE","puebla"],"articleSection":["Estatal"],"inLanguage":"es","potentialAction":[{"@type":"CommentAction","name":"Comment","target":["https:\/\/grupohoymexico.com\/puebla\/2025\/05\/19\/cnte-toma-la-caseta-san-marcos-maestros-advierten-cierres-en-la-mexico-puebla\/#respond"]}]},{"@type":"WebPage","@id":"https:\/\/grupohoymexico.com\/puebla\/2025\/05\/19\/cnte-toma-la-caseta-san-marcos-maestros-advierten-cierres-en-la-mexico-puebla\/","url":"https:\/\/grupohoymexico.com\/puebla\/2025\/05\/19\/cnte-toma-la-caseta-san-marcos-maestros-advierten-cierres-en-la-mexico-puebla\/","name":"CNTE toma la caseta San Marcos: Maestros advierten cierres","isPartOf":{"@id":"https:\/\/grupohoymexico.com\/puebla\/#website"},"primaryImageOfPage":{"@id":"https:\/\/grupohoymexico.com\/puebla\/2025\/05\/19\/cnte-toma-la-caseta-san-marcos-maestros-advierten-cierres-en-la-mexico-puebla\/#primaryimage"},"image":{"@id":"https:\/\/grupohoymexico.com\/puebla\/2025\/05\/19\/cnte-toma-la-caseta-san-marcos-maestros-advierten-cierres-en-la-mexico-puebla\/#primaryimage"},"thumbnailUrl":"https:\/\/grupohoymexico.com\/puebla\/wp-content\/uploads\/sites\/3\/2025\/05\/CNTE-caseta-de-San-Marcos.jpg","datePublished":"2025-05-19T16:24:21+00:00","author":{"@id":"https:\/\/grupohoymexico.com\/puebla\/#\/schema\/person\/e95b7b8df1e5c291ede743c160292779"},"description":"Este lunes, integrantes de la Coordinadora Nacional de Trabajadores de la Educaci\u00f3n (CNTE) se movilizaron en la caseta San Marcos","breadcrumb":{"@id":"https:\/\/grupohoymexico.com\/puebla\/2025\/05\/19\/cnte-toma-la-caseta-san-marcos-maestros-advierten-cierres-en-la-mexico-puebla\/#breadcrumb"},"inLanguage":"es","potentialAction":[{"@type":"ReadAction","target":["https:\/\/grupohoymexico.com\/puebla\/2025\/05\/19\/cnte-toma-la-caseta-san-marcos-maestros-advierten-cierres-en-la-mexico-puebla\/"]}]},{"@type":"ImageObject","inLanguage":"es","@id":"https:\/\/grupohoymexico.com\/puebla\/2025\/05\/19\/cnte-toma-la-caseta-san-marcos-maestros-advierten-cierres-en-la-mexico-puebla\/#primaryimage","url":"https:\/\/grupohoymexico.com\/puebla\/wp-content\/uploads\/sites\/3\/2025\/05\/CNTE-caseta-de-San-Marcos.jpg","contentUrl":"https:\/\/grupohoymexico.com\/puebla\/wp-content\/uploads\/sites\/3\/2025\/05\/CNTE-caseta-de-San-Marcos.jpg","width":1272,"height":670,"caption":"CNTE caseta de San Marcos"},{"@type":"BreadcrumbList","@id":"https:\/\/grupohoymexico.com\/puebla\/2025\/05\/19\/cnte-toma-la-caseta-san-marcos-maestros-advierten-cierres-en-la-mexico-puebla\/#breadcrumb","itemListElement":[{"@type":"ListItem","position":1,"name":"Inicio","item":"https:\/\/grupohoymexico.com\/puebla\/"},{"@type":"ListItem","position":2,"name":"CNTE toma la caseta San Marcos: Maestros advierten cierres en la M\u00e9xico-Puebla"}]},{"@type":"WebSite","@id":"https:\/\/grupohoymexico.com\/puebla\/#website","url":"https:\/\/grupohoymexico.com\/puebla\/","name":"Grupo Hoy Puebla","description":"","potentialAction":[{"@type":"SearchAction","target":{"@type":"EntryPoint","urlTemplate":"https:\/\/grupohoymexico.com\/puebla\/?s={search_term_string}"},"query-input":{"@type":"PropertyValueSpecification","valueRequired":true,"valueName":"search_term_string"}}],"inLanguage":"es"},{"@type":"Person","@id":"https:\/\/grupohoymexico.com\/puebla\/#\/schema\/person\/e95b7b8df1e5c291ede743c160292779","name":"eduardo","image":{"@type":"ImageObject","inLanguage":"es","@id":"https:\/\/secure.gravatar.com\/avatar\/ecdd30dcf3feeb5f57f13840c3daeb08334d3b69de7bb9e067a540c4925a9788?s=96&d=mm&r=g","url":"https:\/\/secure.gravatar.com\/avatar\/ecdd30dcf3feeb5f57f13840c3daeb08334d3b69de7bb9e067a540c4925a9788?s=96&d=mm&r=g","contentUrl":"https:\/\/secure.gravatar.com\/avatar\/ecdd30dcf3feeb5f57f13840c3daeb08334d3b69de7bb9e067a540c4925a9788?s=96&d=mm&r=g","caption":"eduardo"},"url":"https:\/\/grupohoymexico.com\/puebla\/author\/eduardo\/"}]}},"_links":{"self":[{"href":"https:\/\/grupohoymexico.com\/puebla\/wp-json\/wp\/v2\/posts\/74799","targetHints":{"allow":["GET"]}}],"collection":[{"href":"https:\/\/grupohoymexico.com\/puebla\/wp-json\/wp\/v2\/posts"}],"about":[{"href":"https:\/\/grupohoymexico.com\/puebla\/wp-json\/wp\/v2\/types\/post"}],"author":[{"embeddable":true,"href":"https:\/\/grupohoymexico.com\/puebla\/wp-json\/wp\/v2\/users\/30"}],"replies":[{"embeddable":true,"href":"https:\/\/grupohoymexico.com\/puebla\/wp-json\/wp\/v2\/comments?post=74799"}],"version-history":[{"count":1,"href":"https:\/\/grupohoymexico.com\/puebla\/wp-json\/wp\/v2\/posts\/74799\/revisions"}],"predecessor-version":[{"id":74802,"href":"https:\/\/grupohoymexico.com\/puebla\/wp-json\/wp\/v2\/posts\/74799\/revisions\/74802"}],"wp:featuredmedia":[{"embeddable":true,"href":"https:\/\/grupohoymexico.com\/puebla\/wp-json\/wp\/v2\/media\/74803"}],"wp:attachment":[{"href":"https:\/\/grupohoymexico.com\/puebla\/wp-json\/wp\/v2\/media?parent=74799"}],"wp:term":[{"taxonomy":"category","embeddable":true,"href":"https:\/\/grupohoymexico.com\/puebla\/wp-json\/wp\/v2\/categories?post=74799"},{"taxonomy":"post_tag","embeddable":true,"href":"https:\/\/grupohoymexico.com\/puebla\/wp-json\/wp\/v2\/tags?post=74799"}],"curies":[{"name":"wp","href":"https:\/\/api.w.org\/{rel}","templated":true}]}}