{"id":74307,"date":"2025-05-05T15:36:25","date_gmt":"2025-05-05T21:36:25","guid":{"rendered":"https:\/\/pueblahoy.com.mx\/?p=74307"},"modified":"2025-05-05T15:36:25","modified_gmt":"2025-05-05T21:36:25","slug":"conclave-cuantos-cardenales-latinoamericanos-son-considerados-para-ser-papa","status":"publish","type":"post","link":"https:\/\/grupohoymexico.com\/puebla\/2025\/05\/05\/conclave-cuantos-cardenales-latinoamericanos-son-considerados-para-ser-papa\/","title":{"rendered":"\u00bfCu\u00e1ntos cardenales latinoamericanos son considerados para ser Papa?"},"content":{"rendered":"\n<p>Tras el fallecimiento del <a href=\"https:\/\/pueblahoy.com.mx\/papa-francisco-autoriza-la-bendicion-a-parejas-del-mismo-sexo\/\">papa Francisco<\/a> el 21 de abril, el <strong>Vaticano<\/strong> se prepara para elegir a su sucesor. De cara a este proceso, muchos se preguntan <strong>cu\u00e1ntos cardenales latinoamericanos son considerados para ser Papa<\/strong> en el pr\u00f3ximo <strong>c\u00f3nclave<\/strong>. La regi\u00f3n cuenta con figuras de peso, aunque no todas cumplen con los requisitos.<\/p>\n\n\n\n<p>De los 252 miembros del Colegio Cardenalicio, solo 138 tienen derecho a voto. Entre ellos, algunos latinoamericanos destacan por su experiencia pastoral, cercan\u00eda con el pueblo y trayectoria dentro de la Iglesia. Sin embargo, la edad es un factor clave: solo los menores de 80 a\u00f1os pueden ser electores y elegibles.<\/p>\n\n\n\n<p>M\u00e9xico tiene seis cardenales, pero \u00fanicamente dos de ellos podr\u00edan entrar en la contienda: Carlos Aguiar Retes y Francisco Robles Ortega. Ambos son arzobispos activos y mantienen influencia dentro de la Iglesia universal.<\/p>\n\n\n\n<p>El arzobispo Aguiar Retes lidera la arquidi\u00f3cesis de M\u00e9xico desde 2017. Su perfil acad\u00e9mico y pastoral ha sido reconocido por el Vaticano. Por su parte, Robles Ortega, arzobispo de Guadalajara, es considerado un referente conservador dentro del episcopado mexicano.<\/p>\n\n\n\n<h2 class=\"wp-block-heading\">\u00bfQui\u00e9nes son los cardenales latinoamericanos con perfil papable?<\/h2>\n\n\n\n<p>La duda sobre cu\u00e1ntos cardenales latinoamericanos son considerados para ser Papa incluye tambi\u00e9n al ya emblem\u00e1tico \u00d3scar Andr\u00e9s Rodr\u00edguez Maradiaga. Aunque fue mencionado en c\u00f3nclaves anteriores, ya no es elegible por su edad. Cumpli\u00f3 80 a\u00f1os en 2022.<\/p>\n\n\n\n<p>Rodr\u00edguez Maradiaga fue uno de los asesores m\u00e1s cercanos a Francisco y encabez\u00f3 el consejo de reforma de la Curia. En su trayectoria destacan su trabajo en favor de los pobres, su rol como presidente de Caritas International y su liderazgo en la arquidi\u00f3cesis de Tegucigalpa.<\/p>\n\n\n\n<ul class=\"wp-block-list\">\n<li>Carlos Aguiar Retes: Naci\u00f3 en 1950, cardenal desde 2016, arzobispo primado de M\u00e9xico.<\/li>\n\n\n\n<li>Francisco Robles Ortega: Nombrado cardenal en 2007, arzobispo de Guadalajara desde 2012.<\/li>\n\n\n\n<li>\u00d3scar Rodr\u00edguez Maradiaga: Arzobispo em\u00e9rito de Tegucigalpa, fue papable en 2013, pero ahora inhabilitado por edad.<\/li>\n<\/ul>\n\n\n\n<p>Aunque la regi\u00f3n latinoamericana ha ganado peso dentro del Vaticano, el n\u00famero de candidatos con perfil papable se ha reducido por factores como edad o retiro. A\u00fan as\u00ed, voces como la de Aguiar Retes podr\u00edan seguir siendo relevantes en el futuro de la <a href=\"https:\/\/www.mundoejecutivocdmx.com\/breaking-news\/conclave-cuanto-dura-la-eleccion-de-un-nuevo-papa-en-el-vaticano\/\">Iglesia<\/a>.<\/p>\n","protected":false},"excerpt":{"rendered":"Tras el fallecimiento del papa Francisco el 21 de abril, el Vaticano se prepara para elegir a su&hellip;","protected":false},"author":1,"featured_media":74308,"comment_status":"open","ping_status":"closed","sticky":false,"template":"","format":"standard","meta":{"csco_display_header_overlay":false,"csco_singular_sidebar":"","csco_page_header_type":"","csco_page_load_nextpost":"","csco_post_video_location":[],"csco_post_video_location_hash":"","csco_post_video_url":"","csco_post_video_bg_start_time":0,"csco_post_video_bg_end_time":0,"footnotes":""},"categories":[24],"tags":[104,105,106],"class_list":{"0":"post-74307","1":"post","2":"type-post","3":"status-publish","4":"format-standard","5":"has-post-thumbnail","7":"category-internacional","8":"tag-am","9":"tag-papa-2","10":"tag-vaticano","11":"cs-entry","12":"cs-video-wrap"},"yoast_head":"<!-- This site is optimized with the Yoast SEO Premium plugin v24.7 (Yoast SEO v27.4) - https:\/\/yoast.com\/product\/yoast-seo-premium-wordpress\/ -->\n<title>C\u00f3nclave: \u00bfcu\u00e1ntos cardenales latinoamericanos son considerados para ser Papa?<\/title>\n<meta name=\"description\" content=\"Tras la muerte del papa Francisco, aqu\u00ed te vamos a decir cu\u00e1ntos cardenales latinoamericanos son considerados para ser Papa.\" \/>\n<meta name=\"robots\" content=\"index, follow, max-snippet:-1, max-image-preview:large, max-video-preview:-1\" \/>\n<link rel=\"canonical\" href=\"https:\/\/grupohoymexico.com\/puebla\/2025\/05\/05\/conclave-cuantos-cardenales-latinoamericanos-son-considerados-para-ser-papa\/\" \/>\n<meta property=\"og:locale\" content=\"es_MX\" \/>\n<meta property=\"og:type\" content=\"article\" \/>\n<meta property=\"og:title\" content=\"\u00bfCu\u00e1ntos cardenales latinoamericanos son considerados para ser Papa?\" \/>\n<meta property=\"og:description\" content=\"Tras la muerte del papa Francisco, aqu\u00ed te vamos a decir cu\u00e1ntos cardenales latinoamericanos son considerados para ser Papa.\" \/>\n<meta property=\"og:url\" content=\"https:\/\/grupohoymexico.com\/puebla\/2025\/05\/05\/conclave-cuantos-cardenales-latinoamericanos-son-considerados-para-ser-papa\/\" \/>\n<meta property=\"og:site_name\" content=\"Grupo Hoy Puebla\" \/>\n<meta property=\"article:published_time\" content=\"2025-05-05T21:36:25+00:00\" \/>\n<meta property=\"og:image\" content=\"https:\/\/grupohoymexico.com\/puebla\/wp-content\/uploads\/sites\/3\/2025\/05\/IMG_20250505_144730_025.jpg\" \/>\n\t<meta property=\"og:image:width\" content=\"1201\" \/>\n\t<meta property=\"og:image:height\" content=\"639\" \/>\n\t<meta property=\"og:image:type\" content=\"image\/jpeg\" \/>\n<meta name=\"author\" content=\"user\" \/>\n<meta name=\"twitter:card\" content=\"summary_large_image\" \/>\n<meta name=\"twitter:label1\" content=\"Escrito por\" \/>\n\t<meta name=\"twitter:data1\" content=\"user\" \/>\n\t<meta name=\"twitter:label2\" content=\"Tiempo de lectura\" \/>\n\t<meta name=\"twitter:data2\" content=\"2 minutos\" \/>\n<script type=\"application\/ld+json\" class=\"yoast-schema-graph\">{\"@context\":\"https:\\\/\\\/schema.org\",\"@graph\":[{\"@type\":\"Article\",\"@id\":\"https:\\\/\\\/grupohoymexico.com\\\/puebla\\\/2025\\\/05\\\/05\\\/conclave-cuantos-cardenales-latinoamericanos-son-considerados-para-ser-papa\\\/#article\",\"isPartOf\":{\"@id\":\"https:\\\/\\\/grupohoymexico.com\\\/puebla\\\/2025\\\/05\\\/05\\\/conclave-cuantos-cardenales-latinoamericanos-son-considerados-para-ser-papa\\\/\"},\"author\":{\"name\":\"user\",\"@id\":\"https:\\\/\\\/grupohoymexico.com\\\/puebla\\\/#\\\/schema\\\/person\\\/ce6086ac837852775a3a4f539356c297\"},\"headline\":\"\u00bfCu\u00e1ntos cardenales latinoamericanos son considerados para ser Papa?\",\"datePublished\":\"2025-05-05T21:36:25+00:00\",\"mainEntityOfPage\":{\"@id\":\"https:\\\/\\\/grupohoymexico.com\\\/puebla\\\/2025\\\/05\\\/05\\\/conclave-cuantos-cardenales-latinoamericanos-son-considerados-para-ser-papa\\\/\"},\"wordCount\":379,\"commentCount\":0,\"image\":{\"@id\":\"https:\\\/\\\/grupohoymexico.com\\\/puebla\\\/2025\\\/05\\\/05\\\/conclave-cuantos-cardenales-latinoamericanos-son-considerados-para-ser-papa\\\/#primaryimage\"},\"thumbnailUrl\":\"https:\\\/\\\/grupohoymexico.com\\\/puebla\\\/wp-content\\\/uploads\\\/sites\\\/3\\\/2025\\\/05\\\/IMG_20250505_144730_025.jpg\",\"keywords\":[\"am\",\"Papa\",\"Vaticano\"],\"articleSection\":[\"Internacional\"],\"inLanguage\":\"es\",\"potentialAction\":[{\"@type\":\"CommentAction\",\"name\":\"Comment\",\"target\":[\"https:\\\/\\\/grupohoymexico.com\\\/puebla\\\/2025\\\/05\\\/05\\\/conclave-cuantos-cardenales-latinoamericanos-son-considerados-para-ser-papa\\\/#respond\"]}]},{\"@type\":\"WebPage\",\"@id\":\"https:\\\/\\\/grupohoymexico.com\\\/puebla\\\/2025\\\/05\\\/05\\\/conclave-cuantos-cardenales-latinoamericanos-son-considerados-para-ser-papa\\\/\",\"url\":\"https:\\\/\\\/grupohoymexico.com\\\/puebla\\\/2025\\\/05\\\/05\\\/conclave-cuantos-cardenales-latinoamericanos-son-considerados-para-ser-papa\\\/\",\"name\":\"C\u00f3nclave: \u00bfcu\u00e1ntos cardenales latinoamericanos son considerados para ser Papa?\",\"isPartOf\":{\"@id\":\"https:\\\/\\\/grupohoymexico.com\\\/puebla\\\/#website\"},\"primaryImageOfPage\":{\"@id\":\"https:\\\/\\\/grupohoymexico.com\\\/puebla\\\/2025\\\/05\\\/05\\\/conclave-cuantos-cardenales-latinoamericanos-son-considerados-para-ser-papa\\\/#primaryimage\"},\"image\":{\"@id\":\"https:\\\/\\\/grupohoymexico.com\\\/puebla\\\/2025\\\/05\\\/05\\\/conclave-cuantos-cardenales-latinoamericanos-son-considerados-para-ser-papa\\\/#primaryimage\"},\"thumbnailUrl\":\"https:\\\/\\\/grupohoymexico.com\\\/puebla\\\/wp-content\\\/uploads\\\/sites\\\/3\\\/2025\\\/05\\\/IMG_20250505_144730_025.jpg\",\"datePublished\":\"2025-05-05T21:36:25+00:00\",\"author\":{\"@id\":\"https:\\\/\\\/grupohoymexico.com\\\/puebla\\\/#\\\/schema\\\/person\\\/ce6086ac837852775a3a4f539356c297\"},\"description\":\"Tras la muerte del papa Francisco, aqu\u00ed te vamos a decir cu\u00e1ntos cardenales latinoamericanos son considerados para ser Papa.\",\"breadcrumb\":{\"@id\":\"https:\\\/\\\/grupohoymexico.com\\\/puebla\\\/2025\\\/05\\\/05\\\/conclave-cuantos-cardenales-latinoamericanos-son-considerados-para-ser-papa\\\/#breadcrumb\"},\"inLanguage\":\"es\",\"potentialAction\":[{\"@type\":\"ReadAction\",\"target\":[\"https:\\\/\\\/grupohoymexico.com\\\/puebla\\\/2025\\\/05\\\/05\\\/conclave-cuantos-cardenales-latinoamericanos-son-considerados-para-ser-papa\\\/\"]}]},{\"@type\":\"ImageObject\",\"inLanguage\":\"es\",\"@id\":\"https:\\\/\\\/grupohoymexico.com\\\/puebla\\\/2025\\\/05\\\/05\\\/conclave-cuantos-cardenales-latinoamericanos-son-considerados-para-ser-papa\\\/#primaryimage\",\"url\":\"https:\\\/\\\/grupohoymexico.com\\\/puebla\\\/wp-content\\\/uploads\\\/sites\\\/3\\\/2025\\\/05\\\/IMG_20250505_144730_025.jpg\",\"contentUrl\":\"https:\\\/\\\/grupohoymexico.com\\\/puebla\\\/wp-content\\\/uploads\\\/sites\\\/3\\\/2025\\\/05\\\/IMG_20250505_144730_025.jpg\",\"width\":1201,\"height\":639,\"caption\":\"Tras la muerte del papa Francisco, el 7 de mayo inicia el c\u00f3nclave para elegir un nuevo pont\u00edfice, entre los candidatos hay latinoamericanos.\"},{\"@type\":\"BreadcrumbList\",\"@id\":\"https:\\\/\\\/grupohoymexico.com\\\/puebla\\\/2025\\\/05\\\/05\\\/conclave-cuantos-cardenales-latinoamericanos-son-considerados-para-ser-papa\\\/#breadcrumb\",\"itemListElement\":[{\"@type\":\"ListItem\",\"position\":1,\"name\":\"Inicio\",\"item\":\"https:\\\/\\\/grupohoymexico.com\\\/puebla\\\/\"},{\"@type\":\"ListItem\",\"position\":2,\"name\":\"\u00bfCu\u00e1ntos cardenales latinoamericanos son considerados para ser Papa?\"}]},{\"@type\":\"WebSite\",\"@id\":\"https:\\\/\\\/grupohoymexico.com\\\/puebla\\\/#website\",\"url\":\"https:\\\/\\\/grupohoymexico.com\\\/puebla\\\/\",\"name\":\"Grupo Hoy Puebla\",\"description\":\"\",\"potentialAction\":[{\"@type\":\"SearchAction\",\"target\":{\"@type\":\"EntryPoint\",\"urlTemplate\":\"https:\\\/\\\/grupohoymexico.com\\\/puebla\\\/?s={search_term_string}\"},\"query-input\":{\"@type\":\"PropertyValueSpecification\",\"valueRequired\":true,\"valueName\":\"search_term_string\"}}],\"inLanguage\":\"es\"},{\"@type\":\"Person\",\"@id\":\"https:\\\/\\\/grupohoymexico.com\\\/puebla\\\/#\\\/schema\\\/person\\\/ce6086ac837852775a3a4f539356c297\",\"name\":\"user\",\"image\":{\"@type\":\"ImageObject\",\"inLanguage\":\"es\",\"@id\":\"https:\\\/\\\/secure.gravatar.com\\\/avatar\\\/25f78de4fa956f6f7c01f8d96f8087d8958ebe06d57e630cd54e36aefb9dacea?s=96&d=mm&r=g\",\"url\":\"https:\\\/\\\/secure.gravatar.com\\\/avatar\\\/25f78de4fa956f6f7c01f8d96f8087d8958ebe06d57e630cd54e36aefb9dacea?s=96&d=mm&r=g\",\"contentUrl\":\"https:\\\/\\\/secure.gravatar.com\\\/avatar\\\/25f78de4fa956f6f7c01f8d96f8087d8958ebe06d57e630cd54e36aefb9dacea?s=96&d=mm&r=g\",\"caption\":\"user\"},\"sameAs\":[\"http:\\\/\\\/44.197.188.197.nip.io\"],\"url\":\"https:\\\/\\\/grupohoymexico.com\\\/puebla\\\/author\\\/user\\\/\"}]}<\/script>\n<!-- \/ Yoast SEO Premium plugin. -->","yoast_head_json":{"title":"C\u00f3nclave: \u00bfcu\u00e1ntos cardenales latinoamericanos son considerados para ser Papa?","description":"Tras la muerte del papa Francisco, aqu\u00ed te vamos a decir cu\u00e1ntos cardenales latinoamericanos son considerados para ser Papa.","robots":{"index":"index","follow":"follow","max-snippet":"max-snippet:-1","max-image-preview":"max-image-preview:large","max-video-preview":"max-video-preview:-1"},"canonical":"https:\/\/grupohoymexico.com\/puebla\/2025\/05\/05\/conclave-cuantos-cardenales-latinoamericanos-son-considerados-para-ser-papa\/","og_locale":"es_MX","og_type":"article","og_title":"\u00bfCu\u00e1ntos cardenales latinoamericanos son considerados para ser Papa?","og_description":"Tras la muerte del papa Francisco, aqu\u00ed te vamos a decir cu\u00e1ntos cardenales latinoamericanos son considerados para ser Papa.","og_url":"https:\/\/grupohoymexico.com\/puebla\/2025\/05\/05\/conclave-cuantos-cardenales-latinoamericanos-son-considerados-para-ser-papa\/","og_site_name":"Grupo Hoy Puebla","article_published_time":"2025-05-05T21:36:25+00:00","og_image":[{"width":1201,"height":639,"url":"https:\/\/grupohoymexico.com\/puebla\/wp-content\/uploads\/sites\/3\/2025\/05\/IMG_20250505_144730_025.jpg","type":"image\/jpeg"}],"author":"user","twitter_card":"summary_large_image","twitter_misc":{"Escrito por":"user","Tiempo de lectura":"2 minutos"},"schema":{"@context":"https:\/\/schema.org","@graph":[{"@type":"Article","@id":"https:\/\/grupohoymexico.com\/puebla\/2025\/05\/05\/conclave-cuantos-cardenales-latinoamericanos-son-considerados-para-ser-papa\/#article","isPartOf":{"@id":"https:\/\/grupohoymexico.com\/puebla\/2025\/05\/05\/conclave-cuantos-cardenales-latinoamericanos-son-considerados-para-ser-papa\/"},"author":{"name":"user","@id":"https:\/\/grupohoymexico.com\/puebla\/#\/schema\/person\/ce6086ac837852775a3a4f539356c297"},"headline":"\u00bfCu\u00e1ntos cardenales latinoamericanos son considerados para ser Papa?","datePublished":"2025-05-05T21:36:25+00:00","mainEntityOfPage":{"@id":"https:\/\/grupohoymexico.com\/puebla\/2025\/05\/05\/conclave-cuantos-cardenales-latinoamericanos-son-considerados-para-ser-papa\/"},"wordCount":379,"commentCount":0,"image":{"@id":"https:\/\/grupohoymexico.com\/puebla\/2025\/05\/05\/conclave-cuantos-cardenales-latinoamericanos-son-considerados-para-ser-papa\/#primaryimage"},"thumbnailUrl":"https:\/\/grupohoymexico.com\/puebla\/wp-content\/uploads\/sites\/3\/2025\/05\/IMG_20250505_144730_025.jpg","keywords":["am","Papa","Vaticano"],"articleSection":["Internacional"],"inLanguage":"es","potentialAction":[{"@type":"CommentAction","name":"Comment","target":["https:\/\/grupohoymexico.com\/puebla\/2025\/05\/05\/conclave-cuantos-cardenales-latinoamericanos-son-considerados-para-ser-papa\/#respond"]}]},{"@type":"WebPage","@id":"https:\/\/grupohoymexico.com\/puebla\/2025\/05\/05\/conclave-cuantos-cardenales-latinoamericanos-son-considerados-para-ser-papa\/","url":"https:\/\/grupohoymexico.com\/puebla\/2025\/05\/05\/conclave-cuantos-cardenales-latinoamericanos-son-considerados-para-ser-papa\/","name":"C\u00f3nclave: \u00bfcu\u00e1ntos cardenales latinoamericanos son considerados para ser Papa?","isPartOf":{"@id":"https:\/\/grupohoymexico.com\/puebla\/#website"},"primaryImageOfPage":{"@id":"https:\/\/grupohoymexico.com\/puebla\/2025\/05\/05\/conclave-cuantos-cardenales-latinoamericanos-son-considerados-para-ser-papa\/#primaryimage"},"image":{"@id":"https:\/\/grupohoymexico.com\/puebla\/2025\/05\/05\/conclave-cuantos-cardenales-latinoamericanos-son-considerados-para-ser-papa\/#primaryimage"},"thumbnailUrl":"https:\/\/grupohoymexico.com\/puebla\/wp-content\/uploads\/sites\/3\/2025\/05\/IMG_20250505_144730_025.jpg","datePublished":"2025-05-05T21:36:25+00:00","author":{"@id":"https:\/\/grupohoymexico.com\/puebla\/#\/schema\/person\/ce6086ac837852775a3a4f539356c297"},"description":"Tras la muerte del papa Francisco, aqu\u00ed te vamos a decir cu\u00e1ntos cardenales latinoamericanos son considerados para ser Papa.","breadcrumb":{"@id":"https:\/\/grupohoymexico.com\/puebla\/2025\/05\/05\/conclave-cuantos-cardenales-latinoamericanos-son-considerados-para-ser-papa\/#breadcrumb"},"inLanguage":"es","potentialAction":[{"@type":"ReadAction","target":["https:\/\/grupohoymexico.com\/puebla\/2025\/05\/05\/conclave-cuantos-cardenales-latinoamericanos-son-considerados-para-ser-papa\/"]}]},{"@type":"ImageObject","inLanguage":"es","@id":"https:\/\/grupohoymexico.com\/puebla\/2025\/05\/05\/conclave-cuantos-cardenales-latinoamericanos-son-considerados-para-ser-papa\/#primaryimage","url":"https:\/\/grupohoymexico.com\/puebla\/wp-content\/uploads\/sites\/3\/2025\/05\/IMG_20250505_144730_025.jpg","contentUrl":"https:\/\/grupohoymexico.com\/puebla\/wp-content\/uploads\/sites\/3\/2025\/05\/IMG_20250505_144730_025.jpg","width":1201,"height":639,"caption":"Tras la muerte del papa Francisco, el 7 de mayo inicia el c\u00f3nclave para elegir un nuevo pont\u00edfice, entre los candidatos hay latinoamericanos."},{"@type":"BreadcrumbList","@id":"https:\/\/grupohoymexico.com\/puebla\/2025\/05\/05\/conclave-cuantos-cardenales-latinoamericanos-son-considerados-para-ser-papa\/#breadcrumb","itemListElement":[{"@type":"ListItem","position":1,"name":"Inicio","item":"https:\/\/grupohoymexico.com\/puebla\/"},{"@type":"ListItem","position":2,"name":"\u00bfCu\u00e1ntos cardenales latinoamericanos son considerados para ser Papa?"}]},{"@type":"WebSite","@id":"https:\/\/grupohoymexico.com\/puebla\/#website","url":"https:\/\/grupohoymexico.com\/puebla\/","name":"Grupo Hoy Puebla","description":"","potentialAction":[{"@type":"SearchAction","target":{"@type":"EntryPoint","urlTemplate":"https:\/\/grupohoymexico.com\/puebla\/?s={search_term_string}"},"query-input":{"@type":"PropertyValueSpecification","valueRequired":true,"valueName":"search_term_string"}}],"inLanguage":"es"},{"@type":"Person","@id":"https:\/\/grupohoymexico.com\/puebla\/#\/schema\/person\/ce6086ac837852775a3a4f539356c297","name":"user","image":{"@type":"ImageObject","inLanguage":"es","@id":"https:\/\/secure.gravatar.com\/avatar\/25f78de4fa956f6f7c01f8d96f8087d8958ebe06d57e630cd54e36aefb9dacea?s=96&d=mm&r=g","url":"https:\/\/secure.gravatar.com\/avatar\/25f78de4fa956f6f7c01f8d96f8087d8958ebe06d57e630cd54e36aefb9dacea?s=96&d=mm&r=g","contentUrl":"https:\/\/secure.gravatar.com\/avatar\/25f78de4fa956f6f7c01f8d96f8087d8958ebe06d57e630cd54e36aefb9dacea?s=96&d=mm&r=g","caption":"user"},"sameAs":["http:\/\/44.197.188.197.nip.io"],"url":"https:\/\/grupohoymexico.com\/puebla\/author\/user\/"}]}},"_links":{"self":[{"href":"https:\/\/grupohoymexico.com\/puebla\/wp-json\/wp\/v2\/posts\/74307","targetHints":{"allow":["GET"]}}],"collection":[{"href":"https:\/\/grupohoymexico.com\/puebla\/wp-json\/wp\/v2\/posts"}],"about":[{"href":"https:\/\/grupohoymexico.com\/puebla\/wp-json\/wp\/v2\/types\/post"}],"author":[{"embeddable":true,"href":"https:\/\/grupohoymexico.com\/puebla\/wp-json\/wp\/v2\/users\/1"}],"replies":[{"embeddable":true,"href":"https:\/\/grupohoymexico.com\/puebla\/wp-json\/wp\/v2\/comments?post=74307"}],"version-history":[{"count":0,"href":"https:\/\/grupohoymexico.com\/puebla\/wp-json\/wp\/v2\/posts\/74307\/revisions"}],"wp:featuredmedia":[{"embeddable":true,"href":"https:\/\/grupohoymexico.com\/puebla\/wp-json\/wp\/v2\/media\/74308"}],"wp:attachment":[{"href":"https:\/\/grupohoymexico.com\/puebla\/wp-json\/wp\/v2\/media?parent=74307"}],"wp:term":[{"taxonomy":"category","embeddable":true,"href":"https:\/\/grupohoymexico.com\/puebla\/wp-json\/wp\/v2\/categories?post=74307"},{"taxonomy":"post_tag","embeddable":true,"href":"https:\/\/grupohoymexico.com\/puebla\/wp-json\/wp\/v2\/tags?post=74307"}],"curies":[{"name":"wp","href":"https:\/\/api.w.org\/{rel}","templated":true}]}}