{"id":74123,"date":"2025-04-28T08:50:21","date_gmt":"2025-04-28T14:50:21","guid":{"rendered":"https:\/\/pueblahoy.com.mx\/?p=74123"},"modified":"2025-04-28T08:50:21","modified_gmt":"2025-04-28T14:50:21","slug":"cuando-se-presenta-drake-bell-en-la-feria-de-puebla-2025","status":"publish","type":"post","link":"https:\/\/grupohoymexico.com\/puebla\/2025\/04\/28\/cuando-se-presenta-drake-bell-en-la-feria-de-puebla-2025\/","title":{"rendered":"\u00bfCu\u00e1ndo se presenta Drake Bell en la Feria de Puebla 2025?"},"content":{"rendered":"\n<p><strong>Drake Bell <\/strong>vuelve a <strong>M\u00e9xico<\/strong>, el pa\u00eds que considera su segundo hogar. El cantante arrancar\u00e1 su gira <strong>\u201cNon Stop Flying\u201d<\/strong> en la <strong>Feria de Puebla<\/strong>, donde compartir\u00e1 escenario con<strong> Belinda<\/strong> y formar\u00e1 parte de un elenco internacional que incluye a <strong><a href=\"https:\/\/www.thekillersmusic.com\/\">The Killers<\/a>, Scorpions y The Chainsmokers.<\/strong><\/p>\n\n\n\n<p>Durante una videollamada realizada mientras paseaba con su hijo Jeremy en <strong>Disney, Bell <\/strong>expres\u00f3 su entusiasmo por regresar a <strong>Puebla<\/strong>, ciudad que recuerda con especial cari\u00f1o. En <strong>2008<\/strong>, tuvo su primer encuentro con el p\u00fablico poblano durante la promoci\u00f3n de su segundo \u00e1lbum <strong>\u201cIt\u2019s Only Time\u201d<\/strong>, y desde entonces, las presentaciones en <strong>M\u00e9xico <\/strong>se convirtieron en algunos de los mejores momentos de su carrera.<\/p>\n\n\n\n<p>Aunque muchos advierten sobre p\u00fablicos complicados como el de <strong>Puebla o<a href=\"https:\/\/pueblahoy.com.mx\/los-angeles-2028-juegos-olimpicos-con-mayoria-de-mujeres-por-primera-vez\/\"> Los \u00c1ngeles<\/a>, Drake <\/strong>vivi\u00f3 algo muy distinto: <strong>encontr\u00f3 una audiencia apasionada, c\u00e1lida y llena de energ\u00eda.<\/strong> <\/p>\n\n\n\n<blockquote class=\"wp-block-quote is-layout-flow wp-block-quote-is-layout-flow\">\n<p>\u201cSiempre nos reciben de pie, nos llenan de besos. Cada show termina pregunt\u00e1ndome: \u2018\u00bfCu\u00e1ndo vuelvo?\u2019\u201d, record\u00f3.<\/p>\n<\/blockquote>\n\n\n\n<figure class=\"wp-block-image size-large\"><img fetchpriority=\"high\" decoding=\"async\" width=\"1024\" height=\"683\" src=\"https:\/\/pueblahoy.com.mx\/wp-content\/uploads\/2025\/04\/486406031_1127190449436866_4826448530235665452_n-1024x683.jpg\" alt=\"\" class=\"wp-image-74124\" srcset=\"https:\/\/grupohoymexico.com\/puebla\/wp-content\/uploads\/sites\/3\/2025\/04\/486406031_1127190449436866_4826448530235665452_n-1024x683.jpg 1024w, https:\/\/grupohoymexico.com\/puebla\/wp-content\/uploads\/sites\/3\/2025\/04\/486406031_1127190449436866_4826448530235665452_n-300x200.jpg 300w, https:\/\/grupohoymexico.com\/puebla\/wp-content\/uploads\/sites\/3\/2025\/04\/486406031_1127190449436866_4826448530235665452_n-768x512.jpg 768w, https:\/\/grupohoymexico.com\/puebla\/wp-content\/uploads\/sites\/3\/2025\/04\/486406031_1127190449436866_4826448530235665452_n-1536x1025.jpg 1536w, https:\/\/grupohoymexico.com\/puebla\/wp-content\/uploads\/sites\/3\/2025\/04\/486406031_1127190449436866_4826448530235665452_n-332x221.jpg 332w, https:\/\/grupohoymexico.com\/puebla\/wp-content\/uploads\/sites\/3\/2025\/04\/486406031_1127190449436866_4826448530235665452_n-664x443.jpg 664w, https:\/\/grupohoymexico.com\/puebla\/wp-content\/uploads\/sites\/3\/2025\/04\/486406031_1127190449436866_4826448530235665452_n-688x459.jpg 688w, https:\/\/grupohoymexico.com\/puebla\/wp-content\/uploads\/sites\/3\/2025\/04\/486406031_1127190449436866_4826448530235665452_n-1044x696.jpg 1044w, https:\/\/grupohoymexico.com\/puebla\/wp-content\/uploads\/sites\/3\/2025\/04\/486406031_1127190449436866_4826448530235665452_n-1400x934.jpg 1400w, https:\/\/grupohoymexico.com\/puebla\/wp-content\/uploads\/sites\/3\/2025\/04\/486406031_1127190449436866_4826448530235665452_n-1920x1281.jpg 1920w, https:\/\/grupohoymexico.com\/puebla\/wp-content\/uploads\/sites\/3\/2025\/04\/486406031_1127190449436866_4826448530235665452_n.jpg 2048w\" sizes=\"(max-width: 1024px) 100vw, 1024px\" \/><\/figure>\n\n\n\n<p><\/p>\n\n\n\n<h2 class=\"wp-block-heading\">M\u00e9xico, m\u00e1s que un refugio<\/h2>\n\n\n\n<p>California vio nacer su carrera, pero <strong>M\u00e9xico <\/strong>termin\u00f3 rob\u00e1ndose su coraz\u00f3n. Al principio, el pa\u00eds fue un escape ante las dificultades de la fama en <strong>Estados Unidos<\/strong>. Hoy, <strong>M\u00e9xico <\/strong>representa un hogar m\u00e1s para \u00e9l. <\/p>\n\n\n\n<blockquote class=\"wp-block-quote is-layout-flow wp-block-quote-is-layout-flow\">\n<p>\u201cLlegar a M\u00e9xico es como llegar a casa. La gente, la cultura, todo me hace sentir en paz\u201d, comparti\u00f3.<\/p>\n<\/blockquote>\n\n\n\n<p>Esa conexi\u00f3n se fortaleci\u00f3 cuando <strong>Bell <\/strong>decidi\u00f3 acercarse m\u00e1s a la m\u00fasica en espa\u00f1ol. Aunque al principio temi\u00f3 que su interpretaci\u00f3n de temas mexicanos no fuera bien recibida, la respuesta del p\u00fablico fue c\u00e1lida. Desde entonces, no pierde oportunidad de cantar <strong>\u201cCielito lindo\u201d, \u201cEl Rey\u201d <\/strong>o incluso \u00e9xitos en espa\u00f1ol como <strong>\u201cLa Camisa Negra\u201d de Juanes<\/strong>. Adem\u00e1s, ha lanzado temas propios en espa\u00f1ol como<strong> \u201cDiosa\u201d y \u201cFuego Lento\u201d.<\/strong><\/p>\n\n\n\n<h2 class=\"wp-block-heading\">Drake Bell: Un vuelo musical con destino a Puebla<\/h2>\n\n\n\n<p>Para su presentaci\u00f3n en la <strong>Feria de Puebla el 30 de abril, Bell<\/strong> promete un espect\u00e1culo diferente. Basado en el concepto de su nuevo \u00e1lbum, el show simular\u00e1 un <strong>viaje en avi\u00f3n, donde \u00e9l mismo ser\u00e1 el piloto<\/strong>. Junto a su banda y bailarinas, ofrecer\u00e1 un concierto cargado de emoci\u00f3n, m\u00fasica y sorpresas.<\/p>\n\n\n\n<p>Despu\u00e9s de su exitosa gira por <strong>Estados Unidos<\/strong>, <strong>Drake Bell r<\/strong>etoma su v\u00ednculo con el p\u00fablico mexicano, confiado en que <strong>Puebla<\/strong>, como siempre, <strong>lo recibir\u00e1 con los brazos abiertos y una energ\u00eda imparable.<\/strong><\/p>\n","protected":false},"excerpt":{"rendered":"Drake Bell vuelve a M\u00e9xico, el pa\u00eds que considera su segundo hogar. El cantante arrancar\u00e1 su gira \u201cNon&hellip;","protected":false},"author":1,"featured_media":74125,"comment_status":"open","ping_status":"closed","sticky":false,"template":"","format":"standard","meta":{"csco_display_header_overlay":false,"csco_singular_sidebar":"","csco_page_header_type":"","csco_page_load_nextpost":"","csco_post_video_location":[],"csco_post_video_location_hash":"","csco_post_video_url":"","csco_post_video_bg_start_time":0,"csco_post_video_bg_end_time":0,"footnotes":""},"categories":[21],"tags":[848,372,68,349,126],"class_list":{"0":"post-74123","1":"post","2":"type-post","3":"status-publish","4":"format-standard","5":"has-post-thumbnail","7":"category-espectaculos","8":"tag-drake-bell","9":"tag-feria-de-puebla-2025","10":"tag-gira","11":"tag-internacional","12":"tag-mexico","13":"cs-entry","14":"cs-video-wrap"},"yoast_head":"<!-- This site is optimized with the Yoast SEO Premium plugin v24.7 (Yoast SEO v27.4) - https:\/\/yoast.com\/product\/yoast-seo-premium-wordpress\/ -->\n<title>\u00bfCu\u00e1ndo se presenta Drake Bell en la Feria de Puebla 2025? - Grupo Hoy Puebla<\/title>\n<meta name=\"description\" content=\"Drake Bell regresa a Puebla el 30 de abril con su gira \u201cNon Stop Flying\u201d, en la Feria de Puebla, junto a Belinda, The Killers y Scorpions.\" \/>\n<meta name=\"robots\" content=\"index, follow, max-snippet:-1, max-image-preview:large, max-video-preview:-1\" \/>\n<link rel=\"canonical\" href=\"https:\/\/grupohoymexico.com\/puebla\/2025\/04\/28\/cuando-se-presenta-drake-bell-en-la-feria-de-puebla-2025\/\" \/>\n<meta property=\"og:locale\" content=\"es_MX\" \/>\n<meta property=\"og:type\" content=\"article\" \/>\n<meta property=\"og:title\" content=\"\u00bfCu\u00e1ndo se presenta Drake Bell en la Feria de Puebla 2025?\" \/>\n<meta property=\"og:description\" content=\"Drake Bell regresa a Puebla el 30 de abril con su gira \u201cNon Stop Flying\u201d, en la Feria de Puebla, junto a Belinda, The Killers y Scorpions.\" \/>\n<meta property=\"og:url\" content=\"https:\/\/grupohoymexico.com\/puebla\/2025\/04\/28\/cuando-se-presenta-drake-bell-en-la-feria-de-puebla-2025\/\" \/>\n<meta property=\"og:site_name\" content=\"Grupo Hoy Puebla\" \/>\n<meta property=\"article:published_time\" content=\"2025-04-28T14:50:21+00:00\" \/>\n<meta property=\"og:image\" content=\"https:\/\/grupohoymexico.com\/puebla\/wp-content\/uploads\/sites\/3\/2025\/04\/4933814213965622734.jpg\" \/>\n\t<meta property=\"og:image:width\" content=\"1280\" \/>\n\t<meta property=\"og:image:height\" content=\"680\" \/>\n\t<meta property=\"og:image:type\" content=\"image\/jpeg\" \/>\n<meta name=\"author\" content=\"user\" \/>\n<meta name=\"twitter:card\" content=\"summary_large_image\" \/>\n<meta name=\"twitter:label1\" content=\"Escrito por\" \/>\n\t<meta name=\"twitter:data1\" content=\"user\" \/>\n\t<meta name=\"twitter:label2\" content=\"Tiempo de lectura\" \/>\n\t<meta name=\"twitter:data2\" content=\"2 minutos\" \/>\n<script type=\"application\/ld+json\" class=\"yoast-schema-graph\">{\"@context\":\"https:\\\/\\\/schema.org\",\"@graph\":[{\"@type\":\"Article\",\"@id\":\"https:\\\/\\\/grupohoymexico.com\\\/puebla\\\/2025\\\/04\\\/28\\\/cuando-se-presenta-drake-bell-en-la-feria-de-puebla-2025\\\/#article\",\"isPartOf\":{\"@id\":\"https:\\\/\\\/grupohoymexico.com\\\/puebla\\\/2025\\\/04\\\/28\\\/cuando-se-presenta-drake-bell-en-la-feria-de-puebla-2025\\\/\"},\"author\":{\"name\":\"user\",\"@id\":\"https:\\\/\\\/grupohoymexico.com\\\/puebla\\\/#\\\/schema\\\/person\\\/ce6086ac837852775a3a4f539356c297\"},\"headline\":\"\u00bfCu\u00e1ndo se presenta Drake Bell en la Feria de Puebla 2025?\",\"datePublished\":\"2025-04-28T14:50:21+00:00\",\"mainEntityOfPage\":{\"@id\":\"https:\\\/\\\/grupohoymexico.com\\\/puebla\\\/2025\\\/04\\\/28\\\/cuando-se-presenta-drake-bell-en-la-feria-de-puebla-2025\\\/\"},\"wordCount\":424,\"commentCount\":0,\"image\":{\"@id\":\"https:\\\/\\\/grupohoymexico.com\\\/puebla\\\/2025\\\/04\\\/28\\\/cuando-se-presenta-drake-bell-en-la-feria-de-puebla-2025\\\/#primaryimage\"},\"thumbnailUrl\":\"https:\\\/\\\/grupohoymexico.com\\\/puebla\\\/wp-content\\\/uploads\\\/sites\\\/3\\\/2025\\\/04\\\/4933814213965622734.jpg\",\"keywords\":[\"Drake bell\",\"Feria de Puebla 2025\",\"gira\",\"Internacional\",\"M\u00e9xico\"],\"articleSection\":[\"Espect\u00e1culos\"],\"inLanguage\":\"es\",\"potentialAction\":[{\"@type\":\"CommentAction\",\"name\":\"Comment\",\"target\":[\"https:\\\/\\\/grupohoymexico.com\\\/puebla\\\/2025\\\/04\\\/28\\\/cuando-se-presenta-drake-bell-en-la-feria-de-puebla-2025\\\/#respond\"]}]},{\"@type\":\"WebPage\",\"@id\":\"https:\\\/\\\/grupohoymexico.com\\\/puebla\\\/2025\\\/04\\\/28\\\/cuando-se-presenta-drake-bell-en-la-feria-de-puebla-2025\\\/\",\"url\":\"https:\\\/\\\/grupohoymexico.com\\\/puebla\\\/2025\\\/04\\\/28\\\/cuando-se-presenta-drake-bell-en-la-feria-de-puebla-2025\\\/\",\"name\":\"\u00bfCu\u00e1ndo se presenta Drake Bell en la Feria de Puebla 2025? - Grupo Hoy Puebla\",\"isPartOf\":{\"@id\":\"https:\\\/\\\/grupohoymexico.com\\\/puebla\\\/#website\"},\"primaryImageOfPage\":{\"@id\":\"https:\\\/\\\/grupohoymexico.com\\\/puebla\\\/2025\\\/04\\\/28\\\/cuando-se-presenta-drake-bell-en-la-feria-de-puebla-2025\\\/#primaryimage\"},\"image\":{\"@id\":\"https:\\\/\\\/grupohoymexico.com\\\/puebla\\\/2025\\\/04\\\/28\\\/cuando-se-presenta-drake-bell-en-la-feria-de-puebla-2025\\\/#primaryimage\"},\"thumbnailUrl\":\"https:\\\/\\\/grupohoymexico.com\\\/puebla\\\/wp-content\\\/uploads\\\/sites\\\/3\\\/2025\\\/04\\\/4933814213965622734.jpg\",\"datePublished\":\"2025-04-28T14:50:21+00:00\",\"author\":{\"@id\":\"https:\\\/\\\/grupohoymexico.com\\\/puebla\\\/#\\\/schema\\\/person\\\/ce6086ac837852775a3a4f539356c297\"},\"description\":\"Drake Bell regresa a Puebla el 30 de abril con su gira \u201cNon Stop Flying\u201d, en la Feria de Puebla, junto a Belinda, The Killers y Scorpions.\",\"breadcrumb\":{\"@id\":\"https:\\\/\\\/grupohoymexico.com\\\/puebla\\\/2025\\\/04\\\/28\\\/cuando-se-presenta-drake-bell-en-la-feria-de-puebla-2025\\\/#breadcrumb\"},\"inLanguage\":\"es\",\"potentialAction\":[{\"@type\":\"ReadAction\",\"target\":[\"https:\\\/\\\/grupohoymexico.com\\\/puebla\\\/2025\\\/04\\\/28\\\/cuando-se-presenta-drake-bell-en-la-feria-de-puebla-2025\\\/\"]}]},{\"@type\":\"ImageObject\",\"inLanguage\":\"es\",\"@id\":\"https:\\\/\\\/grupohoymexico.com\\\/puebla\\\/2025\\\/04\\\/28\\\/cuando-se-presenta-drake-bell-en-la-feria-de-puebla-2025\\\/#primaryimage\",\"url\":\"https:\\\/\\\/grupohoymexico.com\\\/puebla\\\/wp-content\\\/uploads\\\/sites\\\/3\\\/2025\\\/04\\\/4933814213965622734.jpg\",\"contentUrl\":\"https:\\\/\\\/grupohoymexico.com\\\/puebla\\\/wp-content\\\/uploads\\\/sites\\\/3\\\/2025\\\/04\\\/4933814213965622734.jpg\",\"width\":1280,\"height\":680,\"caption\":\"Drake Bell Feria Puebla\"},{\"@type\":\"BreadcrumbList\",\"@id\":\"https:\\\/\\\/grupohoymexico.com\\\/puebla\\\/2025\\\/04\\\/28\\\/cuando-se-presenta-drake-bell-en-la-feria-de-puebla-2025\\\/#breadcrumb\",\"itemListElement\":[{\"@type\":\"ListItem\",\"position\":1,\"name\":\"Inicio\",\"item\":\"https:\\\/\\\/grupohoymexico.com\\\/puebla\\\/\"},{\"@type\":\"ListItem\",\"position\":2,\"name\":\"\u00bfCu\u00e1ndo se presenta Drake Bell en la Feria de Puebla 2025?\"}]},{\"@type\":\"WebSite\",\"@id\":\"https:\\\/\\\/grupohoymexico.com\\\/puebla\\\/#website\",\"url\":\"https:\\\/\\\/grupohoymexico.com\\\/puebla\\\/\",\"name\":\"Grupo Hoy Puebla\",\"description\":\"\",\"potentialAction\":[{\"@type\":\"SearchAction\",\"target\":{\"@type\":\"EntryPoint\",\"urlTemplate\":\"https:\\\/\\\/grupohoymexico.com\\\/puebla\\\/?s={search_term_string}\"},\"query-input\":{\"@type\":\"PropertyValueSpecification\",\"valueRequired\":true,\"valueName\":\"search_term_string\"}}],\"inLanguage\":\"es\"},{\"@type\":\"Person\",\"@id\":\"https:\\\/\\\/grupohoymexico.com\\\/puebla\\\/#\\\/schema\\\/person\\\/ce6086ac837852775a3a4f539356c297\",\"name\":\"user\",\"image\":{\"@type\":\"ImageObject\",\"inLanguage\":\"es\",\"@id\":\"https:\\\/\\\/secure.gravatar.com\\\/avatar\\\/25f78de4fa956f6f7c01f8d96f8087d8958ebe06d57e630cd54e36aefb9dacea?s=96&d=mm&r=g\",\"url\":\"https:\\\/\\\/secure.gravatar.com\\\/avatar\\\/25f78de4fa956f6f7c01f8d96f8087d8958ebe06d57e630cd54e36aefb9dacea?s=96&d=mm&r=g\",\"contentUrl\":\"https:\\\/\\\/secure.gravatar.com\\\/avatar\\\/25f78de4fa956f6f7c01f8d96f8087d8958ebe06d57e630cd54e36aefb9dacea?s=96&d=mm&r=g\",\"caption\":\"user\"},\"sameAs\":[\"http:\\\/\\\/44.197.188.197.nip.io\"],\"url\":\"https:\\\/\\\/grupohoymexico.com\\\/puebla\\\/author\\\/user\\\/\"}]}<\/script>\n<!-- \/ Yoast SEO Premium plugin. -->","yoast_head_json":{"title":"\u00bfCu\u00e1ndo se presenta Drake Bell en la Feria de Puebla 2025? - Grupo Hoy Puebla","description":"Drake Bell regresa a Puebla el 30 de abril con su gira \u201cNon Stop Flying\u201d, en la Feria de Puebla, junto a Belinda, The Killers y Scorpions.","robots":{"index":"index","follow":"follow","max-snippet":"max-snippet:-1","max-image-preview":"max-image-preview:large","max-video-preview":"max-video-preview:-1"},"canonical":"https:\/\/grupohoymexico.com\/puebla\/2025\/04\/28\/cuando-se-presenta-drake-bell-en-la-feria-de-puebla-2025\/","og_locale":"es_MX","og_type":"article","og_title":"\u00bfCu\u00e1ndo se presenta Drake Bell en la Feria de Puebla 2025?","og_description":"Drake Bell regresa a Puebla el 30 de abril con su gira \u201cNon Stop Flying\u201d, en la Feria de Puebla, junto a Belinda, The Killers y Scorpions.","og_url":"https:\/\/grupohoymexico.com\/puebla\/2025\/04\/28\/cuando-se-presenta-drake-bell-en-la-feria-de-puebla-2025\/","og_site_name":"Grupo Hoy Puebla","article_published_time":"2025-04-28T14:50:21+00:00","og_image":[{"width":1280,"height":680,"url":"https:\/\/grupohoymexico.com\/puebla\/wp-content\/uploads\/sites\/3\/2025\/04\/4933814213965622734.jpg","type":"image\/jpeg"}],"author":"user","twitter_card":"summary_large_image","twitter_misc":{"Escrito por":"user","Tiempo de lectura":"2 minutos"},"schema":{"@context":"https:\/\/schema.org","@graph":[{"@type":"Article","@id":"https:\/\/grupohoymexico.com\/puebla\/2025\/04\/28\/cuando-se-presenta-drake-bell-en-la-feria-de-puebla-2025\/#article","isPartOf":{"@id":"https:\/\/grupohoymexico.com\/puebla\/2025\/04\/28\/cuando-se-presenta-drake-bell-en-la-feria-de-puebla-2025\/"},"author":{"name":"user","@id":"https:\/\/grupohoymexico.com\/puebla\/#\/schema\/person\/ce6086ac837852775a3a4f539356c297"},"headline":"\u00bfCu\u00e1ndo se presenta Drake Bell en la Feria de Puebla 2025?","datePublished":"2025-04-28T14:50:21+00:00","mainEntityOfPage":{"@id":"https:\/\/grupohoymexico.com\/puebla\/2025\/04\/28\/cuando-se-presenta-drake-bell-en-la-feria-de-puebla-2025\/"},"wordCount":424,"commentCount":0,"image":{"@id":"https:\/\/grupohoymexico.com\/puebla\/2025\/04\/28\/cuando-se-presenta-drake-bell-en-la-feria-de-puebla-2025\/#primaryimage"},"thumbnailUrl":"https:\/\/grupohoymexico.com\/puebla\/wp-content\/uploads\/sites\/3\/2025\/04\/4933814213965622734.jpg","keywords":["Drake bell","Feria de Puebla 2025","gira","Internacional","M\u00e9xico"],"articleSection":["Espect\u00e1culos"],"inLanguage":"es","potentialAction":[{"@type":"CommentAction","name":"Comment","target":["https:\/\/grupohoymexico.com\/puebla\/2025\/04\/28\/cuando-se-presenta-drake-bell-en-la-feria-de-puebla-2025\/#respond"]}]},{"@type":"WebPage","@id":"https:\/\/grupohoymexico.com\/puebla\/2025\/04\/28\/cuando-se-presenta-drake-bell-en-la-feria-de-puebla-2025\/","url":"https:\/\/grupohoymexico.com\/puebla\/2025\/04\/28\/cuando-se-presenta-drake-bell-en-la-feria-de-puebla-2025\/","name":"\u00bfCu\u00e1ndo se presenta Drake Bell en la Feria de Puebla 2025? - Grupo Hoy Puebla","isPartOf":{"@id":"https:\/\/grupohoymexico.com\/puebla\/#website"},"primaryImageOfPage":{"@id":"https:\/\/grupohoymexico.com\/puebla\/2025\/04\/28\/cuando-se-presenta-drake-bell-en-la-feria-de-puebla-2025\/#primaryimage"},"image":{"@id":"https:\/\/grupohoymexico.com\/puebla\/2025\/04\/28\/cuando-se-presenta-drake-bell-en-la-feria-de-puebla-2025\/#primaryimage"},"thumbnailUrl":"https:\/\/grupohoymexico.com\/puebla\/wp-content\/uploads\/sites\/3\/2025\/04\/4933814213965622734.jpg","datePublished":"2025-04-28T14:50:21+00:00","author":{"@id":"https:\/\/grupohoymexico.com\/puebla\/#\/schema\/person\/ce6086ac837852775a3a4f539356c297"},"description":"Drake Bell regresa a Puebla el 30 de abril con su gira \u201cNon Stop Flying\u201d, en la Feria de Puebla, junto a Belinda, The Killers y Scorpions.","breadcrumb":{"@id":"https:\/\/grupohoymexico.com\/puebla\/2025\/04\/28\/cuando-se-presenta-drake-bell-en-la-feria-de-puebla-2025\/#breadcrumb"},"inLanguage":"es","potentialAction":[{"@type":"ReadAction","target":["https:\/\/grupohoymexico.com\/puebla\/2025\/04\/28\/cuando-se-presenta-drake-bell-en-la-feria-de-puebla-2025\/"]}]},{"@type":"ImageObject","inLanguage":"es","@id":"https:\/\/grupohoymexico.com\/puebla\/2025\/04\/28\/cuando-se-presenta-drake-bell-en-la-feria-de-puebla-2025\/#primaryimage","url":"https:\/\/grupohoymexico.com\/puebla\/wp-content\/uploads\/sites\/3\/2025\/04\/4933814213965622734.jpg","contentUrl":"https:\/\/grupohoymexico.com\/puebla\/wp-content\/uploads\/sites\/3\/2025\/04\/4933814213965622734.jpg","width":1280,"height":680,"caption":"Drake Bell Feria Puebla"},{"@type":"BreadcrumbList","@id":"https:\/\/grupohoymexico.com\/puebla\/2025\/04\/28\/cuando-se-presenta-drake-bell-en-la-feria-de-puebla-2025\/#breadcrumb","itemListElement":[{"@type":"ListItem","position":1,"name":"Inicio","item":"https:\/\/grupohoymexico.com\/puebla\/"},{"@type":"ListItem","position":2,"name":"\u00bfCu\u00e1ndo se presenta Drake Bell en la Feria de Puebla 2025?"}]},{"@type":"WebSite","@id":"https:\/\/grupohoymexico.com\/puebla\/#website","url":"https:\/\/grupohoymexico.com\/puebla\/","name":"Grupo Hoy Puebla","description":"","potentialAction":[{"@type":"SearchAction","target":{"@type":"EntryPoint","urlTemplate":"https:\/\/grupohoymexico.com\/puebla\/?s={search_term_string}"},"query-input":{"@type":"PropertyValueSpecification","valueRequired":true,"valueName":"search_term_string"}}],"inLanguage":"es"},{"@type":"Person","@id":"https:\/\/grupohoymexico.com\/puebla\/#\/schema\/person\/ce6086ac837852775a3a4f539356c297","name":"user","image":{"@type":"ImageObject","inLanguage":"es","@id":"https:\/\/secure.gravatar.com\/avatar\/25f78de4fa956f6f7c01f8d96f8087d8958ebe06d57e630cd54e36aefb9dacea?s=96&d=mm&r=g","url":"https:\/\/secure.gravatar.com\/avatar\/25f78de4fa956f6f7c01f8d96f8087d8958ebe06d57e630cd54e36aefb9dacea?s=96&d=mm&r=g","contentUrl":"https:\/\/secure.gravatar.com\/avatar\/25f78de4fa956f6f7c01f8d96f8087d8958ebe06d57e630cd54e36aefb9dacea?s=96&d=mm&r=g","caption":"user"},"sameAs":["http:\/\/44.197.188.197.nip.io"],"url":"https:\/\/grupohoymexico.com\/puebla\/author\/user\/"}]}},"_links":{"self":[{"href":"https:\/\/grupohoymexico.com\/puebla\/wp-json\/wp\/v2\/posts\/74123","targetHints":{"allow":["GET"]}}],"collection":[{"href":"https:\/\/grupohoymexico.com\/puebla\/wp-json\/wp\/v2\/posts"}],"about":[{"href":"https:\/\/grupohoymexico.com\/puebla\/wp-json\/wp\/v2\/types\/post"}],"author":[{"embeddable":true,"href":"https:\/\/grupohoymexico.com\/puebla\/wp-json\/wp\/v2\/users\/1"}],"replies":[{"embeddable":true,"href":"https:\/\/grupohoymexico.com\/puebla\/wp-json\/wp\/v2\/comments?post=74123"}],"version-history":[{"count":0,"href":"https:\/\/grupohoymexico.com\/puebla\/wp-json\/wp\/v2\/posts\/74123\/revisions"}],"wp:featuredmedia":[{"embeddable":true,"href":"https:\/\/grupohoymexico.com\/puebla\/wp-json\/wp\/v2\/media\/74125"}],"wp:attachment":[{"href":"https:\/\/grupohoymexico.com\/puebla\/wp-json\/wp\/v2\/media?parent=74123"}],"wp:term":[{"taxonomy":"category","embeddable":true,"href":"https:\/\/grupohoymexico.com\/puebla\/wp-json\/wp\/v2\/categories?post=74123"},{"taxonomy":"post_tag","embeddable":true,"href":"https:\/\/grupohoymexico.com\/puebla\/wp-json\/wp\/v2\/tags?post=74123"}],"curies":[{"name":"wp","href":"https:\/\/api.w.org\/{rel}","templated":true}]}}