{"id":72856,"date":"2025-03-14T12:59:07","date_gmt":"2025-03-14T18:59:07","guid":{"rendered":"https:\/\/pueblahoy.com.mx\/?p=72856"},"modified":"2025-03-14T12:59:07","modified_gmt":"2025-03-14T18:59:07","slug":"dos-bebes-pierden-la-vida-por-tos-ferina-en-puebla","status":"publish","type":"post","link":"https:\/\/grupohoymexico.com\/puebla\/2025\/03\/14\/dos-bebes-pierden-la-vida-por-tos-ferina-en-puebla\/","title":{"rendered":"Dos beb\u00e9s pierden la vida por tos ferina en Puebla"},"content":{"rendered":"\n<p>El estado de <strong>Puebla<\/strong> ha confirmado dos fallecimientos de beb\u00e9s a causa de la <strong>tos ferina<\/strong>, una infecci\u00f3n respiratoria altamente contagiosa causada por la bacteria <em>Bordetella pertussis<\/em>. Los decesos ocurrieron en el hospital \u201c<strong>La Margarita<\/strong>\u201d del Instituto Mexicano del Seguro Social (<strong>IMSS<\/strong>). El primer fallecimiento se registr\u00f3 el <strong>20 de enero<\/strong>, y el segundo, el <strong>27 de febrero de 2025<\/strong>. Las v\u00edctimas eran un <strong>ni\u00f1o y una ni\u00f1a<\/strong>, ambos de <strong>1 a\u00f1o y tres meses<\/strong> de edad.<\/p>\n\n\n\n<p>Carlos Oliver Pacheco, titular de la <strong>Secretar\u00eda de Salud estatal<\/strong>, inform\u00f3 que, hasta el momento, se han registrado tres <strong>casos activos<\/strong> de tos ferina en la entidad. Sin embargo, el funcionario aclar\u00f3 que, aunque las muertes son lamentables, la infecci\u00f3n no representa una <strong>contingencia sanitaria<\/strong> ni un problema mayor de salud p\u00fablica en el estado.<\/p>\n\n\n\n<figure class=\"wp-block-image size-full\"><img fetchpriority=\"high\" decoding=\"async\" width=\"928\" height=\"527\" src=\"https:\/\/pueblahoy.com.mx\/wp-content\/uploads\/2025\/03\/image-67.png\" alt=\"\" class=\"wp-image-72870\" srcset=\"https:\/\/grupohoymexico.com\/puebla\/wp-content\/uploads\/sites\/3\/2025\/03\/image-67.png 928w, https:\/\/grupohoymexico.com\/puebla\/wp-content\/uploads\/sites\/3\/2025\/03\/image-67-300x170.png 300w, https:\/\/grupohoymexico.com\/puebla\/wp-content\/uploads\/sites\/3\/2025\/03\/image-67-768x436.png 768w, https:\/\/grupohoymexico.com\/puebla\/wp-content\/uploads\/sites\/3\/2025\/03\/image-67-332x189.png 332w, https:\/\/grupohoymexico.com\/puebla\/wp-content\/uploads\/sites\/3\/2025\/03\/image-67-664x377.png 664w, https:\/\/grupohoymexico.com\/puebla\/wp-content\/uploads\/sites\/3\/2025\/03\/image-67-688x391.png 688w\" sizes=\"(max-width: 928px) 100vw, 928px\" \/><\/figure>\n\n\n\n<h2 class=\"wp-block-heading\"><strong>Intensificaci\u00f3n de campa\u00f1as de vacunaci\u00f3n<\/strong><\/h2>\n\n\n\n<p>A pesar de no considerarse una crisis de salud p\u00fablica, el secretario de Salud subray\u00f3 que la <strong>tos ferina<\/strong> afecta principalmente a los menores de <strong>dos a\u00f1os<\/strong> que no han sido vacunados, con una prevalencia en alrededor del <strong>90% de los no inmunizados<\/strong>. Por esta raz\u00f3n, se intensificar\u00e1n las <strong>campa\u00f1as de vacunaci\u00f3n<\/strong> para prevenir la enfermedad, especialmente en los infantes m\u00e1s peque\u00f1os.<\/p>\n\n\n\n<p>Pacheco tambi\u00e9n hizo hincapi\u00e9 en que la enfermedad no es <strong>estacional<\/strong>, por lo que puede presentarse en cualquier \u00e9poca del a\u00f1o. La tos ferina se transmite a trav\u00e9s de las <strong>v\u00edas respiratorias<\/strong>, lo que hace que su propagaci\u00f3n sea m\u00e1s r\u00e1pida y sencilla.<\/p>\n\n\n\n<h2 class=\"wp-block-heading\"><strong>El contexto nacional de la tos ferina<\/strong><\/h2>\n\n\n\n<p>De acuerdo con el <strong>Sistema Nacional de Vigilancia Epidemiol\u00f3gica<\/strong>, en lo que va del a\u00f1o, <strong>288 casos de tos ferina<\/strong> han sido reportados en todo M\u00e9xico. La <strong>Secretar\u00eda de Salud<\/strong> emiti\u00f3 una <strong>alerta epidemiol\u00f3gica<\/strong> debido al incremento de casos en las \u00faltimas semanas. Los estados m\u00e1s afectados por el brote han sido:<\/p>\n\n\n\n<ul class=\"wp-block-list\">\n<li><strong>Estado de M\u00e9xico<\/strong>: 15 casos<\/li>\n\n\n\n<li><strong>Ciudad de M\u00e9xico<\/strong>: 9 casos<\/li>\n\n\n\n<li><strong>Coahuila<\/strong>: 8 casos<\/li>\n\n\n\n<li><strong>Jalisco<\/strong>: 8 casos<\/li>\n\n\n\n<li><strong>Zacatecas<\/strong>: 6 casos<\/li>\n\n\n\n<li><strong>Veracruz<\/strong>: 5 casos<\/li>\n<\/ul>\n\n\n\n<h2 class=\"wp-block-heading\"><strong>\u00bfC\u00f3mo se transmite la tos ferina y cu\u00e1les son sus s\u00edntomas?<\/strong><\/h2>\n\n\n\n<p>La tos ferina se transmite a trav\u00e9s del contacto con las <strong>secreciones respiratorias<\/strong> de una persona infectada. Los s\u00edntomas suelen manifestarse entre <strong>una y dos semanas<\/strong> despu\u00e9s de la exposici\u00f3n al agente pat\u00f3geno. Los signos m\u00e1s comunes de la enfermedad incluyen:<\/p>\n\n\n\n<ul class=\"wp-block-list\">\n<li><strong>Secreci\u00f3n nasal<\/strong><\/li>\n\n\n\n<li><strong>Fiebre<\/strong><\/li>\n\n\n\n<li><strong>V\u00f3mito pos-tus\u00edgeno<\/strong><\/li>\n\n\n\n<li><strong>Tos ocasional<\/strong> que se intensifica con el tiempo<\/li>\n<\/ul>\n\n\n\n<p>Conforme avanza la infecci\u00f3n, los ataques de tos pueden volverse tan graves que ocasionan <strong>dificultad para respirar<\/strong>, especialmente durante la <strong>noche<\/strong>. En los casos m\u00e1s graves, los problemas para <strong>comer o beber<\/strong> pueden durar hasta <strong>10 semanas<\/strong>.<\/p>\n\n\n\n<figure class=\"wp-block-image size-large is-resized\"><img decoding=\"async\" width=\"1024\" height=\"577\" src=\"https:\/\/pueblahoy.com.mx\/wp-content\/uploads\/2025\/03\/image-66-1024x577.png\" alt=\"\" class=\"wp-image-72869\" style=\"width:627px;height:auto\" srcset=\"https:\/\/grupohoymexico.com\/puebla\/wp-content\/uploads\/sites\/3\/2025\/03\/image-66-1024x577.png 1024w, https:\/\/grupohoymexico.com\/puebla\/wp-content\/uploads\/sites\/3\/2025\/03\/image-66-300x169.png 300w, https:\/\/grupohoymexico.com\/puebla\/wp-content\/uploads\/sites\/3\/2025\/03\/image-66-768x432.png 768w, https:\/\/grupohoymexico.com\/puebla\/wp-content\/uploads\/sites\/3\/2025\/03\/image-66-1536x865.png 1536w, https:\/\/grupohoymexico.com\/puebla\/wp-content\/uploads\/sites\/3\/2025\/03\/image-66-332x187.png 332w, https:\/\/grupohoymexico.com\/puebla\/wp-content\/uploads\/sites\/3\/2025\/03\/image-66-664x374.png 664w, https:\/\/grupohoymexico.com\/puebla\/wp-content\/uploads\/sites\/3\/2025\/03\/image-66-688x387.png 688w, https:\/\/grupohoymexico.com\/puebla\/wp-content\/uploads\/sites\/3\/2025\/03\/image-66-1376x774.png 1376w, https:\/\/grupohoymexico.com\/puebla\/wp-content\/uploads\/sites\/3\/2025\/03\/image-66-1044x588.png 1044w, https:\/\/grupohoymexico.com\/puebla\/wp-content\/uploads\/sites\/3\/2025\/03\/image-66-1400x788.png 1400w, https:\/\/grupohoymexico.com\/puebla\/wp-content\/uploads\/sites\/3\/2025\/03\/image-66.png 1920w\" sizes=\"(max-width: 1024px) 100vw, 1024px\" \/><\/figure>\n\n\n\n<h2 class=\"wp-block-heading\"><strong>Tratamiento y prevenci\u00f3n: La clave es la vacunaci\u00f3n<\/strong><\/h2>\n\n\n\n<p>El tratamiento para la tos ferina consiste en la <strong>administraci\u00f3n de antibi\u00f3ticos<\/strong>, que ayudan a combatir la infecci\u00f3n, y en algunos casos, la <strong>administraci\u00f3n de l\u00edquidos por v\u00eda intravenosa<\/strong> para evitar deshidrataci\u00f3n, especialmente en los beb\u00e9s.<\/p>\n\n\n\n<p>Los <strong>beb\u00e9s<\/strong> son las v\u00edctimas m\u00e1s vulnerables a esta enfermedad debido a su <strong>mayor riesgo de complicaciones respiratorias<\/strong> que pueden llevar a la muerte. La mejor forma de prevenir la tos ferina en M\u00e9xico es mediante la <strong>vacuna pentavalente acelular<\/strong>, que protege contra <strong>difteria<\/strong>, <strong>t\u00e9tanos<\/strong>, <strong>tos ferina<\/strong>, <strong>poliomielitis<\/strong> e <strong>influenza tipo B<\/strong>. La vacunaci\u00f3n de los ni\u00f1os es fundamental para evitar que casos como los ocurridos en Puebla se repitan.<\/p>\n","protected":false},"excerpt":{"rendered":"El estado de Puebla ha confirmado dos fallecimientos de beb\u00e9s a causa de la tos ferina, una infecci\u00f3n&hellip;","protected":false},"author":1,"featured_media":72866,"comment_status":"open","ping_status":"closed","sticky":false,"template":"","format":"standard","meta":{"csco_display_header_overlay":false,"csco_singular_sidebar":"","csco_page_header_type":"","csco_page_load_nextpost":"","csco_post_video_location":[],"csco_post_video_location_hash":"","csco_post_video_url":"","csco_post_video_bg_start_time":0,"csco_post_video_bg_end_time":0,"footnotes":""},"categories":[29],"tags":[],"class_list":{"0":"post-72856","1":"post","2":"type-post","3":"status-publish","4":"format-standard","5":"has-post-thumbnail","7":"category-estatal","8":"cs-entry","9":"cs-video-wrap"},"yoast_head":"<!-- This site is optimized with the Yoast SEO Premium plugin v24.7 (Yoast SEO v27.4) - https:\/\/yoast.com\/product\/yoast-seo-premium-wordpress\/ -->\n<title>Dos beb\u00e9s pierden la vida por tos ferina en Puebla - Grupo Hoy Puebla<\/title>\n<meta name=\"description\" content=\"El estado de Puebla ha confirmado dos fallecimientos de beb\u00e9s a causa de la tos ferina, una infecci\u00f3n respiratoria altamente contagiosa.\" \/>\n<meta name=\"robots\" content=\"index, follow, max-snippet:-1, max-image-preview:large, max-video-preview:-1\" \/>\n<link rel=\"canonical\" href=\"https:\/\/grupohoymexico.com\/puebla\/2025\/03\/14\/dos-bebes-pierden-la-vida-por-tos-ferina-en-puebla\/\" \/>\n<meta property=\"og:locale\" content=\"es_MX\" \/>\n<meta property=\"og:type\" content=\"article\" \/>\n<meta property=\"og:title\" content=\"Dos beb\u00e9s pierden la vida por tos ferina en Puebla\" \/>\n<meta property=\"og:description\" content=\"El estado de Puebla ha confirmado dos fallecimientos de beb\u00e9s a causa de la tos ferina, una infecci\u00f3n respiratoria altamente contagiosa.\" \/>\n<meta property=\"og:url\" content=\"https:\/\/grupohoymexico.com\/puebla\/2025\/03\/14\/dos-bebes-pierden-la-vida-por-tos-ferina-en-puebla\/\" \/>\n<meta property=\"og:site_name\" content=\"Grupo Hoy Puebla\" \/>\n<meta property=\"article:published_time\" content=\"2025-03-14T18:59:07+00:00\" \/>\n<meta property=\"og:image\" content=\"https:\/\/grupohoymexico.com\/puebla\/wp-content\/uploads\/sites\/3\/2025\/03\/photo_5089459254632492805_w.jpg\" \/>\n\t<meta property=\"og:image:width\" content=\"2560\" \/>\n\t<meta property=\"og:image:height\" content=\"1360\" \/>\n\t<meta property=\"og:image:type\" content=\"image\/jpeg\" \/>\n<meta name=\"author\" content=\"user\" \/>\n<meta name=\"twitter:card\" content=\"summary_large_image\" \/>\n<meta name=\"twitter:label1\" content=\"Escrito por\" \/>\n\t<meta name=\"twitter:data1\" content=\"user\" \/>\n\t<meta name=\"twitter:label2\" content=\"Tiempo de lectura\" \/>\n\t<meta name=\"twitter:data2\" content=\"4 minutos\" \/>\n<script type=\"application\/ld+json\" class=\"yoast-schema-graph\">{\"@context\":\"https:\\\/\\\/schema.org\",\"@graph\":[{\"@type\":\"Article\",\"@id\":\"https:\\\/\\\/grupohoymexico.com\\\/puebla\\\/2025\\\/03\\\/14\\\/dos-bebes-pierden-la-vida-por-tos-ferina-en-puebla\\\/#article\",\"isPartOf\":{\"@id\":\"https:\\\/\\\/grupohoymexico.com\\\/puebla\\\/2025\\\/03\\\/14\\\/dos-bebes-pierden-la-vida-por-tos-ferina-en-puebla\\\/\"},\"author\":{\"name\":\"user\",\"@id\":\"https:\\\/\\\/grupohoymexico.com\\\/puebla\\\/#\\\/schema\\\/person\\\/ce6086ac837852775a3a4f539356c297\"},\"headline\":\"Dos beb\u00e9s pierden la vida por tos ferina en Puebla\",\"datePublished\":\"2025-03-14T18:59:07+00:00\",\"mainEntityOfPage\":{\"@id\":\"https:\\\/\\\/grupohoymexico.com\\\/puebla\\\/2025\\\/03\\\/14\\\/dos-bebes-pierden-la-vida-por-tos-ferina-en-puebla\\\/\"},\"wordCount\":603,\"commentCount\":0,\"image\":{\"@id\":\"https:\\\/\\\/grupohoymexico.com\\\/puebla\\\/2025\\\/03\\\/14\\\/dos-bebes-pierden-la-vida-por-tos-ferina-en-puebla\\\/#primaryimage\"},\"thumbnailUrl\":\"https:\\\/\\\/grupohoymexico.com\\\/puebla\\\/wp-content\\\/uploads\\\/sites\\\/3\\\/2025\\\/03\\\/photo_5089459254632492805_w.jpg\",\"articleSection\":[\"Estatal\"],\"inLanguage\":\"es\",\"potentialAction\":[{\"@type\":\"CommentAction\",\"name\":\"Comment\",\"target\":[\"https:\\\/\\\/grupohoymexico.com\\\/puebla\\\/2025\\\/03\\\/14\\\/dos-bebes-pierden-la-vida-por-tos-ferina-en-puebla\\\/#respond\"]}]},{\"@type\":\"WebPage\",\"@id\":\"https:\\\/\\\/grupohoymexico.com\\\/puebla\\\/2025\\\/03\\\/14\\\/dos-bebes-pierden-la-vida-por-tos-ferina-en-puebla\\\/\",\"url\":\"https:\\\/\\\/grupohoymexico.com\\\/puebla\\\/2025\\\/03\\\/14\\\/dos-bebes-pierden-la-vida-por-tos-ferina-en-puebla\\\/\",\"name\":\"Dos beb\u00e9s pierden la vida por tos ferina en Puebla - Grupo Hoy Puebla\",\"isPartOf\":{\"@id\":\"https:\\\/\\\/grupohoymexico.com\\\/puebla\\\/#website\"},\"primaryImageOfPage\":{\"@id\":\"https:\\\/\\\/grupohoymexico.com\\\/puebla\\\/2025\\\/03\\\/14\\\/dos-bebes-pierden-la-vida-por-tos-ferina-en-puebla\\\/#primaryimage\"},\"image\":{\"@id\":\"https:\\\/\\\/grupohoymexico.com\\\/puebla\\\/2025\\\/03\\\/14\\\/dos-bebes-pierden-la-vida-por-tos-ferina-en-puebla\\\/#primaryimage\"},\"thumbnailUrl\":\"https:\\\/\\\/grupohoymexico.com\\\/puebla\\\/wp-content\\\/uploads\\\/sites\\\/3\\\/2025\\\/03\\\/photo_5089459254632492805_w.jpg\",\"datePublished\":\"2025-03-14T18:59:07+00:00\",\"author\":{\"@id\":\"https:\\\/\\\/grupohoymexico.com\\\/puebla\\\/#\\\/schema\\\/person\\\/ce6086ac837852775a3a4f539356c297\"},\"description\":\"El estado de Puebla ha confirmado dos fallecimientos de beb\u00e9s a causa de la tos ferina, una infecci\u00f3n respiratoria altamente contagiosa.\",\"breadcrumb\":{\"@id\":\"https:\\\/\\\/grupohoymexico.com\\\/puebla\\\/2025\\\/03\\\/14\\\/dos-bebes-pierden-la-vida-por-tos-ferina-en-puebla\\\/#breadcrumb\"},\"inLanguage\":\"es\",\"potentialAction\":[{\"@type\":\"ReadAction\",\"target\":[\"https:\\\/\\\/grupohoymexico.com\\\/puebla\\\/2025\\\/03\\\/14\\\/dos-bebes-pierden-la-vida-por-tos-ferina-en-puebla\\\/\"]}]},{\"@type\":\"ImageObject\",\"inLanguage\":\"es\",\"@id\":\"https:\\\/\\\/grupohoymexico.com\\\/puebla\\\/2025\\\/03\\\/14\\\/dos-bebes-pierden-la-vida-por-tos-ferina-en-puebla\\\/#primaryimage\",\"url\":\"https:\\\/\\\/grupohoymexico.com\\\/puebla\\\/wp-content\\\/uploads\\\/sites\\\/3\\\/2025\\\/03\\\/photo_5089459254632492805_w.jpg\",\"contentUrl\":\"https:\\\/\\\/grupohoymexico.com\\\/puebla\\\/wp-content\\\/uploads\\\/sites\\\/3\\\/2025\\\/03\\\/photo_5089459254632492805_w.jpg\",\"width\":2560,\"height\":1360,\"caption\":\"Dos beb\u00e9s pierden la vida por tos ferina en Puebla\"},{\"@type\":\"BreadcrumbList\",\"@id\":\"https:\\\/\\\/grupohoymexico.com\\\/puebla\\\/2025\\\/03\\\/14\\\/dos-bebes-pierden-la-vida-por-tos-ferina-en-puebla\\\/#breadcrumb\",\"itemListElement\":[{\"@type\":\"ListItem\",\"position\":1,\"name\":\"Inicio\",\"item\":\"https:\\\/\\\/grupohoymexico.com\\\/puebla\\\/\"},{\"@type\":\"ListItem\",\"position\":2,\"name\":\"Dos beb\u00e9s pierden la vida por tos ferina en Puebla\"}]},{\"@type\":\"WebSite\",\"@id\":\"https:\\\/\\\/grupohoymexico.com\\\/puebla\\\/#website\",\"url\":\"https:\\\/\\\/grupohoymexico.com\\\/puebla\\\/\",\"name\":\"Grupo Hoy Puebla\",\"description\":\"\",\"potentialAction\":[{\"@type\":\"SearchAction\",\"target\":{\"@type\":\"EntryPoint\",\"urlTemplate\":\"https:\\\/\\\/grupohoymexico.com\\\/puebla\\\/?s={search_term_string}\"},\"query-input\":{\"@type\":\"PropertyValueSpecification\",\"valueRequired\":true,\"valueName\":\"search_term_string\"}}],\"inLanguage\":\"es\"},{\"@type\":\"Person\",\"@id\":\"https:\\\/\\\/grupohoymexico.com\\\/puebla\\\/#\\\/schema\\\/person\\\/ce6086ac837852775a3a4f539356c297\",\"name\":\"user\",\"image\":{\"@type\":\"ImageObject\",\"inLanguage\":\"es\",\"@id\":\"https:\\\/\\\/secure.gravatar.com\\\/avatar\\\/25f78de4fa956f6f7c01f8d96f8087d8958ebe06d57e630cd54e36aefb9dacea?s=96&d=mm&r=g\",\"url\":\"https:\\\/\\\/secure.gravatar.com\\\/avatar\\\/25f78de4fa956f6f7c01f8d96f8087d8958ebe06d57e630cd54e36aefb9dacea?s=96&d=mm&r=g\",\"contentUrl\":\"https:\\\/\\\/secure.gravatar.com\\\/avatar\\\/25f78de4fa956f6f7c01f8d96f8087d8958ebe06d57e630cd54e36aefb9dacea?s=96&d=mm&r=g\",\"caption\":\"user\"},\"sameAs\":[\"http:\\\/\\\/44.197.188.197.nip.io\"],\"url\":\"https:\\\/\\\/grupohoymexico.com\\\/puebla\\\/author\\\/user\\\/\"}]}<\/script>\n<!-- \/ Yoast SEO Premium plugin. -->","yoast_head_json":{"title":"Dos beb\u00e9s pierden la vida por tos ferina en Puebla - Grupo Hoy Puebla","description":"El estado de Puebla ha confirmado dos fallecimientos de beb\u00e9s a causa de la tos ferina, una infecci\u00f3n respiratoria altamente contagiosa.","robots":{"index":"index","follow":"follow","max-snippet":"max-snippet:-1","max-image-preview":"max-image-preview:large","max-video-preview":"max-video-preview:-1"},"canonical":"https:\/\/grupohoymexico.com\/puebla\/2025\/03\/14\/dos-bebes-pierden-la-vida-por-tos-ferina-en-puebla\/","og_locale":"es_MX","og_type":"article","og_title":"Dos beb\u00e9s pierden la vida por tos ferina en Puebla","og_description":"El estado de Puebla ha confirmado dos fallecimientos de beb\u00e9s a causa de la tos ferina, una infecci\u00f3n respiratoria altamente contagiosa.","og_url":"https:\/\/grupohoymexico.com\/puebla\/2025\/03\/14\/dos-bebes-pierden-la-vida-por-tos-ferina-en-puebla\/","og_site_name":"Grupo Hoy Puebla","article_published_time":"2025-03-14T18:59:07+00:00","og_image":[{"width":2560,"height":1360,"url":"https:\/\/grupohoymexico.com\/puebla\/wp-content\/uploads\/sites\/3\/2025\/03\/photo_5089459254632492805_w.jpg","type":"image\/jpeg"}],"author":"user","twitter_card":"summary_large_image","twitter_misc":{"Escrito por":"user","Tiempo de lectura":"4 minutos"},"schema":{"@context":"https:\/\/schema.org","@graph":[{"@type":"Article","@id":"https:\/\/grupohoymexico.com\/puebla\/2025\/03\/14\/dos-bebes-pierden-la-vida-por-tos-ferina-en-puebla\/#article","isPartOf":{"@id":"https:\/\/grupohoymexico.com\/puebla\/2025\/03\/14\/dos-bebes-pierden-la-vida-por-tos-ferina-en-puebla\/"},"author":{"name":"user","@id":"https:\/\/grupohoymexico.com\/puebla\/#\/schema\/person\/ce6086ac837852775a3a4f539356c297"},"headline":"Dos beb\u00e9s pierden la vida por tos ferina en Puebla","datePublished":"2025-03-14T18:59:07+00:00","mainEntityOfPage":{"@id":"https:\/\/grupohoymexico.com\/puebla\/2025\/03\/14\/dos-bebes-pierden-la-vida-por-tos-ferina-en-puebla\/"},"wordCount":603,"commentCount":0,"image":{"@id":"https:\/\/grupohoymexico.com\/puebla\/2025\/03\/14\/dos-bebes-pierden-la-vida-por-tos-ferina-en-puebla\/#primaryimage"},"thumbnailUrl":"https:\/\/grupohoymexico.com\/puebla\/wp-content\/uploads\/sites\/3\/2025\/03\/photo_5089459254632492805_w.jpg","articleSection":["Estatal"],"inLanguage":"es","potentialAction":[{"@type":"CommentAction","name":"Comment","target":["https:\/\/grupohoymexico.com\/puebla\/2025\/03\/14\/dos-bebes-pierden-la-vida-por-tos-ferina-en-puebla\/#respond"]}]},{"@type":"WebPage","@id":"https:\/\/grupohoymexico.com\/puebla\/2025\/03\/14\/dos-bebes-pierden-la-vida-por-tos-ferina-en-puebla\/","url":"https:\/\/grupohoymexico.com\/puebla\/2025\/03\/14\/dos-bebes-pierden-la-vida-por-tos-ferina-en-puebla\/","name":"Dos beb\u00e9s pierden la vida por tos ferina en Puebla - Grupo Hoy Puebla","isPartOf":{"@id":"https:\/\/grupohoymexico.com\/puebla\/#website"},"primaryImageOfPage":{"@id":"https:\/\/grupohoymexico.com\/puebla\/2025\/03\/14\/dos-bebes-pierden-la-vida-por-tos-ferina-en-puebla\/#primaryimage"},"image":{"@id":"https:\/\/grupohoymexico.com\/puebla\/2025\/03\/14\/dos-bebes-pierden-la-vida-por-tos-ferina-en-puebla\/#primaryimage"},"thumbnailUrl":"https:\/\/grupohoymexico.com\/puebla\/wp-content\/uploads\/sites\/3\/2025\/03\/photo_5089459254632492805_w.jpg","datePublished":"2025-03-14T18:59:07+00:00","author":{"@id":"https:\/\/grupohoymexico.com\/puebla\/#\/schema\/person\/ce6086ac837852775a3a4f539356c297"},"description":"El estado de Puebla ha confirmado dos fallecimientos de beb\u00e9s a causa de la tos ferina, una infecci\u00f3n respiratoria altamente contagiosa.","breadcrumb":{"@id":"https:\/\/grupohoymexico.com\/puebla\/2025\/03\/14\/dos-bebes-pierden-la-vida-por-tos-ferina-en-puebla\/#breadcrumb"},"inLanguage":"es","potentialAction":[{"@type":"ReadAction","target":["https:\/\/grupohoymexico.com\/puebla\/2025\/03\/14\/dos-bebes-pierden-la-vida-por-tos-ferina-en-puebla\/"]}]},{"@type":"ImageObject","inLanguage":"es","@id":"https:\/\/grupohoymexico.com\/puebla\/2025\/03\/14\/dos-bebes-pierden-la-vida-por-tos-ferina-en-puebla\/#primaryimage","url":"https:\/\/grupohoymexico.com\/puebla\/wp-content\/uploads\/sites\/3\/2025\/03\/photo_5089459254632492805_w.jpg","contentUrl":"https:\/\/grupohoymexico.com\/puebla\/wp-content\/uploads\/sites\/3\/2025\/03\/photo_5089459254632492805_w.jpg","width":2560,"height":1360,"caption":"Dos beb\u00e9s pierden la vida por tos ferina en Puebla"},{"@type":"BreadcrumbList","@id":"https:\/\/grupohoymexico.com\/puebla\/2025\/03\/14\/dos-bebes-pierden-la-vida-por-tos-ferina-en-puebla\/#breadcrumb","itemListElement":[{"@type":"ListItem","position":1,"name":"Inicio","item":"https:\/\/grupohoymexico.com\/puebla\/"},{"@type":"ListItem","position":2,"name":"Dos beb\u00e9s pierden la vida por tos ferina en Puebla"}]},{"@type":"WebSite","@id":"https:\/\/grupohoymexico.com\/puebla\/#website","url":"https:\/\/grupohoymexico.com\/puebla\/","name":"Grupo Hoy Puebla","description":"","potentialAction":[{"@type":"SearchAction","target":{"@type":"EntryPoint","urlTemplate":"https:\/\/grupohoymexico.com\/puebla\/?s={search_term_string}"},"query-input":{"@type":"PropertyValueSpecification","valueRequired":true,"valueName":"search_term_string"}}],"inLanguage":"es"},{"@type":"Person","@id":"https:\/\/grupohoymexico.com\/puebla\/#\/schema\/person\/ce6086ac837852775a3a4f539356c297","name":"user","image":{"@type":"ImageObject","inLanguage":"es","@id":"https:\/\/secure.gravatar.com\/avatar\/25f78de4fa956f6f7c01f8d96f8087d8958ebe06d57e630cd54e36aefb9dacea?s=96&d=mm&r=g","url":"https:\/\/secure.gravatar.com\/avatar\/25f78de4fa956f6f7c01f8d96f8087d8958ebe06d57e630cd54e36aefb9dacea?s=96&d=mm&r=g","contentUrl":"https:\/\/secure.gravatar.com\/avatar\/25f78de4fa956f6f7c01f8d96f8087d8958ebe06d57e630cd54e36aefb9dacea?s=96&d=mm&r=g","caption":"user"},"sameAs":["http:\/\/44.197.188.197.nip.io"],"url":"https:\/\/grupohoymexico.com\/puebla\/author\/user\/"}]}},"_links":{"self":[{"href":"https:\/\/grupohoymexico.com\/puebla\/wp-json\/wp\/v2\/posts\/72856","targetHints":{"allow":["GET"]}}],"collection":[{"href":"https:\/\/grupohoymexico.com\/puebla\/wp-json\/wp\/v2\/posts"}],"about":[{"href":"https:\/\/grupohoymexico.com\/puebla\/wp-json\/wp\/v2\/types\/post"}],"author":[{"embeddable":true,"href":"https:\/\/grupohoymexico.com\/puebla\/wp-json\/wp\/v2\/users\/1"}],"replies":[{"embeddable":true,"href":"https:\/\/grupohoymexico.com\/puebla\/wp-json\/wp\/v2\/comments?post=72856"}],"version-history":[{"count":0,"href":"https:\/\/grupohoymexico.com\/puebla\/wp-json\/wp\/v2\/posts\/72856\/revisions"}],"wp:featuredmedia":[{"embeddable":true,"href":"https:\/\/grupohoymexico.com\/puebla\/wp-json\/wp\/v2\/media\/72866"}],"wp:attachment":[{"href":"https:\/\/grupohoymexico.com\/puebla\/wp-json\/wp\/v2\/media?parent=72856"}],"wp:term":[{"taxonomy":"category","embeddable":true,"href":"https:\/\/grupohoymexico.com\/puebla\/wp-json\/wp\/v2\/categories?post=72856"},{"taxonomy":"post_tag","embeddable":true,"href":"https:\/\/grupohoymexico.com\/puebla\/wp-json\/wp\/v2\/tags?post=72856"}],"curies":[{"name":"wp","href":"https:\/\/api.w.org\/{rel}","templated":true}]}}