{"id":72620,"date":"2025-03-06T12:36:14","date_gmt":"2025-03-06T18:36:14","guid":{"rendered":"https:\/\/pueblahoy.com.mx\/?p=72620"},"modified":"2025-03-06T12:36:14","modified_gmt":"2025-03-06T18:36:14","slug":"autoridades-encuentran-a-feto-en-heroes-de-puebla","status":"publish","type":"post","link":"https:\/\/grupohoymexico.com\/puebla\/2025\/03\/06\/autoridades-encuentran-a-feto-en-heroes-de-puebla\/","title":{"rendered":"Autoridades encuentran a feto en H\u00e9roes de Puebla"},"content":{"rendered":"\n<p>El 5 de marzo fue encontrado un<strong> feto humano <\/strong>dentro de una bolsa negra de pl\u00e1stico en la colonia <strong>Los H\u00e9roes, en Puebla<\/strong>. El hallazgo fue realizado por vecinos de la cerrada Gabriel y la calle 12-A Sur, quienes, al descubrir los restos, dieron aviso a las <strong>autoridades locales. <\/strong><\/p>\n\n\n\n<p>Agentes de la <strong>polic\u00eda municipal<\/strong>, espec\u00edficamente de la <strong>patrulla 499<\/strong>, llegaron al lugar y confirmaron la presencia del nonato dentro de la bolsa. Inmediatamente, se procedi\u00f3 a resguardar el \u00e1rea y se solicit\u00f3 el apoyo de la <strong>Polic\u00eda Estatal. <\/strong>Al confirmar la situaci\u00f3n, se notific\u00f3 a la <strong>Fiscal\u00eda General del Estado<\/strong> (FGE), que envi\u00f3 peritos para realizar las <strong>diligencias <\/strong>pertinentes y proceder con el levantamiento del cuerpo.  <\/p>\n\n\n\n<figure class=\"wp-block-image size-large\"><img fetchpriority=\"high\" decoding=\"async\" width=\"1024\" height=\"576\" src=\"https:\/\/pueblahoy.com.mx\/wp-content\/uploads\/2025\/03\/image-20-1024x576.png\" alt=\"\" class=\"wp-image-72621\" srcset=\"https:\/\/grupohoymexico.com\/puebla\/wp-content\/uploads\/sites\/3\/2025\/03\/image-20-1024x576.png 1024w, https:\/\/grupohoymexico.com\/puebla\/wp-content\/uploads\/sites\/3\/2025\/03\/image-20-300x169.png 300w, https:\/\/grupohoymexico.com\/puebla\/wp-content\/uploads\/sites\/3\/2025\/03\/image-20-768x432.png 768w, https:\/\/grupohoymexico.com\/puebla\/wp-content\/uploads\/sites\/3\/2025\/03\/image-20-1536x864.png 1536w, https:\/\/grupohoymexico.com\/puebla\/wp-content\/uploads\/sites\/3\/2025\/03\/image-20-332x187.png 332w, https:\/\/grupohoymexico.com\/puebla\/wp-content\/uploads\/sites\/3\/2025\/03\/image-20-664x374.png 664w, https:\/\/grupohoymexico.com\/puebla\/wp-content\/uploads\/sites\/3\/2025\/03\/image-20-688x387.png 688w, https:\/\/grupohoymexico.com\/puebla\/wp-content\/uploads\/sites\/3\/2025\/03\/image-20-1376x774.png 1376w, https:\/\/grupohoymexico.com\/puebla\/wp-content\/uploads\/sites\/3\/2025\/03\/image-20-1044x587.png 1044w, https:\/\/grupohoymexico.com\/puebla\/wp-content\/uploads\/sites\/3\/2025\/03\/image-20-1400x788.png 1400w, https:\/\/grupohoymexico.com\/puebla\/wp-content\/uploads\/sites\/3\/2025\/03\/image-20.png 1920w\" sizes=\"(max-width: 1024px) 100vw, 1024px\" \/><\/figure>\n\n\n\n<h3 class=\"wp-block-heading\"><br>Lo que se sabe del feto encontrado en Puebla <\/h3>\n\n\n\n<p><\/p>\n\n\n\n<p>Por el momento, no se ha precisado el sexo del<strong> feto<\/strong> ni el tiempo de gestaci\u00f3n. Tampoco se han detallado las circunstancias exactas en las que fue abandonado. El <strong>feto<\/strong> fue trasladado al anfiteatro de la<strong> ciudad <\/strong>de <strong>Puebla<\/strong> para la realizaci\u00f3n de los<strong> estudios forenses <\/strong>correspondientes, que ayudar\u00e1n a esclarecer m\u00e1s sobre el<strong> caso. <\/strong><\/p>\n\n\n\n<h3 class=\"wp-block-heading\">Autoridades de Puebla iniciaron investigaciones <\/h3>\n\n\n\n<p><\/p>\n\n\n\n<p>Las <strong>autoridades <\/strong>han iniciado una investigaci\u00f3n para dar con la identidad de la persona responsable de este acto. Este lamentable suceso no es el primero registrado este a\u00f1o, ya que el 4 de enero, en el municipio de <strong>Atlixco<\/strong>, se encontr\u00f3 otro feto dentro de una bolsa negra con sangre en la calle <strong>Miguel Hidalgo<\/strong>, en las cercan\u00edas de la <strong>colonia Revoluci\u00f3n. <\/strong><\/p>\n\n\n\n<p><\/p>\n\n\n\n<h3 class=\"wp-block-heading\">Posible responsable fue visto abandonado al feto <\/h3>\n\n\n\n<p><\/p>\n\n\n\n<p>En ese caso, un hombre fue visto caminando con una bolsa de la que aparentemente escurr\u00eda sangre. Minutos despu\u00e9s, el sujeto abandon\u00f3 la bolsa en la <strong>v\u00eda p\u00fablica<\/strong> y se retir\u00f3. Una <strong>mujer <\/strong>que pas\u00f3 por el lugar, al observar el contenido de la bolsa, dio aviso a las <strong>autoridades. Elementos de la Polic\u00eda Municipal <\/strong>y param\u00e9dicos acudieron al sitio y confirmaron que se trataba de un feto de varias semanas de gestaci\u00f3n. No se ofrecieron m\u00e1s detalles sobre el caso ni sobre la identidad del responsable.<\/p>\n\n\n\n<p>Ambos incidentes han generado consternaci\u00f3n en la<strong> comunidad <\/strong>y subrayan la <strong>urgencia<\/strong> de mejorar las medidas de protecci\u00f3n y asistencia en situaciones de alto riesgo para la <strong>salud<\/strong> <strong>p\u00fablica y la seguridad. <\/strong>Las <strong>investigaciones <\/strong>contin\u00faan en ambos casos para esclarecer las circunstancias que rodearon el abandono de los <strong>fetos<\/strong> y dar con los responsables de estos hechos. <\/p>\n","protected":false},"excerpt":{"rendered":"El 5 de marzo fue encontrado un feto humano dentro de una bolsa negra de pl\u00e1stico en la&hellip;","protected":false},"author":1,"featured_media":72622,"comment_status":"open","ping_status":"closed","sticky":false,"template":"","format":"standard","meta":{"csco_display_header_overlay":false,"csco_singular_sidebar":"","csco_page_header_type":"","csco_page_load_nextpost":"","csco_post_video_location":[],"csco_post_video_location_hash":"","csco_post_video_url":"","csco_post_video_bg_start_time":0,"csco_post_video_bg_end_time":0,"footnotes":""},"categories":[29],"tags":[263,264,40,170],"class_list":{"0":"post-72620","1":"post","2":"type-post","3":"status-publish","4":"format-standard","5":"has-post-thumbnail","7":"category-estatal","8":"tag-feto-puebla","9":"tag-hallazgo","10":"tag-puebla","11":"tag-seguridad","12":"cs-entry","13":"cs-video-wrap"},"yoast_head":"<!-- This site is optimized with the Yoast SEO Premium plugin v24.7 (Yoast SEO v27.4) - https:\/\/yoast.com\/product\/yoast-seo-premium-wordpress\/ -->\n<title>Autoridades encuentran a feto en H\u00e9roes de Puebla<\/title>\n<meta name=\"description\" content=\"Autoridades de Puebla encontraron este mi\u00e9rcoles en la noche un feto humano sin vida envuelto en una bolsa de pl\u00e1stico. Ya se inici\u00f3 una\" \/>\n<meta name=\"robots\" content=\"index, follow, max-snippet:-1, max-image-preview:large, max-video-preview:-1\" \/>\n<link rel=\"canonical\" href=\"https:\/\/grupohoymexico.com\/puebla\/2025\/03\/06\/autoridades-encuentran-a-feto-en-heroes-de-puebla\/\" \/>\n<meta property=\"og:locale\" content=\"es_MX\" \/>\n<meta property=\"og:type\" content=\"article\" \/>\n<meta property=\"og:title\" content=\"Autoridades encuentran a feto en H\u00e9roes de Puebla\" \/>\n<meta property=\"og:description\" content=\"Autoridades de Puebla encontraron este mi\u00e9rcoles en la noche un feto humano sin vida envuelto en una bolsa de pl\u00e1stico. Ya se inici\u00f3 una\" \/>\n<meta property=\"og:url\" content=\"https:\/\/grupohoymexico.com\/puebla\/2025\/03\/06\/autoridades-encuentran-a-feto-en-heroes-de-puebla\/\" \/>\n<meta property=\"og:site_name\" content=\"Grupo Hoy Puebla\" \/>\n<meta property=\"article:published_time\" content=\"2025-03-06T18:36:14+00:00\" \/>\n<meta property=\"og:image\" content=\"https:\/\/grupohoymexico.com\/puebla\/wp-content\/uploads\/sites\/3\/2025\/03\/Feto-Puebla.jpg\" \/>\n\t<meta property=\"og:image:width\" content=\"1272\" \/>\n\t<meta property=\"og:image:height\" content=\"664\" \/>\n\t<meta property=\"og:image:type\" content=\"image\/jpeg\" \/>\n<meta name=\"author\" content=\"user\" \/>\n<meta name=\"twitter:card\" content=\"summary_large_image\" \/>\n<meta name=\"twitter:label1\" content=\"Escrito por\" \/>\n\t<meta name=\"twitter:data1\" content=\"user\" \/>\n\t<meta name=\"twitter:label2\" content=\"Tiempo de lectura\" \/>\n\t<meta name=\"twitter:data2\" content=\"3 minutos\" \/>\n<script type=\"application\/ld+json\" class=\"yoast-schema-graph\">{\"@context\":\"https:\\\/\\\/schema.org\",\"@graph\":[{\"@type\":\"Article\",\"@id\":\"https:\\\/\\\/grupohoymexico.com\\\/puebla\\\/2025\\\/03\\\/06\\\/autoridades-encuentran-a-feto-en-heroes-de-puebla\\\/#article\",\"isPartOf\":{\"@id\":\"https:\\\/\\\/grupohoymexico.com\\\/puebla\\\/2025\\\/03\\\/06\\\/autoridades-encuentran-a-feto-en-heroes-de-puebla\\\/\"},\"author\":{\"name\":\"user\",\"@id\":\"https:\\\/\\\/grupohoymexico.com\\\/puebla\\\/#\\\/schema\\\/person\\\/ce6086ac837852775a3a4f539356c297\"},\"headline\":\"Autoridades encuentran a feto en H\u00e9roes de Puebla\",\"datePublished\":\"2025-03-06T18:36:14+00:00\",\"mainEntityOfPage\":{\"@id\":\"https:\\\/\\\/grupohoymexico.com\\\/puebla\\\/2025\\\/03\\\/06\\\/autoridades-encuentran-a-feto-en-heroes-de-puebla\\\/\"},\"wordCount\":431,\"commentCount\":0,\"image\":{\"@id\":\"https:\\\/\\\/grupohoymexico.com\\\/puebla\\\/2025\\\/03\\\/06\\\/autoridades-encuentran-a-feto-en-heroes-de-puebla\\\/#primaryimage\"},\"thumbnailUrl\":\"https:\\\/\\\/grupohoymexico.com\\\/puebla\\\/wp-content\\\/uploads\\\/sites\\\/3\\\/2025\\\/03\\\/Feto-Puebla.jpg\",\"keywords\":[\"Feto puebla\",\"Hallazgo\",\"puebla\",\"Seguridad\"],\"articleSection\":[\"Estatal\"],\"inLanguage\":\"es\",\"potentialAction\":[{\"@type\":\"CommentAction\",\"name\":\"Comment\",\"target\":[\"https:\\\/\\\/grupohoymexico.com\\\/puebla\\\/2025\\\/03\\\/06\\\/autoridades-encuentran-a-feto-en-heroes-de-puebla\\\/#respond\"]}]},{\"@type\":\"WebPage\",\"@id\":\"https:\\\/\\\/grupohoymexico.com\\\/puebla\\\/2025\\\/03\\\/06\\\/autoridades-encuentran-a-feto-en-heroes-de-puebla\\\/\",\"url\":\"https:\\\/\\\/grupohoymexico.com\\\/puebla\\\/2025\\\/03\\\/06\\\/autoridades-encuentran-a-feto-en-heroes-de-puebla\\\/\",\"name\":\"Autoridades encuentran a feto en H\u00e9roes de Puebla\",\"isPartOf\":{\"@id\":\"https:\\\/\\\/grupohoymexico.com\\\/puebla\\\/#website\"},\"primaryImageOfPage\":{\"@id\":\"https:\\\/\\\/grupohoymexico.com\\\/puebla\\\/2025\\\/03\\\/06\\\/autoridades-encuentran-a-feto-en-heroes-de-puebla\\\/#primaryimage\"},\"image\":{\"@id\":\"https:\\\/\\\/grupohoymexico.com\\\/puebla\\\/2025\\\/03\\\/06\\\/autoridades-encuentran-a-feto-en-heroes-de-puebla\\\/#primaryimage\"},\"thumbnailUrl\":\"https:\\\/\\\/grupohoymexico.com\\\/puebla\\\/wp-content\\\/uploads\\\/sites\\\/3\\\/2025\\\/03\\\/Feto-Puebla.jpg\",\"datePublished\":\"2025-03-06T18:36:14+00:00\",\"author\":{\"@id\":\"https:\\\/\\\/grupohoymexico.com\\\/puebla\\\/#\\\/schema\\\/person\\\/ce6086ac837852775a3a4f539356c297\"},\"description\":\"Autoridades de Puebla encontraron este mi\u00e9rcoles en la noche un feto humano sin vida envuelto en una bolsa de pl\u00e1stico. Ya se inici\u00f3 una\",\"breadcrumb\":{\"@id\":\"https:\\\/\\\/grupohoymexico.com\\\/puebla\\\/2025\\\/03\\\/06\\\/autoridades-encuentran-a-feto-en-heroes-de-puebla\\\/#breadcrumb\"},\"inLanguage\":\"es\",\"potentialAction\":[{\"@type\":\"ReadAction\",\"target\":[\"https:\\\/\\\/grupohoymexico.com\\\/puebla\\\/2025\\\/03\\\/06\\\/autoridades-encuentran-a-feto-en-heroes-de-puebla\\\/\"]}]},{\"@type\":\"ImageObject\",\"inLanguage\":\"es\",\"@id\":\"https:\\\/\\\/grupohoymexico.com\\\/puebla\\\/2025\\\/03\\\/06\\\/autoridades-encuentran-a-feto-en-heroes-de-puebla\\\/#primaryimage\",\"url\":\"https:\\\/\\\/grupohoymexico.com\\\/puebla\\\/wp-content\\\/uploads\\\/sites\\\/3\\\/2025\\\/03\\\/Feto-Puebla.jpg\",\"contentUrl\":\"https:\\\/\\\/grupohoymexico.com\\\/puebla\\\/wp-content\\\/uploads\\\/sites\\\/3\\\/2025\\\/03\\\/Feto-Puebla.jpg\",\"width\":1272,\"height\":664,\"caption\":\"Feto Puebla\"},{\"@type\":\"BreadcrumbList\",\"@id\":\"https:\\\/\\\/grupohoymexico.com\\\/puebla\\\/2025\\\/03\\\/06\\\/autoridades-encuentran-a-feto-en-heroes-de-puebla\\\/#breadcrumb\",\"itemListElement\":[{\"@type\":\"ListItem\",\"position\":1,\"name\":\"Inicio\",\"item\":\"https:\\\/\\\/grupohoymexico.com\\\/puebla\\\/\"},{\"@type\":\"ListItem\",\"position\":2,\"name\":\"Autoridades encuentran a feto en H\u00e9roes de Puebla\"}]},{\"@type\":\"WebSite\",\"@id\":\"https:\\\/\\\/grupohoymexico.com\\\/puebla\\\/#website\",\"url\":\"https:\\\/\\\/grupohoymexico.com\\\/puebla\\\/\",\"name\":\"Grupo Hoy Puebla\",\"description\":\"\",\"potentialAction\":[{\"@type\":\"SearchAction\",\"target\":{\"@type\":\"EntryPoint\",\"urlTemplate\":\"https:\\\/\\\/grupohoymexico.com\\\/puebla\\\/?s={search_term_string}\"},\"query-input\":{\"@type\":\"PropertyValueSpecification\",\"valueRequired\":true,\"valueName\":\"search_term_string\"}}],\"inLanguage\":\"es\"},{\"@type\":\"Person\",\"@id\":\"https:\\\/\\\/grupohoymexico.com\\\/puebla\\\/#\\\/schema\\\/person\\\/ce6086ac837852775a3a4f539356c297\",\"name\":\"user\",\"image\":{\"@type\":\"ImageObject\",\"inLanguage\":\"es\",\"@id\":\"https:\\\/\\\/secure.gravatar.com\\\/avatar\\\/25f78de4fa956f6f7c01f8d96f8087d8958ebe06d57e630cd54e36aefb9dacea?s=96&d=mm&r=g\",\"url\":\"https:\\\/\\\/secure.gravatar.com\\\/avatar\\\/25f78de4fa956f6f7c01f8d96f8087d8958ebe06d57e630cd54e36aefb9dacea?s=96&d=mm&r=g\",\"contentUrl\":\"https:\\\/\\\/secure.gravatar.com\\\/avatar\\\/25f78de4fa956f6f7c01f8d96f8087d8958ebe06d57e630cd54e36aefb9dacea?s=96&d=mm&r=g\",\"caption\":\"user\"},\"sameAs\":[\"http:\\\/\\\/44.197.188.197.nip.io\"],\"url\":\"https:\\\/\\\/grupohoymexico.com\\\/puebla\\\/author\\\/user\\\/\"}]}<\/script>\n<!-- \/ Yoast SEO Premium plugin. -->","yoast_head_json":{"title":"Autoridades encuentran a feto en H\u00e9roes de Puebla","description":"Autoridades de Puebla encontraron este mi\u00e9rcoles en la noche un feto humano sin vida envuelto en una bolsa de pl\u00e1stico. Ya se inici\u00f3 una","robots":{"index":"index","follow":"follow","max-snippet":"max-snippet:-1","max-image-preview":"max-image-preview:large","max-video-preview":"max-video-preview:-1"},"canonical":"https:\/\/grupohoymexico.com\/puebla\/2025\/03\/06\/autoridades-encuentran-a-feto-en-heroes-de-puebla\/","og_locale":"es_MX","og_type":"article","og_title":"Autoridades encuentran a feto en H\u00e9roes de Puebla","og_description":"Autoridades de Puebla encontraron este mi\u00e9rcoles en la noche un feto humano sin vida envuelto en una bolsa de pl\u00e1stico. Ya se inici\u00f3 una","og_url":"https:\/\/grupohoymexico.com\/puebla\/2025\/03\/06\/autoridades-encuentran-a-feto-en-heroes-de-puebla\/","og_site_name":"Grupo Hoy Puebla","article_published_time":"2025-03-06T18:36:14+00:00","og_image":[{"width":1272,"height":664,"url":"https:\/\/grupohoymexico.com\/puebla\/wp-content\/uploads\/sites\/3\/2025\/03\/Feto-Puebla.jpg","type":"image\/jpeg"}],"author":"user","twitter_card":"summary_large_image","twitter_misc":{"Escrito por":"user","Tiempo de lectura":"3 minutos"},"schema":{"@context":"https:\/\/schema.org","@graph":[{"@type":"Article","@id":"https:\/\/grupohoymexico.com\/puebla\/2025\/03\/06\/autoridades-encuentran-a-feto-en-heroes-de-puebla\/#article","isPartOf":{"@id":"https:\/\/grupohoymexico.com\/puebla\/2025\/03\/06\/autoridades-encuentran-a-feto-en-heroes-de-puebla\/"},"author":{"name":"user","@id":"https:\/\/grupohoymexico.com\/puebla\/#\/schema\/person\/ce6086ac837852775a3a4f539356c297"},"headline":"Autoridades encuentran a feto en H\u00e9roes de Puebla","datePublished":"2025-03-06T18:36:14+00:00","mainEntityOfPage":{"@id":"https:\/\/grupohoymexico.com\/puebla\/2025\/03\/06\/autoridades-encuentran-a-feto-en-heroes-de-puebla\/"},"wordCount":431,"commentCount":0,"image":{"@id":"https:\/\/grupohoymexico.com\/puebla\/2025\/03\/06\/autoridades-encuentran-a-feto-en-heroes-de-puebla\/#primaryimage"},"thumbnailUrl":"https:\/\/grupohoymexico.com\/puebla\/wp-content\/uploads\/sites\/3\/2025\/03\/Feto-Puebla.jpg","keywords":["Feto puebla","Hallazgo","puebla","Seguridad"],"articleSection":["Estatal"],"inLanguage":"es","potentialAction":[{"@type":"CommentAction","name":"Comment","target":["https:\/\/grupohoymexico.com\/puebla\/2025\/03\/06\/autoridades-encuentran-a-feto-en-heroes-de-puebla\/#respond"]}]},{"@type":"WebPage","@id":"https:\/\/grupohoymexico.com\/puebla\/2025\/03\/06\/autoridades-encuentran-a-feto-en-heroes-de-puebla\/","url":"https:\/\/grupohoymexico.com\/puebla\/2025\/03\/06\/autoridades-encuentran-a-feto-en-heroes-de-puebla\/","name":"Autoridades encuentran a feto en H\u00e9roes de Puebla","isPartOf":{"@id":"https:\/\/grupohoymexico.com\/puebla\/#website"},"primaryImageOfPage":{"@id":"https:\/\/grupohoymexico.com\/puebla\/2025\/03\/06\/autoridades-encuentran-a-feto-en-heroes-de-puebla\/#primaryimage"},"image":{"@id":"https:\/\/grupohoymexico.com\/puebla\/2025\/03\/06\/autoridades-encuentran-a-feto-en-heroes-de-puebla\/#primaryimage"},"thumbnailUrl":"https:\/\/grupohoymexico.com\/puebla\/wp-content\/uploads\/sites\/3\/2025\/03\/Feto-Puebla.jpg","datePublished":"2025-03-06T18:36:14+00:00","author":{"@id":"https:\/\/grupohoymexico.com\/puebla\/#\/schema\/person\/ce6086ac837852775a3a4f539356c297"},"description":"Autoridades de Puebla encontraron este mi\u00e9rcoles en la noche un feto humano sin vida envuelto en una bolsa de pl\u00e1stico. Ya se inici\u00f3 una","breadcrumb":{"@id":"https:\/\/grupohoymexico.com\/puebla\/2025\/03\/06\/autoridades-encuentran-a-feto-en-heroes-de-puebla\/#breadcrumb"},"inLanguage":"es","potentialAction":[{"@type":"ReadAction","target":["https:\/\/grupohoymexico.com\/puebla\/2025\/03\/06\/autoridades-encuentran-a-feto-en-heroes-de-puebla\/"]}]},{"@type":"ImageObject","inLanguage":"es","@id":"https:\/\/grupohoymexico.com\/puebla\/2025\/03\/06\/autoridades-encuentran-a-feto-en-heroes-de-puebla\/#primaryimage","url":"https:\/\/grupohoymexico.com\/puebla\/wp-content\/uploads\/sites\/3\/2025\/03\/Feto-Puebla.jpg","contentUrl":"https:\/\/grupohoymexico.com\/puebla\/wp-content\/uploads\/sites\/3\/2025\/03\/Feto-Puebla.jpg","width":1272,"height":664,"caption":"Feto Puebla"},{"@type":"BreadcrumbList","@id":"https:\/\/grupohoymexico.com\/puebla\/2025\/03\/06\/autoridades-encuentran-a-feto-en-heroes-de-puebla\/#breadcrumb","itemListElement":[{"@type":"ListItem","position":1,"name":"Inicio","item":"https:\/\/grupohoymexico.com\/puebla\/"},{"@type":"ListItem","position":2,"name":"Autoridades encuentran a feto en H\u00e9roes de Puebla"}]},{"@type":"WebSite","@id":"https:\/\/grupohoymexico.com\/puebla\/#website","url":"https:\/\/grupohoymexico.com\/puebla\/","name":"Grupo Hoy Puebla","description":"","potentialAction":[{"@type":"SearchAction","target":{"@type":"EntryPoint","urlTemplate":"https:\/\/grupohoymexico.com\/puebla\/?s={search_term_string}"},"query-input":{"@type":"PropertyValueSpecification","valueRequired":true,"valueName":"search_term_string"}}],"inLanguage":"es"},{"@type":"Person","@id":"https:\/\/grupohoymexico.com\/puebla\/#\/schema\/person\/ce6086ac837852775a3a4f539356c297","name":"user","image":{"@type":"ImageObject","inLanguage":"es","@id":"https:\/\/secure.gravatar.com\/avatar\/25f78de4fa956f6f7c01f8d96f8087d8958ebe06d57e630cd54e36aefb9dacea?s=96&d=mm&r=g","url":"https:\/\/secure.gravatar.com\/avatar\/25f78de4fa956f6f7c01f8d96f8087d8958ebe06d57e630cd54e36aefb9dacea?s=96&d=mm&r=g","contentUrl":"https:\/\/secure.gravatar.com\/avatar\/25f78de4fa956f6f7c01f8d96f8087d8958ebe06d57e630cd54e36aefb9dacea?s=96&d=mm&r=g","caption":"user"},"sameAs":["http:\/\/44.197.188.197.nip.io"],"url":"https:\/\/grupohoymexico.com\/puebla\/author\/user\/"}]}},"_links":{"self":[{"href":"https:\/\/grupohoymexico.com\/puebla\/wp-json\/wp\/v2\/posts\/72620","targetHints":{"allow":["GET"]}}],"collection":[{"href":"https:\/\/grupohoymexico.com\/puebla\/wp-json\/wp\/v2\/posts"}],"about":[{"href":"https:\/\/grupohoymexico.com\/puebla\/wp-json\/wp\/v2\/types\/post"}],"author":[{"embeddable":true,"href":"https:\/\/grupohoymexico.com\/puebla\/wp-json\/wp\/v2\/users\/1"}],"replies":[{"embeddable":true,"href":"https:\/\/grupohoymexico.com\/puebla\/wp-json\/wp\/v2\/comments?post=72620"}],"version-history":[{"count":0,"href":"https:\/\/grupohoymexico.com\/puebla\/wp-json\/wp\/v2\/posts\/72620\/revisions"}],"wp:featuredmedia":[{"embeddable":true,"href":"https:\/\/grupohoymexico.com\/puebla\/wp-json\/wp\/v2\/media\/72622"}],"wp:attachment":[{"href":"https:\/\/grupohoymexico.com\/puebla\/wp-json\/wp\/v2\/media?parent=72620"}],"wp:term":[{"taxonomy":"category","embeddable":true,"href":"https:\/\/grupohoymexico.com\/puebla\/wp-json\/wp\/v2\/categories?post=72620"},{"taxonomy":"post_tag","embeddable":true,"href":"https:\/\/grupohoymexico.com\/puebla\/wp-json\/wp\/v2\/tags?post=72620"}],"curies":[{"name":"wp","href":"https:\/\/api.w.org\/{rel}","templated":true}]}}