{"id":65359,"date":"2024-01-30T11:15:22","date_gmt":"2024-01-30T17:15:22","guid":{"rendered":"https:\/\/pueblahoy.com.mx\/?p=65359"},"modified":"2024-01-30T11:15:22","modified_gmt":"2024-01-30T17:15:22","slug":"revelan-segundo-tirador-en-caso-colosio","status":"publish","type":"post","link":"https:\/\/grupohoymexico.com\/puebla\/2024\/01\/30\/revelan-segundo-tirador-en-caso-colosio\/","title":{"rendered":"Revelan Segundo Tirador en Caso Colosio"},"content":{"rendered":"<p>La Fiscal\u00eda General de la Rep\u00fablica (FGR) ha sacudido el caso del asesinato del candidato presidencial Luis Donaldo Colosio Murrieta, ocurrido hace casi 30 a\u00f1os, al hacer p\u00fablica una revelaci\u00f3n sorprendente. En un comunicado, la FGR se\u00f1ala la existencia de elementos que respaldan la teor\u00eda de un segundo tirador en los tr\u00e1gicos hechos ocurridos en Lomas Taurinas, Tijuana, Baja California.<\/p>\n<p>La FGR presenta un extenso conjunto de pruebas que vinculan a Jorge Antonio S\u00e1nchez Ortega, exagente del desaparecido Centro de Investigaci\u00f3n y Seguridad Nacional (CISEN), con la presunta participaci\u00f3n como segundo tirador. Por primera vez, la FGR conecta al exsecretario de Seguridad P\u00fablica Genaro Garc\u00eda Luna, actualmente preso en Estados Unidos, con el encubrimiento de este segundo implicado, durante el tiempo en que Garc\u00eda Luna ocupaba el cargo de subdirector operativo en el CISEN.<\/p>\n<p>Enfatizando esta nueva l\u00ednea de investigaci\u00f3n, la FGR lamenta la actuaci\u00f3n del juez quinto de distrito de procesos penales federales, Jes\u00fas Alberto Ch\u00e1vez Hern\u00e1ndez, quien, seg\u00fan la Fiscal\u00eda, actu\u00f3 con evidente parcialidad al no admitir la petici\u00f3n de aprehensi\u00f3n contra S\u00e1nchez Ortega. Ante esto, se anunci\u00f3 la intenci\u00f3n de apelar esta decisi\u00f3n.<\/p>\n<p>La FGR no proporciona detalles adicionales sobre esta nueva perspectiva del caso, que difiere de la versi\u00f3n mantenida por la extinta Procuradur\u00eda General de la Rep\u00fablica (PGR), que se\u00f1alaba a Mario Aburto como \u00fanico responsable del asesinato de Colosio el 23 de marzo de 1994.<\/p>\n<h4>Las pruebas presentadas por la FGR indican la presencia de S\u00e1nchez Ortega en el lugar del homicidio en el momento del crimen, con una diferencia de segundos entre ambos disparos. Testimonios y evidencia f\u00edsica, como la ropa manchada con sangre de la v\u00edctima, respaldan esta versi\u00f3n. Sin embargo, se destaca que S\u00e1nchez Ortega fue liberado en lo que se califica como un encubrimiento delictivo, vinculando directamente a Genaro Garc\u00eda Luna en esta acci\u00f3n.<\/h4>\n<p>Adem\u00e1s, la FGR present\u00f3 pruebas de an\u00e1lisis de sangre que indican la presencia del tipo de sangre de Colosio en la ropa de S\u00e1nchez Ortega, junto con an\u00e1lisis de rodizonato que sugieren su participaci\u00f3n en el disparo de un arma durante el incidente.<\/p>\n<p>El abogado de Mario Aburto, Jes\u00fas Gonz\u00e1lez Schmal, reconoci\u00f3 la novedad de vincular a Garc\u00eda Luna en el caso y expres\u00f3 que esta teor\u00eda podr\u00eda ser esperanzadora para descubrir la verdad. Se se\u00f1ala que la mitad de los testigos que comparecieron han fallecido, generando incertidumbre sobre la posibilidad de obtener m\u00e1s informaci\u00f3n. La revelaci\u00f3n de la FGR abre una nueva etapa en la investigaci\u00f3n del asesinato que marc\u00f3 un antes y un despu\u00e9s en la historia pol\u00edtica de M\u00e9xico.<\/p>\n","protected":false},"excerpt":{"rendered":"La Fiscal\u00eda General de la Rep\u00fablica (FGR) ha sacudido el caso del asesinato del candidato presidencial Luis Donaldo&hellip;","protected":false},"author":1,"featured_media":65360,"comment_status":"open","ping_status":"closed","sticky":false,"template":"","format":"standard","meta":{"csco_display_header_overlay":false,"csco_singular_sidebar":"","csco_page_header_type":"","csco_page_load_nextpost":"","csco_post_video_location":[],"csco_post_video_location_hash":"","csco_post_video_url":"","csco_post_video_bg_start_time":0,"csco_post_video_bg_end_time":0,"footnotes":""},"categories":[28],"tags":[],"class_list":{"0":"post-65359","1":"post","2":"type-post","3":"status-publish","4":"format-standard","5":"has-post-thumbnail","7":"category-nacional","8":"cs-entry","9":"cs-video-wrap"},"yoast_head":"<!-- This site is optimized with the Yoast SEO Premium plugin v24.7 (Yoast SEO v27.4) - https:\/\/yoast.com\/product\/yoast-seo-premium-wordpress\/ -->\n<title>Revelan Segundo Tirador en Caso Colosio<\/title>\n<meta name=\"description\" content=\"La FGR se\u00f1ala la existencia de elementos que respaldan la teor\u00eda de un 2do tirador en el asesinato de Colosio en Tijuana hace 30 a\u00f1os\" \/>\n<meta name=\"robots\" content=\"index, follow, max-snippet:-1, max-image-preview:large, max-video-preview:-1\" \/>\n<link rel=\"canonical\" href=\"https:\/\/grupohoymexico.com\/puebla\/2024\/01\/30\/revelan-segundo-tirador-en-caso-colosio\/\" \/>\n<meta property=\"og:locale\" content=\"es_MX\" \/>\n<meta property=\"og:type\" content=\"article\" \/>\n<meta property=\"og:title\" content=\"Revelan Segundo Tirador en Caso Colosio\" \/>\n<meta property=\"og:description\" content=\"La FGR se\u00f1ala la existencia de elementos que respaldan la teor\u00eda de un 2do tirador en el asesinato de Colosio en Tijuana hace 30 a\u00f1os\" \/>\n<meta property=\"og:url\" content=\"https:\/\/grupohoymexico.com\/puebla\/2024\/01\/30\/revelan-segundo-tirador-en-caso-colosio\/\" \/>\n<meta property=\"og:site_name\" content=\"Grupo Hoy Puebla\" \/>\n<meta property=\"article:published_time\" content=\"2024-01-30T17:15:22+00:00\" \/>\n<meta property=\"og:image\" content=\"https:\/\/grupohoymexico.com\/puebla\/wp-content\/uploads\/sites\/3\/2024\/01\/62830609_1006.jpg\" \/>\n\t<meta property=\"og:image:width\" content=\"1600\" \/>\n\t<meta property=\"og:image:height\" content=\"700\" \/>\n\t<meta property=\"og:image:type\" content=\"image\/jpeg\" \/>\n<meta name=\"author\" content=\"user\" \/>\n<meta name=\"twitter:card\" content=\"summary_large_image\" \/>\n<meta name=\"twitter:label1\" content=\"Escrito por\" \/>\n\t<meta name=\"twitter:data1\" content=\"user\" \/>\n\t<meta name=\"twitter:label2\" content=\"Tiempo de lectura\" \/>\n\t<meta name=\"twitter:data2\" content=\"3 minutos\" \/>\n<script type=\"application\/ld+json\" class=\"yoast-schema-graph\">{\"@context\":\"https:\\\/\\\/schema.org\",\"@graph\":[{\"@type\":\"Article\",\"@id\":\"https:\\\/\\\/grupohoymexico.com\\\/puebla\\\/2024\\\/01\\\/30\\\/revelan-segundo-tirador-en-caso-colosio\\\/#article\",\"isPartOf\":{\"@id\":\"https:\\\/\\\/grupohoymexico.com\\\/puebla\\\/2024\\\/01\\\/30\\\/revelan-segundo-tirador-en-caso-colosio\\\/\"},\"author\":{\"name\":\"user\",\"@id\":\"https:\\\/\\\/grupohoymexico.com\\\/puebla\\\/#\\\/schema\\\/person\\\/ce6086ac837852775a3a4f539356c297\"},\"headline\":\"Revelan Segundo Tirador en Caso Colosio\",\"datePublished\":\"2024-01-30T17:15:22+00:00\",\"mainEntityOfPage\":{\"@id\":\"https:\\\/\\\/grupohoymexico.com\\\/puebla\\\/2024\\\/01\\\/30\\\/revelan-segundo-tirador-en-caso-colosio\\\/\"},\"wordCount\":485,\"commentCount\":0,\"image\":{\"@id\":\"https:\\\/\\\/grupohoymexico.com\\\/puebla\\\/2024\\\/01\\\/30\\\/revelan-segundo-tirador-en-caso-colosio\\\/#primaryimage\"},\"thumbnailUrl\":\"https:\\\/\\\/grupohoymexico.com\\\/puebla\\\/wp-content\\\/uploads\\\/sites\\\/3\\\/2024\\\/01\\\/62830609_1006.jpg\",\"articleSection\":[\"Nacional\"],\"inLanguage\":\"es\",\"potentialAction\":[{\"@type\":\"CommentAction\",\"name\":\"Comment\",\"target\":[\"https:\\\/\\\/grupohoymexico.com\\\/puebla\\\/2024\\\/01\\\/30\\\/revelan-segundo-tirador-en-caso-colosio\\\/#respond\"]}]},{\"@type\":\"WebPage\",\"@id\":\"https:\\\/\\\/grupohoymexico.com\\\/puebla\\\/2024\\\/01\\\/30\\\/revelan-segundo-tirador-en-caso-colosio\\\/\",\"url\":\"https:\\\/\\\/grupohoymexico.com\\\/puebla\\\/2024\\\/01\\\/30\\\/revelan-segundo-tirador-en-caso-colosio\\\/\",\"name\":\"Revelan Segundo Tirador en Caso Colosio\",\"isPartOf\":{\"@id\":\"https:\\\/\\\/grupohoymexico.com\\\/puebla\\\/#website\"},\"primaryImageOfPage\":{\"@id\":\"https:\\\/\\\/grupohoymexico.com\\\/puebla\\\/2024\\\/01\\\/30\\\/revelan-segundo-tirador-en-caso-colosio\\\/#primaryimage\"},\"image\":{\"@id\":\"https:\\\/\\\/grupohoymexico.com\\\/puebla\\\/2024\\\/01\\\/30\\\/revelan-segundo-tirador-en-caso-colosio\\\/#primaryimage\"},\"thumbnailUrl\":\"https:\\\/\\\/grupohoymexico.com\\\/puebla\\\/wp-content\\\/uploads\\\/sites\\\/3\\\/2024\\\/01\\\/62830609_1006.jpg\",\"datePublished\":\"2024-01-30T17:15:22+00:00\",\"author\":{\"@id\":\"https:\\\/\\\/grupohoymexico.com\\\/puebla\\\/#\\\/schema\\\/person\\\/ce6086ac837852775a3a4f539356c297\"},\"description\":\"La FGR se\u00f1ala la existencia de elementos que respaldan la teor\u00eda de un 2do tirador en el asesinato de Colosio en Tijuana hace 30 a\u00f1os\",\"breadcrumb\":{\"@id\":\"https:\\\/\\\/grupohoymexico.com\\\/puebla\\\/2024\\\/01\\\/30\\\/revelan-segundo-tirador-en-caso-colosio\\\/#breadcrumb\"},\"inLanguage\":\"es\",\"potentialAction\":[{\"@type\":\"ReadAction\",\"target\":[\"https:\\\/\\\/grupohoymexico.com\\\/puebla\\\/2024\\\/01\\\/30\\\/revelan-segundo-tirador-en-caso-colosio\\\/\"]}]},{\"@type\":\"ImageObject\",\"inLanguage\":\"es\",\"@id\":\"https:\\\/\\\/grupohoymexico.com\\\/puebla\\\/2024\\\/01\\\/30\\\/revelan-segundo-tirador-en-caso-colosio\\\/#primaryimage\",\"url\":\"https:\\\/\\\/grupohoymexico.com\\\/puebla\\\/wp-content\\\/uploads\\\/sites\\\/3\\\/2024\\\/01\\\/62830609_1006.jpg\",\"contentUrl\":\"https:\\\/\\\/grupohoymexico.com\\\/puebla\\\/wp-content\\\/uploads\\\/sites\\\/3\\\/2024\\\/01\\\/62830609_1006.jpg\",\"width\":1600,\"height\":700},{\"@type\":\"BreadcrumbList\",\"@id\":\"https:\\\/\\\/grupohoymexico.com\\\/puebla\\\/2024\\\/01\\\/30\\\/revelan-segundo-tirador-en-caso-colosio\\\/#breadcrumb\",\"itemListElement\":[{\"@type\":\"ListItem\",\"position\":1,\"name\":\"Inicio\",\"item\":\"https:\\\/\\\/grupohoymexico.com\\\/puebla\\\/\"},{\"@type\":\"ListItem\",\"position\":2,\"name\":\"Revelan Segundo Tirador en Caso Colosio\"}]},{\"@type\":\"WebSite\",\"@id\":\"https:\\\/\\\/grupohoymexico.com\\\/puebla\\\/#website\",\"url\":\"https:\\\/\\\/grupohoymexico.com\\\/puebla\\\/\",\"name\":\"Grupo Hoy Puebla\",\"description\":\"\",\"potentialAction\":[{\"@type\":\"SearchAction\",\"target\":{\"@type\":\"EntryPoint\",\"urlTemplate\":\"https:\\\/\\\/grupohoymexico.com\\\/puebla\\\/?s={search_term_string}\"},\"query-input\":{\"@type\":\"PropertyValueSpecification\",\"valueRequired\":true,\"valueName\":\"search_term_string\"}}],\"inLanguage\":\"es\"},{\"@type\":\"Person\",\"@id\":\"https:\\\/\\\/grupohoymexico.com\\\/puebla\\\/#\\\/schema\\\/person\\\/ce6086ac837852775a3a4f539356c297\",\"name\":\"user\",\"image\":{\"@type\":\"ImageObject\",\"inLanguage\":\"es\",\"@id\":\"https:\\\/\\\/secure.gravatar.com\\\/avatar\\\/25f78de4fa956f6f7c01f8d96f8087d8958ebe06d57e630cd54e36aefb9dacea?s=96&d=mm&r=g\",\"url\":\"https:\\\/\\\/secure.gravatar.com\\\/avatar\\\/25f78de4fa956f6f7c01f8d96f8087d8958ebe06d57e630cd54e36aefb9dacea?s=96&d=mm&r=g\",\"contentUrl\":\"https:\\\/\\\/secure.gravatar.com\\\/avatar\\\/25f78de4fa956f6f7c01f8d96f8087d8958ebe06d57e630cd54e36aefb9dacea?s=96&d=mm&r=g\",\"caption\":\"user\"},\"sameAs\":[\"http:\\\/\\\/44.197.188.197.nip.io\"],\"url\":\"https:\\\/\\\/grupohoymexico.com\\\/puebla\\\/author\\\/user\\\/\"}]}<\/script>\n<!-- \/ Yoast SEO Premium plugin. -->","yoast_head_json":{"title":"Revelan Segundo Tirador en Caso Colosio","description":"La FGR se\u00f1ala la existencia de elementos que respaldan la teor\u00eda de un 2do tirador en el asesinato de Colosio en Tijuana hace 30 a\u00f1os","robots":{"index":"index","follow":"follow","max-snippet":"max-snippet:-1","max-image-preview":"max-image-preview:large","max-video-preview":"max-video-preview:-1"},"canonical":"https:\/\/grupohoymexico.com\/puebla\/2024\/01\/30\/revelan-segundo-tirador-en-caso-colosio\/","og_locale":"es_MX","og_type":"article","og_title":"Revelan Segundo Tirador en Caso Colosio","og_description":"La FGR se\u00f1ala la existencia de elementos que respaldan la teor\u00eda de un 2do tirador en el asesinato de Colosio en Tijuana hace 30 a\u00f1os","og_url":"https:\/\/grupohoymexico.com\/puebla\/2024\/01\/30\/revelan-segundo-tirador-en-caso-colosio\/","og_site_name":"Grupo Hoy Puebla","article_published_time":"2024-01-30T17:15:22+00:00","og_image":[{"width":1600,"height":700,"url":"https:\/\/grupohoymexico.com\/puebla\/wp-content\/uploads\/sites\/3\/2024\/01\/62830609_1006.jpg","type":"image\/jpeg"}],"author":"user","twitter_card":"summary_large_image","twitter_misc":{"Escrito por":"user","Tiempo de lectura":"3 minutos"},"schema":{"@context":"https:\/\/schema.org","@graph":[{"@type":"Article","@id":"https:\/\/grupohoymexico.com\/puebla\/2024\/01\/30\/revelan-segundo-tirador-en-caso-colosio\/#article","isPartOf":{"@id":"https:\/\/grupohoymexico.com\/puebla\/2024\/01\/30\/revelan-segundo-tirador-en-caso-colosio\/"},"author":{"name":"user","@id":"https:\/\/grupohoymexico.com\/puebla\/#\/schema\/person\/ce6086ac837852775a3a4f539356c297"},"headline":"Revelan Segundo Tirador en Caso Colosio","datePublished":"2024-01-30T17:15:22+00:00","mainEntityOfPage":{"@id":"https:\/\/grupohoymexico.com\/puebla\/2024\/01\/30\/revelan-segundo-tirador-en-caso-colosio\/"},"wordCount":485,"commentCount":0,"image":{"@id":"https:\/\/grupohoymexico.com\/puebla\/2024\/01\/30\/revelan-segundo-tirador-en-caso-colosio\/#primaryimage"},"thumbnailUrl":"https:\/\/grupohoymexico.com\/puebla\/wp-content\/uploads\/sites\/3\/2024\/01\/62830609_1006.jpg","articleSection":["Nacional"],"inLanguage":"es","potentialAction":[{"@type":"CommentAction","name":"Comment","target":["https:\/\/grupohoymexico.com\/puebla\/2024\/01\/30\/revelan-segundo-tirador-en-caso-colosio\/#respond"]}]},{"@type":"WebPage","@id":"https:\/\/grupohoymexico.com\/puebla\/2024\/01\/30\/revelan-segundo-tirador-en-caso-colosio\/","url":"https:\/\/grupohoymexico.com\/puebla\/2024\/01\/30\/revelan-segundo-tirador-en-caso-colosio\/","name":"Revelan Segundo Tirador en Caso Colosio","isPartOf":{"@id":"https:\/\/grupohoymexico.com\/puebla\/#website"},"primaryImageOfPage":{"@id":"https:\/\/grupohoymexico.com\/puebla\/2024\/01\/30\/revelan-segundo-tirador-en-caso-colosio\/#primaryimage"},"image":{"@id":"https:\/\/grupohoymexico.com\/puebla\/2024\/01\/30\/revelan-segundo-tirador-en-caso-colosio\/#primaryimage"},"thumbnailUrl":"https:\/\/grupohoymexico.com\/puebla\/wp-content\/uploads\/sites\/3\/2024\/01\/62830609_1006.jpg","datePublished":"2024-01-30T17:15:22+00:00","author":{"@id":"https:\/\/grupohoymexico.com\/puebla\/#\/schema\/person\/ce6086ac837852775a3a4f539356c297"},"description":"La FGR se\u00f1ala la existencia de elementos que respaldan la teor\u00eda de un 2do tirador en el asesinato de Colosio en Tijuana hace 30 a\u00f1os","breadcrumb":{"@id":"https:\/\/grupohoymexico.com\/puebla\/2024\/01\/30\/revelan-segundo-tirador-en-caso-colosio\/#breadcrumb"},"inLanguage":"es","potentialAction":[{"@type":"ReadAction","target":["https:\/\/grupohoymexico.com\/puebla\/2024\/01\/30\/revelan-segundo-tirador-en-caso-colosio\/"]}]},{"@type":"ImageObject","inLanguage":"es","@id":"https:\/\/grupohoymexico.com\/puebla\/2024\/01\/30\/revelan-segundo-tirador-en-caso-colosio\/#primaryimage","url":"https:\/\/grupohoymexico.com\/puebla\/wp-content\/uploads\/sites\/3\/2024\/01\/62830609_1006.jpg","contentUrl":"https:\/\/grupohoymexico.com\/puebla\/wp-content\/uploads\/sites\/3\/2024\/01\/62830609_1006.jpg","width":1600,"height":700},{"@type":"BreadcrumbList","@id":"https:\/\/grupohoymexico.com\/puebla\/2024\/01\/30\/revelan-segundo-tirador-en-caso-colosio\/#breadcrumb","itemListElement":[{"@type":"ListItem","position":1,"name":"Inicio","item":"https:\/\/grupohoymexico.com\/puebla\/"},{"@type":"ListItem","position":2,"name":"Revelan Segundo Tirador en Caso Colosio"}]},{"@type":"WebSite","@id":"https:\/\/grupohoymexico.com\/puebla\/#website","url":"https:\/\/grupohoymexico.com\/puebla\/","name":"Grupo Hoy Puebla","description":"","potentialAction":[{"@type":"SearchAction","target":{"@type":"EntryPoint","urlTemplate":"https:\/\/grupohoymexico.com\/puebla\/?s={search_term_string}"},"query-input":{"@type":"PropertyValueSpecification","valueRequired":true,"valueName":"search_term_string"}}],"inLanguage":"es"},{"@type":"Person","@id":"https:\/\/grupohoymexico.com\/puebla\/#\/schema\/person\/ce6086ac837852775a3a4f539356c297","name":"user","image":{"@type":"ImageObject","inLanguage":"es","@id":"https:\/\/secure.gravatar.com\/avatar\/25f78de4fa956f6f7c01f8d96f8087d8958ebe06d57e630cd54e36aefb9dacea?s=96&d=mm&r=g","url":"https:\/\/secure.gravatar.com\/avatar\/25f78de4fa956f6f7c01f8d96f8087d8958ebe06d57e630cd54e36aefb9dacea?s=96&d=mm&r=g","contentUrl":"https:\/\/secure.gravatar.com\/avatar\/25f78de4fa956f6f7c01f8d96f8087d8958ebe06d57e630cd54e36aefb9dacea?s=96&d=mm&r=g","caption":"user"},"sameAs":["http:\/\/44.197.188.197.nip.io"],"url":"https:\/\/grupohoymexico.com\/puebla\/author\/user\/"}]}},"_links":{"self":[{"href":"https:\/\/grupohoymexico.com\/puebla\/wp-json\/wp\/v2\/posts\/65359","targetHints":{"allow":["GET"]}}],"collection":[{"href":"https:\/\/grupohoymexico.com\/puebla\/wp-json\/wp\/v2\/posts"}],"about":[{"href":"https:\/\/grupohoymexico.com\/puebla\/wp-json\/wp\/v2\/types\/post"}],"author":[{"embeddable":true,"href":"https:\/\/grupohoymexico.com\/puebla\/wp-json\/wp\/v2\/users\/1"}],"replies":[{"embeddable":true,"href":"https:\/\/grupohoymexico.com\/puebla\/wp-json\/wp\/v2\/comments?post=65359"}],"version-history":[{"count":0,"href":"https:\/\/grupohoymexico.com\/puebla\/wp-json\/wp\/v2\/posts\/65359\/revisions"}],"wp:featuredmedia":[{"embeddable":true,"href":"https:\/\/grupohoymexico.com\/puebla\/wp-json\/wp\/v2\/media\/65360"}],"wp:attachment":[{"href":"https:\/\/grupohoymexico.com\/puebla\/wp-json\/wp\/v2\/media?parent=65359"}],"wp:term":[{"taxonomy":"category","embeddable":true,"href":"https:\/\/grupohoymexico.com\/puebla\/wp-json\/wp\/v2\/categories?post=65359"},{"taxonomy":"post_tag","embeddable":true,"href":"https:\/\/grupohoymexico.com\/puebla\/wp-json\/wp\/v2\/tags?post=65359"}],"curies":[{"name":"wp","href":"https:\/\/api.w.org\/{rel}","templated":true}]}}