{"id":65342,"date":"2024-01-28T13:29:32","date_gmt":"2024-01-28T19:29:32","guid":{"rendered":"https:\/\/pueblahoy.com.mx\/?p=65342"},"modified":"2024-01-28T13:29:32","modified_gmt":"2024-01-28T19:29:32","slug":"alejandro-rojas-diaz-duran-renuncia-a-morena","status":"publish","type":"post","link":"https:\/\/grupohoymexico.com\/puebla\/2024\/01\/28\/alejandro-rojas-diaz-duran-renuncia-a-morena\/","title":{"rendered":"Alejandro Rojas D\u00edaz Dur\u00e1n renuncia a Morena"},"content":{"rendered":"<p>Alejandro Rojas D\u00edaz Dur\u00e1n renuncia a Morena, denunciando la Cuarta Transformaci\u00f3n como una &#8220;cuarta traici\u00f3n a M\u00e9xico&#8221;<\/p>\n<p>En un comunicado difundido a trav\u00e9s de un video en redes sociales, el senador suplente Alejandro Rojas D\u00edaz Dur\u00e1n anunci\u00f3 su renuncia al partido Morena, argumentando que la Cuarta Transformaci\u00f3n (4T) est\u00e1 desviando a M\u00e9xico hacia un r\u00e9gimen autoritario, antidemocr\u00e1tico y militarista.<\/p>\n<p>En sus declaraciones, Rojas D\u00edaz Dur\u00e1n expres\u00f3 su decisi\u00f3n de abandonar Morena debido a lo que considera una persistente desviaci\u00f3n de los principios, compromisos y promesas incluidos en el Proyecto de Naci\u00f3n que fue jurado cumplir durante las elecciones de 2018. Afirm\u00f3 que el presidente Andr\u00e9s Manuel L\u00f3pez Obrador, la doctora <a href=\"https:\/\/pueblahoy.com.mx\/claudia-sheinbaum-candidata-oficial-de-morena\/\">Claudia Sheinbaum<\/a> y <a href=\"https:\/\/www.consejonacionalmorena.mx\/\">Morena<\/a> est\u00e1n alej\u00e1ndose de los ideales que originalmente inspiraron el movimiento.<\/p>\n<h1>La Cuarta Transformaci\u00f3n representa la &#8220;cuarta traici\u00f3n&#8221;<\/h1>\n<p>El senador suplente se\u00f1al\u00f3 que la Cuarta Transformaci\u00f3n representa la &#8220;cuarta traici\u00f3n&#8221; al pueblo mexicano, acusando a la actual administraci\u00f3n de propiciar un r\u00e9gimen que tiende hacia la autoritariedad, la falta de democracia y el militarismo. Rojas D\u00edaz Dur\u00e1n destac\u00f3 que millones de mexicanos votaron en 2018 con la expectativa de construir un presidencialismo democr\u00e1tico, no uno absolutista, y critic\u00f3 la presunta intenci\u00f3n de debilitar la divisi\u00f3n de poderes para consolidar un presidencialismo dominante.<\/p>\n<p>Asimismo, el exmiembro de Morena indic\u00f3 que el presidente L\u00f3pez Obrador ha decepcionado al pueblo mexicano al militarizar la vida p\u00fablica del pa\u00eds, desvi\u00e1ndose de la estrategia de &#8220;abrazos, no balazos&#8221; para pacificar la naci\u00f3n. Rojas D\u00edaz Dur\u00e1n expres\u00f3 su rechazo a ser c\u00f3mplice en la consolidaci\u00f3n de un r\u00e9gimen cuasi estalinista, donde se limita la libertad de expresi\u00f3n y se ataca a periodistas e investigaciones cr\u00edticas sobre la corrupci\u00f3n gubernamental.<\/p>\n<p>En su declaraci\u00f3n de renuncia, el senador suplente hizo un llamado a la refundaci\u00f3n de M\u00e9xico y advirti\u00f3 sobre la necesidad de evitar una elecci\u00f3n de Estado. Afirm\u00f3 que, a pesar de los esfuerzos del gobierno y de Morena por controlar el proceso electoral, el pueblo mexicano se levantar\u00e1 a trav\u00e9s del voto para restablecer los valores de libertad, justicia, democracia, estado de derecho y reconciliaci\u00f3n entre los ciudadanos.<\/p>\n","protected":false},"excerpt":{"rendered":"Alejandro Rojas D\u00edaz Dur\u00e1n renuncia a Morena, denunciando la Cuarta Transformaci\u00f3n como una &#8220;cuarta traici\u00f3n a M\u00e9xico&#8221; En&hellip;","protected":false},"author":1,"featured_media":65343,"comment_status":"open","ping_status":"closed","sticky":false,"template":"","format":"standard","meta":{"csco_display_header_overlay":false,"csco_singular_sidebar":"","csco_page_header_type":"","csco_page_load_nextpost":"","csco_post_video_location":[],"csco_post_video_location_hash":"","csco_post_video_url":"","csco_post_video_bg_start_time":0,"csco_post_video_bg_end_time":0,"footnotes":""},"categories":[28],"tags":[33],"class_list":{"0":"post-65342","1":"post","2":"type-post","3":"status-publish","4":"format-standard","5":"has-post-thumbnail","7":"category-nacional","8":"tag-politica","9":"cs-entry","10":"cs-video-wrap"},"yoast_head":"<!-- This site is optimized with the Yoast SEO Premium plugin v24.7 (Yoast SEO v27.4) - https:\/\/yoast.com\/product\/yoast-seo-premium-wordpress\/ -->\n<title>Alejandro Rojas D\u00edaz Dur\u00e1n renuncia a Morena - Grupo Hoy Puebla<\/title>\n<meta name=\"description\" content=\"Alejandro Rojas D\u00edaz Dur\u00e1n renuncia a Morena, denunciando la Cuarta Transformaci\u00f3n como una &quot;cuarta traici\u00f3n a M\u00e9xico&quot;\" \/>\n<meta name=\"robots\" content=\"index, follow, max-snippet:-1, max-image-preview:large, max-video-preview:-1\" \/>\n<link rel=\"canonical\" href=\"https:\/\/grupohoymexico.com\/puebla\/2024\/01\/28\/alejandro-rojas-diaz-duran-renuncia-a-morena\/\" \/>\n<meta property=\"og:locale\" content=\"es_MX\" \/>\n<meta property=\"og:type\" content=\"article\" \/>\n<meta property=\"og:title\" content=\"Alejandro Rojas D\u00edaz Dur\u00e1n renuncia a Morena\" \/>\n<meta property=\"og:description\" content=\"Alejandro Rojas D\u00edaz Dur\u00e1n renuncia a Morena, denunciando la Cuarta Transformaci\u00f3n como una &quot;cuarta traici\u00f3n a M\u00e9xico&quot;\" \/>\n<meta property=\"og:url\" content=\"https:\/\/grupohoymexico.com\/puebla\/2024\/01\/28\/alejandro-rojas-diaz-duran-renuncia-a-morena\/\" \/>\n<meta property=\"og:site_name\" content=\"Grupo Hoy Puebla\" \/>\n<meta property=\"article:published_time\" content=\"2024-01-28T19:29:32+00:00\" \/>\n<meta property=\"og:image\" content=\"https:\/\/grupohoymexico.com\/puebla\/wp-content\/uploads\/sites\/3\/2024\/01\/image-3.jpeg\" \/>\n\t<meta property=\"og:image:width\" content=\"1100\" \/>\n\t<meta property=\"og:image:height\" content=\"666\" \/>\n\t<meta property=\"og:image:type\" content=\"image\/jpeg\" \/>\n<meta name=\"author\" content=\"user\" \/>\n<meta name=\"twitter:card\" content=\"summary_large_image\" \/>\n<meta name=\"twitter:label1\" content=\"Escrito por\" \/>\n\t<meta name=\"twitter:data1\" content=\"user\" \/>\n\t<meta name=\"twitter:label2\" content=\"Tiempo de lectura\" \/>\n\t<meta name=\"twitter:data2\" content=\"2 minutos\" \/>\n<script type=\"application\/ld+json\" class=\"yoast-schema-graph\">{\"@context\":\"https:\\\/\\\/schema.org\",\"@graph\":[{\"@type\":\"Article\",\"@id\":\"https:\\\/\\\/grupohoymexico.com\\\/puebla\\\/2024\\\/01\\\/28\\\/alejandro-rojas-diaz-duran-renuncia-a-morena\\\/#article\",\"isPartOf\":{\"@id\":\"https:\\\/\\\/grupohoymexico.com\\\/puebla\\\/2024\\\/01\\\/28\\\/alejandro-rojas-diaz-duran-renuncia-a-morena\\\/\"},\"author\":{\"name\":\"user\",\"@id\":\"https:\\\/\\\/grupohoymexico.com\\\/puebla\\\/#\\\/schema\\\/person\\\/ce6086ac837852775a3a4f539356c297\"},\"headline\":\"Alejandro Rojas D\u00edaz Dur\u00e1n renuncia a Morena\",\"datePublished\":\"2024-01-28T19:29:32+00:00\",\"mainEntityOfPage\":{\"@id\":\"https:\\\/\\\/grupohoymexico.com\\\/puebla\\\/2024\\\/01\\\/28\\\/alejandro-rojas-diaz-duran-renuncia-a-morena\\\/\"},\"wordCount\":404,\"commentCount\":0,\"image\":{\"@id\":\"https:\\\/\\\/grupohoymexico.com\\\/puebla\\\/2024\\\/01\\\/28\\\/alejandro-rojas-diaz-duran-renuncia-a-morena\\\/#primaryimage\"},\"thumbnailUrl\":\"https:\\\/\\\/grupohoymexico.com\\\/puebla\\\/wp-content\\\/uploads\\\/sites\\\/3\\\/2024\\\/01\\\/image-3.jpeg\",\"keywords\":[\"Pol\u00edtica\"],\"articleSection\":[\"Nacional\"],\"inLanguage\":\"es\",\"potentialAction\":[{\"@type\":\"CommentAction\",\"name\":\"Comment\",\"target\":[\"https:\\\/\\\/grupohoymexico.com\\\/puebla\\\/2024\\\/01\\\/28\\\/alejandro-rojas-diaz-duran-renuncia-a-morena\\\/#respond\"]}]},{\"@type\":\"WebPage\",\"@id\":\"https:\\\/\\\/grupohoymexico.com\\\/puebla\\\/2024\\\/01\\\/28\\\/alejandro-rojas-diaz-duran-renuncia-a-morena\\\/\",\"url\":\"https:\\\/\\\/grupohoymexico.com\\\/puebla\\\/2024\\\/01\\\/28\\\/alejandro-rojas-diaz-duran-renuncia-a-morena\\\/\",\"name\":\"Alejandro Rojas D\u00edaz Dur\u00e1n renuncia a Morena - Grupo Hoy Puebla\",\"isPartOf\":{\"@id\":\"https:\\\/\\\/grupohoymexico.com\\\/puebla\\\/#website\"},\"primaryImageOfPage\":{\"@id\":\"https:\\\/\\\/grupohoymexico.com\\\/puebla\\\/2024\\\/01\\\/28\\\/alejandro-rojas-diaz-duran-renuncia-a-morena\\\/#primaryimage\"},\"image\":{\"@id\":\"https:\\\/\\\/grupohoymexico.com\\\/puebla\\\/2024\\\/01\\\/28\\\/alejandro-rojas-diaz-duran-renuncia-a-morena\\\/#primaryimage\"},\"thumbnailUrl\":\"https:\\\/\\\/grupohoymexico.com\\\/puebla\\\/wp-content\\\/uploads\\\/sites\\\/3\\\/2024\\\/01\\\/image-3.jpeg\",\"datePublished\":\"2024-01-28T19:29:32+00:00\",\"author\":{\"@id\":\"https:\\\/\\\/grupohoymexico.com\\\/puebla\\\/#\\\/schema\\\/person\\\/ce6086ac837852775a3a4f539356c297\"},\"description\":\"Alejandro Rojas D\u00edaz Dur\u00e1n renuncia a Morena, denunciando la Cuarta Transformaci\u00f3n como una \\\"cuarta traici\u00f3n a M\u00e9xico\\\"\",\"breadcrumb\":{\"@id\":\"https:\\\/\\\/grupohoymexico.com\\\/puebla\\\/2024\\\/01\\\/28\\\/alejandro-rojas-diaz-duran-renuncia-a-morena\\\/#breadcrumb\"},\"inLanguage\":\"es\",\"potentialAction\":[{\"@type\":\"ReadAction\",\"target\":[\"https:\\\/\\\/grupohoymexico.com\\\/puebla\\\/2024\\\/01\\\/28\\\/alejandro-rojas-diaz-duran-renuncia-a-morena\\\/\"]}]},{\"@type\":\"ImageObject\",\"inLanguage\":\"es\",\"@id\":\"https:\\\/\\\/grupohoymexico.com\\\/puebla\\\/2024\\\/01\\\/28\\\/alejandro-rojas-diaz-duran-renuncia-a-morena\\\/#primaryimage\",\"url\":\"https:\\\/\\\/grupohoymexico.com\\\/puebla\\\/wp-content\\\/uploads\\\/sites\\\/3\\\/2024\\\/01\\\/image-3.jpeg\",\"contentUrl\":\"https:\\\/\\\/grupohoymexico.com\\\/puebla\\\/wp-content\\\/uploads\\\/sites\\\/3\\\/2024\\\/01\\\/image-3.jpeg\",\"width\":1100,\"height\":666},{\"@type\":\"BreadcrumbList\",\"@id\":\"https:\\\/\\\/grupohoymexico.com\\\/puebla\\\/2024\\\/01\\\/28\\\/alejandro-rojas-diaz-duran-renuncia-a-morena\\\/#breadcrumb\",\"itemListElement\":[{\"@type\":\"ListItem\",\"position\":1,\"name\":\"Inicio\",\"item\":\"https:\\\/\\\/grupohoymexico.com\\\/puebla\\\/\"},{\"@type\":\"ListItem\",\"position\":2,\"name\":\"Alejandro Rojas D\u00edaz Dur\u00e1n renuncia a Morena\"}]},{\"@type\":\"WebSite\",\"@id\":\"https:\\\/\\\/grupohoymexico.com\\\/puebla\\\/#website\",\"url\":\"https:\\\/\\\/grupohoymexico.com\\\/puebla\\\/\",\"name\":\"Grupo Hoy Puebla\",\"description\":\"\",\"potentialAction\":[{\"@type\":\"SearchAction\",\"target\":{\"@type\":\"EntryPoint\",\"urlTemplate\":\"https:\\\/\\\/grupohoymexico.com\\\/puebla\\\/?s={search_term_string}\"},\"query-input\":{\"@type\":\"PropertyValueSpecification\",\"valueRequired\":true,\"valueName\":\"search_term_string\"}}],\"inLanguage\":\"es\"},{\"@type\":\"Person\",\"@id\":\"https:\\\/\\\/grupohoymexico.com\\\/puebla\\\/#\\\/schema\\\/person\\\/ce6086ac837852775a3a4f539356c297\",\"name\":\"user\",\"image\":{\"@type\":\"ImageObject\",\"inLanguage\":\"es\",\"@id\":\"https:\\\/\\\/secure.gravatar.com\\\/avatar\\\/25f78de4fa956f6f7c01f8d96f8087d8958ebe06d57e630cd54e36aefb9dacea?s=96&d=mm&r=g\",\"url\":\"https:\\\/\\\/secure.gravatar.com\\\/avatar\\\/25f78de4fa956f6f7c01f8d96f8087d8958ebe06d57e630cd54e36aefb9dacea?s=96&d=mm&r=g\",\"contentUrl\":\"https:\\\/\\\/secure.gravatar.com\\\/avatar\\\/25f78de4fa956f6f7c01f8d96f8087d8958ebe06d57e630cd54e36aefb9dacea?s=96&d=mm&r=g\",\"caption\":\"user\"},\"sameAs\":[\"http:\\\/\\\/44.197.188.197.nip.io\"],\"url\":\"https:\\\/\\\/grupohoymexico.com\\\/puebla\\\/author\\\/user\\\/\"}]}<\/script>\n<!-- \/ Yoast SEO Premium plugin. -->","yoast_head_json":{"title":"Alejandro Rojas D\u00edaz Dur\u00e1n renuncia a Morena - Grupo Hoy Puebla","description":"Alejandro Rojas D\u00edaz Dur\u00e1n renuncia a Morena, denunciando la Cuarta Transformaci\u00f3n como una \"cuarta traici\u00f3n a M\u00e9xico\"","robots":{"index":"index","follow":"follow","max-snippet":"max-snippet:-1","max-image-preview":"max-image-preview:large","max-video-preview":"max-video-preview:-1"},"canonical":"https:\/\/grupohoymexico.com\/puebla\/2024\/01\/28\/alejandro-rojas-diaz-duran-renuncia-a-morena\/","og_locale":"es_MX","og_type":"article","og_title":"Alejandro Rojas D\u00edaz Dur\u00e1n renuncia a Morena","og_description":"Alejandro Rojas D\u00edaz Dur\u00e1n renuncia a Morena, denunciando la Cuarta Transformaci\u00f3n como una \"cuarta traici\u00f3n a M\u00e9xico\"","og_url":"https:\/\/grupohoymexico.com\/puebla\/2024\/01\/28\/alejandro-rojas-diaz-duran-renuncia-a-morena\/","og_site_name":"Grupo Hoy Puebla","article_published_time":"2024-01-28T19:29:32+00:00","og_image":[{"width":1100,"height":666,"url":"https:\/\/grupohoymexico.com\/puebla\/wp-content\/uploads\/sites\/3\/2024\/01\/image-3.jpeg","type":"image\/jpeg"}],"author":"user","twitter_card":"summary_large_image","twitter_misc":{"Escrito por":"user","Tiempo de lectura":"2 minutos"},"schema":{"@context":"https:\/\/schema.org","@graph":[{"@type":"Article","@id":"https:\/\/grupohoymexico.com\/puebla\/2024\/01\/28\/alejandro-rojas-diaz-duran-renuncia-a-morena\/#article","isPartOf":{"@id":"https:\/\/grupohoymexico.com\/puebla\/2024\/01\/28\/alejandro-rojas-diaz-duran-renuncia-a-morena\/"},"author":{"name":"user","@id":"https:\/\/grupohoymexico.com\/puebla\/#\/schema\/person\/ce6086ac837852775a3a4f539356c297"},"headline":"Alejandro Rojas D\u00edaz Dur\u00e1n renuncia a Morena","datePublished":"2024-01-28T19:29:32+00:00","mainEntityOfPage":{"@id":"https:\/\/grupohoymexico.com\/puebla\/2024\/01\/28\/alejandro-rojas-diaz-duran-renuncia-a-morena\/"},"wordCount":404,"commentCount":0,"image":{"@id":"https:\/\/grupohoymexico.com\/puebla\/2024\/01\/28\/alejandro-rojas-diaz-duran-renuncia-a-morena\/#primaryimage"},"thumbnailUrl":"https:\/\/grupohoymexico.com\/puebla\/wp-content\/uploads\/sites\/3\/2024\/01\/image-3.jpeg","keywords":["Pol\u00edtica"],"articleSection":["Nacional"],"inLanguage":"es","potentialAction":[{"@type":"CommentAction","name":"Comment","target":["https:\/\/grupohoymexico.com\/puebla\/2024\/01\/28\/alejandro-rojas-diaz-duran-renuncia-a-morena\/#respond"]}]},{"@type":"WebPage","@id":"https:\/\/grupohoymexico.com\/puebla\/2024\/01\/28\/alejandro-rojas-diaz-duran-renuncia-a-morena\/","url":"https:\/\/grupohoymexico.com\/puebla\/2024\/01\/28\/alejandro-rojas-diaz-duran-renuncia-a-morena\/","name":"Alejandro Rojas D\u00edaz Dur\u00e1n renuncia a Morena - Grupo Hoy Puebla","isPartOf":{"@id":"https:\/\/grupohoymexico.com\/puebla\/#website"},"primaryImageOfPage":{"@id":"https:\/\/grupohoymexico.com\/puebla\/2024\/01\/28\/alejandro-rojas-diaz-duran-renuncia-a-morena\/#primaryimage"},"image":{"@id":"https:\/\/grupohoymexico.com\/puebla\/2024\/01\/28\/alejandro-rojas-diaz-duran-renuncia-a-morena\/#primaryimage"},"thumbnailUrl":"https:\/\/grupohoymexico.com\/puebla\/wp-content\/uploads\/sites\/3\/2024\/01\/image-3.jpeg","datePublished":"2024-01-28T19:29:32+00:00","author":{"@id":"https:\/\/grupohoymexico.com\/puebla\/#\/schema\/person\/ce6086ac837852775a3a4f539356c297"},"description":"Alejandro Rojas D\u00edaz Dur\u00e1n renuncia a Morena, denunciando la Cuarta Transformaci\u00f3n como una \"cuarta traici\u00f3n a M\u00e9xico\"","breadcrumb":{"@id":"https:\/\/grupohoymexico.com\/puebla\/2024\/01\/28\/alejandro-rojas-diaz-duran-renuncia-a-morena\/#breadcrumb"},"inLanguage":"es","potentialAction":[{"@type":"ReadAction","target":["https:\/\/grupohoymexico.com\/puebla\/2024\/01\/28\/alejandro-rojas-diaz-duran-renuncia-a-morena\/"]}]},{"@type":"ImageObject","inLanguage":"es","@id":"https:\/\/grupohoymexico.com\/puebla\/2024\/01\/28\/alejandro-rojas-diaz-duran-renuncia-a-morena\/#primaryimage","url":"https:\/\/grupohoymexico.com\/puebla\/wp-content\/uploads\/sites\/3\/2024\/01\/image-3.jpeg","contentUrl":"https:\/\/grupohoymexico.com\/puebla\/wp-content\/uploads\/sites\/3\/2024\/01\/image-3.jpeg","width":1100,"height":666},{"@type":"BreadcrumbList","@id":"https:\/\/grupohoymexico.com\/puebla\/2024\/01\/28\/alejandro-rojas-diaz-duran-renuncia-a-morena\/#breadcrumb","itemListElement":[{"@type":"ListItem","position":1,"name":"Inicio","item":"https:\/\/grupohoymexico.com\/puebla\/"},{"@type":"ListItem","position":2,"name":"Alejandro Rojas D\u00edaz Dur\u00e1n renuncia a Morena"}]},{"@type":"WebSite","@id":"https:\/\/grupohoymexico.com\/puebla\/#website","url":"https:\/\/grupohoymexico.com\/puebla\/","name":"Grupo Hoy Puebla","description":"","potentialAction":[{"@type":"SearchAction","target":{"@type":"EntryPoint","urlTemplate":"https:\/\/grupohoymexico.com\/puebla\/?s={search_term_string}"},"query-input":{"@type":"PropertyValueSpecification","valueRequired":true,"valueName":"search_term_string"}}],"inLanguage":"es"},{"@type":"Person","@id":"https:\/\/grupohoymexico.com\/puebla\/#\/schema\/person\/ce6086ac837852775a3a4f539356c297","name":"user","image":{"@type":"ImageObject","inLanguage":"es","@id":"https:\/\/secure.gravatar.com\/avatar\/25f78de4fa956f6f7c01f8d96f8087d8958ebe06d57e630cd54e36aefb9dacea?s=96&d=mm&r=g","url":"https:\/\/secure.gravatar.com\/avatar\/25f78de4fa956f6f7c01f8d96f8087d8958ebe06d57e630cd54e36aefb9dacea?s=96&d=mm&r=g","contentUrl":"https:\/\/secure.gravatar.com\/avatar\/25f78de4fa956f6f7c01f8d96f8087d8958ebe06d57e630cd54e36aefb9dacea?s=96&d=mm&r=g","caption":"user"},"sameAs":["http:\/\/44.197.188.197.nip.io"],"url":"https:\/\/grupohoymexico.com\/puebla\/author\/user\/"}]}},"_links":{"self":[{"href":"https:\/\/grupohoymexico.com\/puebla\/wp-json\/wp\/v2\/posts\/65342","targetHints":{"allow":["GET"]}}],"collection":[{"href":"https:\/\/grupohoymexico.com\/puebla\/wp-json\/wp\/v2\/posts"}],"about":[{"href":"https:\/\/grupohoymexico.com\/puebla\/wp-json\/wp\/v2\/types\/post"}],"author":[{"embeddable":true,"href":"https:\/\/grupohoymexico.com\/puebla\/wp-json\/wp\/v2\/users\/1"}],"replies":[{"embeddable":true,"href":"https:\/\/grupohoymexico.com\/puebla\/wp-json\/wp\/v2\/comments?post=65342"}],"version-history":[{"count":0,"href":"https:\/\/grupohoymexico.com\/puebla\/wp-json\/wp\/v2\/posts\/65342\/revisions"}],"wp:featuredmedia":[{"embeddable":true,"href":"https:\/\/grupohoymexico.com\/puebla\/wp-json\/wp\/v2\/media\/65343"}],"wp:attachment":[{"href":"https:\/\/grupohoymexico.com\/puebla\/wp-json\/wp\/v2\/media?parent=65342"}],"wp:term":[{"taxonomy":"category","embeddable":true,"href":"https:\/\/grupohoymexico.com\/puebla\/wp-json\/wp\/v2\/categories?post=65342"},{"taxonomy":"post_tag","embeddable":true,"href":"https:\/\/grupohoymexico.com\/puebla\/wp-json\/wp\/v2\/tags?post=65342"}],"curies":[{"name":"wp","href":"https:\/\/api.w.org\/{rel}","templated":true}]}}