{"id":65326,"date":"2024-01-25T10:38:58","date_gmt":"2024-01-25T16:38:58","guid":{"rendered":"https:\/\/pueblahoy.com.mx\/?p=65326"},"modified":"2024-01-25T10:38:58","modified_gmt":"2024-01-25T16:38:58","slug":"sheinbaum-destaca-reduccion-en-percepcion-de-inseguridad","status":"publish","type":"post","link":"https:\/\/grupohoymexico.com\/puebla\/2024\/01\/25\/sheinbaum-destaca-reduccion-en-percepcion-de-inseguridad\/","title":{"rendered":"Sheinbaum destaca reducci\u00f3n en percepci\u00f3n de inseguridad"},"content":{"rendered":"<p>En el marco de la intercampa\u00f1a y a trav\u00e9s de sus plataformas en redes sociales, Claudia Sheinbaum, la virtual candidata presidencial oficialista, se pronunci\u00f3 sobre los logros en materia de percepci\u00f3n de seguridad durante su gesti\u00f3n como Jefa de Gobierno en la <a href=\"https:\/\/www.mexicohoy.mx\/estados\/clara-brugada-intensifica-campana-en-la-ciudad-de-mexico\/\">Ciudad de M\u00e9xico<\/a>.<\/p>\n<p>En un encuentro virtual con seguidores y ciudadanos, la pol\u00edtica abord\u00f3 temas como educaci\u00f3n y seguridad, al mismo tiempo que alert\u00f3 sobre un video fraudulento de Inteligencia Artificial en el que se le atribu\u00eda la solicitud de fondos para supuestas inversiones, anunciando la presentaci\u00f3n de una denuncia penal al respecto.<\/p>\n<p>Sheinbaum se refiri\u00f3 a la Encuesta Nacional de Percepci\u00f3n de Inseguridad realizada por el <a href=\"https:\/\/pueblahoy.com.mx\/actividad-industrial-crece-0-4-en-octubre-inegi\/\">INEGI<\/a>, destacando la disminuci\u00f3n significativa en la sensaci\u00f3n de inseguridad entre los habitantes de la capital mexicana durante su administraci\u00f3n.<\/p>\n<p>Seg\u00fan los datos proporcionados, en el primer trimestre de 2018, el 92.3% de las personas se sent\u00edan inseguras en la Ciudad de M\u00e9xico. En contraste, la \u00faltima medici\u00f3n reflej\u00f3 una reducci\u00f3n importante, situando la percepci\u00f3n de inseguridad en un 55.3%.<\/p>\n<p>&#8220;Logramos una reducci\u00f3n del 50% en los delitos dolosos al cierre del 2022&#8221;, se\u00f1al\u00f3 la Exjefa de Gobierno. Anticip\u00f3 que a\u00fan no se han analizado los datos correspondientes al cierre del 2023, pero expres\u00f3 optimismo respecto a la continuaci\u00f3n de la tendencia positiva en la seguridad p\u00fablica.<\/p>\n<p>Adem\u00e1s de resaltar los avances en seguridad, Claudia Sheinbaum abord\u00f3 otros temas relevantes durante el encuentro virtual, como la educaci\u00f3n, reafirmando su compromiso con el desarrollo integral de la sociedad.<\/p>\n","protected":false},"excerpt":{"rendered":"En el marco de la intercampa\u00f1a y a trav\u00e9s de sus plataformas en redes sociales, Claudia Sheinbaum, la&hellip;","protected":false},"author":1,"featured_media":65327,"comment_status":"open","ping_status":"closed","sticky":false,"template":"","format":"standard","meta":{"csco_display_header_overlay":false,"csco_singular_sidebar":"","csco_page_header_type":"","csco_page_load_nextpost":"","csco_post_video_location":[],"csco_post_video_location_hash":"","csco_post_video_url":"","csco_post_video_bg_start_time":0,"csco_post_video_bg_end_time":0,"footnotes":""},"categories":[28],"tags":[],"class_list":{"0":"post-65326","1":"post","2":"type-post","3":"status-publish","4":"format-standard","5":"has-post-thumbnail","7":"category-nacional","8":"cs-entry","9":"cs-video-wrap"},"yoast_head":"<!-- This site is optimized with the Yoast SEO Premium plugin v24.7 (Yoast SEO v27.4) - https:\/\/yoast.com\/product\/yoast-seo-premium-wordpress\/ -->\n<title>Sheinbaum destaca reducci\u00f3n en percepci\u00f3n de inseguridad - Grupo Hoy Puebla<\/title>\n<meta name=\"description\" content=\"A trav\u00e9s de sus plataformas en redes sociales, Claudia Sheinbaum, se pronunci\u00f3 sobre los logros en materia de percepci\u00f3n de seguridad.\" \/>\n<meta name=\"robots\" content=\"index, follow, max-snippet:-1, max-image-preview:large, max-video-preview:-1\" \/>\n<link rel=\"canonical\" href=\"https:\/\/grupohoymexico.com\/puebla\/2024\/01\/25\/sheinbaum-destaca-reduccion-en-percepcion-de-inseguridad\/\" \/>\n<meta property=\"og:locale\" content=\"es_MX\" \/>\n<meta property=\"og:type\" content=\"article\" \/>\n<meta property=\"og:title\" content=\"Sheinbaum destaca reducci\u00f3n en percepci\u00f3n de inseguridad\" \/>\n<meta property=\"og:description\" content=\"A trav\u00e9s de sus plataformas en redes sociales, Claudia Sheinbaum, se pronunci\u00f3 sobre los logros en materia de percepci\u00f3n de seguridad.\" \/>\n<meta property=\"og:url\" content=\"https:\/\/grupohoymexico.com\/puebla\/2024\/01\/25\/sheinbaum-destaca-reduccion-en-percepcion-de-inseguridad\/\" \/>\n<meta property=\"og:site_name\" content=\"Grupo Hoy Puebla\" \/>\n<meta property=\"article:published_time\" content=\"2024-01-25T16:38:58+00:00\" \/>\n<meta property=\"og:image\" content=\"https:\/\/grupohoymexico.com\/puebla\/wp-content\/uploads\/sites\/3\/2024\/01\/claudia-sheinbaum-candidata-quien-es-7-1024x683-1.jpg\" \/>\n\t<meta property=\"og:image:width\" content=\"1024\" \/>\n\t<meta property=\"og:image:height\" content=\"683\" \/>\n\t<meta property=\"og:image:type\" content=\"image\/jpeg\" \/>\n<meta name=\"author\" content=\"user\" \/>\n<meta name=\"twitter:card\" content=\"summary_large_image\" \/>\n<meta name=\"twitter:label1\" content=\"Escrito por\" \/>\n\t<meta name=\"twitter:data1\" content=\"user\" \/>\n\t<meta name=\"twitter:label2\" content=\"Tiempo de lectura\" \/>\n\t<meta name=\"twitter:data2\" content=\"2 minutos\" \/>\n<script type=\"application\/ld+json\" class=\"yoast-schema-graph\">{\"@context\":\"https:\\\/\\\/schema.org\",\"@graph\":[{\"@type\":\"Article\",\"@id\":\"https:\\\/\\\/grupohoymexico.com\\\/puebla\\\/2024\\\/01\\\/25\\\/sheinbaum-destaca-reduccion-en-percepcion-de-inseguridad\\\/#article\",\"isPartOf\":{\"@id\":\"https:\\\/\\\/grupohoymexico.com\\\/puebla\\\/2024\\\/01\\\/25\\\/sheinbaum-destaca-reduccion-en-percepcion-de-inseguridad\\\/\"},\"author\":{\"name\":\"user\",\"@id\":\"https:\\\/\\\/grupohoymexico.com\\\/puebla\\\/#\\\/schema\\\/person\\\/ce6086ac837852775a3a4f539356c297\"},\"headline\":\"Sheinbaum destaca reducci\u00f3n en percepci\u00f3n de inseguridad\",\"datePublished\":\"2024-01-25T16:38:58+00:00\",\"mainEntityOfPage\":{\"@id\":\"https:\\\/\\\/grupohoymexico.com\\\/puebla\\\/2024\\\/01\\\/25\\\/sheinbaum-destaca-reduccion-en-percepcion-de-inseguridad\\\/\"},\"wordCount\":275,\"commentCount\":0,\"image\":{\"@id\":\"https:\\\/\\\/grupohoymexico.com\\\/puebla\\\/2024\\\/01\\\/25\\\/sheinbaum-destaca-reduccion-en-percepcion-de-inseguridad\\\/#primaryimage\"},\"thumbnailUrl\":\"https:\\\/\\\/grupohoymexico.com\\\/puebla\\\/wp-content\\\/uploads\\\/sites\\\/3\\\/2024\\\/01\\\/claudia-sheinbaum-candidata-quien-es-7-1024x683-1.jpg\",\"articleSection\":[\"Nacional\"],\"inLanguage\":\"es\",\"potentialAction\":[{\"@type\":\"CommentAction\",\"name\":\"Comment\",\"target\":[\"https:\\\/\\\/grupohoymexico.com\\\/puebla\\\/2024\\\/01\\\/25\\\/sheinbaum-destaca-reduccion-en-percepcion-de-inseguridad\\\/#respond\"]}]},{\"@type\":\"WebPage\",\"@id\":\"https:\\\/\\\/grupohoymexico.com\\\/puebla\\\/2024\\\/01\\\/25\\\/sheinbaum-destaca-reduccion-en-percepcion-de-inseguridad\\\/\",\"url\":\"https:\\\/\\\/grupohoymexico.com\\\/puebla\\\/2024\\\/01\\\/25\\\/sheinbaum-destaca-reduccion-en-percepcion-de-inseguridad\\\/\",\"name\":\"Sheinbaum destaca reducci\u00f3n en percepci\u00f3n de inseguridad - Grupo Hoy Puebla\",\"isPartOf\":{\"@id\":\"https:\\\/\\\/grupohoymexico.com\\\/puebla\\\/#website\"},\"primaryImageOfPage\":{\"@id\":\"https:\\\/\\\/grupohoymexico.com\\\/puebla\\\/2024\\\/01\\\/25\\\/sheinbaum-destaca-reduccion-en-percepcion-de-inseguridad\\\/#primaryimage\"},\"image\":{\"@id\":\"https:\\\/\\\/grupohoymexico.com\\\/puebla\\\/2024\\\/01\\\/25\\\/sheinbaum-destaca-reduccion-en-percepcion-de-inseguridad\\\/#primaryimage\"},\"thumbnailUrl\":\"https:\\\/\\\/grupohoymexico.com\\\/puebla\\\/wp-content\\\/uploads\\\/sites\\\/3\\\/2024\\\/01\\\/claudia-sheinbaum-candidata-quien-es-7-1024x683-1.jpg\",\"datePublished\":\"2024-01-25T16:38:58+00:00\",\"author\":{\"@id\":\"https:\\\/\\\/grupohoymexico.com\\\/puebla\\\/#\\\/schema\\\/person\\\/ce6086ac837852775a3a4f539356c297\"},\"description\":\"A trav\u00e9s de sus plataformas en redes sociales, Claudia Sheinbaum, se pronunci\u00f3 sobre los logros en materia de percepci\u00f3n de seguridad.\",\"breadcrumb\":{\"@id\":\"https:\\\/\\\/grupohoymexico.com\\\/puebla\\\/2024\\\/01\\\/25\\\/sheinbaum-destaca-reduccion-en-percepcion-de-inseguridad\\\/#breadcrumb\"},\"inLanguage\":\"es\",\"potentialAction\":[{\"@type\":\"ReadAction\",\"target\":[\"https:\\\/\\\/grupohoymexico.com\\\/puebla\\\/2024\\\/01\\\/25\\\/sheinbaum-destaca-reduccion-en-percepcion-de-inseguridad\\\/\"]}]},{\"@type\":\"ImageObject\",\"inLanguage\":\"es\",\"@id\":\"https:\\\/\\\/grupohoymexico.com\\\/puebla\\\/2024\\\/01\\\/25\\\/sheinbaum-destaca-reduccion-en-percepcion-de-inseguridad\\\/#primaryimage\",\"url\":\"https:\\\/\\\/grupohoymexico.com\\\/puebla\\\/wp-content\\\/uploads\\\/sites\\\/3\\\/2024\\\/01\\\/claudia-sheinbaum-candidata-quien-es-7-1024x683-1.jpg\",\"contentUrl\":\"https:\\\/\\\/grupohoymexico.com\\\/puebla\\\/wp-content\\\/uploads\\\/sites\\\/3\\\/2024\\\/01\\\/claudia-sheinbaum-candidata-quien-es-7-1024x683-1.jpg\",\"width\":1024,\"height\":683},{\"@type\":\"BreadcrumbList\",\"@id\":\"https:\\\/\\\/grupohoymexico.com\\\/puebla\\\/2024\\\/01\\\/25\\\/sheinbaum-destaca-reduccion-en-percepcion-de-inseguridad\\\/#breadcrumb\",\"itemListElement\":[{\"@type\":\"ListItem\",\"position\":1,\"name\":\"Inicio\",\"item\":\"https:\\\/\\\/grupohoymexico.com\\\/puebla\\\/\"},{\"@type\":\"ListItem\",\"position\":2,\"name\":\"Sheinbaum destaca reducci\u00f3n en percepci\u00f3n de inseguridad\"}]},{\"@type\":\"WebSite\",\"@id\":\"https:\\\/\\\/grupohoymexico.com\\\/puebla\\\/#website\",\"url\":\"https:\\\/\\\/grupohoymexico.com\\\/puebla\\\/\",\"name\":\"Grupo Hoy Puebla\",\"description\":\"\",\"potentialAction\":[{\"@type\":\"SearchAction\",\"target\":{\"@type\":\"EntryPoint\",\"urlTemplate\":\"https:\\\/\\\/grupohoymexico.com\\\/puebla\\\/?s={search_term_string}\"},\"query-input\":{\"@type\":\"PropertyValueSpecification\",\"valueRequired\":true,\"valueName\":\"search_term_string\"}}],\"inLanguage\":\"es\"},{\"@type\":\"Person\",\"@id\":\"https:\\\/\\\/grupohoymexico.com\\\/puebla\\\/#\\\/schema\\\/person\\\/ce6086ac837852775a3a4f539356c297\",\"name\":\"user\",\"image\":{\"@type\":\"ImageObject\",\"inLanguage\":\"es\",\"@id\":\"https:\\\/\\\/secure.gravatar.com\\\/avatar\\\/25f78de4fa956f6f7c01f8d96f8087d8958ebe06d57e630cd54e36aefb9dacea?s=96&d=mm&r=g\",\"url\":\"https:\\\/\\\/secure.gravatar.com\\\/avatar\\\/25f78de4fa956f6f7c01f8d96f8087d8958ebe06d57e630cd54e36aefb9dacea?s=96&d=mm&r=g\",\"contentUrl\":\"https:\\\/\\\/secure.gravatar.com\\\/avatar\\\/25f78de4fa956f6f7c01f8d96f8087d8958ebe06d57e630cd54e36aefb9dacea?s=96&d=mm&r=g\",\"caption\":\"user\"},\"sameAs\":[\"http:\\\/\\\/44.197.188.197.nip.io\"],\"url\":\"https:\\\/\\\/grupohoymexico.com\\\/puebla\\\/author\\\/user\\\/\"}]}<\/script>\n<!-- \/ Yoast SEO Premium plugin. -->","yoast_head_json":{"title":"Sheinbaum destaca reducci\u00f3n en percepci\u00f3n de inseguridad - Grupo Hoy Puebla","description":"A trav\u00e9s de sus plataformas en redes sociales, Claudia Sheinbaum, se pronunci\u00f3 sobre los logros en materia de percepci\u00f3n de seguridad.","robots":{"index":"index","follow":"follow","max-snippet":"max-snippet:-1","max-image-preview":"max-image-preview:large","max-video-preview":"max-video-preview:-1"},"canonical":"https:\/\/grupohoymexico.com\/puebla\/2024\/01\/25\/sheinbaum-destaca-reduccion-en-percepcion-de-inseguridad\/","og_locale":"es_MX","og_type":"article","og_title":"Sheinbaum destaca reducci\u00f3n en percepci\u00f3n de inseguridad","og_description":"A trav\u00e9s de sus plataformas en redes sociales, Claudia Sheinbaum, se pronunci\u00f3 sobre los logros en materia de percepci\u00f3n de seguridad.","og_url":"https:\/\/grupohoymexico.com\/puebla\/2024\/01\/25\/sheinbaum-destaca-reduccion-en-percepcion-de-inseguridad\/","og_site_name":"Grupo Hoy Puebla","article_published_time":"2024-01-25T16:38:58+00:00","og_image":[{"width":1024,"height":683,"url":"https:\/\/grupohoymexico.com\/puebla\/wp-content\/uploads\/sites\/3\/2024\/01\/claudia-sheinbaum-candidata-quien-es-7-1024x683-1.jpg","type":"image\/jpeg"}],"author":"user","twitter_card":"summary_large_image","twitter_misc":{"Escrito por":"user","Tiempo de lectura":"2 minutos"},"schema":{"@context":"https:\/\/schema.org","@graph":[{"@type":"Article","@id":"https:\/\/grupohoymexico.com\/puebla\/2024\/01\/25\/sheinbaum-destaca-reduccion-en-percepcion-de-inseguridad\/#article","isPartOf":{"@id":"https:\/\/grupohoymexico.com\/puebla\/2024\/01\/25\/sheinbaum-destaca-reduccion-en-percepcion-de-inseguridad\/"},"author":{"name":"user","@id":"https:\/\/grupohoymexico.com\/puebla\/#\/schema\/person\/ce6086ac837852775a3a4f539356c297"},"headline":"Sheinbaum destaca reducci\u00f3n en percepci\u00f3n de inseguridad","datePublished":"2024-01-25T16:38:58+00:00","mainEntityOfPage":{"@id":"https:\/\/grupohoymexico.com\/puebla\/2024\/01\/25\/sheinbaum-destaca-reduccion-en-percepcion-de-inseguridad\/"},"wordCount":275,"commentCount":0,"image":{"@id":"https:\/\/grupohoymexico.com\/puebla\/2024\/01\/25\/sheinbaum-destaca-reduccion-en-percepcion-de-inseguridad\/#primaryimage"},"thumbnailUrl":"https:\/\/grupohoymexico.com\/puebla\/wp-content\/uploads\/sites\/3\/2024\/01\/claudia-sheinbaum-candidata-quien-es-7-1024x683-1.jpg","articleSection":["Nacional"],"inLanguage":"es","potentialAction":[{"@type":"CommentAction","name":"Comment","target":["https:\/\/grupohoymexico.com\/puebla\/2024\/01\/25\/sheinbaum-destaca-reduccion-en-percepcion-de-inseguridad\/#respond"]}]},{"@type":"WebPage","@id":"https:\/\/grupohoymexico.com\/puebla\/2024\/01\/25\/sheinbaum-destaca-reduccion-en-percepcion-de-inseguridad\/","url":"https:\/\/grupohoymexico.com\/puebla\/2024\/01\/25\/sheinbaum-destaca-reduccion-en-percepcion-de-inseguridad\/","name":"Sheinbaum destaca reducci\u00f3n en percepci\u00f3n de inseguridad - Grupo Hoy Puebla","isPartOf":{"@id":"https:\/\/grupohoymexico.com\/puebla\/#website"},"primaryImageOfPage":{"@id":"https:\/\/grupohoymexico.com\/puebla\/2024\/01\/25\/sheinbaum-destaca-reduccion-en-percepcion-de-inseguridad\/#primaryimage"},"image":{"@id":"https:\/\/grupohoymexico.com\/puebla\/2024\/01\/25\/sheinbaum-destaca-reduccion-en-percepcion-de-inseguridad\/#primaryimage"},"thumbnailUrl":"https:\/\/grupohoymexico.com\/puebla\/wp-content\/uploads\/sites\/3\/2024\/01\/claudia-sheinbaum-candidata-quien-es-7-1024x683-1.jpg","datePublished":"2024-01-25T16:38:58+00:00","author":{"@id":"https:\/\/grupohoymexico.com\/puebla\/#\/schema\/person\/ce6086ac837852775a3a4f539356c297"},"description":"A trav\u00e9s de sus plataformas en redes sociales, Claudia Sheinbaum, se pronunci\u00f3 sobre los logros en materia de percepci\u00f3n de seguridad.","breadcrumb":{"@id":"https:\/\/grupohoymexico.com\/puebla\/2024\/01\/25\/sheinbaum-destaca-reduccion-en-percepcion-de-inseguridad\/#breadcrumb"},"inLanguage":"es","potentialAction":[{"@type":"ReadAction","target":["https:\/\/grupohoymexico.com\/puebla\/2024\/01\/25\/sheinbaum-destaca-reduccion-en-percepcion-de-inseguridad\/"]}]},{"@type":"ImageObject","inLanguage":"es","@id":"https:\/\/grupohoymexico.com\/puebla\/2024\/01\/25\/sheinbaum-destaca-reduccion-en-percepcion-de-inseguridad\/#primaryimage","url":"https:\/\/grupohoymexico.com\/puebla\/wp-content\/uploads\/sites\/3\/2024\/01\/claudia-sheinbaum-candidata-quien-es-7-1024x683-1.jpg","contentUrl":"https:\/\/grupohoymexico.com\/puebla\/wp-content\/uploads\/sites\/3\/2024\/01\/claudia-sheinbaum-candidata-quien-es-7-1024x683-1.jpg","width":1024,"height":683},{"@type":"BreadcrumbList","@id":"https:\/\/grupohoymexico.com\/puebla\/2024\/01\/25\/sheinbaum-destaca-reduccion-en-percepcion-de-inseguridad\/#breadcrumb","itemListElement":[{"@type":"ListItem","position":1,"name":"Inicio","item":"https:\/\/grupohoymexico.com\/puebla\/"},{"@type":"ListItem","position":2,"name":"Sheinbaum destaca reducci\u00f3n en percepci\u00f3n de inseguridad"}]},{"@type":"WebSite","@id":"https:\/\/grupohoymexico.com\/puebla\/#website","url":"https:\/\/grupohoymexico.com\/puebla\/","name":"Grupo Hoy Puebla","description":"","potentialAction":[{"@type":"SearchAction","target":{"@type":"EntryPoint","urlTemplate":"https:\/\/grupohoymexico.com\/puebla\/?s={search_term_string}"},"query-input":{"@type":"PropertyValueSpecification","valueRequired":true,"valueName":"search_term_string"}}],"inLanguage":"es"},{"@type":"Person","@id":"https:\/\/grupohoymexico.com\/puebla\/#\/schema\/person\/ce6086ac837852775a3a4f539356c297","name":"user","image":{"@type":"ImageObject","inLanguage":"es","@id":"https:\/\/secure.gravatar.com\/avatar\/25f78de4fa956f6f7c01f8d96f8087d8958ebe06d57e630cd54e36aefb9dacea?s=96&d=mm&r=g","url":"https:\/\/secure.gravatar.com\/avatar\/25f78de4fa956f6f7c01f8d96f8087d8958ebe06d57e630cd54e36aefb9dacea?s=96&d=mm&r=g","contentUrl":"https:\/\/secure.gravatar.com\/avatar\/25f78de4fa956f6f7c01f8d96f8087d8958ebe06d57e630cd54e36aefb9dacea?s=96&d=mm&r=g","caption":"user"},"sameAs":["http:\/\/44.197.188.197.nip.io"],"url":"https:\/\/grupohoymexico.com\/puebla\/author\/user\/"}]}},"_links":{"self":[{"href":"https:\/\/grupohoymexico.com\/puebla\/wp-json\/wp\/v2\/posts\/65326","targetHints":{"allow":["GET"]}}],"collection":[{"href":"https:\/\/grupohoymexico.com\/puebla\/wp-json\/wp\/v2\/posts"}],"about":[{"href":"https:\/\/grupohoymexico.com\/puebla\/wp-json\/wp\/v2\/types\/post"}],"author":[{"embeddable":true,"href":"https:\/\/grupohoymexico.com\/puebla\/wp-json\/wp\/v2\/users\/1"}],"replies":[{"embeddable":true,"href":"https:\/\/grupohoymexico.com\/puebla\/wp-json\/wp\/v2\/comments?post=65326"}],"version-history":[{"count":0,"href":"https:\/\/grupohoymexico.com\/puebla\/wp-json\/wp\/v2\/posts\/65326\/revisions"}],"wp:featuredmedia":[{"embeddable":true,"href":"https:\/\/grupohoymexico.com\/puebla\/wp-json\/wp\/v2\/media\/65327"}],"wp:attachment":[{"href":"https:\/\/grupohoymexico.com\/puebla\/wp-json\/wp\/v2\/media?parent=65326"}],"wp:term":[{"taxonomy":"category","embeddable":true,"href":"https:\/\/grupohoymexico.com\/puebla\/wp-json\/wp\/v2\/categories?post=65326"},{"taxonomy":"post_tag","embeddable":true,"href":"https:\/\/grupohoymexico.com\/puebla\/wp-json\/wp\/v2\/tags?post=65326"}],"curies":[{"name":"wp","href":"https:\/\/api.w.org\/{rel}","templated":true}]}}