{"id":65266,"date":"2024-01-23T11:30:56","date_gmt":"2024-01-23T17:30:56","guid":{"rendered":"https:\/\/pueblahoy.com.mx\/?p=65266"},"modified":"2024-01-23T11:30:56","modified_gmt":"2024-01-23T17:30:56","slug":"amlo-destaca-la-contribucion-de-los-ingenieros-en-la-construccion-de-infraestructuras","status":"publish","type":"post","link":"https:\/\/grupohoymexico.com\/puebla\/2024\/01\/23\/amlo-destaca-la-contribucion-de-los-ingenieros-en-la-construccion-de-infraestructuras\/","title":{"rendered":"AMLO destaca la contribuci\u00f3n de los ingenieros en la construcci\u00f3n de infraestructuras"},"content":{"rendered":"<p>En un pronunciamiento significativo, el presidente <a href=\"https:\/\/es.wikipedia.org\/wiki\/Andr%C3%A9s_Manuel_L%C3%B3pez_Obrador\">Andr\u00e9s Manuel L\u00f3pez Obrador (AMLO)<\/a> exalt\u00f3 la vital participaci\u00f3n de las Fuerzas Armadas en la gesti\u00f3n gubernamental de <a href=\"https:\/\/pueblahoy.com.mx\/\">M\u00e9xico<\/a>, especialmente en la ejecuci\u00f3n de proyectos de infraestructura emblem\u00e1ticos de su gobierno, como el Tren Maya, el Aeropuerto Internacional &#8220;Felipe \u00c1ngeles&#8221; (AIFA) y los cuarteles de la Guardia Nacional.<\/p>\n<p><img fetchpriority=\"high\" decoding=\"async\" class=\"alignnone\" src=\"https:\/\/cdn.forbes.com.mx\/2023\/03\/4514841e-dd5d-427e-a0a7-1ac3bd21dee2-e1678891384838.jpg\" alt=\"\" width=\"1109\" height=\"624\" \/><\/p>\n<p>Durante su conferencia matutina en Palacio Nacional este martes, el mandatario destac\u00f3 la labor de la Secretar\u00eda de la Defensa Nacional (Sedena) en estas iniciativas, refiri\u00e9ndose a la Escuela Militar de Ingenieros como un &#8220;tesoro&#8221; descubierto en su administraci\u00f3n. Esta instituci\u00f3n no solo aport\u00f3 sus conocimientos t\u00e9cnicos sino que tambi\u00e9n fueron clave en la lucha contra la corrupci\u00f3n en la construcci\u00f3n de obras p\u00fablicas.<\/p>\n<blockquote><p><em><strong>\u201cVenimos de un proceso decadente, donde la corrupci\u00f3n lo manch\u00f3 todo. Las empresas constructoras casi todas se convirtieron en contratistas muy irresponsables&#8221;<\/strong><\/em>, declar\u00f3 L\u00f3pez Obrador. En este contexto, la participaci\u00f3n de los ingenieros militares en proyectos como la construcci\u00f3n del AIFA despu\u00e9s de la cancelaci\u00f3n del aeropuerto en Texcoco, ha sido fundamental.<\/p><\/blockquote>\n<h4>AMLO DEFIENDE LA CANCELACI\u00d3N DEL AEROPUERTO EN TEXCOCO<\/h4>\n<p>La cancelaci\u00f3n del Aeropuerto de Texcoco, una decisi\u00f3n que AMLO defendi\u00f3 &#8220;por decisi\u00f3n del pueblo&#8221;, evit\u00f3, seg\u00fan el presidente, gastos millonarios en mantenimiento debido a problemas de suelo similares a los del Aeropuerto Internacional de la Ciudad de M\u00e9xico (AICM). <strong><em>\u201cEl aeropuerto actual en la Ciudad de M\u00e9xico (CDMX) no puede ser pavimentado con concreto hidr\u00e1ulico&#8230; Hay que estar bacheando constantemente\u201d<\/em><\/strong>, explic\u00f3, subrayando las dificultades inherentes a la construcci\u00f3n en dicha \u00e1rea.<\/p>\n<p>Respondiendo a cr\u00edticas en la prensa sobre la cancelaci\u00f3n del proyecto de Texcoco, L\u00f3pez Obrador present\u00f3 un an\u00e1lisis comparativo de costos, argumentando un ahorro significativo con la elecci\u00f3n del AIFA sobre la continuaci\u00f3n del proyecto en Texcoco. Seg\u00fan el presidente, el AIFA represent\u00f3 una inversi\u00f3n de 70 a 75 mil millones de pesos, frente a los 300 mil millones de pesos estimados para el proyecto de Texcoco, lo que resulta en un ahorro considerable.<\/p>\n<p><img decoding=\"async\" class=\"alignnone\" src=\"https:\/\/cdn2.telediario.mx\/uploads\/media\/2023\/01\/09\/aeropuerto-internacional-felipe-angeles-aifa.jpg\" alt=\"\" width=\"1092\" height=\"680\" \/><\/p>\n<p>Adem\u00e1s de la construcci\u00f3n de infraestructuras, AMLO enfatiz\u00f3 el papel crucial de las Fuerzas Armadas en diversas misiones, incluyendo la protecci\u00f3n de la poblaci\u00f3n civil y su apoyo durante la pandemia, como en la reconstrucci\u00f3n de vacunas y hospitales.<\/p>\n<p>Este reconocimiento del presidente a la Sedena y a las Fuerzas Armadas en general, refleja un cambio significativo en la pol\u00edtica gubernamental, donde las instituciones militares no solo se encargan de la seguridad y defensa del pa\u00eds, sino que tambi\u00e9n desempe\u00f1an un papel activo en el desarrollo de infraestructura y en la gesti\u00f3n de crisis nacionales.<\/p>\n","protected":false},"excerpt":{"rendered":"En un pronunciamiento significativo, el presidente Andr\u00e9s Manuel L\u00f3pez Obrador (AMLO) exalt\u00f3 la vital participaci\u00f3n de las Fuerzas&hellip;","protected":false},"author":1,"featured_media":65267,"comment_status":"open","ping_status":"closed","sticky":false,"template":"","format":"standard","meta":{"csco_display_header_overlay":false,"csco_singular_sidebar":"","csco_page_header_type":"","csco_page_load_nextpost":"","csco_post_video_location":[],"csco_post_video_location_hash":"","csco_post_video_url":"","csco_post_video_bg_start_time":0,"csco_post_video_bg_end_time":0,"footnotes":""},"categories":[28],"tags":[],"class_list":{"0":"post-65266","1":"post","2":"type-post","3":"status-publish","4":"format-standard","5":"has-post-thumbnail","7":"category-nacional","8":"cs-entry","9":"cs-video-wrap"},"yoast_head":"<!-- This site is optimized with the Yoast SEO Premium plugin v24.7 (Yoast SEO v27.4) - https:\/\/yoast.com\/product\/yoast-seo-premium-wordpress\/ -->\n<title>AMLO destaca la contribuci\u00f3n de los ingenieros en la construcci\u00f3n de infraestructuras - Grupo Hoy Puebla<\/title>\n<meta name=\"description\" content=\"AMLO exalt\u00f3 la participaci\u00f3n de las Fuerzas Armadas, especialmente en la ejecuci\u00f3n de proyectos de infraestructura.\" \/>\n<meta name=\"robots\" content=\"index, follow, max-snippet:-1, max-image-preview:large, max-video-preview:-1\" \/>\n<link rel=\"canonical\" href=\"https:\/\/grupohoymexico.com\/puebla\/2024\/01\/23\/amlo-destaca-la-contribucion-de-los-ingenieros-en-la-construccion-de-infraestructuras\/\" \/>\n<meta property=\"og:locale\" content=\"es_MX\" \/>\n<meta property=\"og:type\" content=\"article\" \/>\n<meta property=\"og:title\" content=\"AMLO destaca la contribuci\u00f3n de los ingenieros en la construcci\u00f3n de infraestructuras\" \/>\n<meta property=\"og:description\" content=\"AMLO exalt\u00f3 la participaci\u00f3n de las Fuerzas Armadas, especialmente en la ejecuci\u00f3n de proyectos de infraestructura.\" \/>\n<meta property=\"og:url\" content=\"https:\/\/grupohoymexico.com\/puebla\/2024\/01\/23\/amlo-destaca-la-contribucion-de-los-ingenieros-en-la-construccion-de-infraestructuras\/\" \/>\n<meta property=\"og:site_name\" content=\"Grupo Hoy Puebla\" \/>\n<meta property=\"article:published_time\" content=\"2024-01-23T17:30:56+00:00\" \/>\n<meta property=\"og:image\" content=\"https:\/\/grupohoymexico.com\/puebla\/wp-content\/uploads\/sites\/3\/2024\/01\/1913-GRUPO-HOY.jpg\" \/>\n\t<meta property=\"og:image:width\" content=\"1000\" \/>\n\t<meta property=\"og:image:height\" content=\"600\" \/>\n\t<meta property=\"og:image:type\" content=\"image\/jpeg\" \/>\n<meta name=\"author\" content=\"user\" \/>\n<meta name=\"twitter:card\" content=\"summary_large_image\" \/>\n<meta name=\"twitter:label1\" content=\"Escrito por\" \/>\n\t<meta name=\"twitter:data1\" content=\"user\" \/>\n\t<meta name=\"twitter:label2\" content=\"Tiempo de lectura\" \/>\n\t<meta name=\"twitter:data2\" content=\"3 minutos\" \/>\n<script type=\"application\/ld+json\" class=\"yoast-schema-graph\">{\"@context\":\"https:\\\/\\\/schema.org\",\"@graph\":[{\"@type\":\"Article\",\"@id\":\"https:\\\/\\\/grupohoymexico.com\\\/puebla\\\/2024\\\/01\\\/23\\\/amlo-destaca-la-contribucion-de-los-ingenieros-en-la-construccion-de-infraestructuras\\\/#article\",\"isPartOf\":{\"@id\":\"https:\\\/\\\/grupohoymexico.com\\\/puebla\\\/2024\\\/01\\\/23\\\/amlo-destaca-la-contribucion-de-los-ingenieros-en-la-construccion-de-infraestructuras\\\/\"},\"author\":{\"name\":\"user\",\"@id\":\"https:\\\/\\\/grupohoymexico.com\\\/puebla\\\/#\\\/schema\\\/person\\\/ce6086ac837852775a3a4f539356c297\"},\"headline\":\"AMLO destaca la contribuci\u00f3n de los ingenieros en la construcci\u00f3n de infraestructuras\",\"datePublished\":\"2024-01-23T17:30:56+00:00\",\"mainEntityOfPage\":{\"@id\":\"https:\\\/\\\/grupohoymexico.com\\\/puebla\\\/2024\\\/01\\\/23\\\/amlo-destaca-la-contribucion-de-los-ingenieros-en-la-construccion-de-infraestructuras\\\/\"},\"wordCount\":479,\"commentCount\":0,\"image\":{\"@id\":\"https:\\\/\\\/grupohoymexico.com\\\/puebla\\\/2024\\\/01\\\/23\\\/amlo-destaca-la-contribucion-de-los-ingenieros-en-la-construccion-de-infraestructuras\\\/#primaryimage\"},\"thumbnailUrl\":\"https:\\\/\\\/grupohoymexico.com\\\/puebla\\\/wp-content\\\/uploads\\\/sites\\\/3\\\/2024\\\/01\\\/1913-GRUPO-HOY.jpg\",\"articleSection\":[\"Nacional\"],\"inLanguage\":\"es\",\"potentialAction\":[{\"@type\":\"CommentAction\",\"name\":\"Comment\",\"target\":[\"https:\\\/\\\/grupohoymexico.com\\\/puebla\\\/2024\\\/01\\\/23\\\/amlo-destaca-la-contribucion-de-los-ingenieros-en-la-construccion-de-infraestructuras\\\/#respond\"]}]},{\"@type\":\"WebPage\",\"@id\":\"https:\\\/\\\/grupohoymexico.com\\\/puebla\\\/2024\\\/01\\\/23\\\/amlo-destaca-la-contribucion-de-los-ingenieros-en-la-construccion-de-infraestructuras\\\/\",\"url\":\"https:\\\/\\\/grupohoymexico.com\\\/puebla\\\/2024\\\/01\\\/23\\\/amlo-destaca-la-contribucion-de-los-ingenieros-en-la-construccion-de-infraestructuras\\\/\",\"name\":\"AMLO destaca la contribuci\u00f3n de los ingenieros en la construcci\u00f3n de infraestructuras - Grupo Hoy Puebla\",\"isPartOf\":{\"@id\":\"https:\\\/\\\/grupohoymexico.com\\\/puebla\\\/#website\"},\"primaryImageOfPage\":{\"@id\":\"https:\\\/\\\/grupohoymexico.com\\\/puebla\\\/2024\\\/01\\\/23\\\/amlo-destaca-la-contribucion-de-los-ingenieros-en-la-construccion-de-infraestructuras\\\/#primaryimage\"},\"image\":{\"@id\":\"https:\\\/\\\/grupohoymexico.com\\\/puebla\\\/2024\\\/01\\\/23\\\/amlo-destaca-la-contribucion-de-los-ingenieros-en-la-construccion-de-infraestructuras\\\/#primaryimage\"},\"thumbnailUrl\":\"https:\\\/\\\/grupohoymexico.com\\\/puebla\\\/wp-content\\\/uploads\\\/sites\\\/3\\\/2024\\\/01\\\/1913-GRUPO-HOY.jpg\",\"datePublished\":\"2024-01-23T17:30:56+00:00\",\"author\":{\"@id\":\"https:\\\/\\\/grupohoymexico.com\\\/puebla\\\/#\\\/schema\\\/person\\\/ce6086ac837852775a3a4f539356c297\"},\"description\":\"AMLO exalt\u00f3 la participaci\u00f3n de las Fuerzas Armadas, especialmente en la ejecuci\u00f3n de proyectos de infraestructura.\",\"breadcrumb\":{\"@id\":\"https:\\\/\\\/grupohoymexico.com\\\/puebla\\\/2024\\\/01\\\/23\\\/amlo-destaca-la-contribucion-de-los-ingenieros-en-la-construccion-de-infraestructuras\\\/#breadcrumb\"},\"inLanguage\":\"es\",\"potentialAction\":[{\"@type\":\"ReadAction\",\"target\":[\"https:\\\/\\\/grupohoymexico.com\\\/puebla\\\/2024\\\/01\\\/23\\\/amlo-destaca-la-contribucion-de-los-ingenieros-en-la-construccion-de-infraestructuras\\\/\"]}]},{\"@type\":\"ImageObject\",\"inLanguage\":\"es\",\"@id\":\"https:\\\/\\\/grupohoymexico.com\\\/puebla\\\/2024\\\/01\\\/23\\\/amlo-destaca-la-contribucion-de-los-ingenieros-en-la-construccion-de-infraestructuras\\\/#primaryimage\",\"url\":\"https:\\\/\\\/grupohoymexico.com\\\/puebla\\\/wp-content\\\/uploads\\\/sites\\\/3\\\/2024\\\/01\\\/1913-GRUPO-HOY.jpg\",\"contentUrl\":\"https:\\\/\\\/grupohoymexico.com\\\/puebla\\\/wp-content\\\/uploads\\\/sites\\\/3\\\/2024\\\/01\\\/1913-GRUPO-HOY.jpg\",\"width\":1000,\"height\":600,\"caption\":\"AMLO destaca la contribuci\u00f3n de los ingenieros militares en la construcci\u00f3n de infraestructuras\"},{\"@type\":\"BreadcrumbList\",\"@id\":\"https:\\\/\\\/grupohoymexico.com\\\/puebla\\\/2024\\\/01\\\/23\\\/amlo-destaca-la-contribucion-de-los-ingenieros-en-la-construccion-de-infraestructuras\\\/#breadcrumb\",\"itemListElement\":[{\"@type\":\"ListItem\",\"position\":1,\"name\":\"Inicio\",\"item\":\"https:\\\/\\\/grupohoymexico.com\\\/puebla\\\/\"},{\"@type\":\"ListItem\",\"position\":2,\"name\":\"AMLO destaca la contribuci\u00f3n de los ingenieros en la construcci\u00f3n de infraestructuras\"}]},{\"@type\":\"WebSite\",\"@id\":\"https:\\\/\\\/grupohoymexico.com\\\/puebla\\\/#website\",\"url\":\"https:\\\/\\\/grupohoymexico.com\\\/puebla\\\/\",\"name\":\"Grupo Hoy Puebla\",\"description\":\"\",\"potentialAction\":[{\"@type\":\"SearchAction\",\"target\":{\"@type\":\"EntryPoint\",\"urlTemplate\":\"https:\\\/\\\/grupohoymexico.com\\\/puebla\\\/?s={search_term_string}\"},\"query-input\":{\"@type\":\"PropertyValueSpecification\",\"valueRequired\":true,\"valueName\":\"search_term_string\"}}],\"inLanguage\":\"es\"},{\"@type\":\"Person\",\"@id\":\"https:\\\/\\\/grupohoymexico.com\\\/puebla\\\/#\\\/schema\\\/person\\\/ce6086ac837852775a3a4f539356c297\",\"name\":\"user\",\"image\":{\"@type\":\"ImageObject\",\"inLanguage\":\"es\",\"@id\":\"https:\\\/\\\/secure.gravatar.com\\\/avatar\\\/25f78de4fa956f6f7c01f8d96f8087d8958ebe06d57e630cd54e36aefb9dacea?s=96&d=mm&r=g\",\"url\":\"https:\\\/\\\/secure.gravatar.com\\\/avatar\\\/25f78de4fa956f6f7c01f8d96f8087d8958ebe06d57e630cd54e36aefb9dacea?s=96&d=mm&r=g\",\"contentUrl\":\"https:\\\/\\\/secure.gravatar.com\\\/avatar\\\/25f78de4fa956f6f7c01f8d96f8087d8958ebe06d57e630cd54e36aefb9dacea?s=96&d=mm&r=g\",\"caption\":\"user\"},\"sameAs\":[\"http:\\\/\\\/44.197.188.197.nip.io\"],\"url\":\"https:\\\/\\\/grupohoymexico.com\\\/puebla\\\/author\\\/user\\\/\"}]}<\/script>\n<!-- \/ Yoast SEO Premium plugin. -->","yoast_head_json":{"title":"AMLO destaca la contribuci\u00f3n de los ingenieros en la construcci\u00f3n de infraestructuras - Grupo Hoy Puebla","description":"AMLO exalt\u00f3 la participaci\u00f3n de las Fuerzas Armadas, especialmente en la ejecuci\u00f3n de proyectos de infraestructura.","robots":{"index":"index","follow":"follow","max-snippet":"max-snippet:-1","max-image-preview":"max-image-preview:large","max-video-preview":"max-video-preview:-1"},"canonical":"https:\/\/grupohoymexico.com\/puebla\/2024\/01\/23\/amlo-destaca-la-contribucion-de-los-ingenieros-en-la-construccion-de-infraestructuras\/","og_locale":"es_MX","og_type":"article","og_title":"AMLO destaca la contribuci\u00f3n de los ingenieros en la construcci\u00f3n de infraestructuras","og_description":"AMLO exalt\u00f3 la participaci\u00f3n de las Fuerzas Armadas, especialmente en la ejecuci\u00f3n de proyectos de infraestructura.","og_url":"https:\/\/grupohoymexico.com\/puebla\/2024\/01\/23\/amlo-destaca-la-contribucion-de-los-ingenieros-en-la-construccion-de-infraestructuras\/","og_site_name":"Grupo Hoy Puebla","article_published_time":"2024-01-23T17:30:56+00:00","og_image":[{"width":1000,"height":600,"url":"https:\/\/grupohoymexico.com\/puebla\/wp-content\/uploads\/sites\/3\/2024\/01\/1913-GRUPO-HOY.jpg","type":"image\/jpeg"}],"author":"user","twitter_card":"summary_large_image","twitter_misc":{"Escrito por":"user","Tiempo de lectura":"3 minutos"},"schema":{"@context":"https:\/\/schema.org","@graph":[{"@type":"Article","@id":"https:\/\/grupohoymexico.com\/puebla\/2024\/01\/23\/amlo-destaca-la-contribucion-de-los-ingenieros-en-la-construccion-de-infraestructuras\/#article","isPartOf":{"@id":"https:\/\/grupohoymexico.com\/puebla\/2024\/01\/23\/amlo-destaca-la-contribucion-de-los-ingenieros-en-la-construccion-de-infraestructuras\/"},"author":{"name":"user","@id":"https:\/\/grupohoymexico.com\/puebla\/#\/schema\/person\/ce6086ac837852775a3a4f539356c297"},"headline":"AMLO destaca la contribuci\u00f3n de los ingenieros en la construcci\u00f3n de infraestructuras","datePublished":"2024-01-23T17:30:56+00:00","mainEntityOfPage":{"@id":"https:\/\/grupohoymexico.com\/puebla\/2024\/01\/23\/amlo-destaca-la-contribucion-de-los-ingenieros-en-la-construccion-de-infraestructuras\/"},"wordCount":479,"commentCount":0,"image":{"@id":"https:\/\/grupohoymexico.com\/puebla\/2024\/01\/23\/amlo-destaca-la-contribucion-de-los-ingenieros-en-la-construccion-de-infraestructuras\/#primaryimage"},"thumbnailUrl":"https:\/\/grupohoymexico.com\/puebla\/wp-content\/uploads\/sites\/3\/2024\/01\/1913-GRUPO-HOY.jpg","articleSection":["Nacional"],"inLanguage":"es","potentialAction":[{"@type":"CommentAction","name":"Comment","target":["https:\/\/grupohoymexico.com\/puebla\/2024\/01\/23\/amlo-destaca-la-contribucion-de-los-ingenieros-en-la-construccion-de-infraestructuras\/#respond"]}]},{"@type":"WebPage","@id":"https:\/\/grupohoymexico.com\/puebla\/2024\/01\/23\/amlo-destaca-la-contribucion-de-los-ingenieros-en-la-construccion-de-infraestructuras\/","url":"https:\/\/grupohoymexico.com\/puebla\/2024\/01\/23\/amlo-destaca-la-contribucion-de-los-ingenieros-en-la-construccion-de-infraestructuras\/","name":"AMLO destaca la contribuci\u00f3n de los ingenieros en la construcci\u00f3n de infraestructuras - Grupo Hoy Puebla","isPartOf":{"@id":"https:\/\/grupohoymexico.com\/puebla\/#website"},"primaryImageOfPage":{"@id":"https:\/\/grupohoymexico.com\/puebla\/2024\/01\/23\/amlo-destaca-la-contribucion-de-los-ingenieros-en-la-construccion-de-infraestructuras\/#primaryimage"},"image":{"@id":"https:\/\/grupohoymexico.com\/puebla\/2024\/01\/23\/amlo-destaca-la-contribucion-de-los-ingenieros-en-la-construccion-de-infraestructuras\/#primaryimage"},"thumbnailUrl":"https:\/\/grupohoymexico.com\/puebla\/wp-content\/uploads\/sites\/3\/2024\/01\/1913-GRUPO-HOY.jpg","datePublished":"2024-01-23T17:30:56+00:00","author":{"@id":"https:\/\/grupohoymexico.com\/puebla\/#\/schema\/person\/ce6086ac837852775a3a4f539356c297"},"description":"AMLO exalt\u00f3 la participaci\u00f3n de las Fuerzas Armadas, especialmente en la ejecuci\u00f3n de proyectos de infraestructura.","breadcrumb":{"@id":"https:\/\/grupohoymexico.com\/puebla\/2024\/01\/23\/amlo-destaca-la-contribucion-de-los-ingenieros-en-la-construccion-de-infraestructuras\/#breadcrumb"},"inLanguage":"es","potentialAction":[{"@type":"ReadAction","target":["https:\/\/grupohoymexico.com\/puebla\/2024\/01\/23\/amlo-destaca-la-contribucion-de-los-ingenieros-en-la-construccion-de-infraestructuras\/"]}]},{"@type":"ImageObject","inLanguage":"es","@id":"https:\/\/grupohoymexico.com\/puebla\/2024\/01\/23\/amlo-destaca-la-contribucion-de-los-ingenieros-en-la-construccion-de-infraestructuras\/#primaryimage","url":"https:\/\/grupohoymexico.com\/puebla\/wp-content\/uploads\/sites\/3\/2024\/01\/1913-GRUPO-HOY.jpg","contentUrl":"https:\/\/grupohoymexico.com\/puebla\/wp-content\/uploads\/sites\/3\/2024\/01\/1913-GRUPO-HOY.jpg","width":1000,"height":600,"caption":"AMLO destaca la contribuci\u00f3n de los ingenieros militares en la construcci\u00f3n de infraestructuras"},{"@type":"BreadcrumbList","@id":"https:\/\/grupohoymexico.com\/puebla\/2024\/01\/23\/amlo-destaca-la-contribucion-de-los-ingenieros-en-la-construccion-de-infraestructuras\/#breadcrumb","itemListElement":[{"@type":"ListItem","position":1,"name":"Inicio","item":"https:\/\/grupohoymexico.com\/puebla\/"},{"@type":"ListItem","position":2,"name":"AMLO destaca la contribuci\u00f3n de los ingenieros en la construcci\u00f3n de infraestructuras"}]},{"@type":"WebSite","@id":"https:\/\/grupohoymexico.com\/puebla\/#website","url":"https:\/\/grupohoymexico.com\/puebla\/","name":"Grupo Hoy Puebla","description":"","potentialAction":[{"@type":"SearchAction","target":{"@type":"EntryPoint","urlTemplate":"https:\/\/grupohoymexico.com\/puebla\/?s={search_term_string}"},"query-input":{"@type":"PropertyValueSpecification","valueRequired":true,"valueName":"search_term_string"}}],"inLanguage":"es"},{"@type":"Person","@id":"https:\/\/grupohoymexico.com\/puebla\/#\/schema\/person\/ce6086ac837852775a3a4f539356c297","name":"user","image":{"@type":"ImageObject","inLanguage":"es","@id":"https:\/\/secure.gravatar.com\/avatar\/25f78de4fa956f6f7c01f8d96f8087d8958ebe06d57e630cd54e36aefb9dacea?s=96&d=mm&r=g","url":"https:\/\/secure.gravatar.com\/avatar\/25f78de4fa956f6f7c01f8d96f8087d8958ebe06d57e630cd54e36aefb9dacea?s=96&d=mm&r=g","contentUrl":"https:\/\/secure.gravatar.com\/avatar\/25f78de4fa956f6f7c01f8d96f8087d8958ebe06d57e630cd54e36aefb9dacea?s=96&d=mm&r=g","caption":"user"},"sameAs":["http:\/\/44.197.188.197.nip.io"],"url":"https:\/\/grupohoymexico.com\/puebla\/author\/user\/"}]}},"_links":{"self":[{"href":"https:\/\/grupohoymexico.com\/puebla\/wp-json\/wp\/v2\/posts\/65266","targetHints":{"allow":["GET"]}}],"collection":[{"href":"https:\/\/grupohoymexico.com\/puebla\/wp-json\/wp\/v2\/posts"}],"about":[{"href":"https:\/\/grupohoymexico.com\/puebla\/wp-json\/wp\/v2\/types\/post"}],"author":[{"embeddable":true,"href":"https:\/\/grupohoymexico.com\/puebla\/wp-json\/wp\/v2\/users\/1"}],"replies":[{"embeddable":true,"href":"https:\/\/grupohoymexico.com\/puebla\/wp-json\/wp\/v2\/comments?post=65266"}],"version-history":[{"count":0,"href":"https:\/\/grupohoymexico.com\/puebla\/wp-json\/wp\/v2\/posts\/65266\/revisions"}],"wp:featuredmedia":[{"embeddable":true,"href":"https:\/\/grupohoymexico.com\/puebla\/wp-json\/wp\/v2\/media\/65267"}],"wp:attachment":[{"href":"https:\/\/grupohoymexico.com\/puebla\/wp-json\/wp\/v2\/media?parent=65266"}],"wp:term":[{"taxonomy":"category","embeddable":true,"href":"https:\/\/grupohoymexico.com\/puebla\/wp-json\/wp\/v2\/categories?post=65266"},{"taxonomy":"post_tag","embeddable":true,"href":"https:\/\/grupohoymexico.com\/puebla\/wp-json\/wp\/v2\/tags?post=65266"}],"curies":[{"name":"wp","href":"https:\/\/api.w.org\/{rel}","templated":true}]}}