{"id":65230,"date":"2024-01-21T16:07:45","date_gmt":"2024-01-21T22:07:45","guid":{"rendered":"https:\/\/pueblahoy.com.mx\/?p=65230"},"modified":"2024-01-21T16:07:45","modified_gmt":"2024-01-21T22:07:45","slug":"claudia-sheinbaum-candidata-oficial-de-morena","status":"publish","type":"post","link":"https:\/\/grupohoymexico.com\/puebla\/2024\/01\/21\/claudia-sheinbaum-candidata-oficial-de-morena\/","title":{"rendered":"Claudia Sheinbaum, candidata oficial de Morena"},"content":{"rendered":"<p>En la Cuarta Sesi\u00f3n Ordinaria del Consejo Nacional de Morena, el Consejo Nacional design\u00f3 formalmente a Claudia Sheinbaum como candidata a la presidencia de M\u00e9xico por la coalici\u00f3n conformada por <a href=\"https:\/\/pueblahoy.com.mx\/gobernador-de-puebla-aboga-por-la-inclusion-de-priistas-en-morena\/\">Morena,<\/a> Partido del Trabajo (PT) y Partido Verde Ecologista de M\u00e9xico (<a href=\"https:\/\/www.partidoverde.org.mx\/\">PVEM)<\/a>: Sigamos haciendo historia.<\/p>\n<p>Con un voto un\u00e1nime, el Consejo Nacional respald\u00f3 a Claudia Sheinbaum como candidata para las elecciones presidenciales de 2024. Alfonso Durazo, presidente del Consejo, expres\u00f3 entusiasmo y respaldo total del partido a Sheinbaum, destacando la continuidad del movimiento de transformaci\u00f3n nacional liderado por Andr\u00e9s Manuel L\u00f3pez Obrador. Durazo asegur\u00f3 que con Sheinbaum al frente, no habr\u00e1 retroceso en el proceso de cambio hist\u00f3rico impulsado por el actual presidente, velando por el inter\u00e9s del pueblo.<\/p>\n<p>Durante la sesi\u00f3n, Durazo y Mario Delgado, presidente del Comit\u00e9 Ejecutivo Nacional, entregaron oficialmente a Sheinbaum la constancia de declaratoria, marcando as\u00ed la aprobaci\u00f3n del partido para su postulaci\u00f3n como candidata presidencial.<\/p>\n<p>La sesi\u00f3n concluy\u00f3 con un respaldo firme a la candidatura de Claudia Sheinbaum, marcando el inicio de la segunda etapa del proyecto de transformaci\u00f3n nacional. La candidata se reuni\u00f3 previamente con gobernadores de Morena y cont\u00f3 con la presencia de representantes del PT y PVEM en el evento.<\/p>\n<p>El respaldo un\u00e1nime de la Cuarta Sesi\u00f3n Ordinaria del Consejo Nacional de Morena consolida la candidatura de Claudia Sheinbaum, marcando el inicio de una etapa crucial en el proyecto de transformaci\u00f3n nacional. Con la constancia de declaratoria en mano, entregada por Alfonso Durazo y Mario Delgado, Sheinbaum se posiciona como la candidata oficial de la coalici\u00f3n Morena-PT-PVEM, reafirmando el compromiso continuo con el movimiento liderado por Andr\u00e9s Manuel L\u00f3pez Obrador. La sesi\u00f3n concluye con un firme respaldo a Sheinbaum, quien asume el desaf\u00edo de liderar el proceso de cambio hist\u00f3rico en beneficio del pueblo mexicano.<\/p>\n","protected":false},"excerpt":{"rendered":"En la Cuarta Sesi\u00f3n Ordinaria del Consejo Nacional de Morena, el Consejo Nacional design\u00f3 formalmente a Claudia Sheinbaum&hellip;","protected":false},"author":1,"featured_media":65231,"comment_status":"open","ping_status":"closed","sticky":false,"template":"","format":"standard","meta":{"csco_display_header_overlay":false,"csco_singular_sidebar":"","csco_page_header_type":"","csco_page_load_nextpost":"","csco_post_video_location":[],"csco_post_video_location_hash":"","csco_post_video_url":"","csco_post_video_bg_start_time":0,"csco_post_video_bg_end_time":0,"footnotes":""},"categories":[28],"tags":[33],"class_list":{"0":"post-65230","1":"post","2":"type-post","3":"status-publish","4":"format-standard","5":"has-post-thumbnail","7":"category-nacional","8":"tag-politica","9":"cs-entry","10":"cs-video-wrap"},"yoast_head":"<!-- This site is optimized with the Yoast SEO Premium plugin v24.7 (Yoast SEO v27.4) - https:\/\/yoast.com\/product\/yoast-seo-premium-wordpress\/ -->\n<title>Claudia Sheinbaum, candidata oficial de Morena - Grupo Hoy Puebla<\/title>\n<meta name=\"description\" content=\"Claudia Sheinbaum, candidata oficial de Morena-PT-PVEM como candidata a la presidencia de M\u00e9xico esta 2024\" \/>\n<meta name=\"robots\" content=\"index, follow, max-snippet:-1, max-image-preview:large, max-video-preview:-1\" \/>\n<link rel=\"canonical\" href=\"https:\/\/grupohoymexico.com\/puebla\/2024\/01\/21\/claudia-sheinbaum-candidata-oficial-de-morena\/\" \/>\n<meta property=\"og:locale\" content=\"es_MX\" \/>\n<meta property=\"og:type\" content=\"article\" \/>\n<meta property=\"og:title\" content=\"Claudia Sheinbaum, candidata oficial de Morena\" \/>\n<meta property=\"og:description\" content=\"Claudia Sheinbaum, candidata oficial de Morena-PT-PVEM como candidata a la presidencia de M\u00e9xico esta 2024\" \/>\n<meta property=\"og:url\" content=\"https:\/\/grupohoymexico.com\/puebla\/2024\/01\/21\/claudia-sheinbaum-candidata-oficial-de-morena\/\" \/>\n<meta property=\"og:site_name\" content=\"Grupo Hoy Puebla\" \/>\n<meta property=\"article:published_time\" content=\"2024-01-21T22:07:45+00:00\" \/>\n<meta property=\"og:image\" content=\"https:\/\/grupohoymexico.com\/puebla\/wp-content\/uploads\/sites\/3\/2024\/01\/WhatsApp-Image-2024-01-21-at-3.26.14-PM.jpeg\" \/>\n\t<meta property=\"og:image:width\" content=\"1334\" \/>\n\t<meta property=\"og:image:height\" content=\"750\" \/>\n\t<meta property=\"og:image:type\" content=\"image\/jpeg\" \/>\n<meta name=\"author\" content=\"user\" \/>\n<meta name=\"twitter:card\" content=\"summary_large_image\" \/>\n<meta name=\"twitter:label1\" content=\"Escrito por\" \/>\n\t<meta name=\"twitter:data1\" content=\"user\" \/>\n\t<meta name=\"twitter:label2\" content=\"Tiempo de lectura\" \/>\n\t<meta name=\"twitter:data2\" content=\"2 minutos\" \/>\n<script type=\"application\/ld+json\" class=\"yoast-schema-graph\">{\"@context\":\"https:\\\/\\\/schema.org\",\"@graph\":[{\"@type\":\"Article\",\"@id\":\"https:\\\/\\\/grupohoymexico.com\\\/puebla\\\/2024\\\/01\\\/21\\\/claudia-sheinbaum-candidata-oficial-de-morena\\\/#article\",\"isPartOf\":{\"@id\":\"https:\\\/\\\/grupohoymexico.com\\\/puebla\\\/2024\\\/01\\\/21\\\/claudia-sheinbaum-candidata-oficial-de-morena\\\/\"},\"author\":{\"name\":\"user\",\"@id\":\"https:\\\/\\\/grupohoymexico.com\\\/puebla\\\/#\\\/schema\\\/person\\\/ce6086ac837852775a3a4f539356c297\"},\"headline\":\"Claudia Sheinbaum, candidata oficial de Morena\",\"datePublished\":\"2024-01-21T22:07:45+00:00\",\"mainEntityOfPage\":{\"@id\":\"https:\\\/\\\/grupohoymexico.com\\\/puebla\\\/2024\\\/01\\\/21\\\/claudia-sheinbaum-candidata-oficial-de-morena\\\/\"},\"wordCount\":323,\"commentCount\":0,\"image\":{\"@id\":\"https:\\\/\\\/grupohoymexico.com\\\/puebla\\\/2024\\\/01\\\/21\\\/claudia-sheinbaum-candidata-oficial-de-morena\\\/#primaryimage\"},\"thumbnailUrl\":\"https:\\\/\\\/grupohoymexico.com\\\/puebla\\\/wp-content\\\/uploads\\\/sites\\\/3\\\/2024\\\/01\\\/WhatsApp-Image-2024-01-21-at-3.26.14-PM.jpeg\",\"keywords\":[\"Pol\u00edtica\"],\"articleSection\":[\"Nacional\"],\"inLanguage\":\"es\",\"potentialAction\":[{\"@type\":\"CommentAction\",\"name\":\"Comment\",\"target\":[\"https:\\\/\\\/grupohoymexico.com\\\/puebla\\\/2024\\\/01\\\/21\\\/claudia-sheinbaum-candidata-oficial-de-morena\\\/#respond\"]}]},{\"@type\":\"WebPage\",\"@id\":\"https:\\\/\\\/grupohoymexico.com\\\/puebla\\\/2024\\\/01\\\/21\\\/claudia-sheinbaum-candidata-oficial-de-morena\\\/\",\"url\":\"https:\\\/\\\/grupohoymexico.com\\\/puebla\\\/2024\\\/01\\\/21\\\/claudia-sheinbaum-candidata-oficial-de-morena\\\/\",\"name\":\"Claudia Sheinbaum, candidata oficial de Morena - Grupo Hoy Puebla\",\"isPartOf\":{\"@id\":\"https:\\\/\\\/grupohoymexico.com\\\/puebla\\\/#website\"},\"primaryImageOfPage\":{\"@id\":\"https:\\\/\\\/grupohoymexico.com\\\/puebla\\\/2024\\\/01\\\/21\\\/claudia-sheinbaum-candidata-oficial-de-morena\\\/#primaryimage\"},\"image\":{\"@id\":\"https:\\\/\\\/grupohoymexico.com\\\/puebla\\\/2024\\\/01\\\/21\\\/claudia-sheinbaum-candidata-oficial-de-morena\\\/#primaryimage\"},\"thumbnailUrl\":\"https:\\\/\\\/grupohoymexico.com\\\/puebla\\\/wp-content\\\/uploads\\\/sites\\\/3\\\/2024\\\/01\\\/WhatsApp-Image-2024-01-21-at-3.26.14-PM.jpeg\",\"datePublished\":\"2024-01-21T22:07:45+00:00\",\"author\":{\"@id\":\"https:\\\/\\\/grupohoymexico.com\\\/puebla\\\/#\\\/schema\\\/person\\\/ce6086ac837852775a3a4f539356c297\"},\"description\":\"Claudia Sheinbaum, candidata oficial de Morena-PT-PVEM como candidata a la presidencia de M\u00e9xico esta 2024\",\"breadcrumb\":{\"@id\":\"https:\\\/\\\/grupohoymexico.com\\\/puebla\\\/2024\\\/01\\\/21\\\/claudia-sheinbaum-candidata-oficial-de-morena\\\/#breadcrumb\"},\"inLanguage\":\"es\",\"potentialAction\":[{\"@type\":\"ReadAction\",\"target\":[\"https:\\\/\\\/grupohoymexico.com\\\/puebla\\\/2024\\\/01\\\/21\\\/claudia-sheinbaum-candidata-oficial-de-morena\\\/\"]}]},{\"@type\":\"ImageObject\",\"inLanguage\":\"es\",\"@id\":\"https:\\\/\\\/grupohoymexico.com\\\/puebla\\\/2024\\\/01\\\/21\\\/claudia-sheinbaum-candidata-oficial-de-morena\\\/#primaryimage\",\"url\":\"https:\\\/\\\/grupohoymexico.com\\\/puebla\\\/wp-content\\\/uploads\\\/sites\\\/3\\\/2024\\\/01\\\/WhatsApp-Image-2024-01-21-at-3.26.14-PM.jpeg\",\"contentUrl\":\"https:\\\/\\\/grupohoymexico.com\\\/puebla\\\/wp-content\\\/uploads\\\/sites\\\/3\\\/2024\\\/01\\\/WhatsApp-Image-2024-01-21-at-3.26.14-PM.jpeg\",\"width\":1334,\"height\":750},{\"@type\":\"BreadcrumbList\",\"@id\":\"https:\\\/\\\/grupohoymexico.com\\\/puebla\\\/2024\\\/01\\\/21\\\/claudia-sheinbaum-candidata-oficial-de-morena\\\/#breadcrumb\",\"itemListElement\":[{\"@type\":\"ListItem\",\"position\":1,\"name\":\"Inicio\",\"item\":\"https:\\\/\\\/grupohoymexico.com\\\/puebla\\\/\"},{\"@type\":\"ListItem\",\"position\":2,\"name\":\"Claudia Sheinbaum, candidata oficial de Morena\"}]},{\"@type\":\"WebSite\",\"@id\":\"https:\\\/\\\/grupohoymexico.com\\\/puebla\\\/#website\",\"url\":\"https:\\\/\\\/grupohoymexico.com\\\/puebla\\\/\",\"name\":\"Grupo Hoy Puebla\",\"description\":\"\",\"potentialAction\":[{\"@type\":\"SearchAction\",\"target\":{\"@type\":\"EntryPoint\",\"urlTemplate\":\"https:\\\/\\\/grupohoymexico.com\\\/puebla\\\/?s={search_term_string}\"},\"query-input\":{\"@type\":\"PropertyValueSpecification\",\"valueRequired\":true,\"valueName\":\"search_term_string\"}}],\"inLanguage\":\"es\"},{\"@type\":\"Person\",\"@id\":\"https:\\\/\\\/grupohoymexico.com\\\/puebla\\\/#\\\/schema\\\/person\\\/ce6086ac837852775a3a4f539356c297\",\"name\":\"user\",\"image\":{\"@type\":\"ImageObject\",\"inLanguage\":\"es\",\"@id\":\"https:\\\/\\\/secure.gravatar.com\\\/avatar\\\/25f78de4fa956f6f7c01f8d96f8087d8958ebe06d57e630cd54e36aefb9dacea?s=96&d=mm&r=g\",\"url\":\"https:\\\/\\\/secure.gravatar.com\\\/avatar\\\/25f78de4fa956f6f7c01f8d96f8087d8958ebe06d57e630cd54e36aefb9dacea?s=96&d=mm&r=g\",\"contentUrl\":\"https:\\\/\\\/secure.gravatar.com\\\/avatar\\\/25f78de4fa956f6f7c01f8d96f8087d8958ebe06d57e630cd54e36aefb9dacea?s=96&d=mm&r=g\",\"caption\":\"user\"},\"sameAs\":[\"http:\\\/\\\/44.197.188.197.nip.io\"],\"url\":\"https:\\\/\\\/grupohoymexico.com\\\/puebla\\\/author\\\/user\\\/\"}]}<\/script>\n<!-- \/ Yoast SEO Premium plugin. -->","yoast_head_json":{"title":"Claudia Sheinbaum, candidata oficial de Morena - Grupo Hoy Puebla","description":"Claudia Sheinbaum, candidata oficial de Morena-PT-PVEM como candidata a la presidencia de M\u00e9xico esta 2024","robots":{"index":"index","follow":"follow","max-snippet":"max-snippet:-1","max-image-preview":"max-image-preview:large","max-video-preview":"max-video-preview:-1"},"canonical":"https:\/\/grupohoymexico.com\/puebla\/2024\/01\/21\/claudia-sheinbaum-candidata-oficial-de-morena\/","og_locale":"es_MX","og_type":"article","og_title":"Claudia Sheinbaum, candidata oficial de Morena","og_description":"Claudia Sheinbaum, candidata oficial de Morena-PT-PVEM como candidata a la presidencia de M\u00e9xico esta 2024","og_url":"https:\/\/grupohoymexico.com\/puebla\/2024\/01\/21\/claudia-sheinbaum-candidata-oficial-de-morena\/","og_site_name":"Grupo Hoy Puebla","article_published_time":"2024-01-21T22:07:45+00:00","og_image":[{"width":1334,"height":750,"url":"https:\/\/grupohoymexico.com\/puebla\/wp-content\/uploads\/sites\/3\/2024\/01\/WhatsApp-Image-2024-01-21-at-3.26.14-PM.jpeg","type":"image\/jpeg"}],"author":"user","twitter_card":"summary_large_image","twitter_misc":{"Escrito por":"user","Tiempo de lectura":"2 minutos"},"schema":{"@context":"https:\/\/schema.org","@graph":[{"@type":"Article","@id":"https:\/\/grupohoymexico.com\/puebla\/2024\/01\/21\/claudia-sheinbaum-candidata-oficial-de-morena\/#article","isPartOf":{"@id":"https:\/\/grupohoymexico.com\/puebla\/2024\/01\/21\/claudia-sheinbaum-candidata-oficial-de-morena\/"},"author":{"name":"user","@id":"https:\/\/grupohoymexico.com\/puebla\/#\/schema\/person\/ce6086ac837852775a3a4f539356c297"},"headline":"Claudia Sheinbaum, candidata oficial de Morena","datePublished":"2024-01-21T22:07:45+00:00","mainEntityOfPage":{"@id":"https:\/\/grupohoymexico.com\/puebla\/2024\/01\/21\/claudia-sheinbaum-candidata-oficial-de-morena\/"},"wordCount":323,"commentCount":0,"image":{"@id":"https:\/\/grupohoymexico.com\/puebla\/2024\/01\/21\/claudia-sheinbaum-candidata-oficial-de-morena\/#primaryimage"},"thumbnailUrl":"https:\/\/grupohoymexico.com\/puebla\/wp-content\/uploads\/sites\/3\/2024\/01\/WhatsApp-Image-2024-01-21-at-3.26.14-PM.jpeg","keywords":["Pol\u00edtica"],"articleSection":["Nacional"],"inLanguage":"es","potentialAction":[{"@type":"CommentAction","name":"Comment","target":["https:\/\/grupohoymexico.com\/puebla\/2024\/01\/21\/claudia-sheinbaum-candidata-oficial-de-morena\/#respond"]}]},{"@type":"WebPage","@id":"https:\/\/grupohoymexico.com\/puebla\/2024\/01\/21\/claudia-sheinbaum-candidata-oficial-de-morena\/","url":"https:\/\/grupohoymexico.com\/puebla\/2024\/01\/21\/claudia-sheinbaum-candidata-oficial-de-morena\/","name":"Claudia Sheinbaum, candidata oficial de Morena - Grupo Hoy Puebla","isPartOf":{"@id":"https:\/\/grupohoymexico.com\/puebla\/#website"},"primaryImageOfPage":{"@id":"https:\/\/grupohoymexico.com\/puebla\/2024\/01\/21\/claudia-sheinbaum-candidata-oficial-de-morena\/#primaryimage"},"image":{"@id":"https:\/\/grupohoymexico.com\/puebla\/2024\/01\/21\/claudia-sheinbaum-candidata-oficial-de-morena\/#primaryimage"},"thumbnailUrl":"https:\/\/grupohoymexico.com\/puebla\/wp-content\/uploads\/sites\/3\/2024\/01\/WhatsApp-Image-2024-01-21-at-3.26.14-PM.jpeg","datePublished":"2024-01-21T22:07:45+00:00","author":{"@id":"https:\/\/grupohoymexico.com\/puebla\/#\/schema\/person\/ce6086ac837852775a3a4f539356c297"},"description":"Claudia Sheinbaum, candidata oficial de Morena-PT-PVEM como candidata a la presidencia de M\u00e9xico esta 2024","breadcrumb":{"@id":"https:\/\/grupohoymexico.com\/puebla\/2024\/01\/21\/claudia-sheinbaum-candidata-oficial-de-morena\/#breadcrumb"},"inLanguage":"es","potentialAction":[{"@type":"ReadAction","target":["https:\/\/grupohoymexico.com\/puebla\/2024\/01\/21\/claudia-sheinbaum-candidata-oficial-de-morena\/"]}]},{"@type":"ImageObject","inLanguage":"es","@id":"https:\/\/grupohoymexico.com\/puebla\/2024\/01\/21\/claudia-sheinbaum-candidata-oficial-de-morena\/#primaryimage","url":"https:\/\/grupohoymexico.com\/puebla\/wp-content\/uploads\/sites\/3\/2024\/01\/WhatsApp-Image-2024-01-21-at-3.26.14-PM.jpeg","contentUrl":"https:\/\/grupohoymexico.com\/puebla\/wp-content\/uploads\/sites\/3\/2024\/01\/WhatsApp-Image-2024-01-21-at-3.26.14-PM.jpeg","width":1334,"height":750},{"@type":"BreadcrumbList","@id":"https:\/\/grupohoymexico.com\/puebla\/2024\/01\/21\/claudia-sheinbaum-candidata-oficial-de-morena\/#breadcrumb","itemListElement":[{"@type":"ListItem","position":1,"name":"Inicio","item":"https:\/\/grupohoymexico.com\/puebla\/"},{"@type":"ListItem","position":2,"name":"Claudia Sheinbaum, candidata oficial de Morena"}]},{"@type":"WebSite","@id":"https:\/\/grupohoymexico.com\/puebla\/#website","url":"https:\/\/grupohoymexico.com\/puebla\/","name":"Grupo Hoy Puebla","description":"","potentialAction":[{"@type":"SearchAction","target":{"@type":"EntryPoint","urlTemplate":"https:\/\/grupohoymexico.com\/puebla\/?s={search_term_string}"},"query-input":{"@type":"PropertyValueSpecification","valueRequired":true,"valueName":"search_term_string"}}],"inLanguage":"es"},{"@type":"Person","@id":"https:\/\/grupohoymexico.com\/puebla\/#\/schema\/person\/ce6086ac837852775a3a4f539356c297","name":"user","image":{"@type":"ImageObject","inLanguage":"es","@id":"https:\/\/secure.gravatar.com\/avatar\/25f78de4fa956f6f7c01f8d96f8087d8958ebe06d57e630cd54e36aefb9dacea?s=96&d=mm&r=g","url":"https:\/\/secure.gravatar.com\/avatar\/25f78de4fa956f6f7c01f8d96f8087d8958ebe06d57e630cd54e36aefb9dacea?s=96&d=mm&r=g","contentUrl":"https:\/\/secure.gravatar.com\/avatar\/25f78de4fa956f6f7c01f8d96f8087d8958ebe06d57e630cd54e36aefb9dacea?s=96&d=mm&r=g","caption":"user"},"sameAs":["http:\/\/44.197.188.197.nip.io"],"url":"https:\/\/grupohoymexico.com\/puebla\/author\/user\/"}]}},"_links":{"self":[{"href":"https:\/\/grupohoymexico.com\/puebla\/wp-json\/wp\/v2\/posts\/65230","targetHints":{"allow":["GET"]}}],"collection":[{"href":"https:\/\/grupohoymexico.com\/puebla\/wp-json\/wp\/v2\/posts"}],"about":[{"href":"https:\/\/grupohoymexico.com\/puebla\/wp-json\/wp\/v2\/types\/post"}],"author":[{"embeddable":true,"href":"https:\/\/grupohoymexico.com\/puebla\/wp-json\/wp\/v2\/users\/1"}],"replies":[{"embeddable":true,"href":"https:\/\/grupohoymexico.com\/puebla\/wp-json\/wp\/v2\/comments?post=65230"}],"version-history":[{"count":0,"href":"https:\/\/grupohoymexico.com\/puebla\/wp-json\/wp\/v2\/posts\/65230\/revisions"}],"wp:featuredmedia":[{"embeddable":true,"href":"https:\/\/grupohoymexico.com\/puebla\/wp-json\/wp\/v2\/media\/65231"}],"wp:attachment":[{"href":"https:\/\/grupohoymexico.com\/puebla\/wp-json\/wp\/v2\/media?parent=65230"}],"wp:term":[{"taxonomy":"category","embeddable":true,"href":"https:\/\/grupohoymexico.com\/puebla\/wp-json\/wp\/v2\/categories?post=65230"},{"taxonomy":"post_tag","embeddable":true,"href":"https:\/\/grupohoymexico.com\/puebla\/wp-json\/wp\/v2\/tags?post=65230"}],"curies":[{"name":"wp","href":"https:\/\/api.w.org\/{rel}","templated":true}]}}