{"id":65224,"date":"2024-01-21T10:57:35","date_gmt":"2024-01-21T16:57:35","guid":{"rendered":"https:\/\/pueblahoy.com.mx\/?p=65224"},"modified":"2024-01-21T10:57:35","modified_gmt":"2024-01-21T16:57:35","slug":"mc-respalda-a-jorge-alvarez-maynez-como-su-candidato-presidencial","status":"publish","type":"post","link":"https:\/\/grupohoymexico.com\/puebla\/2024\/01\/21\/mc-respalda-a-jorge-alvarez-maynez-como-su-candidato-presidencial\/","title":{"rendered":"MC respalda a Jorge \u00c1lvarez M\u00e1ynez como su candidato presidencial"},"content":{"rendered":"<p>El Consejo Nacional del Partido Movimiento Ciudadano (MC) respalda a <a href=\"http:\/\/sil.gobernacion.gob.mx\/Librerias\/pp_PerfilLegislador.php?Referencia=9227720\">Jorge \u00c1lvarez M\u00e1ynez<\/a>, design\u00e1ndolo como el \u00fanico precandidato a la Presidencia de M\u00e9xico por el partido naranja. En una muestra de apoyo un\u00e1nime, el <a href=\"https:\/\/pueblahoy.com.mx\/llegan-las-corcholatas-al-consejo-nacional\/\">Consejo Nacional<\/a> Electoral aprob\u00f3 las aspiraciones de \u00c1lvarez M\u00e1ynez durante la sesi\u00f3n, marcando un hito al poner al partido en la boleta electoral para la presidencia de la Rep\u00fablica por primera vez.<\/p>\n<p>Acompa\u00f1ado por Juan Zavala, secretario general del partido y amigo cercano, as\u00ed como por Dante Delgado, coordinador nacional, \u00c1lvarez M\u00e1ynez recibi\u00f3 el respaldo de los miembros del partido en todo el pa\u00eds. &#8220;Se aprueba la candidatura&#8221;, anunci\u00f3 Zavala Guti\u00e9rrez, mientras los seguidores de Movimiento Ciudadano (MC) coreaban: &#8220;\u00a1Presidente, presidente!&#8221;.<\/p>\n<p>\u00c1lvarez M\u00e1ynez, en un discurso sin teleprompter, destac\u00f3 la singularidad de la propuesta de Movimiento Ciudadano, subrayando su hist\u00f3rica incursi\u00f3n en la boleta electoral presidencial como la \u00fanica opci\u00f3n que ha practicado la pol\u00edtica sin negociar prebendas y manteniendo la dignidad en el proceso pol\u00edtico.<\/p>\n<p>Bajo el lema de &#8220;el caballo naranja&#8221;, \u00c1lvarez M\u00e1ynez prometi\u00f3 llevar a la boleta electoral la \u00fanica responsabilidad de trabajar por la dignidad pol\u00edtica del partido y, en consecuencia, por el bienestar de los mexicanos. \u00c9l adelant\u00f3 que no abordar\u00e1 los problemas de seguridad y la crisis de inseguridad con abrazos al crimen organizado, sino que implementar\u00e1 estrategias basadas en la experiencia exitosa de Samuel Garc\u00eda en Nuevo Le\u00f3n.<\/p>\n<p>Enfatiz\u00f3 su rechazo a la profundizaci\u00f3n de la militarizaci\u00f3n en el pa\u00eds y anunci\u00f3 que seguir\u00e1 el plan exitoso implementado por Garc\u00eda en Nuevo Le\u00f3n para reconstruir la seguridad. \u00c1lvarez M\u00e1ynez reiter\u00f3 su visi\u00f3n de un M\u00e9xico progresista, inspirado en los ejemplos de Jalisco y Nuevo Le\u00f3n, actualmente gobernados por miembros de Movimiento Ciudadano, y prometi\u00f3 escuchar la voz de todos los mexicanos para construir un mejor pa\u00eds.<\/p>\n","protected":false},"excerpt":{"rendered":"El Consejo Nacional del Partido Movimiento Ciudadano (MC) respalda a Jorge \u00c1lvarez M\u00e1ynez, design\u00e1ndolo como el \u00fanico precandidato&hellip;","protected":false},"author":1,"featured_media":65225,"comment_status":"open","ping_status":"closed","sticky":false,"template":"","format":"standard","meta":{"csco_display_header_overlay":false,"csco_singular_sidebar":"","csco_page_header_type":"","csco_page_load_nextpost":"","csco_post_video_location":[],"csco_post_video_location_hash":"","csco_post_video_url":"","csco_post_video_bg_start_time":0,"csco_post_video_bg_end_time":0,"footnotes":""},"categories":[28],"tags":[33],"class_list":{"0":"post-65224","1":"post","2":"type-post","3":"status-publish","4":"format-standard","5":"has-post-thumbnail","7":"category-nacional","8":"tag-politica","9":"cs-entry","10":"cs-video-wrap"},"yoast_head":"<!-- This site is optimized with the Yoast SEO Premium plugin v24.7 (Yoast SEO v27.4) - https:\/\/yoast.com\/product\/yoast-seo-premium-wordpress\/ -->\n<title>MC respalda a Jorge \u00c1lvarez M\u00e1ynez como su candidato presidencial - Grupo Hoy Puebla<\/title>\n<meta name=\"description\" content=\"MC (Movimiento Ciudadano) respalda a Jorge \u00c1lvarez M\u00e1ynez design\u00e1ndolo como el \u00fanico precandidato por el partido naranja.\" \/>\n<meta name=\"robots\" content=\"index, follow, max-snippet:-1, max-image-preview:large, max-video-preview:-1\" \/>\n<link rel=\"canonical\" href=\"https:\/\/grupohoymexico.com\/puebla\/2024\/01\/21\/mc-respalda-a-jorge-alvarez-maynez-como-su-candidato-presidencial\/\" \/>\n<meta property=\"og:locale\" content=\"es_MX\" \/>\n<meta property=\"og:type\" content=\"article\" \/>\n<meta property=\"og:title\" content=\"MC respalda a Jorge \u00c1lvarez M\u00e1ynez como su candidato presidencial\" \/>\n<meta property=\"og:description\" content=\"MC (Movimiento Ciudadano) respalda a Jorge \u00c1lvarez M\u00e1ynez design\u00e1ndolo como el \u00fanico precandidato por el partido naranja.\" \/>\n<meta property=\"og:url\" content=\"https:\/\/grupohoymexico.com\/puebla\/2024\/01\/21\/mc-respalda-a-jorge-alvarez-maynez-como-su-candidato-presidencial\/\" \/>\n<meta property=\"og:site_name\" content=\"Grupo Hoy Puebla\" \/>\n<meta property=\"article:published_time\" content=\"2024-01-21T16:57:35+00:00\" \/>\n<meta property=\"og:image\" content=\"https:\/\/grupohoymexico.com\/puebla\/wp-content\/uploads\/sites\/3\/2024\/01\/RI_U9NO3.jpeg\" \/>\n\t<meta property=\"og:image:width\" content=\"980\" \/>\n\t<meta property=\"og:image:height\" content=\"528\" \/>\n\t<meta property=\"og:image:type\" content=\"image\/jpeg\" \/>\n<meta name=\"author\" content=\"user\" \/>\n<meta name=\"twitter:card\" content=\"summary_large_image\" \/>\n<meta name=\"twitter:label1\" content=\"Escrito por\" \/>\n\t<meta name=\"twitter:data1\" content=\"user\" \/>\n\t<meta name=\"twitter:label2\" content=\"Tiempo de lectura\" \/>\n\t<meta name=\"twitter:data2\" content=\"2 minutos\" \/>\n<script type=\"application\/ld+json\" class=\"yoast-schema-graph\">{\"@context\":\"https:\\\/\\\/schema.org\",\"@graph\":[{\"@type\":\"Article\",\"@id\":\"https:\\\/\\\/grupohoymexico.com\\\/puebla\\\/2024\\\/01\\\/21\\\/mc-respalda-a-jorge-alvarez-maynez-como-su-candidato-presidencial\\\/#article\",\"isPartOf\":{\"@id\":\"https:\\\/\\\/grupohoymexico.com\\\/puebla\\\/2024\\\/01\\\/21\\\/mc-respalda-a-jorge-alvarez-maynez-como-su-candidato-presidencial\\\/\"},\"author\":{\"name\":\"user\",\"@id\":\"https:\\\/\\\/grupohoymexico.com\\\/puebla\\\/#\\\/schema\\\/person\\\/ce6086ac837852775a3a4f539356c297\"},\"headline\":\"MC respalda a Jorge \u00c1lvarez M\u00e1ynez como su candidato presidencial\",\"datePublished\":\"2024-01-21T16:57:35+00:00\",\"mainEntityOfPage\":{\"@id\":\"https:\\\/\\\/grupohoymexico.com\\\/puebla\\\/2024\\\/01\\\/21\\\/mc-respalda-a-jorge-alvarez-maynez-como-su-candidato-presidencial\\\/\"},\"wordCount\":339,\"commentCount\":0,\"image\":{\"@id\":\"https:\\\/\\\/grupohoymexico.com\\\/puebla\\\/2024\\\/01\\\/21\\\/mc-respalda-a-jorge-alvarez-maynez-como-su-candidato-presidencial\\\/#primaryimage\"},\"thumbnailUrl\":\"https:\\\/\\\/grupohoymexico.com\\\/puebla\\\/wp-content\\\/uploads\\\/sites\\\/3\\\/2024\\\/01\\\/RI_U9NO3.jpeg\",\"keywords\":[\"Pol\u00edtica\"],\"articleSection\":[\"Nacional\"],\"inLanguage\":\"es\",\"potentialAction\":[{\"@type\":\"CommentAction\",\"name\":\"Comment\",\"target\":[\"https:\\\/\\\/grupohoymexico.com\\\/puebla\\\/2024\\\/01\\\/21\\\/mc-respalda-a-jorge-alvarez-maynez-como-su-candidato-presidencial\\\/#respond\"]}]},{\"@type\":\"WebPage\",\"@id\":\"https:\\\/\\\/grupohoymexico.com\\\/puebla\\\/2024\\\/01\\\/21\\\/mc-respalda-a-jorge-alvarez-maynez-como-su-candidato-presidencial\\\/\",\"url\":\"https:\\\/\\\/grupohoymexico.com\\\/puebla\\\/2024\\\/01\\\/21\\\/mc-respalda-a-jorge-alvarez-maynez-como-su-candidato-presidencial\\\/\",\"name\":\"MC respalda a Jorge \u00c1lvarez M\u00e1ynez como su candidato presidencial - Grupo Hoy Puebla\",\"isPartOf\":{\"@id\":\"https:\\\/\\\/grupohoymexico.com\\\/puebla\\\/#website\"},\"primaryImageOfPage\":{\"@id\":\"https:\\\/\\\/grupohoymexico.com\\\/puebla\\\/2024\\\/01\\\/21\\\/mc-respalda-a-jorge-alvarez-maynez-como-su-candidato-presidencial\\\/#primaryimage\"},\"image\":{\"@id\":\"https:\\\/\\\/grupohoymexico.com\\\/puebla\\\/2024\\\/01\\\/21\\\/mc-respalda-a-jorge-alvarez-maynez-como-su-candidato-presidencial\\\/#primaryimage\"},\"thumbnailUrl\":\"https:\\\/\\\/grupohoymexico.com\\\/puebla\\\/wp-content\\\/uploads\\\/sites\\\/3\\\/2024\\\/01\\\/RI_U9NO3.jpeg\",\"datePublished\":\"2024-01-21T16:57:35+00:00\",\"author\":{\"@id\":\"https:\\\/\\\/grupohoymexico.com\\\/puebla\\\/#\\\/schema\\\/person\\\/ce6086ac837852775a3a4f539356c297\"},\"description\":\"MC (Movimiento Ciudadano) respalda a Jorge \u00c1lvarez M\u00e1ynez design\u00e1ndolo como el \u00fanico precandidato por el partido naranja.\",\"breadcrumb\":{\"@id\":\"https:\\\/\\\/grupohoymexico.com\\\/puebla\\\/2024\\\/01\\\/21\\\/mc-respalda-a-jorge-alvarez-maynez-como-su-candidato-presidencial\\\/#breadcrumb\"},\"inLanguage\":\"es\",\"potentialAction\":[{\"@type\":\"ReadAction\",\"target\":[\"https:\\\/\\\/grupohoymexico.com\\\/puebla\\\/2024\\\/01\\\/21\\\/mc-respalda-a-jorge-alvarez-maynez-como-su-candidato-presidencial\\\/\"]}]},{\"@type\":\"ImageObject\",\"inLanguage\":\"es\",\"@id\":\"https:\\\/\\\/grupohoymexico.com\\\/puebla\\\/2024\\\/01\\\/21\\\/mc-respalda-a-jorge-alvarez-maynez-como-su-candidato-presidencial\\\/#primaryimage\",\"url\":\"https:\\\/\\\/grupohoymexico.com\\\/puebla\\\/wp-content\\\/uploads\\\/sites\\\/3\\\/2024\\\/01\\\/RI_U9NO3.jpeg\",\"contentUrl\":\"https:\\\/\\\/grupohoymexico.com\\\/puebla\\\/wp-content\\\/uploads\\\/sites\\\/3\\\/2024\\\/01\\\/RI_U9NO3.jpeg\",\"width\":980,\"height\":528},{\"@type\":\"BreadcrumbList\",\"@id\":\"https:\\\/\\\/grupohoymexico.com\\\/puebla\\\/2024\\\/01\\\/21\\\/mc-respalda-a-jorge-alvarez-maynez-como-su-candidato-presidencial\\\/#breadcrumb\",\"itemListElement\":[{\"@type\":\"ListItem\",\"position\":1,\"name\":\"Inicio\",\"item\":\"https:\\\/\\\/grupohoymexico.com\\\/puebla\\\/\"},{\"@type\":\"ListItem\",\"position\":2,\"name\":\"MC respalda a Jorge \u00c1lvarez M\u00e1ynez como su candidato presidencial\"}]},{\"@type\":\"WebSite\",\"@id\":\"https:\\\/\\\/grupohoymexico.com\\\/puebla\\\/#website\",\"url\":\"https:\\\/\\\/grupohoymexico.com\\\/puebla\\\/\",\"name\":\"Grupo Hoy Puebla\",\"description\":\"\",\"potentialAction\":[{\"@type\":\"SearchAction\",\"target\":{\"@type\":\"EntryPoint\",\"urlTemplate\":\"https:\\\/\\\/grupohoymexico.com\\\/puebla\\\/?s={search_term_string}\"},\"query-input\":{\"@type\":\"PropertyValueSpecification\",\"valueRequired\":true,\"valueName\":\"search_term_string\"}}],\"inLanguage\":\"es\"},{\"@type\":\"Person\",\"@id\":\"https:\\\/\\\/grupohoymexico.com\\\/puebla\\\/#\\\/schema\\\/person\\\/ce6086ac837852775a3a4f539356c297\",\"name\":\"user\",\"image\":{\"@type\":\"ImageObject\",\"inLanguage\":\"es\",\"@id\":\"https:\\\/\\\/secure.gravatar.com\\\/avatar\\\/25f78de4fa956f6f7c01f8d96f8087d8958ebe06d57e630cd54e36aefb9dacea?s=96&d=mm&r=g\",\"url\":\"https:\\\/\\\/secure.gravatar.com\\\/avatar\\\/25f78de4fa956f6f7c01f8d96f8087d8958ebe06d57e630cd54e36aefb9dacea?s=96&d=mm&r=g\",\"contentUrl\":\"https:\\\/\\\/secure.gravatar.com\\\/avatar\\\/25f78de4fa956f6f7c01f8d96f8087d8958ebe06d57e630cd54e36aefb9dacea?s=96&d=mm&r=g\",\"caption\":\"user\"},\"sameAs\":[\"http:\\\/\\\/44.197.188.197.nip.io\"],\"url\":\"https:\\\/\\\/grupohoymexico.com\\\/puebla\\\/author\\\/user\\\/\"}]}<\/script>\n<!-- \/ Yoast SEO Premium plugin. -->","yoast_head_json":{"title":"MC respalda a Jorge \u00c1lvarez M\u00e1ynez como su candidato presidencial - Grupo Hoy Puebla","description":"MC (Movimiento Ciudadano) respalda a Jorge \u00c1lvarez M\u00e1ynez design\u00e1ndolo como el \u00fanico precandidato por el partido naranja.","robots":{"index":"index","follow":"follow","max-snippet":"max-snippet:-1","max-image-preview":"max-image-preview:large","max-video-preview":"max-video-preview:-1"},"canonical":"https:\/\/grupohoymexico.com\/puebla\/2024\/01\/21\/mc-respalda-a-jorge-alvarez-maynez-como-su-candidato-presidencial\/","og_locale":"es_MX","og_type":"article","og_title":"MC respalda a Jorge \u00c1lvarez M\u00e1ynez como su candidato presidencial","og_description":"MC (Movimiento Ciudadano) respalda a Jorge \u00c1lvarez M\u00e1ynez design\u00e1ndolo como el \u00fanico precandidato por el partido naranja.","og_url":"https:\/\/grupohoymexico.com\/puebla\/2024\/01\/21\/mc-respalda-a-jorge-alvarez-maynez-como-su-candidato-presidencial\/","og_site_name":"Grupo Hoy Puebla","article_published_time":"2024-01-21T16:57:35+00:00","og_image":[{"width":980,"height":528,"url":"https:\/\/grupohoymexico.com\/puebla\/wp-content\/uploads\/sites\/3\/2024\/01\/RI_U9NO3.jpeg","type":"image\/jpeg"}],"author":"user","twitter_card":"summary_large_image","twitter_misc":{"Escrito por":"user","Tiempo de lectura":"2 minutos"},"schema":{"@context":"https:\/\/schema.org","@graph":[{"@type":"Article","@id":"https:\/\/grupohoymexico.com\/puebla\/2024\/01\/21\/mc-respalda-a-jorge-alvarez-maynez-como-su-candidato-presidencial\/#article","isPartOf":{"@id":"https:\/\/grupohoymexico.com\/puebla\/2024\/01\/21\/mc-respalda-a-jorge-alvarez-maynez-como-su-candidato-presidencial\/"},"author":{"name":"user","@id":"https:\/\/grupohoymexico.com\/puebla\/#\/schema\/person\/ce6086ac837852775a3a4f539356c297"},"headline":"MC respalda a Jorge \u00c1lvarez M\u00e1ynez como su candidato presidencial","datePublished":"2024-01-21T16:57:35+00:00","mainEntityOfPage":{"@id":"https:\/\/grupohoymexico.com\/puebla\/2024\/01\/21\/mc-respalda-a-jorge-alvarez-maynez-como-su-candidato-presidencial\/"},"wordCount":339,"commentCount":0,"image":{"@id":"https:\/\/grupohoymexico.com\/puebla\/2024\/01\/21\/mc-respalda-a-jorge-alvarez-maynez-como-su-candidato-presidencial\/#primaryimage"},"thumbnailUrl":"https:\/\/grupohoymexico.com\/puebla\/wp-content\/uploads\/sites\/3\/2024\/01\/RI_U9NO3.jpeg","keywords":["Pol\u00edtica"],"articleSection":["Nacional"],"inLanguage":"es","potentialAction":[{"@type":"CommentAction","name":"Comment","target":["https:\/\/grupohoymexico.com\/puebla\/2024\/01\/21\/mc-respalda-a-jorge-alvarez-maynez-como-su-candidato-presidencial\/#respond"]}]},{"@type":"WebPage","@id":"https:\/\/grupohoymexico.com\/puebla\/2024\/01\/21\/mc-respalda-a-jorge-alvarez-maynez-como-su-candidato-presidencial\/","url":"https:\/\/grupohoymexico.com\/puebla\/2024\/01\/21\/mc-respalda-a-jorge-alvarez-maynez-como-su-candidato-presidencial\/","name":"MC respalda a Jorge \u00c1lvarez M\u00e1ynez como su candidato presidencial - Grupo Hoy Puebla","isPartOf":{"@id":"https:\/\/grupohoymexico.com\/puebla\/#website"},"primaryImageOfPage":{"@id":"https:\/\/grupohoymexico.com\/puebla\/2024\/01\/21\/mc-respalda-a-jorge-alvarez-maynez-como-su-candidato-presidencial\/#primaryimage"},"image":{"@id":"https:\/\/grupohoymexico.com\/puebla\/2024\/01\/21\/mc-respalda-a-jorge-alvarez-maynez-como-su-candidato-presidencial\/#primaryimage"},"thumbnailUrl":"https:\/\/grupohoymexico.com\/puebla\/wp-content\/uploads\/sites\/3\/2024\/01\/RI_U9NO3.jpeg","datePublished":"2024-01-21T16:57:35+00:00","author":{"@id":"https:\/\/grupohoymexico.com\/puebla\/#\/schema\/person\/ce6086ac837852775a3a4f539356c297"},"description":"MC (Movimiento Ciudadano) respalda a Jorge \u00c1lvarez M\u00e1ynez design\u00e1ndolo como el \u00fanico precandidato por el partido naranja.","breadcrumb":{"@id":"https:\/\/grupohoymexico.com\/puebla\/2024\/01\/21\/mc-respalda-a-jorge-alvarez-maynez-como-su-candidato-presidencial\/#breadcrumb"},"inLanguage":"es","potentialAction":[{"@type":"ReadAction","target":["https:\/\/grupohoymexico.com\/puebla\/2024\/01\/21\/mc-respalda-a-jorge-alvarez-maynez-como-su-candidato-presidencial\/"]}]},{"@type":"ImageObject","inLanguage":"es","@id":"https:\/\/grupohoymexico.com\/puebla\/2024\/01\/21\/mc-respalda-a-jorge-alvarez-maynez-como-su-candidato-presidencial\/#primaryimage","url":"https:\/\/grupohoymexico.com\/puebla\/wp-content\/uploads\/sites\/3\/2024\/01\/RI_U9NO3.jpeg","contentUrl":"https:\/\/grupohoymexico.com\/puebla\/wp-content\/uploads\/sites\/3\/2024\/01\/RI_U9NO3.jpeg","width":980,"height":528},{"@type":"BreadcrumbList","@id":"https:\/\/grupohoymexico.com\/puebla\/2024\/01\/21\/mc-respalda-a-jorge-alvarez-maynez-como-su-candidato-presidencial\/#breadcrumb","itemListElement":[{"@type":"ListItem","position":1,"name":"Inicio","item":"https:\/\/grupohoymexico.com\/puebla\/"},{"@type":"ListItem","position":2,"name":"MC respalda a Jorge \u00c1lvarez M\u00e1ynez como su candidato presidencial"}]},{"@type":"WebSite","@id":"https:\/\/grupohoymexico.com\/puebla\/#website","url":"https:\/\/grupohoymexico.com\/puebla\/","name":"Grupo Hoy Puebla","description":"","potentialAction":[{"@type":"SearchAction","target":{"@type":"EntryPoint","urlTemplate":"https:\/\/grupohoymexico.com\/puebla\/?s={search_term_string}"},"query-input":{"@type":"PropertyValueSpecification","valueRequired":true,"valueName":"search_term_string"}}],"inLanguage":"es"},{"@type":"Person","@id":"https:\/\/grupohoymexico.com\/puebla\/#\/schema\/person\/ce6086ac837852775a3a4f539356c297","name":"user","image":{"@type":"ImageObject","inLanguage":"es","@id":"https:\/\/secure.gravatar.com\/avatar\/25f78de4fa956f6f7c01f8d96f8087d8958ebe06d57e630cd54e36aefb9dacea?s=96&d=mm&r=g","url":"https:\/\/secure.gravatar.com\/avatar\/25f78de4fa956f6f7c01f8d96f8087d8958ebe06d57e630cd54e36aefb9dacea?s=96&d=mm&r=g","contentUrl":"https:\/\/secure.gravatar.com\/avatar\/25f78de4fa956f6f7c01f8d96f8087d8958ebe06d57e630cd54e36aefb9dacea?s=96&d=mm&r=g","caption":"user"},"sameAs":["http:\/\/44.197.188.197.nip.io"],"url":"https:\/\/grupohoymexico.com\/puebla\/author\/user\/"}]}},"_links":{"self":[{"href":"https:\/\/grupohoymexico.com\/puebla\/wp-json\/wp\/v2\/posts\/65224","targetHints":{"allow":["GET"]}}],"collection":[{"href":"https:\/\/grupohoymexico.com\/puebla\/wp-json\/wp\/v2\/posts"}],"about":[{"href":"https:\/\/grupohoymexico.com\/puebla\/wp-json\/wp\/v2\/types\/post"}],"author":[{"embeddable":true,"href":"https:\/\/grupohoymexico.com\/puebla\/wp-json\/wp\/v2\/users\/1"}],"replies":[{"embeddable":true,"href":"https:\/\/grupohoymexico.com\/puebla\/wp-json\/wp\/v2\/comments?post=65224"}],"version-history":[{"count":0,"href":"https:\/\/grupohoymexico.com\/puebla\/wp-json\/wp\/v2\/posts\/65224\/revisions"}],"wp:featuredmedia":[{"embeddable":true,"href":"https:\/\/grupohoymexico.com\/puebla\/wp-json\/wp\/v2\/media\/65225"}],"wp:attachment":[{"href":"https:\/\/grupohoymexico.com\/puebla\/wp-json\/wp\/v2\/media?parent=65224"}],"wp:term":[{"taxonomy":"category","embeddable":true,"href":"https:\/\/grupohoymexico.com\/puebla\/wp-json\/wp\/v2\/categories?post=65224"},{"taxonomy":"post_tag","embeddable":true,"href":"https:\/\/grupohoymexico.com\/puebla\/wp-json\/wp\/v2\/tags?post=65224"}],"curies":[{"name":"wp","href":"https:\/\/api.w.org\/{rel}","templated":true}]}}